{"id":12337,"date":"2022-01-14T19:10:45","date_gmt":"2022-01-14T19:10:45","guid":{"rendered":"https:\/\/cvinoticias.com\/v3\/?p=12337"},"modified":"2022-01-14T19:10:45","modified_gmt":"2022-01-14T19:10:45","slug":"encuentro-ciudadano-inauguro-su-unidad-basica-en-jardin-america","status":"publish","type":"post","link":"https:\/\/cvinoticias.com\/v3\/encuentro-ciudadano-inauguro-su-unidad-basica-en-jardin-america\/","title":{"rendered":"Encuentro Ciudadano inaugur\u00f3 su unidad b\u00e1sica en Jard\u00edn Am\u00e9rica."},"content":{"rendered":"\n<p><em><strong>La diputada nacional por el Frente de Todos Cristina Britez encabez\u00f3 la inauguraci\u00f3n de la nueva unidad b\u00e1sica del espacio Encuentro Ciudadano en Jard\u00edn Am\u00e9rica.<\/strong><\/em><\/p>\n\n\n\n<p>Con el compromiso de continuar ampliando la fuerza en la provincia de Misiones, la legisladora y referente se mostr\u00f3 emocionada al participar este mi\u00e9rcoles del acto donde se dej\u00f3 habilitada la sede sobre la calle Nahuel Huapi s\/n del barrio La Cantera de esa localidad.<\/p>\n\n\n\n<p>En ese marco, Br\u00edtez sostuvo. \u00abAc\u00e1 viene el que est\u00e1 convencido de que puede transformar realmente; a trav\u00e9s de la pol\u00edtica, el bienestar de la gente de su ciudad, de su provincia\u00bb.<\/p>\n\n\n\n<p>Al tiempo que realiz\u00f3 un repaso por la situaci\u00f3n que atraviesa el Pa\u00eds luego de dos a\u00f1os de pandemia y previa gesti\u00f3n del Gobierno Macrista. \u00abTambi\u00e9n tenemos que ir a la cuesti\u00f3n social porque estamos pasando por una situaci\u00f3n dif\u00edcil, entonces las unidades b\u00e1sicas son para capacitarnos, para formarnos, para formar nuestros cuadros, para ver c\u00f3mo est\u00e1 el vecino, para que el vecino acerque su proyecto, para que vengan los diputados provinciales, para ver como est\u00e1n las necesidades y tratar de dar respuesta\u00bb.<\/p>\n\n\n\n<p> <\/p>\n\n\n\n<figure class=\"wp-block-image size-large\"><a href=\"https:\/\/cvinoticias.com\/wp-content\/uploads\/2022\/01\/IMG-20220114-WA0072.jpg\"><img decoding=\"async\" width=\"1024\" height=\"682\" data-src=\"https:\/\/cvinoticias.com\/wp-content\/uploads\/2022\/01\/IMG-20220114-WA0072-1024x682.jpg\" alt=\"\" class=\"wp-image-12338 lazyload\" data-srcset=\"https:\/\/cvinoticias.com\/wp-content\/uploads\/2022\/01\/IMG-20220114-WA0072-1024x682.jpg 1024w, https:\/\/cvinoticias.com\/wp-content\/uploads\/2022\/01\/IMG-20220114-WA0072-300x200.jpg 300w, https:\/\/cvinoticias.com\/wp-content\/uploads\/2022\/01\/IMG-20220114-WA0072-768x512.jpg 768w, https:\/\/cvinoticias.com\/wp-content\/uploads\/2022\/01\/IMG-20220114-WA0072-1536x1023.jpg 1536w, https:\/\/cvinoticias.com\/wp-content\/uploads\/2022\/01\/IMG-20220114-WA0072.jpg 1600w\" data-sizes=\"(max-width: 1024px) 100vw, 1024px\" src=\"data:image\/svg+xml;base64,PHN2ZyB3aWR0aD0iMSIgaGVpZ2h0PSIxIiB4bWxucz0iaHR0cDovL3d3dy53My5vcmcvMjAwMC9zdmciPjwvc3ZnPg==\" style=\"--smush-placeholder-width: 1024px; --smush-placeholder-aspect-ratio: 1024\/682;\" \/><\/a><\/figure>\n\n\n\n<p>En ese sentido Britez consider\u00f3 fundamental la participaci\u00f3n de los diputados provinciales y su acercamiento a la comunidad a trav\u00e9s del espacio de encuentro.<\/p>\n\n\n\n<p>\u00abNosotros desde las unidades b\u00e1sicas estamos para ver c\u00f3mo ayudamos a la gente\u00bb finaliz\u00f3.<\/p>\n\n\n\n<p>Asimismo, la diputada felicit\u00f3 a la referente pol\u00edtica de Jard\u00edn Am\u00e9rica, Marcela Vera y a todo el equipo que trabaj\u00f3 arduamente para que se concretara un espacio representativo para la localidad y zonas aleda\u00f1as.<\/p>\n\n\n\n<figure class=\"wp-block-image size-large\"><a href=\"https:\/\/cvinoticias.com\/wp-content\/uploads\/2022\/01\/IMG-20220114-WA0071.jpg\"><img decoding=\"async\" width=\"1024\" height=\"683\" data-src=\"https:\/\/cvinoticias.com\/wp-content\/uploads\/2022\/01\/IMG-20220114-WA0071-1024x683.jpg\" alt=\"\" class=\"wp-image-12339 lazyload\" data-srcset=\"https:\/\/cvinoticias.com\/wp-content\/uploads\/2022\/01\/IMG-20220114-WA0071-1024x683.jpg 1024w, https:\/\/cvinoticias.com\/wp-content\/uploads\/2022\/01\/IMG-20220114-WA0071-300x200.jpg 300w, https:\/\/cvinoticias.com\/wp-content\/uploads\/2022\/01\/IMG-20220114-WA0071-768x512.jpg 768w, https:\/\/cvinoticias.com\/wp-content\/uploads\/2022\/01\/IMG-20220114-WA0071-1536x1024.jpg 1536w, https:\/\/cvinoticias.com\/wp-content\/uploads\/2022\/01\/IMG-20220114-WA0071.jpg 1599w\" data-sizes=\"(max-width: 1024px) 100vw, 1024px\" src=\"data:image\/svg+xml;base64,PHN2ZyB3aWR0aD0iMSIgaGVpZ2h0PSIxIiB4bWxucz0iaHR0cDovL3d3dy53My5vcmcvMjAwMC9zdmciPjwvc3ZnPg==\" style=\"--smush-placeholder-width: 1024px; --smush-placeholder-aspect-ratio: 1024\/683;\" \/><\/a><\/figure>\n","protected":false},"excerpt":{"rendered":"<p>La diputada nacional por el Frente de Todos Cristina Britez encabez\u00f3 la inauguraci\u00f3n de la nueva unidad b\u00e1sica del espacio Encuentro Ciudadano en Jard\u00edn Am\u00e9rica. Con el compromiso de continuar ampliando la fuerza en la provincia de Misiones, la legisladora y referente se mostr\u00f3 emocionada al participar este mi\u00e9rcoles del acto donde se dej\u00f3 habilitada [&hellip;]<\/p>\n","protected":false},"author":2,"featured_media":12340,"comment_status":"open","ping_status":"open","sticky":false,"template":"","format":"standard","meta":{"footnotes":""},"categories":[42],"tags":[],"class_list":["post-12337","post","type-post","status-publish","format-standard","has-post-thumbnail","hentry","category-politica"],"yoast_head":"<!-- This site is optimized with the Yoast SEO plugin v27.5 - https:\/\/yoast.com\/product\/yoast-seo-wordpress\/ -->\n<title>Encuentro Ciudadano inaugur\u00f3 su unidad b\u00e1sica en Jard\u00edn Am\u00e9rica. | CVI NOTICIAS<\/title>\n<meta name=\"robots\" content=\"index, follow, max-snippet:-1, max-image-preview:large, max-video-preview:-1\" \/>\n<link rel=\"canonical\" href=\"https:\/\/cvinoticias.com\/v3\/encuentro-ciudadano-inauguro-su-unidad-basica-en-jardin-america\/\" \/>\n<meta property=\"og:locale\" content=\"es_ES\" \/>\n<meta property=\"og:type\" content=\"article\" \/>\n<meta property=\"og:title\" content=\"Encuentro Ciudadano inaugur\u00f3 su unidad b\u00e1sica en Jard\u00edn Am\u00e9rica. | CVI NOTICIAS\" \/>\n<meta property=\"og:description\" content=\"La diputada nacional por el Frente de Todos Cristina Britez encabez\u00f3 la inauguraci\u00f3n de la nueva unidad b\u00e1sica del espacio Encuentro Ciudadano en Jard\u00edn Am\u00e9rica. Con el compromiso de continuar ampliando la fuerza en la provincia de Misiones, la legisladora y referente se mostr\u00f3 emocionada al participar este mi\u00e9rcoles del acto donde se dej\u00f3 habilitada [&hellip;]\" \/>\n<meta property=\"og:url\" content=\"https:\/\/cvinoticias.com\/v3\/encuentro-ciudadano-inauguro-su-unidad-basica-en-jardin-america\/\" \/>\n<meta property=\"og:site_name\" content=\"CVI NOTICIAS\" \/>\n<meta property=\"article:publisher\" content=\"https:\/\/www.facebook.com\/cvinoticias\" \/>\n<meta property=\"article:published_time\" content=\"2022-01-14T19:10:45+00:00\" \/>\n<meta property=\"og:image\" content=\"https:\/\/cvinoticias.com\/wp-content\/uploads\/2022\/01\/IMG-20220114-WA0070.jpg\" \/>\n\t<meta property=\"og:image:width\" content=\"1315\" \/>\n\t<meta property=\"og:image:height\" content=\"1203\" \/>\n\t<meta property=\"og:image:type\" content=\"image\/jpeg\" \/>\n<meta name=\"author\" content=\"f1000024\" \/>\n<meta name=\"twitter:card\" content=\"summary_large_image\" \/>\n<meta name=\"twitter:label1\" content=\"Escrito por\" \/>\n\t<meta name=\"twitter:data1\" content=\"f1000024\" \/>\n\t<meta name=\"twitter:label2\" content=\"Tiempo de lectura\" \/>\n\t<meta name=\"twitter:data2\" content=\"1 minuto\" \/>\n<script type=\"application\/ld+json\" class=\"yoast-schema-graph\">{\"@context\":\"https:\\\/\\\/schema.org\",\"@graph\":[{\"@type\":\"Article\",\"@id\":\"https:\\\/\\\/cvinoticias.com\\\/v3\\\/encuentro-ciudadano-inauguro-su-unidad-basica-en-jardin-america\\\/#article\",\"isPartOf\":{\"@id\":\"https:\\\/\\\/cvinoticias.com\\\/v3\\\/encuentro-ciudadano-inauguro-su-unidad-basica-en-jardin-america\\\/\"},\"author\":{\"name\":\"f1000024\",\"@id\":\"https:\\\/\\\/cvinoticias.com\\\/v3\\\/#\\\/schema\\\/person\\\/2db77e3c6bc03c538495d7b2b8be9b66\"},\"headline\":\"Encuentro Ciudadano inaugur\u00f3 su unidad b\u00e1sica en Jard\u00edn Am\u00e9rica.\",\"datePublished\":\"2022-01-14T19:10:45+00:00\",\"mainEntityOfPage\":{\"@id\":\"https:\\\/\\\/cvinoticias.com\\\/v3\\\/encuentro-ciudadano-inauguro-su-unidad-basica-en-jardin-america\\\/\"},\"wordCount\":297,\"commentCount\":0,\"publisher\":{\"@id\":\"https:\\\/\\\/cvinoticias.com\\\/v3\\\/#organization\"},\"image\":{\"@id\":\"https:\\\/\\\/cvinoticias.com\\\/v3\\\/encuentro-ciudadano-inauguro-su-unidad-basica-en-jardin-america\\\/#primaryimage\"},\"thumbnailUrl\":\"https:\\\/\\\/cvinoticias.com\\\/wp-content\\\/uploads\\\/2022\\\/01\\\/IMG-20220114-WA0070.jpg\",\"articleSection\":[\"Politica\"],\"inLanguage\":\"es\",\"potentialAction\":[{\"@type\":\"CommentAction\",\"name\":\"Comment\",\"target\":[\"https:\\\/\\\/cvinoticias.com\\\/v3\\\/encuentro-ciudadano-inauguro-su-unidad-basica-en-jardin-america\\\/#respond\"]}]},{\"@type\":\"WebPage\",\"@id\":\"https:\\\/\\\/cvinoticias.com\\\/v3\\\/encuentro-ciudadano-inauguro-su-unidad-basica-en-jardin-america\\\/\",\"url\":\"https:\\\/\\\/cvinoticias.com\\\/v3\\\/encuentro-ciudadano-inauguro-su-unidad-basica-en-jardin-america\\\/\",\"name\":\"Encuentro Ciudadano inaugur\u00f3 su unidad b\u00e1sica en Jard\u00edn Am\u00e9rica. | CVI NOTICIAS\",\"isPartOf\":{\"@id\":\"https:\\\/\\\/cvinoticias.com\\\/v3\\\/#website\"},\"primaryImageOfPage\":{\"@id\":\"https:\\\/\\\/cvinoticias.com\\\/v3\\\/encuentro-ciudadano-inauguro-su-unidad-basica-en-jardin-america\\\/#primaryimage\"},\"image\":{\"@id\":\"https:\\\/\\\/cvinoticias.com\\\/v3\\\/encuentro-ciudadano-inauguro-su-unidad-basica-en-jardin-america\\\/#primaryimage\"},\"thumbnailUrl\":\"https:\\\/\\\/cvinoticias.com\\\/wp-content\\\/uploads\\\/2022\\\/01\\\/IMG-20220114-WA0070.jpg\",\"datePublished\":\"2022-01-14T19:10:45+00:00\",\"breadcrumb\":{\"@id\":\"https:\\\/\\\/cvinoticias.com\\\/v3\\\/encuentro-ciudadano-inauguro-su-unidad-basica-en-jardin-america\\\/#breadcrumb\"},\"inLanguage\":\"es\",\"potentialAction\":[{\"@type\":\"ReadAction\",\"target\":[\"https:\\\/\\\/cvinoticias.com\\\/v3\\\/encuentro-ciudadano-inauguro-su-unidad-basica-en-jardin-america\\\/\"]}]},{\"@type\":\"ImageObject\",\"inLanguage\":\"es\",\"@id\":\"https:\\\/\\\/cvinoticias.com\\\/v3\\\/encuentro-ciudadano-inauguro-su-unidad-basica-en-jardin-america\\\/#primaryimage\",\"url\":\"https:\\\/\\\/cvinoticias.com\\\/wp-content\\\/uploads\\\/2022\\\/01\\\/IMG-20220114-WA0070.jpg\",\"contentUrl\":\"https:\\\/\\\/cvinoticias.com\\\/wp-content\\\/uploads\\\/2022\\\/01\\\/IMG-20220114-WA0070.jpg\",\"width\":1315,\"height\":1203},{\"@type\":\"BreadcrumbList\",\"@id\":\"https:\\\/\\\/cvinoticias.com\\\/v3\\\/encuentro-ciudadano-inauguro-su-unidad-basica-en-jardin-america\\\/#breadcrumb\",\"itemListElement\":[{\"@type\":\"ListItem\",\"position\":1,\"name\":\"Portada\",\"item\":\"https:\\\/\\\/cvinoticias.com\\\/v3\\\/\"},{\"@type\":\"ListItem\",\"position\":2,\"name\":\"Encuentro Ciudadano inaugur\u00f3 su unidad b\u00e1sica en Jard\u00edn Am\u00e9rica.\"}]},{\"@type\":\"WebSite\",\"@id\":\"https:\\\/\\\/cvinoticias.com\\\/v3\\\/#website\",\"url\":\"https:\\\/\\\/cvinoticias.com\\\/v3\\\/\",\"name\":\"CVI NOTICIAS\",\"description\":\"\",\"publisher\":{\"@id\":\"https:\\\/\\\/cvinoticias.com\\\/v3\\\/#organization\"},\"alternateName\":\"CVI\",\"potentialAction\":[{\"@type\":\"SearchAction\",\"target\":{\"@type\":\"EntryPoint\",\"urlTemplate\":\"https:\\\/\\\/cvinoticias.com\\\/v3\\\/?s={search_term_string}\"},\"query-input\":{\"@type\":\"PropertyValueSpecification\",\"valueRequired\":true,\"valueName\":\"search_term_string\"}}],\"inLanguage\":\"es\"},{\"@type\":\"Organization\",\"@id\":\"https:\\\/\\\/cvinoticias.com\\\/v3\\\/#organization\",\"name\":\"CVI NOTICIAS\",\"url\":\"https:\\\/\\\/cvinoticias.com\\\/v3\\\/\",\"logo\":{\"@type\":\"ImageObject\",\"inLanguage\":\"es\",\"@id\":\"https:\\\/\\\/cvinoticias.com\\\/v3\\\/#\\\/schema\\\/logo\\\/image\\\/\",\"url\":\"https:\\\/\\\/cvinoticias.com\\\/wp-content\\\/uploads\\\/2023\\\/04\\\/cropped-cropped-cropped-cropped-cropped-3-1.png\",\"contentUrl\":\"https:\\\/\\\/cvinoticias.com\\\/wp-content\\\/uploads\\\/2023\\\/04\\\/cropped-cropped-cropped-cropped-cropped-3-1.png\",\"width\":95,\"height\":122,\"caption\":\"CVI NOTICIAS\"},\"image\":{\"@id\":\"https:\\\/\\\/cvinoticias.com\\\/v3\\\/#\\\/schema\\\/logo\\\/image\\\/\"},\"sameAs\":[\"https:\\\/\\\/www.facebook.com\\\/cvinoticias\",\"https:\\\/\\\/www.instagram.com\\\/cvinoticias\\\/\",\"https:\\\/\\\/www.youtube.com\\\/@CVINOTICIAS\"]},{\"@type\":\"Person\",\"@id\":\"https:\\\/\\\/cvinoticias.com\\\/v3\\\/#\\\/schema\\\/person\\\/2db77e3c6bc03c538495d7b2b8be9b66\",\"name\":\"f1000024\",\"image\":{\"@type\":\"ImageObject\",\"inLanguage\":\"es\",\"@id\":\"https:\\\/\\\/secure.gravatar.com\\\/avatar\\\/d4fe7459cfc51ff5129ce1a732bbef5928568b8092d412ef95611616376bbeed?s=96&d=mm&r=g\",\"url\":\"https:\\\/\\\/secure.gravatar.com\\\/avatar\\\/d4fe7459cfc51ff5129ce1a732bbef5928568b8092d412ef95611616376bbeed?s=96&d=mm&r=g\",\"contentUrl\":\"https:\\\/\\\/secure.gravatar.com\\\/avatar\\\/d4fe7459cfc51ff5129ce1a732bbef5928568b8092d412ef95611616376bbeed?s=96&d=mm&r=g\",\"caption\":\"f1000024\"},\"url\":\"https:\\\/\\\/cvinoticias.com\\\/v3\\\/author\\\/f1000024\\\/\"}]}<\/script>\n<!-- \/ Yoast SEO plugin. -->","yoast_head_json":{"title":"Encuentro Ciudadano inaugur\u00f3 su unidad b\u00e1sica en Jard\u00edn Am\u00e9rica. | CVI NOTICIAS","robots":{"index":"index","follow":"follow","max-snippet":"max-snippet:-1","max-image-preview":"max-image-preview:large","max-video-preview":"max-video-preview:-1"},"canonical":"https:\/\/cvinoticias.com\/v3\/encuentro-ciudadano-inauguro-su-unidad-basica-en-jardin-america\/","og_locale":"es_ES","og_type":"article","og_title":"Encuentro Ciudadano inaugur\u00f3 su unidad b\u00e1sica en Jard\u00edn Am\u00e9rica. | CVI NOTICIAS","og_description":"La diputada nacional por el Frente de Todos Cristina Britez encabez\u00f3 la inauguraci\u00f3n de la nueva unidad b\u00e1sica del espacio Encuentro Ciudadano en Jard\u00edn Am\u00e9rica. Con el compromiso de continuar ampliando la fuerza en la provincia de Misiones, la legisladora y referente se mostr\u00f3 emocionada al participar este mi\u00e9rcoles del acto donde se dej\u00f3 habilitada [&hellip;]","og_url":"https:\/\/cvinoticias.com\/v3\/encuentro-ciudadano-inauguro-su-unidad-basica-en-jardin-america\/","og_site_name":"CVI NOTICIAS","article_publisher":"https:\/\/www.facebook.com\/cvinoticias","article_published_time":"2022-01-14T19:10:45+00:00","og_image":[{"width":1315,"height":1203,"url":"https:\/\/cvinoticias.com\/wp-content\/uploads\/2022\/01\/IMG-20220114-WA0070.jpg","type":"image\/jpeg"}],"author":"f1000024","twitter_card":"summary_large_image","twitter_misc":{"Escrito por":"f1000024","Tiempo de lectura":"1 minuto"},"schema":{"@context":"https:\/\/schema.org","@graph":[{"@type":"Article","@id":"https:\/\/cvinoticias.com\/v3\/encuentro-ciudadano-inauguro-su-unidad-basica-en-jardin-america\/#article","isPartOf":{"@id":"https:\/\/cvinoticias.com\/v3\/encuentro-ciudadano-inauguro-su-unidad-basica-en-jardin-america\/"},"author":{"name":"f1000024","@id":"https:\/\/cvinoticias.com\/v3\/#\/schema\/person\/2db77e3c6bc03c538495d7b2b8be9b66"},"headline":"Encuentro Ciudadano inaugur\u00f3 su unidad b\u00e1sica en Jard\u00edn Am\u00e9rica.","datePublished":"2022-01-14T19:10:45+00:00","mainEntityOfPage":{"@id":"https:\/\/cvinoticias.com\/v3\/encuentro-ciudadano-inauguro-su-unidad-basica-en-jardin-america\/"},"wordCount":297,"commentCount":0,"publisher":{"@id":"https:\/\/cvinoticias.com\/v3\/#organization"},"image":{"@id":"https:\/\/cvinoticias.com\/v3\/encuentro-ciudadano-inauguro-su-unidad-basica-en-jardin-america\/#primaryimage"},"thumbnailUrl":"https:\/\/cvinoticias.com\/wp-content\/uploads\/2022\/01\/IMG-20220114-WA0070.jpg","articleSection":["Politica"],"inLanguage":"es","potentialAction":[{"@type":"CommentAction","name":"Comment","target":["https:\/\/cvinoticias.com\/v3\/encuentro-ciudadano-inauguro-su-unidad-basica-en-jardin-america\/#respond"]}]},{"@type":"WebPage","@id":"https:\/\/cvinoticias.com\/v3\/encuentro-ciudadano-inauguro-su-unidad-basica-en-jardin-america\/","url":"https:\/\/cvinoticias.com\/v3\/encuentro-ciudadano-inauguro-su-unidad-basica-en-jardin-america\/","name":"Encuentro Ciudadano inaugur\u00f3 su unidad b\u00e1sica en Jard\u00edn Am\u00e9rica. | CVI NOTICIAS","isPartOf":{"@id":"https:\/\/cvinoticias.com\/v3\/#website"},"primaryImageOfPage":{"@id":"https:\/\/cvinoticias.com\/v3\/encuentro-ciudadano-inauguro-su-unidad-basica-en-jardin-america\/#primaryimage"},"image":{"@id":"https:\/\/cvinoticias.com\/v3\/encuentro-ciudadano-inauguro-su-unidad-basica-en-jardin-america\/#primaryimage"},"thumbnailUrl":"https:\/\/cvinoticias.com\/wp-content\/uploads\/2022\/01\/IMG-20220114-WA0070.jpg","datePublished":"2022-01-14T19:10:45+00:00","breadcrumb":{"@id":"https:\/\/cvinoticias.com\/v3\/encuentro-ciudadano-inauguro-su-unidad-basica-en-jardin-america\/#breadcrumb"},"inLanguage":"es","potentialAction":[{"@type":"ReadAction","target":["https:\/\/cvinoticias.com\/v3\/encuentro-ciudadano-inauguro-su-unidad-basica-en-jardin-america\/"]}]},{"@type":"ImageObject","inLanguage":"es","@id":"https:\/\/cvinoticias.com\/v3\/encuentro-ciudadano-inauguro-su-unidad-basica-en-jardin-america\/#primaryimage","url":"https:\/\/cvinoticias.com\/wp-content\/uploads\/2022\/01\/IMG-20220114-WA0070.jpg","contentUrl":"https:\/\/cvinoticias.com\/wp-content\/uploads\/2022\/01\/IMG-20220114-WA0070.jpg","width":1315,"height":1203},{"@type":"BreadcrumbList","@id":"https:\/\/cvinoticias.com\/v3\/encuentro-ciudadano-inauguro-su-unidad-basica-en-jardin-america\/#breadcrumb","itemListElement":[{"@type":"ListItem","position":1,"name":"Portada","item":"https:\/\/cvinoticias.com\/v3\/"},{"@type":"ListItem","position":2,"name":"Encuentro Ciudadano inaugur\u00f3 su unidad b\u00e1sica en Jard\u00edn Am\u00e9rica."}]},{"@type":"WebSite","@id":"https:\/\/cvinoticias.com\/v3\/#website","url":"https:\/\/cvinoticias.com\/v3\/","name":"CVI NOTICIAS","description":"","publisher":{"@id":"https:\/\/cvinoticias.com\/v3\/#organization"},"alternateName":"CVI","potentialAction":[{"@type":"SearchAction","target":{"@type":"EntryPoint","urlTemplate":"https:\/\/cvinoticias.com\/v3\/?s={search_term_string}"},"query-input":{"@type":"PropertyValueSpecification","valueRequired":true,"valueName":"search_term_string"}}],"inLanguage":"es"},{"@type":"Organization","@id":"https:\/\/cvinoticias.com\/v3\/#organization","name":"CVI NOTICIAS","url":"https:\/\/cvinoticias.com\/v3\/","logo":{"@type":"ImageObject","inLanguage":"es","@id":"https:\/\/cvinoticias.com\/v3\/#\/schema\/logo\/image\/","url":"https:\/\/cvinoticias.com\/wp-content\/uploads\/2023\/04\/cropped-cropped-cropped-cropped-cropped-3-1.png","contentUrl":"https:\/\/cvinoticias.com\/wp-content\/uploads\/2023\/04\/cropped-cropped-cropped-cropped-cropped-3-1.png","width":95,"height":122,"caption":"CVI NOTICIAS"},"image":{"@id":"https:\/\/cvinoticias.com\/v3\/#\/schema\/logo\/image\/"},"sameAs":["https:\/\/www.facebook.com\/cvinoticias","https:\/\/www.instagram.com\/cvinoticias\/","https:\/\/www.youtube.com\/@CVINOTICIAS"]},{"@type":"Person","@id":"https:\/\/cvinoticias.com\/v3\/#\/schema\/person\/2db77e3c6bc03c538495d7b2b8be9b66","name":"f1000024","image":{"@type":"ImageObject","inLanguage":"es","@id":"https:\/\/secure.gravatar.com\/avatar\/d4fe7459cfc51ff5129ce1a732bbef5928568b8092d412ef95611616376bbeed?s=96&d=mm&r=g","url":"https:\/\/secure.gravatar.com\/avatar\/d4fe7459cfc51ff5129ce1a732bbef5928568b8092d412ef95611616376bbeed?s=96&d=mm&r=g","contentUrl":"https:\/\/secure.gravatar.com\/avatar\/d4fe7459cfc51ff5129ce1a732bbef5928568b8092d412ef95611616376bbeed?s=96&d=mm&r=g","caption":"f1000024"},"url":"https:\/\/cvinoticias.com\/v3\/author\/f1000024\/"}]}},"_links":{"self":[{"href":"https:\/\/cvinoticias.com\/v3\/wp-json\/wp\/v2\/posts\/12337","targetHints":{"allow":["GET"]}}],"collection":[{"href":"https:\/\/cvinoticias.com\/v3\/wp-json\/wp\/v2\/posts"}],"about":[{"href":"https:\/\/cvinoticias.com\/v3\/wp-json\/wp\/v2\/types\/post"}],"author":[{"embeddable":true,"href":"https:\/\/cvinoticias.com\/v3\/wp-json\/wp\/v2\/users\/2"}],"replies":[{"embeddable":true,"href":"https:\/\/cvinoticias.com\/v3\/wp-json\/wp\/v2\/comments?post=12337"}],"version-history":[{"count":1,"href":"https:\/\/cvinoticias.com\/v3\/wp-json\/wp\/v2\/posts\/12337\/revisions"}],"predecessor-version":[{"id":12341,"href":"https:\/\/cvinoticias.com\/v3\/wp-json\/wp\/v2\/posts\/12337\/revisions\/12341"}],"wp:featuredmedia":[{"embeddable":true,"href":"https:\/\/cvinoticias.com\/v3\/wp-json\/wp\/v2\/media\/12340"}],"wp:attachment":[{"href":"https:\/\/cvinoticias.com\/v3\/wp-json\/wp\/v2\/media?parent=12337"}],"wp:term":[{"taxonomy":"category","embeddable":true,"href":"https:\/\/cvinoticias.com\/v3\/wp-json\/wp\/v2\/categories?post=12337"},{"taxonomy":"post_tag","embeddable":true,"href":"https:\/\/cvinoticias.com\/v3\/wp-json\/wp\/v2\/tags?post=12337"}],"curies":[{"name":"wp","href":"https:\/\/api.w.org\/{rel}","templated":true}]}}