{"id":12333,"date":"2022-01-14T17:32:45","date_gmt":"2022-01-14T17:32:45","guid":{"rendered":"https:\/\/cvinoticias.com\/v3\/?p=12333"},"modified":"2022-01-14T17:32:45","modified_gmt":"2022-01-14T17:32:45","slug":"se-triplico-la-demanda-y-se-agudiza-el-faltante-de-combustible-en-iguazu","status":"publish","type":"post","link":"https:\/\/cvinoticias.com\/v3\/se-triplico-la-demanda-y-se-agudiza-el-faltante-de-combustible-en-iguazu\/","title":{"rendered":"Se triplic\u00f3 la demanda y se agudiza el faltante de combustible en Iguaz\u00fa"},"content":{"rendered":"\n<p><strong><em>Adem\u00e1s de los clientes locales y de los que llegan desde Brasil se sumaron los turistas de otras provincias que arriban a la ciudad de las Cataratas con sus veh\u00edculos. Estiman que el problema se va a acentuar despu\u00e9s del 20.<\/em><\/strong><\/p>\n\n\n\n<p>Una vez m\u00e1s se resiente la falta de combustible en las ciudades fronterizas, como Puerto Iguaz\u00fa, Bernardo de Irigoyen y Posadas, donde se observan importantes filas de autos esperando para cargar los tanques.<\/p>\n\n\n\n<p>En el caso de la ciudad de las Cataratas el problema se acentu\u00f3 estos \u00faltimos cuatros d\u00edas, ya que la demanda se triplic\u00f3\u00a0en las primeras semanas de este mes debido al intenso movimiento tur\u00edstico y a que los brasileros siguen llegando a la tierra colorada para cargar el tanque porque el cambio de moneda los favorece. Por lo cual,\u00a0en las cuatro estaciones de servicio los automovilistas esperan por m\u00e1s de una hora y media para cargar el tanque; adem\u00e1s se estima que el problema se agravar\u00e1 a finales de este mes.<\/p>\n\n\n\n<p>Joaqu\u00edn Barreto, presidente de la C\u00e1mara de Comercio e Industria de Puerto Iguaz\u00fa (CCI), habl\u00f3 sobre lo que est\u00e1 sucediendo en la ciudad. \u201cDesde el martes est\u00e1 complicado. El problema es que en las YPF se agota r\u00e1pido el combustible y termina colapsando la Shell\u201d,\u00a0coment\u00f3.<\/p>\n\n\n\n<p>Adem\u00e1s, especific\u00f3 que\u00a0\u201cayer (por el mi\u00e9rcoles) se registraron m\u00e1s de tres cuadras de filas de autos argentinos. Hay mucho turismo nacional\u201d y\u00a0agreg\u00f3 que \u201csi hablamos de autos nacionales se puede decir que se triplic\u00f3 la demanda en lo que va de enero y no se da abasto.\u00a0Muchos fueron a Puerto Libertad para cargar combustible debido a que en la ciudad no hab\u00eda, pero no es la soluci\u00f3n porque pueden cargar $3.000\u201d.<\/p>\n\n\n\n<p>Consider\u00f3 que \u201cla proyecci\u00f3n que tenemos hasta fines de febrero es que se tendr\u00e1 alrededor de un 90% de ocupaci\u00f3n en la ciudad\u201d y dijo que\u00a0\u201cse estima que el problema se va a acentuar despu\u00e9s del 20 de enero porque al principio llega el combustible por el cupo, pero el faltante se puede agudizar m\u00e1s cerca de fin de mes\u201d.<\/p>\n\n\n\n<p>En cuanto a los autos brasileros, mencion\u00f3 que\u00a0\u201cse mantiene la demanda y se observa siempre entre cuatro o cinco cuadras de fila de autos. Se les carga combustible despu\u00e9s de mediod\u00eda, pero desde las 7 se ve que est\u00e1n esperando\u201d.<\/p>\n\n\n\n<h3 class=\"wp-block-heading\"><strong>El cupo se puede achicar<\/strong><\/h3>\n\n\n\n<p>Faruk Jalaf,\u00a0titular de la C\u00e1mara de Estaciones de Servicio del Nordeste Argentino (CESANE), desliz\u00f3 que\u00a0\u201cen Iguaz\u00fa e Irigoyen seguir\u00e1 faltando combustible porque son lugares donde el cruce es simple y eso permite que desde Brasil vengan a cargar combustible. Y m\u00e1s complicado estar\u00e1 Iguaz\u00fa porque muchos est\u00e1n de turismo\u201d.<\/p>\n\n\n\n<p>Mencion\u00f3 que \u201cpara el resto de la provincia en las tres primeras semanas no suele faltar porque se tiene el cupo del mes, pero el problema se presenta cuando se agota\u201d. En cuanto a los cupos, sostuvo que\u00a0\u201ccreo que cada vez se va a ir comprimiendo m\u00e1s, tal como lo est\u00e1n haciendo en otras provincias\u201d.<\/p>\n\n\n\n<p>Apunt\u00f3 que las distribuidoras \u201cdicen que los precios no les cierran\u201d; al mismo tiempo, indic\u00f3 que\u00a0\u201cson ocho meses de congelamiento en el combustible; es decir que llevamos un 24% de atraso en el precio s\u00f3lo por la inflaci\u00f3n\u201d<\/p>\n\n\n\n<p>Agreg\u00f3 que\u00a0\u201cno hay faltante de producto (desde las distribuidoras), pero el problema es la inflaci\u00f3n que nos est\u00e1 comiendo nuestro margen de ganancia y estamos trabajando a p\u00e9rdida\u201d.<\/p>\n\n\n\n<p><\/p>\n\n\n\n<p><strong>Fuente: El Independiente <\/strong><\/p>\n","protected":false},"excerpt":{"rendered":"<p>Adem\u00e1s de los clientes locales y de los que llegan desde Brasil se sumaron los turistas de otras provincias que arriban a la ciudad de las Cataratas con sus veh\u00edculos. Estiman que el problema se va a acentuar despu\u00e9s del 20. Una vez m\u00e1s se resiente la falta de combustible en las ciudades fronterizas, como [&hellip;]<\/p>\n","protected":false},"author":2,"featured_media":12334,"comment_status":"open","ping_status":"open","sticky":false,"template":"","format":"standard","meta":{"footnotes":""},"categories":[29],"tags":[],"class_list":["post-12333","post","type-post","status-publish","format-standard","has-post-thumbnail","hentry","category-locales"],"yoast_head":"<!-- This site is optimized with the Yoast SEO plugin v27.4 - https:\/\/yoast.com\/product\/yoast-seo-wordpress\/ -->\n<title>Se triplic\u00f3 la demanda y se agudiza el faltante de combustible en Iguaz\u00fa | CVI NOTICIAS<\/title>\n<meta name=\"robots\" content=\"index, follow, max-snippet:-1, max-image-preview:large, max-video-preview:-1\" \/>\n<link rel=\"canonical\" href=\"https:\/\/cvinoticias.com\/v3\/se-triplico-la-demanda-y-se-agudiza-el-faltante-de-combustible-en-iguazu\/\" \/>\n<meta property=\"og:locale\" content=\"es_ES\" \/>\n<meta property=\"og:type\" content=\"article\" \/>\n<meta property=\"og:title\" content=\"Se triplic\u00f3 la demanda y se agudiza el faltante de combustible en Iguaz\u00fa | CVI NOTICIAS\" \/>\n<meta property=\"og:description\" content=\"Adem\u00e1s de los clientes locales y de los que llegan desde Brasil se sumaron los turistas de otras provincias que arriban a la ciudad de las Cataratas con sus veh\u00edculos. Estiman que el problema se va a acentuar despu\u00e9s del 20. Una vez m\u00e1s se resiente la falta de combustible en las ciudades fronterizas, como [&hellip;]\" \/>\n<meta property=\"og:url\" content=\"https:\/\/cvinoticias.com\/v3\/se-triplico-la-demanda-y-se-agudiza-el-faltante-de-combustible-en-iguazu\/\" \/>\n<meta property=\"og:site_name\" content=\"CVI NOTICIAS\" \/>\n<meta property=\"article:publisher\" content=\"https:\/\/www.facebook.com\/cvinoticias\" \/>\n<meta property=\"article:published_time\" content=\"2022-01-14T17:32:45+00:00\" \/>\n<meta property=\"og:image\" content=\"https:\/\/cvinoticias.com\/wp-content\/uploads\/2022\/01\/Screenshot_20220114-143217_Facebook.jpg\" \/>\n\t<meta property=\"og:image:width\" content=\"994\" \/>\n\t<meta property=\"og:image:height\" content=\"560\" \/>\n\t<meta property=\"og:image:type\" content=\"image\/jpeg\" \/>\n<meta name=\"author\" content=\"f1000024\" \/>\n<meta name=\"twitter:card\" content=\"summary_large_image\" \/>\n<meta name=\"twitter:label1\" content=\"Escrito por\" \/>\n\t<meta name=\"twitter:data1\" content=\"f1000024\" \/>\n\t<meta name=\"twitter:label2\" content=\"Tiempo de lectura\" \/>\n\t<meta name=\"twitter:data2\" content=\"3 minutos\" \/>\n<script type=\"application\/ld+json\" class=\"yoast-schema-graph\">{\"@context\":\"https:\\\/\\\/schema.org\",\"@graph\":[{\"@type\":\"Article\",\"@id\":\"https:\\\/\\\/cvinoticias.com\\\/v3\\\/se-triplico-la-demanda-y-se-agudiza-el-faltante-de-combustible-en-iguazu\\\/#article\",\"isPartOf\":{\"@id\":\"https:\\\/\\\/cvinoticias.com\\\/v3\\\/se-triplico-la-demanda-y-se-agudiza-el-faltante-de-combustible-en-iguazu\\\/\"},\"author\":{\"name\":\"f1000024\",\"@id\":\"https:\\\/\\\/cvinoticias.com\\\/v3\\\/#\\\/schema\\\/person\\\/2db77e3c6bc03c538495d7b2b8be9b66\"},\"headline\":\"Se triplic\u00f3 la demanda y se agudiza el faltante de combustible en Iguaz\u00fa\",\"datePublished\":\"2022-01-14T17:32:45+00:00\",\"mainEntityOfPage\":{\"@id\":\"https:\\\/\\\/cvinoticias.com\\\/v3\\\/se-triplico-la-demanda-y-se-agudiza-el-faltante-de-combustible-en-iguazu\\\/\"},\"wordCount\":611,\"commentCount\":0,\"publisher\":{\"@id\":\"https:\\\/\\\/cvinoticias.com\\\/v3\\\/#organization\"},\"image\":{\"@id\":\"https:\\\/\\\/cvinoticias.com\\\/v3\\\/se-triplico-la-demanda-y-se-agudiza-el-faltante-de-combustible-en-iguazu\\\/#primaryimage\"},\"thumbnailUrl\":\"https:\\\/\\\/cvinoticias.com\\\/wp-content\\\/uploads\\\/2022\\\/01\\\/Screenshot_20220114-143217_Facebook.jpg\",\"articleSection\":[\"Locales\"],\"inLanguage\":\"es\",\"potentialAction\":[{\"@type\":\"CommentAction\",\"name\":\"Comment\",\"target\":[\"https:\\\/\\\/cvinoticias.com\\\/v3\\\/se-triplico-la-demanda-y-se-agudiza-el-faltante-de-combustible-en-iguazu\\\/#respond\"]}]},{\"@type\":\"WebPage\",\"@id\":\"https:\\\/\\\/cvinoticias.com\\\/v3\\\/se-triplico-la-demanda-y-se-agudiza-el-faltante-de-combustible-en-iguazu\\\/\",\"url\":\"https:\\\/\\\/cvinoticias.com\\\/v3\\\/se-triplico-la-demanda-y-se-agudiza-el-faltante-de-combustible-en-iguazu\\\/\",\"name\":\"Se triplic\u00f3 la demanda y se agudiza el faltante de combustible en Iguaz\u00fa | CVI NOTICIAS\",\"isPartOf\":{\"@id\":\"https:\\\/\\\/cvinoticias.com\\\/v3\\\/#website\"},\"primaryImageOfPage\":{\"@id\":\"https:\\\/\\\/cvinoticias.com\\\/v3\\\/se-triplico-la-demanda-y-se-agudiza-el-faltante-de-combustible-en-iguazu\\\/#primaryimage\"},\"image\":{\"@id\":\"https:\\\/\\\/cvinoticias.com\\\/v3\\\/se-triplico-la-demanda-y-se-agudiza-el-faltante-de-combustible-en-iguazu\\\/#primaryimage\"},\"thumbnailUrl\":\"https:\\\/\\\/cvinoticias.com\\\/wp-content\\\/uploads\\\/2022\\\/01\\\/Screenshot_20220114-143217_Facebook.jpg\",\"datePublished\":\"2022-01-14T17:32:45+00:00\",\"breadcrumb\":{\"@id\":\"https:\\\/\\\/cvinoticias.com\\\/v3\\\/se-triplico-la-demanda-y-se-agudiza-el-faltante-de-combustible-en-iguazu\\\/#breadcrumb\"},\"inLanguage\":\"es\",\"potentialAction\":[{\"@type\":\"ReadAction\",\"target\":[\"https:\\\/\\\/cvinoticias.com\\\/v3\\\/se-triplico-la-demanda-y-se-agudiza-el-faltante-de-combustible-en-iguazu\\\/\"]}]},{\"@type\":\"ImageObject\",\"inLanguage\":\"es\",\"@id\":\"https:\\\/\\\/cvinoticias.com\\\/v3\\\/se-triplico-la-demanda-y-se-agudiza-el-faltante-de-combustible-en-iguazu\\\/#primaryimage\",\"url\":\"https:\\\/\\\/cvinoticias.com\\\/wp-content\\\/uploads\\\/2022\\\/01\\\/Screenshot_20220114-143217_Facebook.jpg\",\"contentUrl\":\"https:\\\/\\\/cvinoticias.com\\\/wp-content\\\/uploads\\\/2022\\\/01\\\/Screenshot_20220114-143217_Facebook.jpg\",\"width\":994,\"height\":560},{\"@type\":\"BreadcrumbList\",\"@id\":\"https:\\\/\\\/cvinoticias.com\\\/v3\\\/se-triplico-la-demanda-y-se-agudiza-el-faltante-de-combustible-en-iguazu\\\/#breadcrumb\",\"itemListElement\":[{\"@type\":\"ListItem\",\"position\":1,\"name\":\"Portada\",\"item\":\"https:\\\/\\\/cvinoticias.com\\\/v3\\\/\"},{\"@type\":\"ListItem\",\"position\":2,\"name\":\"Se triplic\u00f3 la demanda y se agudiza el faltante de combustible en Iguaz\u00fa\"}]},{\"@type\":\"WebSite\",\"@id\":\"https:\\\/\\\/cvinoticias.com\\\/v3\\\/#website\",\"url\":\"https:\\\/\\\/cvinoticias.com\\\/v3\\\/\",\"name\":\"CVI NOTICIAS\",\"description\":\"\",\"publisher\":{\"@id\":\"https:\\\/\\\/cvinoticias.com\\\/v3\\\/#organization\"},\"alternateName\":\"CVI\",\"potentialAction\":[{\"@type\":\"SearchAction\",\"target\":{\"@type\":\"EntryPoint\",\"urlTemplate\":\"https:\\\/\\\/cvinoticias.com\\\/v3\\\/?s={search_term_string}\"},\"query-input\":{\"@type\":\"PropertyValueSpecification\",\"valueRequired\":true,\"valueName\":\"search_term_string\"}}],\"inLanguage\":\"es\"},{\"@type\":\"Organization\",\"@id\":\"https:\\\/\\\/cvinoticias.com\\\/v3\\\/#organization\",\"name\":\"CVI NOTICIAS\",\"url\":\"https:\\\/\\\/cvinoticias.com\\\/v3\\\/\",\"logo\":{\"@type\":\"ImageObject\",\"inLanguage\":\"es\",\"@id\":\"https:\\\/\\\/cvinoticias.com\\\/v3\\\/#\\\/schema\\\/logo\\\/image\\\/\",\"url\":\"https:\\\/\\\/cvinoticias.com\\\/wp-content\\\/uploads\\\/2023\\\/04\\\/cropped-cropped-cropped-cropped-cropped-3-1.png\",\"contentUrl\":\"https:\\\/\\\/cvinoticias.com\\\/wp-content\\\/uploads\\\/2023\\\/04\\\/cropped-cropped-cropped-cropped-cropped-3-1.png\",\"width\":95,\"height\":122,\"caption\":\"CVI NOTICIAS\"},\"image\":{\"@id\":\"https:\\\/\\\/cvinoticias.com\\\/v3\\\/#\\\/schema\\\/logo\\\/image\\\/\"},\"sameAs\":[\"https:\\\/\\\/www.facebook.com\\\/cvinoticias\",\"https:\\\/\\\/www.instagram.com\\\/cvinoticias\\\/\",\"https:\\\/\\\/www.youtube.com\\\/@CVINOTICIAS\"]},{\"@type\":\"Person\",\"@id\":\"https:\\\/\\\/cvinoticias.com\\\/v3\\\/#\\\/schema\\\/person\\\/2db77e3c6bc03c538495d7b2b8be9b66\",\"name\":\"f1000024\",\"image\":{\"@type\":\"ImageObject\",\"inLanguage\":\"es\",\"@id\":\"https:\\\/\\\/secure.gravatar.com\\\/avatar\\\/d4fe7459cfc51ff5129ce1a732bbef5928568b8092d412ef95611616376bbeed?s=96&d=mm&r=g\",\"url\":\"https:\\\/\\\/secure.gravatar.com\\\/avatar\\\/d4fe7459cfc51ff5129ce1a732bbef5928568b8092d412ef95611616376bbeed?s=96&d=mm&r=g\",\"contentUrl\":\"https:\\\/\\\/secure.gravatar.com\\\/avatar\\\/d4fe7459cfc51ff5129ce1a732bbef5928568b8092d412ef95611616376bbeed?s=96&d=mm&r=g\",\"caption\":\"f1000024\"},\"url\":\"https:\\\/\\\/cvinoticias.com\\\/v3\\\/author\\\/f1000024\\\/\"}]}<\/script>\n<!-- \/ Yoast SEO plugin. -->","yoast_head_json":{"title":"Se triplic\u00f3 la demanda y se agudiza el faltante de combustible en Iguaz\u00fa | CVI NOTICIAS","robots":{"index":"index","follow":"follow","max-snippet":"max-snippet:-1","max-image-preview":"max-image-preview:large","max-video-preview":"max-video-preview:-1"},"canonical":"https:\/\/cvinoticias.com\/v3\/se-triplico-la-demanda-y-se-agudiza-el-faltante-de-combustible-en-iguazu\/","og_locale":"es_ES","og_type":"article","og_title":"Se triplic\u00f3 la demanda y se agudiza el faltante de combustible en Iguaz\u00fa | CVI NOTICIAS","og_description":"Adem\u00e1s de los clientes locales y de los que llegan desde Brasil se sumaron los turistas de otras provincias que arriban a la ciudad de las Cataratas con sus veh\u00edculos. Estiman que el problema se va a acentuar despu\u00e9s del 20. Una vez m\u00e1s se resiente la falta de combustible en las ciudades fronterizas, como [&hellip;]","og_url":"https:\/\/cvinoticias.com\/v3\/se-triplico-la-demanda-y-se-agudiza-el-faltante-de-combustible-en-iguazu\/","og_site_name":"CVI NOTICIAS","article_publisher":"https:\/\/www.facebook.com\/cvinoticias","article_published_time":"2022-01-14T17:32:45+00:00","og_image":[{"width":994,"height":560,"url":"https:\/\/cvinoticias.com\/wp-content\/uploads\/2022\/01\/Screenshot_20220114-143217_Facebook.jpg","type":"image\/jpeg"}],"author":"f1000024","twitter_card":"summary_large_image","twitter_misc":{"Escrito por":"f1000024","Tiempo de lectura":"3 minutos"},"schema":{"@context":"https:\/\/schema.org","@graph":[{"@type":"Article","@id":"https:\/\/cvinoticias.com\/v3\/se-triplico-la-demanda-y-se-agudiza-el-faltante-de-combustible-en-iguazu\/#article","isPartOf":{"@id":"https:\/\/cvinoticias.com\/v3\/se-triplico-la-demanda-y-se-agudiza-el-faltante-de-combustible-en-iguazu\/"},"author":{"name":"f1000024","@id":"https:\/\/cvinoticias.com\/v3\/#\/schema\/person\/2db77e3c6bc03c538495d7b2b8be9b66"},"headline":"Se triplic\u00f3 la demanda y se agudiza el faltante de combustible en Iguaz\u00fa","datePublished":"2022-01-14T17:32:45+00:00","mainEntityOfPage":{"@id":"https:\/\/cvinoticias.com\/v3\/se-triplico-la-demanda-y-se-agudiza-el-faltante-de-combustible-en-iguazu\/"},"wordCount":611,"commentCount":0,"publisher":{"@id":"https:\/\/cvinoticias.com\/v3\/#organization"},"image":{"@id":"https:\/\/cvinoticias.com\/v3\/se-triplico-la-demanda-y-se-agudiza-el-faltante-de-combustible-en-iguazu\/#primaryimage"},"thumbnailUrl":"https:\/\/cvinoticias.com\/wp-content\/uploads\/2022\/01\/Screenshot_20220114-143217_Facebook.jpg","articleSection":["Locales"],"inLanguage":"es","potentialAction":[{"@type":"CommentAction","name":"Comment","target":["https:\/\/cvinoticias.com\/v3\/se-triplico-la-demanda-y-se-agudiza-el-faltante-de-combustible-en-iguazu\/#respond"]}]},{"@type":"WebPage","@id":"https:\/\/cvinoticias.com\/v3\/se-triplico-la-demanda-y-se-agudiza-el-faltante-de-combustible-en-iguazu\/","url":"https:\/\/cvinoticias.com\/v3\/se-triplico-la-demanda-y-se-agudiza-el-faltante-de-combustible-en-iguazu\/","name":"Se triplic\u00f3 la demanda y se agudiza el faltante de combustible en Iguaz\u00fa | CVI NOTICIAS","isPartOf":{"@id":"https:\/\/cvinoticias.com\/v3\/#website"},"primaryImageOfPage":{"@id":"https:\/\/cvinoticias.com\/v3\/se-triplico-la-demanda-y-se-agudiza-el-faltante-de-combustible-en-iguazu\/#primaryimage"},"image":{"@id":"https:\/\/cvinoticias.com\/v3\/se-triplico-la-demanda-y-se-agudiza-el-faltante-de-combustible-en-iguazu\/#primaryimage"},"thumbnailUrl":"https:\/\/cvinoticias.com\/wp-content\/uploads\/2022\/01\/Screenshot_20220114-143217_Facebook.jpg","datePublished":"2022-01-14T17:32:45+00:00","breadcrumb":{"@id":"https:\/\/cvinoticias.com\/v3\/se-triplico-la-demanda-y-se-agudiza-el-faltante-de-combustible-en-iguazu\/#breadcrumb"},"inLanguage":"es","potentialAction":[{"@type":"ReadAction","target":["https:\/\/cvinoticias.com\/v3\/se-triplico-la-demanda-y-se-agudiza-el-faltante-de-combustible-en-iguazu\/"]}]},{"@type":"ImageObject","inLanguage":"es","@id":"https:\/\/cvinoticias.com\/v3\/se-triplico-la-demanda-y-se-agudiza-el-faltante-de-combustible-en-iguazu\/#primaryimage","url":"https:\/\/cvinoticias.com\/wp-content\/uploads\/2022\/01\/Screenshot_20220114-143217_Facebook.jpg","contentUrl":"https:\/\/cvinoticias.com\/wp-content\/uploads\/2022\/01\/Screenshot_20220114-143217_Facebook.jpg","width":994,"height":560},{"@type":"BreadcrumbList","@id":"https:\/\/cvinoticias.com\/v3\/se-triplico-la-demanda-y-se-agudiza-el-faltante-de-combustible-en-iguazu\/#breadcrumb","itemListElement":[{"@type":"ListItem","position":1,"name":"Portada","item":"https:\/\/cvinoticias.com\/v3\/"},{"@type":"ListItem","position":2,"name":"Se triplic\u00f3 la demanda y se agudiza el faltante de combustible en Iguaz\u00fa"}]},{"@type":"WebSite","@id":"https:\/\/cvinoticias.com\/v3\/#website","url":"https:\/\/cvinoticias.com\/v3\/","name":"CVI NOTICIAS","description":"","publisher":{"@id":"https:\/\/cvinoticias.com\/v3\/#organization"},"alternateName":"CVI","potentialAction":[{"@type":"SearchAction","target":{"@type":"EntryPoint","urlTemplate":"https:\/\/cvinoticias.com\/v3\/?s={search_term_string}"},"query-input":{"@type":"PropertyValueSpecification","valueRequired":true,"valueName":"search_term_string"}}],"inLanguage":"es"},{"@type":"Organization","@id":"https:\/\/cvinoticias.com\/v3\/#organization","name":"CVI NOTICIAS","url":"https:\/\/cvinoticias.com\/v3\/","logo":{"@type":"ImageObject","inLanguage":"es","@id":"https:\/\/cvinoticias.com\/v3\/#\/schema\/logo\/image\/","url":"https:\/\/cvinoticias.com\/wp-content\/uploads\/2023\/04\/cropped-cropped-cropped-cropped-cropped-3-1.png","contentUrl":"https:\/\/cvinoticias.com\/wp-content\/uploads\/2023\/04\/cropped-cropped-cropped-cropped-cropped-3-1.png","width":95,"height":122,"caption":"CVI NOTICIAS"},"image":{"@id":"https:\/\/cvinoticias.com\/v3\/#\/schema\/logo\/image\/"},"sameAs":["https:\/\/www.facebook.com\/cvinoticias","https:\/\/www.instagram.com\/cvinoticias\/","https:\/\/www.youtube.com\/@CVINOTICIAS"]},{"@type":"Person","@id":"https:\/\/cvinoticias.com\/v3\/#\/schema\/person\/2db77e3c6bc03c538495d7b2b8be9b66","name":"f1000024","image":{"@type":"ImageObject","inLanguage":"es","@id":"https:\/\/secure.gravatar.com\/avatar\/d4fe7459cfc51ff5129ce1a732bbef5928568b8092d412ef95611616376bbeed?s=96&d=mm&r=g","url":"https:\/\/secure.gravatar.com\/avatar\/d4fe7459cfc51ff5129ce1a732bbef5928568b8092d412ef95611616376bbeed?s=96&d=mm&r=g","contentUrl":"https:\/\/secure.gravatar.com\/avatar\/d4fe7459cfc51ff5129ce1a732bbef5928568b8092d412ef95611616376bbeed?s=96&d=mm&r=g","caption":"f1000024"},"url":"https:\/\/cvinoticias.com\/v3\/author\/f1000024\/"}]}},"_links":{"self":[{"href":"https:\/\/cvinoticias.com\/v3\/wp-json\/wp\/v2\/posts\/12333","targetHints":{"allow":["GET"]}}],"collection":[{"href":"https:\/\/cvinoticias.com\/v3\/wp-json\/wp\/v2\/posts"}],"about":[{"href":"https:\/\/cvinoticias.com\/v3\/wp-json\/wp\/v2\/types\/post"}],"author":[{"embeddable":true,"href":"https:\/\/cvinoticias.com\/v3\/wp-json\/wp\/v2\/users\/2"}],"replies":[{"embeddable":true,"href":"https:\/\/cvinoticias.com\/v3\/wp-json\/wp\/v2\/comments?post=12333"}],"version-history":[{"count":1,"href":"https:\/\/cvinoticias.com\/v3\/wp-json\/wp\/v2\/posts\/12333\/revisions"}],"predecessor-version":[{"id":12335,"href":"https:\/\/cvinoticias.com\/v3\/wp-json\/wp\/v2\/posts\/12333\/revisions\/12335"}],"wp:featuredmedia":[{"embeddable":true,"href":"https:\/\/cvinoticias.com\/v3\/wp-json\/wp\/v2\/media\/12334"}],"wp:attachment":[{"href":"https:\/\/cvinoticias.com\/v3\/wp-json\/wp\/v2\/media?parent=12333"}],"wp:term":[{"taxonomy":"category","embeddable":true,"href":"https:\/\/cvinoticias.com\/v3\/wp-json\/wp\/v2\/categories?post=12333"},{"taxonomy":"post_tag","embeddable":true,"href":"https:\/\/cvinoticias.com\/v3\/wp-json\/wp\/v2\/tags?post=12333"}],"curies":[{"name":"wp","href":"https:\/\/api.w.org\/{rel}","templated":true}]}}