{"id":12327,"date":"2022-01-14T15:21:21","date_gmt":"2022-01-14T15:21:21","guid":{"rendered":"https:\/\/cvinoticias.com\/v3\/?p=12327"},"modified":"2022-01-14T15:21:21","modified_gmt":"2022-01-14T15:21:21","slug":"iguazu-queda-suspendida-la-edicion-2022-del-carnaval-cataratas-de-la-alegria","status":"publish","type":"post","link":"https:\/\/cvinoticias.com\/v3\/iguazu-queda-suspendida-la-edicion-2022-del-carnaval-cataratas-de-la-alegria\/","title":{"rendered":"Iguaz\u00fa: Queda suspendida la edici\u00f3n 2022 del Carnaval \u00abCataratas de la Alegr\u00eda\u00bb"},"content":{"rendered":"\n<p><strong><em>La Municipalidad informa que debido a la compleja situaci\u00f3n sanitaria actual del pa\u00eds, la provincia y nuestra ciudad, las autoridades municipales en una reuni\u00f3n en conjunto con las agrupaciones que participan del carnaval, coincidieron en la necesidad de suspender la edici\u00f3n del carnaval 2022.<\/em><\/strong><\/p>\n\n\n\n<p>Quienes estuvieron presentes coincidieron en la necesidad de privilegiar la salud de los ni\u00f1os y de todas las personas que asisten y participan en el carnaval, de esta manera ya pensar en la edici\u00f3n 2023.<\/p>\n\n\n\n<p>Cabe resaltar que los corsos de carnaval desde hace varios a\u00f1os se transform\u00f3 en un evento cultural muy esperado por la comunidad, donde la afluencia de p\u00fablico local y tur\u00edstico supera ampliamente las expectativas de los organizadores y se produce un importante despliegue y participaci\u00f3n de comparsas y disfraces qu\u00e9 deslumbran las noches de carnaval en Puerto Iguaz\u00fa mediante el desfile de Cataratas de Alegr\u00eda.<\/p>\n\n\n\n<p><strong>Prensa Municipal<\/strong><\/p>\n","protected":false},"excerpt":{"rendered":"<p>La Municipalidad informa que debido a la compleja situaci\u00f3n sanitaria actual del pa\u00eds, la provincia y nuestra ciudad, las autoridades municipales en una reuni\u00f3n en conjunto con las agrupaciones que participan del carnaval, coincidieron en la necesidad de suspender la edici\u00f3n del carnaval 2022. Quienes estuvieron presentes coincidieron en la necesidad de privilegiar la salud [&hellip;]<\/p>\n","protected":false},"author":2,"featured_media":12328,"comment_status":"open","ping_status":"open","sticky":false,"template":"","format":"standard","meta":{"footnotes":""},"categories":[29],"tags":[],"class_list":["post-12327","post","type-post","status-publish","format-standard","has-post-thumbnail","hentry","category-locales"],"yoast_head":"<!-- This site is optimized with the Yoast SEO plugin v27.4 - https:\/\/yoast.com\/product\/yoast-seo-wordpress\/ -->\n<title>Iguaz\u00fa: Queda suspendida la edici\u00f3n 2022 del Carnaval &quot;Cataratas de la Alegr\u00eda&quot; | CVI NOTICIAS<\/title>\n<meta name=\"robots\" content=\"index, follow, max-snippet:-1, max-image-preview:large, max-video-preview:-1\" \/>\n<link rel=\"canonical\" href=\"https:\/\/cvinoticias.com\/v3\/iguazu-queda-suspendida-la-edicion-2022-del-carnaval-cataratas-de-la-alegria\/\" \/>\n<meta property=\"og:locale\" content=\"es_ES\" \/>\n<meta property=\"og:type\" content=\"article\" \/>\n<meta property=\"og:title\" content=\"Iguaz\u00fa: Queda suspendida la edici\u00f3n 2022 del Carnaval &quot;Cataratas de la Alegr\u00eda&quot; | CVI NOTICIAS\" \/>\n<meta property=\"og:description\" content=\"La Municipalidad informa que debido a la compleja situaci\u00f3n sanitaria actual del pa\u00eds, la provincia y nuestra ciudad, las autoridades municipales en una reuni\u00f3n en conjunto con las agrupaciones que participan del carnaval, coincidieron en la necesidad de suspender la edici\u00f3n del carnaval 2022. Quienes estuvieron presentes coincidieron en la necesidad de privilegiar la salud [&hellip;]\" \/>\n<meta property=\"og:url\" content=\"https:\/\/cvinoticias.com\/v3\/iguazu-queda-suspendida-la-edicion-2022-del-carnaval-cataratas-de-la-alegria\/\" \/>\n<meta property=\"og:site_name\" content=\"CVI NOTICIAS\" \/>\n<meta property=\"article:publisher\" content=\"https:\/\/www.facebook.com\/cvinoticias\" \/>\n<meta property=\"article:published_time\" content=\"2022-01-14T15:21:21+00:00\" \/>\n<meta property=\"og:image\" content=\"https:\/\/cvinoticias.com\/wp-content\/uploads\/2022\/01\/FB_IMG_1642173245785.jpg\" \/>\n\t<meta property=\"og:image:width\" content=\"1080\" \/>\n\t<meta property=\"og:image:height\" content=\"1080\" \/>\n\t<meta property=\"og:image:type\" content=\"image\/jpeg\" \/>\n<meta name=\"author\" content=\"f1000024\" \/>\n<meta name=\"twitter:card\" content=\"summary_large_image\" \/>\n<meta name=\"twitter:label1\" content=\"Escrito por\" \/>\n\t<meta name=\"twitter:data1\" content=\"f1000024\" \/>\n\t<meta name=\"twitter:label2\" content=\"Tiempo de lectura\" \/>\n\t<meta name=\"twitter:data2\" content=\"1 minuto\" \/>\n<script type=\"application\/ld+json\" class=\"yoast-schema-graph\">{\"@context\":\"https:\\\/\\\/schema.org\",\"@graph\":[{\"@type\":\"Article\",\"@id\":\"https:\\\/\\\/cvinoticias.com\\\/v3\\\/iguazu-queda-suspendida-la-edicion-2022-del-carnaval-cataratas-de-la-alegria\\\/#article\",\"isPartOf\":{\"@id\":\"https:\\\/\\\/cvinoticias.com\\\/v3\\\/iguazu-queda-suspendida-la-edicion-2022-del-carnaval-cataratas-de-la-alegria\\\/\"},\"author\":{\"name\":\"f1000024\",\"@id\":\"https:\\\/\\\/cvinoticias.com\\\/v3\\\/#\\\/schema\\\/person\\\/2db77e3c6bc03c538495d7b2b8be9b66\"},\"headline\":\"Iguaz\u00fa: Queda suspendida la edici\u00f3n 2022 del Carnaval \u00abCataratas de la Alegr\u00eda\u00bb\",\"datePublished\":\"2022-01-14T15:21:21+00:00\",\"mainEntityOfPage\":{\"@id\":\"https:\\\/\\\/cvinoticias.com\\\/v3\\\/iguazu-queda-suspendida-la-edicion-2022-del-carnaval-cataratas-de-la-alegria\\\/\"},\"wordCount\":168,\"commentCount\":0,\"publisher\":{\"@id\":\"https:\\\/\\\/cvinoticias.com\\\/v3\\\/#organization\"},\"image\":{\"@id\":\"https:\\\/\\\/cvinoticias.com\\\/v3\\\/iguazu-queda-suspendida-la-edicion-2022-del-carnaval-cataratas-de-la-alegria\\\/#primaryimage\"},\"thumbnailUrl\":\"https:\\\/\\\/cvinoticias.com\\\/wp-content\\\/uploads\\\/2022\\\/01\\\/FB_IMG_1642173245785.jpg\",\"articleSection\":[\"Locales\"],\"inLanguage\":\"es\",\"potentialAction\":[{\"@type\":\"CommentAction\",\"name\":\"Comment\",\"target\":[\"https:\\\/\\\/cvinoticias.com\\\/v3\\\/iguazu-queda-suspendida-la-edicion-2022-del-carnaval-cataratas-de-la-alegria\\\/#respond\"]}]},{\"@type\":\"WebPage\",\"@id\":\"https:\\\/\\\/cvinoticias.com\\\/v3\\\/iguazu-queda-suspendida-la-edicion-2022-del-carnaval-cataratas-de-la-alegria\\\/\",\"url\":\"https:\\\/\\\/cvinoticias.com\\\/v3\\\/iguazu-queda-suspendida-la-edicion-2022-del-carnaval-cataratas-de-la-alegria\\\/\",\"name\":\"Iguaz\u00fa: Queda suspendida la edici\u00f3n 2022 del Carnaval \\\"Cataratas de la Alegr\u00eda\\\" | CVI NOTICIAS\",\"isPartOf\":{\"@id\":\"https:\\\/\\\/cvinoticias.com\\\/v3\\\/#website\"},\"primaryImageOfPage\":{\"@id\":\"https:\\\/\\\/cvinoticias.com\\\/v3\\\/iguazu-queda-suspendida-la-edicion-2022-del-carnaval-cataratas-de-la-alegria\\\/#primaryimage\"},\"image\":{\"@id\":\"https:\\\/\\\/cvinoticias.com\\\/v3\\\/iguazu-queda-suspendida-la-edicion-2022-del-carnaval-cataratas-de-la-alegria\\\/#primaryimage\"},\"thumbnailUrl\":\"https:\\\/\\\/cvinoticias.com\\\/wp-content\\\/uploads\\\/2022\\\/01\\\/FB_IMG_1642173245785.jpg\",\"datePublished\":\"2022-01-14T15:21:21+00:00\",\"breadcrumb\":{\"@id\":\"https:\\\/\\\/cvinoticias.com\\\/v3\\\/iguazu-queda-suspendida-la-edicion-2022-del-carnaval-cataratas-de-la-alegria\\\/#breadcrumb\"},\"inLanguage\":\"es\",\"potentialAction\":[{\"@type\":\"ReadAction\",\"target\":[\"https:\\\/\\\/cvinoticias.com\\\/v3\\\/iguazu-queda-suspendida-la-edicion-2022-del-carnaval-cataratas-de-la-alegria\\\/\"]}]},{\"@type\":\"ImageObject\",\"inLanguage\":\"es\",\"@id\":\"https:\\\/\\\/cvinoticias.com\\\/v3\\\/iguazu-queda-suspendida-la-edicion-2022-del-carnaval-cataratas-de-la-alegria\\\/#primaryimage\",\"url\":\"https:\\\/\\\/cvinoticias.com\\\/wp-content\\\/uploads\\\/2022\\\/01\\\/FB_IMG_1642173245785.jpg\",\"contentUrl\":\"https:\\\/\\\/cvinoticias.com\\\/wp-content\\\/uploads\\\/2022\\\/01\\\/FB_IMG_1642173245785.jpg\",\"width\":1080,\"height\":1080},{\"@type\":\"BreadcrumbList\",\"@id\":\"https:\\\/\\\/cvinoticias.com\\\/v3\\\/iguazu-queda-suspendida-la-edicion-2022-del-carnaval-cataratas-de-la-alegria\\\/#breadcrumb\",\"itemListElement\":[{\"@type\":\"ListItem\",\"position\":1,\"name\":\"Portada\",\"item\":\"https:\\\/\\\/cvinoticias.com\\\/v3\\\/\"},{\"@type\":\"ListItem\",\"position\":2,\"name\":\"Iguaz\u00fa: Queda suspendida la edici\u00f3n 2022 del Carnaval \u00abCataratas de la Alegr\u00eda\u00bb\"}]},{\"@type\":\"WebSite\",\"@id\":\"https:\\\/\\\/cvinoticias.com\\\/v3\\\/#website\",\"url\":\"https:\\\/\\\/cvinoticias.com\\\/v3\\\/\",\"name\":\"CVI NOTICIAS\",\"description\":\"\",\"publisher\":{\"@id\":\"https:\\\/\\\/cvinoticias.com\\\/v3\\\/#organization\"},\"alternateName\":\"CVI\",\"potentialAction\":[{\"@type\":\"SearchAction\",\"target\":{\"@type\":\"EntryPoint\",\"urlTemplate\":\"https:\\\/\\\/cvinoticias.com\\\/v3\\\/?s={search_term_string}\"},\"query-input\":{\"@type\":\"PropertyValueSpecification\",\"valueRequired\":true,\"valueName\":\"search_term_string\"}}],\"inLanguage\":\"es\"},{\"@type\":\"Organization\",\"@id\":\"https:\\\/\\\/cvinoticias.com\\\/v3\\\/#organization\",\"name\":\"CVI NOTICIAS\",\"url\":\"https:\\\/\\\/cvinoticias.com\\\/v3\\\/\",\"logo\":{\"@type\":\"ImageObject\",\"inLanguage\":\"es\",\"@id\":\"https:\\\/\\\/cvinoticias.com\\\/v3\\\/#\\\/schema\\\/logo\\\/image\\\/\",\"url\":\"https:\\\/\\\/cvinoticias.com\\\/wp-content\\\/uploads\\\/2023\\\/04\\\/cropped-cropped-cropped-cropped-cropped-3-1.png\",\"contentUrl\":\"https:\\\/\\\/cvinoticias.com\\\/wp-content\\\/uploads\\\/2023\\\/04\\\/cropped-cropped-cropped-cropped-cropped-3-1.png\",\"width\":95,\"height\":122,\"caption\":\"CVI NOTICIAS\"},\"image\":{\"@id\":\"https:\\\/\\\/cvinoticias.com\\\/v3\\\/#\\\/schema\\\/logo\\\/image\\\/\"},\"sameAs\":[\"https:\\\/\\\/www.facebook.com\\\/cvinoticias\",\"https:\\\/\\\/www.instagram.com\\\/cvinoticias\\\/\",\"https:\\\/\\\/www.youtube.com\\\/@CVINOTICIAS\"]},{\"@type\":\"Person\",\"@id\":\"https:\\\/\\\/cvinoticias.com\\\/v3\\\/#\\\/schema\\\/person\\\/2db77e3c6bc03c538495d7b2b8be9b66\",\"name\":\"f1000024\",\"image\":{\"@type\":\"ImageObject\",\"inLanguage\":\"es\",\"@id\":\"https:\\\/\\\/secure.gravatar.com\\\/avatar\\\/d4fe7459cfc51ff5129ce1a732bbef5928568b8092d412ef95611616376bbeed?s=96&d=mm&r=g\",\"url\":\"https:\\\/\\\/secure.gravatar.com\\\/avatar\\\/d4fe7459cfc51ff5129ce1a732bbef5928568b8092d412ef95611616376bbeed?s=96&d=mm&r=g\",\"contentUrl\":\"https:\\\/\\\/secure.gravatar.com\\\/avatar\\\/d4fe7459cfc51ff5129ce1a732bbef5928568b8092d412ef95611616376bbeed?s=96&d=mm&r=g\",\"caption\":\"f1000024\"},\"url\":\"https:\\\/\\\/cvinoticias.com\\\/v3\\\/author\\\/f1000024\\\/\"}]}<\/script>\n<!-- \/ Yoast SEO plugin. -->","yoast_head_json":{"title":"Iguaz\u00fa: Queda suspendida la edici\u00f3n 2022 del Carnaval \"Cataratas de la Alegr\u00eda\" | CVI NOTICIAS","robots":{"index":"index","follow":"follow","max-snippet":"max-snippet:-1","max-image-preview":"max-image-preview:large","max-video-preview":"max-video-preview:-1"},"canonical":"https:\/\/cvinoticias.com\/v3\/iguazu-queda-suspendida-la-edicion-2022-del-carnaval-cataratas-de-la-alegria\/","og_locale":"es_ES","og_type":"article","og_title":"Iguaz\u00fa: Queda suspendida la edici\u00f3n 2022 del Carnaval \"Cataratas de la Alegr\u00eda\" | CVI NOTICIAS","og_description":"La Municipalidad informa que debido a la compleja situaci\u00f3n sanitaria actual del pa\u00eds, la provincia y nuestra ciudad, las autoridades municipales en una reuni\u00f3n en conjunto con las agrupaciones que participan del carnaval, coincidieron en la necesidad de suspender la edici\u00f3n del carnaval 2022. Quienes estuvieron presentes coincidieron en la necesidad de privilegiar la salud [&hellip;]","og_url":"https:\/\/cvinoticias.com\/v3\/iguazu-queda-suspendida-la-edicion-2022-del-carnaval-cataratas-de-la-alegria\/","og_site_name":"CVI NOTICIAS","article_publisher":"https:\/\/www.facebook.com\/cvinoticias","article_published_time":"2022-01-14T15:21:21+00:00","og_image":[{"width":1080,"height":1080,"url":"https:\/\/cvinoticias.com\/wp-content\/uploads\/2022\/01\/FB_IMG_1642173245785.jpg","type":"image\/jpeg"}],"author":"f1000024","twitter_card":"summary_large_image","twitter_misc":{"Escrito por":"f1000024","Tiempo de lectura":"1 minuto"},"schema":{"@context":"https:\/\/schema.org","@graph":[{"@type":"Article","@id":"https:\/\/cvinoticias.com\/v3\/iguazu-queda-suspendida-la-edicion-2022-del-carnaval-cataratas-de-la-alegria\/#article","isPartOf":{"@id":"https:\/\/cvinoticias.com\/v3\/iguazu-queda-suspendida-la-edicion-2022-del-carnaval-cataratas-de-la-alegria\/"},"author":{"name":"f1000024","@id":"https:\/\/cvinoticias.com\/v3\/#\/schema\/person\/2db77e3c6bc03c538495d7b2b8be9b66"},"headline":"Iguaz\u00fa: Queda suspendida la edici\u00f3n 2022 del Carnaval \u00abCataratas de la Alegr\u00eda\u00bb","datePublished":"2022-01-14T15:21:21+00:00","mainEntityOfPage":{"@id":"https:\/\/cvinoticias.com\/v3\/iguazu-queda-suspendida-la-edicion-2022-del-carnaval-cataratas-de-la-alegria\/"},"wordCount":168,"commentCount":0,"publisher":{"@id":"https:\/\/cvinoticias.com\/v3\/#organization"},"image":{"@id":"https:\/\/cvinoticias.com\/v3\/iguazu-queda-suspendida-la-edicion-2022-del-carnaval-cataratas-de-la-alegria\/#primaryimage"},"thumbnailUrl":"https:\/\/cvinoticias.com\/wp-content\/uploads\/2022\/01\/FB_IMG_1642173245785.jpg","articleSection":["Locales"],"inLanguage":"es","potentialAction":[{"@type":"CommentAction","name":"Comment","target":["https:\/\/cvinoticias.com\/v3\/iguazu-queda-suspendida-la-edicion-2022-del-carnaval-cataratas-de-la-alegria\/#respond"]}]},{"@type":"WebPage","@id":"https:\/\/cvinoticias.com\/v3\/iguazu-queda-suspendida-la-edicion-2022-del-carnaval-cataratas-de-la-alegria\/","url":"https:\/\/cvinoticias.com\/v3\/iguazu-queda-suspendida-la-edicion-2022-del-carnaval-cataratas-de-la-alegria\/","name":"Iguaz\u00fa: Queda suspendida la edici\u00f3n 2022 del Carnaval \"Cataratas de la Alegr\u00eda\" | CVI NOTICIAS","isPartOf":{"@id":"https:\/\/cvinoticias.com\/v3\/#website"},"primaryImageOfPage":{"@id":"https:\/\/cvinoticias.com\/v3\/iguazu-queda-suspendida-la-edicion-2022-del-carnaval-cataratas-de-la-alegria\/#primaryimage"},"image":{"@id":"https:\/\/cvinoticias.com\/v3\/iguazu-queda-suspendida-la-edicion-2022-del-carnaval-cataratas-de-la-alegria\/#primaryimage"},"thumbnailUrl":"https:\/\/cvinoticias.com\/wp-content\/uploads\/2022\/01\/FB_IMG_1642173245785.jpg","datePublished":"2022-01-14T15:21:21+00:00","breadcrumb":{"@id":"https:\/\/cvinoticias.com\/v3\/iguazu-queda-suspendida-la-edicion-2022-del-carnaval-cataratas-de-la-alegria\/#breadcrumb"},"inLanguage":"es","potentialAction":[{"@type":"ReadAction","target":["https:\/\/cvinoticias.com\/v3\/iguazu-queda-suspendida-la-edicion-2022-del-carnaval-cataratas-de-la-alegria\/"]}]},{"@type":"ImageObject","inLanguage":"es","@id":"https:\/\/cvinoticias.com\/v3\/iguazu-queda-suspendida-la-edicion-2022-del-carnaval-cataratas-de-la-alegria\/#primaryimage","url":"https:\/\/cvinoticias.com\/wp-content\/uploads\/2022\/01\/FB_IMG_1642173245785.jpg","contentUrl":"https:\/\/cvinoticias.com\/wp-content\/uploads\/2022\/01\/FB_IMG_1642173245785.jpg","width":1080,"height":1080},{"@type":"BreadcrumbList","@id":"https:\/\/cvinoticias.com\/v3\/iguazu-queda-suspendida-la-edicion-2022-del-carnaval-cataratas-de-la-alegria\/#breadcrumb","itemListElement":[{"@type":"ListItem","position":1,"name":"Portada","item":"https:\/\/cvinoticias.com\/v3\/"},{"@type":"ListItem","position":2,"name":"Iguaz\u00fa: Queda suspendida la edici\u00f3n 2022 del Carnaval \u00abCataratas de la Alegr\u00eda\u00bb"}]},{"@type":"WebSite","@id":"https:\/\/cvinoticias.com\/v3\/#website","url":"https:\/\/cvinoticias.com\/v3\/","name":"CVI NOTICIAS","description":"","publisher":{"@id":"https:\/\/cvinoticias.com\/v3\/#organization"},"alternateName":"CVI","potentialAction":[{"@type":"SearchAction","target":{"@type":"EntryPoint","urlTemplate":"https:\/\/cvinoticias.com\/v3\/?s={search_term_string}"},"query-input":{"@type":"PropertyValueSpecification","valueRequired":true,"valueName":"search_term_string"}}],"inLanguage":"es"},{"@type":"Organization","@id":"https:\/\/cvinoticias.com\/v3\/#organization","name":"CVI NOTICIAS","url":"https:\/\/cvinoticias.com\/v3\/","logo":{"@type":"ImageObject","inLanguage":"es","@id":"https:\/\/cvinoticias.com\/v3\/#\/schema\/logo\/image\/","url":"https:\/\/cvinoticias.com\/wp-content\/uploads\/2023\/04\/cropped-cropped-cropped-cropped-cropped-3-1.png","contentUrl":"https:\/\/cvinoticias.com\/wp-content\/uploads\/2023\/04\/cropped-cropped-cropped-cropped-cropped-3-1.png","width":95,"height":122,"caption":"CVI NOTICIAS"},"image":{"@id":"https:\/\/cvinoticias.com\/v3\/#\/schema\/logo\/image\/"},"sameAs":["https:\/\/www.facebook.com\/cvinoticias","https:\/\/www.instagram.com\/cvinoticias\/","https:\/\/www.youtube.com\/@CVINOTICIAS"]},{"@type":"Person","@id":"https:\/\/cvinoticias.com\/v3\/#\/schema\/person\/2db77e3c6bc03c538495d7b2b8be9b66","name":"f1000024","image":{"@type":"ImageObject","inLanguage":"es","@id":"https:\/\/secure.gravatar.com\/avatar\/d4fe7459cfc51ff5129ce1a732bbef5928568b8092d412ef95611616376bbeed?s=96&d=mm&r=g","url":"https:\/\/secure.gravatar.com\/avatar\/d4fe7459cfc51ff5129ce1a732bbef5928568b8092d412ef95611616376bbeed?s=96&d=mm&r=g","contentUrl":"https:\/\/secure.gravatar.com\/avatar\/d4fe7459cfc51ff5129ce1a732bbef5928568b8092d412ef95611616376bbeed?s=96&d=mm&r=g","caption":"f1000024"},"url":"https:\/\/cvinoticias.com\/v3\/author\/f1000024\/"}]}},"_links":{"self":[{"href":"https:\/\/cvinoticias.com\/v3\/wp-json\/wp\/v2\/posts\/12327","targetHints":{"allow":["GET"]}}],"collection":[{"href":"https:\/\/cvinoticias.com\/v3\/wp-json\/wp\/v2\/posts"}],"about":[{"href":"https:\/\/cvinoticias.com\/v3\/wp-json\/wp\/v2\/types\/post"}],"author":[{"embeddable":true,"href":"https:\/\/cvinoticias.com\/v3\/wp-json\/wp\/v2\/users\/2"}],"replies":[{"embeddable":true,"href":"https:\/\/cvinoticias.com\/v3\/wp-json\/wp\/v2\/comments?post=12327"}],"version-history":[{"count":1,"href":"https:\/\/cvinoticias.com\/v3\/wp-json\/wp\/v2\/posts\/12327\/revisions"}],"predecessor-version":[{"id":12329,"href":"https:\/\/cvinoticias.com\/v3\/wp-json\/wp\/v2\/posts\/12327\/revisions\/12329"}],"wp:featuredmedia":[{"embeddable":true,"href":"https:\/\/cvinoticias.com\/v3\/wp-json\/wp\/v2\/media\/12328"}],"wp:attachment":[{"href":"https:\/\/cvinoticias.com\/v3\/wp-json\/wp\/v2\/media?parent=12327"}],"wp:term":[{"taxonomy":"category","embeddable":true,"href":"https:\/\/cvinoticias.com\/v3\/wp-json\/wp\/v2\/categories?post=12327"},{"taxonomy":"post_tag","embeddable":true,"href":"https:\/\/cvinoticias.com\/v3\/wp-json\/wp\/v2\/tags?post=12327"}],"curies":[{"name":"wp","href":"https:\/\/api.w.org\/{rel}","templated":true}]}}