{"id":12301,"date":"2022-01-13T15:09:28","date_gmt":"2022-01-13T15:09:28","guid":{"rendered":"https:\/\/cvinoticias.com\/v3\/?p=12301"},"modified":"2022-01-13T15:09:28","modified_gmt":"2022-01-13T15:09:28","slug":"comite-cientifico-modifica-aislamiento-obligatorio-para-contactos-estrechos-por-covid","status":"publish","type":"post","link":"https:\/\/cvinoticias.com\/v3\/comite-cientifico-modifica-aislamiento-obligatorio-para-contactos-estrechos-por-covid\/","title":{"rendered":"Comit\u00e9 Cient\u00edfico modifica aislamiento obligatorio para contactos estrechos por COVID"},"content":{"rendered":"\n<p><strong><em>El pasado martes, se reuni\u00f3 el Comit\u00e9 Cient\u00edfico presidido por el Vicegobernador donde tras reuni\u00f3n de COFESA, se comentaron los nuevos lineamientos frente al COVID para nuestra Provincia.<\/em><\/strong><\/p>\n\n\n\n<p>El vicegobernador Dr. Carlos Arce junto a los integrantes del Comit\u00e9 Cient\u00edfico Provincial dise\u00f1aron la Resoluci\u00f3n que indica cambios en el aislamiento obligatorio para contactos estrechos de personas positivas de COVID.<\/p>\n\n\n\n<p><strong>El documento indica que:<\/strong><\/p>\n\n\n\n<p>Quedar\u00e1n exceptuados de hacerlos quienes cumplan los siguientes requisitos:<\/p>\n\n\n\n<p>Contacto estrecho con un caso positivo de COVID-19. Que tengan dosis de refuerzo con m\u00e1s de 14 d\u00edas de su aplicaci\u00f3n y que se encuentren asintom\u00e1ticos.<\/p>\n\n\n\n<p>En \u00e1mbitos donde se pueda mantener las medidas de bioseguridad (uso de barbijos, ventilaci\u00f3n cruzada adecuada), podr\u00e1n regresar a sus actividades laborales debiendo cumplir:<\/p>\n\n\n\n<p>Cuidados de manera estricta (uso adecuado de barbijos, ambientes ventilados, otros).<br>No concurrir a eventos sociales o masivos.<br>Automonitoreo de s\u00edntomas diariamente.<br>Aplicaci\u00f3n CUIDAR permanecer\u00e1 bloqueada 10 d\u00edas.<\/p>\n\n\n\n<p><strong>S\u00edntomas<\/strong>:<\/p>\n\n\n\n<p>Cefalea, dolor de garganta. cansancio, tos, fiebre y perdida del olfato, otros.<\/p>\n\n\n\n<p>Contacto estrecho con dos dosis de vacunas<\/p>\n\n\n\n<p>Personas con dos dosis de vacunas con la segunda dosis aplicada dentro de los cinco meses o que padecieron la enfermedad de COVID-19 en los \u00faltimos noventa d\u00edas, se podr\u00e1 evaluar en aquel personal definido como estrat\u00e9gico por la jurisdicci\u00f3n, disminuir el aislamiento estricto para los contactos estrechos asintom\u00e1ticos debiendo cumplir:<\/p>\n\n\n\n<p>Realizar test diagn\u00f3stico al d\u00eda (3) tres y (5) cinco (esta medida es opcional. Usar test de ant\u00edgenos).<\/p>\n\n\n\n<p>1) Cuidados de manera Estricta (uso adecuado de barbijos, ambientes ventilados, otros).<\/p>\n\n\n\n<ul class=\"wp-block-list\"><li>No concurrir a eventos sociales o masivos.<\/li><li>Automonitoreo de s\u00edntomas diariamente.<\/li><li>Aplicaci\u00f3n CUIDAR permanecer\u00e1 bloqueada 10 d\u00edas.<\/li><\/ul>\n\n\n\n<p><strong>S\u00edntomas<\/strong>:<\/p>\n\n\n\n<p>Cefalea, dolor de garganta. cansancio, tos, fiebre y perdida del olfato, otros.<\/p>\n\n\n\n<p>Test de Ant\u00edgenos (Test r\u00e1pido).<\/p>\n\n\n\n<p>Debido al contacto epidemiol\u00f3gico actual: avance adecuado del plan de vacunaci\u00f3n y circulaci\u00f3n comunitaria de virus SARS-COV-2. Se modifican las indicaciones para la realizaci\u00f3n del test de ant\u00edgeno (test r\u00e1pido).<\/p>\n\n\n\n<p><strong>Sera destinado a:<\/strong><\/p>\n\n\n\n<ul class=\"wp-block-list\"><li>Mayores de 60 a\u00f1os de edad sintom\u00e1ticos.<\/li><li>Personas con co-morbilidades: diabetes, cardiopat\u00edas, enfermedades pulmonares cr\u00f3nicas, inmunosuprimidos (oncol\u00f3gicos, enfermedades autoinmunes, HIV, otros).<\/li><\/ul>\n\n\n\n<p>Se elimina la necesidad de realizar test de ant\u00edgenos (test r\u00e1pido) a:<\/p>\n\n\n\n<ul class=\"wp-block-list\"><li>contactos estrechos asintom\u00e1ticos.<\/li><li>Personas asintom\u00e1ticas.<\/li><\/ul>\n\n\n\n<p>Los casos positivos siguen con la misma modalidad de aislamiento.<\/p>\n\n\n\n<p><\/p>\n\n\n\n<p><strong>Fuente: Prensa de la Vicegobernaci\u00f3n de la Provincia<\/strong><\/p>\n","protected":false},"excerpt":{"rendered":"<p>El pasado martes, se reuni\u00f3 el Comit\u00e9 Cient\u00edfico presidido por el Vicegobernador donde tras reuni\u00f3n de COFESA, se comentaron los nuevos lineamientos frente al COVID para nuestra Provincia. El vicegobernador Dr. Carlos Arce junto a los integrantes del Comit\u00e9 Cient\u00edfico Provincial dise\u00f1aron la Resoluci\u00f3n que indica cambios en el aislamiento obligatorio para contactos estrechos de [&hellip;]<\/p>\n","protected":false},"author":2,"featured_media":12302,"comment_status":"open","ping_status":"open","sticky":false,"template":"","format":"standard","meta":{"footnotes":""},"categories":[43,22],"tags":[],"class_list":["post-12301","post","type-post","status-publish","format-standard","has-post-thumbnail","hentry","category-provinciales","category-salud"],"yoast_head":"<!-- This site is optimized with the Yoast SEO plugin v27.5 - https:\/\/yoast.com\/product\/yoast-seo-wordpress\/ -->\n<title>Comit\u00e9 Cient\u00edfico modifica aislamiento obligatorio para contactos estrechos por COVID | CVI NOTICIAS<\/title>\n<meta name=\"robots\" content=\"index, follow, max-snippet:-1, max-image-preview:large, max-video-preview:-1\" \/>\n<link rel=\"canonical\" href=\"https:\/\/cvinoticias.com\/v3\/comite-cientifico-modifica-aislamiento-obligatorio-para-contactos-estrechos-por-covid\/\" \/>\n<meta property=\"og:locale\" content=\"es_ES\" \/>\n<meta property=\"og:type\" content=\"article\" \/>\n<meta property=\"og:title\" content=\"Comit\u00e9 Cient\u00edfico modifica aislamiento obligatorio para contactos estrechos por COVID | CVI NOTICIAS\" \/>\n<meta property=\"og:description\" content=\"El pasado martes, se reuni\u00f3 el Comit\u00e9 Cient\u00edfico presidido por el Vicegobernador donde tras reuni\u00f3n de COFESA, se comentaron los nuevos lineamientos frente al COVID para nuestra Provincia. El vicegobernador Dr. Carlos Arce junto a los integrantes del Comit\u00e9 Cient\u00edfico Provincial dise\u00f1aron la Resoluci\u00f3n que indica cambios en el aislamiento obligatorio para contactos estrechos de [&hellip;]\" \/>\n<meta property=\"og:url\" content=\"https:\/\/cvinoticias.com\/v3\/comite-cientifico-modifica-aislamiento-obligatorio-para-contactos-estrechos-por-covid\/\" \/>\n<meta property=\"og:site_name\" content=\"CVI NOTICIAS\" \/>\n<meta property=\"article:publisher\" content=\"https:\/\/www.facebook.com\/cvinoticias\" \/>\n<meta property=\"article:published_time\" content=\"2022-01-13T15:09:28+00:00\" \/>\n<meta property=\"og:image\" content=\"https:\/\/cvinoticias.com\/wp-content\/uploads\/2022\/01\/WhatsApp-Image-2022-01-11-at-20.29.44-2-1000x600-1.jpeg\" \/>\n\t<meta property=\"og:image:width\" content=\"1000\" \/>\n\t<meta property=\"og:image:height\" content=\"600\" \/>\n\t<meta property=\"og:image:type\" content=\"image\/jpeg\" \/>\n<meta name=\"author\" content=\"f1000024\" \/>\n<meta name=\"twitter:card\" content=\"summary_large_image\" \/>\n<meta name=\"twitter:label1\" content=\"Escrito por\" \/>\n\t<meta name=\"twitter:data1\" content=\"f1000024\" \/>\n\t<meta name=\"twitter:label2\" content=\"Tiempo de lectura\" \/>\n\t<meta name=\"twitter:data2\" content=\"2 minutos\" \/>\n<script type=\"application\/ld+json\" class=\"yoast-schema-graph\">{\"@context\":\"https:\\\/\\\/schema.org\",\"@graph\":[{\"@type\":\"Article\",\"@id\":\"https:\\\/\\\/cvinoticias.com\\\/v3\\\/comite-cientifico-modifica-aislamiento-obligatorio-para-contactos-estrechos-por-covid\\\/#article\",\"isPartOf\":{\"@id\":\"https:\\\/\\\/cvinoticias.com\\\/v3\\\/comite-cientifico-modifica-aislamiento-obligatorio-para-contactos-estrechos-por-covid\\\/\"},\"author\":{\"name\":\"f1000024\",\"@id\":\"https:\\\/\\\/cvinoticias.com\\\/v3\\\/#\\\/schema\\\/person\\\/2db77e3c6bc03c538495d7b2b8be9b66\"},\"headline\":\"Comit\u00e9 Cient\u00edfico modifica aislamiento obligatorio para contactos estrechos por COVID\",\"datePublished\":\"2022-01-13T15:09:28+00:00\",\"mainEntityOfPage\":{\"@id\":\"https:\\\/\\\/cvinoticias.com\\\/v3\\\/comite-cientifico-modifica-aislamiento-obligatorio-para-contactos-estrechos-por-covid\\\/\"},\"wordCount\":424,\"commentCount\":0,\"publisher\":{\"@id\":\"https:\\\/\\\/cvinoticias.com\\\/v3\\\/#organization\"},\"image\":{\"@id\":\"https:\\\/\\\/cvinoticias.com\\\/v3\\\/comite-cientifico-modifica-aislamiento-obligatorio-para-contactos-estrechos-por-covid\\\/#primaryimage\"},\"thumbnailUrl\":\"https:\\\/\\\/cvinoticias.com\\\/wp-content\\\/uploads\\\/2022\\\/01\\\/WhatsApp-Image-2022-01-11-at-20.29.44-2-1000x600-1.jpeg\",\"articleSection\":[\"Provinciales\",\"Salud\"],\"inLanguage\":\"es\",\"potentialAction\":[{\"@type\":\"CommentAction\",\"name\":\"Comment\",\"target\":[\"https:\\\/\\\/cvinoticias.com\\\/v3\\\/comite-cientifico-modifica-aislamiento-obligatorio-para-contactos-estrechos-por-covid\\\/#respond\"]}]},{\"@type\":\"WebPage\",\"@id\":\"https:\\\/\\\/cvinoticias.com\\\/v3\\\/comite-cientifico-modifica-aislamiento-obligatorio-para-contactos-estrechos-por-covid\\\/\",\"url\":\"https:\\\/\\\/cvinoticias.com\\\/v3\\\/comite-cientifico-modifica-aislamiento-obligatorio-para-contactos-estrechos-por-covid\\\/\",\"name\":\"Comit\u00e9 Cient\u00edfico modifica aislamiento obligatorio para contactos estrechos por COVID | CVI NOTICIAS\",\"isPartOf\":{\"@id\":\"https:\\\/\\\/cvinoticias.com\\\/v3\\\/#website\"},\"primaryImageOfPage\":{\"@id\":\"https:\\\/\\\/cvinoticias.com\\\/v3\\\/comite-cientifico-modifica-aislamiento-obligatorio-para-contactos-estrechos-por-covid\\\/#primaryimage\"},\"image\":{\"@id\":\"https:\\\/\\\/cvinoticias.com\\\/v3\\\/comite-cientifico-modifica-aislamiento-obligatorio-para-contactos-estrechos-por-covid\\\/#primaryimage\"},\"thumbnailUrl\":\"https:\\\/\\\/cvinoticias.com\\\/wp-content\\\/uploads\\\/2022\\\/01\\\/WhatsApp-Image-2022-01-11-at-20.29.44-2-1000x600-1.jpeg\",\"datePublished\":\"2022-01-13T15:09:28+00:00\",\"breadcrumb\":{\"@id\":\"https:\\\/\\\/cvinoticias.com\\\/v3\\\/comite-cientifico-modifica-aislamiento-obligatorio-para-contactos-estrechos-por-covid\\\/#breadcrumb\"},\"inLanguage\":\"es\",\"potentialAction\":[{\"@type\":\"ReadAction\",\"target\":[\"https:\\\/\\\/cvinoticias.com\\\/v3\\\/comite-cientifico-modifica-aislamiento-obligatorio-para-contactos-estrechos-por-covid\\\/\"]}]},{\"@type\":\"ImageObject\",\"inLanguage\":\"es\",\"@id\":\"https:\\\/\\\/cvinoticias.com\\\/v3\\\/comite-cientifico-modifica-aislamiento-obligatorio-para-contactos-estrechos-por-covid\\\/#primaryimage\",\"url\":\"https:\\\/\\\/cvinoticias.com\\\/wp-content\\\/uploads\\\/2022\\\/01\\\/WhatsApp-Image-2022-01-11-at-20.29.44-2-1000x600-1.jpeg\",\"contentUrl\":\"https:\\\/\\\/cvinoticias.com\\\/wp-content\\\/uploads\\\/2022\\\/01\\\/WhatsApp-Image-2022-01-11-at-20.29.44-2-1000x600-1.jpeg\",\"width\":1000,\"height\":600},{\"@type\":\"BreadcrumbList\",\"@id\":\"https:\\\/\\\/cvinoticias.com\\\/v3\\\/comite-cientifico-modifica-aislamiento-obligatorio-para-contactos-estrechos-por-covid\\\/#breadcrumb\",\"itemListElement\":[{\"@type\":\"ListItem\",\"position\":1,\"name\":\"Portada\",\"item\":\"https:\\\/\\\/cvinoticias.com\\\/v3\\\/\"},{\"@type\":\"ListItem\",\"position\":2,\"name\":\"Comit\u00e9 Cient\u00edfico modifica aislamiento obligatorio para contactos estrechos por COVID\"}]},{\"@type\":\"WebSite\",\"@id\":\"https:\\\/\\\/cvinoticias.com\\\/v3\\\/#website\",\"url\":\"https:\\\/\\\/cvinoticias.com\\\/v3\\\/\",\"name\":\"CVI NOTICIAS\",\"description\":\"\",\"publisher\":{\"@id\":\"https:\\\/\\\/cvinoticias.com\\\/v3\\\/#organization\"},\"alternateName\":\"CVI\",\"potentialAction\":[{\"@type\":\"SearchAction\",\"target\":{\"@type\":\"EntryPoint\",\"urlTemplate\":\"https:\\\/\\\/cvinoticias.com\\\/v3\\\/?s={search_term_string}\"},\"query-input\":{\"@type\":\"PropertyValueSpecification\",\"valueRequired\":true,\"valueName\":\"search_term_string\"}}],\"inLanguage\":\"es\"},{\"@type\":\"Organization\",\"@id\":\"https:\\\/\\\/cvinoticias.com\\\/v3\\\/#organization\",\"name\":\"CVI NOTICIAS\",\"url\":\"https:\\\/\\\/cvinoticias.com\\\/v3\\\/\",\"logo\":{\"@type\":\"ImageObject\",\"inLanguage\":\"es\",\"@id\":\"https:\\\/\\\/cvinoticias.com\\\/v3\\\/#\\\/schema\\\/logo\\\/image\\\/\",\"url\":\"https:\\\/\\\/cvinoticias.com\\\/wp-content\\\/uploads\\\/2023\\\/04\\\/cropped-cropped-cropped-cropped-cropped-3-1.png\",\"contentUrl\":\"https:\\\/\\\/cvinoticias.com\\\/wp-content\\\/uploads\\\/2023\\\/04\\\/cropped-cropped-cropped-cropped-cropped-3-1.png\",\"width\":95,\"height\":122,\"caption\":\"CVI NOTICIAS\"},\"image\":{\"@id\":\"https:\\\/\\\/cvinoticias.com\\\/v3\\\/#\\\/schema\\\/logo\\\/image\\\/\"},\"sameAs\":[\"https:\\\/\\\/www.facebook.com\\\/cvinoticias\",\"https:\\\/\\\/www.instagram.com\\\/cvinoticias\\\/\",\"https:\\\/\\\/www.youtube.com\\\/@CVINOTICIAS\"]},{\"@type\":\"Person\",\"@id\":\"https:\\\/\\\/cvinoticias.com\\\/v3\\\/#\\\/schema\\\/person\\\/2db77e3c6bc03c538495d7b2b8be9b66\",\"name\":\"f1000024\",\"image\":{\"@type\":\"ImageObject\",\"inLanguage\":\"es\",\"@id\":\"https:\\\/\\\/secure.gravatar.com\\\/avatar\\\/d4fe7459cfc51ff5129ce1a732bbef5928568b8092d412ef95611616376bbeed?s=96&d=mm&r=g\",\"url\":\"https:\\\/\\\/secure.gravatar.com\\\/avatar\\\/d4fe7459cfc51ff5129ce1a732bbef5928568b8092d412ef95611616376bbeed?s=96&d=mm&r=g\",\"contentUrl\":\"https:\\\/\\\/secure.gravatar.com\\\/avatar\\\/d4fe7459cfc51ff5129ce1a732bbef5928568b8092d412ef95611616376bbeed?s=96&d=mm&r=g\",\"caption\":\"f1000024\"},\"url\":\"https:\\\/\\\/cvinoticias.com\\\/v3\\\/author\\\/f1000024\\\/\"}]}<\/script>\n<!-- \/ Yoast SEO plugin. -->","yoast_head_json":{"title":"Comit\u00e9 Cient\u00edfico modifica aislamiento obligatorio para contactos estrechos por COVID | CVI NOTICIAS","robots":{"index":"index","follow":"follow","max-snippet":"max-snippet:-1","max-image-preview":"max-image-preview:large","max-video-preview":"max-video-preview:-1"},"canonical":"https:\/\/cvinoticias.com\/v3\/comite-cientifico-modifica-aislamiento-obligatorio-para-contactos-estrechos-por-covid\/","og_locale":"es_ES","og_type":"article","og_title":"Comit\u00e9 Cient\u00edfico modifica aislamiento obligatorio para contactos estrechos por COVID | CVI NOTICIAS","og_description":"El pasado martes, se reuni\u00f3 el Comit\u00e9 Cient\u00edfico presidido por el Vicegobernador donde tras reuni\u00f3n de COFESA, se comentaron los nuevos lineamientos frente al COVID para nuestra Provincia. El vicegobernador Dr. Carlos Arce junto a los integrantes del Comit\u00e9 Cient\u00edfico Provincial dise\u00f1aron la Resoluci\u00f3n que indica cambios en el aislamiento obligatorio para contactos estrechos de [&hellip;]","og_url":"https:\/\/cvinoticias.com\/v3\/comite-cientifico-modifica-aislamiento-obligatorio-para-contactos-estrechos-por-covid\/","og_site_name":"CVI NOTICIAS","article_publisher":"https:\/\/www.facebook.com\/cvinoticias","article_published_time":"2022-01-13T15:09:28+00:00","og_image":[{"width":1000,"height":600,"url":"https:\/\/cvinoticias.com\/wp-content\/uploads\/2022\/01\/WhatsApp-Image-2022-01-11-at-20.29.44-2-1000x600-1.jpeg","type":"image\/jpeg"}],"author":"f1000024","twitter_card":"summary_large_image","twitter_misc":{"Escrito por":"f1000024","Tiempo de lectura":"2 minutos"},"schema":{"@context":"https:\/\/schema.org","@graph":[{"@type":"Article","@id":"https:\/\/cvinoticias.com\/v3\/comite-cientifico-modifica-aislamiento-obligatorio-para-contactos-estrechos-por-covid\/#article","isPartOf":{"@id":"https:\/\/cvinoticias.com\/v3\/comite-cientifico-modifica-aislamiento-obligatorio-para-contactos-estrechos-por-covid\/"},"author":{"name":"f1000024","@id":"https:\/\/cvinoticias.com\/v3\/#\/schema\/person\/2db77e3c6bc03c538495d7b2b8be9b66"},"headline":"Comit\u00e9 Cient\u00edfico modifica aislamiento obligatorio para contactos estrechos por COVID","datePublished":"2022-01-13T15:09:28+00:00","mainEntityOfPage":{"@id":"https:\/\/cvinoticias.com\/v3\/comite-cientifico-modifica-aislamiento-obligatorio-para-contactos-estrechos-por-covid\/"},"wordCount":424,"commentCount":0,"publisher":{"@id":"https:\/\/cvinoticias.com\/v3\/#organization"},"image":{"@id":"https:\/\/cvinoticias.com\/v3\/comite-cientifico-modifica-aislamiento-obligatorio-para-contactos-estrechos-por-covid\/#primaryimage"},"thumbnailUrl":"https:\/\/cvinoticias.com\/wp-content\/uploads\/2022\/01\/WhatsApp-Image-2022-01-11-at-20.29.44-2-1000x600-1.jpeg","articleSection":["Provinciales","Salud"],"inLanguage":"es","potentialAction":[{"@type":"CommentAction","name":"Comment","target":["https:\/\/cvinoticias.com\/v3\/comite-cientifico-modifica-aislamiento-obligatorio-para-contactos-estrechos-por-covid\/#respond"]}]},{"@type":"WebPage","@id":"https:\/\/cvinoticias.com\/v3\/comite-cientifico-modifica-aislamiento-obligatorio-para-contactos-estrechos-por-covid\/","url":"https:\/\/cvinoticias.com\/v3\/comite-cientifico-modifica-aislamiento-obligatorio-para-contactos-estrechos-por-covid\/","name":"Comit\u00e9 Cient\u00edfico modifica aislamiento obligatorio para contactos estrechos por COVID | CVI NOTICIAS","isPartOf":{"@id":"https:\/\/cvinoticias.com\/v3\/#website"},"primaryImageOfPage":{"@id":"https:\/\/cvinoticias.com\/v3\/comite-cientifico-modifica-aislamiento-obligatorio-para-contactos-estrechos-por-covid\/#primaryimage"},"image":{"@id":"https:\/\/cvinoticias.com\/v3\/comite-cientifico-modifica-aislamiento-obligatorio-para-contactos-estrechos-por-covid\/#primaryimage"},"thumbnailUrl":"https:\/\/cvinoticias.com\/wp-content\/uploads\/2022\/01\/WhatsApp-Image-2022-01-11-at-20.29.44-2-1000x600-1.jpeg","datePublished":"2022-01-13T15:09:28+00:00","breadcrumb":{"@id":"https:\/\/cvinoticias.com\/v3\/comite-cientifico-modifica-aislamiento-obligatorio-para-contactos-estrechos-por-covid\/#breadcrumb"},"inLanguage":"es","potentialAction":[{"@type":"ReadAction","target":["https:\/\/cvinoticias.com\/v3\/comite-cientifico-modifica-aislamiento-obligatorio-para-contactos-estrechos-por-covid\/"]}]},{"@type":"ImageObject","inLanguage":"es","@id":"https:\/\/cvinoticias.com\/v3\/comite-cientifico-modifica-aislamiento-obligatorio-para-contactos-estrechos-por-covid\/#primaryimage","url":"https:\/\/cvinoticias.com\/wp-content\/uploads\/2022\/01\/WhatsApp-Image-2022-01-11-at-20.29.44-2-1000x600-1.jpeg","contentUrl":"https:\/\/cvinoticias.com\/wp-content\/uploads\/2022\/01\/WhatsApp-Image-2022-01-11-at-20.29.44-2-1000x600-1.jpeg","width":1000,"height":600},{"@type":"BreadcrumbList","@id":"https:\/\/cvinoticias.com\/v3\/comite-cientifico-modifica-aislamiento-obligatorio-para-contactos-estrechos-por-covid\/#breadcrumb","itemListElement":[{"@type":"ListItem","position":1,"name":"Portada","item":"https:\/\/cvinoticias.com\/v3\/"},{"@type":"ListItem","position":2,"name":"Comit\u00e9 Cient\u00edfico modifica aislamiento obligatorio para contactos estrechos por COVID"}]},{"@type":"WebSite","@id":"https:\/\/cvinoticias.com\/v3\/#website","url":"https:\/\/cvinoticias.com\/v3\/","name":"CVI NOTICIAS","description":"","publisher":{"@id":"https:\/\/cvinoticias.com\/v3\/#organization"},"alternateName":"CVI","potentialAction":[{"@type":"SearchAction","target":{"@type":"EntryPoint","urlTemplate":"https:\/\/cvinoticias.com\/v3\/?s={search_term_string}"},"query-input":{"@type":"PropertyValueSpecification","valueRequired":true,"valueName":"search_term_string"}}],"inLanguage":"es"},{"@type":"Organization","@id":"https:\/\/cvinoticias.com\/v3\/#organization","name":"CVI NOTICIAS","url":"https:\/\/cvinoticias.com\/v3\/","logo":{"@type":"ImageObject","inLanguage":"es","@id":"https:\/\/cvinoticias.com\/v3\/#\/schema\/logo\/image\/","url":"https:\/\/cvinoticias.com\/wp-content\/uploads\/2023\/04\/cropped-cropped-cropped-cropped-cropped-3-1.png","contentUrl":"https:\/\/cvinoticias.com\/wp-content\/uploads\/2023\/04\/cropped-cropped-cropped-cropped-cropped-3-1.png","width":95,"height":122,"caption":"CVI NOTICIAS"},"image":{"@id":"https:\/\/cvinoticias.com\/v3\/#\/schema\/logo\/image\/"},"sameAs":["https:\/\/www.facebook.com\/cvinoticias","https:\/\/www.instagram.com\/cvinoticias\/","https:\/\/www.youtube.com\/@CVINOTICIAS"]},{"@type":"Person","@id":"https:\/\/cvinoticias.com\/v3\/#\/schema\/person\/2db77e3c6bc03c538495d7b2b8be9b66","name":"f1000024","image":{"@type":"ImageObject","inLanguage":"es","@id":"https:\/\/secure.gravatar.com\/avatar\/d4fe7459cfc51ff5129ce1a732bbef5928568b8092d412ef95611616376bbeed?s=96&d=mm&r=g","url":"https:\/\/secure.gravatar.com\/avatar\/d4fe7459cfc51ff5129ce1a732bbef5928568b8092d412ef95611616376bbeed?s=96&d=mm&r=g","contentUrl":"https:\/\/secure.gravatar.com\/avatar\/d4fe7459cfc51ff5129ce1a732bbef5928568b8092d412ef95611616376bbeed?s=96&d=mm&r=g","caption":"f1000024"},"url":"https:\/\/cvinoticias.com\/v3\/author\/f1000024\/"}]}},"_links":{"self":[{"href":"https:\/\/cvinoticias.com\/v3\/wp-json\/wp\/v2\/posts\/12301","targetHints":{"allow":["GET"]}}],"collection":[{"href":"https:\/\/cvinoticias.com\/v3\/wp-json\/wp\/v2\/posts"}],"about":[{"href":"https:\/\/cvinoticias.com\/v3\/wp-json\/wp\/v2\/types\/post"}],"author":[{"embeddable":true,"href":"https:\/\/cvinoticias.com\/v3\/wp-json\/wp\/v2\/users\/2"}],"replies":[{"embeddable":true,"href":"https:\/\/cvinoticias.com\/v3\/wp-json\/wp\/v2\/comments?post=12301"}],"version-history":[{"count":1,"href":"https:\/\/cvinoticias.com\/v3\/wp-json\/wp\/v2\/posts\/12301\/revisions"}],"predecessor-version":[{"id":12303,"href":"https:\/\/cvinoticias.com\/v3\/wp-json\/wp\/v2\/posts\/12301\/revisions\/12303"}],"wp:featuredmedia":[{"embeddable":true,"href":"https:\/\/cvinoticias.com\/v3\/wp-json\/wp\/v2\/media\/12302"}],"wp:attachment":[{"href":"https:\/\/cvinoticias.com\/v3\/wp-json\/wp\/v2\/media?parent=12301"}],"wp:term":[{"taxonomy":"category","embeddable":true,"href":"https:\/\/cvinoticias.com\/v3\/wp-json\/wp\/v2\/categories?post=12301"},{"taxonomy":"post_tag","embeddable":true,"href":"https:\/\/cvinoticias.com\/v3\/wp-json\/wp\/v2\/tags?post=12301"}],"curies":[{"name":"wp","href":"https:\/\/api.w.org\/{rel}","templated":true}]}}