{"id":12298,"date":"2022-01-13T13:05:44","date_gmt":"2022-01-13T13:05:44","guid":{"rendered":"https:\/\/cvinoticias.com\/v3\/?p=12298"},"modified":"2022-01-13T13:05:44","modified_gmt":"2022-01-13T13:05:44","slug":"para-evitar-cortes-de-luz-nacion-ordeno-que-los-empleados-publicos-trabajen-en-sus-casas","status":"publish","type":"post","link":"https:\/\/cvinoticias.com\/v3\/para-evitar-cortes-de-luz-nacion-ordeno-que-los-empleados-publicos-trabajen-en-sus-casas\/","title":{"rendered":"Para evitar cortes de luz, Naci\u00f3n orden\u00f3 que los empleados p\u00fablicos trabajen en sus casas"},"content":{"rendered":"\n<p><strong><em>La medida se tom\u00f3 por decreto. Regir\u00e1 este jueves y viernes, y tiene como objetivo reducir el consumo energ\u00e9tico para intentar que no haya un apag\u00f3n como el del martes, cuando m\u00e1s de 700 mil usuarios se quedaron sin electricidad.<\/em><\/strong><\/p>\n\n\n\n<p>Ante 48 horas que ser\u00e1n de calor agobiante y una prueba m\u00e1s para el sistema energ\u00e9tico, luego de que el otro d\u00eda un apag\u00f3n dej\u00f3 a 700.000 usuarios sin servicio en el AMBA, el Gobierno nacional resolvi\u00f3 decretar la reducci\u00f3n al m\u00e1ximo de la asistencia de los agentes de la administraci\u00f3n p\u00fablica Nacional a las dependencias oficiales, debiendo realizar sus prestaciones por teletrabajo hasta la semana que viene.<\/p>\n\n\n\n<p>El aumento de la demanda de energ\u00eda el\u00e9ctrica producto del crecimiento de la actividad econ\u00f3mica, sumada al incremento de demanda asociada a la ola de calor, determin\u00f3 que Gobierno Nacional adoptara esta medida, y adicionalmente solicitara a las grandes empresas que reduzcan su consumo de energ\u00eda en ambas jornadas, extrem\u00e1ndolo en los horarios pico.<\/p>\n\n\n\n<p>El decreto del poder ejecutivo busca reducir el consumo de energ\u00eda el\u00e9ctrica en las dependencias oficiales del Gobierno Nacional, minimizando la asistencia a la cede de dichos organismos. Y es que CAMMESA inform\u00f3 que espera para hoy un r\u00e9cord de demanda hist\u00f3rica de 28.500 MW, lo que pone al l\u00edmite al sistema el\u00e9ctrico.<\/p>\n\n\n\n<p>Al respecto, el Secretario de Energ\u00eda Diario Mart\u00ednez declar\u00f3: \u00abEl Gobierno nacional conf\u00eda en que los usuarios y de la ciudadan\u00eda en general realizar\u00e1 un esfuerzo solidario para disminuir el consumo en la medida de sus posibilidades, exigiendo un esfuerzo mayor a las grandes empresas que concentran la mayor demanda de energ\u00eda el\u00e9ctrica\u00bb.<\/p>\n","protected":false},"excerpt":{"rendered":"<p>La medida se tom\u00f3 por decreto. Regir\u00e1 este jueves y viernes, y tiene como objetivo reducir el consumo energ\u00e9tico para intentar que no haya un apag\u00f3n como el del martes, cuando m\u00e1s de 700 mil usuarios se quedaron sin electricidad. Ante 48 horas que ser\u00e1n de calor agobiante y una prueba m\u00e1s para el sistema [&hellip;]<\/p>\n","protected":false},"author":2,"featured_media":12299,"comment_status":"open","ping_status":"open","sticky":false,"template":"","format":"standard","meta":{"footnotes":""},"categories":[39],"tags":[],"class_list":["post-12298","post","type-post","status-publish","format-standard","has-post-thumbnail","hentry","category-nacionales"],"yoast_head":"<!-- This site is optimized with the Yoast SEO plugin v27.5 - https:\/\/yoast.com\/product\/yoast-seo-wordpress\/ -->\n<title>Para evitar cortes de luz, Naci\u00f3n orden\u00f3 que los empleados p\u00fablicos trabajen en sus casas | CVI NOTICIAS<\/title>\n<meta name=\"robots\" content=\"index, follow, max-snippet:-1, max-image-preview:large, max-video-preview:-1\" \/>\n<link rel=\"canonical\" href=\"https:\/\/cvinoticias.com\/v3\/para-evitar-cortes-de-luz-nacion-ordeno-que-los-empleados-publicos-trabajen-en-sus-casas\/\" \/>\n<meta property=\"og:locale\" content=\"es_ES\" \/>\n<meta property=\"og:type\" content=\"article\" \/>\n<meta property=\"og:title\" content=\"Para evitar cortes de luz, Naci\u00f3n orden\u00f3 que los empleados p\u00fablicos trabajen en sus casas | CVI NOTICIAS\" \/>\n<meta property=\"og:description\" content=\"La medida se tom\u00f3 por decreto. Regir\u00e1 este jueves y viernes, y tiene como objetivo reducir el consumo energ\u00e9tico para intentar que no haya un apag\u00f3n como el del martes, cuando m\u00e1s de 700 mil usuarios se quedaron sin electricidad. Ante 48 horas que ser\u00e1n de calor agobiante y una prueba m\u00e1s para el sistema [&hellip;]\" \/>\n<meta property=\"og:url\" content=\"https:\/\/cvinoticias.com\/v3\/para-evitar-cortes-de-luz-nacion-ordeno-que-los-empleados-publicos-trabajen-en-sus-casas\/\" \/>\n<meta property=\"og:site_name\" content=\"CVI NOTICIAS\" \/>\n<meta property=\"article:publisher\" content=\"https:\/\/www.facebook.com\/cvinoticias\" \/>\n<meta property=\"article:published_time\" content=\"2022-01-13T13:05:44+00:00\" \/>\n<meta property=\"og:image\" content=\"https:\/\/cvinoticias.com\/wp-content\/uploads\/2022\/01\/f608x342-405655_435378_0.png\" \/>\n\t<meta property=\"og:image:width\" content=\"608\" \/>\n\t<meta property=\"og:image:height\" content=\"342\" \/>\n\t<meta property=\"og:image:type\" content=\"image\/png\" \/>\n<meta name=\"author\" content=\"f1000024\" \/>\n<meta name=\"twitter:card\" content=\"summary_large_image\" \/>\n<meta name=\"twitter:label1\" content=\"Escrito por\" \/>\n\t<meta name=\"twitter:data1\" content=\"f1000024\" \/>\n\t<meta name=\"twitter:label2\" content=\"Tiempo de lectura\" \/>\n\t<meta name=\"twitter:data2\" content=\"1 minuto\" \/>\n<script type=\"application\/ld+json\" class=\"yoast-schema-graph\">{\"@context\":\"https:\\\/\\\/schema.org\",\"@graph\":[{\"@type\":\"Article\",\"@id\":\"https:\\\/\\\/cvinoticias.com\\\/v3\\\/para-evitar-cortes-de-luz-nacion-ordeno-que-los-empleados-publicos-trabajen-en-sus-casas\\\/#article\",\"isPartOf\":{\"@id\":\"https:\\\/\\\/cvinoticias.com\\\/v3\\\/para-evitar-cortes-de-luz-nacion-ordeno-que-los-empleados-publicos-trabajen-en-sus-casas\\\/\"},\"author\":{\"name\":\"f1000024\",\"@id\":\"https:\\\/\\\/cvinoticias.com\\\/v3\\\/#\\\/schema\\\/person\\\/2db77e3c6bc03c538495d7b2b8be9b66\"},\"headline\":\"Para evitar cortes de luz, Naci\u00f3n orden\u00f3 que los empleados p\u00fablicos trabajen en sus casas\",\"datePublished\":\"2022-01-13T13:05:44+00:00\",\"mainEntityOfPage\":{\"@id\":\"https:\\\/\\\/cvinoticias.com\\\/v3\\\/para-evitar-cortes-de-luz-nacion-ordeno-que-los-empleados-publicos-trabajen-en-sus-casas\\\/\"},\"wordCount\":310,\"commentCount\":0,\"publisher\":{\"@id\":\"https:\\\/\\\/cvinoticias.com\\\/v3\\\/#organization\"},\"image\":{\"@id\":\"https:\\\/\\\/cvinoticias.com\\\/v3\\\/para-evitar-cortes-de-luz-nacion-ordeno-que-los-empleados-publicos-trabajen-en-sus-casas\\\/#primaryimage\"},\"thumbnailUrl\":\"https:\\\/\\\/cvinoticias.com\\\/wp-content\\\/uploads\\\/2022\\\/01\\\/f608x342-405655_435378_0.png\",\"articleSection\":[\"Nacionales\"],\"inLanguage\":\"es\",\"potentialAction\":[{\"@type\":\"CommentAction\",\"name\":\"Comment\",\"target\":[\"https:\\\/\\\/cvinoticias.com\\\/v3\\\/para-evitar-cortes-de-luz-nacion-ordeno-que-los-empleados-publicos-trabajen-en-sus-casas\\\/#respond\"]}]},{\"@type\":\"WebPage\",\"@id\":\"https:\\\/\\\/cvinoticias.com\\\/v3\\\/para-evitar-cortes-de-luz-nacion-ordeno-que-los-empleados-publicos-trabajen-en-sus-casas\\\/\",\"url\":\"https:\\\/\\\/cvinoticias.com\\\/v3\\\/para-evitar-cortes-de-luz-nacion-ordeno-que-los-empleados-publicos-trabajen-en-sus-casas\\\/\",\"name\":\"Para evitar cortes de luz, Naci\u00f3n orden\u00f3 que los empleados p\u00fablicos trabajen en sus casas | CVI NOTICIAS\",\"isPartOf\":{\"@id\":\"https:\\\/\\\/cvinoticias.com\\\/v3\\\/#website\"},\"primaryImageOfPage\":{\"@id\":\"https:\\\/\\\/cvinoticias.com\\\/v3\\\/para-evitar-cortes-de-luz-nacion-ordeno-que-los-empleados-publicos-trabajen-en-sus-casas\\\/#primaryimage\"},\"image\":{\"@id\":\"https:\\\/\\\/cvinoticias.com\\\/v3\\\/para-evitar-cortes-de-luz-nacion-ordeno-que-los-empleados-publicos-trabajen-en-sus-casas\\\/#primaryimage\"},\"thumbnailUrl\":\"https:\\\/\\\/cvinoticias.com\\\/wp-content\\\/uploads\\\/2022\\\/01\\\/f608x342-405655_435378_0.png\",\"datePublished\":\"2022-01-13T13:05:44+00:00\",\"breadcrumb\":{\"@id\":\"https:\\\/\\\/cvinoticias.com\\\/v3\\\/para-evitar-cortes-de-luz-nacion-ordeno-que-los-empleados-publicos-trabajen-en-sus-casas\\\/#breadcrumb\"},\"inLanguage\":\"es\",\"potentialAction\":[{\"@type\":\"ReadAction\",\"target\":[\"https:\\\/\\\/cvinoticias.com\\\/v3\\\/para-evitar-cortes-de-luz-nacion-ordeno-que-los-empleados-publicos-trabajen-en-sus-casas\\\/\"]}]},{\"@type\":\"ImageObject\",\"inLanguage\":\"es\",\"@id\":\"https:\\\/\\\/cvinoticias.com\\\/v3\\\/para-evitar-cortes-de-luz-nacion-ordeno-que-los-empleados-publicos-trabajen-en-sus-casas\\\/#primaryimage\",\"url\":\"https:\\\/\\\/cvinoticias.com\\\/wp-content\\\/uploads\\\/2022\\\/01\\\/f608x342-405655_435378_0.png\",\"contentUrl\":\"https:\\\/\\\/cvinoticias.com\\\/wp-content\\\/uploads\\\/2022\\\/01\\\/f608x342-405655_435378_0.png\",\"width\":608,\"height\":342},{\"@type\":\"BreadcrumbList\",\"@id\":\"https:\\\/\\\/cvinoticias.com\\\/v3\\\/para-evitar-cortes-de-luz-nacion-ordeno-que-los-empleados-publicos-trabajen-en-sus-casas\\\/#breadcrumb\",\"itemListElement\":[{\"@type\":\"ListItem\",\"position\":1,\"name\":\"Portada\",\"item\":\"https:\\\/\\\/cvinoticias.com\\\/v3\\\/\"},{\"@type\":\"ListItem\",\"position\":2,\"name\":\"Para evitar cortes de luz, Naci\u00f3n orden\u00f3 que los empleados p\u00fablicos trabajen en sus casas\"}]},{\"@type\":\"WebSite\",\"@id\":\"https:\\\/\\\/cvinoticias.com\\\/v3\\\/#website\",\"url\":\"https:\\\/\\\/cvinoticias.com\\\/v3\\\/\",\"name\":\"CVI NOTICIAS\",\"description\":\"\",\"publisher\":{\"@id\":\"https:\\\/\\\/cvinoticias.com\\\/v3\\\/#organization\"},\"alternateName\":\"CVI\",\"potentialAction\":[{\"@type\":\"SearchAction\",\"target\":{\"@type\":\"EntryPoint\",\"urlTemplate\":\"https:\\\/\\\/cvinoticias.com\\\/v3\\\/?s={search_term_string}\"},\"query-input\":{\"@type\":\"PropertyValueSpecification\",\"valueRequired\":true,\"valueName\":\"search_term_string\"}}],\"inLanguage\":\"es\"},{\"@type\":\"Organization\",\"@id\":\"https:\\\/\\\/cvinoticias.com\\\/v3\\\/#organization\",\"name\":\"CVI NOTICIAS\",\"url\":\"https:\\\/\\\/cvinoticias.com\\\/v3\\\/\",\"logo\":{\"@type\":\"ImageObject\",\"inLanguage\":\"es\",\"@id\":\"https:\\\/\\\/cvinoticias.com\\\/v3\\\/#\\\/schema\\\/logo\\\/image\\\/\",\"url\":\"https:\\\/\\\/cvinoticias.com\\\/wp-content\\\/uploads\\\/2023\\\/04\\\/cropped-cropped-cropped-cropped-cropped-3-1.png\",\"contentUrl\":\"https:\\\/\\\/cvinoticias.com\\\/wp-content\\\/uploads\\\/2023\\\/04\\\/cropped-cropped-cropped-cropped-cropped-3-1.png\",\"width\":95,\"height\":122,\"caption\":\"CVI NOTICIAS\"},\"image\":{\"@id\":\"https:\\\/\\\/cvinoticias.com\\\/v3\\\/#\\\/schema\\\/logo\\\/image\\\/\"},\"sameAs\":[\"https:\\\/\\\/www.facebook.com\\\/cvinoticias\",\"https:\\\/\\\/www.instagram.com\\\/cvinoticias\\\/\",\"https:\\\/\\\/www.youtube.com\\\/@CVINOTICIAS\"]},{\"@type\":\"Person\",\"@id\":\"https:\\\/\\\/cvinoticias.com\\\/v3\\\/#\\\/schema\\\/person\\\/2db77e3c6bc03c538495d7b2b8be9b66\",\"name\":\"f1000024\",\"image\":{\"@type\":\"ImageObject\",\"inLanguage\":\"es\",\"@id\":\"https:\\\/\\\/secure.gravatar.com\\\/avatar\\\/d4fe7459cfc51ff5129ce1a732bbef5928568b8092d412ef95611616376bbeed?s=96&d=mm&r=g\",\"url\":\"https:\\\/\\\/secure.gravatar.com\\\/avatar\\\/d4fe7459cfc51ff5129ce1a732bbef5928568b8092d412ef95611616376bbeed?s=96&d=mm&r=g\",\"contentUrl\":\"https:\\\/\\\/secure.gravatar.com\\\/avatar\\\/d4fe7459cfc51ff5129ce1a732bbef5928568b8092d412ef95611616376bbeed?s=96&d=mm&r=g\",\"caption\":\"f1000024\"},\"url\":\"https:\\\/\\\/cvinoticias.com\\\/v3\\\/author\\\/f1000024\\\/\"}]}<\/script>\n<!-- \/ Yoast SEO plugin. -->","yoast_head_json":{"title":"Para evitar cortes de luz, Naci\u00f3n orden\u00f3 que los empleados p\u00fablicos trabajen en sus casas | CVI NOTICIAS","robots":{"index":"index","follow":"follow","max-snippet":"max-snippet:-1","max-image-preview":"max-image-preview:large","max-video-preview":"max-video-preview:-1"},"canonical":"https:\/\/cvinoticias.com\/v3\/para-evitar-cortes-de-luz-nacion-ordeno-que-los-empleados-publicos-trabajen-en-sus-casas\/","og_locale":"es_ES","og_type":"article","og_title":"Para evitar cortes de luz, Naci\u00f3n orden\u00f3 que los empleados p\u00fablicos trabajen en sus casas | CVI NOTICIAS","og_description":"La medida se tom\u00f3 por decreto. Regir\u00e1 este jueves y viernes, y tiene como objetivo reducir el consumo energ\u00e9tico para intentar que no haya un apag\u00f3n como el del martes, cuando m\u00e1s de 700 mil usuarios se quedaron sin electricidad. Ante 48 horas que ser\u00e1n de calor agobiante y una prueba m\u00e1s para el sistema [&hellip;]","og_url":"https:\/\/cvinoticias.com\/v3\/para-evitar-cortes-de-luz-nacion-ordeno-que-los-empleados-publicos-trabajen-en-sus-casas\/","og_site_name":"CVI NOTICIAS","article_publisher":"https:\/\/www.facebook.com\/cvinoticias","article_published_time":"2022-01-13T13:05:44+00:00","og_image":[{"width":608,"height":342,"url":"https:\/\/cvinoticias.com\/wp-content\/uploads\/2022\/01\/f608x342-405655_435378_0.png","type":"image\/png"}],"author":"f1000024","twitter_card":"summary_large_image","twitter_misc":{"Escrito por":"f1000024","Tiempo de lectura":"1 minuto"},"schema":{"@context":"https:\/\/schema.org","@graph":[{"@type":"Article","@id":"https:\/\/cvinoticias.com\/v3\/para-evitar-cortes-de-luz-nacion-ordeno-que-los-empleados-publicos-trabajen-en-sus-casas\/#article","isPartOf":{"@id":"https:\/\/cvinoticias.com\/v3\/para-evitar-cortes-de-luz-nacion-ordeno-que-los-empleados-publicos-trabajen-en-sus-casas\/"},"author":{"name":"f1000024","@id":"https:\/\/cvinoticias.com\/v3\/#\/schema\/person\/2db77e3c6bc03c538495d7b2b8be9b66"},"headline":"Para evitar cortes de luz, Naci\u00f3n orden\u00f3 que los empleados p\u00fablicos trabajen en sus casas","datePublished":"2022-01-13T13:05:44+00:00","mainEntityOfPage":{"@id":"https:\/\/cvinoticias.com\/v3\/para-evitar-cortes-de-luz-nacion-ordeno-que-los-empleados-publicos-trabajen-en-sus-casas\/"},"wordCount":310,"commentCount":0,"publisher":{"@id":"https:\/\/cvinoticias.com\/v3\/#organization"},"image":{"@id":"https:\/\/cvinoticias.com\/v3\/para-evitar-cortes-de-luz-nacion-ordeno-que-los-empleados-publicos-trabajen-en-sus-casas\/#primaryimage"},"thumbnailUrl":"https:\/\/cvinoticias.com\/wp-content\/uploads\/2022\/01\/f608x342-405655_435378_0.png","articleSection":["Nacionales"],"inLanguage":"es","potentialAction":[{"@type":"CommentAction","name":"Comment","target":["https:\/\/cvinoticias.com\/v3\/para-evitar-cortes-de-luz-nacion-ordeno-que-los-empleados-publicos-trabajen-en-sus-casas\/#respond"]}]},{"@type":"WebPage","@id":"https:\/\/cvinoticias.com\/v3\/para-evitar-cortes-de-luz-nacion-ordeno-que-los-empleados-publicos-trabajen-en-sus-casas\/","url":"https:\/\/cvinoticias.com\/v3\/para-evitar-cortes-de-luz-nacion-ordeno-que-los-empleados-publicos-trabajen-en-sus-casas\/","name":"Para evitar cortes de luz, Naci\u00f3n orden\u00f3 que los empleados p\u00fablicos trabajen en sus casas | CVI NOTICIAS","isPartOf":{"@id":"https:\/\/cvinoticias.com\/v3\/#website"},"primaryImageOfPage":{"@id":"https:\/\/cvinoticias.com\/v3\/para-evitar-cortes-de-luz-nacion-ordeno-que-los-empleados-publicos-trabajen-en-sus-casas\/#primaryimage"},"image":{"@id":"https:\/\/cvinoticias.com\/v3\/para-evitar-cortes-de-luz-nacion-ordeno-que-los-empleados-publicos-trabajen-en-sus-casas\/#primaryimage"},"thumbnailUrl":"https:\/\/cvinoticias.com\/wp-content\/uploads\/2022\/01\/f608x342-405655_435378_0.png","datePublished":"2022-01-13T13:05:44+00:00","breadcrumb":{"@id":"https:\/\/cvinoticias.com\/v3\/para-evitar-cortes-de-luz-nacion-ordeno-que-los-empleados-publicos-trabajen-en-sus-casas\/#breadcrumb"},"inLanguage":"es","potentialAction":[{"@type":"ReadAction","target":["https:\/\/cvinoticias.com\/v3\/para-evitar-cortes-de-luz-nacion-ordeno-que-los-empleados-publicos-trabajen-en-sus-casas\/"]}]},{"@type":"ImageObject","inLanguage":"es","@id":"https:\/\/cvinoticias.com\/v3\/para-evitar-cortes-de-luz-nacion-ordeno-que-los-empleados-publicos-trabajen-en-sus-casas\/#primaryimage","url":"https:\/\/cvinoticias.com\/wp-content\/uploads\/2022\/01\/f608x342-405655_435378_0.png","contentUrl":"https:\/\/cvinoticias.com\/wp-content\/uploads\/2022\/01\/f608x342-405655_435378_0.png","width":608,"height":342},{"@type":"BreadcrumbList","@id":"https:\/\/cvinoticias.com\/v3\/para-evitar-cortes-de-luz-nacion-ordeno-que-los-empleados-publicos-trabajen-en-sus-casas\/#breadcrumb","itemListElement":[{"@type":"ListItem","position":1,"name":"Portada","item":"https:\/\/cvinoticias.com\/v3\/"},{"@type":"ListItem","position":2,"name":"Para evitar cortes de luz, Naci\u00f3n orden\u00f3 que los empleados p\u00fablicos trabajen en sus casas"}]},{"@type":"WebSite","@id":"https:\/\/cvinoticias.com\/v3\/#website","url":"https:\/\/cvinoticias.com\/v3\/","name":"CVI NOTICIAS","description":"","publisher":{"@id":"https:\/\/cvinoticias.com\/v3\/#organization"},"alternateName":"CVI","potentialAction":[{"@type":"SearchAction","target":{"@type":"EntryPoint","urlTemplate":"https:\/\/cvinoticias.com\/v3\/?s={search_term_string}"},"query-input":{"@type":"PropertyValueSpecification","valueRequired":true,"valueName":"search_term_string"}}],"inLanguage":"es"},{"@type":"Organization","@id":"https:\/\/cvinoticias.com\/v3\/#organization","name":"CVI NOTICIAS","url":"https:\/\/cvinoticias.com\/v3\/","logo":{"@type":"ImageObject","inLanguage":"es","@id":"https:\/\/cvinoticias.com\/v3\/#\/schema\/logo\/image\/","url":"https:\/\/cvinoticias.com\/wp-content\/uploads\/2023\/04\/cropped-cropped-cropped-cropped-cropped-3-1.png","contentUrl":"https:\/\/cvinoticias.com\/wp-content\/uploads\/2023\/04\/cropped-cropped-cropped-cropped-cropped-3-1.png","width":95,"height":122,"caption":"CVI NOTICIAS"},"image":{"@id":"https:\/\/cvinoticias.com\/v3\/#\/schema\/logo\/image\/"},"sameAs":["https:\/\/www.facebook.com\/cvinoticias","https:\/\/www.instagram.com\/cvinoticias\/","https:\/\/www.youtube.com\/@CVINOTICIAS"]},{"@type":"Person","@id":"https:\/\/cvinoticias.com\/v3\/#\/schema\/person\/2db77e3c6bc03c538495d7b2b8be9b66","name":"f1000024","image":{"@type":"ImageObject","inLanguage":"es","@id":"https:\/\/secure.gravatar.com\/avatar\/d4fe7459cfc51ff5129ce1a732bbef5928568b8092d412ef95611616376bbeed?s=96&d=mm&r=g","url":"https:\/\/secure.gravatar.com\/avatar\/d4fe7459cfc51ff5129ce1a732bbef5928568b8092d412ef95611616376bbeed?s=96&d=mm&r=g","contentUrl":"https:\/\/secure.gravatar.com\/avatar\/d4fe7459cfc51ff5129ce1a732bbef5928568b8092d412ef95611616376bbeed?s=96&d=mm&r=g","caption":"f1000024"},"url":"https:\/\/cvinoticias.com\/v3\/author\/f1000024\/"}]}},"_links":{"self":[{"href":"https:\/\/cvinoticias.com\/v3\/wp-json\/wp\/v2\/posts\/12298","targetHints":{"allow":["GET"]}}],"collection":[{"href":"https:\/\/cvinoticias.com\/v3\/wp-json\/wp\/v2\/posts"}],"about":[{"href":"https:\/\/cvinoticias.com\/v3\/wp-json\/wp\/v2\/types\/post"}],"author":[{"embeddable":true,"href":"https:\/\/cvinoticias.com\/v3\/wp-json\/wp\/v2\/users\/2"}],"replies":[{"embeddable":true,"href":"https:\/\/cvinoticias.com\/v3\/wp-json\/wp\/v2\/comments?post=12298"}],"version-history":[{"count":1,"href":"https:\/\/cvinoticias.com\/v3\/wp-json\/wp\/v2\/posts\/12298\/revisions"}],"predecessor-version":[{"id":12300,"href":"https:\/\/cvinoticias.com\/v3\/wp-json\/wp\/v2\/posts\/12298\/revisions\/12300"}],"wp:featuredmedia":[{"embeddable":true,"href":"https:\/\/cvinoticias.com\/v3\/wp-json\/wp\/v2\/media\/12299"}],"wp:attachment":[{"href":"https:\/\/cvinoticias.com\/v3\/wp-json\/wp\/v2\/media?parent=12298"}],"wp:term":[{"taxonomy":"category","embeddable":true,"href":"https:\/\/cvinoticias.com\/v3\/wp-json\/wp\/v2\/categories?post=12298"},{"taxonomy":"post_tag","embeddable":true,"href":"https:\/\/cvinoticias.com\/v3\/wp-json\/wp\/v2\/tags?post=12298"}],"curies":[{"name":"wp","href":"https:\/\/api.w.org\/{rel}","templated":true}]}}