{"id":12287,"date":"2022-01-13T12:12:10","date_gmt":"2022-01-13T12:12:10","guid":{"rendered":"https:\/\/cvinoticias.com\/v3\/?p=12287"},"modified":"2022-01-13T12:12:10","modified_gmt":"2022-01-13T12:12:10","slug":"reglamentan-la-ley-que-permite-una-reeleccion-mas-a-intendentes-electos-en-2019","status":"publish","type":"post","link":"https:\/\/cvinoticias.com\/v3\/reglamentan-la-ley-que-permite-una-reeleccion-mas-a-intendentes-electos-en-2019\/","title":{"rendered":"Reglamentan la ley que permite una reelecci\u00f3n m\u00e1s a intendentes electos en 2019"},"content":{"rendered":"\n<p><strong><em>La norma fue votada en una sesi\u00f3n que la Legislatura llev\u00f3 a cabo el \u00faltimo 28 de diciembre.<\/em><\/strong><\/p>\n\n\n\n<p>La modificaci\u00f3n a la Ley de Reelecciones de los intendentes, legisladores, concejales y consejeros escolares en la provincia de Buenos Aires sancionada en diciembre pasado comenz\u00f3 a regir hoy, a partir de su publicaci\u00f3n en el Bolet\u00edn Oficial del distrito.<\/p>\n\n\n\n<p>La norma 15.315, votada en una sesi\u00f3n que la Legislatura llev\u00f3 a cabo el \u00faltimo 28 de diciembre, establece que jefes comunales, senadores, diputados, ediles y consejeros sol\u00f3 podr\u00e1 ser reelectos por un per\u00edodo consecutivo, aun cuando en el segundo mandato hayan estado a cargo de manera parcial.<\/p>\n\n\n\n<p>As\u00ed, los legisladores, ediles o intendentes que fueron electos en 2017, 2019 y 2021 podr\u00e1n volver a presentarse en 2023 dado que el actual se considera como su primer per\u00edodo.<\/p>\n\n\n\n<p>La reforma a la legislaci\u00f3n que regula las reelecciones, acompa\u00f1ada por los legisladores tanto del oficialismo como de la oposici\u00f3n -salvo el massismo, la izquierda, los libertarios y el vidalismo- surgi\u00f3 tras el debate que indicaba que ninguna ley puede ser retroactiva.<\/p>\n\n\n\n<p>Es que la ley 14.836 aprobada en 2016 durante el gobierno de Mar\u00eda Eugenia Vidal limit\u00f3 a dos mandatos consecutivos la posibilidad de reelecciones, pero tom\u00f3 como inicio el que los intendentes estaban cumpliendo a partir de 2015.<\/p>\n\n\n\n<p>Ello gener\u00f3 infinidad de consultas judiciales en las que se ped\u00eda aclarar, interpretar o, directamente, suspender la norma.<\/p>\n\n\n\n<p>De ese modo, la Ley reglamentada hoy indica que \u00abel intendente y los concejales ser\u00e1n elegidos directamente por el pueblo, durar\u00e1n en sus funciones el t\u00e9rmino de cuatro a\u00f1os y podr\u00e1n ser reelectos por un nuevo per\u00edodo\u00bb.<\/p>\n\n\n\n<p>Se a\u00f1ade que \u00absi han sido reelectos no podr\u00e1n ser elegidos en el mismo cargo, sino con intervalo de un per\u00edodo\u00bb y se aclara que \u00abquedan comprendidos en la prohibici\u00f3n todos aquellos que hayan asumido su cargo por un segundo periodo sin importar que el mismo haya sido ejercido total o parcialmente\u00bb.<\/p>\n\n\n\n<p>Ello se incluy\u00f3 para evitar el atajo que muchos jefes comunales utilizaron para sortear la prohibici\u00f3n: pedir una licencia antes de llegar al segundo a\u00f1o de mandato, hecho que permit\u00eda la ley concebida durante el vidalismo.<\/p>\n\n\n\n<p>\u00abLos mandatos de intendentes, concejales, consejeros escolares, diputados y senadores que se hayan iniciado como resultado de las elecciones del a\u00f1o 2017 y 2019 ser\u00e1n considerados como primer per\u00edodo a los efectos de la aplicaci\u00f3n de la presente Ley\u00bb, plantea la nueva normativa.<\/p>\n\n\n\n<p>En el caso de los mandatos que se hubieren iniciado como resultado de las elecciones del 2021, \u00abse computar\u00e1 como primer per\u00edodo s\u00f3lo en el caso que no haya ejercido un mandato inmediato anterior\u201d, finaliza.<\/p>\n\n\n\n<p><strong>Fuente: T\u00e9lam<\/strong><\/p>\n","protected":false},"excerpt":{"rendered":"<p>La norma fue votada en una sesi\u00f3n que la Legislatura llev\u00f3 a cabo el \u00faltimo 28 de diciembre. La modificaci\u00f3n a la Ley de Reelecciones de los intendentes, legisladores, concejales y consejeros escolares en la provincia de Buenos Aires sancionada en diciembre pasado comenz\u00f3 a regir hoy, a partir de su publicaci\u00f3n en el Bolet\u00edn [&hellip;]<\/p>\n","protected":false},"author":2,"featured_media":12288,"comment_status":"open","ping_status":"open","sticky":false,"template":"","format":"standard","meta":{"footnotes":""},"categories":[42],"tags":[],"class_list":["post-12287","post","type-post","status-publish","format-standard","has-post-thumbnail","hentry","category-politica"],"yoast_head":"<!-- This site is optimized with the Yoast SEO plugin v27.5 - https:\/\/yoast.com\/product\/yoast-seo-wordpress\/ -->\n<title>Reglamentan la ley que permite una reelecci\u00f3n m\u00e1s a intendentes electos en 2019 | CVI NOTICIAS<\/title>\n<meta name=\"robots\" content=\"index, follow, max-snippet:-1, max-image-preview:large, max-video-preview:-1\" \/>\n<link rel=\"canonical\" href=\"https:\/\/cvinoticias.com\/v3\/reglamentan-la-ley-que-permite-una-reeleccion-mas-a-intendentes-electos-en-2019\/\" \/>\n<meta property=\"og:locale\" content=\"es_ES\" \/>\n<meta property=\"og:type\" content=\"article\" \/>\n<meta property=\"og:title\" content=\"Reglamentan la ley que permite una reelecci\u00f3n m\u00e1s a intendentes electos en 2019 | CVI NOTICIAS\" \/>\n<meta property=\"og:description\" content=\"La norma fue votada en una sesi\u00f3n que la Legislatura llev\u00f3 a cabo el \u00faltimo 28 de diciembre. La modificaci\u00f3n a la Ley de Reelecciones de los intendentes, legisladores, concejales y consejeros escolares en la provincia de Buenos Aires sancionada en diciembre pasado comenz\u00f3 a regir hoy, a partir de su publicaci\u00f3n en el Bolet\u00edn [&hellip;]\" \/>\n<meta property=\"og:url\" content=\"https:\/\/cvinoticias.com\/v3\/reglamentan-la-ley-que-permite-una-reeleccion-mas-a-intendentes-electos-en-2019\/\" \/>\n<meta property=\"og:site_name\" content=\"CVI NOTICIAS\" \/>\n<meta property=\"article:publisher\" content=\"https:\/\/www.facebook.com\/cvinoticias\" \/>\n<meta property=\"article:published_time\" content=\"2022-01-13T12:12:10+00:00\" \/>\n<meta property=\"og:image\" content=\"https:\/\/cvinoticias.com\/wp-content\/uploads\/2022\/01\/Screenshot_20220113-090911_Chrome.jpg\" \/>\n\t<meta property=\"og:image:width\" content=\"1080\" \/>\n\t<meta property=\"og:image:height\" content=\"608\" \/>\n\t<meta property=\"og:image:type\" content=\"image\/jpeg\" \/>\n<meta name=\"author\" content=\"f1000024\" \/>\n<meta name=\"twitter:card\" content=\"summary_large_image\" \/>\n<meta name=\"twitter:label1\" content=\"Escrito por\" \/>\n\t<meta name=\"twitter:data1\" content=\"f1000024\" \/>\n\t<meta name=\"twitter:label2\" content=\"Tiempo de lectura\" \/>\n\t<meta name=\"twitter:data2\" content=\"2 minutos\" \/>\n<script type=\"application\/ld+json\" class=\"yoast-schema-graph\">{\"@context\":\"https:\\\/\\\/schema.org\",\"@graph\":[{\"@type\":\"Article\",\"@id\":\"https:\\\/\\\/cvinoticias.com\\\/v3\\\/reglamentan-la-ley-que-permite-una-reeleccion-mas-a-intendentes-electos-en-2019\\\/#article\",\"isPartOf\":{\"@id\":\"https:\\\/\\\/cvinoticias.com\\\/v3\\\/reglamentan-la-ley-que-permite-una-reeleccion-mas-a-intendentes-electos-en-2019\\\/\"},\"author\":{\"name\":\"f1000024\",\"@id\":\"https:\\\/\\\/cvinoticias.com\\\/v3\\\/#\\\/schema\\\/person\\\/2db77e3c6bc03c538495d7b2b8be9b66\"},\"headline\":\"Reglamentan la ley que permite una reelecci\u00f3n m\u00e1s a intendentes electos en 2019\",\"datePublished\":\"2022-01-13T12:12:10+00:00\",\"mainEntityOfPage\":{\"@id\":\"https:\\\/\\\/cvinoticias.com\\\/v3\\\/reglamentan-la-ley-que-permite-una-reeleccion-mas-a-intendentes-electos-en-2019\\\/\"},\"wordCount\":473,\"commentCount\":0,\"publisher\":{\"@id\":\"https:\\\/\\\/cvinoticias.com\\\/v3\\\/#organization\"},\"image\":{\"@id\":\"https:\\\/\\\/cvinoticias.com\\\/v3\\\/reglamentan-la-ley-que-permite-una-reeleccion-mas-a-intendentes-electos-en-2019\\\/#primaryimage\"},\"thumbnailUrl\":\"https:\\\/\\\/cvinoticias.com\\\/wp-content\\\/uploads\\\/2022\\\/01\\\/Screenshot_20220113-090911_Chrome.jpg\",\"articleSection\":[\"Politica\"],\"inLanguage\":\"es\",\"potentialAction\":[{\"@type\":\"CommentAction\",\"name\":\"Comment\",\"target\":[\"https:\\\/\\\/cvinoticias.com\\\/v3\\\/reglamentan-la-ley-que-permite-una-reeleccion-mas-a-intendentes-electos-en-2019\\\/#respond\"]}]},{\"@type\":\"WebPage\",\"@id\":\"https:\\\/\\\/cvinoticias.com\\\/v3\\\/reglamentan-la-ley-que-permite-una-reeleccion-mas-a-intendentes-electos-en-2019\\\/\",\"url\":\"https:\\\/\\\/cvinoticias.com\\\/v3\\\/reglamentan-la-ley-que-permite-una-reeleccion-mas-a-intendentes-electos-en-2019\\\/\",\"name\":\"Reglamentan la ley que permite una reelecci\u00f3n m\u00e1s a intendentes electos en 2019 | CVI NOTICIAS\",\"isPartOf\":{\"@id\":\"https:\\\/\\\/cvinoticias.com\\\/v3\\\/#website\"},\"primaryImageOfPage\":{\"@id\":\"https:\\\/\\\/cvinoticias.com\\\/v3\\\/reglamentan-la-ley-que-permite-una-reeleccion-mas-a-intendentes-electos-en-2019\\\/#primaryimage\"},\"image\":{\"@id\":\"https:\\\/\\\/cvinoticias.com\\\/v3\\\/reglamentan-la-ley-que-permite-una-reeleccion-mas-a-intendentes-electos-en-2019\\\/#primaryimage\"},\"thumbnailUrl\":\"https:\\\/\\\/cvinoticias.com\\\/wp-content\\\/uploads\\\/2022\\\/01\\\/Screenshot_20220113-090911_Chrome.jpg\",\"datePublished\":\"2022-01-13T12:12:10+00:00\",\"breadcrumb\":{\"@id\":\"https:\\\/\\\/cvinoticias.com\\\/v3\\\/reglamentan-la-ley-que-permite-una-reeleccion-mas-a-intendentes-electos-en-2019\\\/#breadcrumb\"},\"inLanguage\":\"es\",\"potentialAction\":[{\"@type\":\"ReadAction\",\"target\":[\"https:\\\/\\\/cvinoticias.com\\\/v3\\\/reglamentan-la-ley-que-permite-una-reeleccion-mas-a-intendentes-electos-en-2019\\\/\"]}]},{\"@type\":\"ImageObject\",\"inLanguage\":\"es\",\"@id\":\"https:\\\/\\\/cvinoticias.com\\\/v3\\\/reglamentan-la-ley-que-permite-una-reeleccion-mas-a-intendentes-electos-en-2019\\\/#primaryimage\",\"url\":\"https:\\\/\\\/cvinoticias.com\\\/wp-content\\\/uploads\\\/2022\\\/01\\\/Screenshot_20220113-090911_Chrome.jpg\",\"contentUrl\":\"https:\\\/\\\/cvinoticias.com\\\/wp-content\\\/uploads\\\/2022\\\/01\\\/Screenshot_20220113-090911_Chrome.jpg\",\"width\":1080,\"height\":608},{\"@type\":\"BreadcrumbList\",\"@id\":\"https:\\\/\\\/cvinoticias.com\\\/v3\\\/reglamentan-la-ley-que-permite-una-reeleccion-mas-a-intendentes-electos-en-2019\\\/#breadcrumb\",\"itemListElement\":[{\"@type\":\"ListItem\",\"position\":1,\"name\":\"Portada\",\"item\":\"https:\\\/\\\/cvinoticias.com\\\/v3\\\/\"},{\"@type\":\"ListItem\",\"position\":2,\"name\":\"Reglamentan la ley que permite una reelecci\u00f3n m\u00e1s a intendentes electos en 2019\"}]},{\"@type\":\"WebSite\",\"@id\":\"https:\\\/\\\/cvinoticias.com\\\/v3\\\/#website\",\"url\":\"https:\\\/\\\/cvinoticias.com\\\/v3\\\/\",\"name\":\"CVI NOTICIAS\",\"description\":\"\",\"publisher\":{\"@id\":\"https:\\\/\\\/cvinoticias.com\\\/v3\\\/#organization\"},\"alternateName\":\"CVI\",\"potentialAction\":[{\"@type\":\"SearchAction\",\"target\":{\"@type\":\"EntryPoint\",\"urlTemplate\":\"https:\\\/\\\/cvinoticias.com\\\/v3\\\/?s={search_term_string}\"},\"query-input\":{\"@type\":\"PropertyValueSpecification\",\"valueRequired\":true,\"valueName\":\"search_term_string\"}}],\"inLanguage\":\"es\"},{\"@type\":\"Organization\",\"@id\":\"https:\\\/\\\/cvinoticias.com\\\/v3\\\/#organization\",\"name\":\"CVI NOTICIAS\",\"url\":\"https:\\\/\\\/cvinoticias.com\\\/v3\\\/\",\"logo\":{\"@type\":\"ImageObject\",\"inLanguage\":\"es\",\"@id\":\"https:\\\/\\\/cvinoticias.com\\\/v3\\\/#\\\/schema\\\/logo\\\/image\\\/\",\"url\":\"https:\\\/\\\/cvinoticias.com\\\/wp-content\\\/uploads\\\/2023\\\/04\\\/cropped-cropped-cropped-cropped-cropped-3-1.png\",\"contentUrl\":\"https:\\\/\\\/cvinoticias.com\\\/wp-content\\\/uploads\\\/2023\\\/04\\\/cropped-cropped-cropped-cropped-cropped-3-1.png\",\"width\":95,\"height\":122,\"caption\":\"CVI NOTICIAS\"},\"image\":{\"@id\":\"https:\\\/\\\/cvinoticias.com\\\/v3\\\/#\\\/schema\\\/logo\\\/image\\\/\"},\"sameAs\":[\"https:\\\/\\\/www.facebook.com\\\/cvinoticias\",\"https:\\\/\\\/www.instagram.com\\\/cvinoticias\\\/\",\"https:\\\/\\\/www.youtube.com\\\/@CVINOTICIAS\"]},{\"@type\":\"Person\",\"@id\":\"https:\\\/\\\/cvinoticias.com\\\/v3\\\/#\\\/schema\\\/person\\\/2db77e3c6bc03c538495d7b2b8be9b66\",\"name\":\"f1000024\",\"image\":{\"@type\":\"ImageObject\",\"inLanguage\":\"es\",\"@id\":\"https:\\\/\\\/secure.gravatar.com\\\/avatar\\\/d4fe7459cfc51ff5129ce1a732bbef5928568b8092d412ef95611616376bbeed?s=96&d=mm&r=g\",\"url\":\"https:\\\/\\\/secure.gravatar.com\\\/avatar\\\/d4fe7459cfc51ff5129ce1a732bbef5928568b8092d412ef95611616376bbeed?s=96&d=mm&r=g\",\"contentUrl\":\"https:\\\/\\\/secure.gravatar.com\\\/avatar\\\/d4fe7459cfc51ff5129ce1a732bbef5928568b8092d412ef95611616376bbeed?s=96&d=mm&r=g\",\"caption\":\"f1000024\"},\"url\":\"https:\\\/\\\/cvinoticias.com\\\/v3\\\/author\\\/f1000024\\\/\"}]}<\/script>\n<!-- \/ Yoast SEO plugin. -->","yoast_head_json":{"title":"Reglamentan la ley que permite una reelecci\u00f3n m\u00e1s a intendentes electos en 2019 | CVI NOTICIAS","robots":{"index":"index","follow":"follow","max-snippet":"max-snippet:-1","max-image-preview":"max-image-preview:large","max-video-preview":"max-video-preview:-1"},"canonical":"https:\/\/cvinoticias.com\/v3\/reglamentan-la-ley-que-permite-una-reeleccion-mas-a-intendentes-electos-en-2019\/","og_locale":"es_ES","og_type":"article","og_title":"Reglamentan la ley que permite una reelecci\u00f3n m\u00e1s a intendentes electos en 2019 | CVI NOTICIAS","og_description":"La norma fue votada en una sesi\u00f3n que la Legislatura llev\u00f3 a cabo el \u00faltimo 28 de diciembre. La modificaci\u00f3n a la Ley de Reelecciones de los intendentes, legisladores, concejales y consejeros escolares en la provincia de Buenos Aires sancionada en diciembre pasado comenz\u00f3 a regir hoy, a partir de su publicaci\u00f3n en el Bolet\u00edn [&hellip;]","og_url":"https:\/\/cvinoticias.com\/v3\/reglamentan-la-ley-que-permite-una-reeleccion-mas-a-intendentes-electos-en-2019\/","og_site_name":"CVI NOTICIAS","article_publisher":"https:\/\/www.facebook.com\/cvinoticias","article_published_time":"2022-01-13T12:12:10+00:00","og_image":[{"width":1080,"height":608,"url":"https:\/\/cvinoticias.com\/wp-content\/uploads\/2022\/01\/Screenshot_20220113-090911_Chrome.jpg","type":"image\/jpeg"}],"author":"f1000024","twitter_card":"summary_large_image","twitter_misc":{"Escrito por":"f1000024","Tiempo de lectura":"2 minutos"},"schema":{"@context":"https:\/\/schema.org","@graph":[{"@type":"Article","@id":"https:\/\/cvinoticias.com\/v3\/reglamentan-la-ley-que-permite-una-reeleccion-mas-a-intendentes-electos-en-2019\/#article","isPartOf":{"@id":"https:\/\/cvinoticias.com\/v3\/reglamentan-la-ley-que-permite-una-reeleccion-mas-a-intendentes-electos-en-2019\/"},"author":{"name":"f1000024","@id":"https:\/\/cvinoticias.com\/v3\/#\/schema\/person\/2db77e3c6bc03c538495d7b2b8be9b66"},"headline":"Reglamentan la ley que permite una reelecci\u00f3n m\u00e1s a intendentes electos en 2019","datePublished":"2022-01-13T12:12:10+00:00","mainEntityOfPage":{"@id":"https:\/\/cvinoticias.com\/v3\/reglamentan-la-ley-que-permite-una-reeleccion-mas-a-intendentes-electos-en-2019\/"},"wordCount":473,"commentCount":0,"publisher":{"@id":"https:\/\/cvinoticias.com\/v3\/#organization"},"image":{"@id":"https:\/\/cvinoticias.com\/v3\/reglamentan-la-ley-que-permite-una-reeleccion-mas-a-intendentes-electos-en-2019\/#primaryimage"},"thumbnailUrl":"https:\/\/cvinoticias.com\/wp-content\/uploads\/2022\/01\/Screenshot_20220113-090911_Chrome.jpg","articleSection":["Politica"],"inLanguage":"es","potentialAction":[{"@type":"CommentAction","name":"Comment","target":["https:\/\/cvinoticias.com\/v3\/reglamentan-la-ley-que-permite-una-reeleccion-mas-a-intendentes-electos-en-2019\/#respond"]}]},{"@type":"WebPage","@id":"https:\/\/cvinoticias.com\/v3\/reglamentan-la-ley-que-permite-una-reeleccion-mas-a-intendentes-electos-en-2019\/","url":"https:\/\/cvinoticias.com\/v3\/reglamentan-la-ley-que-permite-una-reeleccion-mas-a-intendentes-electos-en-2019\/","name":"Reglamentan la ley que permite una reelecci\u00f3n m\u00e1s a intendentes electos en 2019 | CVI NOTICIAS","isPartOf":{"@id":"https:\/\/cvinoticias.com\/v3\/#website"},"primaryImageOfPage":{"@id":"https:\/\/cvinoticias.com\/v3\/reglamentan-la-ley-que-permite-una-reeleccion-mas-a-intendentes-electos-en-2019\/#primaryimage"},"image":{"@id":"https:\/\/cvinoticias.com\/v3\/reglamentan-la-ley-que-permite-una-reeleccion-mas-a-intendentes-electos-en-2019\/#primaryimage"},"thumbnailUrl":"https:\/\/cvinoticias.com\/wp-content\/uploads\/2022\/01\/Screenshot_20220113-090911_Chrome.jpg","datePublished":"2022-01-13T12:12:10+00:00","breadcrumb":{"@id":"https:\/\/cvinoticias.com\/v3\/reglamentan-la-ley-que-permite-una-reeleccion-mas-a-intendentes-electos-en-2019\/#breadcrumb"},"inLanguage":"es","potentialAction":[{"@type":"ReadAction","target":["https:\/\/cvinoticias.com\/v3\/reglamentan-la-ley-que-permite-una-reeleccion-mas-a-intendentes-electos-en-2019\/"]}]},{"@type":"ImageObject","inLanguage":"es","@id":"https:\/\/cvinoticias.com\/v3\/reglamentan-la-ley-que-permite-una-reeleccion-mas-a-intendentes-electos-en-2019\/#primaryimage","url":"https:\/\/cvinoticias.com\/wp-content\/uploads\/2022\/01\/Screenshot_20220113-090911_Chrome.jpg","contentUrl":"https:\/\/cvinoticias.com\/wp-content\/uploads\/2022\/01\/Screenshot_20220113-090911_Chrome.jpg","width":1080,"height":608},{"@type":"BreadcrumbList","@id":"https:\/\/cvinoticias.com\/v3\/reglamentan-la-ley-que-permite-una-reeleccion-mas-a-intendentes-electos-en-2019\/#breadcrumb","itemListElement":[{"@type":"ListItem","position":1,"name":"Portada","item":"https:\/\/cvinoticias.com\/v3\/"},{"@type":"ListItem","position":2,"name":"Reglamentan la ley que permite una reelecci\u00f3n m\u00e1s a intendentes electos en 2019"}]},{"@type":"WebSite","@id":"https:\/\/cvinoticias.com\/v3\/#website","url":"https:\/\/cvinoticias.com\/v3\/","name":"CVI NOTICIAS","description":"","publisher":{"@id":"https:\/\/cvinoticias.com\/v3\/#organization"},"alternateName":"CVI","potentialAction":[{"@type":"SearchAction","target":{"@type":"EntryPoint","urlTemplate":"https:\/\/cvinoticias.com\/v3\/?s={search_term_string}"},"query-input":{"@type":"PropertyValueSpecification","valueRequired":true,"valueName":"search_term_string"}}],"inLanguage":"es"},{"@type":"Organization","@id":"https:\/\/cvinoticias.com\/v3\/#organization","name":"CVI NOTICIAS","url":"https:\/\/cvinoticias.com\/v3\/","logo":{"@type":"ImageObject","inLanguage":"es","@id":"https:\/\/cvinoticias.com\/v3\/#\/schema\/logo\/image\/","url":"https:\/\/cvinoticias.com\/wp-content\/uploads\/2023\/04\/cropped-cropped-cropped-cropped-cropped-3-1.png","contentUrl":"https:\/\/cvinoticias.com\/wp-content\/uploads\/2023\/04\/cropped-cropped-cropped-cropped-cropped-3-1.png","width":95,"height":122,"caption":"CVI NOTICIAS"},"image":{"@id":"https:\/\/cvinoticias.com\/v3\/#\/schema\/logo\/image\/"},"sameAs":["https:\/\/www.facebook.com\/cvinoticias","https:\/\/www.instagram.com\/cvinoticias\/","https:\/\/www.youtube.com\/@CVINOTICIAS"]},{"@type":"Person","@id":"https:\/\/cvinoticias.com\/v3\/#\/schema\/person\/2db77e3c6bc03c538495d7b2b8be9b66","name":"f1000024","image":{"@type":"ImageObject","inLanguage":"es","@id":"https:\/\/secure.gravatar.com\/avatar\/d4fe7459cfc51ff5129ce1a732bbef5928568b8092d412ef95611616376bbeed?s=96&d=mm&r=g","url":"https:\/\/secure.gravatar.com\/avatar\/d4fe7459cfc51ff5129ce1a732bbef5928568b8092d412ef95611616376bbeed?s=96&d=mm&r=g","contentUrl":"https:\/\/secure.gravatar.com\/avatar\/d4fe7459cfc51ff5129ce1a732bbef5928568b8092d412ef95611616376bbeed?s=96&d=mm&r=g","caption":"f1000024"},"url":"https:\/\/cvinoticias.com\/v3\/author\/f1000024\/"}]}},"_links":{"self":[{"href":"https:\/\/cvinoticias.com\/v3\/wp-json\/wp\/v2\/posts\/12287","targetHints":{"allow":["GET"]}}],"collection":[{"href":"https:\/\/cvinoticias.com\/v3\/wp-json\/wp\/v2\/posts"}],"about":[{"href":"https:\/\/cvinoticias.com\/v3\/wp-json\/wp\/v2\/types\/post"}],"author":[{"embeddable":true,"href":"https:\/\/cvinoticias.com\/v3\/wp-json\/wp\/v2\/users\/2"}],"replies":[{"embeddable":true,"href":"https:\/\/cvinoticias.com\/v3\/wp-json\/wp\/v2\/comments?post=12287"}],"version-history":[{"count":1,"href":"https:\/\/cvinoticias.com\/v3\/wp-json\/wp\/v2\/posts\/12287\/revisions"}],"predecessor-version":[{"id":12289,"href":"https:\/\/cvinoticias.com\/v3\/wp-json\/wp\/v2\/posts\/12287\/revisions\/12289"}],"wp:featuredmedia":[{"embeddable":true,"href":"https:\/\/cvinoticias.com\/v3\/wp-json\/wp\/v2\/media\/12288"}],"wp:attachment":[{"href":"https:\/\/cvinoticias.com\/v3\/wp-json\/wp\/v2\/media?parent=12287"}],"wp:term":[{"taxonomy":"category","embeddable":true,"href":"https:\/\/cvinoticias.com\/v3\/wp-json\/wp\/v2\/categories?post=12287"},{"taxonomy":"post_tag","embeddable":true,"href":"https:\/\/cvinoticias.com\/v3\/wp-json\/wp\/v2\/tags?post=12287"}],"curies":[{"name":"wp","href":"https:\/\/api.w.org\/{rel}","templated":true}]}}