{"id":12272,"date":"2022-01-12T11:54:23","date_gmt":"2022-01-12T11:54:23","guid":{"rendered":"https:\/\/cvinoticias.com\/v3\/?p=12272"},"modified":"2022-01-12T11:54:23","modified_gmt":"2022-01-12T11:54:23","slug":"el-gobierno-relanza-el-programa-conectar-igualdad-y-entrega-netbooks-a-docentes-y-alumnos-secundarios","status":"publish","type":"post","link":"https:\/\/cvinoticias.com\/v3\/el-gobierno-relanza-el-programa-conectar-igualdad-y-entrega-netbooks-a-docentes-y-alumnos-secundarios\/","title":{"rendered":"El Gobierno relanza el programa Conectar Igualdad y entrega netbooks a docentes y alumnos secundarios"},"content":{"rendered":"\n<p><em><strong>La medida fue publicada en el Bolet\u00edn Oficial y se financiar\u00e1 con fondos del Tesoro Nacional destinados al ministerio de Educaci\u00f3n.<\/strong><\/em><\/p>\n\n\n\n<p>El Gobierno vuelve a poner en marcha el plan Conectar Igualdad, que entre 2010 y 2015 entreg\u00f3 m\u00e1s de 5 millones de netbooks a estudiantes secundario.<\/p>\n\n\n\n<p>Este mi\u00e9rcoles se public\u00f3 en el Bolet\u00edn Oficial el Decreto 11\/2022 que reactiva el programa creado durante la presidencia de Cristina Kirchner y por el cual se equipa con recursos tecnol\u00f3gicos \u00aba cada estudiante y a cada docente para las escuelas de educaci\u00f3n secundaria y de educaci\u00f3n especial de gesti\u00f3n estatal\u00bb. Tambi\u00e9n, establece que el Ministerio de Educaci\u00f3n podr\u00e1 establecer criterios adicionales para \u00abel resto de los niveles educativos\u00bb, con el que fin de que sean sumados.<\/p>\n\n\n\n<p>El articulado aclara que el plan \u00abse financiar\u00e1 con las partidas que anualmente asigne la Ley de Presupuesto General de la Administraci\u00f3n Nacional al Ministerios de Educaci\u00f3n, con fondos provenientes del Tesoro Nacional\u00bb, y no ya con los recursos de Anses.<\/p>\n\n\n\n<p>A trav\u00e9s de este documento; firmado por el presidente Alberto Fern\u00e1ndez, el Jefe de Gabinete Juan Manzur y el ministro de Educaci\u00f3n, Jaime Perczyk; se derogan los dos documentos de Mauricio Macri que hab\u00edan cancelado la continuidad del programa, se trata del Decreto 1239\/16 que sac\u00f3 el programa de la \u00f3rbita de la Anses y el Decreto 386\/2018 que cre\u00f3 el programa \u00abAprender Conectados\u00bb.<\/p>\n","protected":false},"excerpt":{"rendered":"<p>La medida fue publicada en el Bolet\u00edn Oficial y se financiar\u00e1 con fondos del Tesoro Nacional destinados al ministerio de Educaci\u00f3n. El Gobierno vuelve a poner en marcha el plan Conectar Igualdad, que entre 2010 y 2015 entreg\u00f3 m\u00e1s de 5 millones de netbooks a estudiantes secundario. Este mi\u00e9rcoles se public\u00f3 en el Bolet\u00edn Oficial [&hellip;]<\/p>\n","protected":false},"author":2,"featured_media":12273,"comment_status":"open","ping_status":"open","sticky":false,"template":"","format":"standard","meta":{"footnotes":""},"categories":[39],"tags":[],"class_list":["post-12272","post","type-post","status-publish","format-standard","has-post-thumbnail","hentry","category-nacionales"],"yoast_head":"<!-- This site is optimized with the Yoast SEO plugin v27.5 - https:\/\/yoast.com\/product\/yoast-seo-wordpress\/ -->\n<title>El Gobierno relanza el programa Conectar Igualdad y entrega netbooks a docentes y alumnos secundarios | CVI NOTICIAS<\/title>\n<meta name=\"robots\" content=\"index, follow, max-snippet:-1, max-image-preview:large, max-video-preview:-1\" \/>\n<link rel=\"canonical\" href=\"https:\/\/cvinoticias.com\/v3\/el-gobierno-relanza-el-programa-conectar-igualdad-y-entrega-netbooks-a-docentes-y-alumnos-secundarios\/\" \/>\n<meta property=\"og:locale\" content=\"es_ES\" \/>\n<meta property=\"og:type\" content=\"article\" \/>\n<meta property=\"og:title\" content=\"El Gobierno relanza el programa Conectar Igualdad y entrega netbooks a docentes y alumnos secundarios | CVI NOTICIAS\" \/>\n<meta property=\"og:description\" content=\"La medida fue publicada en el Bolet\u00edn Oficial y se financiar\u00e1 con fondos del Tesoro Nacional destinados al ministerio de Educaci\u00f3n. El Gobierno vuelve a poner en marcha el plan Conectar Igualdad, que entre 2010 y 2015 entreg\u00f3 m\u00e1s de 5 millones de netbooks a estudiantes secundario. Este mi\u00e9rcoles se public\u00f3 en el Bolet\u00edn Oficial [&hellip;]\" \/>\n<meta property=\"og:url\" content=\"https:\/\/cvinoticias.com\/v3\/el-gobierno-relanza-el-programa-conectar-igualdad-y-entrega-netbooks-a-docentes-y-alumnos-secundarios\/\" \/>\n<meta property=\"og:site_name\" content=\"CVI NOTICIAS\" \/>\n<meta property=\"article:publisher\" content=\"https:\/\/www.facebook.com\/cvinoticias\" \/>\n<meta property=\"article:published_time\" content=\"2022-01-12T11:54:23+00:00\" \/>\n<meta property=\"og:image\" content=\"https:\/\/cvinoticias.com\/wp-content\/uploads\/2022\/01\/153332w360h230c.jpg\" \/>\n\t<meta property=\"og:image:width\" content=\"360\" \/>\n\t<meta property=\"og:image:height\" content=\"230\" \/>\n\t<meta property=\"og:image:type\" content=\"image\/jpeg\" \/>\n<meta name=\"author\" content=\"f1000024\" \/>\n<meta name=\"twitter:card\" content=\"summary_large_image\" \/>\n<meta name=\"twitter:label1\" content=\"Escrito por\" \/>\n\t<meta name=\"twitter:data1\" content=\"f1000024\" \/>\n\t<meta name=\"twitter:label2\" content=\"Tiempo de lectura\" \/>\n\t<meta name=\"twitter:data2\" content=\"1 minuto\" \/>\n<script type=\"application\/ld+json\" class=\"yoast-schema-graph\">{\"@context\":\"https:\\\/\\\/schema.org\",\"@graph\":[{\"@type\":\"Article\",\"@id\":\"https:\\\/\\\/cvinoticias.com\\\/v3\\\/el-gobierno-relanza-el-programa-conectar-igualdad-y-entrega-netbooks-a-docentes-y-alumnos-secundarios\\\/#article\",\"isPartOf\":{\"@id\":\"https:\\\/\\\/cvinoticias.com\\\/v3\\\/el-gobierno-relanza-el-programa-conectar-igualdad-y-entrega-netbooks-a-docentes-y-alumnos-secundarios\\\/\"},\"author\":{\"name\":\"f1000024\",\"@id\":\"https:\\\/\\\/cvinoticias.com\\\/v3\\\/#\\\/schema\\\/person\\\/2db77e3c6bc03c538495d7b2b8be9b66\"},\"headline\":\"El Gobierno relanza el programa Conectar Igualdad y entrega netbooks a docentes y alumnos secundarios\",\"datePublished\":\"2022-01-12T11:54:23+00:00\",\"mainEntityOfPage\":{\"@id\":\"https:\\\/\\\/cvinoticias.com\\\/v3\\\/el-gobierno-relanza-el-programa-conectar-igualdad-y-entrega-netbooks-a-docentes-y-alumnos-secundarios\\\/\"},\"wordCount\":255,\"commentCount\":0,\"publisher\":{\"@id\":\"https:\\\/\\\/cvinoticias.com\\\/v3\\\/#organization\"},\"image\":{\"@id\":\"https:\\\/\\\/cvinoticias.com\\\/v3\\\/el-gobierno-relanza-el-programa-conectar-igualdad-y-entrega-netbooks-a-docentes-y-alumnos-secundarios\\\/#primaryimage\"},\"thumbnailUrl\":\"https:\\\/\\\/cvinoticias.com\\\/wp-content\\\/uploads\\\/2022\\\/01\\\/153332w360h230c.jpg\",\"articleSection\":[\"Nacionales\"],\"inLanguage\":\"es\",\"potentialAction\":[{\"@type\":\"CommentAction\",\"name\":\"Comment\",\"target\":[\"https:\\\/\\\/cvinoticias.com\\\/v3\\\/el-gobierno-relanza-el-programa-conectar-igualdad-y-entrega-netbooks-a-docentes-y-alumnos-secundarios\\\/#respond\"]}]},{\"@type\":\"WebPage\",\"@id\":\"https:\\\/\\\/cvinoticias.com\\\/v3\\\/el-gobierno-relanza-el-programa-conectar-igualdad-y-entrega-netbooks-a-docentes-y-alumnos-secundarios\\\/\",\"url\":\"https:\\\/\\\/cvinoticias.com\\\/v3\\\/el-gobierno-relanza-el-programa-conectar-igualdad-y-entrega-netbooks-a-docentes-y-alumnos-secundarios\\\/\",\"name\":\"El Gobierno relanza el programa Conectar Igualdad y entrega netbooks a docentes y alumnos secundarios | CVI NOTICIAS\",\"isPartOf\":{\"@id\":\"https:\\\/\\\/cvinoticias.com\\\/v3\\\/#website\"},\"primaryImageOfPage\":{\"@id\":\"https:\\\/\\\/cvinoticias.com\\\/v3\\\/el-gobierno-relanza-el-programa-conectar-igualdad-y-entrega-netbooks-a-docentes-y-alumnos-secundarios\\\/#primaryimage\"},\"image\":{\"@id\":\"https:\\\/\\\/cvinoticias.com\\\/v3\\\/el-gobierno-relanza-el-programa-conectar-igualdad-y-entrega-netbooks-a-docentes-y-alumnos-secundarios\\\/#primaryimage\"},\"thumbnailUrl\":\"https:\\\/\\\/cvinoticias.com\\\/wp-content\\\/uploads\\\/2022\\\/01\\\/153332w360h230c.jpg\",\"datePublished\":\"2022-01-12T11:54:23+00:00\",\"breadcrumb\":{\"@id\":\"https:\\\/\\\/cvinoticias.com\\\/v3\\\/el-gobierno-relanza-el-programa-conectar-igualdad-y-entrega-netbooks-a-docentes-y-alumnos-secundarios\\\/#breadcrumb\"},\"inLanguage\":\"es\",\"potentialAction\":[{\"@type\":\"ReadAction\",\"target\":[\"https:\\\/\\\/cvinoticias.com\\\/v3\\\/el-gobierno-relanza-el-programa-conectar-igualdad-y-entrega-netbooks-a-docentes-y-alumnos-secundarios\\\/\"]}]},{\"@type\":\"ImageObject\",\"inLanguage\":\"es\",\"@id\":\"https:\\\/\\\/cvinoticias.com\\\/v3\\\/el-gobierno-relanza-el-programa-conectar-igualdad-y-entrega-netbooks-a-docentes-y-alumnos-secundarios\\\/#primaryimage\",\"url\":\"https:\\\/\\\/cvinoticias.com\\\/wp-content\\\/uploads\\\/2022\\\/01\\\/153332w360h230c.jpg\",\"contentUrl\":\"https:\\\/\\\/cvinoticias.com\\\/wp-content\\\/uploads\\\/2022\\\/01\\\/153332w360h230c.jpg\",\"width\":360,\"height\":230},{\"@type\":\"BreadcrumbList\",\"@id\":\"https:\\\/\\\/cvinoticias.com\\\/v3\\\/el-gobierno-relanza-el-programa-conectar-igualdad-y-entrega-netbooks-a-docentes-y-alumnos-secundarios\\\/#breadcrumb\",\"itemListElement\":[{\"@type\":\"ListItem\",\"position\":1,\"name\":\"Portada\",\"item\":\"https:\\\/\\\/cvinoticias.com\\\/v3\\\/\"},{\"@type\":\"ListItem\",\"position\":2,\"name\":\"El Gobierno relanza el programa Conectar Igualdad y entrega netbooks a docentes y alumnos secundarios\"}]},{\"@type\":\"WebSite\",\"@id\":\"https:\\\/\\\/cvinoticias.com\\\/v3\\\/#website\",\"url\":\"https:\\\/\\\/cvinoticias.com\\\/v3\\\/\",\"name\":\"CVI NOTICIAS\",\"description\":\"\",\"publisher\":{\"@id\":\"https:\\\/\\\/cvinoticias.com\\\/v3\\\/#organization\"},\"alternateName\":\"CVI\",\"potentialAction\":[{\"@type\":\"SearchAction\",\"target\":{\"@type\":\"EntryPoint\",\"urlTemplate\":\"https:\\\/\\\/cvinoticias.com\\\/v3\\\/?s={search_term_string}\"},\"query-input\":{\"@type\":\"PropertyValueSpecification\",\"valueRequired\":true,\"valueName\":\"search_term_string\"}}],\"inLanguage\":\"es\"},{\"@type\":\"Organization\",\"@id\":\"https:\\\/\\\/cvinoticias.com\\\/v3\\\/#organization\",\"name\":\"CVI NOTICIAS\",\"url\":\"https:\\\/\\\/cvinoticias.com\\\/v3\\\/\",\"logo\":{\"@type\":\"ImageObject\",\"inLanguage\":\"es\",\"@id\":\"https:\\\/\\\/cvinoticias.com\\\/v3\\\/#\\\/schema\\\/logo\\\/image\\\/\",\"url\":\"https:\\\/\\\/cvinoticias.com\\\/wp-content\\\/uploads\\\/2023\\\/04\\\/cropped-cropped-cropped-cropped-cropped-3-1.png\",\"contentUrl\":\"https:\\\/\\\/cvinoticias.com\\\/wp-content\\\/uploads\\\/2023\\\/04\\\/cropped-cropped-cropped-cropped-cropped-3-1.png\",\"width\":95,\"height\":122,\"caption\":\"CVI NOTICIAS\"},\"image\":{\"@id\":\"https:\\\/\\\/cvinoticias.com\\\/v3\\\/#\\\/schema\\\/logo\\\/image\\\/\"},\"sameAs\":[\"https:\\\/\\\/www.facebook.com\\\/cvinoticias\",\"https:\\\/\\\/www.instagram.com\\\/cvinoticias\\\/\",\"https:\\\/\\\/www.youtube.com\\\/@CVINOTICIAS\"]},{\"@type\":\"Person\",\"@id\":\"https:\\\/\\\/cvinoticias.com\\\/v3\\\/#\\\/schema\\\/person\\\/2db77e3c6bc03c538495d7b2b8be9b66\",\"name\":\"f1000024\",\"image\":{\"@type\":\"ImageObject\",\"inLanguage\":\"es\",\"@id\":\"https:\\\/\\\/secure.gravatar.com\\\/avatar\\\/d4fe7459cfc51ff5129ce1a732bbef5928568b8092d412ef95611616376bbeed?s=96&d=mm&r=g\",\"url\":\"https:\\\/\\\/secure.gravatar.com\\\/avatar\\\/d4fe7459cfc51ff5129ce1a732bbef5928568b8092d412ef95611616376bbeed?s=96&d=mm&r=g\",\"contentUrl\":\"https:\\\/\\\/secure.gravatar.com\\\/avatar\\\/d4fe7459cfc51ff5129ce1a732bbef5928568b8092d412ef95611616376bbeed?s=96&d=mm&r=g\",\"caption\":\"f1000024\"},\"url\":\"https:\\\/\\\/cvinoticias.com\\\/v3\\\/author\\\/f1000024\\\/\"}]}<\/script>\n<!-- \/ Yoast SEO plugin. -->","yoast_head_json":{"title":"El Gobierno relanza el programa Conectar Igualdad y entrega netbooks a docentes y alumnos secundarios | CVI NOTICIAS","robots":{"index":"index","follow":"follow","max-snippet":"max-snippet:-1","max-image-preview":"max-image-preview:large","max-video-preview":"max-video-preview:-1"},"canonical":"https:\/\/cvinoticias.com\/v3\/el-gobierno-relanza-el-programa-conectar-igualdad-y-entrega-netbooks-a-docentes-y-alumnos-secundarios\/","og_locale":"es_ES","og_type":"article","og_title":"El Gobierno relanza el programa Conectar Igualdad y entrega netbooks a docentes y alumnos secundarios | CVI NOTICIAS","og_description":"La medida fue publicada en el Bolet\u00edn Oficial y se financiar\u00e1 con fondos del Tesoro Nacional destinados al ministerio de Educaci\u00f3n. El Gobierno vuelve a poner en marcha el plan Conectar Igualdad, que entre 2010 y 2015 entreg\u00f3 m\u00e1s de 5 millones de netbooks a estudiantes secundario. Este mi\u00e9rcoles se public\u00f3 en el Bolet\u00edn Oficial [&hellip;]","og_url":"https:\/\/cvinoticias.com\/v3\/el-gobierno-relanza-el-programa-conectar-igualdad-y-entrega-netbooks-a-docentes-y-alumnos-secundarios\/","og_site_name":"CVI NOTICIAS","article_publisher":"https:\/\/www.facebook.com\/cvinoticias","article_published_time":"2022-01-12T11:54:23+00:00","og_image":[{"width":360,"height":230,"url":"https:\/\/cvinoticias.com\/wp-content\/uploads\/2022\/01\/153332w360h230c.jpg","type":"image\/jpeg"}],"author":"f1000024","twitter_card":"summary_large_image","twitter_misc":{"Escrito por":"f1000024","Tiempo de lectura":"1 minuto"},"schema":{"@context":"https:\/\/schema.org","@graph":[{"@type":"Article","@id":"https:\/\/cvinoticias.com\/v3\/el-gobierno-relanza-el-programa-conectar-igualdad-y-entrega-netbooks-a-docentes-y-alumnos-secundarios\/#article","isPartOf":{"@id":"https:\/\/cvinoticias.com\/v3\/el-gobierno-relanza-el-programa-conectar-igualdad-y-entrega-netbooks-a-docentes-y-alumnos-secundarios\/"},"author":{"name":"f1000024","@id":"https:\/\/cvinoticias.com\/v3\/#\/schema\/person\/2db77e3c6bc03c538495d7b2b8be9b66"},"headline":"El Gobierno relanza el programa Conectar Igualdad y entrega netbooks a docentes y alumnos secundarios","datePublished":"2022-01-12T11:54:23+00:00","mainEntityOfPage":{"@id":"https:\/\/cvinoticias.com\/v3\/el-gobierno-relanza-el-programa-conectar-igualdad-y-entrega-netbooks-a-docentes-y-alumnos-secundarios\/"},"wordCount":255,"commentCount":0,"publisher":{"@id":"https:\/\/cvinoticias.com\/v3\/#organization"},"image":{"@id":"https:\/\/cvinoticias.com\/v3\/el-gobierno-relanza-el-programa-conectar-igualdad-y-entrega-netbooks-a-docentes-y-alumnos-secundarios\/#primaryimage"},"thumbnailUrl":"https:\/\/cvinoticias.com\/wp-content\/uploads\/2022\/01\/153332w360h230c.jpg","articleSection":["Nacionales"],"inLanguage":"es","potentialAction":[{"@type":"CommentAction","name":"Comment","target":["https:\/\/cvinoticias.com\/v3\/el-gobierno-relanza-el-programa-conectar-igualdad-y-entrega-netbooks-a-docentes-y-alumnos-secundarios\/#respond"]}]},{"@type":"WebPage","@id":"https:\/\/cvinoticias.com\/v3\/el-gobierno-relanza-el-programa-conectar-igualdad-y-entrega-netbooks-a-docentes-y-alumnos-secundarios\/","url":"https:\/\/cvinoticias.com\/v3\/el-gobierno-relanza-el-programa-conectar-igualdad-y-entrega-netbooks-a-docentes-y-alumnos-secundarios\/","name":"El Gobierno relanza el programa Conectar Igualdad y entrega netbooks a docentes y alumnos secundarios | CVI NOTICIAS","isPartOf":{"@id":"https:\/\/cvinoticias.com\/v3\/#website"},"primaryImageOfPage":{"@id":"https:\/\/cvinoticias.com\/v3\/el-gobierno-relanza-el-programa-conectar-igualdad-y-entrega-netbooks-a-docentes-y-alumnos-secundarios\/#primaryimage"},"image":{"@id":"https:\/\/cvinoticias.com\/v3\/el-gobierno-relanza-el-programa-conectar-igualdad-y-entrega-netbooks-a-docentes-y-alumnos-secundarios\/#primaryimage"},"thumbnailUrl":"https:\/\/cvinoticias.com\/wp-content\/uploads\/2022\/01\/153332w360h230c.jpg","datePublished":"2022-01-12T11:54:23+00:00","breadcrumb":{"@id":"https:\/\/cvinoticias.com\/v3\/el-gobierno-relanza-el-programa-conectar-igualdad-y-entrega-netbooks-a-docentes-y-alumnos-secundarios\/#breadcrumb"},"inLanguage":"es","potentialAction":[{"@type":"ReadAction","target":["https:\/\/cvinoticias.com\/v3\/el-gobierno-relanza-el-programa-conectar-igualdad-y-entrega-netbooks-a-docentes-y-alumnos-secundarios\/"]}]},{"@type":"ImageObject","inLanguage":"es","@id":"https:\/\/cvinoticias.com\/v3\/el-gobierno-relanza-el-programa-conectar-igualdad-y-entrega-netbooks-a-docentes-y-alumnos-secundarios\/#primaryimage","url":"https:\/\/cvinoticias.com\/wp-content\/uploads\/2022\/01\/153332w360h230c.jpg","contentUrl":"https:\/\/cvinoticias.com\/wp-content\/uploads\/2022\/01\/153332w360h230c.jpg","width":360,"height":230},{"@type":"BreadcrumbList","@id":"https:\/\/cvinoticias.com\/v3\/el-gobierno-relanza-el-programa-conectar-igualdad-y-entrega-netbooks-a-docentes-y-alumnos-secundarios\/#breadcrumb","itemListElement":[{"@type":"ListItem","position":1,"name":"Portada","item":"https:\/\/cvinoticias.com\/v3\/"},{"@type":"ListItem","position":2,"name":"El Gobierno relanza el programa Conectar Igualdad y entrega netbooks a docentes y alumnos secundarios"}]},{"@type":"WebSite","@id":"https:\/\/cvinoticias.com\/v3\/#website","url":"https:\/\/cvinoticias.com\/v3\/","name":"CVI NOTICIAS","description":"","publisher":{"@id":"https:\/\/cvinoticias.com\/v3\/#organization"},"alternateName":"CVI","potentialAction":[{"@type":"SearchAction","target":{"@type":"EntryPoint","urlTemplate":"https:\/\/cvinoticias.com\/v3\/?s={search_term_string}"},"query-input":{"@type":"PropertyValueSpecification","valueRequired":true,"valueName":"search_term_string"}}],"inLanguage":"es"},{"@type":"Organization","@id":"https:\/\/cvinoticias.com\/v3\/#organization","name":"CVI NOTICIAS","url":"https:\/\/cvinoticias.com\/v3\/","logo":{"@type":"ImageObject","inLanguage":"es","@id":"https:\/\/cvinoticias.com\/v3\/#\/schema\/logo\/image\/","url":"https:\/\/cvinoticias.com\/wp-content\/uploads\/2023\/04\/cropped-cropped-cropped-cropped-cropped-3-1.png","contentUrl":"https:\/\/cvinoticias.com\/wp-content\/uploads\/2023\/04\/cropped-cropped-cropped-cropped-cropped-3-1.png","width":95,"height":122,"caption":"CVI NOTICIAS"},"image":{"@id":"https:\/\/cvinoticias.com\/v3\/#\/schema\/logo\/image\/"},"sameAs":["https:\/\/www.facebook.com\/cvinoticias","https:\/\/www.instagram.com\/cvinoticias\/","https:\/\/www.youtube.com\/@CVINOTICIAS"]},{"@type":"Person","@id":"https:\/\/cvinoticias.com\/v3\/#\/schema\/person\/2db77e3c6bc03c538495d7b2b8be9b66","name":"f1000024","image":{"@type":"ImageObject","inLanguage":"es","@id":"https:\/\/secure.gravatar.com\/avatar\/d4fe7459cfc51ff5129ce1a732bbef5928568b8092d412ef95611616376bbeed?s=96&d=mm&r=g","url":"https:\/\/secure.gravatar.com\/avatar\/d4fe7459cfc51ff5129ce1a732bbef5928568b8092d412ef95611616376bbeed?s=96&d=mm&r=g","contentUrl":"https:\/\/secure.gravatar.com\/avatar\/d4fe7459cfc51ff5129ce1a732bbef5928568b8092d412ef95611616376bbeed?s=96&d=mm&r=g","caption":"f1000024"},"url":"https:\/\/cvinoticias.com\/v3\/author\/f1000024\/"}]}},"_links":{"self":[{"href":"https:\/\/cvinoticias.com\/v3\/wp-json\/wp\/v2\/posts\/12272","targetHints":{"allow":["GET"]}}],"collection":[{"href":"https:\/\/cvinoticias.com\/v3\/wp-json\/wp\/v2\/posts"}],"about":[{"href":"https:\/\/cvinoticias.com\/v3\/wp-json\/wp\/v2\/types\/post"}],"author":[{"embeddable":true,"href":"https:\/\/cvinoticias.com\/v3\/wp-json\/wp\/v2\/users\/2"}],"replies":[{"embeddable":true,"href":"https:\/\/cvinoticias.com\/v3\/wp-json\/wp\/v2\/comments?post=12272"}],"version-history":[{"count":1,"href":"https:\/\/cvinoticias.com\/v3\/wp-json\/wp\/v2\/posts\/12272\/revisions"}],"predecessor-version":[{"id":12274,"href":"https:\/\/cvinoticias.com\/v3\/wp-json\/wp\/v2\/posts\/12272\/revisions\/12274"}],"wp:featuredmedia":[{"embeddable":true,"href":"https:\/\/cvinoticias.com\/v3\/wp-json\/wp\/v2\/media\/12273"}],"wp:attachment":[{"href":"https:\/\/cvinoticias.com\/v3\/wp-json\/wp\/v2\/media?parent=12272"}],"wp:term":[{"taxonomy":"category","embeddable":true,"href":"https:\/\/cvinoticias.com\/v3\/wp-json\/wp\/v2\/categories?post=12272"},{"taxonomy":"post_tag","embeddable":true,"href":"https:\/\/cvinoticias.com\/v3\/wp-json\/wp\/v2\/tags?post=12272"}],"curies":[{"name":"wp","href":"https:\/\/api.w.org\/{rel}","templated":true}]}}