{"id":12268,"date":"2022-01-12T11:36:03","date_gmt":"2022-01-12T11:36:03","guid":{"rendered":"https:\/\/cvinoticias.com\/v3\/?p=12268"},"modified":"2022-01-12T11:36:03","modified_gmt":"2022-01-12T11:36:03","slug":"san-ignacio-siniestro-fatal-en-la-ruta-no12-se-cobro-la-vida-de-un-motociclista","status":"publish","type":"post","link":"https:\/\/cvinoticias.com\/v3\/san-ignacio-siniestro-fatal-en-la-ruta-no12-se-cobro-la-vida-de-un-motociclista\/","title":{"rendered":"San Ignacio: Siniestro fatal en la ruta N\u00ba12 se cobr\u00f3 la vida de un motociclista"},"content":{"rendered":"\n<p><strong><em>En horas de la ma\u00f1ana de hoy, pasados pocos minutos de las 6, los efectivos de la Comisar\u00eda local fueron informados de que en la intersecci\u00f3n de la Ruta Nacional N\u00ba12 y la Ruta Provincial 210, se habr\u00eda producido una colisi\u00f3n entre un colectivo y una motocicleta.<\/em><\/strong><\/p>\n\n\n\n<p>Debido a ello, una comisi\u00f3n policial arrib\u00f3 al lugar y constat\u00f3 que el conductor del rodado menor identificado como Gonz\u00e1lez \u00c1valos Florencio de 65 a\u00f1os, yac\u00eda sin signos vitales, y su acompa\u00f1ante se encontraba lesionado, por lo que fue r\u00e1pidamente evacuado en ambulancia al hospital local.<\/p>\n\n\n\n<p>En tanto al otro veh\u00edculo involucrado, se trata de un colectivo de transporte de pasajeros de una empresa de larga distancia, oriunda de la provincia de Chaco; al mando de un hombre de 60 a\u00f1os. No se registraron m\u00e1s lesionados ni v\u00edctimas.<\/p>\n\n\n\n<p>Seg\u00fan las primeras averiguaciones, el colectivo circulaba por la ruta Nacional en sentido San Ignacio &#8211; Iguaz\u00fa, y cuando llega a la altura de la ruta provincial, por razones que se tratan de establecer colisiona con la motocicleta en su parte frontal.<\/p>\n\n\n\n<p>Consecuentemente, se preserv\u00f3 el lugar y se solicit\u00f3 el arribo del personal de la Divisi\u00f3n Polic\u00eda Cient\u00edfica, m\u00e9dico y del bioqu\u00edmico policial para las tareas de rigor pertinentes. Interviene el Juzgado de Instrucci\u00f3n N\u00ba2 de Jard\u00edn Am\u00e9rica.<\/p>\n\n\n\n<figure class=\"wp-block-image size-large is-resized\"><a href=\"https:\/\/cvinoticias.com\/wp-content\/uploads\/2022\/01\/IMG-20220112-WA0014.jpg\"><img decoding=\"async\" data-src=\"https:\/\/cvinoticias.com\/wp-content\/uploads\/2022\/01\/IMG-20220112-WA0014-461x1024.jpg\" alt=\"\" class=\"wp-image-12269 lazyload\" width=\"668\" height=\"1483\" data-srcset=\"https:\/\/cvinoticias.com\/wp-content\/uploads\/2022\/01\/IMG-20220112-WA0014-461x1024.jpg 461w, https:\/\/cvinoticias.com\/wp-content\/uploads\/2022\/01\/IMG-20220112-WA0014-135x300.jpg 135w, https:\/\/cvinoticias.com\/wp-content\/uploads\/2022\/01\/IMG-20220112-WA0014.jpg 720w\" data-sizes=\"(max-width: 668px) 100vw, 668px\" src=\"data:image\/svg+xml;base64,PHN2ZyB3aWR0aD0iMSIgaGVpZ2h0PSIxIiB4bWxucz0iaHR0cDovL3d3dy53My5vcmcvMjAwMC9zdmciPjwvc3ZnPg==\" style=\"--smush-placeholder-width: 668px; --smush-placeholder-aspect-ratio: 668\/1483;\" \/><\/a><\/figure>\n","protected":false},"excerpt":{"rendered":"<p>En horas de la ma\u00f1ana de hoy, pasados pocos minutos de las 6, los efectivos de la Comisar\u00eda local fueron informados de que en la intersecci\u00f3n de la Ruta Nacional N\u00ba12 y la Ruta Provincial 210, se habr\u00eda producido una colisi\u00f3n entre un colectivo y una motocicleta. Debido a ello, una comisi\u00f3n policial arrib\u00f3 al [&hellip;]<\/p>\n","protected":false},"author":2,"featured_media":12270,"comment_status":"open","ping_status":"open","sticky":false,"template":"","format":"standard","meta":{"footnotes":""},"categories":[43],"tags":[],"class_list":["post-12268","post","type-post","status-publish","format-standard","has-post-thumbnail","hentry","category-provinciales"],"yoast_head":"<!-- This site is optimized with the Yoast SEO plugin v27.5 - https:\/\/yoast.com\/product\/yoast-seo-wordpress\/ -->\n<title>San Ignacio: Siniestro fatal en la ruta N\u00ba12 se cobr\u00f3 la vida de un motociclista | CVI NOTICIAS<\/title>\n<meta name=\"robots\" content=\"index, follow, max-snippet:-1, max-image-preview:large, max-video-preview:-1\" \/>\n<link rel=\"canonical\" href=\"https:\/\/cvinoticias.com\/v3\/san-ignacio-siniestro-fatal-en-la-ruta-no12-se-cobro-la-vida-de-un-motociclista\/\" \/>\n<meta property=\"og:locale\" content=\"es_ES\" \/>\n<meta property=\"og:type\" content=\"article\" \/>\n<meta property=\"og:title\" content=\"San Ignacio: Siniestro fatal en la ruta N\u00ba12 se cobr\u00f3 la vida de un motociclista | CVI NOTICIAS\" \/>\n<meta property=\"og:description\" content=\"En horas de la ma\u00f1ana de hoy, pasados pocos minutos de las 6, los efectivos de la Comisar\u00eda local fueron informados de que en la intersecci\u00f3n de la Ruta Nacional N\u00ba12 y la Ruta Provincial 210, se habr\u00eda producido una colisi\u00f3n entre un colectivo y una motocicleta. Debido a ello, una comisi\u00f3n policial arrib\u00f3 al [&hellip;]\" \/>\n<meta property=\"og:url\" content=\"https:\/\/cvinoticias.com\/v3\/san-ignacio-siniestro-fatal-en-la-ruta-no12-se-cobro-la-vida-de-un-motociclista\/\" \/>\n<meta property=\"og:site_name\" content=\"CVI NOTICIAS\" \/>\n<meta property=\"article:publisher\" content=\"https:\/\/www.facebook.com\/cvinoticias\" \/>\n<meta property=\"article:published_time\" content=\"2022-01-12T11:36:03+00:00\" \/>\n<meta property=\"og:image\" content=\"https:\/\/cvinoticias.com\/wp-content\/uploads\/2022\/01\/IMG-20220112-WA0013.jpg\" \/>\n\t<meta property=\"og:image:width\" content=\"720\" \/>\n\t<meta property=\"og:image:height\" content=\"1600\" \/>\n\t<meta property=\"og:image:type\" content=\"image\/jpeg\" \/>\n<meta name=\"author\" content=\"f1000024\" \/>\n<meta name=\"twitter:card\" content=\"summary_large_image\" \/>\n<meta name=\"twitter:label1\" content=\"Escrito por\" \/>\n\t<meta name=\"twitter:data1\" content=\"f1000024\" \/>\n\t<meta name=\"twitter:label2\" content=\"Tiempo de lectura\" \/>\n\t<meta name=\"twitter:data2\" content=\"1 minuto\" \/>\n<script type=\"application\/ld+json\" class=\"yoast-schema-graph\">{\"@context\":\"https:\\\/\\\/schema.org\",\"@graph\":[{\"@type\":\"Article\",\"@id\":\"https:\\\/\\\/cvinoticias.com\\\/v3\\\/san-ignacio-siniestro-fatal-en-la-ruta-no12-se-cobro-la-vida-de-un-motociclista\\\/#article\",\"isPartOf\":{\"@id\":\"https:\\\/\\\/cvinoticias.com\\\/v3\\\/san-ignacio-siniestro-fatal-en-la-ruta-no12-se-cobro-la-vida-de-un-motociclista\\\/\"},\"author\":{\"name\":\"f1000024\",\"@id\":\"https:\\\/\\\/cvinoticias.com\\\/v3\\\/#\\\/schema\\\/person\\\/2db77e3c6bc03c538495d7b2b8be9b66\"},\"headline\":\"San Ignacio: Siniestro fatal en la ruta N\u00ba12 se cobr\u00f3 la vida de un motociclista\",\"datePublished\":\"2022-01-12T11:36:03+00:00\",\"mainEntityOfPage\":{\"@id\":\"https:\\\/\\\/cvinoticias.com\\\/v3\\\/san-ignacio-siniestro-fatal-en-la-ruta-no12-se-cobro-la-vida-de-un-motociclista\\\/\"},\"wordCount\":249,\"commentCount\":0,\"publisher\":{\"@id\":\"https:\\\/\\\/cvinoticias.com\\\/v3\\\/#organization\"},\"image\":{\"@id\":\"https:\\\/\\\/cvinoticias.com\\\/v3\\\/san-ignacio-siniestro-fatal-en-la-ruta-no12-se-cobro-la-vida-de-un-motociclista\\\/#primaryimage\"},\"thumbnailUrl\":\"https:\\\/\\\/cvinoticias.com\\\/wp-content\\\/uploads\\\/2022\\\/01\\\/IMG-20220112-WA0013.jpg\",\"articleSection\":[\"Provinciales\"],\"inLanguage\":\"es\",\"potentialAction\":[{\"@type\":\"CommentAction\",\"name\":\"Comment\",\"target\":[\"https:\\\/\\\/cvinoticias.com\\\/v3\\\/san-ignacio-siniestro-fatal-en-la-ruta-no12-se-cobro-la-vida-de-un-motociclista\\\/#respond\"]}]},{\"@type\":\"WebPage\",\"@id\":\"https:\\\/\\\/cvinoticias.com\\\/v3\\\/san-ignacio-siniestro-fatal-en-la-ruta-no12-se-cobro-la-vida-de-un-motociclista\\\/\",\"url\":\"https:\\\/\\\/cvinoticias.com\\\/v3\\\/san-ignacio-siniestro-fatal-en-la-ruta-no12-se-cobro-la-vida-de-un-motociclista\\\/\",\"name\":\"San Ignacio: Siniestro fatal en la ruta N\u00ba12 se cobr\u00f3 la vida de un motociclista | CVI NOTICIAS\",\"isPartOf\":{\"@id\":\"https:\\\/\\\/cvinoticias.com\\\/v3\\\/#website\"},\"primaryImageOfPage\":{\"@id\":\"https:\\\/\\\/cvinoticias.com\\\/v3\\\/san-ignacio-siniestro-fatal-en-la-ruta-no12-se-cobro-la-vida-de-un-motociclista\\\/#primaryimage\"},\"image\":{\"@id\":\"https:\\\/\\\/cvinoticias.com\\\/v3\\\/san-ignacio-siniestro-fatal-en-la-ruta-no12-se-cobro-la-vida-de-un-motociclista\\\/#primaryimage\"},\"thumbnailUrl\":\"https:\\\/\\\/cvinoticias.com\\\/wp-content\\\/uploads\\\/2022\\\/01\\\/IMG-20220112-WA0013.jpg\",\"datePublished\":\"2022-01-12T11:36:03+00:00\",\"breadcrumb\":{\"@id\":\"https:\\\/\\\/cvinoticias.com\\\/v3\\\/san-ignacio-siniestro-fatal-en-la-ruta-no12-se-cobro-la-vida-de-un-motociclista\\\/#breadcrumb\"},\"inLanguage\":\"es\",\"potentialAction\":[{\"@type\":\"ReadAction\",\"target\":[\"https:\\\/\\\/cvinoticias.com\\\/v3\\\/san-ignacio-siniestro-fatal-en-la-ruta-no12-se-cobro-la-vida-de-un-motociclista\\\/\"]}]},{\"@type\":\"ImageObject\",\"inLanguage\":\"es\",\"@id\":\"https:\\\/\\\/cvinoticias.com\\\/v3\\\/san-ignacio-siniestro-fatal-en-la-ruta-no12-se-cobro-la-vida-de-un-motociclista\\\/#primaryimage\",\"url\":\"https:\\\/\\\/cvinoticias.com\\\/wp-content\\\/uploads\\\/2022\\\/01\\\/IMG-20220112-WA0013.jpg\",\"contentUrl\":\"https:\\\/\\\/cvinoticias.com\\\/wp-content\\\/uploads\\\/2022\\\/01\\\/IMG-20220112-WA0013.jpg\",\"width\":720,\"height\":1600},{\"@type\":\"BreadcrumbList\",\"@id\":\"https:\\\/\\\/cvinoticias.com\\\/v3\\\/san-ignacio-siniestro-fatal-en-la-ruta-no12-se-cobro-la-vida-de-un-motociclista\\\/#breadcrumb\",\"itemListElement\":[{\"@type\":\"ListItem\",\"position\":1,\"name\":\"Portada\",\"item\":\"https:\\\/\\\/cvinoticias.com\\\/v3\\\/\"},{\"@type\":\"ListItem\",\"position\":2,\"name\":\"San Ignacio: Siniestro fatal en la ruta N\u00ba12 se cobr\u00f3 la vida de un motociclista\"}]},{\"@type\":\"WebSite\",\"@id\":\"https:\\\/\\\/cvinoticias.com\\\/v3\\\/#website\",\"url\":\"https:\\\/\\\/cvinoticias.com\\\/v3\\\/\",\"name\":\"CVI NOTICIAS\",\"description\":\"\",\"publisher\":{\"@id\":\"https:\\\/\\\/cvinoticias.com\\\/v3\\\/#organization\"},\"alternateName\":\"CVI\",\"potentialAction\":[{\"@type\":\"SearchAction\",\"target\":{\"@type\":\"EntryPoint\",\"urlTemplate\":\"https:\\\/\\\/cvinoticias.com\\\/v3\\\/?s={search_term_string}\"},\"query-input\":{\"@type\":\"PropertyValueSpecification\",\"valueRequired\":true,\"valueName\":\"search_term_string\"}}],\"inLanguage\":\"es\"},{\"@type\":\"Organization\",\"@id\":\"https:\\\/\\\/cvinoticias.com\\\/v3\\\/#organization\",\"name\":\"CVI NOTICIAS\",\"url\":\"https:\\\/\\\/cvinoticias.com\\\/v3\\\/\",\"logo\":{\"@type\":\"ImageObject\",\"inLanguage\":\"es\",\"@id\":\"https:\\\/\\\/cvinoticias.com\\\/v3\\\/#\\\/schema\\\/logo\\\/image\\\/\",\"url\":\"https:\\\/\\\/cvinoticias.com\\\/wp-content\\\/uploads\\\/2023\\\/04\\\/cropped-cropped-cropped-cropped-cropped-3-1.png\",\"contentUrl\":\"https:\\\/\\\/cvinoticias.com\\\/wp-content\\\/uploads\\\/2023\\\/04\\\/cropped-cropped-cropped-cropped-cropped-3-1.png\",\"width\":95,\"height\":122,\"caption\":\"CVI NOTICIAS\"},\"image\":{\"@id\":\"https:\\\/\\\/cvinoticias.com\\\/v3\\\/#\\\/schema\\\/logo\\\/image\\\/\"},\"sameAs\":[\"https:\\\/\\\/www.facebook.com\\\/cvinoticias\",\"https:\\\/\\\/www.instagram.com\\\/cvinoticias\\\/\",\"https:\\\/\\\/www.youtube.com\\\/@CVINOTICIAS\"]},{\"@type\":\"Person\",\"@id\":\"https:\\\/\\\/cvinoticias.com\\\/v3\\\/#\\\/schema\\\/person\\\/2db77e3c6bc03c538495d7b2b8be9b66\",\"name\":\"f1000024\",\"image\":{\"@type\":\"ImageObject\",\"inLanguage\":\"es\",\"@id\":\"https:\\\/\\\/secure.gravatar.com\\\/avatar\\\/d4fe7459cfc51ff5129ce1a732bbef5928568b8092d412ef95611616376bbeed?s=96&d=mm&r=g\",\"url\":\"https:\\\/\\\/secure.gravatar.com\\\/avatar\\\/d4fe7459cfc51ff5129ce1a732bbef5928568b8092d412ef95611616376bbeed?s=96&d=mm&r=g\",\"contentUrl\":\"https:\\\/\\\/secure.gravatar.com\\\/avatar\\\/d4fe7459cfc51ff5129ce1a732bbef5928568b8092d412ef95611616376bbeed?s=96&d=mm&r=g\",\"caption\":\"f1000024\"},\"url\":\"https:\\\/\\\/cvinoticias.com\\\/v3\\\/author\\\/f1000024\\\/\"}]}<\/script>\n<!-- \/ Yoast SEO plugin. -->","yoast_head_json":{"title":"San Ignacio: Siniestro fatal en la ruta N\u00ba12 se cobr\u00f3 la vida de un motociclista | CVI NOTICIAS","robots":{"index":"index","follow":"follow","max-snippet":"max-snippet:-1","max-image-preview":"max-image-preview:large","max-video-preview":"max-video-preview:-1"},"canonical":"https:\/\/cvinoticias.com\/v3\/san-ignacio-siniestro-fatal-en-la-ruta-no12-se-cobro-la-vida-de-un-motociclista\/","og_locale":"es_ES","og_type":"article","og_title":"San Ignacio: Siniestro fatal en la ruta N\u00ba12 se cobr\u00f3 la vida de un motociclista | CVI NOTICIAS","og_description":"En horas de la ma\u00f1ana de hoy, pasados pocos minutos de las 6, los efectivos de la Comisar\u00eda local fueron informados de que en la intersecci\u00f3n de la Ruta Nacional N\u00ba12 y la Ruta Provincial 210, se habr\u00eda producido una colisi\u00f3n entre un colectivo y una motocicleta. Debido a ello, una comisi\u00f3n policial arrib\u00f3 al [&hellip;]","og_url":"https:\/\/cvinoticias.com\/v3\/san-ignacio-siniestro-fatal-en-la-ruta-no12-se-cobro-la-vida-de-un-motociclista\/","og_site_name":"CVI NOTICIAS","article_publisher":"https:\/\/www.facebook.com\/cvinoticias","article_published_time":"2022-01-12T11:36:03+00:00","og_image":[{"width":720,"height":1600,"url":"https:\/\/cvinoticias.com\/wp-content\/uploads\/2022\/01\/IMG-20220112-WA0013.jpg","type":"image\/jpeg"}],"author":"f1000024","twitter_card":"summary_large_image","twitter_misc":{"Escrito por":"f1000024","Tiempo de lectura":"1 minuto"},"schema":{"@context":"https:\/\/schema.org","@graph":[{"@type":"Article","@id":"https:\/\/cvinoticias.com\/v3\/san-ignacio-siniestro-fatal-en-la-ruta-no12-se-cobro-la-vida-de-un-motociclista\/#article","isPartOf":{"@id":"https:\/\/cvinoticias.com\/v3\/san-ignacio-siniestro-fatal-en-la-ruta-no12-se-cobro-la-vida-de-un-motociclista\/"},"author":{"name":"f1000024","@id":"https:\/\/cvinoticias.com\/v3\/#\/schema\/person\/2db77e3c6bc03c538495d7b2b8be9b66"},"headline":"San Ignacio: Siniestro fatal en la ruta N\u00ba12 se cobr\u00f3 la vida de un motociclista","datePublished":"2022-01-12T11:36:03+00:00","mainEntityOfPage":{"@id":"https:\/\/cvinoticias.com\/v3\/san-ignacio-siniestro-fatal-en-la-ruta-no12-se-cobro-la-vida-de-un-motociclista\/"},"wordCount":249,"commentCount":0,"publisher":{"@id":"https:\/\/cvinoticias.com\/v3\/#organization"},"image":{"@id":"https:\/\/cvinoticias.com\/v3\/san-ignacio-siniestro-fatal-en-la-ruta-no12-se-cobro-la-vida-de-un-motociclista\/#primaryimage"},"thumbnailUrl":"https:\/\/cvinoticias.com\/wp-content\/uploads\/2022\/01\/IMG-20220112-WA0013.jpg","articleSection":["Provinciales"],"inLanguage":"es","potentialAction":[{"@type":"CommentAction","name":"Comment","target":["https:\/\/cvinoticias.com\/v3\/san-ignacio-siniestro-fatal-en-la-ruta-no12-se-cobro-la-vida-de-un-motociclista\/#respond"]}]},{"@type":"WebPage","@id":"https:\/\/cvinoticias.com\/v3\/san-ignacio-siniestro-fatal-en-la-ruta-no12-se-cobro-la-vida-de-un-motociclista\/","url":"https:\/\/cvinoticias.com\/v3\/san-ignacio-siniestro-fatal-en-la-ruta-no12-se-cobro-la-vida-de-un-motociclista\/","name":"San Ignacio: Siniestro fatal en la ruta N\u00ba12 se cobr\u00f3 la vida de un motociclista | CVI NOTICIAS","isPartOf":{"@id":"https:\/\/cvinoticias.com\/v3\/#website"},"primaryImageOfPage":{"@id":"https:\/\/cvinoticias.com\/v3\/san-ignacio-siniestro-fatal-en-la-ruta-no12-se-cobro-la-vida-de-un-motociclista\/#primaryimage"},"image":{"@id":"https:\/\/cvinoticias.com\/v3\/san-ignacio-siniestro-fatal-en-la-ruta-no12-se-cobro-la-vida-de-un-motociclista\/#primaryimage"},"thumbnailUrl":"https:\/\/cvinoticias.com\/wp-content\/uploads\/2022\/01\/IMG-20220112-WA0013.jpg","datePublished":"2022-01-12T11:36:03+00:00","breadcrumb":{"@id":"https:\/\/cvinoticias.com\/v3\/san-ignacio-siniestro-fatal-en-la-ruta-no12-se-cobro-la-vida-de-un-motociclista\/#breadcrumb"},"inLanguage":"es","potentialAction":[{"@type":"ReadAction","target":["https:\/\/cvinoticias.com\/v3\/san-ignacio-siniestro-fatal-en-la-ruta-no12-se-cobro-la-vida-de-un-motociclista\/"]}]},{"@type":"ImageObject","inLanguage":"es","@id":"https:\/\/cvinoticias.com\/v3\/san-ignacio-siniestro-fatal-en-la-ruta-no12-se-cobro-la-vida-de-un-motociclista\/#primaryimage","url":"https:\/\/cvinoticias.com\/wp-content\/uploads\/2022\/01\/IMG-20220112-WA0013.jpg","contentUrl":"https:\/\/cvinoticias.com\/wp-content\/uploads\/2022\/01\/IMG-20220112-WA0013.jpg","width":720,"height":1600},{"@type":"BreadcrumbList","@id":"https:\/\/cvinoticias.com\/v3\/san-ignacio-siniestro-fatal-en-la-ruta-no12-se-cobro-la-vida-de-un-motociclista\/#breadcrumb","itemListElement":[{"@type":"ListItem","position":1,"name":"Portada","item":"https:\/\/cvinoticias.com\/v3\/"},{"@type":"ListItem","position":2,"name":"San Ignacio: Siniestro fatal en la ruta N\u00ba12 se cobr\u00f3 la vida de un motociclista"}]},{"@type":"WebSite","@id":"https:\/\/cvinoticias.com\/v3\/#website","url":"https:\/\/cvinoticias.com\/v3\/","name":"CVI NOTICIAS","description":"","publisher":{"@id":"https:\/\/cvinoticias.com\/v3\/#organization"},"alternateName":"CVI","potentialAction":[{"@type":"SearchAction","target":{"@type":"EntryPoint","urlTemplate":"https:\/\/cvinoticias.com\/v3\/?s={search_term_string}"},"query-input":{"@type":"PropertyValueSpecification","valueRequired":true,"valueName":"search_term_string"}}],"inLanguage":"es"},{"@type":"Organization","@id":"https:\/\/cvinoticias.com\/v3\/#organization","name":"CVI NOTICIAS","url":"https:\/\/cvinoticias.com\/v3\/","logo":{"@type":"ImageObject","inLanguage":"es","@id":"https:\/\/cvinoticias.com\/v3\/#\/schema\/logo\/image\/","url":"https:\/\/cvinoticias.com\/wp-content\/uploads\/2023\/04\/cropped-cropped-cropped-cropped-cropped-3-1.png","contentUrl":"https:\/\/cvinoticias.com\/wp-content\/uploads\/2023\/04\/cropped-cropped-cropped-cropped-cropped-3-1.png","width":95,"height":122,"caption":"CVI NOTICIAS"},"image":{"@id":"https:\/\/cvinoticias.com\/v3\/#\/schema\/logo\/image\/"},"sameAs":["https:\/\/www.facebook.com\/cvinoticias","https:\/\/www.instagram.com\/cvinoticias\/","https:\/\/www.youtube.com\/@CVINOTICIAS"]},{"@type":"Person","@id":"https:\/\/cvinoticias.com\/v3\/#\/schema\/person\/2db77e3c6bc03c538495d7b2b8be9b66","name":"f1000024","image":{"@type":"ImageObject","inLanguage":"es","@id":"https:\/\/secure.gravatar.com\/avatar\/d4fe7459cfc51ff5129ce1a732bbef5928568b8092d412ef95611616376bbeed?s=96&d=mm&r=g","url":"https:\/\/secure.gravatar.com\/avatar\/d4fe7459cfc51ff5129ce1a732bbef5928568b8092d412ef95611616376bbeed?s=96&d=mm&r=g","contentUrl":"https:\/\/secure.gravatar.com\/avatar\/d4fe7459cfc51ff5129ce1a732bbef5928568b8092d412ef95611616376bbeed?s=96&d=mm&r=g","caption":"f1000024"},"url":"https:\/\/cvinoticias.com\/v3\/author\/f1000024\/"}]}},"_links":{"self":[{"href":"https:\/\/cvinoticias.com\/v3\/wp-json\/wp\/v2\/posts\/12268","targetHints":{"allow":["GET"]}}],"collection":[{"href":"https:\/\/cvinoticias.com\/v3\/wp-json\/wp\/v2\/posts"}],"about":[{"href":"https:\/\/cvinoticias.com\/v3\/wp-json\/wp\/v2\/types\/post"}],"author":[{"embeddable":true,"href":"https:\/\/cvinoticias.com\/v3\/wp-json\/wp\/v2\/users\/2"}],"replies":[{"embeddable":true,"href":"https:\/\/cvinoticias.com\/v3\/wp-json\/wp\/v2\/comments?post=12268"}],"version-history":[{"count":1,"href":"https:\/\/cvinoticias.com\/v3\/wp-json\/wp\/v2\/posts\/12268\/revisions"}],"predecessor-version":[{"id":12271,"href":"https:\/\/cvinoticias.com\/v3\/wp-json\/wp\/v2\/posts\/12268\/revisions\/12271"}],"wp:featuredmedia":[{"embeddable":true,"href":"https:\/\/cvinoticias.com\/v3\/wp-json\/wp\/v2\/media\/12270"}],"wp:attachment":[{"href":"https:\/\/cvinoticias.com\/v3\/wp-json\/wp\/v2\/media?parent=12268"}],"wp:term":[{"taxonomy":"category","embeddable":true,"href":"https:\/\/cvinoticias.com\/v3\/wp-json\/wp\/v2\/categories?post=12268"},{"taxonomy":"post_tag","embeddable":true,"href":"https:\/\/cvinoticias.com\/v3\/wp-json\/wp\/v2\/tags?post=12268"}],"curies":[{"name":"wp","href":"https:\/\/api.w.org\/{rel}","templated":true}]}}