{"id":12264,"date":"2022-01-12T11:18:51","date_gmt":"2022-01-12T11:18:51","guid":{"rendered":"https:\/\/cvinoticias.com\/v3\/?p=12264"},"modified":"2022-01-12T11:18:51","modified_gmt":"2022-01-12T11:18:51","slug":"previaje-habria-una-tercera-edicion-antes-de-que-termine-el-verano","status":"publish","type":"post","link":"https:\/\/cvinoticias.com\/v3\/previaje-habria-una-tercera-edicion-antes-de-que-termine-el-verano\/","title":{"rendered":"Previaje: habr\u00eda una tercera edici\u00f3n antes de que termine el verano"},"content":{"rendered":"\n<p><strong><em>\u201cYa lo tenemos presupuestado\u201d, confirm\u00f3 Turismo. Asegur\u00f3 que podr\u00eda haber algunos cambios pero que el Gobierno quiere capitalizar \u201cuna temporada hist\u00f3rica\u201d.<\/em><\/strong><\/p>\n\n\n\n<p>\u201cLa idea es tener una nueva edici\u00f3n del Previaje, que haya una tercera, ya lo tenemos presupuestado. Tal vez con algunos cambios, pero va a seguir\u201d. Con esas palabras, el ministro de Turismo, Mat\u00edas Lammens, confirm\u00f3 que podr\u00eda haber una nueva extensi\u00f3n del Previaje para incentivar el turismo en el pa\u00eds.<\/p>\n\n\n\n<p>\u201cEl turismo es una enorme oportunidad para la Argentina. Genera empleo y genera divisas. Es una oportunidad hist\u00f3rica\u201d, dijo Lammens y ponder\u00f3 la gran ocupaci\u00f3n hotelera en todo el pa\u00eds.<\/p>\n\n\n\n<p>Lammens tambi\u00e9n reconoci\u00f3 la gran cantidad de casos de coronavirus y las necesidades de aislamiento ante contactos estrecho est\u00e1n complicado la temporada. \u201cSi bien el coronavirus no est\u00e1 pegando en el sistema sanitario, no se est\u00e1n ocupando masivamente las camas de terapia intensiva, s\u00ed hay tensi\u00f3n en la parte log\u00edstica de turismo. En el sector privado est\u00e1n haciendo malabares para atender al turista\u201d.<\/p>\n\n\n\n<p><strong>Qu\u00e9 es el Previaje<\/strong><\/p>\n\n\n\n<p>Es un plan de incentivos para la contrataci\u00f3n anticipada de servicios tur\u00edsticos nacionales que genera un cr\u00e9dito equivalente al 50% de lo gastado que se podr\u00e1 usar en otras compras a operadores tur\u00edsticos de todo el pa\u00eds. El plan se oficializ\u00f3 mediante la resoluci\u00f3n 305\/2021 del Ministerio de Turismo y Deportes.<\/p>\n\n\n\n<p>Est\u00e1n incluidas agencias de viaje, alojamiento, transporte y otros servicios tur\u00edsticos como centros de esqu\u00ed, bodegas, alquiler de veh\u00edculos y espect\u00e1culos art\u00edsticos. El cr\u00e9dito otorgado se podr\u00e1 utilizar en comercios de toda la cadena tur\u00edstica del pa\u00eds hasta diciembre de 2022.<\/p>\n","protected":false},"excerpt":{"rendered":"<p>\u201cYa lo tenemos presupuestado\u201d, confirm\u00f3 Turismo. Asegur\u00f3 que podr\u00eda haber algunos cambios pero que el Gobierno quiere capitalizar \u201cuna temporada hist\u00f3rica\u201d. \u201cLa idea es tener una nueva edici\u00f3n del Previaje, que haya una tercera, ya lo tenemos presupuestado. Tal vez con algunos cambios, pero va a seguir\u201d. Con esas palabras, el ministro de Turismo, Mat\u00edas [&hellip;]<\/p>\n","protected":false},"author":2,"featured_media":12265,"comment_status":"open","ping_status":"open","sticky":false,"template":"","format":"standard","meta":{"footnotes":""},"categories":[50],"tags":[],"class_list":["post-12264","post","type-post","status-publish","format-standard","has-post-thumbnail","hentry","category-turismo"],"yoast_head":"<!-- This site is optimized with the Yoast SEO plugin v27.5 - https:\/\/yoast.com\/product\/yoast-seo-wordpress\/ -->\n<title>Previaje: habr\u00eda una tercera edici\u00f3n antes de que termine el verano | CVI NOTICIAS<\/title>\n<meta name=\"robots\" content=\"index, follow, max-snippet:-1, max-image-preview:large, max-video-preview:-1\" \/>\n<link rel=\"canonical\" href=\"https:\/\/cvinoticias.com\/v3\/previaje-habria-una-tercera-edicion-antes-de-que-termine-el-verano\/\" \/>\n<meta property=\"og:locale\" content=\"es_ES\" \/>\n<meta property=\"og:type\" content=\"article\" \/>\n<meta property=\"og:title\" content=\"Previaje: habr\u00eda una tercera edici\u00f3n antes de que termine el verano | CVI NOTICIAS\" \/>\n<meta property=\"og:description\" content=\"\u201cYa lo tenemos presupuestado\u201d, confirm\u00f3 Turismo. Asegur\u00f3 que podr\u00eda haber algunos cambios pero que el Gobierno quiere capitalizar \u201cuna temporada hist\u00f3rica\u201d. \u201cLa idea es tener una nueva edici\u00f3n del Previaje, que haya una tercera, ya lo tenemos presupuestado. Tal vez con algunos cambios, pero va a seguir\u201d. Con esas palabras, el ministro de Turismo, Mat\u00edas [&hellip;]\" \/>\n<meta property=\"og:url\" content=\"https:\/\/cvinoticias.com\/v3\/previaje-habria-una-tercera-edicion-antes-de-que-termine-el-verano\/\" \/>\n<meta property=\"og:site_name\" content=\"CVI NOTICIAS\" \/>\n<meta property=\"article:publisher\" content=\"https:\/\/www.facebook.com\/cvinoticias\" \/>\n<meta property=\"article:published_time\" content=\"2022-01-12T11:18:51+00:00\" \/>\n<meta property=\"og:image\" content=\"https:\/\/cvinoticias.com\/wp-content\/uploads\/2022\/01\/previaje-argentina.png\" \/>\n\t<meta property=\"og:image:width\" content=\"660\" \/>\n\t<meta property=\"og:image:height\" content=\"471\" \/>\n\t<meta property=\"og:image:type\" content=\"image\/png\" \/>\n<meta name=\"author\" content=\"f1000024\" \/>\n<meta name=\"twitter:card\" content=\"summary_large_image\" \/>\n<meta name=\"twitter:label1\" content=\"Escrito por\" \/>\n\t<meta name=\"twitter:data1\" content=\"f1000024\" \/>\n\t<meta name=\"twitter:label2\" content=\"Tiempo de lectura\" \/>\n\t<meta name=\"twitter:data2\" content=\"1 minuto\" \/>\n<script type=\"application\/ld+json\" class=\"yoast-schema-graph\">{\"@context\":\"https:\\\/\\\/schema.org\",\"@graph\":[{\"@type\":\"Article\",\"@id\":\"https:\\\/\\\/cvinoticias.com\\\/v3\\\/previaje-habria-una-tercera-edicion-antes-de-que-termine-el-verano\\\/#article\",\"isPartOf\":{\"@id\":\"https:\\\/\\\/cvinoticias.com\\\/v3\\\/previaje-habria-una-tercera-edicion-antes-de-que-termine-el-verano\\\/\"},\"author\":{\"name\":\"f1000024\",\"@id\":\"https:\\\/\\\/cvinoticias.com\\\/v3\\\/#\\\/schema\\\/person\\\/2db77e3c6bc03c538495d7b2b8be9b66\"},\"headline\":\"Previaje: habr\u00eda una tercera edici\u00f3n antes de que termine el verano\",\"datePublished\":\"2022-01-12T11:18:51+00:00\",\"mainEntityOfPage\":{\"@id\":\"https:\\\/\\\/cvinoticias.com\\\/v3\\\/previaje-habria-una-tercera-edicion-antes-de-que-termine-el-verano\\\/\"},\"wordCount\":301,\"commentCount\":0,\"publisher\":{\"@id\":\"https:\\\/\\\/cvinoticias.com\\\/v3\\\/#organization\"},\"image\":{\"@id\":\"https:\\\/\\\/cvinoticias.com\\\/v3\\\/previaje-habria-una-tercera-edicion-antes-de-que-termine-el-verano\\\/#primaryimage\"},\"thumbnailUrl\":\"https:\\\/\\\/cvinoticias.com\\\/wp-content\\\/uploads\\\/2022\\\/01\\\/previaje-argentina.png\",\"articleSection\":[\"Turismo\"],\"inLanguage\":\"es\",\"potentialAction\":[{\"@type\":\"CommentAction\",\"name\":\"Comment\",\"target\":[\"https:\\\/\\\/cvinoticias.com\\\/v3\\\/previaje-habria-una-tercera-edicion-antes-de-que-termine-el-verano\\\/#respond\"]}]},{\"@type\":\"WebPage\",\"@id\":\"https:\\\/\\\/cvinoticias.com\\\/v3\\\/previaje-habria-una-tercera-edicion-antes-de-que-termine-el-verano\\\/\",\"url\":\"https:\\\/\\\/cvinoticias.com\\\/v3\\\/previaje-habria-una-tercera-edicion-antes-de-que-termine-el-verano\\\/\",\"name\":\"Previaje: habr\u00eda una tercera edici\u00f3n antes de que termine el verano | CVI NOTICIAS\",\"isPartOf\":{\"@id\":\"https:\\\/\\\/cvinoticias.com\\\/v3\\\/#website\"},\"primaryImageOfPage\":{\"@id\":\"https:\\\/\\\/cvinoticias.com\\\/v3\\\/previaje-habria-una-tercera-edicion-antes-de-que-termine-el-verano\\\/#primaryimage\"},\"image\":{\"@id\":\"https:\\\/\\\/cvinoticias.com\\\/v3\\\/previaje-habria-una-tercera-edicion-antes-de-que-termine-el-verano\\\/#primaryimage\"},\"thumbnailUrl\":\"https:\\\/\\\/cvinoticias.com\\\/wp-content\\\/uploads\\\/2022\\\/01\\\/previaje-argentina.png\",\"datePublished\":\"2022-01-12T11:18:51+00:00\",\"breadcrumb\":{\"@id\":\"https:\\\/\\\/cvinoticias.com\\\/v3\\\/previaje-habria-una-tercera-edicion-antes-de-que-termine-el-verano\\\/#breadcrumb\"},\"inLanguage\":\"es\",\"potentialAction\":[{\"@type\":\"ReadAction\",\"target\":[\"https:\\\/\\\/cvinoticias.com\\\/v3\\\/previaje-habria-una-tercera-edicion-antes-de-que-termine-el-verano\\\/\"]}]},{\"@type\":\"ImageObject\",\"inLanguage\":\"es\",\"@id\":\"https:\\\/\\\/cvinoticias.com\\\/v3\\\/previaje-habria-una-tercera-edicion-antes-de-que-termine-el-verano\\\/#primaryimage\",\"url\":\"https:\\\/\\\/cvinoticias.com\\\/wp-content\\\/uploads\\\/2022\\\/01\\\/previaje-argentina.png\",\"contentUrl\":\"https:\\\/\\\/cvinoticias.com\\\/wp-content\\\/uploads\\\/2022\\\/01\\\/previaje-argentina.png\",\"width\":660,\"height\":471},{\"@type\":\"BreadcrumbList\",\"@id\":\"https:\\\/\\\/cvinoticias.com\\\/v3\\\/previaje-habria-una-tercera-edicion-antes-de-que-termine-el-verano\\\/#breadcrumb\",\"itemListElement\":[{\"@type\":\"ListItem\",\"position\":1,\"name\":\"Portada\",\"item\":\"https:\\\/\\\/cvinoticias.com\\\/v3\\\/\"},{\"@type\":\"ListItem\",\"position\":2,\"name\":\"Previaje: habr\u00eda una tercera edici\u00f3n antes de que termine el verano\"}]},{\"@type\":\"WebSite\",\"@id\":\"https:\\\/\\\/cvinoticias.com\\\/v3\\\/#website\",\"url\":\"https:\\\/\\\/cvinoticias.com\\\/v3\\\/\",\"name\":\"CVI NOTICIAS\",\"description\":\"\",\"publisher\":{\"@id\":\"https:\\\/\\\/cvinoticias.com\\\/v3\\\/#organization\"},\"alternateName\":\"CVI\",\"potentialAction\":[{\"@type\":\"SearchAction\",\"target\":{\"@type\":\"EntryPoint\",\"urlTemplate\":\"https:\\\/\\\/cvinoticias.com\\\/v3\\\/?s={search_term_string}\"},\"query-input\":{\"@type\":\"PropertyValueSpecification\",\"valueRequired\":true,\"valueName\":\"search_term_string\"}}],\"inLanguage\":\"es\"},{\"@type\":\"Organization\",\"@id\":\"https:\\\/\\\/cvinoticias.com\\\/v3\\\/#organization\",\"name\":\"CVI NOTICIAS\",\"url\":\"https:\\\/\\\/cvinoticias.com\\\/v3\\\/\",\"logo\":{\"@type\":\"ImageObject\",\"inLanguage\":\"es\",\"@id\":\"https:\\\/\\\/cvinoticias.com\\\/v3\\\/#\\\/schema\\\/logo\\\/image\\\/\",\"url\":\"https:\\\/\\\/cvinoticias.com\\\/wp-content\\\/uploads\\\/2023\\\/04\\\/cropped-cropped-cropped-cropped-cropped-3-1.png\",\"contentUrl\":\"https:\\\/\\\/cvinoticias.com\\\/wp-content\\\/uploads\\\/2023\\\/04\\\/cropped-cropped-cropped-cropped-cropped-3-1.png\",\"width\":95,\"height\":122,\"caption\":\"CVI NOTICIAS\"},\"image\":{\"@id\":\"https:\\\/\\\/cvinoticias.com\\\/v3\\\/#\\\/schema\\\/logo\\\/image\\\/\"},\"sameAs\":[\"https:\\\/\\\/www.facebook.com\\\/cvinoticias\",\"https:\\\/\\\/www.instagram.com\\\/cvinoticias\\\/\",\"https:\\\/\\\/www.youtube.com\\\/@CVINOTICIAS\"]},{\"@type\":\"Person\",\"@id\":\"https:\\\/\\\/cvinoticias.com\\\/v3\\\/#\\\/schema\\\/person\\\/2db77e3c6bc03c538495d7b2b8be9b66\",\"name\":\"f1000024\",\"image\":{\"@type\":\"ImageObject\",\"inLanguage\":\"es\",\"@id\":\"https:\\\/\\\/secure.gravatar.com\\\/avatar\\\/d4fe7459cfc51ff5129ce1a732bbef5928568b8092d412ef95611616376bbeed?s=96&d=mm&r=g\",\"url\":\"https:\\\/\\\/secure.gravatar.com\\\/avatar\\\/d4fe7459cfc51ff5129ce1a732bbef5928568b8092d412ef95611616376bbeed?s=96&d=mm&r=g\",\"contentUrl\":\"https:\\\/\\\/secure.gravatar.com\\\/avatar\\\/d4fe7459cfc51ff5129ce1a732bbef5928568b8092d412ef95611616376bbeed?s=96&d=mm&r=g\",\"caption\":\"f1000024\"},\"url\":\"https:\\\/\\\/cvinoticias.com\\\/v3\\\/author\\\/f1000024\\\/\"}]}<\/script>\n<!-- \/ Yoast SEO plugin. -->","yoast_head_json":{"title":"Previaje: habr\u00eda una tercera edici\u00f3n antes de que termine el verano | CVI NOTICIAS","robots":{"index":"index","follow":"follow","max-snippet":"max-snippet:-1","max-image-preview":"max-image-preview:large","max-video-preview":"max-video-preview:-1"},"canonical":"https:\/\/cvinoticias.com\/v3\/previaje-habria-una-tercera-edicion-antes-de-que-termine-el-verano\/","og_locale":"es_ES","og_type":"article","og_title":"Previaje: habr\u00eda una tercera edici\u00f3n antes de que termine el verano | CVI NOTICIAS","og_description":"\u201cYa lo tenemos presupuestado\u201d, confirm\u00f3 Turismo. Asegur\u00f3 que podr\u00eda haber algunos cambios pero que el Gobierno quiere capitalizar \u201cuna temporada hist\u00f3rica\u201d. \u201cLa idea es tener una nueva edici\u00f3n del Previaje, que haya una tercera, ya lo tenemos presupuestado. Tal vez con algunos cambios, pero va a seguir\u201d. Con esas palabras, el ministro de Turismo, Mat\u00edas [&hellip;]","og_url":"https:\/\/cvinoticias.com\/v3\/previaje-habria-una-tercera-edicion-antes-de-que-termine-el-verano\/","og_site_name":"CVI NOTICIAS","article_publisher":"https:\/\/www.facebook.com\/cvinoticias","article_published_time":"2022-01-12T11:18:51+00:00","og_image":[{"width":660,"height":471,"url":"https:\/\/cvinoticias.com\/wp-content\/uploads\/2022\/01\/previaje-argentina.png","type":"image\/png"}],"author":"f1000024","twitter_card":"summary_large_image","twitter_misc":{"Escrito por":"f1000024","Tiempo de lectura":"1 minuto"},"schema":{"@context":"https:\/\/schema.org","@graph":[{"@type":"Article","@id":"https:\/\/cvinoticias.com\/v3\/previaje-habria-una-tercera-edicion-antes-de-que-termine-el-verano\/#article","isPartOf":{"@id":"https:\/\/cvinoticias.com\/v3\/previaje-habria-una-tercera-edicion-antes-de-que-termine-el-verano\/"},"author":{"name":"f1000024","@id":"https:\/\/cvinoticias.com\/v3\/#\/schema\/person\/2db77e3c6bc03c538495d7b2b8be9b66"},"headline":"Previaje: habr\u00eda una tercera edici\u00f3n antes de que termine el verano","datePublished":"2022-01-12T11:18:51+00:00","mainEntityOfPage":{"@id":"https:\/\/cvinoticias.com\/v3\/previaje-habria-una-tercera-edicion-antes-de-que-termine-el-verano\/"},"wordCount":301,"commentCount":0,"publisher":{"@id":"https:\/\/cvinoticias.com\/v3\/#organization"},"image":{"@id":"https:\/\/cvinoticias.com\/v3\/previaje-habria-una-tercera-edicion-antes-de-que-termine-el-verano\/#primaryimage"},"thumbnailUrl":"https:\/\/cvinoticias.com\/wp-content\/uploads\/2022\/01\/previaje-argentina.png","articleSection":["Turismo"],"inLanguage":"es","potentialAction":[{"@type":"CommentAction","name":"Comment","target":["https:\/\/cvinoticias.com\/v3\/previaje-habria-una-tercera-edicion-antes-de-que-termine-el-verano\/#respond"]}]},{"@type":"WebPage","@id":"https:\/\/cvinoticias.com\/v3\/previaje-habria-una-tercera-edicion-antes-de-que-termine-el-verano\/","url":"https:\/\/cvinoticias.com\/v3\/previaje-habria-una-tercera-edicion-antes-de-que-termine-el-verano\/","name":"Previaje: habr\u00eda una tercera edici\u00f3n antes de que termine el verano | CVI NOTICIAS","isPartOf":{"@id":"https:\/\/cvinoticias.com\/v3\/#website"},"primaryImageOfPage":{"@id":"https:\/\/cvinoticias.com\/v3\/previaje-habria-una-tercera-edicion-antes-de-que-termine-el-verano\/#primaryimage"},"image":{"@id":"https:\/\/cvinoticias.com\/v3\/previaje-habria-una-tercera-edicion-antes-de-que-termine-el-verano\/#primaryimage"},"thumbnailUrl":"https:\/\/cvinoticias.com\/wp-content\/uploads\/2022\/01\/previaje-argentina.png","datePublished":"2022-01-12T11:18:51+00:00","breadcrumb":{"@id":"https:\/\/cvinoticias.com\/v3\/previaje-habria-una-tercera-edicion-antes-de-que-termine-el-verano\/#breadcrumb"},"inLanguage":"es","potentialAction":[{"@type":"ReadAction","target":["https:\/\/cvinoticias.com\/v3\/previaje-habria-una-tercera-edicion-antes-de-que-termine-el-verano\/"]}]},{"@type":"ImageObject","inLanguage":"es","@id":"https:\/\/cvinoticias.com\/v3\/previaje-habria-una-tercera-edicion-antes-de-que-termine-el-verano\/#primaryimage","url":"https:\/\/cvinoticias.com\/wp-content\/uploads\/2022\/01\/previaje-argentina.png","contentUrl":"https:\/\/cvinoticias.com\/wp-content\/uploads\/2022\/01\/previaje-argentina.png","width":660,"height":471},{"@type":"BreadcrumbList","@id":"https:\/\/cvinoticias.com\/v3\/previaje-habria-una-tercera-edicion-antes-de-que-termine-el-verano\/#breadcrumb","itemListElement":[{"@type":"ListItem","position":1,"name":"Portada","item":"https:\/\/cvinoticias.com\/v3\/"},{"@type":"ListItem","position":2,"name":"Previaje: habr\u00eda una tercera edici\u00f3n antes de que termine el verano"}]},{"@type":"WebSite","@id":"https:\/\/cvinoticias.com\/v3\/#website","url":"https:\/\/cvinoticias.com\/v3\/","name":"CVI NOTICIAS","description":"","publisher":{"@id":"https:\/\/cvinoticias.com\/v3\/#organization"},"alternateName":"CVI","potentialAction":[{"@type":"SearchAction","target":{"@type":"EntryPoint","urlTemplate":"https:\/\/cvinoticias.com\/v3\/?s={search_term_string}"},"query-input":{"@type":"PropertyValueSpecification","valueRequired":true,"valueName":"search_term_string"}}],"inLanguage":"es"},{"@type":"Organization","@id":"https:\/\/cvinoticias.com\/v3\/#organization","name":"CVI NOTICIAS","url":"https:\/\/cvinoticias.com\/v3\/","logo":{"@type":"ImageObject","inLanguage":"es","@id":"https:\/\/cvinoticias.com\/v3\/#\/schema\/logo\/image\/","url":"https:\/\/cvinoticias.com\/wp-content\/uploads\/2023\/04\/cropped-cropped-cropped-cropped-cropped-3-1.png","contentUrl":"https:\/\/cvinoticias.com\/wp-content\/uploads\/2023\/04\/cropped-cropped-cropped-cropped-cropped-3-1.png","width":95,"height":122,"caption":"CVI NOTICIAS"},"image":{"@id":"https:\/\/cvinoticias.com\/v3\/#\/schema\/logo\/image\/"},"sameAs":["https:\/\/www.facebook.com\/cvinoticias","https:\/\/www.instagram.com\/cvinoticias\/","https:\/\/www.youtube.com\/@CVINOTICIAS"]},{"@type":"Person","@id":"https:\/\/cvinoticias.com\/v3\/#\/schema\/person\/2db77e3c6bc03c538495d7b2b8be9b66","name":"f1000024","image":{"@type":"ImageObject","inLanguage":"es","@id":"https:\/\/secure.gravatar.com\/avatar\/d4fe7459cfc51ff5129ce1a732bbef5928568b8092d412ef95611616376bbeed?s=96&d=mm&r=g","url":"https:\/\/secure.gravatar.com\/avatar\/d4fe7459cfc51ff5129ce1a732bbef5928568b8092d412ef95611616376bbeed?s=96&d=mm&r=g","contentUrl":"https:\/\/secure.gravatar.com\/avatar\/d4fe7459cfc51ff5129ce1a732bbef5928568b8092d412ef95611616376bbeed?s=96&d=mm&r=g","caption":"f1000024"},"url":"https:\/\/cvinoticias.com\/v3\/author\/f1000024\/"}]}},"_links":{"self":[{"href":"https:\/\/cvinoticias.com\/v3\/wp-json\/wp\/v2\/posts\/12264","targetHints":{"allow":["GET"]}}],"collection":[{"href":"https:\/\/cvinoticias.com\/v3\/wp-json\/wp\/v2\/posts"}],"about":[{"href":"https:\/\/cvinoticias.com\/v3\/wp-json\/wp\/v2\/types\/post"}],"author":[{"embeddable":true,"href":"https:\/\/cvinoticias.com\/v3\/wp-json\/wp\/v2\/users\/2"}],"replies":[{"embeddable":true,"href":"https:\/\/cvinoticias.com\/v3\/wp-json\/wp\/v2\/comments?post=12264"}],"version-history":[{"count":1,"href":"https:\/\/cvinoticias.com\/v3\/wp-json\/wp\/v2\/posts\/12264\/revisions"}],"predecessor-version":[{"id":12266,"href":"https:\/\/cvinoticias.com\/v3\/wp-json\/wp\/v2\/posts\/12264\/revisions\/12266"}],"wp:featuredmedia":[{"embeddable":true,"href":"https:\/\/cvinoticias.com\/v3\/wp-json\/wp\/v2\/media\/12265"}],"wp:attachment":[{"href":"https:\/\/cvinoticias.com\/v3\/wp-json\/wp\/v2\/media?parent=12264"}],"wp:term":[{"taxonomy":"category","embeddable":true,"href":"https:\/\/cvinoticias.com\/v3\/wp-json\/wp\/v2\/categories?post=12264"},{"taxonomy":"post_tag","embeddable":true,"href":"https:\/\/cvinoticias.com\/v3\/wp-json\/wp\/v2\/tags?post=12264"}],"curies":[{"name":"wp","href":"https:\/\/api.w.org\/{rel}","templated":true}]}}