{"id":12257,"date":"2022-01-12T05:19:02","date_gmt":"2022-01-12T05:19:02","guid":{"rendered":"https:\/\/cvinoticias.com\/v3\/?p=12257"},"modified":"2022-01-12T05:19:02","modified_gmt":"2022-01-12T05:19:02","slug":"esperanza-ataco-a-golpes-a-su-concubina-la-amenazo-con-un-arma-de-fuego-y-termino-detenido","status":"publish","type":"post","link":"https:\/\/cvinoticias.com\/v3\/esperanza-ataco-a-golpes-a-su-concubina-la-amenazo-con-un-arma-de-fuego-y-termino-detenido\/","title":{"rendered":"Esperanza: Atac\u00f3 a golpes a su concubina, la amenaz\u00f3 con un arma de fuego y termin\u00f3 detenido"},"content":{"rendered":"\n<p><strong><em>El hecho se registr\u00f3 el pasado 4 de Enero del corriente a\u00f1o en el barrio El Triunfo, personal policial de la Comisar\u00eda de la Mujer de esa localidad en la tarde de hoy detuvieron a un hombre de 33 a\u00f1os por el hecho de lesiones y amenazas calificadas en perjuicio de su concubina de 31 a\u00f1os.<\/em><\/strong><\/p>\n\n\n\n<p>El hecho se conoci\u00f3 cuando la v\u00edctima logr\u00f3 escapar de su vivienda luego de estar inconsciente tras la golpiza que recibi\u00f3 de manos de su pareja. En sede Policial la mujer denunci\u00f3 que tras una discusi\u00f3n fue atacada a golpes por su concubino quien adem\u00e1s la amenaz\u00f3 de muerte y la golpe\u00f3 con un arma de fuego.<\/p>\n\n\n\n<p>La mujer fue asistida y examinada por el m\u00e9dico policial en turno quien diagnostic\u00f3 lesiones y escoriaciones en distintas partes del cuerpo.<\/p>\n\n\n\n<p>La polic\u00eda acudi\u00f3 al lugar pero el atacante se hab\u00eda dado a la fuga, y tras allanar su vivienda se procedi\u00f3 al secuestro de un arma de fuego de fabricaci\u00f3n casera. En la jornada de hoy ubicaron y detuvieron al violento quien fue alojado en sede policial a disposici\u00f3n del Juzgado de Instrucci\u00f3n N\u00b0 3 de Iguaz\u00fa por el hecho que se investiga.<\/p>\n\n\n\n<p><\/p>\n\n\n\n<figure class=\"wp-block-image size-full\"><a href=\"https:\/\/cvinoticias.com\/wp-content\/uploads\/2022\/01\/FB_IMG_1641964522252.jpg\"><img decoding=\"async\" width=\"576\" height=\"926\" data-src=\"https:\/\/cvinoticias.com\/wp-content\/uploads\/2022\/01\/FB_IMG_1641964522252.jpg\" alt=\"\" class=\"wp-image-12258 lazyload\" data-srcset=\"https:\/\/cvinoticias.com\/wp-content\/uploads\/2022\/01\/FB_IMG_1641964522252.jpg 576w, https:\/\/cvinoticias.com\/wp-content\/uploads\/2022\/01\/FB_IMG_1641964522252-187x300.jpg 187w\" data-sizes=\"(max-width: 576px) 100vw, 576px\" src=\"data:image\/svg+xml;base64,PHN2ZyB3aWR0aD0iMSIgaGVpZ2h0PSIxIiB4bWxucz0iaHR0cDovL3d3dy53My5vcmcvMjAwMC9zdmciPjwvc3ZnPg==\" style=\"--smush-placeholder-width: 576px; --smush-placeholder-aspect-ratio: 576\/926;\" \/><\/a><\/figure>\n","protected":false},"excerpt":{"rendered":"<p>El hecho se registr\u00f3 el pasado 4 de Enero del corriente a\u00f1o en el barrio El Triunfo, personal policial de la Comisar\u00eda de la Mujer de esa localidad en la tarde de hoy detuvieron a un hombre de 33 a\u00f1os por el hecho de lesiones y amenazas calificadas en perjuicio de su concubina de 31 [&hellip;]<\/p>\n","protected":false},"author":2,"featured_media":12259,"comment_status":"open","ping_status":"open","sticky":false,"template":"","format":"standard","meta":{"footnotes":""},"categories":[41],"tags":[],"class_list":["post-12257","post","type-post","status-publish","format-standard","has-post-thumbnail","hentry","category-policiales"],"yoast_head":"<!-- This site is optimized with the Yoast SEO plugin v27.5 - https:\/\/yoast.com\/product\/yoast-seo-wordpress\/ -->\n<title>Esperanza: Atac\u00f3 a golpes a su concubina, la amenaz\u00f3 con un arma de fuego y termin\u00f3 detenido | CVI NOTICIAS<\/title>\n<meta name=\"robots\" content=\"index, follow, max-snippet:-1, max-image-preview:large, max-video-preview:-1\" \/>\n<link rel=\"canonical\" href=\"https:\/\/cvinoticias.com\/v3\/esperanza-ataco-a-golpes-a-su-concubina-la-amenazo-con-un-arma-de-fuego-y-termino-detenido\/\" \/>\n<meta property=\"og:locale\" content=\"es_ES\" \/>\n<meta property=\"og:type\" content=\"article\" \/>\n<meta property=\"og:title\" content=\"Esperanza: Atac\u00f3 a golpes a su concubina, la amenaz\u00f3 con un arma de fuego y termin\u00f3 detenido | CVI NOTICIAS\" \/>\n<meta property=\"og:description\" content=\"El hecho se registr\u00f3 el pasado 4 de Enero del corriente a\u00f1o en el barrio El Triunfo, personal policial de la Comisar\u00eda de la Mujer de esa localidad en la tarde de hoy detuvieron a un hombre de 33 a\u00f1os por el hecho de lesiones y amenazas calificadas en perjuicio de su concubina de 31 [&hellip;]\" \/>\n<meta property=\"og:url\" content=\"https:\/\/cvinoticias.com\/v3\/esperanza-ataco-a-golpes-a-su-concubina-la-amenazo-con-un-arma-de-fuego-y-termino-detenido\/\" \/>\n<meta property=\"og:site_name\" content=\"CVI NOTICIAS\" \/>\n<meta property=\"article:publisher\" content=\"https:\/\/www.facebook.com\/cvinoticias\" \/>\n<meta property=\"article:published_time\" content=\"2022-01-12T05:19:02+00:00\" \/>\n<meta property=\"og:image\" content=\"https:\/\/cvinoticias.com\/wp-content\/uploads\/2022\/01\/FB_IMG_1641964519294.jpg\" \/>\n\t<meta property=\"og:image:width\" content=\"576\" \/>\n\t<meta property=\"og:image:height\" content=\"782\" \/>\n\t<meta property=\"og:image:type\" content=\"image\/jpeg\" \/>\n<meta name=\"author\" content=\"f1000024\" \/>\n<meta name=\"twitter:card\" content=\"summary_large_image\" \/>\n<meta name=\"twitter:label1\" content=\"Escrito por\" \/>\n\t<meta name=\"twitter:data1\" content=\"f1000024\" \/>\n\t<meta name=\"twitter:label2\" content=\"Tiempo de lectura\" \/>\n\t<meta name=\"twitter:data2\" content=\"1 minuto\" \/>\n<script type=\"application\/ld+json\" class=\"yoast-schema-graph\">{\"@context\":\"https:\\\/\\\/schema.org\",\"@graph\":[{\"@type\":\"Article\",\"@id\":\"https:\\\/\\\/cvinoticias.com\\\/v3\\\/esperanza-ataco-a-golpes-a-su-concubina-la-amenazo-con-un-arma-de-fuego-y-termino-detenido\\\/#article\",\"isPartOf\":{\"@id\":\"https:\\\/\\\/cvinoticias.com\\\/v3\\\/esperanza-ataco-a-golpes-a-su-concubina-la-amenazo-con-un-arma-de-fuego-y-termino-detenido\\\/\"},\"author\":{\"name\":\"f1000024\",\"@id\":\"https:\\\/\\\/cvinoticias.com\\\/v3\\\/#\\\/schema\\\/person\\\/2db77e3c6bc03c538495d7b2b8be9b66\"},\"headline\":\"Esperanza: Atac\u00f3 a golpes a su concubina, la amenaz\u00f3 con un arma de fuego y termin\u00f3 detenido\",\"datePublished\":\"2022-01-12T05:19:02+00:00\",\"mainEntityOfPage\":{\"@id\":\"https:\\\/\\\/cvinoticias.com\\\/v3\\\/esperanza-ataco-a-golpes-a-su-concubina-la-amenazo-con-un-arma-de-fuego-y-termino-detenido\\\/\"},\"wordCount\":224,\"commentCount\":0,\"publisher\":{\"@id\":\"https:\\\/\\\/cvinoticias.com\\\/v3\\\/#organization\"},\"image\":{\"@id\":\"https:\\\/\\\/cvinoticias.com\\\/v3\\\/esperanza-ataco-a-golpes-a-su-concubina-la-amenazo-con-un-arma-de-fuego-y-termino-detenido\\\/#primaryimage\"},\"thumbnailUrl\":\"https:\\\/\\\/cvinoticias.com\\\/wp-content\\\/uploads\\\/2022\\\/01\\\/FB_IMG_1641964519294.jpg\",\"articleSection\":[\"Policiales\"],\"inLanguage\":\"es\",\"potentialAction\":[{\"@type\":\"CommentAction\",\"name\":\"Comment\",\"target\":[\"https:\\\/\\\/cvinoticias.com\\\/v3\\\/esperanza-ataco-a-golpes-a-su-concubina-la-amenazo-con-un-arma-de-fuego-y-termino-detenido\\\/#respond\"]}]},{\"@type\":\"WebPage\",\"@id\":\"https:\\\/\\\/cvinoticias.com\\\/v3\\\/esperanza-ataco-a-golpes-a-su-concubina-la-amenazo-con-un-arma-de-fuego-y-termino-detenido\\\/\",\"url\":\"https:\\\/\\\/cvinoticias.com\\\/v3\\\/esperanza-ataco-a-golpes-a-su-concubina-la-amenazo-con-un-arma-de-fuego-y-termino-detenido\\\/\",\"name\":\"Esperanza: Atac\u00f3 a golpes a su concubina, la amenaz\u00f3 con un arma de fuego y termin\u00f3 detenido | CVI NOTICIAS\",\"isPartOf\":{\"@id\":\"https:\\\/\\\/cvinoticias.com\\\/v3\\\/#website\"},\"primaryImageOfPage\":{\"@id\":\"https:\\\/\\\/cvinoticias.com\\\/v3\\\/esperanza-ataco-a-golpes-a-su-concubina-la-amenazo-con-un-arma-de-fuego-y-termino-detenido\\\/#primaryimage\"},\"image\":{\"@id\":\"https:\\\/\\\/cvinoticias.com\\\/v3\\\/esperanza-ataco-a-golpes-a-su-concubina-la-amenazo-con-un-arma-de-fuego-y-termino-detenido\\\/#primaryimage\"},\"thumbnailUrl\":\"https:\\\/\\\/cvinoticias.com\\\/wp-content\\\/uploads\\\/2022\\\/01\\\/FB_IMG_1641964519294.jpg\",\"datePublished\":\"2022-01-12T05:19:02+00:00\",\"breadcrumb\":{\"@id\":\"https:\\\/\\\/cvinoticias.com\\\/v3\\\/esperanza-ataco-a-golpes-a-su-concubina-la-amenazo-con-un-arma-de-fuego-y-termino-detenido\\\/#breadcrumb\"},\"inLanguage\":\"es\",\"potentialAction\":[{\"@type\":\"ReadAction\",\"target\":[\"https:\\\/\\\/cvinoticias.com\\\/v3\\\/esperanza-ataco-a-golpes-a-su-concubina-la-amenazo-con-un-arma-de-fuego-y-termino-detenido\\\/\"]}]},{\"@type\":\"ImageObject\",\"inLanguage\":\"es\",\"@id\":\"https:\\\/\\\/cvinoticias.com\\\/v3\\\/esperanza-ataco-a-golpes-a-su-concubina-la-amenazo-con-un-arma-de-fuego-y-termino-detenido\\\/#primaryimage\",\"url\":\"https:\\\/\\\/cvinoticias.com\\\/wp-content\\\/uploads\\\/2022\\\/01\\\/FB_IMG_1641964519294.jpg\",\"contentUrl\":\"https:\\\/\\\/cvinoticias.com\\\/wp-content\\\/uploads\\\/2022\\\/01\\\/FB_IMG_1641964519294.jpg\",\"width\":576,\"height\":782},{\"@type\":\"BreadcrumbList\",\"@id\":\"https:\\\/\\\/cvinoticias.com\\\/v3\\\/esperanza-ataco-a-golpes-a-su-concubina-la-amenazo-con-un-arma-de-fuego-y-termino-detenido\\\/#breadcrumb\",\"itemListElement\":[{\"@type\":\"ListItem\",\"position\":1,\"name\":\"Portada\",\"item\":\"https:\\\/\\\/cvinoticias.com\\\/v3\\\/\"},{\"@type\":\"ListItem\",\"position\":2,\"name\":\"Esperanza: Atac\u00f3 a golpes a su concubina, la amenaz\u00f3 con un arma de fuego y termin\u00f3 detenido\"}]},{\"@type\":\"WebSite\",\"@id\":\"https:\\\/\\\/cvinoticias.com\\\/v3\\\/#website\",\"url\":\"https:\\\/\\\/cvinoticias.com\\\/v3\\\/\",\"name\":\"CVI NOTICIAS\",\"description\":\"\",\"publisher\":{\"@id\":\"https:\\\/\\\/cvinoticias.com\\\/v3\\\/#organization\"},\"alternateName\":\"CVI\",\"potentialAction\":[{\"@type\":\"SearchAction\",\"target\":{\"@type\":\"EntryPoint\",\"urlTemplate\":\"https:\\\/\\\/cvinoticias.com\\\/v3\\\/?s={search_term_string}\"},\"query-input\":{\"@type\":\"PropertyValueSpecification\",\"valueRequired\":true,\"valueName\":\"search_term_string\"}}],\"inLanguage\":\"es\"},{\"@type\":\"Organization\",\"@id\":\"https:\\\/\\\/cvinoticias.com\\\/v3\\\/#organization\",\"name\":\"CVI NOTICIAS\",\"url\":\"https:\\\/\\\/cvinoticias.com\\\/v3\\\/\",\"logo\":{\"@type\":\"ImageObject\",\"inLanguage\":\"es\",\"@id\":\"https:\\\/\\\/cvinoticias.com\\\/v3\\\/#\\\/schema\\\/logo\\\/image\\\/\",\"url\":\"https:\\\/\\\/cvinoticias.com\\\/wp-content\\\/uploads\\\/2023\\\/04\\\/cropped-cropped-cropped-cropped-cropped-3-1.png\",\"contentUrl\":\"https:\\\/\\\/cvinoticias.com\\\/wp-content\\\/uploads\\\/2023\\\/04\\\/cropped-cropped-cropped-cropped-cropped-3-1.png\",\"width\":95,\"height\":122,\"caption\":\"CVI NOTICIAS\"},\"image\":{\"@id\":\"https:\\\/\\\/cvinoticias.com\\\/v3\\\/#\\\/schema\\\/logo\\\/image\\\/\"},\"sameAs\":[\"https:\\\/\\\/www.facebook.com\\\/cvinoticias\",\"https:\\\/\\\/www.instagram.com\\\/cvinoticias\\\/\",\"https:\\\/\\\/www.youtube.com\\\/@CVINOTICIAS\"]},{\"@type\":\"Person\",\"@id\":\"https:\\\/\\\/cvinoticias.com\\\/v3\\\/#\\\/schema\\\/person\\\/2db77e3c6bc03c538495d7b2b8be9b66\",\"name\":\"f1000024\",\"image\":{\"@type\":\"ImageObject\",\"inLanguage\":\"es\",\"@id\":\"https:\\\/\\\/secure.gravatar.com\\\/avatar\\\/d4fe7459cfc51ff5129ce1a732bbef5928568b8092d412ef95611616376bbeed?s=96&d=mm&r=g\",\"url\":\"https:\\\/\\\/secure.gravatar.com\\\/avatar\\\/d4fe7459cfc51ff5129ce1a732bbef5928568b8092d412ef95611616376bbeed?s=96&d=mm&r=g\",\"contentUrl\":\"https:\\\/\\\/secure.gravatar.com\\\/avatar\\\/d4fe7459cfc51ff5129ce1a732bbef5928568b8092d412ef95611616376bbeed?s=96&d=mm&r=g\",\"caption\":\"f1000024\"},\"url\":\"https:\\\/\\\/cvinoticias.com\\\/v3\\\/author\\\/f1000024\\\/\"}]}<\/script>\n<!-- \/ Yoast SEO plugin. -->","yoast_head_json":{"title":"Esperanza: Atac\u00f3 a golpes a su concubina, la amenaz\u00f3 con un arma de fuego y termin\u00f3 detenido | CVI NOTICIAS","robots":{"index":"index","follow":"follow","max-snippet":"max-snippet:-1","max-image-preview":"max-image-preview:large","max-video-preview":"max-video-preview:-1"},"canonical":"https:\/\/cvinoticias.com\/v3\/esperanza-ataco-a-golpes-a-su-concubina-la-amenazo-con-un-arma-de-fuego-y-termino-detenido\/","og_locale":"es_ES","og_type":"article","og_title":"Esperanza: Atac\u00f3 a golpes a su concubina, la amenaz\u00f3 con un arma de fuego y termin\u00f3 detenido | CVI NOTICIAS","og_description":"El hecho se registr\u00f3 el pasado 4 de Enero del corriente a\u00f1o en el barrio El Triunfo, personal policial de la Comisar\u00eda de la Mujer de esa localidad en la tarde de hoy detuvieron a un hombre de 33 a\u00f1os por el hecho de lesiones y amenazas calificadas en perjuicio de su concubina de 31 [&hellip;]","og_url":"https:\/\/cvinoticias.com\/v3\/esperanza-ataco-a-golpes-a-su-concubina-la-amenazo-con-un-arma-de-fuego-y-termino-detenido\/","og_site_name":"CVI NOTICIAS","article_publisher":"https:\/\/www.facebook.com\/cvinoticias","article_published_time":"2022-01-12T05:19:02+00:00","og_image":[{"width":576,"height":782,"url":"https:\/\/cvinoticias.com\/wp-content\/uploads\/2022\/01\/FB_IMG_1641964519294.jpg","type":"image\/jpeg"}],"author":"f1000024","twitter_card":"summary_large_image","twitter_misc":{"Escrito por":"f1000024","Tiempo de lectura":"1 minuto"},"schema":{"@context":"https:\/\/schema.org","@graph":[{"@type":"Article","@id":"https:\/\/cvinoticias.com\/v3\/esperanza-ataco-a-golpes-a-su-concubina-la-amenazo-con-un-arma-de-fuego-y-termino-detenido\/#article","isPartOf":{"@id":"https:\/\/cvinoticias.com\/v3\/esperanza-ataco-a-golpes-a-su-concubina-la-amenazo-con-un-arma-de-fuego-y-termino-detenido\/"},"author":{"name":"f1000024","@id":"https:\/\/cvinoticias.com\/v3\/#\/schema\/person\/2db77e3c6bc03c538495d7b2b8be9b66"},"headline":"Esperanza: Atac\u00f3 a golpes a su concubina, la amenaz\u00f3 con un arma de fuego y termin\u00f3 detenido","datePublished":"2022-01-12T05:19:02+00:00","mainEntityOfPage":{"@id":"https:\/\/cvinoticias.com\/v3\/esperanza-ataco-a-golpes-a-su-concubina-la-amenazo-con-un-arma-de-fuego-y-termino-detenido\/"},"wordCount":224,"commentCount":0,"publisher":{"@id":"https:\/\/cvinoticias.com\/v3\/#organization"},"image":{"@id":"https:\/\/cvinoticias.com\/v3\/esperanza-ataco-a-golpes-a-su-concubina-la-amenazo-con-un-arma-de-fuego-y-termino-detenido\/#primaryimage"},"thumbnailUrl":"https:\/\/cvinoticias.com\/wp-content\/uploads\/2022\/01\/FB_IMG_1641964519294.jpg","articleSection":["Policiales"],"inLanguage":"es","potentialAction":[{"@type":"CommentAction","name":"Comment","target":["https:\/\/cvinoticias.com\/v3\/esperanza-ataco-a-golpes-a-su-concubina-la-amenazo-con-un-arma-de-fuego-y-termino-detenido\/#respond"]}]},{"@type":"WebPage","@id":"https:\/\/cvinoticias.com\/v3\/esperanza-ataco-a-golpes-a-su-concubina-la-amenazo-con-un-arma-de-fuego-y-termino-detenido\/","url":"https:\/\/cvinoticias.com\/v3\/esperanza-ataco-a-golpes-a-su-concubina-la-amenazo-con-un-arma-de-fuego-y-termino-detenido\/","name":"Esperanza: Atac\u00f3 a golpes a su concubina, la amenaz\u00f3 con un arma de fuego y termin\u00f3 detenido | CVI NOTICIAS","isPartOf":{"@id":"https:\/\/cvinoticias.com\/v3\/#website"},"primaryImageOfPage":{"@id":"https:\/\/cvinoticias.com\/v3\/esperanza-ataco-a-golpes-a-su-concubina-la-amenazo-con-un-arma-de-fuego-y-termino-detenido\/#primaryimage"},"image":{"@id":"https:\/\/cvinoticias.com\/v3\/esperanza-ataco-a-golpes-a-su-concubina-la-amenazo-con-un-arma-de-fuego-y-termino-detenido\/#primaryimage"},"thumbnailUrl":"https:\/\/cvinoticias.com\/wp-content\/uploads\/2022\/01\/FB_IMG_1641964519294.jpg","datePublished":"2022-01-12T05:19:02+00:00","breadcrumb":{"@id":"https:\/\/cvinoticias.com\/v3\/esperanza-ataco-a-golpes-a-su-concubina-la-amenazo-con-un-arma-de-fuego-y-termino-detenido\/#breadcrumb"},"inLanguage":"es","potentialAction":[{"@type":"ReadAction","target":["https:\/\/cvinoticias.com\/v3\/esperanza-ataco-a-golpes-a-su-concubina-la-amenazo-con-un-arma-de-fuego-y-termino-detenido\/"]}]},{"@type":"ImageObject","inLanguage":"es","@id":"https:\/\/cvinoticias.com\/v3\/esperanza-ataco-a-golpes-a-su-concubina-la-amenazo-con-un-arma-de-fuego-y-termino-detenido\/#primaryimage","url":"https:\/\/cvinoticias.com\/wp-content\/uploads\/2022\/01\/FB_IMG_1641964519294.jpg","contentUrl":"https:\/\/cvinoticias.com\/wp-content\/uploads\/2022\/01\/FB_IMG_1641964519294.jpg","width":576,"height":782},{"@type":"BreadcrumbList","@id":"https:\/\/cvinoticias.com\/v3\/esperanza-ataco-a-golpes-a-su-concubina-la-amenazo-con-un-arma-de-fuego-y-termino-detenido\/#breadcrumb","itemListElement":[{"@type":"ListItem","position":1,"name":"Portada","item":"https:\/\/cvinoticias.com\/v3\/"},{"@type":"ListItem","position":2,"name":"Esperanza: Atac\u00f3 a golpes a su concubina, la amenaz\u00f3 con un arma de fuego y termin\u00f3 detenido"}]},{"@type":"WebSite","@id":"https:\/\/cvinoticias.com\/v3\/#website","url":"https:\/\/cvinoticias.com\/v3\/","name":"CVI NOTICIAS","description":"","publisher":{"@id":"https:\/\/cvinoticias.com\/v3\/#organization"},"alternateName":"CVI","potentialAction":[{"@type":"SearchAction","target":{"@type":"EntryPoint","urlTemplate":"https:\/\/cvinoticias.com\/v3\/?s={search_term_string}"},"query-input":{"@type":"PropertyValueSpecification","valueRequired":true,"valueName":"search_term_string"}}],"inLanguage":"es"},{"@type":"Organization","@id":"https:\/\/cvinoticias.com\/v3\/#organization","name":"CVI NOTICIAS","url":"https:\/\/cvinoticias.com\/v3\/","logo":{"@type":"ImageObject","inLanguage":"es","@id":"https:\/\/cvinoticias.com\/v3\/#\/schema\/logo\/image\/","url":"https:\/\/cvinoticias.com\/wp-content\/uploads\/2023\/04\/cropped-cropped-cropped-cropped-cropped-3-1.png","contentUrl":"https:\/\/cvinoticias.com\/wp-content\/uploads\/2023\/04\/cropped-cropped-cropped-cropped-cropped-3-1.png","width":95,"height":122,"caption":"CVI NOTICIAS"},"image":{"@id":"https:\/\/cvinoticias.com\/v3\/#\/schema\/logo\/image\/"},"sameAs":["https:\/\/www.facebook.com\/cvinoticias","https:\/\/www.instagram.com\/cvinoticias\/","https:\/\/www.youtube.com\/@CVINOTICIAS"]},{"@type":"Person","@id":"https:\/\/cvinoticias.com\/v3\/#\/schema\/person\/2db77e3c6bc03c538495d7b2b8be9b66","name":"f1000024","image":{"@type":"ImageObject","inLanguage":"es","@id":"https:\/\/secure.gravatar.com\/avatar\/d4fe7459cfc51ff5129ce1a732bbef5928568b8092d412ef95611616376bbeed?s=96&d=mm&r=g","url":"https:\/\/secure.gravatar.com\/avatar\/d4fe7459cfc51ff5129ce1a732bbef5928568b8092d412ef95611616376bbeed?s=96&d=mm&r=g","contentUrl":"https:\/\/secure.gravatar.com\/avatar\/d4fe7459cfc51ff5129ce1a732bbef5928568b8092d412ef95611616376bbeed?s=96&d=mm&r=g","caption":"f1000024"},"url":"https:\/\/cvinoticias.com\/v3\/author\/f1000024\/"}]}},"_links":{"self":[{"href":"https:\/\/cvinoticias.com\/v3\/wp-json\/wp\/v2\/posts\/12257","targetHints":{"allow":["GET"]}}],"collection":[{"href":"https:\/\/cvinoticias.com\/v3\/wp-json\/wp\/v2\/posts"}],"about":[{"href":"https:\/\/cvinoticias.com\/v3\/wp-json\/wp\/v2\/types\/post"}],"author":[{"embeddable":true,"href":"https:\/\/cvinoticias.com\/v3\/wp-json\/wp\/v2\/users\/2"}],"replies":[{"embeddable":true,"href":"https:\/\/cvinoticias.com\/v3\/wp-json\/wp\/v2\/comments?post=12257"}],"version-history":[{"count":1,"href":"https:\/\/cvinoticias.com\/v3\/wp-json\/wp\/v2\/posts\/12257\/revisions"}],"predecessor-version":[{"id":12260,"href":"https:\/\/cvinoticias.com\/v3\/wp-json\/wp\/v2\/posts\/12257\/revisions\/12260"}],"wp:featuredmedia":[{"embeddable":true,"href":"https:\/\/cvinoticias.com\/v3\/wp-json\/wp\/v2\/media\/12259"}],"wp:attachment":[{"href":"https:\/\/cvinoticias.com\/v3\/wp-json\/wp\/v2\/media?parent=12257"}],"wp:term":[{"taxonomy":"category","embeddable":true,"href":"https:\/\/cvinoticias.com\/v3\/wp-json\/wp\/v2\/categories?post=12257"},{"taxonomy":"post_tag","embeddable":true,"href":"https:\/\/cvinoticias.com\/v3\/wp-json\/wp\/v2\/tags?post=12257"}],"curies":[{"name":"wp","href":"https:\/\/api.w.org\/{rel}","templated":true}]}}