{"id":12246,"date":"2022-01-11T20:04:23","date_gmt":"2022-01-11T20:04:23","guid":{"rendered":"https:\/\/cvinoticias.com\/v3\/?p=12246"},"modified":"2022-01-11T20:04:23","modified_gmt":"2022-01-11T20:04:23","slug":"se-sorteo-la-copa-liga-profesional-2022-asi-quedaron-los-grupos","status":"publish","type":"post","link":"https:\/\/cvinoticias.com\/v3\/se-sorteo-la-copa-liga-profesional-2022-asi-quedaron-los-grupos\/","title":{"rendered":"Se sorte\u00f3 la Copa Liga Profesional 2022 : as\u00ed quedaron los grupos"},"content":{"rendered":"\n<p><strong><em>Durante la siesta de este martes, se realiz\u00f3 el sorteo de la\u00a0Copa Liga Profesional 2022\u00a0y se defini\u00f3 la nueva temporada del f\u00fatbol argentino.<\/em><\/strong><\/p>\n\n\n\n<p>En el evento estuvieron presentes el presidente de la Liga,\u00a0Marcelo Tinelli\u00a0y Claudio Tapia. Adem\u00e1s, los dirigentes de los 28 equipos asistieron, aunque algunos lo hicieron de manera presencial y otros v\u00eda Zoom.<\/p>\n\n\n\n<p><strong>As\u00ed ser\u00e1 la Zona B<\/strong>:&nbsp;<strong>Central C\u00f3rdob<\/strong>a,&nbsp;<strong>Boca<\/strong>, Godoy Cruz, Hurac\u00e1n, Arsenal, Barracas Central, Lan\u00fas, V\u00e9lez, Estudiantes, Independiente, Col\u00f3n, Rosario Central, Aldosivi y Tigre.<\/p>\n\n\n\n<p><strong>Zona A:<\/strong>&nbsp;Talleres, San Lorenzo, Defensa y Justicia, Sarmiento, Banfield, Argentinos, Gimnasia, Racing, Uni\u00f3n, Atl\u00e9tico Tucum\u00e1n,&nbsp;<strong>River<\/strong>, Newells, Patronato y Platense.<\/p>\n\n\n\n<p><strong>C\u00f3mo ser\u00e1 la clasificaci\u00f3n a las Copa Sudamericana y Libertadores<\/strong><\/p>\n\n\n\n<p>La Copa Liga Profesional entregar\u00e1 una clasificaci\u00f3n a la Copa Libertadores 2023, al igual que lo har\u00e1 la Liga Profesional 2022 para el campe\u00f3n del torneo. A su vez, el equipo que obtenga el certamen disputar\u00e1 el Trofeo de Campeones ante el ganador de la liga.<\/p>\n\n\n\n<p><strong>Vuelven los promedios<\/strong><\/p>\n\n\n\n<p>Para esta temporada regresar\u00e1n los promedios ya que al final de la temporada habr\u00e1 dos descensos a la\u00a0Primera Nacional, luego de que los mismos quedaran aplazados durante dos a\u00f1os. En el recuento de los puntos hay que tener presente las campa\u00f1as de la Superliga 2019\/2020, Copa de la Superliga 2020 -solo se jug\u00f3 un partido-, de la Copa de la Liga 2021, de la Liga Profesional 2021 y de los torneos de la temporada 2022.<\/p>\n\n\n\n<p><strong>Cu\u00e1ndo arranca<\/strong><\/p>\n\n\n\n<p>Si bien todav\u00eda no se sabe con certeza, todo indica que se pondr\u00e1 en marcha unos d\u00edas despu\u00e9s de lo previsto, es decir el fin de semana del viernes 11, s\u00e1bado 12, domingo 13 y lunes 14 de febrero.<\/p>\n\n\n\n<p>De la \u00fanica manera en que afectar\u00eda este cambio a la temporada es que entre la Copa de la Liga Profesional y la Liga Profesional habr\u00eda solo un fin de semana de receso y no dos, como estaba previsto de arranque.<\/p>\n\n\n\n<p><strong>Formato<\/strong><\/p>\n\n\n\n<p>Los 28 participantes se dividir\u00e1n en dos zonas de 14 clubes cada una y se enfrentar\u00e1n todos contra todos. Para el sorteo de las zonas primero se fragmentar\u00e1n los equipos por cl\u00e1sicos o emparejamientos para que integren distintos grupos. Por ejemplo, si Boca juega en la Zona A, River autom\u00e1ticamente ir\u00e1 a la Zona B. Los cl\u00e1sicos se jugar\u00edan todos en la s\u00e9ptima fecha.<\/p>\n\n\n\n<p>Los mejores 4 de cada zona se clasificar\u00e1n a la ronda eliminatoria que iniciar\u00e1 desde cuartos de final. Los dos mejores clasificados de cada grupo jugar\u00e1n contra los que ocupen los puestos m\u00e1s bajos de la otra zona y las llaves ser\u00e1n a partido \u00fanico, por lo que en caso de empate se definir\u00e1 desde los doce pasos.<\/p>\n\n\n\n<p>Otro punto importante a tener en cuenta es que en cuartos los duelos ser\u00e1n en el estadio del mejor clasificado, pero las semifinales y la final se llevar\u00e1n a cabo en un estadio neutral.<\/p>\n","protected":false},"excerpt":{"rendered":"<p>Durante la siesta de este martes, se realiz\u00f3 el sorteo de la\u00a0Copa Liga Profesional 2022\u00a0y se defini\u00f3 la nueva temporada del f\u00fatbol argentino. En el evento estuvieron presentes el presidente de la Liga,\u00a0Marcelo Tinelli\u00a0y Claudio Tapia. Adem\u00e1s, los dirigentes de los 28 equipos asistieron, aunque algunos lo hicieron de manera presencial y otros v\u00eda Zoom. [&hellip;]<\/p>\n","protected":false},"author":2,"featured_media":12247,"comment_status":"open","ping_status":"open","sticky":false,"template":"","format":"standard","meta":{"footnotes":""},"categories":[24],"tags":[],"class_list":["post-12246","post","type-post","status-publish","format-standard","has-post-thumbnail","hentry","category-deportes"],"yoast_head":"<!-- This site is optimized with the Yoast SEO plugin v27.5 - https:\/\/yoast.com\/product\/yoast-seo-wordpress\/ -->\n<title>Se sorte\u00f3 la Copa Liga Profesional 2022 : as\u00ed quedaron los grupos | CVI NOTICIAS<\/title>\n<meta name=\"robots\" content=\"index, follow, max-snippet:-1, max-image-preview:large, max-video-preview:-1\" \/>\n<link rel=\"canonical\" href=\"https:\/\/cvinoticias.com\/v3\/se-sorteo-la-copa-liga-profesional-2022-asi-quedaron-los-grupos\/\" \/>\n<meta property=\"og:locale\" content=\"es_ES\" \/>\n<meta property=\"og:type\" content=\"article\" \/>\n<meta property=\"og:title\" content=\"Se sorte\u00f3 la Copa Liga Profesional 2022 : as\u00ed quedaron los grupos | CVI NOTICIAS\" \/>\n<meta property=\"og:description\" content=\"Durante la siesta de este martes, se realiz\u00f3 el sorteo de la\u00a0Copa Liga Profesional 2022\u00a0y se defini\u00f3 la nueva temporada del f\u00fatbol argentino. En el evento estuvieron presentes el presidente de la Liga,\u00a0Marcelo Tinelli\u00a0y Claudio Tapia. Adem\u00e1s, los dirigentes de los 28 equipos asistieron, aunque algunos lo hicieron de manera presencial y otros v\u00eda Zoom. [&hellip;]\" \/>\n<meta property=\"og:url\" content=\"https:\/\/cvinoticias.com\/v3\/se-sorteo-la-copa-liga-profesional-2022-asi-quedaron-los-grupos\/\" \/>\n<meta property=\"og:site_name\" content=\"CVI NOTICIAS\" \/>\n<meta property=\"article:publisher\" content=\"https:\/\/www.facebook.com\/cvinoticias\" \/>\n<meta property=\"article:published_time\" content=\"2022-01-11T20:04:23+00:00\" \/>\n<meta property=\"og:image\" content=\"https:\/\/cvinoticias.com\/wp-content\/uploads\/2022\/01\/descarga-4.jpeg\" \/>\n\t<meta property=\"og:image:width\" content=\"300\" \/>\n\t<meta property=\"og:image:height\" content=\"168\" \/>\n\t<meta property=\"og:image:type\" content=\"image\/jpeg\" \/>\n<meta name=\"author\" content=\"f1000024\" \/>\n<meta name=\"twitter:card\" content=\"summary_large_image\" \/>\n<meta name=\"twitter:label1\" content=\"Escrito por\" \/>\n\t<meta name=\"twitter:data1\" content=\"f1000024\" \/>\n\t<meta name=\"twitter:label2\" content=\"Tiempo de lectura\" \/>\n\t<meta name=\"twitter:data2\" content=\"3 minutos\" \/>\n<script type=\"application\/ld+json\" class=\"yoast-schema-graph\">{\"@context\":\"https:\\\/\\\/schema.org\",\"@graph\":[{\"@type\":\"Article\",\"@id\":\"https:\\\/\\\/cvinoticias.com\\\/v3\\\/se-sorteo-la-copa-liga-profesional-2022-asi-quedaron-los-grupos\\\/#article\",\"isPartOf\":{\"@id\":\"https:\\\/\\\/cvinoticias.com\\\/v3\\\/se-sorteo-la-copa-liga-profesional-2022-asi-quedaron-los-grupos\\\/\"},\"author\":{\"name\":\"f1000024\",\"@id\":\"https:\\\/\\\/cvinoticias.com\\\/v3\\\/#\\\/schema\\\/person\\\/2db77e3c6bc03c538495d7b2b8be9b66\"},\"headline\":\"Se sorte\u00f3 la Copa Liga Profesional 2022 : as\u00ed quedaron los grupos\",\"datePublished\":\"2022-01-11T20:04:23+00:00\",\"mainEntityOfPage\":{\"@id\":\"https:\\\/\\\/cvinoticias.com\\\/v3\\\/se-sorteo-la-copa-liga-profesional-2022-asi-quedaron-los-grupos\\\/\"},\"wordCount\":515,\"commentCount\":0,\"publisher\":{\"@id\":\"https:\\\/\\\/cvinoticias.com\\\/v3\\\/#organization\"},\"image\":{\"@id\":\"https:\\\/\\\/cvinoticias.com\\\/v3\\\/se-sorteo-la-copa-liga-profesional-2022-asi-quedaron-los-grupos\\\/#primaryimage\"},\"thumbnailUrl\":\"https:\\\/\\\/cvinoticias.com\\\/wp-content\\\/uploads\\\/2022\\\/01\\\/descarga-4.jpeg\",\"articleSection\":[\"Deportes\"],\"inLanguage\":\"es\",\"potentialAction\":[{\"@type\":\"CommentAction\",\"name\":\"Comment\",\"target\":[\"https:\\\/\\\/cvinoticias.com\\\/v3\\\/se-sorteo-la-copa-liga-profesional-2022-asi-quedaron-los-grupos\\\/#respond\"]}]},{\"@type\":\"WebPage\",\"@id\":\"https:\\\/\\\/cvinoticias.com\\\/v3\\\/se-sorteo-la-copa-liga-profesional-2022-asi-quedaron-los-grupos\\\/\",\"url\":\"https:\\\/\\\/cvinoticias.com\\\/v3\\\/se-sorteo-la-copa-liga-profesional-2022-asi-quedaron-los-grupos\\\/\",\"name\":\"Se sorte\u00f3 la Copa Liga Profesional 2022 : as\u00ed quedaron los grupos | CVI NOTICIAS\",\"isPartOf\":{\"@id\":\"https:\\\/\\\/cvinoticias.com\\\/v3\\\/#website\"},\"primaryImageOfPage\":{\"@id\":\"https:\\\/\\\/cvinoticias.com\\\/v3\\\/se-sorteo-la-copa-liga-profesional-2022-asi-quedaron-los-grupos\\\/#primaryimage\"},\"image\":{\"@id\":\"https:\\\/\\\/cvinoticias.com\\\/v3\\\/se-sorteo-la-copa-liga-profesional-2022-asi-quedaron-los-grupos\\\/#primaryimage\"},\"thumbnailUrl\":\"https:\\\/\\\/cvinoticias.com\\\/wp-content\\\/uploads\\\/2022\\\/01\\\/descarga-4.jpeg\",\"datePublished\":\"2022-01-11T20:04:23+00:00\",\"breadcrumb\":{\"@id\":\"https:\\\/\\\/cvinoticias.com\\\/v3\\\/se-sorteo-la-copa-liga-profesional-2022-asi-quedaron-los-grupos\\\/#breadcrumb\"},\"inLanguage\":\"es\",\"potentialAction\":[{\"@type\":\"ReadAction\",\"target\":[\"https:\\\/\\\/cvinoticias.com\\\/v3\\\/se-sorteo-la-copa-liga-profesional-2022-asi-quedaron-los-grupos\\\/\"]}]},{\"@type\":\"ImageObject\",\"inLanguage\":\"es\",\"@id\":\"https:\\\/\\\/cvinoticias.com\\\/v3\\\/se-sorteo-la-copa-liga-profesional-2022-asi-quedaron-los-grupos\\\/#primaryimage\",\"url\":\"https:\\\/\\\/cvinoticias.com\\\/wp-content\\\/uploads\\\/2022\\\/01\\\/descarga-4.jpeg\",\"contentUrl\":\"https:\\\/\\\/cvinoticias.com\\\/wp-content\\\/uploads\\\/2022\\\/01\\\/descarga-4.jpeg\",\"width\":300,\"height\":168},{\"@type\":\"BreadcrumbList\",\"@id\":\"https:\\\/\\\/cvinoticias.com\\\/v3\\\/se-sorteo-la-copa-liga-profesional-2022-asi-quedaron-los-grupos\\\/#breadcrumb\",\"itemListElement\":[{\"@type\":\"ListItem\",\"position\":1,\"name\":\"Portada\",\"item\":\"https:\\\/\\\/cvinoticias.com\\\/v3\\\/\"},{\"@type\":\"ListItem\",\"position\":2,\"name\":\"Se sorte\u00f3 la Copa Liga Profesional 2022 : as\u00ed quedaron los grupos\"}]},{\"@type\":\"WebSite\",\"@id\":\"https:\\\/\\\/cvinoticias.com\\\/v3\\\/#website\",\"url\":\"https:\\\/\\\/cvinoticias.com\\\/v3\\\/\",\"name\":\"CVI NOTICIAS\",\"description\":\"\",\"publisher\":{\"@id\":\"https:\\\/\\\/cvinoticias.com\\\/v3\\\/#organization\"},\"alternateName\":\"CVI\",\"potentialAction\":[{\"@type\":\"SearchAction\",\"target\":{\"@type\":\"EntryPoint\",\"urlTemplate\":\"https:\\\/\\\/cvinoticias.com\\\/v3\\\/?s={search_term_string}\"},\"query-input\":{\"@type\":\"PropertyValueSpecification\",\"valueRequired\":true,\"valueName\":\"search_term_string\"}}],\"inLanguage\":\"es\"},{\"@type\":\"Organization\",\"@id\":\"https:\\\/\\\/cvinoticias.com\\\/v3\\\/#organization\",\"name\":\"CVI NOTICIAS\",\"url\":\"https:\\\/\\\/cvinoticias.com\\\/v3\\\/\",\"logo\":{\"@type\":\"ImageObject\",\"inLanguage\":\"es\",\"@id\":\"https:\\\/\\\/cvinoticias.com\\\/v3\\\/#\\\/schema\\\/logo\\\/image\\\/\",\"url\":\"https:\\\/\\\/cvinoticias.com\\\/wp-content\\\/uploads\\\/2023\\\/04\\\/cropped-cropped-cropped-cropped-cropped-3-1.png\",\"contentUrl\":\"https:\\\/\\\/cvinoticias.com\\\/wp-content\\\/uploads\\\/2023\\\/04\\\/cropped-cropped-cropped-cropped-cropped-3-1.png\",\"width\":95,\"height\":122,\"caption\":\"CVI NOTICIAS\"},\"image\":{\"@id\":\"https:\\\/\\\/cvinoticias.com\\\/v3\\\/#\\\/schema\\\/logo\\\/image\\\/\"},\"sameAs\":[\"https:\\\/\\\/www.facebook.com\\\/cvinoticias\",\"https:\\\/\\\/www.instagram.com\\\/cvinoticias\\\/\",\"https:\\\/\\\/www.youtube.com\\\/@CVINOTICIAS\"]},{\"@type\":\"Person\",\"@id\":\"https:\\\/\\\/cvinoticias.com\\\/v3\\\/#\\\/schema\\\/person\\\/2db77e3c6bc03c538495d7b2b8be9b66\",\"name\":\"f1000024\",\"image\":{\"@type\":\"ImageObject\",\"inLanguage\":\"es\",\"@id\":\"https:\\\/\\\/secure.gravatar.com\\\/avatar\\\/d4fe7459cfc51ff5129ce1a732bbef5928568b8092d412ef95611616376bbeed?s=96&d=mm&r=g\",\"url\":\"https:\\\/\\\/secure.gravatar.com\\\/avatar\\\/d4fe7459cfc51ff5129ce1a732bbef5928568b8092d412ef95611616376bbeed?s=96&d=mm&r=g\",\"contentUrl\":\"https:\\\/\\\/secure.gravatar.com\\\/avatar\\\/d4fe7459cfc51ff5129ce1a732bbef5928568b8092d412ef95611616376bbeed?s=96&d=mm&r=g\",\"caption\":\"f1000024\"},\"url\":\"https:\\\/\\\/cvinoticias.com\\\/v3\\\/author\\\/f1000024\\\/\"}]}<\/script>\n<!-- \/ Yoast SEO plugin. -->","yoast_head_json":{"title":"Se sorte\u00f3 la Copa Liga Profesional 2022 : as\u00ed quedaron los grupos | CVI NOTICIAS","robots":{"index":"index","follow":"follow","max-snippet":"max-snippet:-1","max-image-preview":"max-image-preview:large","max-video-preview":"max-video-preview:-1"},"canonical":"https:\/\/cvinoticias.com\/v3\/se-sorteo-la-copa-liga-profesional-2022-asi-quedaron-los-grupos\/","og_locale":"es_ES","og_type":"article","og_title":"Se sorte\u00f3 la Copa Liga Profesional 2022 : as\u00ed quedaron los grupos | CVI NOTICIAS","og_description":"Durante la siesta de este martes, se realiz\u00f3 el sorteo de la\u00a0Copa Liga Profesional 2022\u00a0y se defini\u00f3 la nueva temporada del f\u00fatbol argentino. En el evento estuvieron presentes el presidente de la Liga,\u00a0Marcelo Tinelli\u00a0y Claudio Tapia. Adem\u00e1s, los dirigentes de los 28 equipos asistieron, aunque algunos lo hicieron de manera presencial y otros v\u00eda Zoom. [&hellip;]","og_url":"https:\/\/cvinoticias.com\/v3\/se-sorteo-la-copa-liga-profesional-2022-asi-quedaron-los-grupos\/","og_site_name":"CVI NOTICIAS","article_publisher":"https:\/\/www.facebook.com\/cvinoticias","article_published_time":"2022-01-11T20:04:23+00:00","og_image":[{"width":300,"height":168,"url":"https:\/\/cvinoticias.com\/wp-content\/uploads\/2022\/01\/descarga-4.jpeg","type":"image\/jpeg"}],"author":"f1000024","twitter_card":"summary_large_image","twitter_misc":{"Escrito por":"f1000024","Tiempo de lectura":"3 minutos"},"schema":{"@context":"https:\/\/schema.org","@graph":[{"@type":"Article","@id":"https:\/\/cvinoticias.com\/v3\/se-sorteo-la-copa-liga-profesional-2022-asi-quedaron-los-grupos\/#article","isPartOf":{"@id":"https:\/\/cvinoticias.com\/v3\/se-sorteo-la-copa-liga-profesional-2022-asi-quedaron-los-grupos\/"},"author":{"name":"f1000024","@id":"https:\/\/cvinoticias.com\/v3\/#\/schema\/person\/2db77e3c6bc03c538495d7b2b8be9b66"},"headline":"Se sorte\u00f3 la Copa Liga Profesional 2022 : as\u00ed quedaron los grupos","datePublished":"2022-01-11T20:04:23+00:00","mainEntityOfPage":{"@id":"https:\/\/cvinoticias.com\/v3\/se-sorteo-la-copa-liga-profesional-2022-asi-quedaron-los-grupos\/"},"wordCount":515,"commentCount":0,"publisher":{"@id":"https:\/\/cvinoticias.com\/v3\/#organization"},"image":{"@id":"https:\/\/cvinoticias.com\/v3\/se-sorteo-la-copa-liga-profesional-2022-asi-quedaron-los-grupos\/#primaryimage"},"thumbnailUrl":"https:\/\/cvinoticias.com\/wp-content\/uploads\/2022\/01\/descarga-4.jpeg","articleSection":["Deportes"],"inLanguage":"es","potentialAction":[{"@type":"CommentAction","name":"Comment","target":["https:\/\/cvinoticias.com\/v3\/se-sorteo-la-copa-liga-profesional-2022-asi-quedaron-los-grupos\/#respond"]}]},{"@type":"WebPage","@id":"https:\/\/cvinoticias.com\/v3\/se-sorteo-la-copa-liga-profesional-2022-asi-quedaron-los-grupos\/","url":"https:\/\/cvinoticias.com\/v3\/se-sorteo-la-copa-liga-profesional-2022-asi-quedaron-los-grupos\/","name":"Se sorte\u00f3 la Copa Liga Profesional 2022 : as\u00ed quedaron los grupos | CVI NOTICIAS","isPartOf":{"@id":"https:\/\/cvinoticias.com\/v3\/#website"},"primaryImageOfPage":{"@id":"https:\/\/cvinoticias.com\/v3\/se-sorteo-la-copa-liga-profesional-2022-asi-quedaron-los-grupos\/#primaryimage"},"image":{"@id":"https:\/\/cvinoticias.com\/v3\/se-sorteo-la-copa-liga-profesional-2022-asi-quedaron-los-grupos\/#primaryimage"},"thumbnailUrl":"https:\/\/cvinoticias.com\/wp-content\/uploads\/2022\/01\/descarga-4.jpeg","datePublished":"2022-01-11T20:04:23+00:00","breadcrumb":{"@id":"https:\/\/cvinoticias.com\/v3\/se-sorteo-la-copa-liga-profesional-2022-asi-quedaron-los-grupos\/#breadcrumb"},"inLanguage":"es","potentialAction":[{"@type":"ReadAction","target":["https:\/\/cvinoticias.com\/v3\/se-sorteo-la-copa-liga-profesional-2022-asi-quedaron-los-grupos\/"]}]},{"@type":"ImageObject","inLanguage":"es","@id":"https:\/\/cvinoticias.com\/v3\/se-sorteo-la-copa-liga-profesional-2022-asi-quedaron-los-grupos\/#primaryimage","url":"https:\/\/cvinoticias.com\/wp-content\/uploads\/2022\/01\/descarga-4.jpeg","contentUrl":"https:\/\/cvinoticias.com\/wp-content\/uploads\/2022\/01\/descarga-4.jpeg","width":300,"height":168},{"@type":"BreadcrumbList","@id":"https:\/\/cvinoticias.com\/v3\/se-sorteo-la-copa-liga-profesional-2022-asi-quedaron-los-grupos\/#breadcrumb","itemListElement":[{"@type":"ListItem","position":1,"name":"Portada","item":"https:\/\/cvinoticias.com\/v3\/"},{"@type":"ListItem","position":2,"name":"Se sorte\u00f3 la Copa Liga Profesional 2022 : as\u00ed quedaron los grupos"}]},{"@type":"WebSite","@id":"https:\/\/cvinoticias.com\/v3\/#website","url":"https:\/\/cvinoticias.com\/v3\/","name":"CVI NOTICIAS","description":"","publisher":{"@id":"https:\/\/cvinoticias.com\/v3\/#organization"},"alternateName":"CVI","potentialAction":[{"@type":"SearchAction","target":{"@type":"EntryPoint","urlTemplate":"https:\/\/cvinoticias.com\/v3\/?s={search_term_string}"},"query-input":{"@type":"PropertyValueSpecification","valueRequired":true,"valueName":"search_term_string"}}],"inLanguage":"es"},{"@type":"Organization","@id":"https:\/\/cvinoticias.com\/v3\/#organization","name":"CVI NOTICIAS","url":"https:\/\/cvinoticias.com\/v3\/","logo":{"@type":"ImageObject","inLanguage":"es","@id":"https:\/\/cvinoticias.com\/v3\/#\/schema\/logo\/image\/","url":"https:\/\/cvinoticias.com\/wp-content\/uploads\/2023\/04\/cropped-cropped-cropped-cropped-cropped-3-1.png","contentUrl":"https:\/\/cvinoticias.com\/wp-content\/uploads\/2023\/04\/cropped-cropped-cropped-cropped-cropped-3-1.png","width":95,"height":122,"caption":"CVI NOTICIAS"},"image":{"@id":"https:\/\/cvinoticias.com\/v3\/#\/schema\/logo\/image\/"},"sameAs":["https:\/\/www.facebook.com\/cvinoticias","https:\/\/www.instagram.com\/cvinoticias\/","https:\/\/www.youtube.com\/@CVINOTICIAS"]},{"@type":"Person","@id":"https:\/\/cvinoticias.com\/v3\/#\/schema\/person\/2db77e3c6bc03c538495d7b2b8be9b66","name":"f1000024","image":{"@type":"ImageObject","inLanguage":"es","@id":"https:\/\/secure.gravatar.com\/avatar\/d4fe7459cfc51ff5129ce1a732bbef5928568b8092d412ef95611616376bbeed?s=96&d=mm&r=g","url":"https:\/\/secure.gravatar.com\/avatar\/d4fe7459cfc51ff5129ce1a732bbef5928568b8092d412ef95611616376bbeed?s=96&d=mm&r=g","contentUrl":"https:\/\/secure.gravatar.com\/avatar\/d4fe7459cfc51ff5129ce1a732bbef5928568b8092d412ef95611616376bbeed?s=96&d=mm&r=g","caption":"f1000024"},"url":"https:\/\/cvinoticias.com\/v3\/author\/f1000024\/"}]}},"_links":{"self":[{"href":"https:\/\/cvinoticias.com\/v3\/wp-json\/wp\/v2\/posts\/12246","targetHints":{"allow":["GET"]}}],"collection":[{"href":"https:\/\/cvinoticias.com\/v3\/wp-json\/wp\/v2\/posts"}],"about":[{"href":"https:\/\/cvinoticias.com\/v3\/wp-json\/wp\/v2\/types\/post"}],"author":[{"embeddable":true,"href":"https:\/\/cvinoticias.com\/v3\/wp-json\/wp\/v2\/users\/2"}],"replies":[{"embeddable":true,"href":"https:\/\/cvinoticias.com\/v3\/wp-json\/wp\/v2\/comments?post=12246"}],"version-history":[{"count":1,"href":"https:\/\/cvinoticias.com\/v3\/wp-json\/wp\/v2\/posts\/12246\/revisions"}],"predecessor-version":[{"id":12248,"href":"https:\/\/cvinoticias.com\/v3\/wp-json\/wp\/v2\/posts\/12246\/revisions\/12248"}],"wp:featuredmedia":[{"embeddable":true,"href":"https:\/\/cvinoticias.com\/v3\/wp-json\/wp\/v2\/media\/12247"}],"wp:attachment":[{"href":"https:\/\/cvinoticias.com\/v3\/wp-json\/wp\/v2\/media?parent=12246"}],"wp:term":[{"taxonomy":"category","embeddable":true,"href":"https:\/\/cvinoticias.com\/v3\/wp-json\/wp\/v2\/categories?post=12246"},{"taxonomy":"post_tag","embeddable":true,"href":"https:\/\/cvinoticias.com\/v3\/wp-json\/wp\/v2\/tags?post=12246"}],"curies":[{"name":"wp","href":"https:\/\/api.w.org\/{rel}","templated":true}]}}