{"id":12241,"date":"2022-01-11T19:57:12","date_gmt":"2022-01-11T19:57:12","guid":{"rendered":"https:\/\/cvinoticias.com\/v3\/?p=12241"},"modified":"2022-01-11T19:57:12","modified_gmt":"2022-01-11T19:57:12","slug":"mas-de-14-000-atenciones-registraron-los-agentes-sanitarios-mbya-en-el-2021","status":"publish","type":"post","link":"https:\/\/cvinoticias.com\/v3\/mas-de-14-000-atenciones-registraron-los-agentes-sanitarios-mbya-en-el-2021\/","title":{"rendered":"M\u00e1s de 14.000 atenciones registraron los agentes sanitarios Mby\u00e1 en el 2021"},"content":{"rendered":"\n<p><strong><em>Con la presencia de los agentes sanitarios de la salud ind\u00edgena de las zonas Norte Paran\u00e1, Centro Paran\u00e1 y Sur, se present\u00f3 el cierre 2021 de los Programas Comunitarios de A.P.S. TECHAI MBYA \u2013 Salud Ind\u00edgena, en el sal\u00f3n audit\u00f3rium del Ministerio de Salud P\u00fablica.<\/em><\/strong><\/p>\n\n\n\n<p>Se entreg\u00f3, adem\u00e1s, uniformes, mochilas con elementos de trabajo y gazebos.<br>El vicegobernador Dr. Carlos Arce y el Ministro de Salud P\u00fablica, Dr. Oscar Alarc\u00f3n participaron del evento.<\/p>\n\n\n\n<p>En 2021 los equipos de Salud Ind\u00edgena del Ministerio de Salud P\u00fablica, registraron 14.102 atenciones, entre pedi\u00e1tricas y adultas, se aplicaron 12.877 vacunas (calendario y COVID), se hicieron 24.279 controles de ni\u00f1o sano y 1.151 controles a embarazadas. Actualmente hay 27 equipos locales en la provincia y 145 agentes sanitarios de salud ind\u00edgena.<\/p>\n\n\n\n<p>Las capacitaciones y talleres fueron realizadas por los Agentes Sanitarios con las personas y familiares que conforman las comunidades, donde se realizaron actividades de prevenci\u00f3n por COVID, tambi\u00e9n desde el inicio de la pandemia se realiz\u00f3 entrega de barbijos, registr\u00e1ndose 144.<\/p>\n\n\n\n<p>Las consultor\u00edas, acompa\u00f1amientos a hospitales o centros de salud donde se requieran traducci\u00f3n, fue de 14.153.<\/p>\n\n\n\n<p>Desde la Direcci\u00f3n de Salud Ind\u00edgena, tambi\u00e9n se gestion\u00f3 la accesibilidad a los medicamentos o pedidos de leche para los pacientes, tramites de pensiones no contributivas, asesoramiento de todos los beneficios sociales y seguimiento de los mismos. Por otro lado, se trabaja de manera conjunta con otras instituciones con el objetivo de mejorar la calidad de vida de los Mbya, como, por ejemplo, gestiones de viviendas sustentables para pacientes con patolog\u00edas poco frecuentes y tratamientos ambulatorios.<\/p>\n\n\n\n<p>Hoy se cuenta con oficinas de salud Ind\u00edgena en Hospitales Provinciales con Facilitador en:<br>\u2022 H. Materno Neonatal<br>\u2022 H. de Pediatr\u00eda<br>\u2022 H. Escuela de Agudos<br>\u2022 Hospital SAMIC Iguaz\u00fa<br>\u2022 Hospital de San Ignacio<br>\u2022 Hospital de San Vicente<br>\u2022 Hospital de Ober\u00e1<br>\u2022 Hospital de Eldorado<\/p>\n\n\n\n<p>En articulaci\u00f3n con UNICEF Argentina y el Hospital Materno del Parque de la Salud se contin\u00faa el trabajo en Maternidades seguras con enfoque intercultural.<\/p>\n\n\n\n<p>Se est\u00e1 trabajando entre Salud Ind\u00edgena, Redes y Sistema de la cartera sanitaria provincial en un proyecto innovador que procura implementar y fortalecer una red de Telesalud que contribuya a una comunicaci\u00f3n acertada y permita abordar estrat\u00e9gicamente los controles y diagn\u00f3sticos de problem\u00e1ticas cardiovasculares en la poblaci\u00f3n vulnerable del Departamento Ldor.Gral. San Martin: Municipios de Puerto Rico, Capiov\u00ed, Puerto Leoni, Garuhap\u00e9, El Alc\u00e1zar y Ruiz de Montoya.<\/p>\n\n\n\n<p>Acompa\u00f1aron al Vicegobernador y al Ministro, el Subsecretario de Atenci\u00f3n Primaria y Salud Ambiental, Dr. Danielo Silva, el coordinador de Salud Ind\u00edgena Adri\u00e1n Sald\u00edas, el diputado provincial, Dr. Jorge Mart\u00edn Cesino, el Asesor del Ministerio de Salud de La Naci\u00f3n, Dr. Andr\u00e9s Leibovich, la coordinadora del programa Salud para los pueblos ind\u00edgenas, Soledad L\u00f3pez y la Directora Nacional de APS, Adriana Magdaleno.<\/p>\n\n\n\n<p>El Ministro Alarc\u00f3n destac\u00f3 el trabajo que realizan los agentes de salud Mbya Guaran\u00ed en sus aldeas, \u201ctrabajo reconocido y tomado de empleo por Naci\u00f3n. Esto se logra porque Misiones tiene a la salud como pol\u00edtica de estado y que no importan los nombres y los ministros y qui\u00e9n est\u00e1 enfrente de la gesti\u00f3n, sino que importa la pol\u00edtica sanitaria a largo plazo. El equipo de salud ind\u00edgena es el resultado de mucho trabajo y de mucho esfuerzo\u201d.<\/p>\n\n\n\n<p>Por su parte, el Subsecretario de Integraci\u00f3n de Sistemas de la Naci\u00f3n, Gast\u00f3n Mor\u00e1n destac\u00f3 que \u201csi bien desde Naci\u00f3n pensamos y dise\u00f1amos las pol\u00edticas, tenemos que llegar al territorio. Y la \u00fanica forma de llegar es a trav\u00e9s de ustedes, ustedes son la voz fundamental\u201d. En ese sentido, agradeci\u00f3 a la gesti\u00f3n y el acompa\u00f1amiento, y en especial a los agentes sanitarios por todo el trabajo realizado en el per\u00edodo 2020 y 2021 para poder llegar a la poblaci\u00f3n de las comunidades.<\/p>\n\n\n\n<figure class=\"wp-block-image size-large\"><a href=\"https:\/\/cvinoticias.com\/wp-content\/uploads\/2022\/01\/Screenshot_20220111-165232_Outlook.jpg\"><img decoding=\"async\" width=\"1024\" height=\"552\" data-src=\"https:\/\/cvinoticias.com\/wp-content\/uploads\/2022\/01\/Screenshot_20220111-165232_Outlook-1024x552.jpg\" alt=\"\" class=\"wp-image-12243 lazyload\" data-srcset=\"https:\/\/cvinoticias.com\/wp-content\/uploads\/2022\/01\/Screenshot_20220111-165232_Outlook-1024x552.jpg 1024w, https:\/\/cvinoticias.com\/wp-content\/uploads\/2022\/01\/Screenshot_20220111-165232_Outlook-300x162.jpg 300w, https:\/\/cvinoticias.com\/wp-content\/uploads\/2022\/01\/Screenshot_20220111-165232_Outlook-768x414.jpg 768w, https:\/\/cvinoticias.com\/wp-content\/uploads\/2022\/01\/Screenshot_20220111-165232_Outlook.jpg 1080w\" data-sizes=\"(max-width: 1024px) 100vw, 1024px\" src=\"data:image\/svg+xml;base64,PHN2ZyB3aWR0aD0iMSIgaGVpZ2h0PSIxIiB4bWxucz0iaHR0cDovL3d3dy53My5vcmcvMjAwMC9zdmciPjwvc3ZnPg==\" style=\"--smush-placeholder-width: 1024px; --smush-placeholder-aspect-ratio: 1024\/552;\" \/><\/a><\/figure>\n\n\n\n<figure class=\"wp-block-image size-large\"><a href=\"https:\/\/cvinoticias.com\/wp-content\/uploads\/2022\/01\/Screenshot_20220111-165244_Outlook.jpg\"><img decoding=\"async\" width=\"1024\" height=\"558\" data-src=\"https:\/\/cvinoticias.com\/wp-content\/uploads\/2022\/01\/Screenshot_20220111-165244_Outlook-1024x558.jpg\" alt=\"\" class=\"wp-image-12244 lazyload\" data-srcset=\"https:\/\/cvinoticias.com\/wp-content\/uploads\/2022\/01\/Screenshot_20220111-165244_Outlook-1024x558.jpg 1024w, https:\/\/cvinoticias.com\/wp-content\/uploads\/2022\/01\/Screenshot_20220111-165244_Outlook-300x164.jpg 300w, https:\/\/cvinoticias.com\/wp-content\/uploads\/2022\/01\/Screenshot_20220111-165244_Outlook-768x419.jpg 768w, https:\/\/cvinoticias.com\/wp-content\/uploads\/2022\/01\/Screenshot_20220111-165244_Outlook.jpg 1080w\" data-sizes=\"(max-width: 1024px) 100vw, 1024px\" src=\"data:image\/svg+xml;base64,PHN2ZyB3aWR0aD0iMSIgaGVpZ2h0PSIxIiB4bWxucz0iaHR0cDovL3d3dy53My5vcmcvMjAwMC9zdmciPjwvc3ZnPg==\" style=\"--smush-placeholder-width: 1024px; --smush-placeholder-aspect-ratio: 1024\/558;\" \/><\/a><\/figure>\n","protected":false},"excerpt":{"rendered":"<p>Con la presencia de los agentes sanitarios de la salud ind\u00edgena de las zonas Norte Paran\u00e1, Centro Paran\u00e1 y Sur, se present\u00f3 el cierre 2021 de los Programas Comunitarios de A.P.S. TECHAI MBYA \u2013 Salud Ind\u00edgena, en el sal\u00f3n audit\u00f3rium del Ministerio de Salud P\u00fablica. Se entreg\u00f3, adem\u00e1s, uniformes, mochilas con elementos de trabajo y [&hellip;]<\/p>\n","protected":false},"author":2,"featured_media":12242,"comment_status":"open","ping_status":"open","sticky":false,"template":"","format":"standard","meta":{"footnotes":""},"categories":[35],"tags":[],"class_list":["post-12241","post","type-post","status-publish","format-standard","has-post-thumbnail","hentry","category-informacion-general"],"yoast_head":"<!-- This site is optimized with the Yoast SEO plugin v27.5 - https:\/\/yoast.com\/product\/yoast-seo-wordpress\/ -->\n<title>M\u00e1s de 14.000 atenciones registraron los agentes sanitarios Mby\u00e1 en el 2021 | CVI NOTICIAS<\/title>\n<meta name=\"robots\" content=\"index, follow, max-snippet:-1, max-image-preview:large, max-video-preview:-1\" \/>\n<link rel=\"canonical\" href=\"https:\/\/cvinoticias.com\/v3\/mas-de-14-000-atenciones-registraron-los-agentes-sanitarios-mbya-en-el-2021\/\" \/>\n<meta property=\"og:locale\" content=\"es_ES\" \/>\n<meta property=\"og:type\" content=\"article\" \/>\n<meta property=\"og:title\" content=\"M\u00e1s de 14.000 atenciones registraron los agentes sanitarios Mby\u00e1 en el 2021 | CVI NOTICIAS\" \/>\n<meta property=\"og:description\" content=\"Con la presencia de los agentes sanitarios de la salud ind\u00edgena de las zonas Norte Paran\u00e1, Centro Paran\u00e1 y Sur, se present\u00f3 el cierre 2021 de los Programas Comunitarios de A.P.S. TECHAI MBYA \u2013 Salud Ind\u00edgena, en el sal\u00f3n audit\u00f3rium del Ministerio de Salud P\u00fablica. Se entreg\u00f3, adem\u00e1s, uniformes, mochilas con elementos de trabajo y [&hellip;]\" \/>\n<meta property=\"og:url\" content=\"https:\/\/cvinoticias.com\/v3\/mas-de-14-000-atenciones-registraron-los-agentes-sanitarios-mbya-en-el-2021\/\" \/>\n<meta property=\"og:site_name\" content=\"CVI NOTICIAS\" \/>\n<meta property=\"article:publisher\" content=\"https:\/\/www.facebook.com\/cvinoticias\" \/>\n<meta property=\"article:published_time\" content=\"2022-01-11T19:57:12+00:00\" \/>\n<meta property=\"og:image\" content=\"https:\/\/cvinoticias.com\/wp-content\/uploads\/2022\/01\/Screenshot_20220111-165309_Outlook.jpg\" \/>\n\t<meta property=\"og:image:width\" content=\"1078\" \/>\n\t<meta property=\"og:image:height\" content=\"608\" \/>\n\t<meta property=\"og:image:type\" content=\"image\/jpeg\" \/>\n<meta name=\"author\" content=\"f1000024\" \/>\n<meta name=\"twitter:card\" content=\"summary_large_image\" \/>\n<meta name=\"twitter:label1\" content=\"Escrito por\" \/>\n\t<meta name=\"twitter:data1\" content=\"f1000024\" \/>\n\t<meta name=\"twitter:label2\" content=\"Tiempo de lectura\" \/>\n\t<meta name=\"twitter:data2\" content=\"3 minutos\" \/>\n<script type=\"application\/ld+json\" class=\"yoast-schema-graph\">{\"@context\":\"https:\\\/\\\/schema.org\",\"@graph\":[{\"@type\":\"Article\",\"@id\":\"https:\\\/\\\/cvinoticias.com\\\/v3\\\/mas-de-14-000-atenciones-registraron-los-agentes-sanitarios-mbya-en-el-2021\\\/#article\",\"isPartOf\":{\"@id\":\"https:\\\/\\\/cvinoticias.com\\\/v3\\\/mas-de-14-000-atenciones-registraron-los-agentes-sanitarios-mbya-en-el-2021\\\/\"},\"author\":{\"name\":\"f1000024\",\"@id\":\"https:\\\/\\\/cvinoticias.com\\\/v3\\\/#\\\/schema\\\/person\\\/2db77e3c6bc03c538495d7b2b8be9b66\"},\"headline\":\"M\u00e1s de 14.000 atenciones registraron los agentes sanitarios Mby\u00e1 en el 2021\",\"datePublished\":\"2022-01-11T19:57:12+00:00\",\"mainEntityOfPage\":{\"@id\":\"https:\\\/\\\/cvinoticias.com\\\/v3\\\/mas-de-14-000-atenciones-registraron-los-agentes-sanitarios-mbya-en-el-2021\\\/\"},\"wordCount\":678,\"commentCount\":0,\"publisher\":{\"@id\":\"https:\\\/\\\/cvinoticias.com\\\/v3\\\/#organization\"},\"image\":{\"@id\":\"https:\\\/\\\/cvinoticias.com\\\/v3\\\/mas-de-14-000-atenciones-registraron-los-agentes-sanitarios-mbya-en-el-2021\\\/#primaryimage\"},\"thumbnailUrl\":\"https:\\\/\\\/cvinoticias.com\\\/wp-content\\\/uploads\\\/2022\\\/01\\\/Screenshot_20220111-165309_Outlook.jpg\",\"articleSection\":[\"Informaci\u00f3n General\"],\"inLanguage\":\"es\",\"potentialAction\":[{\"@type\":\"CommentAction\",\"name\":\"Comment\",\"target\":[\"https:\\\/\\\/cvinoticias.com\\\/v3\\\/mas-de-14-000-atenciones-registraron-los-agentes-sanitarios-mbya-en-el-2021\\\/#respond\"]}]},{\"@type\":\"WebPage\",\"@id\":\"https:\\\/\\\/cvinoticias.com\\\/v3\\\/mas-de-14-000-atenciones-registraron-los-agentes-sanitarios-mbya-en-el-2021\\\/\",\"url\":\"https:\\\/\\\/cvinoticias.com\\\/v3\\\/mas-de-14-000-atenciones-registraron-los-agentes-sanitarios-mbya-en-el-2021\\\/\",\"name\":\"M\u00e1s de 14.000 atenciones registraron los agentes sanitarios Mby\u00e1 en el 2021 | CVI NOTICIAS\",\"isPartOf\":{\"@id\":\"https:\\\/\\\/cvinoticias.com\\\/v3\\\/#website\"},\"primaryImageOfPage\":{\"@id\":\"https:\\\/\\\/cvinoticias.com\\\/v3\\\/mas-de-14-000-atenciones-registraron-los-agentes-sanitarios-mbya-en-el-2021\\\/#primaryimage\"},\"image\":{\"@id\":\"https:\\\/\\\/cvinoticias.com\\\/v3\\\/mas-de-14-000-atenciones-registraron-los-agentes-sanitarios-mbya-en-el-2021\\\/#primaryimage\"},\"thumbnailUrl\":\"https:\\\/\\\/cvinoticias.com\\\/wp-content\\\/uploads\\\/2022\\\/01\\\/Screenshot_20220111-165309_Outlook.jpg\",\"datePublished\":\"2022-01-11T19:57:12+00:00\",\"breadcrumb\":{\"@id\":\"https:\\\/\\\/cvinoticias.com\\\/v3\\\/mas-de-14-000-atenciones-registraron-los-agentes-sanitarios-mbya-en-el-2021\\\/#breadcrumb\"},\"inLanguage\":\"es\",\"potentialAction\":[{\"@type\":\"ReadAction\",\"target\":[\"https:\\\/\\\/cvinoticias.com\\\/v3\\\/mas-de-14-000-atenciones-registraron-los-agentes-sanitarios-mbya-en-el-2021\\\/\"]}]},{\"@type\":\"ImageObject\",\"inLanguage\":\"es\",\"@id\":\"https:\\\/\\\/cvinoticias.com\\\/v3\\\/mas-de-14-000-atenciones-registraron-los-agentes-sanitarios-mbya-en-el-2021\\\/#primaryimage\",\"url\":\"https:\\\/\\\/cvinoticias.com\\\/wp-content\\\/uploads\\\/2022\\\/01\\\/Screenshot_20220111-165309_Outlook.jpg\",\"contentUrl\":\"https:\\\/\\\/cvinoticias.com\\\/wp-content\\\/uploads\\\/2022\\\/01\\\/Screenshot_20220111-165309_Outlook.jpg\",\"width\":1078,\"height\":608},{\"@type\":\"BreadcrumbList\",\"@id\":\"https:\\\/\\\/cvinoticias.com\\\/v3\\\/mas-de-14-000-atenciones-registraron-los-agentes-sanitarios-mbya-en-el-2021\\\/#breadcrumb\",\"itemListElement\":[{\"@type\":\"ListItem\",\"position\":1,\"name\":\"Portada\",\"item\":\"https:\\\/\\\/cvinoticias.com\\\/v3\\\/\"},{\"@type\":\"ListItem\",\"position\":2,\"name\":\"M\u00e1s de 14.000 atenciones registraron los agentes sanitarios Mby\u00e1 en el 2021\"}]},{\"@type\":\"WebSite\",\"@id\":\"https:\\\/\\\/cvinoticias.com\\\/v3\\\/#website\",\"url\":\"https:\\\/\\\/cvinoticias.com\\\/v3\\\/\",\"name\":\"CVI NOTICIAS\",\"description\":\"\",\"publisher\":{\"@id\":\"https:\\\/\\\/cvinoticias.com\\\/v3\\\/#organization\"},\"alternateName\":\"CVI\",\"potentialAction\":[{\"@type\":\"SearchAction\",\"target\":{\"@type\":\"EntryPoint\",\"urlTemplate\":\"https:\\\/\\\/cvinoticias.com\\\/v3\\\/?s={search_term_string}\"},\"query-input\":{\"@type\":\"PropertyValueSpecification\",\"valueRequired\":true,\"valueName\":\"search_term_string\"}}],\"inLanguage\":\"es\"},{\"@type\":\"Organization\",\"@id\":\"https:\\\/\\\/cvinoticias.com\\\/v3\\\/#organization\",\"name\":\"CVI NOTICIAS\",\"url\":\"https:\\\/\\\/cvinoticias.com\\\/v3\\\/\",\"logo\":{\"@type\":\"ImageObject\",\"inLanguage\":\"es\",\"@id\":\"https:\\\/\\\/cvinoticias.com\\\/v3\\\/#\\\/schema\\\/logo\\\/image\\\/\",\"url\":\"https:\\\/\\\/cvinoticias.com\\\/wp-content\\\/uploads\\\/2023\\\/04\\\/cropped-cropped-cropped-cropped-cropped-3-1.png\",\"contentUrl\":\"https:\\\/\\\/cvinoticias.com\\\/wp-content\\\/uploads\\\/2023\\\/04\\\/cropped-cropped-cropped-cropped-cropped-3-1.png\",\"width\":95,\"height\":122,\"caption\":\"CVI NOTICIAS\"},\"image\":{\"@id\":\"https:\\\/\\\/cvinoticias.com\\\/v3\\\/#\\\/schema\\\/logo\\\/image\\\/\"},\"sameAs\":[\"https:\\\/\\\/www.facebook.com\\\/cvinoticias\",\"https:\\\/\\\/www.instagram.com\\\/cvinoticias\\\/\",\"https:\\\/\\\/www.youtube.com\\\/@CVINOTICIAS\"]},{\"@type\":\"Person\",\"@id\":\"https:\\\/\\\/cvinoticias.com\\\/v3\\\/#\\\/schema\\\/person\\\/2db77e3c6bc03c538495d7b2b8be9b66\",\"name\":\"f1000024\",\"image\":{\"@type\":\"ImageObject\",\"inLanguage\":\"es\",\"@id\":\"https:\\\/\\\/secure.gravatar.com\\\/avatar\\\/d4fe7459cfc51ff5129ce1a732bbef5928568b8092d412ef95611616376bbeed?s=96&d=mm&r=g\",\"url\":\"https:\\\/\\\/secure.gravatar.com\\\/avatar\\\/d4fe7459cfc51ff5129ce1a732bbef5928568b8092d412ef95611616376bbeed?s=96&d=mm&r=g\",\"contentUrl\":\"https:\\\/\\\/secure.gravatar.com\\\/avatar\\\/d4fe7459cfc51ff5129ce1a732bbef5928568b8092d412ef95611616376bbeed?s=96&d=mm&r=g\",\"caption\":\"f1000024\"},\"url\":\"https:\\\/\\\/cvinoticias.com\\\/v3\\\/author\\\/f1000024\\\/\"}]}<\/script>\n<!-- \/ Yoast SEO plugin. -->","yoast_head_json":{"title":"M\u00e1s de 14.000 atenciones registraron los agentes sanitarios Mby\u00e1 en el 2021 | CVI NOTICIAS","robots":{"index":"index","follow":"follow","max-snippet":"max-snippet:-1","max-image-preview":"max-image-preview:large","max-video-preview":"max-video-preview:-1"},"canonical":"https:\/\/cvinoticias.com\/v3\/mas-de-14-000-atenciones-registraron-los-agentes-sanitarios-mbya-en-el-2021\/","og_locale":"es_ES","og_type":"article","og_title":"M\u00e1s de 14.000 atenciones registraron los agentes sanitarios Mby\u00e1 en el 2021 | CVI NOTICIAS","og_description":"Con la presencia de los agentes sanitarios de la salud ind\u00edgena de las zonas Norte Paran\u00e1, Centro Paran\u00e1 y Sur, se present\u00f3 el cierre 2021 de los Programas Comunitarios de A.P.S. TECHAI MBYA \u2013 Salud Ind\u00edgena, en el sal\u00f3n audit\u00f3rium del Ministerio de Salud P\u00fablica. Se entreg\u00f3, adem\u00e1s, uniformes, mochilas con elementos de trabajo y [&hellip;]","og_url":"https:\/\/cvinoticias.com\/v3\/mas-de-14-000-atenciones-registraron-los-agentes-sanitarios-mbya-en-el-2021\/","og_site_name":"CVI NOTICIAS","article_publisher":"https:\/\/www.facebook.com\/cvinoticias","article_published_time":"2022-01-11T19:57:12+00:00","og_image":[{"width":1078,"height":608,"url":"https:\/\/cvinoticias.com\/wp-content\/uploads\/2022\/01\/Screenshot_20220111-165309_Outlook.jpg","type":"image\/jpeg"}],"author":"f1000024","twitter_card":"summary_large_image","twitter_misc":{"Escrito por":"f1000024","Tiempo de lectura":"3 minutos"},"schema":{"@context":"https:\/\/schema.org","@graph":[{"@type":"Article","@id":"https:\/\/cvinoticias.com\/v3\/mas-de-14-000-atenciones-registraron-los-agentes-sanitarios-mbya-en-el-2021\/#article","isPartOf":{"@id":"https:\/\/cvinoticias.com\/v3\/mas-de-14-000-atenciones-registraron-los-agentes-sanitarios-mbya-en-el-2021\/"},"author":{"name":"f1000024","@id":"https:\/\/cvinoticias.com\/v3\/#\/schema\/person\/2db77e3c6bc03c538495d7b2b8be9b66"},"headline":"M\u00e1s de 14.000 atenciones registraron los agentes sanitarios Mby\u00e1 en el 2021","datePublished":"2022-01-11T19:57:12+00:00","mainEntityOfPage":{"@id":"https:\/\/cvinoticias.com\/v3\/mas-de-14-000-atenciones-registraron-los-agentes-sanitarios-mbya-en-el-2021\/"},"wordCount":678,"commentCount":0,"publisher":{"@id":"https:\/\/cvinoticias.com\/v3\/#organization"},"image":{"@id":"https:\/\/cvinoticias.com\/v3\/mas-de-14-000-atenciones-registraron-los-agentes-sanitarios-mbya-en-el-2021\/#primaryimage"},"thumbnailUrl":"https:\/\/cvinoticias.com\/wp-content\/uploads\/2022\/01\/Screenshot_20220111-165309_Outlook.jpg","articleSection":["Informaci\u00f3n General"],"inLanguage":"es","potentialAction":[{"@type":"CommentAction","name":"Comment","target":["https:\/\/cvinoticias.com\/v3\/mas-de-14-000-atenciones-registraron-los-agentes-sanitarios-mbya-en-el-2021\/#respond"]}]},{"@type":"WebPage","@id":"https:\/\/cvinoticias.com\/v3\/mas-de-14-000-atenciones-registraron-los-agentes-sanitarios-mbya-en-el-2021\/","url":"https:\/\/cvinoticias.com\/v3\/mas-de-14-000-atenciones-registraron-los-agentes-sanitarios-mbya-en-el-2021\/","name":"M\u00e1s de 14.000 atenciones registraron los agentes sanitarios Mby\u00e1 en el 2021 | CVI NOTICIAS","isPartOf":{"@id":"https:\/\/cvinoticias.com\/v3\/#website"},"primaryImageOfPage":{"@id":"https:\/\/cvinoticias.com\/v3\/mas-de-14-000-atenciones-registraron-los-agentes-sanitarios-mbya-en-el-2021\/#primaryimage"},"image":{"@id":"https:\/\/cvinoticias.com\/v3\/mas-de-14-000-atenciones-registraron-los-agentes-sanitarios-mbya-en-el-2021\/#primaryimage"},"thumbnailUrl":"https:\/\/cvinoticias.com\/wp-content\/uploads\/2022\/01\/Screenshot_20220111-165309_Outlook.jpg","datePublished":"2022-01-11T19:57:12+00:00","breadcrumb":{"@id":"https:\/\/cvinoticias.com\/v3\/mas-de-14-000-atenciones-registraron-los-agentes-sanitarios-mbya-en-el-2021\/#breadcrumb"},"inLanguage":"es","potentialAction":[{"@type":"ReadAction","target":["https:\/\/cvinoticias.com\/v3\/mas-de-14-000-atenciones-registraron-los-agentes-sanitarios-mbya-en-el-2021\/"]}]},{"@type":"ImageObject","inLanguage":"es","@id":"https:\/\/cvinoticias.com\/v3\/mas-de-14-000-atenciones-registraron-los-agentes-sanitarios-mbya-en-el-2021\/#primaryimage","url":"https:\/\/cvinoticias.com\/wp-content\/uploads\/2022\/01\/Screenshot_20220111-165309_Outlook.jpg","contentUrl":"https:\/\/cvinoticias.com\/wp-content\/uploads\/2022\/01\/Screenshot_20220111-165309_Outlook.jpg","width":1078,"height":608},{"@type":"BreadcrumbList","@id":"https:\/\/cvinoticias.com\/v3\/mas-de-14-000-atenciones-registraron-los-agentes-sanitarios-mbya-en-el-2021\/#breadcrumb","itemListElement":[{"@type":"ListItem","position":1,"name":"Portada","item":"https:\/\/cvinoticias.com\/v3\/"},{"@type":"ListItem","position":2,"name":"M\u00e1s de 14.000 atenciones registraron los agentes sanitarios Mby\u00e1 en el 2021"}]},{"@type":"WebSite","@id":"https:\/\/cvinoticias.com\/v3\/#website","url":"https:\/\/cvinoticias.com\/v3\/","name":"CVI NOTICIAS","description":"","publisher":{"@id":"https:\/\/cvinoticias.com\/v3\/#organization"},"alternateName":"CVI","potentialAction":[{"@type":"SearchAction","target":{"@type":"EntryPoint","urlTemplate":"https:\/\/cvinoticias.com\/v3\/?s={search_term_string}"},"query-input":{"@type":"PropertyValueSpecification","valueRequired":true,"valueName":"search_term_string"}}],"inLanguage":"es"},{"@type":"Organization","@id":"https:\/\/cvinoticias.com\/v3\/#organization","name":"CVI NOTICIAS","url":"https:\/\/cvinoticias.com\/v3\/","logo":{"@type":"ImageObject","inLanguage":"es","@id":"https:\/\/cvinoticias.com\/v3\/#\/schema\/logo\/image\/","url":"https:\/\/cvinoticias.com\/wp-content\/uploads\/2023\/04\/cropped-cropped-cropped-cropped-cropped-3-1.png","contentUrl":"https:\/\/cvinoticias.com\/wp-content\/uploads\/2023\/04\/cropped-cropped-cropped-cropped-cropped-3-1.png","width":95,"height":122,"caption":"CVI NOTICIAS"},"image":{"@id":"https:\/\/cvinoticias.com\/v3\/#\/schema\/logo\/image\/"},"sameAs":["https:\/\/www.facebook.com\/cvinoticias","https:\/\/www.instagram.com\/cvinoticias\/","https:\/\/www.youtube.com\/@CVINOTICIAS"]},{"@type":"Person","@id":"https:\/\/cvinoticias.com\/v3\/#\/schema\/person\/2db77e3c6bc03c538495d7b2b8be9b66","name":"f1000024","image":{"@type":"ImageObject","inLanguage":"es","@id":"https:\/\/secure.gravatar.com\/avatar\/d4fe7459cfc51ff5129ce1a732bbef5928568b8092d412ef95611616376bbeed?s=96&d=mm&r=g","url":"https:\/\/secure.gravatar.com\/avatar\/d4fe7459cfc51ff5129ce1a732bbef5928568b8092d412ef95611616376bbeed?s=96&d=mm&r=g","contentUrl":"https:\/\/secure.gravatar.com\/avatar\/d4fe7459cfc51ff5129ce1a732bbef5928568b8092d412ef95611616376bbeed?s=96&d=mm&r=g","caption":"f1000024"},"url":"https:\/\/cvinoticias.com\/v3\/author\/f1000024\/"}]}},"_links":{"self":[{"href":"https:\/\/cvinoticias.com\/v3\/wp-json\/wp\/v2\/posts\/12241","targetHints":{"allow":["GET"]}}],"collection":[{"href":"https:\/\/cvinoticias.com\/v3\/wp-json\/wp\/v2\/posts"}],"about":[{"href":"https:\/\/cvinoticias.com\/v3\/wp-json\/wp\/v2\/types\/post"}],"author":[{"embeddable":true,"href":"https:\/\/cvinoticias.com\/v3\/wp-json\/wp\/v2\/users\/2"}],"replies":[{"embeddable":true,"href":"https:\/\/cvinoticias.com\/v3\/wp-json\/wp\/v2\/comments?post=12241"}],"version-history":[{"count":1,"href":"https:\/\/cvinoticias.com\/v3\/wp-json\/wp\/v2\/posts\/12241\/revisions"}],"predecessor-version":[{"id":12245,"href":"https:\/\/cvinoticias.com\/v3\/wp-json\/wp\/v2\/posts\/12241\/revisions\/12245"}],"wp:featuredmedia":[{"embeddable":true,"href":"https:\/\/cvinoticias.com\/v3\/wp-json\/wp\/v2\/media\/12242"}],"wp:attachment":[{"href":"https:\/\/cvinoticias.com\/v3\/wp-json\/wp\/v2\/media?parent=12241"}],"wp:term":[{"taxonomy":"category","embeddable":true,"href":"https:\/\/cvinoticias.com\/v3\/wp-json\/wp\/v2\/categories?post=12241"},{"taxonomy":"post_tag","embeddable":true,"href":"https:\/\/cvinoticias.com\/v3\/wp-json\/wp\/v2\/tags?post=12241"}],"curies":[{"name":"wp","href":"https:\/\/api.w.org\/{rel}","templated":true}]}}