{"id":12237,"date":"2022-01-11T19:35:42","date_gmt":"2022-01-11T19:35:42","guid":{"rendered":"https:\/\/cvinoticias.com\/v3\/?p=12237"},"modified":"2022-01-11T19:35:42","modified_gmt":"2022-01-11T19:35:42","slug":"miles-de-veraneantes-eligen-posadas-para-sus-vacaciones","status":"publish","type":"post","link":"https:\/\/cvinoticias.com\/v3\/miles-de-veraneantes-eligen-posadas-para-sus-vacaciones\/","title":{"rendered":"Miles de veraneantes eligen Posadas para sus vacaciones"},"content":{"rendered":"\n<p><strong><em>La capital Misionera se posiciona como destino tur\u00edstico inteligente, accesible, sustentable y seguro, a partir de acciones concretas llevadas a cabo por el municipio y la provincia, que traen beneficios tanto para las y los posade\u00f1os como para los visitantes. Posadas es el destino m\u00e1s elegido de la regi\u00f3n.<\/em><\/strong><\/p>\n\n\n\n<p>La capital misionera no solo es el lugar en el que deciden pasar el verano los habitantes de la tierra colorada, en lo que va del verano 2022 se ha detectado una impresionante afluencia de turistas de otras provincias y de pa\u00edses vecinos.<\/p>\n\n\n\n<p>Posadas cuenta con una gran oferta propia y adem\u00e1s es el portal de ingreso a otros atractivos tur\u00edsticos que tiene para ofrecer la provincia de Misiones, como las Reducciones Jesu\u00edticas, la Cruz de Santa Ana, Iguaz\u00fa y los Saltos del Mocon\u00e1, entre otros rincones para explorar la magia de nuestra tierra.<\/p>\n\n\n\n<p>Quien decide llegar a Posadas a pasar sus vacaciones, se encuentra con una ciudad cosmopolita. El potencial tur\u00edstico se despliega en 11 km de Costanera con diferentes tipos de atractivos y m\u00e1s de 50 restaurantes, m\u00e1s de 250 espacios verdes, dos playas -El Brete y Costa Sur- completamente renovadas y modernizadas, el cine Imax, el Shopping y el catamar\u00e1n Mburucuy\u00e1 Connection, son solo algunos de los argumentos para demostrar que Posadas es un excelente destino de verano.<\/p>\n\n\n\n<p><strong>Posadas volvi\u00f3 a latir<\/strong><\/p>\n\n\n\n<p>Por otro lado, la ciudad tambi\u00e9n ofrece eventos culturales y shows de calidad para toda la familia, con producciones de gran magnitud. El a\u00f1o pasado se pudo disfrutar del recital de Tini, el tradicional Festival de la m\u00fasica del Litoral que re\u00fane artistas de primer nivel, y hace pocos d\u00edas, abriendo la temporada de verano 2022 la costanera se llen\u00f3 de m\u00fasica y humor de la mano de Soy Rada, quien cerr\u00f3 el show junto a la misionera Diana Amarilla. Tambi\u00e9n se pudo disfrutar de la m\u00fasica del gran Ra\u00fal Barboza y la espl\u00e9ndida actuaci\u00f3n del elenco del Parque del Conocimiento, en el Anfiteatro Manuel Antonio Ram\u00edrez.<\/p>\n\n\n\n<p>Las opciones culturales de la Ciudad son m\u00faltiples y todas imperdibles, ya que como se ve hay para todos los gustos y edades.<\/p>\n\n\n\n<figure class=\"wp-block-image size-full\"><a href=\"https:\/\/cvinoticias.com\/wp-content\/uploads\/2022\/01\/Screenshot_20220111-163135_Word.jpg\"><img decoding=\"async\" width=\"912\" height=\"606\" data-src=\"https:\/\/cvinoticias.com\/wp-content\/uploads\/2022\/01\/Screenshot_20220111-163135_Word.jpg\" alt=\"\" class=\"wp-image-12238 lazyload\" data-srcset=\"https:\/\/cvinoticias.com\/wp-content\/uploads\/2022\/01\/Screenshot_20220111-163135_Word.jpg 912w, https:\/\/cvinoticias.com\/wp-content\/uploads\/2022\/01\/Screenshot_20220111-163135_Word-300x199.jpg 300w, https:\/\/cvinoticias.com\/wp-content\/uploads\/2022\/01\/Screenshot_20220111-163135_Word-768x510.jpg 768w\" data-sizes=\"(max-width: 912px) 100vw, 912px\" src=\"data:image\/svg+xml;base64,PHN2ZyB3aWR0aD0iMSIgaGVpZ2h0PSIxIiB4bWxucz0iaHR0cDovL3d3dy53My5vcmcvMjAwMC9zdmciPjwvc3ZnPg==\" style=\"--smush-placeholder-width: 912px; --smush-placeholder-aspect-ratio: 912\/606;\" \/><\/a><\/figure>\n\n\n\n<p><strong>Posadas, un destino con historia<\/strong><\/p>\n\n\n\n<p>Posadas, adem\u00e1s de los atractivos de verano, las playas, el r\u00edo y la naturaleza, tiene un atractivo patrimonial que se sintetiza en La Bajada Vieja, es quiz\u00e1s el lugar m\u00e1s caracter\u00edstico y emblem\u00e1tico de la ciudad de Posadas, lleno de historias, leyendas y un gran legado cultural.<\/p>\n\n\n\n<p>Una calle central empinada le da su nombre, el barrio Bajada Vieja, sus calles eran de tierra y piedra, las viviendas en un primer momento fueron de madera, adobe y paja y luego utilizaron ladrillo y cemento. Las im\u00e1genes de Posadas de anta\u00f1o se pueden ver en obras de arte visual como la de Areu Crespo y en obras musicales como la de Ram\u00f3n Ayala.<\/p>\n\n\n\n<p>Actualmente esta bajada, donde se origin\u00f3 la ciudad y creci\u00f3 a partir de las actividades que se realizaban sobre el R\u00edo Paran\u00e1, es un paseo rodeado de naturaleza, que amalgama las antiguas construcciones con las modernas, y se puede recorrer a pi\u00e9 o en el City Tour La Jangada.<\/p>\n\n\n\n<p>El bus tur\u00edstico La Jangada es una propuesta m\u00e1s que interesante del municipio, de acceso libre y gratuito, que recorre distintos puntos tur\u00edsticos de la ciudad, como el Parque Paraguayo, la Costanera, el Monumento Gral. Andr\u00e9s Guacurar\u00ed, el balneario El Brete, la Bajada Vieja entre otros. En el paseo guiado, se relata la historia de los lugares y de personajes locales. Cuenta con capacidad limitada por lo que se debe reservar por WhatsApp 3764 578395.<\/p>\n\n\n\n<p>La agencia de turismo Posadas, cuenta con m\u00e1s actividades y opciones para pasar el verano en la ciudad.<\/p>\n\n\n\n<p><strong>Agenda de verano 2022 Posadas<\/strong><br>Martes 11<br>17 hs Visita al Parque Restauraci\u00f3n Ambiental<br>(Inscripci\u00f3n 3764666146 &#8211; Salida 16 hs en el Paseo La Terminal)<\/p>\n\n\n\n<p>Mi\u00e9rcoles 12<br>9 hs Visita al Jard\u00edn Bot\u00e1nico Albeto Roth<br>Inscripciones 3764666146<\/p>\n\n\n\n<p>17:30 hs Muestra Memoria fotogr\u00e1fica de nuestra ciudad.<br>Plaza 9 de Julio<\/p>\n\n\n\n<p>18hs Show Infantil<br>Delegaci\u00f3n Dolores Sur B\u00b0 A-4 MZ 215 Ex Anfiteatro Ram\u00f3n Ayala<\/p>\n\n\n\n<p>20hs \u00abLa Voz del Viento\u00bb Pel\u00edcula Ra\u00fal Barboza<br>Anfiteatro El Brete<\/p>\n\n\n\n<p>Jueves 13<br>18:30 hs Escenario Abierto<br>Playa Costa Sur<\/p>\n\n\n\n<p>Viernes 14<br>9 hs Visita Planta de Clasificaci\u00f3n de Residuos<br>(Inscripci\u00f3n 3764666146 &#8211; Salida 8 hs en el Paseo La Terminal)<\/p>\n\n\n\n<p>18 hs Paseo guiado City Tour \u00abLa Jangada\u00bb<br>Plaza 9 de Julio<\/p>\n\n\n\n<p>18 hs Paseo guiado en bici.<br>Salida: Eco Bicis 4to Tramo<\/p>\n\n\n\n<p>19 hs Noches de Verano Cine al aire libre<br>Plaza Villa Urquiza<\/p>\n\n\n\n<p>S\u00e1bado 15<br>18:30 hs Circuito Peatonal Guiado Andresito + Bajada Vieja<\/p>\n\n\n\n<p>19 hs Sabores Misioneros &#8211; Patio Gastron\u00f3mico y cervecero + Set Dj Juan Fedeli<br>Parque Paraguayo<\/p>\n\n\n\n<p>18 hs Paseo Guiado City Tour \u00abLa Jangada\u00bb<br>Plaza 9 de Julio<\/p>\n\n\n\n<p>19 hs Festival de Verano &#8211; Show Banda en Vivo (Bocanada)<br>Playa Costa Sur<\/p>\n\n\n\n<p>Domingo 16<br>16 &#8211; 20 hs Festival de Verano Dj en Vivo<br>Playa Costa Sur<\/p>\n\n\n\n<p>18 hs Paseo Guiado City Tour \u00abLa Jangada\u00bb<br>Plaza 9 de Julio<\/p>\n","protected":false},"excerpt":{"rendered":"<p>La capital Misionera se posiciona como destino tur\u00edstico inteligente, accesible, sustentable y seguro, a partir de acciones concretas llevadas a cabo por el municipio y la provincia, que traen beneficios tanto para las y los posade\u00f1os como para los visitantes. Posadas es el destino m\u00e1s elegido de la regi\u00f3n. La capital misionera no solo es [&hellip;]<\/p>\n","protected":false},"author":2,"featured_media":12239,"comment_status":"open","ping_status":"open","sticky":false,"template":"","format":"standard","meta":{"footnotes":""},"categories":[43],"tags":[],"class_list":["post-12237","post","type-post","status-publish","format-standard","has-post-thumbnail","hentry","category-provinciales"],"yoast_head":"<!-- This site is optimized with the Yoast SEO plugin v27.5 - https:\/\/yoast.com\/product\/yoast-seo-wordpress\/ -->\n<title>Miles de veraneantes eligen Posadas para sus vacaciones | CVI NOTICIAS<\/title>\n<meta name=\"robots\" content=\"index, follow, max-snippet:-1, max-image-preview:large, max-video-preview:-1\" \/>\n<link rel=\"canonical\" href=\"https:\/\/cvinoticias.com\/v3\/miles-de-veraneantes-eligen-posadas-para-sus-vacaciones\/\" \/>\n<meta property=\"og:locale\" content=\"es_ES\" \/>\n<meta property=\"og:type\" content=\"article\" \/>\n<meta property=\"og:title\" content=\"Miles de veraneantes eligen Posadas para sus vacaciones | CVI NOTICIAS\" \/>\n<meta property=\"og:description\" content=\"La capital Misionera se posiciona como destino tur\u00edstico inteligente, accesible, sustentable y seguro, a partir de acciones concretas llevadas a cabo por el municipio y la provincia, que traen beneficios tanto para las y los posade\u00f1os como para los visitantes. Posadas es el destino m\u00e1s elegido de la regi\u00f3n. La capital misionera no solo es [&hellip;]\" \/>\n<meta property=\"og:url\" content=\"https:\/\/cvinoticias.com\/v3\/miles-de-veraneantes-eligen-posadas-para-sus-vacaciones\/\" \/>\n<meta property=\"og:site_name\" content=\"CVI NOTICIAS\" \/>\n<meta property=\"article:publisher\" content=\"https:\/\/www.facebook.com\/cvinoticias\" \/>\n<meta property=\"article:published_time\" content=\"2022-01-11T19:35:42+00:00\" \/>\n<meta property=\"og:image\" content=\"https:\/\/cvinoticias.com\/wp-content\/uploads\/2022\/01\/IMG-20220110-WA0107-1.jpg\" \/>\n\t<meta property=\"og:image:width\" content=\"1024\" \/>\n\t<meta property=\"og:image:height\" content=\"684\" \/>\n\t<meta property=\"og:image:type\" content=\"image\/jpeg\" \/>\n<meta name=\"author\" content=\"f1000024\" \/>\n<meta name=\"twitter:card\" content=\"summary_large_image\" \/>\n<meta name=\"twitter:label1\" content=\"Escrito por\" \/>\n\t<meta name=\"twitter:data1\" content=\"f1000024\" \/>\n\t<meta name=\"twitter:label2\" content=\"Tiempo de lectura\" \/>\n\t<meta name=\"twitter:data2\" content=\"4 minutos\" \/>\n<script type=\"application\/ld+json\" class=\"yoast-schema-graph\">{\"@context\":\"https:\\\/\\\/schema.org\",\"@graph\":[{\"@type\":\"Article\",\"@id\":\"https:\\\/\\\/cvinoticias.com\\\/v3\\\/miles-de-veraneantes-eligen-posadas-para-sus-vacaciones\\\/#article\",\"isPartOf\":{\"@id\":\"https:\\\/\\\/cvinoticias.com\\\/v3\\\/miles-de-veraneantes-eligen-posadas-para-sus-vacaciones\\\/\"},\"author\":{\"name\":\"f1000024\",\"@id\":\"https:\\\/\\\/cvinoticias.com\\\/v3\\\/#\\\/schema\\\/person\\\/2db77e3c6bc03c538495d7b2b8be9b66\"},\"headline\":\"Miles de veraneantes eligen Posadas para sus vacaciones\",\"datePublished\":\"2022-01-11T19:35:42+00:00\",\"mainEntityOfPage\":{\"@id\":\"https:\\\/\\\/cvinoticias.com\\\/v3\\\/miles-de-veraneantes-eligen-posadas-para-sus-vacaciones\\\/\"},\"wordCount\":846,\"commentCount\":0,\"publisher\":{\"@id\":\"https:\\\/\\\/cvinoticias.com\\\/v3\\\/#organization\"},\"image\":{\"@id\":\"https:\\\/\\\/cvinoticias.com\\\/v3\\\/miles-de-veraneantes-eligen-posadas-para-sus-vacaciones\\\/#primaryimage\"},\"thumbnailUrl\":\"https:\\\/\\\/cvinoticias.com\\\/wp-content\\\/uploads\\\/2022\\\/01\\\/IMG-20220110-WA0107-1.jpg\",\"articleSection\":[\"Provinciales\"],\"inLanguage\":\"es\",\"potentialAction\":[{\"@type\":\"CommentAction\",\"name\":\"Comment\",\"target\":[\"https:\\\/\\\/cvinoticias.com\\\/v3\\\/miles-de-veraneantes-eligen-posadas-para-sus-vacaciones\\\/#respond\"]}]},{\"@type\":\"WebPage\",\"@id\":\"https:\\\/\\\/cvinoticias.com\\\/v3\\\/miles-de-veraneantes-eligen-posadas-para-sus-vacaciones\\\/\",\"url\":\"https:\\\/\\\/cvinoticias.com\\\/v3\\\/miles-de-veraneantes-eligen-posadas-para-sus-vacaciones\\\/\",\"name\":\"Miles de veraneantes eligen Posadas para sus vacaciones | CVI NOTICIAS\",\"isPartOf\":{\"@id\":\"https:\\\/\\\/cvinoticias.com\\\/v3\\\/#website\"},\"primaryImageOfPage\":{\"@id\":\"https:\\\/\\\/cvinoticias.com\\\/v3\\\/miles-de-veraneantes-eligen-posadas-para-sus-vacaciones\\\/#primaryimage\"},\"image\":{\"@id\":\"https:\\\/\\\/cvinoticias.com\\\/v3\\\/miles-de-veraneantes-eligen-posadas-para-sus-vacaciones\\\/#primaryimage\"},\"thumbnailUrl\":\"https:\\\/\\\/cvinoticias.com\\\/wp-content\\\/uploads\\\/2022\\\/01\\\/IMG-20220110-WA0107-1.jpg\",\"datePublished\":\"2022-01-11T19:35:42+00:00\",\"breadcrumb\":{\"@id\":\"https:\\\/\\\/cvinoticias.com\\\/v3\\\/miles-de-veraneantes-eligen-posadas-para-sus-vacaciones\\\/#breadcrumb\"},\"inLanguage\":\"es\",\"potentialAction\":[{\"@type\":\"ReadAction\",\"target\":[\"https:\\\/\\\/cvinoticias.com\\\/v3\\\/miles-de-veraneantes-eligen-posadas-para-sus-vacaciones\\\/\"]}]},{\"@type\":\"ImageObject\",\"inLanguage\":\"es\",\"@id\":\"https:\\\/\\\/cvinoticias.com\\\/v3\\\/miles-de-veraneantes-eligen-posadas-para-sus-vacaciones\\\/#primaryimage\",\"url\":\"https:\\\/\\\/cvinoticias.com\\\/wp-content\\\/uploads\\\/2022\\\/01\\\/IMG-20220110-WA0107-1.jpg\",\"contentUrl\":\"https:\\\/\\\/cvinoticias.com\\\/wp-content\\\/uploads\\\/2022\\\/01\\\/IMG-20220110-WA0107-1.jpg\",\"width\":1024,\"height\":684},{\"@type\":\"BreadcrumbList\",\"@id\":\"https:\\\/\\\/cvinoticias.com\\\/v3\\\/miles-de-veraneantes-eligen-posadas-para-sus-vacaciones\\\/#breadcrumb\",\"itemListElement\":[{\"@type\":\"ListItem\",\"position\":1,\"name\":\"Portada\",\"item\":\"https:\\\/\\\/cvinoticias.com\\\/v3\\\/\"},{\"@type\":\"ListItem\",\"position\":2,\"name\":\"Miles de veraneantes eligen Posadas para sus vacaciones\"}]},{\"@type\":\"WebSite\",\"@id\":\"https:\\\/\\\/cvinoticias.com\\\/v3\\\/#website\",\"url\":\"https:\\\/\\\/cvinoticias.com\\\/v3\\\/\",\"name\":\"CVI NOTICIAS\",\"description\":\"\",\"publisher\":{\"@id\":\"https:\\\/\\\/cvinoticias.com\\\/v3\\\/#organization\"},\"alternateName\":\"CVI\",\"potentialAction\":[{\"@type\":\"SearchAction\",\"target\":{\"@type\":\"EntryPoint\",\"urlTemplate\":\"https:\\\/\\\/cvinoticias.com\\\/v3\\\/?s={search_term_string}\"},\"query-input\":{\"@type\":\"PropertyValueSpecification\",\"valueRequired\":true,\"valueName\":\"search_term_string\"}}],\"inLanguage\":\"es\"},{\"@type\":\"Organization\",\"@id\":\"https:\\\/\\\/cvinoticias.com\\\/v3\\\/#organization\",\"name\":\"CVI NOTICIAS\",\"url\":\"https:\\\/\\\/cvinoticias.com\\\/v3\\\/\",\"logo\":{\"@type\":\"ImageObject\",\"inLanguage\":\"es\",\"@id\":\"https:\\\/\\\/cvinoticias.com\\\/v3\\\/#\\\/schema\\\/logo\\\/image\\\/\",\"url\":\"https:\\\/\\\/cvinoticias.com\\\/wp-content\\\/uploads\\\/2023\\\/04\\\/cropped-cropped-cropped-cropped-cropped-3-1.png\",\"contentUrl\":\"https:\\\/\\\/cvinoticias.com\\\/wp-content\\\/uploads\\\/2023\\\/04\\\/cropped-cropped-cropped-cropped-cropped-3-1.png\",\"width\":95,\"height\":122,\"caption\":\"CVI NOTICIAS\"},\"image\":{\"@id\":\"https:\\\/\\\/cvinoticias.com\\\/v3\\\/#\\\/schema\\\/logo\\\/image\\\/\"},\"sameAs\":[\"https:\\\/\\\/www.facebook.com\\\/cvinoticias\",\"https:\\\/\\\/www.instagram.com\\\/cvinoticias\\\/\",\"https:\\\/\\\/www.youtube.com\\\/@CVINOTICIAS\"]},{\"@type\":\"Person\",\"@id\":\"https:\\\/\\\/cvinoticias.com\\\/v3\\\/#\\\/schema\\\/person\\\/2db77e3c6bc03c538495d7b2b8be9b66\",\"name\":\"f1000024\",\"image\":{\"@type\":\"ImageObject\",\"inLanguage\":\"es\",\"@id\":\"https:\\\/\\\/secure.gravatar.com\\\/avatar\\\/d4fe7459cfc51ff5129ce1a732bbef5928568b8092d412ef95611616376bbeed?s=96&d=mm&r=g\",\"url\":\"https:\\\/\\\/secure.gravatar.com\\\/avatar\\\/d4fe7459cfc51ff5129ce1a732bbef5928568b8092d412ef95611616376bbeed?s=96&d=mm&r=g\",\"contentUrl\":\"https:\\\/\\\/secure.gravatar.com\\\/avatar\\\/d4fe7459cfc51ff5129ce1a732bbef5928568b8092d412ef95611616376bbeed?s=96&d=mm&r=g\",\"caption\":\"f1000024\"},\"url\":\"https:\\\/\\\/cvinoticias.com\\\/v3\\\/author\\\/f1000024\\\/\"}]}<\/script>\n<!-- \/ Yoast SEO plugin. -->","yoast_head_json":{"title":"Miles de veraneantes eligen Posadas para sus vacaciones | CVI NOTICIAS","robots":{"index":"index","follow":"follow","max-snippet":"max-snippet:-1","max-image-preview":"max-image-preview:large","max-video-preview":"max-video-preview:-1"},"canonical":"https:\/\/cvinoticias.com\/v3\/miles-de-veraneantes-eligen-posadas-para-sus-vacaciones\/","og_locale":"es_ES","og_type":"article","og_title":"Miles de veraneantes eligen Posadas para sus vacaciones | CVI NOTICIAS","og_description":"La capital Misionera se posiciona como destino tur\u00edstico inteligente, accesible, sustentable y seguro, a partir de acciones concretas llevadas a cabo por el municipio y la provincia, que traen beneficios tanto para las y los posade\u00f1os como para los visitantes. Posadas es el destino m\u00e1s elegido de la regi\u00f3n. La capital misionera no solo es [&hellip;]","og_url":"https:\/\/cvinoticias.com\/v3\/miles-de-veraneantes-eligen-posadas-para-sus-vacaciones\/","og_site_name":"CVI NOTICIAS","article_publisher":"https:\/\/www.facebook.com\/cvinoticias","article_published_time":"2022-01-11T19:35:42+00:00","og_image":[{"width":1024,"height":684,"url":"https:\/\/cvinoticias.com\/wp-content\/uploads\/2022\/01\/IMG-20220110-WA0107-1.jpg","type":"image\/jpeg"}],"author":"f1000024","twitter_card":"summary_large_image","twitter_misc":{"Escrito por":"f1000024","Tiempo de lectura":"4 minutos"},"schema":{"@context":"https:\/\/schema.org","@graph":[{"@type":"Article","@id":"https:\/\/cvinoticias.com\/v3\/miles-de-veraneantes-eligen-posadas-para-sus-vacaciones\/#article","isPartOf":{"@id":"https:\/\/cvinoticias.com\/v3\/miles-de-veraneantes-eligen-posadas-para-sus-vacaciones\/"},"author":{"name":"f1000024","@id":"https:\/\/cvinoticias.com\/v3\/#\/schema\/person\/2db77e3c6bc03c538495d7b2b8be9b66"},"headline":"Miles de veraneantes eligen Posadas para sus vacaciones","datePublished":"2022-01-11T19:35:42+00:00","mainEntityOfPage":{"@id":"https:\/\/cvinoticias.com\/v3\/miles-de-veraneantes-eligen-posadas-para-sus-vacaciones\/"},"wordCount":846,"commentCount":0,"publisher":{"@id":"https:\/\/cvinoticias.com\/v3\/#organization"},"image":{"@id":"https:\/\/cvinoticias.com\/v3\/miles-de-veraneantes-eligen-posadas-para-sus-vacaciones\/#primaryimage"},"thumbnailUrl":"https:\/\/cvinoticias.com\/wp-content\/uploads\/2022\/01\/IMG-20220110-WA0107-1.jpg","articleSection":["Provinciales"],"inLanguage":"es","potentialAction":[{"@type":"CommentAction","name":"Comment","target":["https:\/\/cvinoticias.com\/v3\/miles-de-veraneantes-eligen-posadas-para-sus-vacaciones\/#respond"]}]},{"@type":"WebPage","@id":"https:\/\/cvinoticias.com\/v3\/miles-de-veraneantes-eligen-posadas-para-sus-vacaciones\/","url":"https:\/\/cvinoticias.com\/v3\/miles-de-veraneantes-eligen-posadas-para-sus-vacaciones\/","name":"Miles de veraneantes eligen Posadas para sus vacaciones | CVI NOTICIAS","isPartOf":{"@id":"https:\/\/cvinoticias.com\/v3\/#website"},"primaryImageOfPage":{"@id":"https:\/\/cvinoticias.com\/v3\/miles-de-veraneantes-eligen-posadas-para-sus-vacaciones\/#primaryimage"},"image":{"@id":"https:\/\/cvinoticias.com\/v3\/miles-de-veraneantes-eligen-posadas-para-sus-vacaciones\/#primaryimage"},"thumbnailUrl":"https:\/\/cvinoticias.com\/wp-content\/uploads\/2022\/01\/IMG-20220110-WA0107-1.jpg","datePublished":"2022-01-11T19:35:42+00:00","breadcrumb":{"@id":"https:\/\/cvinoticias.com\/v3\/miles-de-veraneantes-eligen-posadas-para-sus-vacaciones\/#breadcrumb"},"inLanguage":"es","potentialAction":[{"@type":"ReadAction","target":["https:\/\/cvinoticias.com\/v3\/miles-de-veraneantes-eligen-posadas-para-sus-vacaciones\/"]}]},{"@type":"ImageObject","inLanguage":"es","@id":"https:\/\/cvinoticias.com\/v3\/miles-de-veraneantes-eligen-posadas-para-sus-vacaciones\/#primaryimage","url":"https:\/\/cvinoticias.com\/wp-content\/uploads\/2022\/01\/IMG-20220110-WA0107-1.jpg","contentUrl":"https:\/\/cvinoticias.com\/wp-content\/uploads\/2022\/01\/IMG-20220110-WA0107-1.jpg","width":1024,"height":684},{"@type":"BreadcrumbList","@id":"https:\/\/cvinoticias.com\/v3\/miles-de-veraneantes-eligen-posadas-para-sus-vacaciones\/#breadcrumb","itemListElement":[{"@type":"ListItem","position":1,"name":"Portada","item":"https:\/\/cvinoticias.com\/v3\/"},{"@type":"ListItem","position":2,"name":"Miles de veraneantes eligen Posadas para sus vacaciones"}]},{"@type":"WebSite","@id":"https:\/\/cvinoticias.com\/v3\/#website","url":"https:\/\/cvinoticias.com\/v3\/","name":"CVI NOTICIAS","description":"","publisher":{"@id":"https:\/\/cvinoticias.com\/v3\/#organization"},"alternateName":"CVI","potentialAction":[{"@type":"SearchAction","target":{"@type":"EntryPoint","urlTemplate":"https:\/\/cvinoticias.com\/v3\/?s={search_term_string}"},"query-input":{"@type":"PropertyValueSpecification","valueRequired":true,"valueName":"search_term_string"}}],"inLanguage":"es"},{"@type":"Organization","@id":"https:\/\/cvinoticias.com\/v3\/#organization","name":"CVI NOTICIAS","url":"https:\/\/cvinoticias.com\/v3\/","logo":{"@type":"ImageObject","inLanguage":"es","@id":"https:\/\/cvinoticias.com\/v3\/#\/schema\/logo\/image\/","url":"https:\/\/cvinoticias.com\/wp-content\/uploads\/2023\/04\/cropped-cropped-cropped-cropped-cropped-3-1.png","contentUrl":"https:\/\/cvinoticias.com\/wp-content\/uploads\/2023\/04\/cropped-cropped-cropped-cropped-cropped-3-1.png","width":95,"height":122,"caption":"CVI NOTICIAS"},"image":{"@id":"https:\/\/cvinoticias.com\/v3\/#\/schema\/logo\/image\/"},"sameAs":["https:\/\/www.facebook.com\/cvinoticias","https:\/\/www.instagram.com\/cvinoticias\/","https:\/\/www.youtube.com\/@CVINOTICIAS"]},{"@type":"Person","@id":"https:\/\/cvinoticias.com\/v3\/#\/schema\/person\/2db77e3c6bc03c538495d7b2b8be9b66","name":"f1000024","image":{"@type":"ImageObject","inLanguage":"es","@id":"https:\/\/secure.gravatar.com\/avatar\/d4fe7459cfc51ff5129ce1a732bbef5928568b8092d412ef95611616376bbeed?s=96&d=mm&r=g","url":"https:\/\/secure.gravatar.com\/avatar\/d4fe7459cfc51ff5129ce1a732bbef5928568b8092d412ef95611616376bbeed?s=96&d=mm&r=g","contentUrl":"https:\/\/secure.gravatar.com\/avatar\/d4fe7459cfc51ff5129ce1a732bbef5928568b8092d412ef95611616376bbeed?s=96&d=mm&r=g","caption":"f1000024"},"url":"https:\/\/cvinoticias.com\/v3\/author\/f1000024\/"}]}},"_links":{"self":[{"href":"https:\/\/cvinoticias.com\/v3\/wp-json\/wp\/v2\/posts\/12237","targetHints":{"allow":["GET"]}}],"collection":[{"href":"https:\/\/cvinoticias.com\/v3\/wp-json\/wp\/v2\/posts"}],"about":[{"href":"https:\/\/cvinoticias.com\/v3\/wp-json\/wp\/v2\/types\/post"}],"author":[{"embeddable":true,"href":"https:\/\/cvinoticias.com\/v3\/wp-json\/wp\/v2\/users\/2"}],"replies":[{"embeddable":true,"href":"https:\/\/cvinoticias.com\/v3\/wp-json\/wp\/v2\/comments?post=12237"}],"version-history":[{"count":1,"href":"https:\/\/cvinoticias.com\/v3\/wp-json\/wp\/v2\/posts\/12237\/revisions"}],"predecessor-version":[{"id":12240,"href":"https:\/\/cvinoticias.com\/v3\/wp-json\/wp\/v2\/posts\/12237\/revisions\/12240"}],"wp:featuredmedia":[{"embeddable":true,"href":"https:\/\/cvinoticias.com\/v3\/wp-json\/wp\/v2\/media\/12239"}],"wp:attachment":[{"href":"https:\/\/cvinoticias.com\/v3\/wp-json\/wp\/v2\/media?parent=12237"}],"wp:term":[{"taxonomy":"category","embeddable":true,"href":"https:\/\/cvinoticias.com\/v3\/wp-json\/wp\/v2\/categories?post=12237"},{"taxonomy":"post_tag","embeddable":true,"href":"https:\/\/cvinoticias.com\/v3\/wp-json\/wp\/v2\/tags?post=12237"}],"curies":[{"name":"wp","href":"https:\/\/api.w.org\/{rel}","templated":true}]}}