{"id":12214,"date":"2022-01-11T05:41:27","date_gmt":"2022-01-11T05:41:27","guid":{"rendered":"https:\/\/cvinoticias.com\/v3\/?p=12214"},"modified":"2022-01-11T05:41:27","modified_gmt":"2022-01-11T05:41:27","slug":"pfizer-anuncio-que-en-marzo-tendra-una-vacuna-contra-omicron","status":"publish","type":"post","link":"https:\/\/cvinoticias.com\/v3\/pfizer-anuncio-que-en-marzo-tendra-una-vacuna-contra-omicron\/","title":{"rendered":"Pfizer anunci\u00f3 que en marzo tendr\u00e1 una vacuna contra \u00d3micron"},"content":{"rendered":"\n<p><strong><em>Seg\u00fan el CEO de la farmac\u00e9utica, Albert Bourla, buscar\u00e1n que tenga \u201cuna protecci\u00f3n mucho mejor\u00bb, y aclar\u00f3 que desconoce si habr\u00e1 necesidad de una cuarta dosis.<\/em><\/strong><\/p>\n\n\n\n<p>En momentos en que \u00d3micron genera cifras r\u00e9cord de contagios,\u00a0Pfizer anunci\u00f3 que en marzo estar\u00eda lista la vacuna contra esta mutaci\u00f3n del coronavirus.<\/p>\n\n\n\n<p>Seg\u00fan el CEO de la farmac\u00e9utica, Albert Bourla,\u00a0buscar\u00e1n que esta inmunizaci\u00f3n tenga \u201cuna protecci\u00f3n mucho mejor contra las infecciones\u201d.<\/p>\n\n\n\n<p>En momentos en que \u00d3micron genera cifras r\u00e9cord de contagios,\u00a0Pfizer anunci\u00f3 que en marzo estar\u00eda lista la vacuna contra esta mutaci\u00f3n del coronavirus.<\/p>\n\n\n\n<p>Asimismo,\u00a0destac\u00f3 que las vacunas actuales presentan una cobertura \u201crazonable\u201d frente a las \u201chospitalizaciones y la enfermedad grave\u201d, aunque aclar\u00f3 que desconoce si \u201chay necesidad de una cuarta dosis de refuerzo\u201d.<\/p>\n\n\n\n<p>Bourla, que se desempe\u00f1a como consejero delegado de la farmac\u00e9utica norteamericana, fue el responsable de anunciar que\u00a0Pfizer buscar\u00e1 tener una nueva versi\u00f3n de su vacuna contra el Covid-19. Este desarrollo buscar\u00e1 generar una mayor cobertura ante \u00d3micron.<\/p>\n\n\n\n<h3 class=\"wp-block-heading\">DESCONOCEN SI SER\u00c1 NECESARIA UNA CUARTA DOSIS<\/h3>\n\n\n\n<p>\u201cLa esperanza es que logremos algo que tenga una protecci\u00f3n mucho mejor, en particular contra las infecciones\u201d, se\u00f1al\u00f3 el ejecutivo en declaraciones al canal CNBC. Al tiempo que asegur\u00f3 que ya comenzaron a producir las primeras dosis ante la demanda de algunos pa\u00edses de contar con esta nueva versi\u00f3n.<\/p>\n\n\n\n<p>De todas maneras,\u00a0aclar\u00f3 que a\u00fan desconocen si ser\u00e1 necesario este nuevo suero porque \u201cla protecci\u00f3n contra hospitalizaciones y enfermedad grave es razonable con las vacunas actuales, siempre que se haya administrado la tercera dosis\u201d.<\/p>\n\n\n\n<p><\/p>\n\n\n\n<p>\u00abNo s\u00e9 si hay necesidad de una cuarta dosis de refuerzo, pero tiene que probarse.\u00a0Nosotros haremos experimentos\u201d, a\u00f1adi\u00f3 Bourla. Adem\u00e1s, destac\u00f3 que esta nueva versi\u00f3n de la vacuna mantendr\u00e1 la protecci\u00f3n ante las variantes anteriores.<\/p>\n\n\n\n<p><strong>MODERNA TAMBI\u00c9N BUSCA UNA NUEVA VERSI\u00d3N DE LA VACUNA<\/strong><\/p>\n\n\n\n<p>Al igual que Pfizer, el presidente ejecutivo de Moderna, Stephane Bancel, anunci\u00f3 que en octubre estar\u00eda listo el refuerzo de su vacuna para enfrentarse a la variante \u00d3micron.<\/p>\n\n\n\n<p>\u201cHay discusiones a diario. Queremos estar listos con el mejor producto posible para el oto\u00f1o de 2022\u2033, dijo el Bancel, tambi\u00e9n en declaraciones a la CNBC. Incluso, el ejecutivo asegur\u00f3 que la farmac\u00e9utica ya se encuentra conversando con las autoridades sanitarias de todo el mundo para evaluar la mejor estrategia para aplicar este refuerzo durante el oto\u00f1o del hemisferio norte.<\/p>\n\n\n\n<p>Bancel afirm\u00f3, adem\u00e1s, que Moderna podr\u00eda proveer entre dos mil y tres millones de dosis de refuerzo durante 2022, ya que en la actualidad no se enfrentan a problemas en la producci\u00f3n sino en la distribuci\u00f3n, en particular en lo que se refiere a los pa\u00edses en desarrollo.<\/p>\n","protected":false},"excerpt":{"rendered":"<p>Seg\u00fan el CEO de la farmac\u00e9utica, Albert Bourla, buscar\u00e1n que tenga \u201cuna protecci\u00f3n mucho mejor\u00bb, y aclar\u00f3 que desconoce si habr\u00e1 necesidad de una cuarta dosis. En momentos en que \u00d3micron genera cifras r\u00e9cord de contagios,\u00a0Pfizer anunci\u00f3 que en marzo estar\u00eda lista la vacuna contra esta mutaci\u00f3n del coronavirus. Seg\u00fan el CEO de la farmac\u00e9utica, [&hellip;]<\/p>\n","protected":false},"author":2,"featured_media":12215,"comment_status":"open","ping_status":"open","sticky":false,"template":"","format":"standard","meta":{"footnotes":""},"categories":[23],"tags":[],"class_list":["post-12214","post","type-post","status-publish","format-standard","has-post-thumbnail","hentry","category-covid-19"],"yoast_head":"<!-- This site is optimized with the Yoast SEO plugin v27.5 - https:\/\/yoast.com\/product\/yoast-seo-wordpress\/ -->\n<title>Pfizer anunci\u00f3 que en marzo tendr\u00e1 una vacuna contra \u00d3micron | CVI NOTICIAS<\/title>\n<meta name=\"robots\" content=\"index, follow, max-snippet:-1, max-image-preview:large, max-video-preview:-1\" \/>\n<link rel=\"canonical\" href=\"https:\/\/cvinoticias.com\/v3\/pfizer-anuncio-que-en-marzo-tendra-una-vacuna-contra-omicron\/\" \/>\n<meta property=\"og:locale\" content=\"es_ES\" \/>\n<meta property=\"og:type\" content=\"article\" \/>\n<meta property=\"og:title\" content=\"Pfizer anunci\u00f3 que en marzo tendr\u00e1 una vacuna contra \u00d3micron | CVI NOTICIAS\" \/>\n<meta property=\"og:description\" content=\"Seg\u00fan el CEO de la farmac\u00e9utica, Albert Bourla, buscar\u00e1n que tenga \u201cuna protecci\u00f3n mucho mejor\u00bb, y aclar\u00f3 que desconoce si habr\u00e1 necesidad de una cuarta dosis. En momentos en que \u00d3micron genera cifras r\u00e9cord de contagios,\u00a0Pfizer anunci\u00f3 que en marzo estar\u00eda lista la vacuna contra esta mutaci\u00f3n del coronavirus. Seg\u00fan el CEO de la farmac\u00e9utica, [&hellip;]\" \/>\n<meta property=\"og:url\" content=\"https:\/\/cvinoticias.com\/v3\/pfizer-anuncio-que-en-marzo-tendra-una-vacuna-contra-omicron\/\" \/>\n<meta property=\"og:site_name\" content=\"CVI NOTICIAS\" \/>\n<meta property=\"article:publisher\" content=\"https:\/\/www.facebook.com\/cvinoticias\" \/>\n<meta property=\"article:published_time\" content=\"2022-01-11T05:41:27+00:00\" \/>\n<meta property=\"og:image\" content=\"https:\/\/cvinoticias.com\/wp-content\/uploads\/2022\/01\/Screenshot_20220111-024036_Facebook.jpg\" \/>\n\t<meta property=\"og:image:width\" content=\"992\" \/>\n\t<meta property=\"og:image:height\" content=\"556\" \/>\n\t<meta property=\"og:image:type\" content=\"image\/jpeg\" \/>\n<meta name=\"author\" content=\"f1000024\" \/>\n<meta name=\"twitter:card\" content=\"summary_large_image\" \/>\n<meta name=\"twitter:label1\" content=\"Escrito por\" \/>\n\t<meta name=\"twitter:data1\" content=\"f1000024\" \/>\n\t<meta name=\"twitter:label2\" content=\"Tiempo de lectura\" \/>\n\t<meta name=\"twitter:data2\" content=\"2 minutos\" \/>\n<script type=\"application\/ld+json\" class=\"yoast-schema-graph\">{\"@context\":\"https:\\\/\\\/schema.org\",\"@graph\":[{\"@type\":\"Article\",\"@id\":\"https:\\\/\\\/cvinoticias.com\\\/v3\\\/pfizer-anuncio-que-en-marzo-tendra-una-vacuna-contra-omicron\\\/#article\",\"isPartOf\":{\"@id\":\"https:\\\/\\\/cvinoticias.com\\\/v3\\\/pfizer-anuncio-que-en-marzo-tendra-una-vacuna-contra-omicron\\\/\"},\"author\":{\"name\":\"f1000024\",\"@id\":\"https:\\\/\\\/cvinoticias.com\\\/v3\\\/#\\\/schema\\\/person\\\/2db77e3c6bc03c538495d7b2b8be9b66\"},\"headline\":\"Pfizer anunci\u00f3 que en marzo tendr\u00e1 una vacuna contra \u00d3micron\",\"datePublished\":\"2022-01-11T05:41:27+00:00\",\"mainEntityOfPage\":{\"@id\":\"https:\\\/\\\/cvinoticias.com\\\/v3\\\/pfizer-anuncio-que-en-marzo-tendra-una-vacuna-contra-omicron\\\/\"},\"wordCount\":483,\"commentCount\":0,\"publisher\":{\"@id\":\"https:\\\/\\\/cvinoticias.com\\\/v3\\\/#organization\"},\"image\":{\"@id\":\"https:\\\/\\\/cvinoticias.com\\\/v3\\\/pfizer-anuncio-que-en-marzo-tendra-una-vacuna-contra-omicron\\\/#primaryimage\"},\"thumbnailUrl\":\"https:\\\/\\\/cvinoticias.com\\\/wp-content\\\/uploads\\\/2022\\\/01\\\/Screenshot_20220111-024036_Facebook.jpg\",\"articleSection\":[\"Covid-19\"],\"inLanguage\":\"es\",\"potentialAction\":[{\"@type\":\"CommentAction\",\"name\":\"Comment\",\"target\":[\"https:\\\/\\\/cvinoticias.com\\\/v3\\\/pfizer-anuncio-que-en-marzo-tendra-una-vacuna-contra-omicron\\\/#respond\"]}]},{\"@type\":\"WebPage\",\"@id\":\"https:\\\/\\\/cvinoticias.com\\\/v3\\\/pfizer-anuncio-que-en-marzo-tendra-una-vacuna-contra-omicron\\\/\",\"url\":\"https:\\\/\\\/cvinoticias.com\\\/v3\\\/pfizer-anuncio-que-en-marzo-tendra-una-vacuna-contra-omicron\\\/\",\"name\":\"Pfizer anunci\u00f3 que en marzo tendr\u00e1 una vacuna contra \u00d3micron | CVI NOTICIAS\",\"isPartOf\":{\"@id\":\"https:\\\/\\\/cvinoticias.com\\\/v3\\\/#website\"},\"primaryImageOfPage\":{\"@id\":\"https:\\\/\\\/cvinoticias.com\\\/v3\\\/pfizer-anuncio-que-en-marzo-tendra-una-vacuna-contra-omicron\\\/#primaryimage\"},\"image\":{\"@id\":\"https:\\\/\\\/cvinoticias.com\\\/v3\\\/pfizer-anuncio-que-en-marzo-tendra-una-vacuna-contra-omicron\\\/#primaryimage\"},\"thumbnailUrl\":\"https:\\\/\\\/cvinoticias.com\\\/wp-content\\\/uploads\\\/2022\\\/01\\\/Screenshot_20220111-024036_Facebook.jpg\",\"datePublished\":\"2022-01-11T05:41:27+00:00\",\"breadcrumb\":{\"@id\":\"https:\\\/\\\/cvinoticias.com\\\/v3\\\/pfizer-anuncio-que-en-marzo-tendra-una-vacuna-contra-omicron\\\/#breadcrumb\"},\"inLanguage\":\"es\",\"potentialAction\":[{\"@type\":\"ReadAction\",\"target\":[\"https:\\\/\\\/cvinoticias.com\\\/v3\\\/pfizer-anuncio-que-en-marzo-tendra-una-vacuna-contra-omicron\\\/\"]}]},{\"@type\":\"ImageObject\",\"inLanguage\":\"es\",\"@id\":\"https:\\\/\\\/cvinoticias.com\\\/v3\\\/pfizer-anuncio-que-en-marzo-tendra-una-vacuna-contra-omicron\\\/#primaryimage\",\"url\":\"https:\\\/\\\/cvinoticias.com\\\/wp-content\\\/uploads\\\/2022\\\/01\\\/Screenshot_20220111-024036_Facebook.jpg\",\"contentUrl\":\"https:\\\/\\\/cvinoticias.com\\\/wp-content\\\/uploads\\\/2022\\\/01\\\/Screenshot_20220111-024036_Facebook.jpg\",\"width\":992,\"height\":556},{\"@type\":\"BreadcrumbList\",\"@id\":\"https:\\\/\\\/cvinoticias.com\\\/v3\\\/pfizer-anuncio-que-en-marzo-tendra-una-vacuna-contra-omicron\\\/#breadcrumb\",\"itemListElement\":[{\"@type\":\"ListItem\",\"position\":1,\"name\":\"Portada\",\"item\":\"https:\\\/\\\/cvinoticias.com\\\/v3\\\/\"},{\"@type\":\"ListItem\",\"position\":2,\"name\":\"Pfizer anunci\u00f3 que en marzo tendr\u00e1 una vacuna contra \u00d3micron\"}]},{\"@type\":\"WebSite\",\"@id\":\"https:\\\/\\\/cvinoticias.com\\\/v3\\\/#website\",\"url\":\"https:\\\/\\\/cvinoticias.com\\\/v3\\\/\",\"name\":\"CVI NOTICIAS\",\"description\":\"\",\"publisher\":{\"@id\":\"https:\\\/\\\/cvinoticias.com\\\/v3\\\/#organization\"},\"alternateName\":\"CVI\",\"potentialAction\":[{\"@type\":\"SearchAction\",\"target\":{\"@type\":\"EntryPoint\",\"urlTemplate\":\"https:\\\/\\\/cvinoticias.com\\\/v3\\\/?s={search_term_string}\"},\"query-input\":{\"@type\":\"PropertyValueSpecification\",\"valueRequired\":true,\"valueName\":\"search_term_string\"}}],\"inLanguage\":\"es\"},{\"@type\":\"Organization\",\"@id\":\"https:\\\/\\\/cvinoticias.com\\\/v3\\\/#organization\",\"name\":\"CVI NOTICIAS\",\"url\":\"https:\\\/\\\/cvinoticias.com\\\/v3\\\/\",\"logo\":{\"@type\":\"ImageObject\",\"inLanguage\":\"es\",\"@id\":\"https:\\\/\\\/cvinoticias.com\\\/v3\\\/#\\\/schema\\\/logo\\\/image\\\/\",\"url\":\"https:\\\/\\\/cvinoticias.com\\\/wp-content\\\/uploads\\\/2023\\\/04\\\/cropped-cropped-cropped-cropped-cropped-3-1.png\",\"contentUrl\":\"https:\\\/\\\/cvinoticias.com\\\/wp-content\\\/uploads\\\/2023\\\/04\\\/cropped-cropped-cropped-cropped-cropped-3-1.png\",\"width\":95,\"height\":122,\"caption\":\"CVI NOTICIAS\"},\"image\":{\"@id\":\"https:\\\/\\\/cvinoticias.com\\\/v3\\\/#\\\/schema\\\/logo\\\/image\\\/\"},\"sameAs\":[\"https:\\\/\\\/www.facebook.com\\\/cvinoticias\",\"https:\\\/\\\/www.instagram.com\\\/cvinoticias\\\/\",\"https:\\\/\\\/www.youtube.com\\\/@CVINOTICIAS\"]},{\"@type\":\"Person\",\"@id\":\"https:\\\/\\\/cvinoticias.com\\\/v3\\\/#\\\/schema\\\/person\\\/2db77e3c6bc03c538495d7b2b8be9b66\",\"name\":\"f1000024\",\"image\":{\"@type\":\"ImageObject\",\"inLanguage\":\"es\",\"@id\":\"https:\\\/\\\/secure.gravatar.com\\\/avatar\\\/d4fe7459cfc51ff5129ce1a732bbef5928568b8092d412ef95611616376bbeed?s=96&d=mm&r=g\",\"url\":\"https:\\\/\\\/secure.gravatar.com\\\/avatar\\\/d4fe7459cfc51ff5129ce1a732bbef5928568b8092d412ef95611616376bbeed?s=96&d=mm&r=g\",\"contentUrl\":\"https:\\\/\\\/secure.gravatar.com\\\/avatar\\\/d4fe7459cfc51ff5129ce1a732bbef5928568b8092d412ef95611616376bbeed?s=96&d=mm&r=g\",\"caption\":\"f1000024\"},\"url\":\"https:\\\/\\\/cvinoticias.com\\\/v3\\\/author\\\/f1000024\\\/\"}]}<\/script>\n<!-- \/ Yoast SEO plugin. -->","yoast_head_json":{"title":"Pfizer anunci\u00f3 que en marzo tendr\u00e1 una vacuna contra \u00d3micron | CVI NOTICIAS","robots":{"index":"index","follow":"follow","max-snippet":"max-snippet:-1","max-image-preview":"max-image-preview:large","max-video-preview":"max-video-preview:-1"},"canonical":"https:\/\/cvinoticias.com\/v3\/pfizer-anuncio-que-en-marzo-tendra-una-vacuna-contra-omicron\/","og_locale":"es_ES","og_type":"article","og_title":"Pfizer anunci\u00f3 que en marzo tendr\u00e1 una vacuna contra \u00d3micron | CVI NOTICIAS","og_description":"Seg\u00fan el CEO de la farmac\u00e9utica, Albert Bourla, buscar\u00e1n que tenga \u201cuna protecci\u00f3n mucho mejor\u00bb, y aclar\u00f3 que desconoce si habr\u00e1 necesidad de una cuarta dosis. En momentos en que \u00d3micron genera cifras r\u00e9cord de contagios,\u00a0Pfizer anunci\u00f3 que en marzo estar\u00eda lista la vacuna contra esta mutaci\u00f3n del coronavirus. Seg\u00fan el CEO de la farmac\u00e9utica, [&hellip;]","og_url":"https:\/\/cvinoticias.com\/v3\/pfizer-anuncio-que-en-marzo-tendra-una-vacuna-contra-omicron\/","og_site_name":"CVI NOTICIAS","article_publisher":"https:\/\/www.facebook.com\/cvinoticias","article_published_time":"2022-01-11T05:41:27+00:00","og_image":[{"width":992,"height":556,"url":"https:\/\/cvinoticias.com\/wp-content\/uploads\/2022\/01\/Screenshot_20220111-024036_Facebook.jpg","type":"image\/jpeg"}],"author":"f1000024","twitter_card":"summary_large_image","twitter_misc":{"Escrito por":"f1000024","Tiempo de lectura":"2 minutos"},"schema":{"@context":"https:\/\/schema.org","@graph":[{"@type":"Article","@id":"https:\/\/cvinoticias.com\/v3\/pfizer-anuncio-que-en-marzo-tendra-una-vacuna-contra-omicron\/#article","isPartOf":{"@id":"https:\/\/cvinoticias.com\/v3\/pfizer-anuncio-que-en-marzo-tendra-una-vacuna-contra-omicron\/"},"author":{"name":"f1000024","@id":"https:\/\/cvinoticias.com\/v3\/#\/schema\/person\/2db77e3c6bc03c538495d7b2b8be9b66"},"headline":"Pfizer anunci\u00f3 que en marzo tendr\u00e1 una vacuna contra \u00d3micron","datePublished":"2022-01-11T05:41:27+00:00","mainEntityOfPage":{"@id":"https:\/\/cvinoticias.com\/v3\/pfizer-anuncio-que-en-marzo-tendra-una-vacuna-contra-omicron\/"},"wordCount":483,"commentCount":0,"publisher":{"@id":"https:\/\/cvinoticias.com\/v3\/#organization"},"image":{"@id":"https:\/\/cvinoticias.com\/v3\/pfizer-anuncio-que-en-marzo-tendra-una-vacuna-contra-omicron\/#primaryimage"},"thumbnailUrl":"https:\/\/cvinoticias.com\/wp-content\/uploads\/2022\/01\/Screenshot_20220111-024036_Facebook.jpg","articleSection":["Covid-19"],"inLanguage":"es","potentialAction":[{"@type":"CommentAction","name":"Comment","target":["https:\/\/cvinoticias.com\/v3\/pfizer-anuncio-que-en-marzo-tendra-una-vacuna-contra-omicron\/#respond"]}]},{"@type":"WebPage","@id":"https:\/\/cvinoticias.com\/v3\/pfizer-anuncio-que-en-marzo-tendra-una-vacuna-contra-omicron\/","url":"https:\/\/cvinoticias.com\/v3\/pfizer-anuncio-que-en-marzo-tendra-una-vacuna-contra-omicron\/","name":"Pfizer anunci\u00f3 que en marzo tendr\u00e1 una vacuna contra \u00d3micron | CVI NOTICIAS","isPartOf":{"@id":"https:\/\/cvinoticias.com\/v3\/#website"},"primaryImageOfPage":{"@id":"https:\/\/cvinoticias.com\/v3\/pfizer-anuncio-que-en-marzo-tendra-una-vacuna-contra-omicron\/#primaryimage"},"image":{"@id":"https:\/\/cvinoticias.com\/v3\/pfizer-anuncio-que-en-marzo-tendra-una-vacuna-contra-omicron\/#primaryimage"},"thumbnailUrl":"https:\/\/cvinoticias.com\/wp-content\/uploads\/2022\/01\/Screenshot_20220111-024036_Facebook.jpg","datePublished":"2022-01-11T05:41:27+00:00","breadcrumb":{"@id":"https:\/\/cvinoticias.com\/v3\/pfizer-anuncio-que-en-marzo-tendra-una-vacuna-contra-omicron\/#breadcrumb"},"inLanguage":"es","potentialAction":[{"@type":"ReadAction","target":["https:\/\/cvinoticias.com\/v3\/pfizer-anuncio-que-en-marzo-tendra-una-vacuna-contra-omicron\/"]}]},{"@type":"ImageObject","inLanguage":"es","@id":"https:\/\/cvinoticias.com\/v3\/pfizer-anuncio-que-en-marzo-tendra-una-vacuna-contra-omicron\/#primaryimage","url":"https:\/\/cvinoticias.com\/wp-content\/uploads\/2022\/01\/Screenshot_20220111-024036_Facebook.jpg","contentUrl":"https:\/\/cvinoticias.com\/wp-content\/uploads\/2022\/01\/Screenshot_20220111-024036_Facebook.jpg","width":992,"height":556},{"@type":"BreadcrumbList","@id":"https:\/\/cvinoticias.com\/v3\/pfizer-anuncio-que-en-marzo-tendra-una-vacuna-contra-omicron\/#breadcrumb","itemListElement":[{"@type":"ListItem","position":1,"name":"Portada","item":"https:\/\/cvinoticias.com\/v3\/"},{"@type":"ListItem","position":2,"name":"Pfizer anunci\u00f3 que en marzo tendr\u00e1 una vacuna contra \u00d3micron"}]},{"@type":"WebSite","@id":"https:\/\/cvinoticias.com\/v3\/#website","url":"https:\/\/cvinoticias.com\/v3\/","name":"CVI NOTICIAS","description":"","publisher":{"@id":"https:\/\/cvinoticias.com\/v3\/#organization"},"alternateName":"CVI","potentialAction":[{"@type":"SearchAction","target":{"@type":"EntryPoint","urlTemplate":"https:\/\/cvinoticias.com\/v3\/?s={search_term_string}"},"query-input":{"@type":"PropertyValueSpecification","valueRequired":true,"valueName":"search_term_string"}}],"inLanguage":"es"},{"@type":"Organization","@id":"https:\/\/cvinoticias.com\/v3\/#organization","name":"CVI NOTICIAS","url":"https:\/\/cvinoticias.com\/v3\/","logo":{"@type":"ImageObject","inLanguage":"es","@id":"https:\/\/cvinoticias.com\/v3\/#\/schema\/logo\/image\/","url":"https:\/\/cvinoticias.com\/wp-content\/uploads\/2023\/04\/cropped-cropped-cropped-cropped-cropped-3-1.png","contentUrl":"https:\/\/cvinoticias.com\/wp-content\/uploads\/2023\/04\/cropped-cropped-cropped-cropped-cropped-3-1.png","width":95,"height":122,"caption":"CVI NOTICIAS"},"image":{"@id":"https:\/\/cvinoticias.com\/v3\/#\/schema\/logo\/image\/"},"sameAs":["https:\/\/www.facebook.com\/cvinoticias","https:\/\/www.instagram.com\/cvinoticias\/","https:\/\/www.youtube.com\/@CVINOTICIAS"]},{"@type":"Person","@id":"https:\/\/cvinoticias.com\/v3\/#\/schema\/person\/2db77e3c6bc03c538495d7b2b8be9b66","name":"f1000024","image":{"@type":"ImageObject","inLanguage":"es","@id":"https:\/\/secure.gravatar.com\/avatar\/d4fe7459cfc51ff5129ce1a732bbef5928568b8092d412ef95611616376bbeed?s=96&d=mm&r=g","url":"https:\/\/secure.gravatar.com\/avatar\/d4fe7459cfc51ff5129ce1a732bbef5928568b8092d412ef95611616376bbeed?s=96&d=mm&r=g","contentUrl":"https:\/\/secure.gravatar.com\/avatar\/d4fe7459cfc51ff5129ce1a732bbef5928568b8092d412ef95611616376bbeed?s=96&d=mm&r=g","caption":"f1000024"},"url":"https:\/\/cvinoticias.com\/v3\/author\/f1000024\/"}]}},"_links":{"self":[{"href":"https:\/\/cvinoticias.com\/v3\/wp-json\/wp\/v2\/posts\/12214","targetHints":{"allow":["GET"]}}],"collection":[{"href":"https:\/\/cvinoticias.com\/v3\/wp-json\/wp\/v2\/posts"}],"about":[{"href":"https:\/\/cvinoticias.com\/v3\/wp-json\/wp\/v2\/types\/post"}],"author":[{"embeddable":true,"href":"https:\/\/cvinoticias.com\/v3\/wp-json\/wp\/v2\/users\/2"}],"replies":[{"embeddable":true,"href":"https:\/\/cvinoticias.com\/v3\/wp-json\/wp\/v2\/comments?post=12214"}],"version-history":[{"count":1,"href":"https:\/\/cvinoticias.com\/v3\/wp-json\/wp\/v2\/posts\/12214\/revisions"}],"predecessor-version":[{"id":12216,"href":"https:\/\/cvinoticias.com\/v3\/wp-json\/wp\/v2\/posts\/12214\/revisions\/12216"}],"wp:featuredmedia":[{"embeddable":true,"href":"https:\/\/cvinoticias.com\/v3\/wp-json\/wp\/v2\/media\/12215"}],"wp:attachment":[{"href":"https:\/\/cvinoticias.com\/v3\/wp-json\/wp\/v2\/media?parent=12214"}],"wp:term":[{"taxonomy":"category","embeddable":true,"href":"https:\/\/cvinoticias.com\/v3\/wp-json\/wp\/v2\/categories?post=12214"},{"taxonomy":"post_tag","embeddable":true,"href":"https:\/\/cvinoticias.com\/v3\/wp-json\/wp\/v2\/tags?post=12214"}],"curies":[{"name":"wp","href":"https:\/\/api.w.org\/{rel}","templated":true}]}}