{"id":12208,"date":"2022-01-11T05:06:39","date_gmt":"2022-01-11T05:06:39","guid":{"rendered":"https:\/\/cvinoticias.com\/v3\/?p=12208"},"modified":"2022-01-11T05:06:39","modified_gmt":"2022-01-11T05:06:39","slug":"mas-de-200-personas-fallecieron-por-siniestros-viales-en-la-provincia-durante-el-2021","status":"publish","type":"post","link":"https:\/\/cvinoticias.com\/v3\/mas-de-200-personas-fallecieron-por-siniestros-viales-en-la-provincia-durante-el-2021\/","title":{"rendered":"M\u00e1s de 200 personas fallecieron por siniestros viales en la Provincia durante el 2021"},"content":{"rendered":"\n<p><strong><em>As\u00ed lo inform\u00f3 este lunes la Asociaci\u00f3n Civil Luchemos por la Vida. Misiones se encuentra entre los distritos que se superaron las 200 muertes durante el a\u00f1o pasado.<\/em><\/strong><\/p>\n\n\n\n<p>Un total de 5.927 personas, a un promedio de 17 cada d\u00eda, murieron en la Argentina a causa de accidentes de tr\u00e1nsito reportados durante el a\u00f1o pasado, seg\u00fan inform\u00f3 este lunes la Asociaci\u00f3n Civil Luchemos por la Vida. Los datos aportados por la entidad indican que Misiones se encuentran entre los 10 distritos del pa\u00eds con mayor n\u00famero de v\u00edctimas fatales, alcanzando una cifra de 226 fallecidos en el 2021. Vale mencionar que el informe tom\u00f3 en cuenta a los fallecidos por causa de los siniestros viales hasta los 30 d\u00edas despu\u00e9s del accidente, seg\u00fan \u00ablos criterios internacionales m\u00e1s aceptados\u00bb, se\u00f1alaron desde la organizaci\u00f3n.<\/p>\n\n\n\n<p>La provincia en la que se registraron m\u00e1s fallecidos fue Buenos Aires, con 1.862 muertos en el a\u00f1o, seguida por Santa Fe con 582; C\u00f3rdoba con 358 y Tucum\u00e1n con 319. Por arriba de 200 fallecidos al a\u00f1o se encuentran Salta, con 267; Chaco, con 254; Santiago del Estero, con 246; Mendoza, con 235; Misiones, con 226; Corrientes, con 207 y Entre R\u00edos, con 204.<\/p>\n\n\n\n<p>Las provincias que registraron menos de 200 fallecidos fueron Jujuy, que registr\u00f3 159; R\u00edo Negro, con 119; San Juan, con 115; San Luis, con 114 y Formosa, con 104.\u00a0La Ciudad Aut\u00f3noma de Buenos Aires registr\u00f3 99 defunciones\u00a0en el a\u00f1o, y las provincias con menos de 100 fallecidos fueron La Rioja y Neuqu\u00e9n, con 83; Catamarca y La Pampa, con 79; Santa Cruz, con 76 y Chubut, con 73. La menor cantidad de muertos se registr\u00f3 en Tierra del Fuego, que contabiliz\u00f3 14 fallecidos en total por a\u00f1o.<\/p>\n\n\n\n<p><\/p>\n\n\n\n<p><\/p>\n","protected":false},"excerpt":{"rendered":"<p>As\u00ed lo inform\u00f3 este lunes la Asociaci\u00f3n Civil Luchemos por la Vida. Misiones se encuentra entre los distritos que se superaron las 200 muertes durante el a\u00f1o pasado. Un total de 5.927 personas, a un promedio de 17 cada d\u00eda, murieron en la Argentina a causa de accidentes de tr\u00e1nsito reportados durante el a\u00f1o pasado, [&hellip;]<\/p>\n","protected":false},"author":2,"featured_media":12209,"comment_status":"open","ping_status":"open","sticky":false,"template":"","format":"standard","meta":{"footnotes":""},"categories":[35],"tags":[],"class_list":["post-12208","post","type-post","status-publish","format-standard","has-post-thumbnail","hentry","category-informacion-general"],"yoast_head":"<!-- This site is optimized with the Yoast SEO plugin v27.5 - https:\/\/yoast.com\/product\/yoast-seo-wordpress\/ -->\n<title>M\u00e1s de 200 personas fallecieron por siniestros viales en la Provincia durante el 2021 | CVI NOTICIAS<\/title>\n<meta name=\"robots\" content=\"index, follow, max-snippet:-1, max-image-preview:large, max-video-preview:-1\" \/>\n<link rel=\"canonical\" href=\"https:\/\/cvinoticias.com\/v3\/mas-de-200-personas-fallecieron-por-siniestros-viales-en-la-provincia-durante-el-2021\/\" \/>\n<meta property=\"og:locale\" content=\"es_ES\" \/>\n<meta property=\"og:type\" content=\"article\" \/>\n<meta property=\"og:title\" content=\"M\u00e1s de 200 personas fallecieron por siniestros viales en la Provincia durante el 2021 | CVI NOTICIAS\" \/>\n<meta property=\"og:description\" content=\"As\u00ed lo inform\u00f3 este lunes la Asociaci\u00f3n Civil Luchemos por la Vida. Misiones se encuentra entre los distritos que se superaron las 200 muertes durante el a\u00f1o pasado. Un total de 5.927 personas, a un promedio de 17 cada d\u00eda, murieron en la Argentina a causa de accidentes de tr\u00e1nsito reportados durante el a\u00f1o pasado, [&hellip;]\" \/>\n<meta property=\"og:url\" content=\"https:\/\/cvinoticias.com\/v3\/mas-de-200-personas-fallecieron-por-siniestros-viales-en-la-provincia-durante-el-2021\/\" \/>\n<meta property=\"og:site_name\" content=\"CVI NOTICIAS\" \/>\n<meta property=\"article:publisher\" content=\"https:\/\/www.facebook.com\/cvinoticias\" \/>\n<meta property=\"article:published_time\" content=\"2022-01-11T05:06:39+00:00\" \/>\n<meta property=\"og:image\" content=\"https:\/\/cvinoticias.com\/wp-content\/uploads\/2022\/01\/Screenshot_20220111-020536_Facebook.jpg\" \/>\n\t<meta property=\"og:image:width\" content=\"972\" \/>\n\t<meta property=\"og:image:height\" content=\"1554\" \/>\n\t<meta property=\"og:image:type\" content=\"image\/jpeg\" \/>\n<meta name=\"author\" content=\"f1000024\" \/>\n<meta name=\"twitter:card\" content=\"summary_large_image\" \/>\n<meta name=\"twitter:label1\" content=\"Escrito por\" \/>\n\t<meta name=\"twitter:data1\" content=\"f1000024\" \/>\n\t<meta name=\"twitter:label2\" content=\"Tiempo de lectura\" \/>\n\t<meta name=\"twitter:data2\" content=\"1 minuto\" \/>\n<script type=\"application\/ld+json\" class=\"yoast-schema-graph\">{\"@context\":\"https:\\\/\\\/schema.org\",\"@graph\":[{\"@type\":\"Article\",\"@id\":\"https:\\\/\\\/cvinoticias.com\\\/v3\\\/mas-de-200-personas-fallecieron-por-siniestros-viales-en-la-provincia-durante-el-2021\\\/#article\",\"isPartOf\":{\"@id\":\"https:\\\/\\\/cvinoticias.com\\\/v3\\\/mas-de-200-personas-fallecieron-por-siniestros-viales-en-la-provincia-durante-el-2021\\\/\"},\"author\":{\"name\":\"f1000024\",\"@id\":\"https:\\\/\\\/cvinoticias.com\\\/v3\\\/#\\\/schema\\\/person\\\/2db77e3c6bc03c538495d7b2b8be9b66\"},\"headline\":\"M\u00e1s de 200 personas fallecieron por siniestros viales en la Provincia durante el 2021\",\"datePublished\":\"2022-01-11T05:06:39+00:00\",\"mainEntityOfPage\":{\"@id\":\"https:\\\/\\\/cvinoticias.com\\\/v3\\\/mas-de-200-personas-fallecieron-por-siniestros-viales-en-la-provincia-durante-el-2021\\\/\"},\"wordCount\":294,\"commentCount\":0,\"publisher\":{\"@id\":\"https:\\\/\\\/cvinoticias.com\\\/v3\\\/#organization\"},\"image\":{\"@id\":\"https:\\\/\\\/cvinoticias.com\\\/v3\\\/mas-de-200-personas-fallecieron-por-siniestros-viales-en-la-provincia-durante-el-2021\\\/#primaryimage\"},\"thumbnailUrl\":\"https:\\\/\\\/cvinoticias.com\\\/wp-content\\\/uploads\\\/2022\\\/01\\\/Screenshot_20220111-020536_Facebook.jpg\",\"articleSection\":[\"Informaci\u00f3n General\"],\"inLanguage\":\"es\",\"potentialAction\":[{\"@type\":\"CommentAction\",\"name\":\"Comment\",\"target\":[\"https:\\\/\\\/cvinoticias.com\\\/v3\\\/mas-de-200-personas-fallecieron-por-siniestros-viales-en-la-provincia-durante-el-2021\\\/#respond\"]}]},{\"@type\":\"WebPage\",\"@id\":\"https:\\\/\\\/cvinoticias.com\\\/v3\\\/mas-de-200-personas-fallecieron-por-siniestros-viales-en-la-provincia-durante-el-2021\\\/\",\"url\":\"https:\\\/\\\/cvinoticias.com\\\/v3\\\/mas-de-200-personas-fallecieron-por-siniestros-viales-en-la-provincia-durante-el-2021\\\/\",\"name\":\"M\u00e1s de 200 personas fallecieron por siniestros viales en la Provincia durante el 2021 | CVI NOTICIAS\",\"isPartOf\":{\"@id\":\"https:\\\/\\\/cvinoticias.com\\\/v3\\\/#website\"},\"primaryImageOfPage\":{\"@id\":\"https:\\\/\\\/cvinoticias.com\\\/v3\\\/mas-de-200-personas-fallecieron-por-siniestros-viales-en-la-provincia-durante-el-2021\\\/#primaryimage\"},\"image\":{\"@id\":\"https:\\\/\\\/cvinoticias.com\\\/v3\\\/mas-de-200-personas-fallecieron-por-siniestros-viales-en-la-provincia-durante-el-2021\\\/#primaryimage\"},\"thumbnailUrl\":\"https:\\\/\\\/cvinoticias.com\\\/wp-content\\\/uploads\\\/2022\\\/01\\\/Screenshot_20220111-020536_Facebook.jpg\",\"datePublished\":\"2022-01-11T05:06:39+00:00\",\"breadcrumb\":{\"@id\":\"https:\\\/\\\/cvinoticias.com\\\/v3\\\/mas-de-200-personas-fallecieron-por-siniestros-viales-en-la-provincia-durante-el-2021\\\/#breadcrumb\"},\"inLanguage\":\"es\",\"potentialAction\":[{\"@type\":\"ReadAction\",\"target\":[\"https:\\\/\\\/cvinoticias.com\\\/v3\\\/mas-de-200-personas-fallecieron-por-siniestros-viales-en-la-provincia-durante-el-2021\\\/\"]}]},{\"@type\":\"ImageObject\",\"inLanguage\":\"es\",\"@id\":\"https:\\\/\\\/cvinoticias.com\\\/v3\\\/mas-de-200-personas-fallecieron-por-siniestros-viales-en-la-provincia-durante-el-2021\\\/#primaryimage\",\"url\":\"https:\\\/\\\/cvinoticias.com\\\/wp-content\\\/uploads\\\/2022\\\/01\\\/Screenshot_20220111-020536_Facebook.jpg\",\"contentUrl\":\"https:\\\/\\\/cvinoticias.com\\\/wp-content\\\/uploads\\\/2022\\\/01\\\/Screenshot_20220111-020536_Facebook.jpg\",\"width\":972,\"height\":1554},{\"@type\":\"BreadcrumbList\",\"@id\":\"https:\\\/\\\/cvinoticias.com\\\/v3\\\/mas-de-200-personas-fallecieron-por-siniestros-viales-en-la-provincia-durante-el-2021\\\/#breadcrumb\",\"itemListElement\":[{\"@type\":\"ListItem\",\"position\":1,\"name\":\"Portada\",\"item\":\"https:\\\/\\\/cvinoticias.com\\\/v3\\\/\"},{\"@type\":\"ListItem\",\"position\":2,\"name\":\"M\u00e1s de 200 personas fallecieron por siniestros viales en la Provincia durante el 2021\"}]},{\"@type\":\"WebSite\",\"@id\":\"https:\\\/\\\/cvinoticias.com\\\/v3\\\/#website\",\"url\":\"https:\\\/\\\/cvinoticias.com\\\/v3\\\/\",\"name\":\"CVI NOTICIAS\",\"description\":\"\",\"publisher\":{\"@id\":\"https:\\\/\\\/cvinoticias.com\\\/v3\\\/#organization\"},\"alternateName\":\"CVI\",\"potentialAction\":[{\"@type\":\"SearchAction\",\"target\":{\"@type\":\"EntryPoint\",\"urlTemplate\":\"https:\\\/\\\/cvinoticias.com\\\/v3\\\/?s={search_term_string}\"},\"query-input\":{\"@type\":\"PropertyValueSpecification\",\"valueRequired\":true,\"valueName\":\"search_term_string\"}}],\"inLanguage\":\"es\"},{\"@type\":\"Organization\",\"@id\":\"https:\\\/\\\/cvinoticias.com\\\/v3\\\/#organization\",\"name\":\"CVI NOTICIAS\",\"url\":\"https:\\\/\\\/cvinoticias.com\\\/v3\\\/\",\"logo\":{\"@type\":\"ImageObject\",\"inLanguage\":\"es\",\"@id\":\"https:\\\/\\\/cvinoticias.com\\\/v3\\\/#\\\/schema\\\/logo\\\/image\\\/\",\"url\":\"https:\\\/\\\/cvinoticias.com\\\/wp-content\\\/uploads\\\/2023\\\/04\\\/cropped-cropped-cropped-cropped-cropped-3-1.png\",\"contentUrl\":\"https:\\\/\\\/cvinoticias.com\\\/wp-content\\\/uploads\\\/2023\\\/04\\\/cropped-cropped-cropped-cropped-cropped-3-1.png\",\"width\":95,\"height\":122,\"caption\":\"CVI NOTICIAS\"},\"image\":{\"@id\":\"https:\\\/\\\/cvinoticias.com\\\/v3\\\/#\\\/schema\\\/logo\\\/image\\\/\"},\"sameAs\":[\"https:\\\/\\\/www.facebook.com\\\/cvinoticias\",\"https:\\\/\\\/www.instagram.com\\\/cvinoticias\\\/\",\"https:\\\/\\\/www.youtube.com\\\/@CVINOTICIAS\"]},{\"@type\":\"Person\",\"@id\":\"https:\\\/\\\/cvinoticias.com\\\/v3\\\/#\\\/schema\\\/person\\\/2db77e3c6bc03c538495d7b2b8be9b66\",\"name\":\"f1000024\",\"image\":{\"@type\":\"ImageObject\",\"inLanguage\":\"es\",\"@id\":\"https:\\\/\\\/secure.gravatar.com\\\/avatar\\\/d4fe7459cfc51ff5129ce1a732bbef5928568b8092d412ef95611616376bbeed?s=96&d=mm&r=g\",\"url\":\"https:\\\/\\\/secure.gravatar.com\\\/avatar\\\/d4fe7459cfc51ff5129ce1a732bbef5928568b8092d412ef95611616376bbeed?s=96&d=mm&r=g\",\"contentUrl\":\"https:\\\/\\\/secure.gravatar.com\\\/avatar\\\/d4fe7459cfc51ff5129ce1a732bbef5928568b8092d412ef95611616376bbeed?s=96&d=mm&r=g\",\"caption\":\"f1000024\"},\"url\":\"https:\\\/\\\/cvinoticias.com\\\/v3\\\/author\\\/f1000024\\\/\"}]}<\/script>\n<!-- \/ Yoast SEO plugin. -->","yoast_head_json":{"title":"M\u00e1s de 200 personas fallecieron por siniestros viales en la Provincia durante el 2021 | CVI NOTICIAS","robots":{"index":"index","follow":"follow","max-snippet":"max-snippet:-1","max-image-preview":"max-image-preview:large","max-video-preview":"max-video-preview:-1"},"canonical":"https:\/\/cvinoticias.com\/v3\/mas-de-200-personas-fallecieron-por-siniestros-viales-en-la-provincia-durante-el-2021\/","og_locale":"es_ES","og_type":"article","og_title":"M\u00e1s de 200 personas fallecieron por siniestros viales en la Provincia durante el 2021 | CVI NOTICIAS","og_description":"As\u00ed lo inform\u00f3 este lunes la Asociaci\u00f3n Civil Luchemos por la Vida. Misiones se encuentra entre los distritos que se superaron las 200 muertes durante el a\u00f1o pasado. Un total de 5.927 personas, a un promedio de 17 cada d\u00eda, murieron en la Argentina a causa de accidentes de tr\u00e1nsito reportados durante el a\u00f1o pasado, [&hellip;]","og_url":"https:\/\/cvinoticias.com\/v3\/mas-de-200-personas-fallecieron-por-siniestros-viales-en-la-provincia-durante-el-2021\/","og_site_name":"CVI NOTICIAS","article_publisher":"https:\/\/www.facebook.com\/cvinoticias","article_published_time":"2022-01-11T05:06:39+00:00","og_image":[{"width":972,"height":1554,"url":"https:\/\/cvinoticias.com\/wp-content\/uploads\/2022\/01\/Screenshot_20220111-020536_Facebook.jpg","type":"image\/jpeg"}],"author":"f1000024","twitter_card":"summary_large_image","twitter_misc":{"Escrito por":"f1000024","Tiempo de lectura":"1 minuto"},"schema":{"@context":"https:\/\/schema.org","@graph":[{"@type":"Article","@id":"https:\/\/cvinoticias.com\/v3\/mas-de-200-personas-fallecieron-por-siniestros-viales-en-la-provincia-durante-el-2021\/#article","isPartOf":{"@id":"https:\/\/cvinoticias.com\/v3\/mas-de-200-personas-fallecieron-por-siniestros-viales-en-la-provincia-durante-el-2021\/"},"author":{"name":"f1000024","@id":"https:\/\/cvinoticias.com\/v3\/#\/schema\/person\/2db77e3c6bc03c538495d7b2b8be9b66"},"headline":"M\u00e1s de 200 personas fallecieron por siniestros viales en la Provincia durante el 2021","datePublished":"2022-01-11T05:06:39+00:00","mainEntityOfPage":{"@id":"https:\/\/cvinoticias.com\/v3\/mas-de-200-personas-fallecieron-por-siniestros-viales-en-la-provincia-durante-el-2021\/"},"wordCount":294,"commentCount":0,"publisher":{"@id":"https:\/\/cvinoticias.com\/v3\/#organization"},"image":{"@id":"https:\/\/cvinoticias.com\/v3\/mas-de-200-personas-fallecieron-por-siniestros-viales-en-la-provincia-durante-el-2021\/#primaryimage"},"thumbnailUrl":"https:\/\/cvinoticias.com\/wp-content\/uploads\/2022\/01\/Screenshot_20220111-020536_Facebook.jpg","articleSection":["Informaci\u00f3n General"],"inLanguage":"es","potentialAction":[{"@type":"CommentAction","name":"Comment","target":["https:\/\/cvinoticias.com\/v3\/mas-de-200-personas-fallecieron-por-siniestros-viales-en-la-provincia-durante-el-2021\/#respond"]}]},{"@type":"WebPage","@id":"https:\/\/cvinoticias.com\/v3\/mas-de-200-personas-fallecieron-por-siniestros-viales-en-la-provincia-durante-el-2021\/","url":"https:\/\/cvinoticias.com\/v3\/mas-de-200-personas-fallecieron-por-siniestros-viales-en-la-provincia-durante-el-2021\/","name":"M\u00e1s de 200 personas fallecieron por siniestros viales en la Provincia durante el 2021 | CVI NOTICIAS","isPartOf":{"@id":"https:\/\/cvinoticias.com\/v3\/#website"},"primaryImageOfPage":{"@id":"https:\/\/cvinoticias.com\/v3\/mas-de-200-personas-fallecieron-por-siniestros-viales-en-la-provincia-durante-el-2021\/#primaryimage"},"image":{"@id":"https:\/\/cvinoticias.com\/v3\/mas-de-200-personas-fallecieron-por-siniestros-viales-en-la-provincia-durante-el-2021\/#primaryimage"},"thumbnailUrl":"https:\/\/cvinoticias.com\/wp-content\/uploads\/2022\/01\/Screenshot_20220111-020536_Facebook.jpg","datePublished":"2022-01-11T05:06:39+00:00","breadcrumb":{"@id":"https:\/\/cvinoticias.com\/v3\/mas-de-200-personas-fallecieron-por-siniestros-viales-en-la-provincia-durante-el-2021\/#breadcrumb"},"inLanguage":"es","potentialAction":[{"@type":"ReadAction","target":["https:\/\/cvinoticias.com\/v3\/mas-de-200-personas-fallecieron-por-siniestros-viales-en-la-provincia-durante-el-2021\/"]}]},{"@type":"ImageObject","inLanguage":"es","@id":"https:\/\/cvinoticias.com\/v3\/mas-de-200-personas-fallecieron-por-siniestros-viales-en-la-provincia-durante-el-2021\/#primaryimage","url":"https:\/\/cvinoticias.com\/wp-content\/uploads\/2022\/01\/Screenshot_20220111-020536_Facebook.jpg","contentUrl":"https:\/\/cvinoticias.com\/wp-content\/uploads\/2022\/01\/Screenshot_20220111-020536_Facebook.jpg","width":972,"height":1554},{"@type":"BreadcrumbList","@id":"https:\/\/cvinoticias.com\/v3\/mas-de-200-personas-fallecieron-por-siniestros-viales-en-la-provincia-durante-el-2021\/#breadcrumb","itemListElement":[{"@type":"ListItem","position":1,"name":"Portada","item":"https:\/\/cvinoticias.com\/v3\/"},{"@type":"ListItem","position":2,"name":"M\u00e1s de 200 personas fallecieron por siniestros viales en la Provincia durante el 2021"}]},{"@type":"WebSite","@id":"https:\/\/cvinoticias.com\/v3\/#website","url":"https:\/\/cvinoticias.com\/v3\/","name":"CVI NOTICIAS","description":"","publisher":{"@id":"https:\/\/cvinoticias.com\/v3\/#organization"},"alternateName":"CVI","potentialAction":[{"@type":"SearchAction","target":{"@type":"EntryPoint","urlTemplate":"https:\/\/cvinoticias.com\/v3\/?s={search_term_string}"},"query-input":{"@type":"PropertyValueSpecification","valueRequired":true,"valueName":"search_term_string"}}],"inLanguage":"es"},{"@type":"Organization","@id":"https:\/\/cvinoticias.com\/v3\/#organization","name":"CVI NOTICIAS","url":"https:\/\/cvinoticias.com\/v3\/","logo":{"@type":"ImageObject","inLanguage":"es","@id":"https:\/\/cvinoticias.com\/v3\/#\/schema\/logo\/image\/","url":"https:\/\/cvinoticias.com\/wp-content\/uploads\/2023\/04\/cropped-cropped-cropped-cropped-cropped-3-1.png","contentUrl":"https:\/\/cvinoticias.com\/wp-content\/uploads\/2023\/04\/cropped-cropped-cropped-cropped-cropped-3-1.png","width":95,"height":122,"caption":"CVI NOTICIAS"},"image":{"@id":"https:\/\/cvinoticias.com\/v3\/#\/schema\/logo\/image\/"},"sameAs":["https:\/\/www.facebook.com\/cvinoticias","https:\/\/www.instagram.com\/cvinoticias\/","https:\/\/www.youtube.com\/@CVINOTICIAS"]},{"@type":"Person","@id":"https:\/\/cvinoticias.com\/v3\/#\/schema\/person\/2db77e3c6bc03c538495d7b2b8be9b66","name":"f1000024","image":{"@type":"ImageObject","inLanguage":"es","@id":"https:\/\/secure.gravatar.com\/avatar\/d4fe7459cfc51ff5129ce1a732bbef5928568b8092d412ef95611616376bbeed?s=96&d=mm&r=g","url":"https:\/\/secure.gravatar.com\/avatar\/d4fe7459cfc51ff5129ce1a732bbef5928568b8092d412ef95611616376bbeed?s=96&d=mm&r=g","contentUrl":"https:\/\/secure.gravatar.com\/avatar\/d4fe7459cfc51ff5129ce1a732bbef5928568b8092d412ef95611616376bbeed?s=96&d=mm&r=g","caption":"f1000024"},"url":"https:\/\/cvinoticias.com\/v3\/author\/f1000024\/"}]}},"_links":{"self":[{"href":"https:\/\/cvinoticias.com\/v3\/wp-json\/wp\/v2\/posts\/12208","targetHints":{"allow":["GET"]}}],"collection":[{"href":"https:\/\/cvinoticias.com\/v3\/wp-json\/wp\/v2\/posts"}],"about":[{"href":"https:\/\/cvinoticias.com\/v3\/wp-json\/wp\/v2\/types\/post"}],"author":[{"embeddable":true,"href":"https:\/\/cvinoticias.com\/v3\/wp-json\/wp\/v2\/users\/2"}],"replies":[{"embeddable":true,"href":"https:\/\/cvinoticias.com\/v3\/wp-json\/wp\/v2\/comments?post=12208"}],"version-history":[{"count":1,"href":"https:\/\/cvinoticias.com\/v3\/wp-json\/wp\/v2\/posts\/12208\/revisions"}],"predecessor-version":[{"id":12210,"href":"https:\/\/cvinoticias.com\/v3\/wp-json\/wp\/v2\/posts\/12208\/revisions\/12210"}],"wp:featuredmedia":[{"embeddable":true,"href":"https:\/\/cvinoticias.com\/v3\/wp-json\/wp\/v2\/media\/12209"}],"wp:attachment":[{"href":"https:\/\/cvinoticias.com\/v3\/wp-json\/wp\/v2\/media?parent=12208"}],"wp:term":[{"taxonomy":"category","embeddable":true,"href":"https:\/\/cvinoticias.com\/v3\/wp-json\/wp\/v2\/categories?post=12208"},{"taxonomy":"post_tag","embeddable":true,"href":"https:\/\/cvinoticias.com\/v3\/wp-json\/wp\/v2\/tags?post=12208"}],"curies":[{"name":"wp","href":"https:\/\/api.w.org\/{rel}","templated":true}]}}