{"id":12201,"date":"2022-01-11T04:41:45","date_gmt":"2022-01-11T04:41:45","guid":{"rendered":"https:\/\/cvinoticias.com\/v3\/?p=12201"},"modified":"2022-01-11T04:43:37","modified_gmt":"2022-01-11T04:43:37","slug":"el-gobierno-evalua-la-posibilidad-de-levantar-el-aislamiento-de-contactos-estrechos-es-un-momento-bisagra","status":"publish","type":"post","link":"https:\/\/cvinoticias.com\/v3\/el-gobierno-evalua-la-posibilidad-de-levantar-el-aislamiento-de-contactos-estrechos-es-un-momento-bisagra\/","title":{"rendered":"El Gobierno eval\u00faa la posibilidad de levantar el aislamiento de contactos estrechos: \u201cEs un momento bisagra\u201d"},"content":{"rendered":"\n<p><strong><em>Lo dijo la ministra de Salud Carla Vizzotti. Es por el avance de los contagios, la menor incidencia de cuadros graves y el impacto de los confinamientos en la actividad econ\u00f3mica.<\/em><\/strong><\/p>\n\n\n\n<p>En medio de la tercera ola de coronavirus en el pa\u00eds, y luego de que se informen otros 88.352 nuevos casos, la ministra de Salud Carla Vizzotti adelant\u00f3 este lunes que se est\u00e1 evaluando la posibilidad de levantar el aislamiento obligatorio para los contactos estrechos de casos positivos.<\/p>\n\n\n\n<p>As\u00ed lo inform\u00f3 la funcionaria cuando fue consultada por la medida que hace varios d\u00edas reclaman algunos empresarios del sector privado, quienes alegan que con este protocolo y el alza de contagios, se reduce notablemente el personal y la actividad econ\u00f3mica. Seg\u00fan datos oficiales, actualmente hay 667.662 pacientes cursando la enfermedad con diagn\u00f3stico confirmado.<\/p>\n\n\n\n<p>\u00abEs algo que se est\u00e1 analizando. Pero quiero remarcar que no es porque lo haya pedido un sector econ\u00f3mico, sino que esa es la mirada y es a lo que se tiende actualmente. En Espa\u00f1a hasta est\u00e1n considerando tomarlo como una gripe com\u00fan\u00bb, se\u00f1al\u00f3 la ministra.<\/p>\n\n\n\n<p>Y a\u00f1adi\u00f3: \u00abEs un momento bisagra. Estamos definiendo si estamos entrando a la endemia y este es un cambio de paradigma muy grande para la poblaci\u00f3n. Despu\u00e9s de venir con una din\u00e1mica de cuidado hasta que estuvo la variante Delta, cambiarla es todo un desaf\u00edo\u00bb, admiti\u00f3.<\/p>\n\n\n\n<p>Asimismo, comunic\u00f3 que si la covid-19 contin\u00faa manifest\u00e1ndose como lo hizo en las \u00faltimas semanas, con cuadros leves y moderados que no requieren -en su mayor\u00eda- atenci\u00f3n hospitalaria, se podr\u00eda recibir, en un futuro, el mismo tratamiento que reciben otras enfermedades \u00abque tenemos todos los a\u00f1os\u00bb.<\/p>\n\n\n\n<p>\u00abSi se ve en la evoluci\u00f3n de la enfermedad que es realmente como la varicela, la gripe o ese tipo de enfermedades, la transici\u00f3n a la endemia lo que va a llevar es que no haga falta hacer testeo a todos los casos y que el aislamiento tenga otro rol. Es decir, que pierda valor para controlarla\u00bb, especific\u00f3.<\/p>\n\n\n\n<p>Al respecto, fue cauta al ser consultada si este pase de categor\u00eda se podr\u00eda concretar a lo largo de 2022. \u00abEs una hip\u00f3tesis\u00bb, indic\u00f3.<\/p>\n\n\n\n<p>Finalmente adelant\u00f3 informaci\u00f3n sobre c\u00f3mo se llevar\u00e1n adelante los autotest de coronavirus que fueron aprobados por la ANMAT durante la \u00faltima semana.<\/p>\n\n\n\n<p>\u00abMa\u00f1ana vamos a sacar una resoluci\u00f3n para indicar que el test va a tener tres roles: uno individual, uno para el sector industrial y otro para las jurisdicciones\u00bb, dijo.<\/p>\n\n\n\n<p>Y especific\u00f3 sobre el de uso personal: \u00abSe comprar\u00e1 en farmacias y a trav\u00e9s de una app que se vincula con el SISA (Sistema Integrado de Informaci\u00f3n Sanitaria Argentino) quien lo utilice va a tener que reportar si fue positivo, negativo o si no lo uso\u00bb.<\/p>\n\n\n\n<p><strong>La Provincia de Buenos Aires ya modific\u00f3 el protocolo para reducir los aislamientos del personal de Salud<\/strong><\/p>\n\n\n\n<p>La Provincia de Buenos Aires modific\u00f3 este lunes el protocolo de aislamiento para el personal sanitario bonaerense. A partir de ahora, quienes hayan tenido contacto estrecho con un caso de coronavirus y no muestren s\u00edntomas del Covid no deber\u00e1n confinarse.<\/p>\n\n\n\n<p>La medida, publicada este lunes en un suplemento del Bolet\u00edn Oficial bonaerense, busca evitar la falta de personal sanitario.<\/p>\n\n\n\n<p>Estar\u00e1n exceptuados \u200bde realizar la cuarentena los contactos estrechos que permanezcan asintom\u00e1ticos y que tengan esquema de vacunaci\u00f3n completo. \u00abSe considera &#8216;completo&#8217; con la dosis de refuerzo aplicada o con menos de 5 meses de aplicada la segunda o tercer dosis del esquema primario -en los casos en que dicho esquema comprenda 3 dosis-\u00ab, puntualizaron desde Salud de Buenos Aires.<\/p>\n\n\n\n<p>En ese sentido, aclararon que para los mayores de 50 a\u00f1os que recibieron Sinopharm y para las personas inmunocomprometidas el esquema primario completo de vacunaci\u00f3n comprende tres dosis contra el Covid.<\/p>\n\n\n\n<p>Tampoco deber\u00e1 aislarse el personal sanitario que sea contacto estrecho, que se ha recuperado de un episodio de Covid-19 confirmado por laboratorio y que presente una nueva exposici\u00f3n al virus, dentro de los tres meses del episodio inicial (90 d\u00edas).<\/p>\n","protected":false},"excerpt":{"rendered":"<p>Lo dijo la ministra de Salud Carla Vizzotti. Es por el avance de los contagios, la menor incidencia de cuadros graves y el impacto de los confinamientos en la actividad econ\u00f3mica. En medio de la tercera ola de coronavirus en el pa\u00eds, y luego de que se informen otros 88.352 nuevos casos, la ministra de [&hellip;]<\/p>\n","protected":false},"author":2,"featured_media":12202,"comment_status":"open","ping_status":"open","sticky":false,"template":"","format":"standard","meta":{"footnotes":""},"categories":[23],"tags":[],"class_list":["post-12201","post","type-post","status-publish","format-standard","has-post-thumbnail","hentry","category-covid-19"],"yoast_head":"<!-- This site is optimized with the Yoast SEO plugin v27.5 - https:\/\/yoast.com\/product\/yoast-seo-wordpress\/ -->\n<title>El Gobierno eval\u00faa la posibilidad de levantar el aislamiento de contactos estrechos: \u201cEs un momento bisagra\u201d | CVI NOTICIAS<\/title>\n<meta name=\"robots\" content=\"index, follow, max-snippet:-1, max-image-preview:large, max-video-preview:-1\" \/>\n<link rel=\"canonical\" href=\"https:\/\/cvinoticias.com\/v3\/el-gobierno-evalua-la-posibilidad-de-levantar-el-aislamiento-de-contactos-estrechos-es-un-momento-bisagra\/\" \/>\n<meta property=\"og:locale\" content=\"es_ES\" \/>\n<meta property=\"og:type\" content=\"article\" \/>\n<meta property=\"og:title\" content=\"El Gobierno eval\u00faa la posibilidad de levantar el aislamiento de contactos estrechos: \u201cEs un momento bisagra\u201d | CVI NOTICIAS\" \/>\n<meta property=\"og:description\" content=\"Lo dijo la ministra de Salud Carla Vizzotti. Es por el avance de los contagios, la menor incidencia de cuadros graves y el impacto de los confinamientos en la actividad econ\u00f3mica. En medio de la tercera ola de coronavirus en el pa\u00eds, y luego de que se informen otros 88.352 nuevos casos, la ministra de [&hellip;]\" \/>\n<meta property=\"og:url\" content=\"https:\/\/cvinoticias.com\/v3\/el-gobierno-evalua-la-posibilidad-de-levantar-el-aislamiento-de-contactos-estrechos-es-un-momento-bisagra\/\" \/>\n<meta property=\"og:site_name\" content=\"CVI NOTICIAS\" \/>\n<meta property=\"article:publisher\" content=\"https:\/\/www.facebook.com\/cvinoticias\" \/>\n<meta property=\"article:published_time\" content=\"2022-01-11T04:41:45+00:00\" \/>\n<meta property=\"article:modified_time\" content=\"2022-01-11T04:43:37+00:00\" \/>\n<meta property=\"og:image\" content=\"https:\/\/cvinoticias.com\/wp-content\/uploads\/2022\/01\/Screenshot_20220111-013920_Chrome.jpg\" \/>\n\t<meta property=\"og:image:width\" content=\"507\" \/>\n\t<meta property=\"og:image:height\" content=\"374\" \/>\n\t<meta property=\"og:image:type\" content=\"image\/jpeg\" \/>\n<meta name=\"author\" content=\"f1000024\" \/>\n<meta name=\"twitter:card\" content=\"summary_large_image\" \/>\n<meta name=\"twitter:label1\" content=\"Escrito por\" \/>\n\t<meta name=\"twitter:data1\" content=\"f1000024\" \/>\n\t<meta name=\"twitter:label2\" content=\"Tiempo de lectura\" \/>\n\t<meta name=\"twitter:data2\" content=\"3 minutos\" \/>\n<script type=\"application\/ld+json\" class=\"yoast-schema-graph\">{\"@context\":\"https:\\\/\\\/schema.org\",\"@graph\":[{\"@type\":\"Article\",\"@id\":\"https:\\\/\\\/cvinoticias.com\\\/v3\\\/el-gobierno-evalua-la-posibilidad-de-levantar-el-aislamiento-de-contactos-estrechos-es-un-momento-bisagra\\\/#article\",\"isPartOf\":{\"@id\":\"https:\\\/\\\/cvinoticias.com\\\/v3\\\/el-gobierno-evalua-la-posibilidad-de-levantar-el-aislamiento-de-contactos-estrechos-es-un-momento-bisagra\\\/\"},\"author\":{\"name\":\"f1000024\",\"@id\":\"https:\\\/\\\/cvinoticias.com\\\/v3\\\/#\\\/schema\\\/person\\\/2db77e3c6bc03c538495d7b2b8be9b66\"},\"headline\":\"El Gobierno eval\u00faa la posibilidad de levantar el aislamiento de contactos estrechos: \u201cEs un momento bisagra\u201d\",\"datePublished\":\"2022-01-11T04:41:45+00:00\",\"dateModified\":\"2022-01-11T04:43:37+00:00\",\"mainEntityOfPage\":{\"@id\":\"https:\\\/\\\/cvinoticias.com\\\/v3\\\/el-gobierno-evalua-la-posibilidad-de-levantar-el-aislamiento-de-contactos-estrechos-es-un-momento-bisagra\\\/\"},\"wordCount\":711,\"commentCount\":0,\"publisher\":{\"@id\":\"https:\\\/\\\/cvinoticias.com\\\/v3\\\/#organization\"},\"image\":{\"@id\":\"https:\\\/\\\/cvinoticias.com\\\/v3\\\/el-gobierno-evalua-la-posibilidad-de-levantar-el-aislamiento-de-contactos-estrechos-es-un-momento-bisagra\\\/#primaryimage\"},\"thumbnailUrl\":\"https:\\\/\\\/cvinoticias.com\\\/wp-content\\\/uploads\\\/2022\\\/01\\\/Screenshot_20220111-013920_Chrome.jpg\",\"articleSection\":[\"Covid-19\"],\"inLanguage\":\"es\",\"potentialAction\":[{\"@type\":\"CommentAction\",\"name\":\"Comment\",\"target\":[\"https:\\\/\\\/cvinoticias.com\\\/v3\\\/el-gobierno-evalua-la-posibilidad-de-levantar-el-aislamiento-de-contactos-estrechos-es-un-momento-bisagra\\\/#respond\"]}]},{\"@type\":\"WebPage\",\"@id\":\"https:\\\/\\\/cvinoticias.com\\\/v3\\\/el-gobierno-evalua-la-posibilidad-de-levantar-el-aislamiento-de-contactos-estrechos-es-un-momento-bisagra\\\/\",\"url\":\"https:\\\/\\\/cvinoticias.com\\\/v3\\\/el-gobierno-evalua-la-posibilidad-de-levantar-el-aislamiento-de-contactos-estrechos-es-un-momento-bisagra\\\/\",\"name\":\"El Gobierno eval\u00faa la posibilidad de levantar el aislamiento de contactos estrechos: \u201cEs un momento bisagra\u201d | CVI NOTICIAS\",\"isPartOf\":{\"@id\":\"https:\\\/\\\/cvinoticias.com\\\/v3\\\/#website\"},\"primaryImageOfPage\":{\"@id\":\"https:\\\/\\\/cvinoticias.com\\\/v3\\\/el-gobierno-evalua-la-posibilidad-de-levantar-el-aislamiento-de-contactos-estrechos-es-un-momento-bisagra\\\/#primaryimage\"},\"image\":{\"@id\":\"https:\\\/\\\/cvinoticias.com\\\/v3\\\/el-gobierno-evalua-la-posibilidad-de-levantar-el-aislamiento-de-contactos-estrechos-es-un-momento-bisagra\\\/#primaryimage\"},\"thumbnailUrl\":\"https:\\\/\\\/cvinoticias.com\\\/wp-content\\\/uploads\\\/2022\\\/01\\\/Screenshot_20220111-013920_Chrome.jpg\",\"datePublished\":\"2022-01-11T04:41:45+00:00\",\"dateModified\":\"2022-01-11T04:43:37+00:00\",\"breadcrumb\":{\"@id\":\"https:\\\/\\\/cvinoticias.com\\\/v3\\\/el-gobierno-evalua-la-posibilidad-de-levantar-el-aislamiento-de-contactos-estrechos-es-un-momento-bisagra\\\/#breadcrumb\"},\"inLanguage\":\"es\",\"potentialAction\":[{\"@type\":\"ReadAction\",\"target\":[\"https:\\\/\\\/cvinoticias.com\\\/v3\\\/el-gobierno-evalua-la-posibilidad-de-levantar-el-aislamiento-de-contactos-estrechos-es-un-momento-bisagra\\\/\"]}]},{\"@type\":\"ImageObject\",\"inLanguage\":\"es\",\"@id\":\"https:\\\/\\\/cvinoticias.com\\\/v3\\\/el-gobierno-evalua-la-posibilidad-de-levantar-el-aislamiento-de-contactos-estrechos-es-un-momento-bisagra\\\/#primaryimage\",\"url\":\"https:\\\/\\\/cvinoticias.com\\\/wp-content\\\/uploads\\\/2022\\\/01\\\/Screenshot_20220111-013920_Chrome.jpg\",\"contentUrl\":\"https:\\\/\\\/cvinoticias.com\\\/wp-content\\\/uploads\\\/2022\\\/01\\\/Screenshot_20220111-013920_Chrome.jpg\",\"width\":507,\"height\":374},{\"@type\":\"BreadcrumbList\",\"@id\":\"https:\\\/\\\/cvinoticias.com\\\/v3\\\/el-gobierno-evalua-la-posibilidad-de-levantar-el-aislamiento-de-contactos-estrechos-es-un-momento-bisagra\\\/#breadcrumb\",\"itemListElement\":[{\"@type\":\"ListItem\",\"position\":1,\"name\":\"Portada\",\"item\":\"https:\\\/\\\/cvinoticias.com\\\/v3\\\/\"},{\"@type\":\"ListItem\",\"position\":2,\"name\":\"El Gobierno eval\u00faa la posibilidad de levantar el aislamiento de contactos estrechos: \u201cEs un momento bisagra\u201d\"}]},{\"@type\":\"WebSite\",\"@id\":\"https:\\\/\\\/cvinoticias.com\\\/v3\\\/#website\",\"url\":\"https:\\\/\\\/cvinoticias.com\\\/v3\\\/\",\"name\":\"CVI NOTICIAS\",\"description\":\"\",\"publisher\":{\"@id\":\"https:\\\/\\\/cvinoticias.com\\\/v3\\\/#organization\"},\"alternateName\":\"CVI\",\"potentialAction\":[{\"@type\":\"SearchAction\",\"target\":{\"@type\":\"EntryPoint\",\"urlTemplate\":\"https:\\\/\\\/cvinoticias.com\\\/v3\\\/?s={search_term_string}\"},\"query-input\":{\"@type\":\"PropertyValueSpecification\",\"valueRequired\":true,\"valueName\":\"search_term_string\"}}],\"inLanguage\":\"es\"},{\"@type\":\"Organization\",\"@id\":\"https:\\\/\\\/cvinoticias.com\\\/v3\\\/#organization\",\"name\":\"CVI NOTICIAS\",\"url\":\"https:\\\/\\\/cvinoticias.com\\\/v3\\\/\",\"logo\":{\"@type\":\"ImageObject\",\"inLanguage\":\"es\",\"@id\":\"https:\\\/\\\/cvinoticias.com\\\/v3\\\/#\\\/schema\\\/logo\\\/image\\\/\",\"url\":\"https:\\\/\\\/cvinoticias.com\\\/wp-content\\\/uploads\\\/2023\\\/04\\\/cropped-cropped-cropped-cropped-cropped-3-1.png\",\"contentUrl\":\"https:\\\/\\\/cvinoticias.com\\\/wp-content\\\/uploads\\\/2023\\\/04\\\/cropped-cropped-cropped-cropped-cropped-3-1.png\",\"width\":95,\"height\":122,\"caption\":\"CVI NOTICIAS\"},\"image\":{\"@id\":\"https:\\\/\\\/cvinoticias.com\\\/v3\\\/#\\\/schema\\\/logo\\\/image\\\/\"},\"sameAs\":[\"https:\\\/\\\/www.facebook.com\\\/cvinoticias\",\"https:\\\/\\\/www.instagram.com\\\/cvinoticias\\\/\",\"https:\\\/\\\/www.youtube.com\\\/@CVINOTICIAS\"]},{\"@type\":\"Person\",\"@id\":\"https:\\\/\\\/cvinoticias.com\\\/v3\\\/#\\\/schema\\\/person\\\/2db77e3c6bc03c538495d7b2b8be9b66\",\"name\":\"f1000024\",\"image\":{\"@type\":\"ImageObject\",\"inLanguage\":\"es\",\"@id\":\"https:\\\/\\\/secure.gravatar.com\\\/avatar\\\/d4fe7459cfc51ff5129ce1a732bbef5928568b8092d412ef95611616376bbeed?s=96&d=mm&r=g\",\"url\":\"https:\\\/\\\/secure.gravatar.com\\\/avatar\\\/d4fe7459cfc51ff5129ce1a732bbef5928568b8092d412ef95611616376bbeed?s=96&d=mm&r=g\",\"contentUrl\":\"https:\\\/\\\/secure.gravatar.com\\\/avatar\\\/d4fe7459cfc51ff5129ce1a732bbef5928568b8092d412ef95611616376bbeed?s=96&d=mm&r=g\",\"caption\":\"f1000024\"},\"url\":\"https:\\\/\\\/cvinoticias.com\\\/v3\\\/author\\\/f1000024\\\/\"}]}<\/script>\n<!-- \/ Yoast SEO plugin. -->","yoast_head_json":{"title":"El Gobierno eval\u00faa la posibilidad de levantar el aislamiento de contactos estrechos: \u201cEs un momento bisagra\u201d | CVI NOTICIAS","robots":{"index":"index","follow":"follow","max-snippet":"max-snippet:-1","max-image-preview":"max-image-preview:large","max-video-preview":"max-video-preview:-1"},"canonical":"https:\/\/cvinoticias.com\/v3\/el-gobierno-evalua-la-posibilidad-de-levantar-el-aislamiento-de-contactos-estrechos-es-un-momento-bisagra\/","og_locale":"es_ES","og_type":"article","og_title":"El Gobierno eval\u00faa la posibilidad de levantar el aislamiento de contactos estrechos: \u201cEs un momento bisagra\u201d | CVI NOTICIAS","og_description":"Lo dijo la ministra de Salud Carla Vizzotti. Es por el avance de los contagios, la menor incidencia de cuadros graves y el impacto de los confinamientos en la actividad econ\u00f3mica. En medio de la tercera ola de coronavirus en el pa\u00eds, y luego de que se informen otros 88.352 nuevos casos, la ministra de [&hellip;]","og_url":"https:\/\/cvinoticias.com\/v3\/el-gobierno-evalua-la-posibilidad-de-levantar-el-aislamiento-de-contactos-estrechos-es-un-momento-bisagra\/","og_site_name":"CVI NOTICIAS","article_publisher":"https:\/\/www.facebook.com\/cvinoticias","article_published_time":"2022-01-11T04:41:45+00:00","article_modified_time":"2022-01-11T04:43:37+00:00","og_image":[{"width":507,"height":374,"url":"https:\/\/cvinoticias.com\/wp-content\/uploads\/2022\/01\/Screenshot_20220111-013920_Chrome.jpg","type":"image\/jpeg"}],"author":"f1000024","twitter_card":"summary_large_image","twitter_misc":{"Escrito por":"f1000024","Tiempo de lectura":"3 minutos"},"schema":{"@context":"https:\/\/schema.org","@graph":[{"@type":"Article","@id":"https:\/\/cvinoticias.com\/v3\/el-gobierno-evalua-la-posibilidad-de-levantar-el-aislamiento-de-contactos-estrechos-es-un-momento-bisagra\/#article","isPartOf":{"@id":"https:\/\/cvinoticias.com\/v3\/el-gobierno-evalua-la-posibilidad-de-levantar-el-aislamiento-de-contactos-estrechos-es-un-momento-bisagra\/"},"author":{"name":"f1000024","@id":"https:\/\/cvinoticias.com\/v3\/#\/schema\/person\/2db77e3c6bc03c538495d7b2b8be9b66"},"headline":"El Gobierno eval\u00faa la posibilidad de levantar el aislamiento de contactos estrechos: \u201cEs un momento bisagra\u201d","datePublished":"2022-01-11T04:41:45+00:00","dateModified":"2022-01-11T04:43:37+00:00","mainEntityOfPage":{"@id":"https:\/\/cvinoticias.com\/v3\/el-gobierno-evalua-la-posibilidad-de-levantar-el-aislamiento-de-contactos-estrechos-es-un-momento-bisagra\/"},"wordCount":711,"commentCount":0,"publisher":{"@id":"https:\/\/cvinoticias.com\/v3\/#organization"},"image":{"@id":"https:\/\/cvinoticias.com\/v3\/el-gobierno-evalua-la-posibilidad-de-levantar-el-aislamiento-de-contactos-estrechos-es-un-momento-bisagra\/#primaryimage"},"thumbnailUrl":"https:\/\/cvinoticias.com\/wp-content\/uploads\/2022\/01\/Screenshot_20220111-013920_Chrome.jpg","articleSection":["Covid-19"],"inLanguage":"es","potentialAction":[{"@type":"CommentAction","name":"Comment","target":["https:\/\/cvinoticias.com\/v3\/el-gobierno-evalua-la-posibilidad-de-levantar-el-aislamiento-de-contactos-estrechos-es-un-momento-bisagra\/#respond"]}]},{"@type":"WebPage","@id":"https:\/\/cvinoticias.com\/v3\/el-gobierno-evalua-la-posibilidad-de-levantar-el-aislamiento-de-contactos-estrechos-es-un-momento-bisagra\/","url":"https:\/\/cvinoticias.com\/v3\/el-gobierno-evalua-la-posibilidad-de-levantar-el-aislamiento-de-contactos-estrechos-es-un-momento-bisagra\/","name":"El Gobierno eval\u00faa la posibilidad de levantar el aislamiento de contactos estrechos: \u201cEs un momento bisagra\u201d | CVI NOTICIAS","isPartOf":{"@id":"https:\/\/cvinoticias.com\/v3\/#website"},"primaryImageOfPage":{"@id":"https:\/\/cvinoticias.com\/v3\/el-gobierno-evalua-la-posibilidad-de-levantar-el-aislamiento-de-contactos-estrechos-es-un-momento-bisagra\/#primaryimage"},"image":{"@id":"https:\/\/cvinoticias.com\/v3\/el-gobierno-evalua-la-posibilidad-de-levantar-el-aislamiento-de-contactos-estrechos-es-un-momento-bisagra\/#primaryimage"},"thumbnailUrl":"https:\/\/cvinoticias.com\/wp-content\/uploads\/2022\/01\/Screenshot_20220111-013920_Chrome.jpg","datePublished":"2022-01-11T04:41:45+00:00","dateModified":"2022-01-11T04:43:37+00:00","breadcrumb":{"@id":"https:\/\/cvinoticias.com\/v3\/el-gobierno-evalua-la-posibilidad-de-levantar-el-aislamiento-de-contactos-estrechos-es-un-momento-bisagra\/#breadcrumb"},"inLanguage":"es","potentialAction":[{"@type":"ReadAction","target":["https:\/\/cvinoticias.com\/v3\/el-gobierno-evalua-la-posibilidad-de-levantar-el-aislamiento-de-contactos-estrechos-es-un-momento-bisagra\/"]}]},{"@type":"ImageObject","inLanguage":"es","@id":"https:\/\/cvinoticias.com\/v3\/el-gobierno-evalua-la-posibilidad-de-levantar-el-aislamiento-de-contactos-estrechos-es-un-momento-bisagra\/#primaryimage","url":"https:\/\/cvinoticias.com\/wp-content\/uploads\/2022\/01\/Screenshot_20220111-013920_Chrome.jpg","contentUrl":"https:\/\/cvinoticias.com\/wp-content\/uploads\/2022\/01\/Screenshot_20220111-013920_Chrome.jpg","width":507,"height":374},{"@type":"BreadcrumbList","@id":"https:\/\/cvinoticias.com\/v3\/el-gobierno-evalua-la-posibilidad-de-levantar-el-aislamiento-de-contactos-estrechos-es-un-momento-bisagra\/#breadcrumb","itemListElement":[{"@type":"ListItem","position":1,"name":"Portada","item":"https:\/\/cvinoticias.com\/v3\/"},{"@type":"ListItem","position":2,"name":"El Gobierno eval\u00faa la posibilidad de levantar el aislamiento de contactos estrechos: \u201cEs un momento bisagra\u201d"}]},{"@type":"WebSite","@id":"https:\/\/cvinoticias.com\/v3\/#website","url":"https:\/\/cvinoticias.com\/v3\/","name":"CVI NOTICIAS","description":"","publisher":{"@id":"https:\/\/cvinoticias.com\/v3\/#organization"},"alternateName":"CVI","potentialAction":[{"@type":"SearchAction","target":{"@type":"EntryPoint","urlTemplate":"https:\/\/cvinoticias.com\/v3\/?s={search_term_string}"},"query-input":{"@type":"PropertyValueSpecification","valueRequired":true,"valueName":"search_term_string"}}],"inLanguage":"es"},{"@type":"Organization","@id":"https:\/\/cvinoticias.com\/v3\/#organization","name":"CVI NOTICIAS","url":"https:\/\/cvinoticias.com\/v3\/","logo":{"@type":"ImageObject","inLanguage":"es","@id":"https:\/\/cvinoticias.com\/v3\/#\/schema\/logo\/image\/","url":"https:\/\/cvinoticias.com\/wp-content\/uploads\/2023\/04\/cropped-cropped-cropped-cropped-cropped-3-1.png","contentUrl":"https:\/\/cvinoticias.com\/wp-content\/uploads\/2023\/04\/cropped-cropped-cropped-cropped-cropped-3-1.png","width":95,"height":122,"caption":"CVI NOTICIAS"},"image":{"@id":"https:\/\/cvinoticias.com\/v3\/#\/schema\/logo\/image\/"},"sameAs":["https:\/\/www.facebook.com\/cvinoticias","https:\/\/www.instagram.com\/cvinoticias\/","https:\/\/www.youtube.com\/@CVINOTICIAS"]},{"@type":"Person","@id":"https:\/\/cvinoticias.com\/v3\/#\/schema\/person\/2db77e3c6bc03c538495d7b2b8be9b66","name":"f1000024","image":{"@type":"ImageObject","inLanguage":"es","@id":"https:\/\/secure.gravatar.com\/avatar\/d4fe7459cfc51ff5129ce1a732bbef5928568b8092d412ef95611616376bbeed?s=96&d=mm&r=g","url":"https:\/\/secure.gravatar.com\/avatar\/d4fe7459cfc51ff5129ce1a732bbef5928568b8092d412ef95611616376bbeed?s=96&d=mm&r=g","contentUrl":"https:\/\/secure.gravatar.com\/avatar\/d4fe7459cfc51ff5129ce1a732bbef5928568b8092d412ef95611616376bbeed?s=96&d=mm&r=g","caption":"f1000024"},"url":"https:\/\/cvinoticias.com\/v3\/author\/f1000024\/"}]}},"_links":{"self":[{"href":"https:\/\/cvinoticias.com\/v3\/wp-json\/wp\/v2\/posts\/12201","targetHints":{"allow":["GET"]}}],"collection":[{"href":"https:\/\/cvinoticias.com\/v3\/wp-json\/wp\/v2\/posts"}],"about":[{"href":"https:\/\/cvinoticias.com\/v3\/wp-json\/wp\/v2\/types\/post"}],"author":[{"embeddable":true,"href":"https:\/\/cvinoticias.com\/v3\/wp-json\/wp\/v2\/users\/2"}],"replies":[{"embeddable":true,"href":"https:\/\/cvinoticias.com\/v3\/wp-json\/wp\/v2\/comments?post=12201"}],"version-history":[{"count":2,"href":"https:\/\/cvinoticias.com\/v3\/wp-json\/wp\/v2\/posts\/12201\/revisions"}],"predecessor-version":[{"id":12204,"href":"https:\/\/cvinoticias.com\/v3\/wp-json\/wp\/v2\/posts\/12201\/revisions\/12204"}],"wp:featuredmedia":[{"embeddable":true,"href":"https:\/\/cvinoticias.com\/v3\/wp-json\/wp\/v2\/media\/12202"}],"wp:attachment":[{"href":"https:\/\/cvinoticias.com\/v3\/wp-json\/wp\/v2\/media?parent=12201"}],"wp:term":[{"taxonomy":"category","embeddable":true,"href":"https:\/\/cvinoticias.com\/v3\/wp-json\/wp\/v2\/categories?post=12201"},{"taxonomy":"post_tag","embeddable":true,"href":"https:\/\/cvinoticias.com\/v3\/wp-json\/wp\/v2\/tags?post=12201"}],"curies":[{"name":"wp","href":"https:\/\/api.w.org\/{rel}","templated":true}]}}