{"id":12197,"date":"2022-01-11T04:21:10","date_gmt":"2022-01-11T04:21:10","guid":{"rendered":"https:\/\/cvinoticias.com\/v3\/?p=12197"},"modified":"2022-01-11T04:22:55","modified_gmt":"2022-01-11T04:22:55","slug":"no-habra-vuelos-cancelados-ni-demoras-dictaron-conciliacion-obligatoria-en-el-conflicto-con-los-controladores-aereos","status":"publish","type":"post","link":"https:\/\/cvinoticias.com\/v3\/no-habra-vuelos-cancelados-ni-demoras-dictaron-conciliacion-obligatoria-en-el-conflicto-con-los-controladores-aereos\/","title":{"rendered":"No habr\u00e1 vuelos cancelados ni demoras: Dictaron conciliaci\u00f3n obligatoria en el conflicto con los controladores a\u00e9reos"},"content":{"rendered":"\n<p><strong><em>El Ministerio de Trabajo de la Naci\u00f3n dict\u00f3 este lunes la conciliaci\u00f3n obligatoria y qued\u00f3 sin efecto una medida de fuerza anunciada para este martes por los controladores a\u00e9reos enrolados en la Asociaci\u00f3n T\u00e9cnicos y Empleados de Protecci\u00f3n y Seguridad a la Aeronavegaci\u00f3n (Atepsa), en reclamo de mejores condiciones laborales.<\/em><\/strong><\/p>\n\n\n\n<p>Las medidas de fuerza iban a provocar demoras o cancelaciones en los despegues de aeronaves en determinadas franjas horarias.<\/p>\n\n\n\n<p>Los controladores a\u00e9reos reclaman que, como producto de la pandemia de coronavirus, se agrav\u00f3 la situaci\u00f3n de falta de personal y tambi\u00e9n que muchos trabajadores deben realizar sus tareas con dotaciones por debajo de los m\u00ednimos de seguridad recomendados. Adem\u00e1s, exigen que se de respuesta a la cl\u00e1usula de revisi\u00f3n de la paritaria de 2021.<\/p>\n\n\n\n<p>Fuentes de la Empresa Argentina de Navegaci\u00f3n A\u00e9rea S.E. (EANA), dependiente del Ministerio de Transporte, expresaron y reconocieron la legitimidad del reclamo de los trabajadores y trabajadoras y ratificaron la voluntad de di\u00e1logo permanente para llegar a un acuerdo.<\/p>\n\n\n\n<p>Las fuentes indicaron que las dificultades planteadas a escala global por la pandemia de Covid-19 \u00abrepresentan desaf\u00edos para todas las industrias y para la aeron\u00e1utica, en particular\u00bb.<\/p>\n\n\n\n<p>En este contexto, se\u00f1alaron que como se \u00abafect\u00f3 dr\u00e1sticamente los ingresos econ\u00f3micos de EANA S.E. al caer de manera notable el cobro de tasas por su servicio esencial de control de tr\u00e1nsito a\u00e9reo, la empresa debe aguardar la definici\u00f3n del Presupuesto 2022 para poder finalmente lograr un acuerdo\u00bb.<\/p>\n\n\n\n<p>Por lo pronto, ante lo dictado por la cartera de Trabajo la medida de fuerza se encuentra suspendida y el servicio se brindar\u00e1 con normalidad en todos los aeropuertos del pa\u00eds, se indic\u00f3. A su vez, Atepsa asegur\u00f3 que acatar\u00e1 la conciliaci\u00f3n obligatoria.<\/p>\n\n\n\n<p>Desde el gremio se\u00f1alaron que esperan que en los pr\u00f3ximos d\u00edas la EANA comience a dar respuestas a los reclamos.<\/p>\n\n\n\n<p>Jonatan Doino, secretario general del sindicato, se\u00f1al\u00f3 que \u00abdesde el gremio tenemos toda la predisposici\u00f3n para resolver este conflicto a trav\u00e9s del di\u00e1logo y es lo que venimos reclamando desde hace tiempo. Vamos a acatar la conciliaci\u00f3n obligatoria pero esperamos que la empresa comience a dar las respuestas necesarias para garantizar en primer lugar la seguridad de todos los vuelos del pa\u00eds pero tambi\u00e9n los salarios y las condiciones de trabajo de los 2000 compa\u00f1eros que prestan sus servicios en la empresa\u00bb.<\/p>\n\n\n\n<p>Atepsa agrupa a los controladores de tr\u00e1nsito a\u00e9reo, trabajadores y trabajadoras de los servicios de informaci\u00f3n aeron\u00e1utica y comunicaciones aeron\u00e1uticas, t\u00e9cnicos y t\u00e9cnicas de comunicaciones navegaci\u00f3n y vigilancia, meteorolog\u00eda aeron\u00e1utica, servicio de b\u00fasqueda y salvamento, que son los encargados de organizar la navegaci\u00f3n a\u00e9rea; autorizar los despegues, rutas y aterrizajes de todas las aeronaves que transportan carga y pasajeros a trav\u00e9s del espacio a\u00e9reo argentino.<\/p>\n","protected":false},"excerpt":{"rendered":"<p>El Ministerio de Trabajo de la Naci\u00f3n dict\u00f3 este lunes la conciliaci\u00f3n obligatoria y qued\u00f3 sin efecto una medida de fuerza anunciada para este martes por los controladores a\u00e9reos enrolados en la Asociaci\u00f3n T\u00e9cnicos y Empleados de Protecci\u00f3n y Seguridad a la Aeronavegaci\u00f3n (Atepsa), en reclamo de mejores condiciones laborales. Las medidas de fuerza iban [&hellip;]<\/p>\n","protected":false},"author":2,"featured_media":12198,"comment_status":"open","ping_status":"open","sticky":false,"template":"","format":"standard","meta":{"footnotes":""},"categories":[98],"tags":[],"class_list":["post-12197","post","type-post","status-publish","format-standard","has-post-thumbnail","hentry","category-conectividad"],"yoast_head":"<!-- This site is optimized with the Yoast SEO plugin v27.5 - https:\/\/yoast.com\/product\/yoast-seo-wordpress\/ -->\n<title>No habr\u00e1 vuelos cancelados ni demoras: Dictaron conciliaci\u00f3n obligatoria en el conflicto con los controladores a\u00e9reos | CVI NOTICIAS<\/title>\n<meta name=\"robots\" content=\"index, follow, max-snippet:-1, max-image-preview:large, max-video-preview:-1\" \/>\n<link rel=\"canonical\" href=\"https:\/\/cvinoticias.com\/v3\/no-habra-vuelos-cancelados-ni-demoras-dictaron-conciliacion-obligatoria-en-el-conflicto-con-los-controladores-aereos\/\" \/>\n<meta property=\"og:locale\" content=\"es_ES\" \/>\n<meta property=\"og:type\" content=\"article\" \/>\n<meta property=\"og:title\" content=\"No habr\u00e1 vuelos cancelados ni demoras: Dictaron conciliaci\u00f3n obligatoria en el conflicto con los controladores a\u00e9reos | CVI NOTICIAS\" \/>\n<meta property=\"og:description\" content=\"El Ministerio de Trabajo de la Naci\u00f3n dict\u00f3 este lunes la conciliaci\u00f3n obligatoria y qued\u00f3 sin efecto una medida de fuerza anunciada para este martes por los controladores a\u00e9reos enrolados en la Asociaci\u00f3n T\u00e9cnicos y Empleados de Protecci\u00f3n y Seguridad a la Aeronavegaci\u00f3n (Atepsa), en reclamo de mejores condiciones laborales. Las medidas de fuerza iban [&hellip;]\" \/>\n<meta property=\"og:url\" content=\"https:\/\/cvinoticias.com\/v3\/no-habra-vuelos-cancelados-ni-demoras-dictaron-conciliacion-obligatoria-en-el-conflicto-con-los-controladores-aereos\/\" \/>\n<meta property=\"og:site_name\" content=\"CVI NOTICIAS\" \/>\n<meta property=\"article:publisher\" content=\"https:\/\/www.facebook.com\/cvinoticias\" \/>\n<meta property=\"article:published_time\" content=\"2022-01-11T04:21:10+00:00\" \/>\n<meta property=\"article:modified_time\" content=\"2022-01-11T04:22:55+00:00\" \/>\n<meta property=\"og:image\" content=\"https:\/\/cvinoticias.com\/wp-content\/uploads\/2022\/01\/Screenshot_20220111-011948_Chrome.jpg\" \/>\n\t<meta property=\"og:image:width\" content=\"946\" \/>\n\t<meta property=\"og:image:height\" content=\"562\" \/>\n\t<meta property=\"og:image:type\" content=\"image\/jpeg\" \/>\n<meta name=\"author\" content=\"f1000024\" \/>\n<meta name=\"twitter:card\" content=\"summary_large_image\" \/>\n<meta name=\"twitter:label1\" content=\"Escrito por\" \/>\n\t<meta name=\"twitter:data1\" content=\"f1000024\" \/>\n\t<meta name=\"twitter:label2\" content=\"Tiempo de lectura\" \/>\n\t<meta name=\"twitter:data2\" content=\"3 minutos\" \/>\n<script type=\"application\/ld+json\" class=\"yoast-schema-graph\">{\"@context\":\"https:\\\/\\\/schema.org\",\"@graph\":[{\"@type\":\"Article\",\"@id\":\"https:\\\/\\\/cvinoticias.com\\\/v3\\\/no-habra-vuelos-cancelados-ni-demoras-dictaron-conciliacion-obligatoria-en-el-conflicto-con-los-controladores-aereos\\\/#article\",\"isPartOf\":{\"@id\":\"https:\\\/\\\/cvinoticias.com\\\/v3\\\/no-habra-vuelos-cancelados-ni-demoras-dictaron-conciliacion-obligatoria-en-el-conflicto-con-los-controladores-aereos\\\/\"},\"author\":{\"name\":\"f1000024\",\"@id\":\"https:\\\/\\\/cvinoticias.com\\\/v3\\\/#\\\/schema\\\/person\\\/2db77e3c6bc03c538495d7b2b8be9b66\"},\"headline\":\"No habr\u00e1 vuelos cancelados ni demoras: Dictaron conciliaci\u00f3n obligatoria en el conflicto con los controladores a\u00e9reos\",\"datePublished\":\"2022-01-11T04:21:10+00:00\",\"dateModified\":\"2022-01-11T04:22:55+00:00\",\"mainEntityOfPage\":{\"@id\":\"https:\\\/\\\/cvinoticias.com\\\/v3\\\/no-habra-vuelos-cancelados-ni-demoras-dictaron-conciliacion-obligatoria-en-el-conflicto-con-los-controladores-aereos\\\/\"},\"wordCount\":518,\"commentCount\":0,\"publisher\":{\"@id\":\"https:\\\/\\\/cvinoticias.com\\\/v3\\\/#organization\"},\"image\":{\"@id\":\"https:\\\/\\\/cvinoticias.com\\\/v3\\\/no-habra-vuelos-cancelados-ni-demoras-dictaron-conciliacion-obligatoria-en-el-conflicto-con-los-controladores-aereos\\\/#primaryimage\"},\"thumbnailUrl\":\"https:\\\/\\\/cvinoticias.com\\\/wp-content\\\/uploads\\\/2022\\\/01\\\/Screenshot_20220111-011948_Chrome.jpg\",\"articleSection\":[\"Conectividad\"],\"inLanguage\":\"es\",\"potentialAction\":[{\"@type\":\"CommentAction\",\"name\":\"Comment\",\"target\":[\"https:\\\/\\\/cvinoticias.com\\\/v3\\\/no-habra-vuelos-cancelados-ni-demoras-dictaron-conciliacion-obligatoria-en-el-conflicto-con-los-controladores-aereos\\\/#respond\"]}]},{\"@type\":\"WebPage\",\"@id\":\"https:\\\/\\\/cvinoticias.com\\\/v3\\\/no-habra-vuelos-cancelados-ni-demoras-dictaron-conciliacion-obligatoria-en-el-conflicto-con-los-controladores-aereos\\\/\",\"url\":\"https:\\\/\\\/cvinoticias.com\\\/v3\\\/no-habra-vuelos-cancelados-ni-demoras-dictaron-conciliacion-obligatoria-en-el-conflicto-con-los-controladores-aereos\\\/\",\"name\":\"No habr\u00e1 vuelos cancelados ni demoras: Dictaron conciliaci\u00f3n obligatoria en el conflicto con los controladores a\u00e9reos | CVI NOTICIAS\",\"isPartOf\":{\"@id\":\"https:\\\/\\\/cvinoticias.com\\\/v3\\\/#website\"},\"primaryImageOfPage\":{\"@id\":\"https:\\\/\\\/cvinoticias.com\\\/v3\\\/no-habra-vuelos-cancelados-ni-demoras-dictaron-conciliacion-obligatoria-en-el-conflicto-con-los-controladores-aereos\\\/#primaryimage\"},\"image\":{\"@id\":\"https:\\\/\\\/cvinoticias.com\\\/v3\\\/no-habra-vuelos-cancelados-ni-demoras-dictaron-conciliacion-obligatoria-en-el-conflicto-con-los-controladores-aereos\\\/#primaryimage\"},\"thumbnailUrl\":\"https:\\\/\\\/cvinoticias.com\\\/wp-content\\\/uploads\\\/2022\\\/01\\\/Screenshot_20220111-011948_Chrome.jpg\",\"datePublished\":\"2022-01-11T04:21:10+00:00\",\"dateModified\":\"2022-01-11T04:22:55+00:00\",\"breadcrumb\":{\"@id\":\"https:\\\/\\\/cvinoticias.com\\\/v3\\\/no-habra-vuelos-cancelados-ni-demoras-dictaron-conciliacion-obligatoria-en-el-conflicto-con-los-controladores-aereos\\\/#breadcrumb\"},\"inLanguage\":\"es\",\"potentialAction\":[{\"@type\":\"ReadAction\",\"target\":[\"https:\\\/\\\/cvinoticias.com\\\/v3\\\/no-habra-vuelos-cancelados-ni-demoras-dictaron-conciliacion-obligatoria-en-el-conflicto-con-los-controladores-aereos\\\/\"]}]},{\"@type\":\"ImageObject\",\"inLanguage\":\"es\",\"@id\":\"https:\\\/\\\/cvinoticias.com\\\/v3\\\/no-habra-vuelos-cancelados-ni-demoras-dictaron-conciliacion-obligatoria-en-el-conflicto-con-los-controladores-aereos\\\/#primaryimage\",\"url\":\"https:\\\/\\\/cvinoticias.com\\\/wp-content\\\/uploads\\\/2022\\\/01\\\/Screenshot_20220111-011948_Chrome.jpg\",\"contentUrl\":\"https:\\\/\\\/cvinoticias.com\\\/wp-content\\\/uploads\\\/2022\\\/01\\\/Screenshot_20220111-011948_Chrome.jpg\",\"width\":946,\"height\":562},{\"@type\":\"BreadcrumbList\",\"@id\":\"https:\\\/\\\/cvinoticias.com\\\/v3\\\/no-habra-vuelos-cancelados-ni-demoras-dictaron-conciliacion-obligatoria-en-el-conflicto-con-los-controladores-aereos\\\/#breadcrumb\",\"itemListElement\":[{\"@type\":\"ListItem\",\"position\":1,\"name\":\"Portada\",\"item\":\"https:\\\/\\\/cvinoticias.com\\\/v3\\\/\"},{\"@type\":\"ListItem\",\"position\":2,\"name\":\"No habr\u00e1 vuelos cancelados ni demoras: Dictaron conciliaci\u00f3n obligatoria en el conflicto con los controladores a\u00e9reos\"}]},{\"@type\":\"WebSite\",\"@id\":\"https:\\\/\\\/cvinoticias.com\\\/v3\\\/#website\",\"url\":\"https:\\\/\\\/cvinoticias.com\\\/v3\\\/\",\"name\":\"CVI NOTICIAS\",\"description\":\"\",\"publisher\":{\"@id\":\"https:\\\/\\\/cvinoticias.com\\\/v3\\\/#organization\"},\"alternateName\":\"CVI\",\"potentialAction\":[{\"@type\":\"SearchAction\",\"target\":{\"@type\":\"EntryPoint\",\"urlTemplate\":\"https:\\\/\\\/cvinoticias.com\\\/v3\\\/?s={search_term_string}\"},\"query-input\":{\"@type\":\"PropertyValueSpecification\",\"valueRequired\":true,\"valueName\":\"search_term_string\"}}],\"inLanguage\":\"es\"},{\"@type\":\"Organization\",\"@id\":\"https:\\\/\\\/cvinoticias.com\\\/v3\\\/#organization\",\"name\":\"CVI NOTICIAS\",\"url\":\"https:\\\/\\\/cvinoticias.com\\\/v3\\\/\",\"logo\":{\"@type\":\"ImageObject\",\"inLanguage\":\"es\",\"@id\":\"https:\\\/\\\/cvinoticias.com\\\/v3\\\/#\\\/schema\\\/logo\\\/image\\\/\",\"url\":\"https:\\\/\\\/cvinoticias.com\\\/wp-content\\\/uploads\\\/2023\\\/04\\\/cropped-cropped-cropped-cropped-cropped-3-1.png\",\"contentUrl\":\"https:\\\/\\\/cvinoticias.com\\\/wp-content\\\/uploads\\\/2023\\\/04\\\/cropped-cropped-cropped-cropped-cropped-3-1.png\",\"width\":95,\"height\":122,\"caption\":\"CVI NOTICIAS\"},\"image\":{\"@id\":\"https:\\\/\\\/cvinoticias.com\\\/v3\\\/#\\\/schema\\\/logo\\\/image\\\/\"},\"sameAs\":[\"https:\\\/\\\/www.facebook.com\\\/cvinoticias\",\"https:\\\/\\\/www.instagram.com\\\/cvinoticias\\\/\",\"https:\\\/\\\/www.youtube.com\\\/@CVINOTICIAS\"]},{\"@type\":\"Person\",\"@id\":\"https:\\\/\\\/cvinoticias.com\\\/v3\\\/#\\\/schema\\\/person\\\/2db77e3c6bc03c538495d7b2b8be9b66\",\"name\":\"f1000024\",\"image\":{\"@type\":\"ImageObject\",\"inLanguage\":\"es\",\"@id\":\"https:\\\/\\\/secure.gravatar.com\\\/avatar\\\/d4fe7459cfc51ff5129ce1a732bbef5928568b8092d412ef95611616376bbeed?s=96&d=mm&r=g\",\"url\":\"https:\\\/\\\/secure.gravatar.com\\\/avatar\\\/d4fe7459cfc51ff5129ce1a732bbef5928568b8092d412ef95611616376bbeed?s=96&d=mm&r=g\",\"contentUrl\":\"https:\\\/\\\/secure.gravatar.com\\\/avatar\\\/d4fe7459cfc51ff5129ce1a732bbef5928568b8092d412ef95611616376bbeed?s=96&d=mm&r=g\",\"caption\":\"f1000024\"},\"url\":\"https:\\\/\\\/cvinoticias.com\\\/v3\\\/author\\\/f1000024\\\/\"}]}<\/script>\n<!-- \/ Yoast SEO plugin. -->","yoast_head_json":{"title":"No habr\u00e1 vuelos cancelados ni demoras: Dictaron conciliaci\u00f3n obligatoria en el conflicto con los controladores a\u00e9reos | CVI NOTICIAS","robots":{"index":"index","follow":"follow","max-snippet":"max-snippet:-1","max-image-preview":"max-image-preview:large","max-video-preview":"max-video-preview:-1"},"canonical":"https:\/\/cvinoticias.com\/v3\/no-habra-vuelos-cancelados-ni-demoras-dictaron-conciliacion-obligatoria-en-el-conflicto-con-los-controladores-aereos\/","og_locale":"es_ES","og_type":"article","og_title":"No habr\u00e1 vuelos cancelados ni demoras: Dictaron conciliaci\u00f3n obligatoria en el conflicto con los controladores a\u00e9reos | CVI NOTICIAS","og_description":"El Ministerio de Trabajo de la Naci\u00f3n dict\u00f3 este lunes la conciliaci\u00f3n obligatoria y qued\u00f3 sin efecto una medida de fuerza anunciada para este martes por los controladores a\u00e9reos enrolados en la Asociaci\u00f3n T\u00e9cnicos y Empleados de Protecci\u00f3n y Seguridad a la Aeronavegaci\u00f3n (Atepsa), en reclamo de mejores condiciones laborales. Las medidas de fuerza iban [&hellip;]","og_url":"https:\/\/cvinoticias.com\/v3\/no-habra-vuelos-cancelados-ni-demoras-dictaron-conciliacion-obligatoria-en-el-conflicto-con-los-controladores-aereos\/","og_site_name":"CVI NOTICIAS","article_publisher":"https:\/\/www.facebook.com\/cvinoticias","article_published_time":"2022-01-11T04:21:10+00:00","article_modified_time":"2022-01-11T04:22:55+00:00","og_image":[{"width":946,"height":562,"url":"https:\/\/cvinoticias.com\/wp-content\/uploads\/2022\/01\/Screenshot_20220111-011948_Chrome.jpg","type":"image\/jpeg"}],"author":"f1000024","twitter_card":"summary_large_image","twitter_misc":{"Escrito por":"f1000024","Tiempo de lectura":"3 minutos"},"schema":{"@context":"https:\/\/schema.org","@graph":[{"@type":"Article","@id":"https:\/\/cvinoticias.com\/v3\/no-habra-vuelos-cancelados-ni-demoras-dictaron-conciliacion-obligatoria-en-el-conflicto-con-los-controladores-aereos\/#article","isPartOf":{"@id":"https:\/\/cvinoticias.com\/v3\/no-habra-vuelos-cancelados-ni-demoras-dictaron-conciliacion-obligatoria-en-el-conflicto-con-los-controladores-aereos\/"},"author":{"name":"f1000024","@id":"https:\/\/cvinoticias.com\/v3\/#\/schema\/person\/2db77e3c6bc03c538495d7b2b8be9b66"},"headline":"No habr\u00e1 vuelos cancelados ni demoras: Dictaron conciliaci\u00f3n obligatoria en el conflicto con los controladores a\u00e9reos","datePublished":"2022-01-11T04:21:10+00:00","dateModified":"2022-01-11T04:22:55+00:00","mainEntityOfPage":{"@id":"https:\/\/cvinoticias.com\/v3\/no-habra-vuelos-cancelados-ni-demoras-dictaron-conciliacion-obligatoria-en-el-conflicto-con-los-controladores-aereos\/"},"wordCount":518,"commentCount":0,"publisher":{"@id":"https:\/\/cvinoticias.com\/v3\/#organization"},"image":{"@id":"https:\/\/cvinoticias.com\/v3\/no-habra-vuelos-cancelados-ni-demoras-dictaron-conciliacion-obligatoria-en-el-conflicto-con-los-controladores-aereos\/#primaryimage"},"thumbnailUrl":"https:\/\/cvinoticias.com\/wp-content\/uploads\/2022\/01\/Screenshot_20220111-011948_Chrome.jpg","articleSection":["Conectividad"],"inLanguage":"es","potentialAction":[{"@type":"CommentAction","name":"Comment","target":["https:\/\/cvinoticias.com\/v3\/no-habra-vuelos-cancelados-ni-demoras-dictaron-conciliacion-obligatoria-en-el-conflicto-con-los-controladores-aereos\/#respond"]}]},{"@type":"WebPage","@id":"https:\/\/cvinoticias.com\/v3\/no-habra-vuelos-cancelados-ni-demoras-dictaron-conciliacion-obligatoria-en-el-conflicto-con-los-controladores-aereos\/","url":"https:\/\/cvinoticias.com\/v3\/no-habra-vuelos-cancelados-ni-demoras-dictaron-conciliacion-obligatoria-en-el-conflicto-con-los-controladores-aereos\/","name":"No habr\u00e1 vuelos cancelados ni demoras: Dictaron conciliaci\u00f3n obligatoria en el conflicto con los controladores a\u00e9reos | CVI NOTICIAS","isPartOf":{"@id":"https:\/\/cvinoticias.com\/v3\/#website"},"primaryImageOfPage":{"@id":"https:\/\/cvinoticias.com\/v3\/no-habra-vuelos-cancelados-ni-demoras-dictaron-conciliacion-obligatoria-en-el-conflicto-con-los-controladores-aereos\/#primaryimage"},"image":{"@id":"https:\/\/cvinoticias.com\/v3\/no-habra-vuelos-cancelados-ni-demoras-dictaron-conciliacion-obligatoria-en-el-conflicto-con-los-controladores-aereos\/#primaryimage"},"thumbnailUrl":"https:\/\/cvinoticias.com\/wp-content\/uploads\/2022\/01\/Screenshot_20220111-011948_Chrome.jpg","datePublished":"2022-01-11T04:21:10+00:00","dateModified":"2022-01-11T04:22:55+00:00","breadcrumb":{"@id":"https:\/\/cvinoticias.com\/v3\/no-habra-vuelos-cancelados-ni-demoras-dictaron-conciliacion-obligatoria-en-el-conflicto-con-los-controladores-aereos\/#breadcrumb"},"inLanguage":"es","potentialAction":[{"@type":"ReadAction","target":["https:\/\/cvinoticias.com\/v3\/no-habra-vuelos-cancelados-ni-demoras-dictaron-conciliacion-obligatoria-en-el-conflicto-con-los-controladores-aereos\/"]}]},{"@type":"ImageObject","inLanguage":"es","@id":"https:\/\/cvinoticias.com\/v3\/no-habra-vuelos-cancelados-ni-demoras-dictaron-conciliacion-obligatoria-en-el-conflicto-con-los-controladores-aereos\/#primaryimage","url":"https:\/\/cvinoticias.com\/wp-content\/uploads\/2022\/01\/Screenshot_20220111-011948_Chrome.jpg","contentUrl":"https:\/\/cvinoticias.com\/wp-content\/uploads\/2022\/01\/Screenshot_20220111-011948_Chrome.jpg","width":946,"height":562},{"@type":"BreadcrumbList","@id":"https:\/\/cvinoticias.com\/v3\/no-habra-vuelos-cancelados-ni-demoras-dictaron-conciliacion-obligatoria-en-el-conflicto-con-los-controladores-aereos\/#breadcrumb","itemListElement":[{"@type":"ListItem","position":1,"name":"Portada","item":"https:\/\/cvinoticias.com\/v3\/"},{"@type":"ListItem","position":2,"name":"No habr\u00e1 vuelos cancelados ni demoras: Dictaron conciliaci\u00f3n obligatoria en el conflicto con los controladores a\u00e9reos"}]},{"@type":"WebSite","@id":"https:\/\/cvinoticias.com\/v3\/#website","url":"https:\/\/cvinoticias.com\/v3\/","name":"CVI NOTICIAS","description":"","publisher":{"@id":"https:\/\/cvinoticias.com\/v3\/#organization"},"alternateName":"CVI","potentialAction":[{"@type":"SearchAction","target":{"@type":"EntryPoint","urlTemplate":"https:\/\/cvinoticias.com\/v3\/?s={search_term_string}"},"query-input":{"@type":"PropertyValueSpecification","valueRequired":true,"valueName":"search_term_string"}}],"inLanguage":"es"},{"@type":"Organization","@id":"https:\/\/cvinoticias.com\/v3\/#organization","name":"CVI NOTICIAS","url":"https:\/\/cvinoticias.com\/v3\/","logo":{"@type":"ImageObject","inLanguage":"es","@id":"https:\/\/cvinoticias.com\/v3\/#\/schema\/logo\/image\/","url":"https:\/\/cvinoticias.com\/wp-content\/uploads\/2023\/04\/cropped-cropped-cropped-cropped-cropped-3-1.png","contentUrl":"https:\/\/cvinoticias.com\/wp-content\/uploads\/2023\/04\/cropped-cropped-cropped-cropped-cropped-3-1.png","width":95,"height":122,"caption":"CVI NOTICIAS"},"image":{"@id":"https:\/\/cvinoticias.com\/v3\/#\/schema\/logo\/image\/"},"sameAs":["https:\/\/www.facebook.com\/cvinoticias","https:\/\/www.instagram.com\/cvinoticias\/","https:\/\/www.youtube.com\/@CVINOTICIAS"]},{"@type":"Person","@id":"https:\/\/cvinoticias.com\/v3\/#\/schema\/person\/2db77e3c6bc03c538495d7b2b8be9b66","name":"f1000024","image":{"@type":"ImageObject","inLanguage":"es","@id":"https:\/\/secure.gravatar.com\/avatar\/d4fe7459cfc51ff5129ce1a732bbef5928568b8092d412ef95611616376bbeed?s=96&d=mm&r=g","url":"https:\/\/secure.gravatar.com\/avatar\/d4fe7459cfc51ff5129ce1a732bbef5928568b8092d412ef95611616376bbeed?s=96&d=mm&r=g","contentUrl":"https:\/\/secure.gravatar.com\/avatar\/d4fe7459cfc51ff5129ce1a732bbef5928568b8092d412ef95611616376bbeed?s=96&d=mm&r=g","caption":"f1000024"},"url":"https:\/\/cvinoticias.com\/v3\/author\/f1000024\/"}]}},"_links":{"self":[{"href":"https:\/\/cvinoticias.com\/v3\/wp-json\/wp\/v2\/posts\/12197","targetHints":{"allow":["GET"]}}],"collection":[{"href":"https:\/\/cvinoticias.com\/v3\/wp-json\/wp\/v2\/posts"}],"about":[{"href":"https:\/\/cvinoticias.com\/v3\/wp-json\/wp\/v2\/types\/post"}],"author":[{"embeddable":true,"href":"https:\/\/cvinoticias.com\/v3\/wp-json\/wp\/v2\/users\/2"}],"replies":[{"embeddable":true,"href":"https:\/\/cvinoticias.com\/v3\/wp-json\/wp\/v2\/comments?post=12197"}],"version-history":[{"count":2,"href":"https:\/\/cvinoticias.com\/v3\/wp-json\/wp\/v2\/posts\/12197\/revisions"}],"predecessor-version":[{"id":12200,"href":"https:\/\/cvinoticias.com\/v3\/wp-json\/wp\/v2\/posts\/12197\/revisions\/12200"}],"wp:featuredmedia":[{"embeddable":true,"href":"https:\/\/cvinoticias.com\/v3\/wp-json\/wp\/v2\/media\/12198"}],"wp:attachment":[{"href":"https:\/\/cvinoticias.com\/v3\/wp-json\/wp\/v2\/media?parent=12197"}],"wp:term":[{"taxonomy":"category","embeddable":true,"href":"https:\/\/cvinoticias.com\/v3\/wp-json\/wp\/v2\/categories?post=12197"},{"taxonomy":"post_tag","embeddable":true,"href":"https:\/\/cvinoticias.com\/v3\/wp-json\/wp\/v2\/tags?post=12197"}],"curies":[{"name":"wp","href":"https:\/\/api.w.org\/{rel}","templated":true}]}}