{"id":12189,"date":"2022-01-10T23:57:27","date_gmt":"2022-01-10T23:57:27","guid":{"rendered":"https:\/\/cvinoticias.com\/v3\/?p=12189"},"modified":"2022-01-10T23:57:27","modified_gmt":"2022-01-10T23:57:27","slug":"posadas-se-consolida-como-el-destino-mas-elegido-de-la-region","status":"publish","type":"post","link":"https:\/\/cvinoticias.com\/v3\/posadas-se-consolida-como-el-destino-mas-elegido-de-la-region\/","title":{"rendered":"Posadas se consolida como el destino m\u00e1s elegido de la regi\u00f3n"},"content":{"rendered":"\n<p><strong><em>La capital misionera no solo es el lugar en el que deciden pasar el verano los habitantes de la tierra colorada, tambi\u00e9n se ha detectado una afluencia de turistas de otras provincias y de los pa\u00edses vecinos. El contraste con Encarnaci\u00f3n, que acaba de suspender la realizaci\u00f3n del carnaval, es elocuente.<\/em><\/strong><\/p>\n\n\n\n<p>La temporada tur\u00edstica en Misiones es hist\u00f3rica. Hay m\u00e1s visitantes que en 2021, que hab\u00eda sido el mejor a\u00f1o de las \u00faltimas d\u00e9cadas. Los argentinos est\u00e1n eligiendo Misiones, pero el dato a subrayar es que los propios habitantes de la tierra colorada eligen masivamente su provincia para vacacionar. Las playas de El Brete y Costa Sur han reemplazado a las de Brasil para muchos misioneros.<\/p>\n\n\n\n<p>Con esos balnearios como las grandes vedettes de la temporada, Posadas se sigue mostrando al pa\u00eds -y la regi\u00f3n- como un lugar \u00fanico para disfrutar en familia o con amigos de sus grandes atractivos naturales y urbanos.<\/p>\n\n\n\n<p>Gracias al estado de sus playas y el acondicionamiento de los diferentes espacios recreativos de la ciudad, que garantizan el acceso a los mismos de manera cuidada, la capital misionera se destaca en la regi\u00f3n. Cultura, arte, deporte, gastronom\u00eda, m\u00fasica y playa, forman parte de la oferta de Posadas \u201cla entrada al Portal de la Selva\u201d.<\/p>\n\n\n\n<figure class=\"wp-block-image size-large\"><a href=\"https:\/\/cvinoticias.com\/wp-content\/uploads\/2022\/01\/IMG-20220110-WA0103.jpg\"><img decoding=\"async\" width=\"1024\" height=\"576\" data-src=\"https:\/\/cvinoticias.com\/wp-content\/uploads\/2022\/01\/IMG-20220110-WA0103-1024x576.jpg\" alt=\"\" class=\"wp-image-12193 lazyload\" data-srcset=\"https:\/\/cvinoticias.com\/wp-content\/uploads\/2022\/01\/IMG-20220110-WA0103-1024x576.jpg 1024w, https:\/\/cvinoticias.com\/wp-content\/uploads\/2022\/01\/IMG-20220110-WA0103-300x169.jpg 300w, https:\/\/cvinoticias.com\/wp-content\/uploads\/2022\/01\/IMG-20220110-WA0103-768x432.jpg 768w, https:\/\/cvinoticias.com\/wp-content\/uploads\/2022\/01\/IMG-20220110-WA0103-1536x864.jpg 1536w, https:\/\/cvinoticias.com\/wp-content\/uploads\/2022\/01\/IMG-20220110-WA0103.jpg 1600w\" data-sizes=\"(max-width: 1024px) 100vw, 1024px\" src=\"data:image\/svg+xml;base64,PHN2ZyB3aWR0aD0iMSIgaGVpZ2h0PSIxIiB4bWxucz0iaHR0cDovL3d3dy53My5vcmcvMjAwMC9zdmciPjwvc3ZnPg==\" style=\"--smush-placeholder-width: 1024px; --smush-placeholder-aspect-ratio: 1024\/576;\" \/><\/a><\/figure>\n\n\n\n<p>Todos los d\u00edas hay actividades recreativas, deportivas y espect\u00e1culos culturales para disfrutar adem\u00e1s de la oferta gastron\u00f3mica, los amplios espacios de estacionamiento y el cuidado del personal de la Municipalidad en aspectos como guardavidas, limpieza, embellecimiento, orden y permanente atenci\u00f3n a cualquier necesidad.<\/p>\n\n\n\n<p>As\u00ed como los misioneros est\u00e1n redescubriendo Posadas, se produce un hecho llamativo: quienes optaban regularmente por Ituzaing\u00f3, Brasil o Encarnaci\u00f3n, han elegido a la capital de Misiones como opci\u00f3n veraniega, lo que genera una sinergia econ\u00f3mica muy fuerte en el plano laboral, de emprendimientos y en cuanto a la generaci\u00f3n de riqueza.<\/p>\n\n\n\n<p><\/p>\n\n\n\n<figure class=\"wp-block-image size-large\"><a href=\"https:\/\/cvinoticias.com\/wp-content\/uploads\/2022\/01\/IMG-20220110-WA0105.jpg\"><img decoding=\"async\" width=\"1024\" height=\"576\" data-src=\"https:\/\/cvinoticias.com\/wp-content\/uploads\/2022\/01\/IMG-20220110-WA0105-1024x576.jpg\" alt=\"\" class=\"wp-image-12192 lazyload\" data-srcset=\"https:\/\/cvinoticias.com\/wp-content\/uploads\/2022\/01\/IMG-20220110-WA0105-1024x576.jpg 1024w, https:\/\/cvinoticias.com\/wp-content\/uploads\/2022\/01\/IMG-20220110-WA0105-300x169.jpg 300w, https:\/\/cvinoticias.com\/wp-content\/uploads\/2022\/01\/IMG-20220110-WA0105-768x432.jpg 768w, https:\/\/cvinoticias.com\/wp-content\/uploads\/2022\/01\/IMG-20220110-WA0105-1536x864.jpg 1536w, https:\/\/cvinoticias.com\/wp-content\/uploads\/2022\/01\/IMG-20220110-WA0105.jpg 1600w\" data-sizes=\"(max-width: 1024px) 100vw, 1024px\" src=\"data:image\/svg+xml;base64,PHN2ZyB3aWR0aD0iMSIgaGVpZ2h0PSIxIiB4bWxucz0iaHR0cDovL3d3dy53My5vcmcvMjAwMC9zdmciPjwvc3ZnPg==\" style=\"--smush-placeholder-width: 1024px; --smush-placeholder-aspect-ratio: 1024\/576;\" \/><\/a><\/figure>\n\n\n\n<p><strong>Cancelado<\/strong><\/p>\n\n\n\n<p>Por otro lado, la ciudad vecina de Encarnaci\u00f3n acaba de anunciar que suspende sus carnavales debido a la situaci\u00f3n epidemiol\u00f3gica.<\/p>\n\n\n\n<p>La variante \u00f3micron, mucho m\u00e1s contagiosa que sus predecesoras, ha elevado los casos en todo el mundo, pero la reacci\u00f3n posade\u00f1a ha sido diametralmente opuesta a la de sus vecinos encarnacenos: se ampliaron los centros de vacunaci\u00f3n -se est\u00e1 vacunan en plazas p\u00fablicas-, se sumaron m\u00e9dicos al sistema de salud. Lo cual permite mantener una situaci\u00f3n epidemiol\u00f3gica estable para la realizaci\u00f3n de eventos en las playas y costanera, as\u00ed como asegurar una intensa actividad nocturna, con un circuito gastron\u00f3mico que contin\u00faa sumando nuevos bares y restaurantes.<\/p>\n\n\n\n<p>El dato de la actividad econ\u00f3mica es fundamental y sirve para evaluar los da\u00f1os que trae aparejado un freno total. Mientras Posadas funciona de manera normal, la suspensi\u00f3n de los carnavales encarnacenos -que insumen un mill\u00f3n de d\u00f3lares para su puesta a punto- tiene como consecuencia la p\u00e9rdida de 10 millones de d\u00f3lares para la ciudad y un par de miles de puestos de trabajo directos e indirectos.<\/p>\n\n\n\n<figure class=\"wp-block-image size-full\"><a href=\"https:\/\/cvinoticias.com\/wp-content\/uploads\/2022\/01\/IMG-20220110-WA0107.jpg\"><img decoding=\"async\" width=\"1024\" height=\"684\" data-src=\"https:\/\/cvinoticias.com\/wp-content\/uploads\/2022\/01\/IMG-20220110-WA0107.jpg\" alt=\"\" class=\"wp-image-12190 lazyload\" data-srcset=\"https:\/\/cvinoticias.com\/wp-content\/uploads\/2022\/01\/IMG-20220110-WA0107.jpg 1024w, https:\/\/cvinoticias.com\/wp-content\/uploads\/2022\/01\/IMG-20220110-WA0107-300x200.jpg 300w, https:\/\/cvinoticias.com\/wp-content\/uploads\/2022\/01\/IMG-20220110-WA0107-768x513.jpg 768w\" data-sizes=\"(max-width: 1024px) 100vw, 1024px\" src=\"data:image\/svg+xml;base64,PHN2ZyB3aWR0aD0iMSIgaGVpZ2h0PSIxIiB4bWxucz0iaHR0cDovL3d3dy53My5vcmcvMjAwMC9zdmciPjwvc3ZnPg==\" style=\"--smush-placeholder-width: 1024px; --smush-placeholder-aspect-ratio: 1024\/684;\" \/><\/a><\/figure>\n","protected":false},"excerpt":{"rendered":"<p>La capital misionera no solo es el lugar en el que deciden pasar el verano los habitantes de la tierra colorada, tambi\u00e9n se ha detectado una afluencia de turistas de otras provincias y de los pa\u00edses vecinos. El contraste con Encarnaci\u00f3n, que acaba de suspender la realizaci\u00f3n del carnaval, es elocuente. La temporada tur\u00edstica en [&hellip;]<\/p>\n","protected":false},"author":2,"featured_media":12191,"comment_status":"open","ping_status":"open","sticky":false,"template":"","format":"standard","meta":{"footnotes":""},"categories":[43,50],"tags":[],"class_list":["post-12189","post","type-post","status-publish","format-standard","has-post-thumbnail","hentry","category-provinciales","category-turismo"],"yoast_head":"<!-- This site is optimized with the Yoast SEO plugin v27.4 - https:\/\/yoast.com\/product\/yoast-seo-wordpress\/ -->\n<title>Posadas se consolida como el destino m\u00e1s elegido de la regi\u00f3n | CVI NOTICIAS<\/title>\n<meta name=\"robots\" content=\"index, follow, max-snippet:-1, max-image-preview:large, max-video-preview:-1\" \/>\n<link rel=\"canonical\" href=\"https:\/\/cvinoticias.com\/v3\/posadas-se-consolida-como-el-destino-mas-elegido-de-la-region\/\" \/>\n<meta property=\"og:locale\" content=\"es_ES\" \/>\n<meta property=\"og:type\" content=\"article\" \/>\n<meta property=\"og:title\" content=\"Posadas se consolida como el destino m\u00e1s elegido de la regi\u00f3n | CVI NOTICIAS\" \/>\n<meta property=\"og:description\" content=\"La capital misionera no solo es el lugar en el que deciden pasar el verano los habitantes de la tierra colorada, tambi\u00e9n se ha detectado una afluencia de turistas de otras provincias y de los pa\u00edses vecinos. El contraste con Encarnaci\u00f3n, que acaba de suspender la realizaci\u00f3n del carnaval, es elocuente. La temporada tur\u00edstica en [&hellip;]\" \/>\n<meta property=\"og:url\" content=\"https:\/\/cvinoticias.com\/v3\/posadas-se-consolida-como-el-destino-mas-elegido-de-la-region\/\" \/>\n<meta property=\"og:site_name\" content=\"CVI NOTICIAS\" \/>\n<meta property=\"article:publisher\" content=\"https:\/\/www.facebook.com\/cvinoticias\" \/>\n<meta property=\"article:published_time\" content=\"2022-01-10T23:57:27+00:00\" \/>\n<meta property=\"og:image\" content=\"https:\/\/cvinoticias.com\/wp-content\/uploads\/2022\/01\/IMG-20220110-WA0102.jpg\" \/>\n\t<meta property=\"og:image:width\" content=\"1024\" \/>\n\t<meta property=\"og:image:height\" content=\"684\" \/>\n\t<meta property=\"og:image:type\" content=\"image\/jpeg\" \/>\n<meta name=\"author\" content=\"f1000024\" \/>\n<meta name=\"twitter:card\" content=\"summary_large_image\" \/>\n<meta name=\"twitter:label1\" content=\"Escrito por\" \/>\n\t<meta name=\"twitter:data1\" content=\"f1000024\" \/>\n\t<meta name=\"twitter:label2\" content=\"Tiempo de lectura\" \/>\n\t<meta name=\"twitter:data2\" content=\"3 minutos\" \/>\n<script type=\"application\/ld+json\" class=\"yoast-schema-graph\">{\"@context\":\"https:\\\/\\\/schema.org\",\"@graph\":[{\"@type\":\"Article\",\"@id\":\"https:\\\/\\\/cvinoticias.com\\\/v3\\\/posadas-se-consolida-como-el-destino-mas-elegido-de-la-region\\\/#article\",\"isPartOf\":{\"@id\":\"https:\\\/\\\/cvinoticias.com\\\/v3\\\/posadas-se-consolida-como-el-destino-mas-elegido-de-la-region\\\/\"},\"author\":{\"name\":\"f1000024\",\"@id\":\"https:\\\/\\\/cvinoticias.com\\\/v3\\\/#\\\/schema\\\/person\\\/2db77e3c6bc03c538495d7b2b8be9b66\"},\"headline\":\"Posadas se consolida como el destino m\u00e1s elegido de la regi\u00f3n\",\"datePublished\":\"2022-01-10T23:57:27+00:00\",\"mainEntityOfPage\":{\"@id\":\"https:\\\/\\\/cvinoticias.com\\\/v3\\\/posadas-se-consolida-como-el-destino-mas-elegido-de-la-region\\\/\"},\"wordCount\":537,\"commentCount\":0,\"publisher\":{\"@id\":\"https:\\\/\\\/cvinoticias.com\\\/v3\\\/#organization\"},\"image\":{\"@id\":\"https:\\\/\\\/cvinoticias.com\\\/v3\\\/posadas-se-consolida-como-el-destino-mas-elegido-de-la-region\\\/#primaryimage\"},\"thumbnailUrl\":\"https:\\\/\\\/cvinoticias.com\\\/wp-content\\\/uploads\\\/2022\\\/01\\\/IMG-20220110-WA0102.jpg\",\"articleSection\":[\"Provinciales\",\"Turismo\"],\"inLanguage\":\"es\",\"potentialAction\":[{\"@type\":\"CommentAction\",\"name\":\"Comment\",\"target\":[\"https:\\\/\\\/cvinoticias.com\\\/v3\\\/posadas-se-consolida-como-el-destino-mas-elegido-de-la-region\\\/#respond\"]}]},{\"@type\":\"WebPage\",\"@id\":\"https:\\\/\\\/cvinoticias.com\\\/v3\\\/posadas-se-consolida-como-el-destino-mas-elegido-de-la-region\\\/\",\"url\":\"https:\\\/\\\/cvinoticias.com\\\/v3\\\/posadas-se-consolida-como-el-destino-mas-elegido-de-la-region\\\/\",\"name\":\"Posadas se consolida como el destino m\u00e1s elegido de la regi\u00f3n | CVI NOTICIAS\",\"isPartOf\":{\"@id\":\"https:\\\/\\\/cvinoticias.com\\\/v3\\\/#website\"},\"primaryImageOfPage\":{\"@id\":\"https:\\\/\\\/cvinoticias.com\\\/v3\\\/posadas-se-consolida-como-el-destino-mas-elegido-de-la-region\\\/#primaryimage\"},\"image\":{\"@id\":\"https:\\\/\\\/cvinoticias.com\\\/v3\\\/posadas-se-consolida-como-el-destino-mas-elegido-de-la-region\\\/#primaryimage\"},\"thumbnailUrl\":\"https:\\\/\\\/cvinoticias.com\\\/wp-content\\\/uploads\\\/2022\\\/01\\\/IMG-20220110-WA0102.jpg\",\"datePublished\":\"2022-01-10T23:57:27+00:00\",\"breadcrumb\":{\"@id\":\"https:\\\/\\\/cvinoticias.com\\\/v3\\\/posadas-se-consolida-como-el-destino-mas-elegido-de-la-region\\\/#breadcrumb\"},\"inLanguage\":\"es\",\"potentialAction\":[{\"@type\":\"ReadAction\",\"target\":[\"https:\\\/\\\/cvinoticias.com\\\/v3\\\/posadas-se-consolida-como-el-destino-mas-elegido-de-la-region\\\/\"]}]},{\"@type\":\"ImageObject\",\"inLanguage\":\"es\",\"@id\":\"https:\\\/\\\/cvinoticias.com\\\/v3\\\/posadas-se-consolida-como-el-destino-mas-elegido-de-la-region\\\/#primaryimage\",\"url\":\"https:\\\/\\\/cvinoticias.com\\\/wp-content\\\/uploads\\\/2022\\\/01\\\/IMG-20220110-WA0102.jpg\",\"contentUrl\":\"https:\\\/\\\/cvinoticias.com\\\/wp-content\\\/uploads\\\/2022\\\/01\\\/IMG-20220110-WA0102.jpg\",\"width\":1024,\"height\":684},{\"@type\":\"BreadcrumbList\",\"@id\":\"https:\\\/\\\/cvinoticias.com\\\/v3\\\/posadas-se-consolida-como-el-destino-mas-elegido-de-la-region\\\/#breadcrumb\",\"itemListElement\":[{\"@type\":\"ListItem\",\"position\":1,\"name\":\"Portada\",\"item\":\"https:\\\/\\\/cvinoticias.com\\\/v3\\\/\"},{\"@type\":\"ListItem\",\"position\":2,\"name\":\"Posadas se consolida como el destino m\u00e1s elegido de la regi\u00f3n\"}]},{\"@type\":\"WebSite\",\"@id\":\"https:\\\/\\\/cvinoticias.com\\\/v3\\\/#website\",\"url\":\"https:\\\/\\\/cvinoticias.com\\\/v3\\\/\",\"name\":\"CVI NOTICIAS\",\"description\":\"\",\"publisher\":{\"@id\":\"https:\\\/\\\/cvinoticias.com\\\/v3\\\/#organization\"},\"alternateName\":\"CVI\",\"potentialAction\":[{\"@type\":\"SearchAction\",\"target\":{\"@type\":\"EntryPoint\",\"urlTemplate\":\"https:\\\/\\\/cvinoticias.com\\\/v3\\\/?s={search_term_string}\"},\"query-input\":{\"@type\":\"PropertyValueSpecification\",\"valueRequired\":true,\"valueName\":\"search_term_string\"}}],\"inLanguage\":\"es\"},{\"@type\":\"Organization\",\"@id\":\"https:\\\/\\\/cvinoticias.com\\\/v3\\\/#organization\",\"name\":\"CVI NOTICIAS\",\"url\":\"https:\\\/\\\/cvinoticias.com\\\/v3\\\/\",\"logo\":{\"@type\":\"ImageObject\",\"inLanguage\":\"es\",\"@id\":\"https:\\\/\\\/cvinoticias.com\\\/v3\\\/#\\\/schema\\\/logo\\\/image\\\/\",\"url\":\"https:\\\/\\\/cvinoticias.com\\\/wp-content\\\/uploads\\\/2023\\\/04\\\/cropped-cropped-cropped-cropped-cropped-3-1.png\",\"contentUrl\":\"https:\\\/\\\/cvinoticias.com\\\/wp-content\\\/uploads\\\/2023\\\/04\\\/cropped-cropped-cropped-cropped-cropped-3-1.png\",\"width\":95,\"height\":122,\"caption\":\"CVI NOTICIAS\"},\"image\":{\"@id\":\"https:\\\/\\\/cvinoticias.com\\\/v3\\\/#\\\/schema\\\/logo\\\/image\\\/\"},\"sameAs\":[\"https:\\\/\\\/www.facebook.com\\\/cvinoticias\",\"https:\\\/\\\/www.instagram.com\\\/cvinoticias\\\/\",\"https:\\\/\\\/www.youtube.com\\\/@CVINOTICIAS\"]},{\"@type\":\"Person\",\"@id\":\"https:\\\/\\\/cvinoticias.com\\\/v3\\\/#\\\/schema\\\/person\\\/2db77e3c6bc03c538495d7b2b8be9b66\",\"name\":\"f1000024\",\"image\":{\"@type\":\"ImageObject\",\"inLanguage\":\"es\",\"@id\":\"https:\\\/\\\/secure.gravatar.com\\\/avatar\\\/d4fe7459cfc51ff5129ce1a732bbef5928568b8092d412ef95611616376bbeed?s=96&d=mm&r=g\",\"url\":\"https:\\\/\\\/secure.gravatar.com\\\/avatar\\\/d4fe7459cfc51ff5129ce1a732bbef5928568b8092d412ef95611616376bbeed?s=96&d=mm&r=g\",\"contentUrl\":\"https:\\\/\\\/secure.gravatar.com\\\/avatar\\\/d4fe7459cfc51ff5129ce1a732bbef5928568b8092d412ef95611616376bbeed?s=96&d=mm&r=g\",\"caption\":\"f1000024\"},\"url\":\"https:\\\/\\\/cvinoticias.com\\\/v3\\\/author\\\/f1000024\\\/\"}]}<\/script>\n<!-- \/ Yoast SEO plugin. -->","yoast_head_json":{"title":"Posadas se consolida como el destino m\u00e1s elegido de la regi\u00f3n | CVI NOTICIAS","robots":{"index":"index","follow":"follow","max-snippet":"max-snippet:-1","max-image-preview":"max-image-preview:large","max-video-preview":"max-video-preview:-1"},"canonical":"https:\/\/cvinoticias.com\/v3\/posadas-se-consolida-como-el-destino-mas-elegido-de-la-region\/","og_locale":"es_ES","og_type":"article","og_title":"Posadas se consolida como el destino m\u00e1s elegido de la regi\u00f3n | CVI NOTICIAS","og_description":"La capital misionera no solo es el lugar en el que deciden pasar el verano los habitantes de la tierra colorada, tambi\u00e9n se ha detectado una afluencia de turistas de otras provincias y de los pa\u00edses vecinos. El contraste con Encarnaci\u00f3n, que acaba de suspender la realizaci\u00f3n del carnaval, es elocuente. La temporada tur\u00edstica en [&hellip;]","og_url":"https:\/\/cvinoticias.com\/v3\/posadas-se-consolida-como-el-destino-mas-elegido-de-la-region\/","og_site_name":"CVI NOTICIAS","article_publisher":"https:\/\/www.facebook.com\/cvinoticias","article_published_time":"2022-01-10T23:57:27+00:00","og_image":[{"width":1024,"height":684,"url":"https:\/\/cvinoticias.com\/wp-content\/uploads\/2022\/01\/IMG-20220110-WA0102.jpg","type":"image\/jpeg"}],"author":"f1000024","twitter_card":"summary_large_image","twitter_misc":{"Escrito por":"f1000024","Tiempo de lectura":"3 minutos"},"schema":{"@context":"https:\/\/schema.org","@graph":[{"@type":"Article","@id":"https:\/\/cvinoticias.com\/v3\/posadas-se-consolida-como-el-destino-mas-elegido-de-la-region\/#article","isPartOf":{"@id":"https:\/\/cvinoticias.com\/v3\/posadas-se-consolida-como-el-destino-mas-elegido-de-la-region\/"},"author":{"name":"f1000024","@id":"https:\/\/cvinoticias.com\/v3\/#\/schema\/person\/2db77e3c6bc03c538495d7b2b8be9b66"},"headline":"Posadas se consolida como el destino m\u00e1s elegido de la regi\u00f3n","datePublished":"2022-01-10T23:57:27+00:00","mainEntityOfPage":{"@id":"https:\/\/cvinoticias.com\/v3\/posadas-se-consolida-como-el-destino-mas-elegido-de-la-region\/"},"wordCount":537,"commentCount":0,"publisher":{"@id":"https:\/\/cvinoticias.com\/v3\/#organization"},"image":{"@id":"https:\/\/cvinoticias.com\/v3\/posadas-se-consolida-como-el-destino-mas-elegido-de-la-region\/#primaryimage"},"thumbnailUrl":"https:\/\/cvinoticias.com\/wp-content\/uploads\/2022\/01\/IMG-20220110-WA0102.jpg","articleSection":["Provinciales","Turismo"],"inLanguage":"es","potentialAction":[{"@type":"CommentAction","name":"Comment","target":["https:\/\/cvinoticias.com\/v3\/posadas-se-consolida-como-el-destino-mas-elegido-de-la-region\/#respond"]}]},{"@type":"WebPage","@id":"https:\/\/cvinoticias.com\/v3\/posadas-se-consolida-como-el-destino-mas-elegido-de-la-region\/","url":"https:\/\/cvinoticias.com\/v3\/posadas-se-consolida-como-el-destino-mas-elegido-de-la-region\/","name":"Posadas se consolida como el destino m\u00e1s elegido de la regi\u00f3n | CVI NOTICIAS","isPartOf":{"@id":"https:\/\/cvinoticias.com\/v3\/#website"},"primaryImageOfPage":{"@id":"https:\/\/cvinoticias.com\/v3\/posadas-se-consolida-como-el-destino-mas-elegido-de-la-region\/#primaryimage"},"image":{"@id":"https:\/\/cvinoticias.com\/v3\/posadas-se-consolida-como-el-destino-mas-elegido-de-la-region\/#primaryimage"},"thumbnailUrl":"https:\/\/cvinoticias.com\/wp-content\/uploads\/2022\/01\/IMG-20220110-WA0102.jpg","datePublished":"2022-01-10T23:57:27+00:00","breadcrumb":{"@id":"https:\/\/cvinoticias.com\/v3\/posadas-se-consolida-como-el-destino-mas-elegido-de-la-region\/#breadcrumb"},"inLanguage":"es","potentialAction":[{"@type":"ReadAction","target":["https:\/\/cvinoticias.com\/v3\/posadas-se-consolida-como-el-destino-mas-elegido-de-la-region\/"]}]},{"@type":"ImageObject","inLanguage":"es","@id":"https:\/\/cvinoticias.com\/v3\/posadas-se-consolida-como-el-destino-mas-elegido-de-la-region\/#primaryimage","url":"https:\/\/cvinoticias.com\/wp-content\/uploads\/2022\/01\/IMG-20220110-WA0102.jpg","contentUrl":"https:\/\/cvinoticias.com\/wp-content\/uploads\/2022\/01\/IMG-20220110-WA0102.jpg","width":1024,"height":684},{"@type":"BreadcrumbList","@id":"https:\/\/cvinoticias.com\/v3\/posadas-se-consolida-como-el-destino-mas-elegido-de-la-region\/#breadcrumb","itemListElement":[{"@type":"ListItem","position":1,"name":"Portada","item":"https:\/\/cvinoticias.com\/v3\/"},{"@type":"ListItem","position":2,"name":"Posadas se consolida como el destino m\u00e1s elegido de la regi\u00f3n"}]},{"@type":"WebSite","@id":"https:\/\/cvinoticias.com\/v3\/#website","url":"https:\/\/cvinoticias.com\/v3\/","name":"CVI NOTICIAS","description":"","publisher":{"@id":"https:\/\/cvinoticias.com\/v3\/#organization"},"alternateName":"CVI","potentialAction":[{"@type":"SearchAction","target":{"@type":"EntryPoint","urlTemplate":"https:\/\/cvinoticias.com\/v3\/?s={search_term_string}"},"query-input":{"@type":"PropertyValueSpecification","valueRequired":true,"valueName":"search_term_string"}}],"inLanguage":"es"},{"@type":"Organization","@id":"https:\/\/cvinoticias.com\/v3\/#organization","name":"CVI NOTICIAS","url":"https:\/\/cvinoticias.com\/v3\/","logo":{"@type":"ImageObject","inLanguage":"es","@id":"https:\/\/cvinoticias.com\/v3\/#\/schema\/logo\/image\/","url":"https:\/\/cvinoticias.com\/wp-content\/uploads\/2023\/04\/cropped-cropped-cropped-cropped-cropped-3-1.png","contentUrl":"https:\/\/cvinoticias.com\/wp-content\/uploads\/2023\/04\/cropped-cropped-cropped-cropped-cropped-3-1.png","width":95,"height":122,"caption":"CVI NOTICIAS"},"image":{"@id":"https:\/\/cvinoticias.com\/v3\/#\/schema\/logo\/image\/"},"sameAs":["https:\/\/www.facebook.com\/cvinoticias","https:\/\/www.instagram.com\/cvinoticias\/","https:\/\/www.youtube.com\/@CVINOTICIAS"]},{"@type":"Person","@id":"https:\/\/cvinoticias.com\/v3\/#\/schema\/person\/2db77e3c6bc03c538495d7b2b8be9b66","name":"f1000024","image":{"@type":"ImageObject","inLanguage":"es","@id":"https:\/\/secure.gravatar.com\/avatar\/d4fe7459cfc51ff5129ce1a732bbef5928568b8092d412ef95611616376bbeed?s=96&d=mm&r=g","url":"https:\/\/secure.gravatar.com\/avatar\/d4fe7459cfc51ff5129ce1a732bbef5928568b8092d412ef95611616376bbeed?s=96&d=mm&r=g","contentUrl":"https:\/\/secure.gravatar.com\/avatar\/d4fe7459cfc51ff5129ce1a732bbef5928568b8092d412ef95611616376bbeed?s=96&d=mm&r=g","caption":"f1000024"},"url":"https:\/\/cvinoticias.com\/v3\/author\/f1000024\/"}]}},"_links":{"self":[{"href":"https:\/\/cvinoticias.com\/v3\/wp-json\/wp\/v2\/posts\/12189","targetHints":{"allow":["GET"]}}],"collection":[{"href":"https:\/\/cvinoticias.com\/v3\/wp-json\/wp\/v2\/posts"}],"about":[{"href":"https:\/\/cvinoticias.com\/v3\/wp-json\/wp\/v2\/types\/post"}],"author":[{"embeddable":true,"href":"https:\/\/cvinoticias.com\/v3\/wp-json\/wp\/v2\/users\/2"}],"replies":[{"embeddable":true,"href":"https:\/\/cvinoticias.com\/v3\/wp-json\/wp\/v2\/comments?post=12189"}],"version-history":[{"count":1,"href":"https:\/\/cvinoticias.com\/v3\/wp-json\/wp\/v2\/posts\/12189\/revisions"}],"predecessor-version":[{"id":12194,"href":"https:\/\/cvinoticias.com\/v3\/wp-json\/wp\/v2\/posts\/12189\/revisions\/12194"}],"wp:featuredmedia":[{"embeddable":true,"href":"https:\/\/cvinoticias.com\/v3\/wp-json\/wp\/v2\/media\/12191"}],"wp:attachment":[{"href":"https:\/\/cvinoticias.com\/v3\/wp-json\/wp\/v2\/media?parent=12189"}],"wp:term":[{"taxonomy":"category","embeddable":true,"href":"https:\/\/cvinoticias.com\/v3\/wp-json\/wp\/v2\/categories?post=12189"},{"taxonomy":"post_tag","embeddable":true,"href":"https:\/\/cvinoticias.com\/v3\/wp-json\/wp\/v2\/tags?post=12189"}],"curies":[{"name":"wp","href":"https:\/\/api.w.org\/{rel}","templated":true}]}}