{"id":12171,"date":"2022-01-10T19:19:53","date_gmt":"2022-01-10T19:19:53","guid":{"rendered":"https:\/\/cvinoticias.com\/v3\/?p=12171"},"modified":"2022-01-10T19:19:53","modified_gmt":"2022-01-10T19:19:53","slug":"covid-19-aerolineas-argentinas-cancelo-siete-vuelos-por-el-aumento-de-casos","status":"publish","type":"post","link":"https:\/\/cvinoticias.com\/v3\/covid-19-aerolineas-argentinas-cancelo-siete-vuelos-por-el-aumento-de-casos\/","title":{"rendered":"Covid-19: Aerol\u00edneas Argentinas cancel\u00f3 siete vuelos por el aumento de casos"},"content":{"rendered":"\n<p><strong><em>Aerol\u00edneas Argentinas anunci\u00f3 que debi\u00f3 cancelar en las \u00faltimas horas siete vuelos como consecuencia del aumento de casos de Covid-19. La medida, informada el viernes por el presidente de la compa\u00f1\u00eda, Pablo Ceriani, hab\u00eda sido anticipada la semana pasada, como consecuencia de la tercera ola de contagios.<\/em><\/strong><\/p>\n\n\n\n<p>\u00abTal como lo anticipamos la semana pasada, debido a la alta incidencia de contagios entre el personal de @Aerolineas_AR y externo a la compa\u00f1\u00eda, nos vimos obligados a cancelar en el d\u00eda de hoy 7 vuelos de las 230 operaciones programadas para la fecha\u00bb, expres\u00f3 en Twitter Ceriani. \u00abEstamos trabajando para reubicar a la mayor cantidad de pasajeros posibles. Les pedimos que chequeen sus correos electr\u00f3nicos en donde informaremos cualquier novedad sobre los itinerarios de sus vuelos y las diferentes alternativas\u00bb, agreg\u00f3.<\/p>\n\n\n\n<p>\u2014 Pablo Ceriani (@ceriani_pablo) January 10, 2022<br>La semana pasada, Aerol\u00edneas Argentinas, hab\u00eda informado que debido a la creciente suba de los contagios por la tercera ola de COVID-19, la operaci\u00f3n de sus vuelos puede sufrir cambios o reprogramaciones. As\u00ed lo hizo saber a trav\u00e9s de la cuenta de Twitter de su presidente, Pablo Ceriani.<\/p>\n\n\n\n<p>\u201cDebido a la nueva ola de contagios que estamos viviendo en todo el pa\u00eds, que tambi\u00e9n afecta al personal de @Aerolineas_AR, queremos informar que nuestras operaciones pueden sufrir demoras, modificaciones y\/o cancelaciones\u00bb, inform\u00f3 Ceriani.<\/p>\n","protected":false},"excerpt":{"rendered":"<p>Aerol\u00edneas Argentinas anunci\u00f3 que debi\u00f3 cancelar en las \u00faltimas horas siete vuelos como consecuencia del aumento de casos de Covid-19. La medida, informada el viernes por el presidente de la compa\u00f1\u00eda, Pablo Ceriani, hab\u00eda sido anticipada la semana pasada, como consecuencia de la tercera ola de contagios. \u00abTal como lo anticipamos la semana pasada, debido [&hellip;]<\/p>\n","protected":false},"author":2,"featured_media":12172,"comment_status":"open","ping_status":"open","sticky":false,"template":"","format":"standard","meta":{"footnotes":""},"categories":[35],"tags":[],"class_list":["post-12171","post","type-post","status-publish","format-standard","has-post-thumbnail","hentry","category-informacion-general"],"yoast_head":"<!-- This site is optimized with the Yoast SEO plugin v27.5 - https:\/\/yoast.com\/product\/yoast-seo-wordpress\/ -->\n<title>Covid-19: Aerol\u00edneas Argentinas cancel\u00f3 siete vuelos por el aumento de casos | CVI NOTICIAS<\/title>\n<meta name=\"robots\" content=\"index, follow, max-snippet:-1, max-image-preview:large, max-video-preview:-1\" \/>\n<link rel=\"canonical\" href=\"https:\/\/cvinoticias.com\/v3\/covid-19-aerolineas-argentinas-cancelo-siete-vuelos-por-el-aumento-de-casos\/\" \/>\n<meta property=\"og:locale\" content=\"es_ES\" \/>\n<meta property=\"og:type\" content=\"article\" \/>\n<meta property=\"og:title\" content=\"Covid-19: Aerol\u00edneas Argentinas cancel\u00f3 siete vuelos por el aumento de casos | CVI NOTICIAS\" \/>\n<meta property=\"og:description\" content=\"Aerol\u00edneas Argentinas anunci\u00f3 que debi\u00f3 cancelar en las \u00faltimas horas siete vuelos como consecuencia del aumento de casos de Covid-19. La medida, informada el viernes por el presidente de la compa\u00f1\u00eda, Pablo Ceriani, hab\u00eda sido anticipada la semana pasada, como consecuencia de la tercera ola de contagios. \u00abTal como lo anticipamos la semana pasada, debido [&hellip;]\" \/>\n<meta property=\"og:url\" content=\"https:\/\/cvinoticias.com\/v3\/covid-19-aerolineas-argentinas-cancelo-siete-vuelos-por-el-aumento-de-casos\/\" \/>\n<meta property=\"og:site_name\" content=\"CVI NOTICIAS\" \/>\n<meta property=\"article:publisher\" content=\"https:\/\/www.facebook.com\/cvinoticias\" \/>\n<meta property=\"article:published_time\" content=\"2022-01-10T19:19:53+00:00\" \/>\n<meta property=\"og:image\" content=\"https:\/\/cvinoticias.com\/wp-content\/uploads\/2022\/01\/images-1.jpeg\" \/>\n\t<meta property=\"og:image:width\" content=\"300\" \/>\n\t<meta property=\"og:image:height\" content=\"168\" \/>\n\t<meta property=\"og:image:type\" content=\"image\/jpeg\" \/>\n<meta name=\"author\" content=\"f1000024\" \/>\n<meta name=\"twitter:card\" content=\"summary_large_image\" \/>\n<meta name=\"twitter:label1\" content=\"Escrito por\" \/>\n\t<meta name=\"twitter:data1\" content=\"f1000024\" \/>\n\t<meta name=\"twitter:label2\" content=\"Tiempo de lectura\" \/>\n\t<meta name=\"twitter:data2\" content=\"1 minuto\" \/>\n<script type=\"application\/ld+json\" class=\"yoast-schema-graph\">{\"@context\":\"https:\\\/\\\/schema.org\",\"@graph\":[{\"@type\":\"Article\",\"@id\":\"https:\\\/\\\/cvinoticias.com\\\/v3\\\/covid-19-aerolineas-argentinas-cancelo-siete-vuelos-por-el-aumento-de-casos\\\/#article\",\"isPartOf\":{\"@id\":\"https:\\\/\\\/cvinoticias.com\\\/v3\\\/covid-19-aerolineas-argentinas-cancelo-siete-vuelos-por-el-aumento-de-casos\\\/\"},\"author\":{\"name\":\"f1000024\",\"@id\":\"https:\\\/\\\/cvinoticias.com\\\/v3\\\/#\\\/schema\\\/person\\\/2db77e3c6bc03c538495d7b2b8be9b66\"},\"headline\":\"Covid-19: Aerol\u00edneas Argentinas cancel\u00f3 siete vuelos por el aumento de casos\",\"datePublished\":\"2022-01-10T19:19:53+00:00\",\"mainEntityOfPage\":{\"@id\":\"https:\\\/\\\/cvinoticias.com\\\/v3\\\/covid-19-aerolineas-argentinas-cancelo-siete-vuelos-por-el-aumento-de-casos\\\/\"},\"wordCount\":241,\"commentCount\":0,\"publisher\":{\"@id\":\"https:\\\/\\\/cvinoticias.com\\\/v3\\\/#organization\"},\"image\":{\"@id\":\"https:\\\/\\\/cvinoticias.com\\\/v3\\\/covid-19-aerolineas-argentinas-cancelo-siete-vuelos-por-el-aumento-de-casos\\\/#primaryimage\"},\"thumbnailUrl\":\"https:\\\/\\\/cvinoticias.com\\\/wp-content\\\/uploads\\\/2022\\\/01\\\/images-1.jpeg\",\"articleSection\":[\"Informaci\u00f3n General\"],\"inLanguage\":\"es\",\"potentialAction\":[{\"@type\":\"CommentAction\",\"name\":\"Comment\",\"target\":[\"https:\\\/\\\/cvinoticias.com\\\/v3\\\/covid-19-aerolineas-argentinas-cancelo-siete-vuelos-por-el-aumento-de-casos\\\/#respond\"]}]},{\"@type\":\"WebPage\",\"@id\":\"https:\\\/\\\/cvinoticias.com\\\/v3\\\/covid-19-aerolineas-argentinas-cancelo-siete-vuelos-por-el-aumento-de-casos\\\/\",\"url\":\"https:\\\/\\\/cvinoticias.com\\\/v3\\\/covid-19-aerolineas-argentinas-cancelo-siete-vuelos-por-el-aumento-de-casos\\\/\",\"name\":\"Covid-19: Aerol\u00edneas Argentinas cancel\u00f3 siete vuelos por el aumento de casos | CVI NOTICIAS\",\"isPartOf\":{\"@id\":\"https:\\\/\\\/cvinoticias.com\\\/v3\\\/#website\"},\"primaryImageOfPage\":{\"@id\":\"https:\\\/\\\/cvinoticias.com\\\/v3\\\/covid-19-aerolineas-argentinas-cancelo-siete-vuelos-por-el-aumento-de-casos\\\/#primaryimage\"},\"image\":{\"@id\":\"https:\\\/\\\/cvinoticias.com\\\/v3\\\/covid-19-aerolineas-argentinas-cancelo-siete-vuelos-por-el-aumento-de-casos\\\/#primaryimage\"},\"thumbnailUrl\":\"https:\\\/\\\/cvinoticias.com\\\/wp-content\\\/uploads\\\/2022\\\/01\\\/images-1.jpeg\",\"datePublished\":\"2022-01-10T19:19:53+00:00\",\"breadcrumb\":{\"@id\":\"https:\\\/\\\/cvinoticias.com\\\/v3\\\/covid-19-aerolineas-argentinas-cancelo-siete-vuelos-por-el-aumento-de-casos\\\/#breadcrumb\"},\"inLanguage\":\"es\",\"potentialAction\":[{\"@type\":\"ReadAction\",\"target\":[\"https:\\\/\\\/cvinoticias.com\\\/v3\\\/covid-19-aerolineas-argentinas-cancelo-siete-vuelos-por-el-aumento-de-casos\\\/\"]}]},{\"@type\":\"ImageObject\",\"inLanguage\":\"es\",\"@id\":\"https:\\\/\\\/cvinoticias.com\\\/v3\\\/covid-19-aerolineas-argentinas-cancelo-siete-vuelos-por-el-aumento-de-casos\\\/#primaryimage\",\"url\":\"https:\\\/\\\/cvinoticias.com\\\/wp-content\\\/uploads\\\/2022\\\/01\\\/images-1.jpeg\",\"contentUrl\":\"https:\\\/\\\/cvinoticias.com\\\/wp-content\\\/uploads\\\/2022\\\/01\\\/images-1.jpeg\",\"width\":300,\"height\":168},{\"@type\":\"BreadcrumbList\",\"@id\":\"https:\\\/\\\/cvinoticias.com\\\/v3\\\/covid-19-aerolineas-argentinas-cancelo-siete-vuelos-por-el-aumento-de-casos\\\/#breadcrumb\",\"itemListElement\":[{\"@type\":\"ListItem\",\"position\":1,\"name\":\"Portada\",\"item\":\"https:\\\/\\\/cvinoticias.com\\\/v3\\\/\"},{\"@type\":\"ListItem\",\"position\":2,\"name\":\"Covid-19: Aerol\u00edneas Argentinas cancel\u00f3 siete vuelos por el aumento de casos\"}]},{\"@type\":\"WebSite\",\"@id\":\"https:\\\/\\\/cvinoticias.com\\\/v3\\\/#website\",\"url\":\"https:\\\/\\\/cvinoticias.com\\\/v3\\\/\",\"name\":\"CVI NOTICIAS\",\"description\":\"\",\"publisher\":{\"@id\":\"https:\\\/\\\/cvinoticias.com\\\/v3\\\/#organization\"},\"alternateName\":\"CVI\",\"potentialAction\":[{\"@type\":\"SearchAction\",\"target\":{\"@type\":\"EntryPoint\",\"urlTemplate\":\"https:\\\/\\\/cvinoticias.com\\\/v3\\\/?s={search_term_string}\"},\"query-input\":{\"@type\":\"PropertyValueSpecification\",\"valueRequired\":true,\"valueName\":\"search_term_string\"}}],\"inLanguage\":\"es\"},{\"@type\":\"Organization\",\"@id\":\"https:\\\/\\\/cvinoticias.com\\\/v3\\\/#organization\",\"name\":\"CVI NOTICIAS\",\"url\":\"https:\\\/\\\/cvinoticias.com\\\/v3\\\/\",\"logo\":{\"@type\":\"ImageObject\",\"inLanguage\":\"es\",\"@id\":\"https:\\\/\\\/cvinoticias.com\\\/v3\\\/#\\\/schema\\\/logo\\\/image\\\/\",\"url\":\"https:\\\/\\\/cvinoticias.com\\\/wp-content\\\/uploads\\\/2023\\\/04\\\/cropped-cropped-cropped-cropped-cropped-3-1.png\",\"contentUrl\":\"https:\\\/\\\/cvinoticias.com\\\/wp-content\\\/uploads\\\/2023\\\/04\\\/cropped-cropped-cropped-cropped-cropped-3-1.png\",\"width\":95,\"height\":122,\"caption\":\"CVI NOTICIAS\"},\"image\":{\"@id\":\"https:\\\/\\\/cvinoticias.com\\\/v3\\\/#\\\/schema\\\/logo\\\/image\\\/\"},\"sameAs\":[\"https:\\\/\\\/www.facebook.com\\\/cvinoticias\",\"https:\\\/\\\/www.instagram.com\\\/cvinoticias\\\/\",\"https:\\\/\\\/www.youtube.com\\\/@CVINOTICIAS\"]},{\"@type\":\"Person\",\"@id\":\"https:\\\/\\\/cvinoticias.com\\\/v3\\\/#\\\/schema\\\/person\\\/2db77e3c6bc03c538495d7b2b8be9b66\",\"name\":\"f1000024\",\"image\":{\"@type\":\"ImageObject\",\"inLanguage\":\"es\",\"@id\":\"https:\\\/\\\/secure.gravatar.com\\\/avatar\\\/d4fe7459cfc51ff5129ce1a732bbef5928568b8092d412ef95611616376bbeed?s=96&d=mm&r=g\",\"url\":\"https:\\\/\\\/secure.gravatar.com\\\/avatar\\\/d4fe7459cfc51ff5129ce1a732bbef5928568b8092d412ef95611616376bbeed?s=96&d=mm&r=g\",\"contentUrl\":\"https:\\\/\\\/secure.gravatar.com\\\/avatar\\\/d4fe7459cfc51ff5129ce1a732bbef5928568b8092d412ef95611616376bbeed?s=96&d=mm&r=g\",\"caption\":\"f1000024\"},\"url\":\"https:\\\/\\\/cvinoticias.com\\\/v3\\\/author\\\/f1000024\\\/\"}]}<\/script>\n<!-- \/ Yoast SEO plugin. -->","yoast_head_json":{"title":"Covid-19: Aerol\u00edneas Argentinas cancel\u00f3 siete vuelos por el aumento de casos | CVI NOTICIAS","robots":{"index":"index","follow":"follow","max-snippet":"max-snippet:-1","max-image-preview":"max-image-preview:large","max-video-preview":"max-video-preview:-1"},"canonical":"https:\/\/cvinoticias.com\/v3\/covid-19-aerolineas-argentinas-cancelo-siete-vuelos-por-el-aumento-de-casos\/","og_locale":"es_ES","og_type":"article","og_title":"Covid-19: Aerol\u00edneas Argentinas cancel\u00f3 siete vuelos por el aumento de casos | CVI NOTICIAS","og_description":"Aerol\u00edneas Argentinas anunci\u00f3 que debi\u00f3 cancelar en las \u00faltimas horas siete vuelos como consecuencia del aumento de casos de Covid-19. La medida, informada el viernes por el presidente de la compa\u00f1\u00eda, Pablo Ceriani, hab\u00eda sido anticipada la semana pasada, como consecuencia de la tercera ola de contagios. \u00abTal como lo anticipamos la semana pasada, debido [&hellip;]","og_url":"https:\/\/cvinoticias.com\/v3\/covid-19-aerolineas-argentinas-cancelo-siete-vuelos-por-el-aumento-de-casos\/","og_site_name":"CVI NOTICIAS","article_publisher":"https:\/\/www.facebook.com\/cvinoticias","article_published_time":"2022-01-10T19:19:53+00:00","og_image":[{"width":300,"height":168,"url":"https:\/\/cvinoticias.com\/wp-content\/uploads\/2022\/01\/images-1.jpeg","type":"image\/jpeg"}],"author":"f1000024","twitter_card":"summary_large_image","twitter_misc":{"Escrito por":"f1000024","Tiempo de lectura":"1 minuto"},"schema":{"@context":"https:\/\/schema.org","@graph":[{"@type":"Article","@id":"https:\/\/cvinoticias.com\/v3\/covid-19-aerolineas-argentinas-cancelo-siete-vuelos-por-el-aumento-de-casos\/#article","isPartOf":{"@id":"https:\/\/cvinoticias.com\/v3\/covid-19-aerolineas-argentinas-cancelo-siete-vuelos-por-el-aumento-de-casos\/"},"author":{"name":"f1000024","@id":"https:\/\/cvinoticias.com\/v3\/#\/schema\/person\/2db77e3c6bc03c538495d7b2b8be9b66"},"headline":"Covid-19: Aerol\u00edneas Argentinas cancel\u00f3 siete vuelos por el aumento de casos","datePublished":"2022-01-10T19:19:53+00:00","mainEntityOfPage":{"@id":"https:\/\/cvinoticias.com\/v3\/covid-19-aerolineas-argentinas-cancelo-siete-vuelos-por-el-aumento-de-casos\/"},"wordCount":241,"commentCount":0,"publisher":{"@id":"https:\/\/cvinoticias.com\/v3\/#organization"},"image":{"@id":"https:\/\/cvinoticias.com\/v3\/covid-19-aerolineas-argentinas-cancelo-siete-vuelos-por-el-aumento-de-casos\/#primaryimage"},"thumbnailUrl":"https:\/\/cvinoticias.com\/wp-content\/uploads\/2022\/01\/images-1.jpeg","articleSection":["Informaci\u00f3n General"],"inLanguage":"es","potentialAction":[{"@type":"CommentAction","name":"Comment","target":["https:\/\/cvinoticias.com\/v3\/covid-19-aerolineas-argentinas-cancelo-siete-vuelos-por-el-aumento-de-casos\/#respond"]}]},{"@type":"WebPage","@id":"https:\/\/cvinoticias.com\/v3\/covid-19-aerolineas-argentinas-cancelo-siete-vuelos-por-el-aumento-de-casos\/","url":"https:\/\/cvinoticias.com\/v3\/covid-19-aerolineas-argentinas-cancelo-siete-vuelos-por-el-aumento-de-casos\/","name":"Covid-19: Aerol\u00edneas Argentinas cancel\u00f3 siete vuelos por el aumento de casos | CVI NOTICIAS","isPartOf":{"@id":"https:\/\/cvinoticias.com\/v3\/#website"},"primaryImageOfPage":{"@id":"https:\/\/cvinoticias.com\/v3\/covid-19-aerolineas-argentinas-cancelo-siete-vuelos-por-el-aumento-de-casos\/#primaryimage"},"image":{"@id":"https:\/\/cvinoticias.com\/v3\/covid-19-aerolineas-argentinas-cancelo-siete-vuelos-por-el-aumento-de-casos\/#primaryimage"},"thumbnailUrl":"https:\/\/cvinoticias.com\/wp-content\/uploads\/2022\/01\/images-1.jpeg","datePublished":"2022-01-10T19:19:53+00:00","breadcrumb":{"@id":"https:\/\/cvinoticias.com\/v3\/covid-19-aerolineas-argentinas-cancelo-siete-vuelos-por-el-aumento-de-casos\/#breadcrumb"},"inLanguage":"es","potentialAction":[{"@type":"ReadAction","target":["https:\/\/cvinoticias.com\/v3\/covid-19-aerolineas-argentinas-cancelo-siete-vuelos-por-el-aumento-de-casos\/"]}]},{"@type":"ImageObject","inLanguage":"es","@id":"https:\/\/cvinoticias.com\/v3\/covid-19-aerolineas-argentinas-cancelo-siete-vuelos-por-el-aumento-de-casos\/#primaryimage","url":"https:\/\/cvinoticias.com\/wp-content\/uploads\/2022\/01\/images-1.jpeg","contentUrl":"https:\/\/cvinoticias.com\/wp-content\/uploads\/2022\/01\/images-1.jpeg","width":300,"height":168},{"@type":"BreadcrumbList","@id":"https:\/\/cvinoticias.com\/v3\/covid-19-aerolineas-argentinas-cancelo-siete-vuelos-por-el-aumento-de-casos\/#breadcrumb","itemListElement":[{"@type":"ListItem","position":1,"name":"Portada","item":"https:\/\/cvinoticias.com\/v3\/"},{"@type":"ListItem","position":2,"name":"Covid-19: Aerol\u00edneas Argentinas cancel\u00f3 siete vuelos por el aumento de casos"}]},{"@type":"WebSite","@id":"https:\/\/cvinoticias.com\/v3\/#website","url":"https:\/\/cvinoticias.com\/v3\/","name":"CVI NOTICIAS","description":"","publisher":{"@id":"https:\/\/cvinoticias.com\/v3\/#organization"},"alternateName":"CVI","potentialAction":[{"@type":"SearchAction","target":{"@type":"EntryPoint","urlTemplate":"https:\/\/cvinoticias.com\/v3\/?s={search_term_string}"},"query-input":{"@type":"PropertyValueSpecification","valueRequired":true,"valueName":"search_term_string"}}],"inLanguage":"es"},{"@type":"Organization","@id":"https:\/\/cvinoticias.com\/v3\/#organization","name":"CVI NOTICIAS","url":"https:\/\/cvinoticias.com\/v3\/","logo":{"@type":"ImageObject","inLanguage":"es","@id":"https:\/\/cvinoticias.com\/v3\/#\/schema\/logo\/image\/","url":"https:\/\/cvinoticias.com\/wp-content\/uploads\/2023\/04\/cropped-cropped-cropped-cropped-cropped-3-1.png","contentUrl":"https:\/\/cvinoticias.com\/wp-content\/uploads\/2023\/04\/cropped-cropped-cropped-cropped-cropped-3-1.png","width":95,"height":122,"caption":"CVI NOTICIAS"},"image":{"@id":"https:\/\/cvinoticias.com\/v3\/#\/schema\/logo\/image\/"},"sameAs":["https:\/\/www.facebook.com\/cvinoticias","https:\/\/www.instagram.com\/cvinoticias\/","https:\/\/www.youtube.com\/@CVINOTICIAS"]},{"@type":"Person","@id":"https:\/\/cvinoticias.com\/v3\/#\/schema\/person\/2db77e3c6bc03c538495d7b2b8be9b66","name":"f1000024","image":{"@type":"ImageObject","inLanguage":"es","@id":"https:\/\/secure.gravatar.com\/avatar\/d4fe7459cfc51ff5129ce1a732bbef5928568b8092d412ef95611616376bbeed?s=96&d=mm&r=g","url":"https:\/\/secure.gravatar.com\/avatar\/d4fe7459cfc51ff5129ce1a732bbef5928568b8092d412ef95611616376bbeed?s=96&d=mm&r=g","contentUrl":"https:\/\/secure.gravatar.com\/avatar\/d4fe7459cfc51ff5129ce1a732bbef5928568b8092d412ef95611616376bbeed?s=96&d=mm&r=g","caption":"f1000024"},"url":"https:\/\/cvinoticias.com\/v3\/author\/f1000024\/"}]}},"_links":{"self":[{"href":"https:\/\/cvinoticias.com\/v3\/wp-json\/wp\/v2\/posts\/12171","targetHints":{"allow":["GET"]}}],"collection":[{"href":"https:\/\/cvinoticias.com\/v3\/wp-json\/wp\/v2\/posts"}],"about":[{"href":"https:\/\/cvinoticias.com\/v3\/wp-json\/wp\/v2\/types\/post"}],"author":[{"embeddable":true,"href":"https:\/\/cvinoticias.com\/v3\/wp-json\/wp\/v2\/users\/2"}],"replies":[{"embeddable":true,"href":"https:\/\/cvinoticias.com\/v3\/wp-json\/wp\/v2\/comments?post=12171"}],"version-history":[{"count":1,"href":"https:\/\/cvinoticias.com\/v3\/wp-json\/wp\/v2\/posts\/12171\/revisions"}],"predecessor-version":[{"id":12173,"href":"https:\/\/cvinoticias.com\/v3\/wp-json\/wp\/v2\/posts\/12171\/revisions\/12173"}],"wp:featuredmedia":[{"embeddable":true,"href":"https:\/\/cvinoticias.com\/v3\/wp-json\/wp\/v2\/media\/12172"}],"wp:attachment":[{"href":"https:\/\/cvinoticias.com\/v3\/wp-json\/wp\/v2\/media?parent=12171"}],"wp:term":[{"taxonomy":"category","embeddable":true,"href":"https:\/\/cvinoticias.com\/v3\/wp-json\/wp\/v2\/categories?post=12171"},{"taxonomy":"post_tag","embeddable":true,"href":"https:\/\/cvinoticias.com\/v3\/wp-json\/wp\/v2\/tags?post=12171"}],"curies":[{"name":"wp","href":"https:\/\/api.w.org\/{rel}","templated":true}]}}