{"id":12165,"date":"2022-01-10T18:30:56","date_gmt":"2022-01-10T18:30:56","guid":{"rendered":"https:\/\/cvinoticias.com\/v3\/?p=12165"},"modified":"2022-01-10T18:30:56","modified_gmt":"2022-01-10T18:30:56","slug":"herrera-ahuad-presento-un-programa-de-asistencia-financiera-para-productores","status":"publish","type":"post","link":"https:\/\/cvinoticias.com\/v3\/herrera-ahuad-presento-un-programa-de-asistencia-financiera-para-productores\/","title":{"rendered":"Herrera Ahuad present\u00f3 un programa de asistencia financiera para productores"},"content":{"rendered":"\n<p><strong><em>El Gobernador anunci\u00f3 las l\u00edneas de cr\u00e9dito con las que se asistir\u00e1 a los productores que sufrieron p\u00e9rdidas, ya sea por la sequ\u00eda o por los incendios. Herrera Ahuad recalc\u00f3 que el acceso a estos beneficios se dar\u00e1 de forma r\u00e1pida y precisa con condiciones m\u00ednimas y que en la primera etapa se prev\u00e9 llegar a entre 1000 y 1200 productores. Desde el Ministerio del Agro y la Producci\u00f3n aclararon que la emergencia agropecuaria contempla 180 d\u00edas, prorrogables de ser necesario.<\/em><\/strong><\/p>\n\n\n\n<p>En el marco de la emergencia agropecuaria se presentaron las nuevas l\u00edneas de cr\u00e9ditos para productores afectados por las condiciones clim\u00e1ticas. Esta ma\u00f1ana, el gobernador Oscar Herrera Ahuad present\u00f3 el programa para asistir a los peque\u00f1os productores que sufrieron p\u00e9rdidas ya sea por la sequ\u00eda o por los incendios. Los cr\u00e9ditos tendr\u00e1n un a\u00f1o de gracia a tasa 0, con hasta 48 cuotas para devolverlos y podr\u00e1n tener distintos fines de acuerdo a las necesidades de cada productor.<\/p>\n\n\n\n<p>El mandatario recalc\u00f3 que los diferentes organismos del Estado de Misiones han aunado esfuerzos \u201cpara que comencemos a tener disponible todas las herramientas necesarias para ayudar y acompa\u00f1ar a la producci\u00f3n de la provincia\u201d. Enf\u00e1ticamente, aclar\u00f3 a los productores que \u201cestos cr\u00e9ditos se tramitan en forma directa entre el productor y las instituciones que obran en el Gobierno provincial como gestores\u201d. Todo ello para obtener ese resultado directamente con la entidad bancaria y precis\u00f3 que nadie tiene que hipotecar sus recursos para acceder a alguno de estos cr\u00e9ditos.<\/p>\n\n\n\n<p>Asimismo, coment\u00f3 que en esta etapa se espera llegar a entre 1000 a 1200 productores y remarc\u00f3 que la documentaci\u00f3n requerida ser\u00e1 m\u00ednima para que puedan acceder de manera r\u00e1pida a la ayuda financiera y que el productor pueda comprar elementos esenciales.<\/p>\n\n\n\n<p>En la misma l\u00ednea, declar\u00f3 que esta iniciativa est\u00e1 respaldada por la pol\u00edtica p\u00fablica del Gobierno provincial. Puso el acento en que se trata de \u201cuna l\u00ednea donde bajo ning\u00fan punto de vista se hipoteca absolutamente nada del productor misionero. Al contrario, se lo ayuda, se lo acompa\u00f1a y vamos a caminar juntos en este tiempo extremadamente dif\u00edcil que vive la Argentina en materia del agro y la producci\u00f3n\u201d, puntualiz\u00f3.<\/p>\n\n\n\n<p>\u201cTenemos una inversi\u00f3n que supera los 150 millones de pesos en recursos para que esta semana ya se ponga totalmente en marcha en toda la provincia\u201d, detall\u00f3. Finalmente, expres\u00f3 que esta iniciativa va de la mano con las acciones, capacitaciones e inversiones enfocadas en los Bomberos Voluntarios de Misiones para lidiar con las dificultades de la emergencia agropecuaria e incendios forestales.<\/p>\n\n\n\n<p>En tanto el ministro del Agro, Sebasti\u00e1n Oriozabala, aclar\u00f3 que la emergencia agropecuaria declarada el 29 de diciembre pasado contempla 180 d\u00edas de vigencia prorrogables de ser necesario. En lo referentes a las l\u00edneas de cr\u00e9ditos indic\u00f3 que forman parte de un plan integral que contempla a varios sectores rurales de Misiones. Mientras que el ministro de Hacienda, Adolfo Safr\u00e1n, coment\u00f3 que los requisitos para acceder a los beneficios de las propuestas presentadas son m\u00ednimos, entre ellos ser\u00e1 necesaria la verificaci\u00f3n de que efectivamente se trata de un productor y que est\u00e1 debidamente registrado en la AFIP.<\/p>\n\n\n\n<p>Tambi\u00e9n estuvieron presente durante la videoconferencia el ministro coordinador de Gabinete, Ricardo Wellbach; el presidente del IFAI Marcelo Rodr\u00edguez, la ministra de Agricultura Familiar, Marta Ferreira y representantes de asociaciones rurales, ganaderas, agricultoras y de ferias francas.<\/p>\n\n\n\n<figure class=\"wp-block-image size-large\"><a href=\"https:\/\/cvinoticias.com\/wp-content\/uploads\/2022\/01\/FB_IMG_1641838908323.jpg\"><img decoding=\"async\" width=\"1024\" height=\"683\" data-src=\"https:\/\/cvinoticias.com\/wp-content\/uploads\/2022\/01\/FB_IMG_1641838908323-1024x683.jpg\" alt=\"\" class=\"wp-image-12167 lazyload\" data-srcset=\"https:\/\/cvinoticias.com\/wp-content\/uploads\/2022\/01\/FB_IMG_1641838908323-1024x683.jpg 1024w, https:\/\/cvinoticias.com\/wp-content\/uploads\/2022\/01\/FB_IMG_1641838908323-300x200.jpg 300w, https:\/\/cvinoticias.com\/wp-content\/uploads\/2022\/01\/FB_IMG_1641838908323-768x512.jpg 768w, https:\/\/cvinoticias.com\/wp-content\/uploads\/2022\/01\/FB_IMG_1641838908323.jpg 1080w\" data-sizes=\"(max-width: 1024px) 100vw, 1024px\" src=\"data:image\/svg+xml;base64,PHN2ZyB3aWR0aD0iMSIgaGVpZ2h0PSIxIiB4bWxucz0iaHR0cDovL3d3dy53My5vcmcvMjAwMC9zdmciPjwvc3ZnPg==\" style=\"--smush-placeholder-width: 1024px; --smush-placeholder-aspect-ratio: 1024\/683;\" \/><\/a><\/figure>\n\n\n\n<p><strong>Una l\u00ednea de cr\u00e9dito especial frente la emergencia agropecuaria<\/strong><\/p>\n\n\n\n<p>Este Programa de Asistencia por Emergencia Agropecuaria, en su primera etapa, tiene como beneficiarios a productores que sufrieron p\u00e9rdidas ya sea por la sequ\u00eda o por los incendios. Por eso, los cr\u00e9ditos tendr\u00e1n un a\u00f1o de gracia y hasta 48 cuotas para ser devueltos. Los mismos podr\u00e1n tener distintos fines, desde compra de insumos hasta de bombas de agua, o pl\u00e1stico para invern\u00e1culos en el caso de productores afectados por temporales como ocurri\u00f3 d\u00edas pasados en General Andrade o Gobernador Roca. Cabe aclarar que no son cr\u00e9ditos destinados a un fin concreto, sino que se ha hecho un diagrama completo ante las diferentes necesidades que puedan surgir en estos d\u00edas.<\/p>\n\n\n\n<p>En detalle, una de las l\u00edneas contempla aportes no reintegrables de 75 millones de pesos para insumos, semillas, alfalfa, alimentos. Est\u00e1 dirigida a asociaciones ganaderas, cooperativas agropecuarias, cooperativas lecheras y ferias francas. En cambio, los cr\u00e9ditos a tasa subsidiada de 75 millones de pesos tienen como beneficiarios a productores primarios afectados por la emergencia agropecuaria.<\/p>\n\n\n\n<p>Por otro lado, la l\u00ednea del CFI con un monto de 50 millones de pesos contempla 500 cr\u00e9ditos de 100 mil pesos con una tasa nominal anual del 0% con un plazo de 12 meses de gracia\/devoluci\u00f3n dentro de 48 meses. Es una operatoria que se hace a trav\u00e9s del Ministerio del Agro y la Producci\u00f3n con financiamiento del Banco Macro. A esto se agrega la l\u00ednea emergencia con 25 millones de pesos que otorgar 125 cr\u00e9ditos de 200 mil pesos con una tasa nominal anual del 0% con plazos de hasta 18 cuotas.<\/p>\n\n\n\n<figure class=\"wp-block-image size-large\"><a href=\"https:\/\/cvinoticias.com\/wp-content\/uploads\/2022\/01\/FB_IMG_1641838913238.jpg\"><img decoding=\"async\" width=\"1024\" height=\"683\" data-src=\"https:\/\/cvinoticias.com\/wp-content\/uploads\/2022\/01\/FB_IMG_1641838913238-1024x683.jpg\" alt=\"\" class=\"wp-image-12166 lazyload\" data-srcset=\"https:\/\/cvinoticias.com\/wp-content\/uploads\/2022\/01\/FB_IMG_1641838913238-1024x683.jpg 1024w, https:\/\/cvinoticias.com\/wp-content\/uploads\/2022\/01\/FB_IMG_1641838913238-300x200.jpg 300w, https:\/\/cvinoticias.com\/wp-content\/uploads\/2022\/01\/FB_IMG_1641838913238-768x512.jpg 768w, https:\/\/cvinoticias.com\/wp-content\/uploads\/2022\/01\/FB_IMG_1641838913238.jpg 1080w\" data-sizes=\"(max-width: 1024px) 100vw, 1024px\" src=\"data:image\/svg+xml;base64,PHN2ZyB3aWR0aD0iMSIgaGVpZ2h0PSIxIiB4bWxucz0iaHR0cDovL3d3dy53My5vcmcvMjAwMC9zdmciPjwvc3ZnPg==\" style=\"--smush-placeholder-width: 1024px; --smush-placeholder-aspect-ratio: 1024\/683;\" \/><\/a><\/figure>\n\n\n\n<figure class=\"wp-block-image size-large\"><a href=\"https:\/\/cvinoticias.com\/wp-content\/uploads\/2022\/01\/FB_IMG_1641838922721.jpg\"><img decoding=\"async\" width=\"1024\" height=\"683\" data-src=\"https:\/\/cvinoticias.com\/wp-content\/uploads\/2022\/01\/FB_IMG_1641838922721-1024x683.jpg\" alt=\"\" class=\"wp-image-12168 lazyload\" data-srcset=\"https:\/\/cvinoticias.com\/wp-content\/uploads\/2022\/01\/FB_IMG_1641838922721-1024x683.jpg 1024w, https:\/\/cvinoticias.com\/wp-content\/uploads\/2022\/01\/FB_IMG_1641838922721-300x200.jpg 300w, https:\/\/cvinoticias.com\/wp-content\/uploads\/2022\/01\/FB_IMG_1641838922721-768x512.jpg 768w, https:\/\/cvinoticias.com\/wp-content\/uploads\/2022\/01\/FB_IMG_1641838922721.jpg 1080w\" data-sizes=\"(max-width: 1024px) 100vw, 1024px\" src=\"data:image\/svg+xml;base64,PHN2ZyB3aWR0aD0iMSIgaGVpZ2h0PSIxIiB4bWxucz0iaHR0cDovL3d3dy53My5vcmcvMjAwMC9zdmciPjwvc3ZnPg==\" style=\"--smush-placeholder-width: 1024px; --smush-placeholder-aspect-ratio: 1024\/683;\" \/><\/a><\/figure>\n","protected":false},"excerpt":{"rendered":"<p>El Gobernador anunci\u00f3 las l\u00edneas de cr\u00e9dito con las que se asistir\u00e1 a los productores que sufrieron p\u00e9rdidas, ya sea por la sequ\u00eda o por los incendios. Herrera Ahuad recalc\u00f3 que el acceso a estos beneficios se dar\u00e1 de forma r\u00e1pida y precisa con condiciones m\u00ednimas y que en la primera etapa se prev\u00e9 llegar [&hellip;]<\/p>\n","protected":false},"author":2,"featured_media":12169,"comment_status":"open","ping_status":"open","sticky":false,"template":"","format":"standard","meta":{"footnotes":""},"categories":[43],"tags":[],"class_list":["post-12165","post","type-post","status-publish","format-standard","has-post-thumbnail","hentry","category-provinciales"],"yoast_head":"<!-- This site is optimized with the Yoast SEO plugin v27.5 - https:\/\/yoast.com\/product\/yoast-seo-wordpress\/ -->\n<title>Herrera Ahuad present\u00f3 un programa de asistencia financiera para productores | CVI NOTICIAS<\/title>\n<meta name=\"robots\" content=\"index, follow, max-snippet:-1, max-image-preview:large, max-video-preview:-1\" \/>\n<link rel=\"canonical\" href=\"https:\/\/cvinoticias.com\/v3\/herrera-ahuad-presento-un-programa-de-asistencia-financiera-para-productores\/\" \/>\n<meta property=\"og:locale\" content=\"es_ES\" \/>\n<meta property=\"og:type\" content=\"article\" \/>\n<meta property=\"og:title\" content=\"Herrera Ahuad present\u00f3 un programa de asistencia financiera para productores | CVI NOTICIAS\" \/>\n<meta property=\"og:description\" content=\"El Gobernador anunci\u00f3 las l\u00edneas de cr\u00e9dito con las que se asistir\u00e1 a los productores que sufrieron p\u00e9rdidas, ya sea por la sequ\u00eda o por los incendios. Herrera Ahuad recalc\u00f3 que el acceso a estos beneficios se dar\u00e1 de forma r\u00e1pida y precisa con condiciones m\u00ednimas y que en la primera etapa se prev\u00e9 llegar [&hellip;]\" \/>\n<meta property=\"og:url\" content=\"https:\/\/cvinoticias.com\/v3\/herrera-ahuad-presento-un-programa-de-asistencia-financiera-para-productores\/\" \/>\n<meta property=\"og:site_name\" content=\"CVI NOTICIAS\" \/>\n<meta property=\"article:publisher\" content=\"https:\/\/www.facebook.com\/cvinoticias\" \/>\n<meta property=\"article:published_time\" content=\"2022-01-10T18:30:56+00:00\" \/>\n<meta property=\"og:image\" content=\"https:\/\/cvinoticias.com\/wp-content\/uploads\/2022\/01\/FB_IMG_1641838910891.jpg\" \/>\n\t<meta property=\"og:image:width\" content=\"1080\" \/>\n\t<meta property=\"og:image:height\" content=\"720\" \/>\n\t<meta property=\"og:image:type\" content=\"image\/jpeg\" \/>\n<meta name=\"author\" content=\"f1000024\" \/>\n<meta name=\"twitter:card\" content=\"summary_large_image\" \/>\n<meta name=\"twitter:label1\" content=\"Escrito por\" \/>\n\t<meta name=\"twitter:data1\" content=\"f1000024\" \/>\n\t<meta name=\"twitter:label2\" content=\"Tiempo de lectura\" \/>\n\t<meta name=\"twitter:data2\" content=\"4 minutos\" \/>\n<script type=\"application\/ld+json\" class=\"yoast-schema-graph\">{\"@context\":\"https:\\\/\\\/schema.org\",\"@graph\":[{\"@type\":\"Article\",\"@id\":\"https:\\\/\\\/cvinoticias.com\\\/v3\\\/herrera-ahuad-presento-un-programa-de-asistencia-financiera-para-productores\\\/#article\",\"isPartOf\":{\"@id\":\"https:\\\/\\\/cvinoticias.com\\\/v3\\\/herrera-ahuad-presento-un-programa-de-asistencia-financiera-para-productores\\\/\"},\"author\":{\"name\":\"f1000024\",\"@id\":\"https:\\\/\\\/cvinoticias.com\\\/v3\\\/#\\\/schema\\\/person\\\/2db77e3c6bc03c538495d7b2b8be9b66\"},\"headline\":\"Herrera Ahuad present\u00f3 un programa de asistencia financiera para productores\",\"datePublished\":\"2022-01-10T18:30:56+00:00\",\"mainEntityOfPage\":{\"@id\":\"https:\\\/\\\/cvinoticias.com\\\/v3\\\/herrera-ahuad-presento-un-programa-de-asistencia-financiera-para-productores\\\/\"},\"wordCount\":876,\"commentCount\":0,\"publisher\":{\"@id\":\"https:\\\/\\\/cvinoticias.com\\\/v3\\\/#organization\"},\"image\":{\"@id\":\"https:\\\/\\\/cvinoticias.com\\\/v3\\\/herrera-ahuad-presento-un-programa-de-asistencia-financiera-para-productores\\\/#primaryimage\"},\"thumbnailUrl\":\"https:\\\/\\\/cvinoticias.com\\\/wp-content\\\/uploads\\\/2022\\\/01\\\/FB_IMG_1641838910891.jpg\",\"articleSection\":[\"Provinciales\"],\"inLanguage\":\"es\",\"potentialAction\":[{\"@type\":\"CommentAction\",\"name\":\"Comment\",\"target\":[\"https:\\\/\\\/cvinoticias.com\\\/v3\\\/herrera-ahuad-presento-un-programa-de-asistencia-financiera-para-productores\\\/#respond\"]}]},{\"@type\":\"WebPage\",\"@id\":\"https:\\\/\\\/cvinoticias.com\\\/v3\\\/herrera-ahuad-presento-un-programa-de-asistencia-financiera-para-productores\\\/\",\"url\":\"https:\\\/\\\/cvinoticias.com\\\/v3\\\/herrera-ahuad-presento-un-programa-de-asistencia-financiera-para-productores\\\/\",\"name\":\"Herrera Ahuad present\u00f3 un programa de asistencia financiera para productores | CVI NOTICIAS\",\"isPartOf\":{\"@id\":\"https:\\\/\\\/cvinoticias.com\\\/v3\\\/#website\"},\"primaryImageOfPage\":{\"@id\":\"https:\\\/\\\/cvinoticias.com\\\/v3\\\/herrera-ahuad-presento-un-programa-de-asistencia-financiera-para-productores\\\/#primaryimage\"},\"image\":{\"@id\":\"https:\\\/\\\/cvinoticias.com\\\/v3\\\/herrera-ahuad-presento-un-programa-de-asistencia-financiera-para-productores\\\/#primaryimage\"},\"thumbnailUrl\":\"https:\\\/\\\/cvinoticias.com\\\/wp-content\\\/uploads\\\/2022\\\/01\\\/FB_IMG_1641838910891.jpg\",\"datePublished\":\"2022-01-10T18:30:56+00:00\",\"breadcrumb\":{\"@id\":\"https:\\\/\\\/cvinoticias.com\\\/v3\\\/herrera-ahuad-presento-un-programa-de-asistencia-financiera-para-productores\\\/#breadcrumb\"},\"inLanguage\":\"es\",\"potentialAction\":[{\"@type\":\"ReadAction\",\"target\":[\"https:\\\/\\\/cvinoticias.com\\\/v3\\\/herrera-ahuad-presento-un-programa-de-asistencia-financiera-para-productores\\\/\"]}]},{\"@type\":\"ImageObject\",\"inLanguage\":\"es\",\"@id\":\"https:\\\/\\\/cvinoticias.com\\\/v3\\\/herrera-ahuad-presento-un-programa-de-asistencia-financiera-para-productores\\\/#primaryimage\",\"url\":\"https:\\\/\\\/cvinoticias.com\\\/wp-content\\\/uploads\\\/2022\\\/01\\\/FB_IMG_1641838910891.jpg\",\"contentUrl\":\"https:\\\/\\\/cvinoticias.com\\\/wp-content\\\/uploads\\\/2022\\\/01\\\/FB_IMG_1641838910891.jpg\",\"width\":1080,\"height\":720},{\"@type\":\"BreadcrumbList\",\"@id\":\"https:\\\/\\\/cvinoticias.com\\\/v3\\\/herrera-ahuad-presento-un-programa-de-asistencia-financiera-para-productores\\\/#breadcrumb\",\"itemListElement\":[{\"@type\":\"ListItem\",\"position\":1,\"name\":\"Portada\",\"item\":\"https:\\\/\\\/cvinoticias.com\\\/v3\\\/\"},{\"@type\":\"ListItem\",\"position\":2,\"name\":\"Herrera Ahuad present\u00f3 un programa de asistencia financiera para productores\"}]},{\"@type\":\"WebSite\",\"@id\":\"https:\\\/\\\/cvinoticias.com\\\/v3\\\/#website\",\"url\":\"https:\\\/\\\/cvinoticias.com\\\/v3\\\/\",\"name\":\"CVI NOTICIAS\",\"description\":\"\",\"publisher\":{\"@id\":\"https:\\\/\\\/cvinoticias.com\\\/v3\\\/#organization\"},\"alternateName\":\"CVI\",\"potentialAction\":[{\"@type\":\"SearchAction\",\"target\":{\"@type\":\"EntryPoint\",\"urlTemplate\":\"https:\\\/\\\/cvinoticias.com\\\/v3\\\/?s={search_term_string}\"},\"query-input\":{\"@type\":\"PropertyValueSpecification\",\"valueRequired\":true,\"valueName\":\"search_term_string\"}}],\"inLanguage\":\"es\"},{\"@type\":\"Organization\",\"@id\":\"https:\\\/\\\/cvinoticias.com\\\/v3\\\/#organization\",\"name\":\"CVI NOTICIAS\",\"url\":\"https:\\\/\\\/cvinoticias.com\\\/v3\\\/\",\"logo\":{\"@type\":\"ImageObject\",\"inLanguage\":\"es\",\"@id\":\"https:\\\/\\\/cvinoticias.com\\\/v3\\\/#\\\/schema\\\/logo\\\/image\\\/\",\"url\":\"https:\\\/\\\/cvinoticias.com\\\/wp-content\\\/uploads\\\/2023\\\/04\\\/cropped-cropped-cropped-cropped-cropped-3-1.png\",\"contentUrl\":\"https:\\\/\\\/cvinoticias.com\\\/wp-content\\\/uploads\\\/2023\\\/04\\\/cropped-cropped-cropped-cropped-cropped-3-1.png\",\"width\":95,\"height\":122,\"caption\":\"CVI NOTICIAS\"},\"image\":{\"@id\":\"https:\\\/\\\/cvinoticias.com\\\/v3\\\/#\\\/schema\\\/logo\\\/image\\\/\"},\"sameAs\":[\"https:\\\/\\\/www.facebook.com\\\/cvinoticias\",\"https:\\\/\\\/www.instagram.com\\\/cvinoticias\\\/\",\"https:\\\/\\\/www.youtube.com\\\/@CVINOTICIAS\"]},{\"@type\":\"Person\",\"@id\":\"https:\\\/\\\/cvinoticias.com\\\/v3\\\/#\\\/schema\\\/person\\\/2db77e3c6bc03c538495d7b2b8be9b66\",\"name\":\"f1000024\",\"image\":{\"@type\":\"ImageObject\",\"inLanguage\":\"es\",\"@id\":\"https:\\\/\\\/secure.gravatar.com\\\/avatar\\\/d4fe7459cfc51ff5129ce1a732bbef5928568b8092d412ef95611616376bbeed?s=96&d=mm&r=g\",\"url\":\"https:\\\/\\\/secure.gravatar.com\\\/avatar\\\/d4fe7459cfc51ff5129ce1a732bbef5928568b8092d412ef95611616376bbeed?s=96&d=mm&r=g\",\"contentUrl\":\"https:\\\/\\\/secure.gravatar.com\\\/avatar\\\/d4fe7459cfc51ff5129ce1a732bbef5928568b8092d412ef95611616376bbeed?s=96&d=mm&r=g\",\"caption\":\"f1000024\"},\"url\":\"https:\\\/\\\/cvinoticias.com\\\/v3\\\/author\\\/f1000024\\\/\"}]}<\/script>\n<!-- \/ Yoast SEO plugin. -->","yoast_head_json":{"title":"Herrera Ahuad present\u00f3 un programa de asistencia financiera para productores | CVI NOTICIAS","robots":{"index":"index","follow":"follow","max-snippet":"max-snippet:-1","max-image-preview":"max-image-preview:large","max-video-preview":"max-video-preview:-1"},"canonical":"https:\/\/cvinoticias.com\/v3\/herrera-ahuad-presento-un-programa-de-asistencia-financiera-para-productores\/","og_locale":"es_ES","og_type":"article","og_title":"Herrera Ahuad present\u00f3 un programa de asistencia financiera para productores | CVI NOTICIAS","og_description":"El Gobernador anunci\u00f3 las l\u00edneas de cr\u00e9dito con las que se asistir\u00e1 a los productores que sufrieron p\u00e9rdidas, ya sea por la sequ\u00eda o por los incendios. Herrera Ahuad recalc\u00f3 que el acceso a estos beneficios se dar\u00e1 de forma r\u00e1pida y precisa con condiciones m\u00ednimas y que en la primera etapa se prev\u00e9 llegar [&hellip;]","og_url":"https:\/\/cvinoticias.com\/v3\/herrera-ahuad-presento-un-programa-de-asistencia-financiera-para-productores\/","og_site_name":"CVI NOTICIAS","article_publisher":"https:\/\/www.facebook.com\/cvinoticias","article_published_time":"2022-01-10T18:30:56+00:00","og_image":[{"width":1080,"height":720,"url":"https:\/\/cvinoticias.com\/wp-content\/uploads\/2022\/01\/FB_IMG_1641838910891.jpg","type":"image\/jpeg"}],"author":"f1000024","twitter_card":"summary_large_image","twitter_misc":{"Escrito por":"f1000024","Tiempo de lectura":"4 minutos"},"schema":{"@context":"https:\/\/schema.org","@graph":[{"@type":"Article","@id":"https:\/\/cvinoticias.com\/v3\/herrera-ahuad-presento-un-programa-de-asistencia-financiera-para-productores\/#article","isPartOf":{"@id":"https:\/\/cvinoticias.com\/v3\/herrera-ahuad-presento-un-programa-de-asistencia-financiera-para-productores\/"},"author":{"name":"f1000024","@id":"https:\/\/cvinoticias.com\/v3\/#\/schema\/person\/2db77e3c6bc03c538495d7b2b8be9b66"},"headline":"Herrera Ahuad present\u00f3 un programa de asistencia financiera para productores","datePublished":"2022-01-10T18:30:56+00:00","mainEntityOfPage":{"@id":"https:\/\/cvinoticias.com\/v3\/herrera-ahuad-presento-un-programa-de-asistencia-financiera-para-productores\/"},"wordCount":876,"commentCount":0,"publisher":{"@id":"https:\/\/cvinoticias.com\/v3\/#organization"},"image":{"@id":"https:\/\/cvinoticias.com\/v3\/herrera-ahuad-presento-un-programa-de-asistencia-financiera-para-productores\/#primaryimage"},"thumbnailUrl":"https:\/\/cvinoticias.com\/wp-content\/uploads\/2022\/01\/FB_IMG_1641838910891.jpg","articleSection":["Provinciales"],"inLanguage":"es","potentialAction":[{"@type":"CommentAction","name":"Comment","target":["https:\/\/cvinoticias.com\/v3\/herrera-ahuad-presento-un-programa-de-asistencia-financiera-para-productores\/#respond"]}]},{"@type":"WebPage","@id":"https:\/\/cvinoticias.com\/v3\/herrera-ahuad-presento-un-programa-de-asistencia-financiera-para-productores\/","url":"https:\/\/cvinoticias.com\/v3\/herrera-ahuad-presento-un-programa-de-asistencia-financiera-para-productores\/","name":"Herrera Ahuad present\u00f3 un programa de asistencia financiera para productores | CVI NOTICIAS","isPartOf":{"@id":"https:\/\/cvinoticias.com\/v3\/#website"},"primaryImageOfPage":{"@id":"https:\/\/cvinoticias.com\/v3\/herrera-ahuad-presento-un-programa-de-asistencia-financiera-para-productores\/#primaryimage"},"image":{"@id":"https:\/\/cvinoticias.com\/v3\/herrera-ahuad-presento-un-programa-de-asistencia-financiera-para-productores\/#primaryimage"},"thumbnailUrl":"https:\/\/cvinoticias.com\/wp-content\/uploads\/2022\/01\/FB_IMG_1641838910891.jpg","datePublished":"2022-01-10T18:30:56+00:00","breadcrumb":{"@id":"https:\/\/cvinoticias.com\/v3\/herrera-ahuad-presento-un-programa-de-asistencia-financiera-para-productores\/#breadcrumb"},"inLanguage":"es","potentialAction":[{"@type":"ReadAction","target":["https:\/\/cvinoticias.com\/v3\/herrera-ahuad-presento-un-programa-de-asistencia-financiera-para-productores\/"]}]},{"@type":"ImageObject","inLanguage":"es","@id":"https:\/\/cvinoticias.com\/v3\/herrera-ahuad-presento-un-programa-de-asistencia-financiera-para-productores\/#primaryimage","url":"https:\/\/cvinoticias.com\/wp-content\/uploads\/2022\/01\/FB_IMG_1641838910891.jpg","contentUrl":"https:\/\/cvinoticias.com\/wp-content\/uploads\/2022\/01\/FB_IMG_1641838910891.jpg","width":1080,"height":720},{"@type":"BreadcrumbList","@id":"https:\/\/cvinoticias.com\/v3\/herrera-ahuad-presento-un-programa-de-asistencia-financiera-para-productores\/#breadcrumb","itemListElement":[{"@type":"ListItem","position":1,"name":"Portada","item":"https:\/\/cvinoticias.com\/v3\/"},{"@type":"ListItem","position":2,"name":"Herrera Ahuad present\u00f3 un programa de asistencia financiera para productores"}]},{"@type":"WebSite","@id":"https:\/\/cvinoticias.com\/v3\/#website","url":"https:\/\/cvinoticias.com\/v3\/","name":"CVI NOTICIAS","description":"","publisher":{"@id":"https:\/\/cvinoticias.com\/v3\/#organization"},"alternateName":"CVI","potentialAction":[{"@type":"SearchAction","target":{"@type":"EntryPoint","urlTemplate":"https:\/\/cvinoticias.com\/v3\/?s={search_term_string}"},"query-input":{"@type":"PropertyValueSpecification","valueRequired":true,"valueName":"search_term_string"}}],"inLanguage":"es"},{"@type":"Organization","@id":"https:\/\/cvinoticias.com\/v3\/#organization","name":"CVI NOTICIAS","url":"https:\/\/cvinoticias.com\/v3\/","logo":{"@type":"ImageObject","inLanguage":"es","@id":"https:\/\/cvinoticias.com\/v3\/#\/schema\/logo\/image\/","url":"https:\/\/cvinoticias.com\/wp-content\/uploads\/2023\/04\/cropped-cropped-cropped-cropped-cropped-3-1.png","contentUrl":"https:\/\/cvinoticias.com\/wp-content\/uploads\/2023\/04\/cropped-cropped-cropped-cropped-cropped-3-1.png","width":95,"height":122,"caption":"CVI NOTICIAS"},"image":{"@id":"https:\/\/cvinoticias.com\/v3\/#\/schema\/logo\/image\/"},"sameAs":["https:\/\/www.facebook.com\/cvinoticias","https:\/\/www.instagram.com\/cvinoticias\/","https:\/\/www.youtube.com\/@CVINOTICIAS"]},{"@type":"Person","@id":"https:\/\/cvinoticias.com\/v3\/#\/schema\/person\/2db77e3c6bc03c538495d7b2b8be9b66","name":"f1000024","image":{"@type":"ImageObject","inLanguage":"es","@id":"https:\/\/secure.gravatar.com\/avatar\/d4fe7459cfc51ff5129ce1a732bbef5928568b8092d412ef95611616376bbeed?s=96&d=mm&r=g","url":"https:\/\/secure.gravatar.com\/avatar\/d4fe7459cfc51ff5129ce1a732bbef5928568b8092d412ef95611616376bbeed?s=96&d=mm&r=g","contentUrl":"https:\/\/secure.gravatar.com\/avatar\/d4fe7459cfc51ff5129ce1a732bbef5928568b8092d412ef95611616376bbeed?s=96&d=mm&r=g","caption":"f1000024"},"url":"https:\/\/cvinoticias.com\/v3\/author\/f1000024\/"}]}},"_links":{"self":[{"href":"https:\/\/cvinoticias.com\/v3\/wp-json\/wp\/v2\/posts\/12165","targetHints":{"allow":["GET"]}}],"collection":[{"href":"https:\/\/cvinoticias.com\/v3\/wp-json\/wp\/v2\/posts"}],"about":[{"href":"https:\/\/cvinoticias.com\/v3\/wp-json\/wp\/v2\/types\/post"}],"author":[{"embeddable":true,"href":"https:\/\/cvinoticias.com\/v3\/wp-json\/wp\/v2\/users\/2"}],"replies":[{"embeddable":true,"href":"https:\/\/cvinoticias.com\/v3\/wp-json\/wp\/v2\/comments?post=12165"}],"version-history":[{"count":1,"href":"https:\/\/cvinoticias.com\/v3\/wp-json\/wp\/v2\/posts\/12165\/revisions"}],"predecessor-version":[{"id":12170,"href":"https:\/\/cvinoticias.com\/v3\/wp-json\/wp\/v2\/posts\/12165\/revisions\/12170"}],"wp:featuredmedia":[{"embeddable":true,"href":"https:\/\/cvinoticias.com\/v3\/wp-json\/wp\/v2\/media\/12169"}],"wp:attachment":[{"href":"https:\/\/cvinoticias.com\/v3\/wp-json\/wp\/v2\/media?parent=12165"}],"wp:term":[{"taxonomy":"category","embeddable":true,"href":"https:\/\/cvinoticias.com\/v3\/wp-json\/wp\/v2\/categories?post=12165"},{"taxonomy":"post_tag","embeddable":true,"href":"https:\/\/cvinoticias.com\/v3\/wp-json\/wp\/v2\/tags?post=12165"}],"curies":[{"name":"wp","href":"https:\/\/api.w.org\/{rel}","templated":true}]}}