{"id":12155,"date":"2022-01-10T16:38:36","date_gmt":"2022-01-10T16:38:36","guid":{"rendered":"https:\/\/cvinoticias.com\/v3\/?p=12155"},"modified":"2022-01-10T16:38:36","modified_gmt":"2022-01-10T16:38:36","slug":"el-gobierno-de-misiones-lanzo-el-programa-de-asistencia-por-emergencia-agropecuaria","status":"publish","type":"post","link":"https:\/\/cvinoticias.com\/v3\/el-gobierno-de-misiones-lanzo-el-programa-de-asistencia-por-emergencia-agropecuaria\/","title":{"rendered":"El Gobierno de Misiones lanz\u00f3 el Programa de Asistencia por Emergencia Agropecuaria"},"content":{"rendered":"\n<p><strong><em>La iniciativa consta de cr\u00e9ditos a tasa cero y aportes no reintegrables para el sector agropecuario. \u00abDesde hoy tenemos disponibles todas las herramientas necesarias para acompa\u00f1ar y ayudar a la producci\u00f3n agropecuaria de Misiones\u00bb, afirm\u00f3 el gobernador Oscar Herrera Ahuad.<\/em><\/strong><\/p>\n\n\n\n<p>El Gobierno de Misiones lanz\u00f3 esta ma\u00f1ana el Programa de Asistencia por Emergencia Agropecuaria para dar apoyo al sector agropecuario que se encuentra en emergencia por los da\u00f1os provocados por el d\u00e9ficit h\u00eddrico que afecta a la regi\u00f3n desde hace meses.<\/p>\n\n\n\n<p>\u00abDesde hoy tenemos disponibles todas las herramientas necesarias para acompa\u00f1ar y ayudar a la producci\u00f3n agropecuaria de Misiones\u00bb, afirm\u00f3 el gobernador Oscar Herrera Ahuad al anunciar el lanzamiento de una l\u00ednea de cr\u00e9ditos a tasa cero para el sector, y un programa de aportes no reintegrables.<\/p>\n\n\n\n<p>En lo que refiere a los cr\u00e9ditos, se trata del acceso a ayudas de entre $100.000 y $200.000, a tasa cero, con un a\u00f1o de gracia y 48 cuotas para su devoluci\u00f3n. Adem\u00e1s, se indic\u00f3 que el tr\u00e1mite de acceso ser\u00e1 sencillo, r\u00e1pido y sin las exigencias de los programas de cr\u00e9ditos tradicionales, puesto que contar\u00e1n con el respaldo del gobierno provincial.<\/p>\n\n\n\n<p>\u00abEstos cr\u00e9ditos se tramitan en forma directa entre el productor y las instituciones del gobierno provincial que obran como gestores para tener ese resultado. Nadie tiene que hipotecar ni su chacra, ni su veh\u00edculo, ni su casa para acceder a estos cr\u00e9ditos\u00bb, explic\u00f3 Herrera Ahuad. En el mismo sentido, Adolfo Safr\u00e1n, titular del ministerio de Hacienda indic\u00f3 que \u00abser\u00e1n tr\u00e1mites sencillos en el marco de la emergencia\u00bb.<\/p>\n\n\n\n<p>Sobre las condiciones, el Gobernador indic\u00f3 que ser\u00e1n \u00abm\u00ednimas en cuanto a la documentaci\u00f3n, porque entendemos que deben resultarle r\u00e1pidos, pr\u00e1cticos y que el productor pueda con ese monto acceder a la compra de elementos esenciales como el acceso al agua, semillas, o elementos de m\u00e1xima necesidad\u00bb. Herrera llam\u00f3 a que los productores que tengan la posibilidad \u00abque accedan con la tranquilidad, seguridad y certeza que para estos cr\u00e9ditos no se necesitan las exigencias de calificaci\u00f3n que se necesita para otras entidades financieras\u00bb.<\/p>\n\n\n\n<p>\u00abBajo ning\u00fan punto de vista se le hipoteca nada al productor misionero, al contrario, se lo ayuda y se lo acompa\u00f1a para caminar juntos este tiempo dif\u00edcil que vive la Argentina para el sector rural\u00bb, afirm\u00f3 el Gobernador.<\/p>\n\n\n\n<p>Todas estas ayudas ya pueden comenzar a tramitarse, y los productores pueden asesorarse, a trav\u00e9s de los Ministerios del Agro y la Producci\u00f3n y de Agricultura Familiar, o bien a trav\u00e9s del Instituto de Fomento Agropecuario e Industrial (IFAI).<\/p>\n\n\n\n<figure class=\"wp-block-image size-large\"><a href=\"https:\/\/cvinoticias.com\/wp-content\/uploads\/2022\/01\/IMG-20220110-WA0041.jpg\"><img decoding=\"async\" width=\"1024\" height=\"682\" data-src=\"https:\/\/cvinoticias.com\/wp-content\/uploads\/2022\/01\/IMG-20220110-WA0041-1024x682.jpg\" alt=\"\" class=\"wp-image-12157 lazyload\" data-srcset=\"https:\/\/cvinoticias.com\/wp-content\/uploads\/2022\/01\/IMG-20220110-WA0041-1024x682.jpg 1024w, https:\/\/cvinoticias.com\/wp-content\/uploads\/2022\/01\/IMG-20220110-WA0041-300x200.jpg 300w, https:\/\/cvinoticias.com\/wp-content\/uploads\/2022\/01\/IMG-20220110-WA0041-768x512.jpg 768w, https:\/\/cvinoticias.com\/wp-content\/uploads\/2022\/01\/IMG-20220110-WA0041.jpg 1280w\" data-sizes=\"(max-width: 1024px) 100vw, 1024px\" src=\"data:image\/svg+xml;base64,PHN2ZyB3aWR0aD0iMSIgaGVpZ2h0PSIxIiB4bWxucz0iaHR0cDovL3d3dy53My5vcmcvMjAwMC9zdmciPjwvc3ZnPg==\" style=\"--smush-placeholder-width: 1024px; --smush-placeholder-aspect-ratio: 1024\/682;\" \/><\/a><\/figure>\n\n\n\n<figure class=\"wp-block-image size-large\"><a href=\"https:\/\/cvinoticias.com\/wp-content\/uploads\/2022\/01\/IMG-20220110-WA0039.jpg\"><img decoding=\"async\" width=\"1024\" height=\"682\" data-src=\"https:\/\/cvinoticias.com\/wp-content\/uploads\/2022\/01\/IMG-20220110-WA0039-1024x682.jpg\" alt=\"\" class=\"wp-image-12158 lazyload\" data-srcset=\"https:\/\/cvinoticias.com\/wp-content\/uploads\/2022\/01\/IMG-20220110-WA0039-1024x682.jpg 1024w, https:\/\/cvinoticias.com\/wp-content\/uploads\/2022\/01\/IMG-20220110-WA0039-300x200.jpg 300w, https:\/\/cvinoticias.com\/wp-content\/uploads\/2022\/01\/IMG-20220110-WA0039-768x512.jpg 768w, https:\/\/cvinoticias.com\/wp-content\/uploads\/2022\/01\/IMG-20220110-WA0039.jpg 1280w\" data-sizes=\"(max-width: 1024px) 100vw, 1024px\" src=\"data:image\/svg+xml;base64,PHN2ZyB3aWR0aD0iMSIgaGVpZ2h0PSIxIiB4bWxucz0iaHR0cDovL3d3dy53My5vcmcvMjAwMC9zdmciPjwvc3ZnPg==\" style=\"--smush-placeholder-width: 1024px; --smush-placeholder-aspect-ratio: 1024\/682;\" \/><\/a><\/figure>\n","protected":false},"excerpt":{"rendered":"<p>La iniciativa consta de cr\u00e9ditos a tasa cero y aportes no reintegrables para el sector agropecuario. \u00abDesde hoy tenemos disponibles todas las herramientas necesarias para acompa\u00f1ar y ayudar a la producci\u00f3n agropecuaria de Misiones\u00bb, afirm\u00f3 el gobernador Oscar Herrera Ahuad. El Gobierno de Misiones lanz\u00f3 esta ma\u00f1ana el Programa de Asistencia por Emergencia Agropecuaria para [&hellip;]<\/p>\n","protected":false},"author":2,"featured_media":12156,"comment_status":"open","ping_status":"open","sticky":false,"template":"","format":"standard","meta":{"footnotes":""},"categories":[43],"tags":[],"class_list":["post-12155","post","type-post","status-publish","format-standard","has-post-thumbnail","hentry","category-provinciales"],"yoast_head":"<!-- This site is optimized with the Yoast SEO plugin v27.4 - https:\/\/yoast.com\/product\/yoast-seo-wordpress\/ -->\n<title>El Gobierno de Misiones lanz\u00f3 el Programa de Asistencia por Emergencia Agropecuaria | CVI NOTICIAS<\/title>\n<meta name=\"robots\" content=\"index, follow, max-snippet:-1, max-image-preview:large, max-video-preview:-1\" \/>\n<link rel=\"canonical\" href=\"https:\/\/cvinoticias.com\/v3\/el-gobierno-de-misiones-lanzo-el-programa-de-asistencia-por-emergencia-agropecuaria\/\" \/>\n<meta property=\"og:locale\" content=\"es_ES\" \/>\n<meta property=\"og:type\" content=\"article\" \/>\n<meta property=\"og:title\" content=\"El Gobierno de Misiones lanz\u00f3 el Programa de Asistencia por Emergencia Agropecuaria | CVI NOTICIAS\" \/>\n<meta property=\"og:description\" content=\"La iniciativa consta de cr\u00e9ditos a tasa cero y aportes no reintegrables para el sector agropecuario. \u00abDesde hoy tenemos disponibles todas las herramientas necesarias para acompa\u00f1ar y ayudar a la producci\u00f3n agropecuaria de Misiones\u00bb, afirm\u00f3 el gobernador Oscar Herrera Ahuad. El Gobierno de Misiones lanz\u00f3 esta ma\u00f1ana el Programa de Asistencia por Emergencia Agropecuaria para [&hellip;]\" \/>\n<meta property=\"og:url\" content=\"https:\/\/cvinoticias.com\/v3\/el-gobierno-de-misiones-lanzo-el-programa-de-asistencia-por-emergencia-agropecuaria\/\" \/>\n<meta property=\"og:site_name\" content=\"CVI NOTICIAS\" \/>\n<meta property=\"article:publisher\" content=\"https:\/\/www.facebook.com\/cvinoticias\" \/>\n<meta property=\"article:published_time\" content=\"2022-01-10T16:38:36+00:00\" \/>\n<meta property=\"og:image\" content=\"https:\/\/cvinoticias.com\/wp-content\/uploads\/2022\/01\/IMG-20220110-WA0040.jpg\" \/>\n\t<meta property=\"og:image:width\" content=\"1280\" \/>\n\t<meta property=\"og:image:height\" content=\"853\" \/>\n\t<meta property=\"og:image:type\" content=\"image\/jpeg\" \/>\n<meta name=\"author\" content=\"f1000024\" \/>\n<meta name=\"twitter:card\" content=\"summary_large_image\" \/>\n<meta name=\"twitter:label1\" content=\"Escrito por\" \/>\n\t<meta name=\"twitter:data1\" content=\"f1000024\" \/>\n\t<meta name=\"twitter:label2\" content=\"Tiempo de lectura\" \/>\n\t<meta name=\"twitter:data2\" content=\"2 minutos\" \/>\n<script type=\"application\/ld+json\" class=\"yoast-schema-graph\">{\"@context\":\"https:\\\/\\\/schema.org\",\"@graph\":[{\"@type\":\"Article\",\"@id\":\"https:\\\/\\\/cvinoticias.com\\\/v3\\\/el-gobierno-de-misiones-lanzo-el-programa-de-asistencia-por-emergencia-agropecuaria\\\/#article\",\"isPartOf\":{\"@id\":\"https:\\\/\\\/cvinoticias.com\\\/v3\\\/el-gobierno-de-misiones-lanzo-el-programa-de-asistencia-por-emergencia-agropecuaria\\\/\"},\"author\":{\"name\":\"f1000024\",\"@id\":\"https:\\\/\\\/cvinoticias.com\\\/v3\\\/#\\\/schema\\\/person\\\/2db77e3c6bc03c538495d7b2b8be9b66\"},\"headline\":\"El Gobierno de Misiones lanz\u00f3 el Programa de Asistencia por Emergencia Agropecuaria\",\"datePublished\":\"2022-01-10T16:38:36+00:00\",\"mainEntityOfPage\":{\"@id\":\"https:\\\/\\\/cvinoticias.com\\\/v3\\\/el-gobierno-de-misiones-lanzo-el-programa-de-asistencia-por-emergencia-agropecuaria\\\/\"},\"wordCount\":465,\"commentCount\":0,\"publisher\":{\"@id\":\"https:\\\/\\\/cvinoticias.com\\\/v3\\\/#organization\"},\"image\":{\"@id\":\"https:\\\/\\\/cvinoticias.com\\\/v3\\\/el-gobierno-de-misiones-lanzo-el-programa-de-asistencia-por-emergencia-agropecuaria\\\/#primaryimage\"},\"thumbnailUrl\":\"https:\\\/\\\/cvinoticias.com\\\/wp-content\\\/uploads\\\/2022\\\/01\\\/IMG-20220110-WA0040.jpg\",\"articleSection\":[\"Provinciales\"],\"inLanguage\":\"es\",\"potentialAction\":[{\"@type\":\"CommentAction\",\"name\":\"Comment\",\"target\":[\"https:\\\/\\\/cvinoticias.com\\\/v3\\\/el-gobierno-de-misiones-lanzo-el-programa-de-asistencia-por-emergencia-agropecuaria\\\/#respond\"]}]},{\"@type\":\"WebPage\",\"@id\":\"https:\\\/\\\/cvinoticias.com\\\/v3\\\/el-gobierno-de-misiones-lanzo-el-programa-de-asistencia-por-emergencia-agropecuaria\\\/\",\"url\":\"https:\\\/\\\/cvinoticias.com\\\/v3\\\/el-gobierno-de-misiones-lanzo-el-programa-de-asistencia-por-emergencia-agropecuaria\\\/\",\"name\":\"El Gobierno de Misiones lanz\u00f3 el Programa de Asistencia por Emergencia Agropecuaria | CVI NOTICIAS\",\"isPartOf\":{\"@id\":\"https:\\\/\\\/cvinoticias.com\\\/v3\\\/#website\"},\"primaryImageOfPage\":{\"@id\":\"https:\\\/\\\/cvinoticias.com\\\/v3\\\/el-gobierno-de-misiones-lanzo-el-programa-de-asistencia-por-emergencia-agropecuaria\\\/#primaryimage\"},\"image\":{\"@id\":\"https:\\\/\\\/cvinoticias.com\\\/v3\\\/el-gobierno-de-misiones-lanzo-el-programa-de-asistencia-por-emergencia-agropecuaria\\\/#primaryimage\"},\"thumbnailUrl\":\"https:\\\/\\\/cvinoticias.com\\\/wp-content\\\/uploads\\\/2022\\\/01\\\/IMG-20220110-WA0040.jpg\",\"datePublished\":\"2022-01-10T16:38:36+00:00\",\"breadcrumb\":{\"@id\":\"https:\\\/\\\/cvinoticias.com\\\/v3\\\/el-gobierno-de-misiones-lanzo-el-programa-de-asistencia-por-emergencia-agropecuaria\\\/#breadcrumb\"},\"inLanguage\":\"es\",\"potentialAction\":[{\"@type\":\"ReadAction\",\"target\":[\"https:\\\/\\\/cvinoticias.com\\\/v3\\\/el-gobierno-de-misiones-lanzo-el-programa-de-asistencia-por-emergencia-agropecuaria\\\/\"]}]},{\"@type\":\"ImageObject\",\"inLanguage\":\"es\",\"@id\":\"https:\\\/\\\/cvinoticias.com\\\/v3\\\/el-gobierno-de-misiones-lanzo-el-programa-de-asistencia-por-emergencia-agropecuaria\\\/#primaryimage\",\"url\":\"https:\\\/\\\/cvinoticias.com\\\/wp-content\\\/uploads\\\/2022\\\/01\\\/IMG-20220110-WA0040.jpg\",\"contentUrl\":\"https:\\\/\\\/cvinoticias.com\\\/wp-content\\\/uploads\\\/2022\\\/01\\\/IMG-20220110-WA0040.jpg\",\"width\":1280,\"height\":853},{\"@type\":\"BreadcrumbList\",\"@id\":\"https:\\\/\\\/cvinoticias.com\\\/v3\\\/el-gobierno-de-misiones-lanzo-el-programa-de-asistencia-por-emergencia-agropecuaria\\\/#breadcrumb\",\"itemListElement\":[{\"@type\":\"ListItem\",\"position\":1,\"name\":\"Portada\",\"item\":\"https:\\\/\\\/cvinoticias.com\\\/v3\\\/\"},{\"@type\":\"ListItem\",\"position\":2,\"name\":\"El Gobierno de Misiones lanz\u00f3 el Programa de Asistencia por Emergencia Agropecuaria\"}]},{\"@type\":\"WebSite\",\"@id\":\"https:\\\/\\\/cvinoticias.com\\\/v3\\\/#website\",\"url\":\"https:\\\/\\\/cvinoticias.com\\\/v3\\\/\",\"name\":\"CVI NOTICIAS\",\"description\":\"\",\"publisher\":{\"@id\":\"https:\\\/\\\/cvinoticias.com\\\/v3\\\/#organization\"},\"alternateName\":\"CVI\",\"potentialAction\":[{\"@type\":\"SearchAction\",\"target\":{\"@type\":\"EntryPoint\",\"urlTemplate\":\"https:\\\/\\\/cvinoticias.com\\\/v3\\\/?s={search_term_string}\"},\"query-input\":{\"@type\":\"PropertyValueSpecification\",\"valueRequired\":true,\"valueName\":\"search_term_string\"}}],\"inLanguage\":\"es\"},{\"@type\":\"Organization\",\"@id\":\"https:\\\/\\\/cvinoticias.com\\\/v3\\\/#organization\",\"name\":\"CVI NOTICIAS\",\"url\":\"https:\\\/\\\/cvinoticias.com\\\/v3\\\/\",\"logo\":{\"@type\":\"ImageObject\",\"inLanguage\":\"es\",\"@id\":\"https:\\\/\\\/cvinoticias.com\\\/v3\\\/#\\\/schema\\\/logo\\\/image\\\/\",\"url\":\"https:\\\/\\\/cvinoticias.com\\\/wp-content\\\/uploads\\\/2023\\\/04\\\/cropped-cropped-cropped-cropped-cropped-3-1.png\",\"contentUrl\":\"https:\\\/\\\/cvinoticias.com\\\/wp-content\\\/uploads\\\/2023\\\/04\\\/cropped-cropped-cropped-cropped-cropped-3-1.png\",\"width\":95,\"height\":122,\"caption\":\"CVI NOTICIAS\"},\"image\":{\"@id\":\"https:\\\/\\\/cvinoticias.com\\\/v3\\\/#\\\/schema\\\/logo\\\/image\\\/\"},\"sameAs\":[\"https:\\\/\\\/www.facebook.com\\\/cvinoticias\",\"https:\\\/\\\/www.instagram.com\\\/cvinoticias\\\/\",\"https:\\\/\\\/www.youtube.com\\\/@CVINOTICIAS\"]},{\"@type\":\"Person\",\"@id\":\"https:\\\/\\\/cvinoticias.com\\\/v3\\\/#\\\/schema\\\/person\\\/2db77e3c6bc03c538495d7b2b8be9b66\",\"name\":\"f1000024\",\"image\":{\"@type\":\"ImageObject\",\"inLanguage\":\"es\",\"@id\":\"https:\\\/\\\/secure.gravatar.com\\\/avatar\\\/d4fe7459cfc51ff5129ce1a732bbef5928568b8092d412ef95611616376bbeed?s=96&d=mm&r=g\",\"url\":\"https:\\\/\\\/secure.gravatar.com\\\/avatar\\\/d4fe7459cfc51ff5129ce1a732bbef5928568b8092d412ef95611616376bbeed?s=96&d=mm&r=g\",\"contentUrl\":\"https:\\\/\\\/secure.gravatar.com\\\/avatar\\\/d4fe7459cfc51ff5129ce1a732bbef5928568b8092d412ef95611616376bbeed?s=96&d=mm&r=g\",\"caption\":\"f1000024\"},\"url\":\"https:\\\/\\\/cvinoticias.com\\\/v3\\\/author\\\/f1000024\\\/\"}]}<\/script>\n<!-- \/ Yoast SEO plugin. -->","yoast_head_json":{"title":"El Gobierno de Misiones lanz\u00f3 el Programa de Asistencia por Emergencia Agropecuaria | CVI NOTICIAS","robots":{"index":"index","follow":"follow","max-snippet":"max-snippet:-1","max-image-preview":"max-image-preview:large","max-video-preview":"max-video-preview:-1"},"canonical":"https:\/\/cvinoticias.com\/v3\/el-gobierno-de-misiones-lanzo-el-programa-de-asistencia-por-emergencia-agropecuaria\/","og_locale":"es_ES","og_type":"article","og_title":"El Gobierno de Misiones lanz\u00f3 el Programa de Asistencia por Emergencia Agropecuaria | CVI NOTICIAS","og_description":"La iniciativa consta de cr\u00e9ditos a tasa cero y aportes no reintegrables para el sector agropecuario. \u00abDesde hoy tenemos disponibles todas las herramientas necesarias para acompa\u00f1ar y ayudar a la producci\u00f3n agropecuaria de Misiones\u00bb, afirm\u00f3 el gobernador Oscar Herrera Ahuad. El Gobierno de Misiones lanz\u00f3 esta ma\u00f1ana el Programa de Asistencia por Emergencia Agropecuaria para [&hellip;]","og_url":"https:\/\/cvinoticias.com\/v3\/el-gobierno-de-misiones-lanzo-el-programa-de-asistencia-por-emergencia-agropecuaria\/","og_site_name":"CVI NOTICIAS","article_publisher":"https:\/\/www.facebook.com\/cvinoticias","article_published_time":"2022-01-10T16:38:36+00:00","og_image":[{"width":1280,"height":853,"url":"https:\/\/cvinoticias.com\/wp-content\/uploads\/2022\/01\/IMG-20220110-WA0040.jpg","type":"image\/jpeg"}],"author":"f1000024","twitter_card":"summary_large_image","twitter_misc":{"Escrito por":"f1000024","Tiempo de lectura":"2 minutos"},"schema":{"@context":"https:\/\/schema.org","@graph":[{"@type":"Article","@id":"https:\/\/cvinoticias.com\/v3\/el-gobierno-de-misiones-lanzo-el-programa-de-asistencia-por-emergencia-agropecuaria\/#article","isPartOf":{"@id":"https:\/\/cvinoticias.com\/v3\/el-gobierno-de-misiones-lanzo-el-programa-de-asistencia-por-emergencia-agropecuaria\/"},"author":{"name":"f1000024","@id":"https:\/\/cvinoticias.com\/v3\/#\/schema\/person\/2db77e3c6bc03c538495d7b2b8be9b66"},"headline":"El Gobierno de Misiones lanz\u00f3 el Programa de Asistencia por Emergencia Agropecuaria","datePublished":"2022-01-10T16:38:36+00:00","mainEntityOfPage":{"@id":"https:\/\/cvinoticias.com\/v3\/el-gobierno-de-misiones-lanzo-el-programa-de-asistencia-por-emergencia-agropecuaria\/"},"wordCount":465,"commentCount":0,"publisher":{"@id":"https:\/\/cvinoticias.com\/v3\/#organization"},"image":{"@id":"https:\/\/cvinoticias.com\/v3\/el-gobierno-de-misiones-lanzo-el-programa-de-asistencia-por-emergencia-agropecuaria\/#primaryimage"},"thumbnailUrl":"https:\/\/cvinoticias.com\/wp-content\/uploads\/2022\/01\/IMG-20220110-WA0040.jpg","articleSection":["Provinciales"],"inLanguage":"es","potentialAction":[{"@type":"CommentAction","name":"Comment","target":["https:\/\/cvinoticias.com\/v3\/el-gobierno-de-misiones-lanzo-el-programa-de-asistencia-por-emergencia-agropecuaria\/#respond"]}]},{"@type":"WebPage","@id":"https:\/\/cvinoticias.com\/v3\/el-gobierno-de-misiones-lanzo-el-programa-de-asistencia-por-emergencia-agropecuaria\/","url":"https:\/\/cvinoticias.com\/v3\/el-gobierno-de-misiones-lanzo-el-programa-de-asistencia-por-emergencia-agropecuaria\/","name":"El Gobierno de Misiones lanz\u00f3 el Programa de Asistencia por Emergencia Agropecuaria | CVI NOTICIAS","isPartOf":{"@id":"https:\/\/cvinoticias.com\/v3\/#website"},"primaryImageOfPage":{"@id":"https:\/\/cvinoticias.com\/v3\/el-gobierno-de-misiones-lanzo-el-programa-de-asistencia-por-emergencia-agropecuaria\/#primaryimage"},"image":{"@id":"https:\/\/cvinoticias.com\/v3\/el-gobierno-de-misiones-lanzo-el-programa-de-asistencia-por-emergencia-agropecuaria\/#primaryimage"},"thumbnailUrl":"https:\/\/cvinoticias.com\/wp-content\/uploads\/2022\/01\/IMG-20220110-WA0040.jpg","datePublished":"2022-01-10T16:38:36+00:00","breadcrumb":{"@id":"https:\/\/cvinoticias.com\/v3\/el-gobierno-de-misiones-lanzo-el-programa-de-asistencia-por-emergencia-agropecuaria\/#breadcrumb"},"inLanguage":"es","potentialAction":[{"@type":"ReadAction","target":["https:\/\/cvinoticias.com\/v3\/el-gobierno-de-misiones-lanzo-el-programa-de-asistencia-por-emergencia-agropecuaria\/"]}]},{"@type":"ImageObject","inLanguage":"es","@id":"https:\/\/cvinoticias.com\/v3\/el-gobierno-de-misiones-lanzo-el-programa-de-asistencia-por-emergencia-agropecuaria\/#primaryimage","url":"https:\/\/cvinoticias.com\/wp-content\/uploads\/2022\/01\/IMG-20220110-WA0040.jpg","contentUrl":"https:\/\/cvinoticias.com\/wp-content\/uploads\/2022\/01\/IMG-20220110-WA0040.jpg","width":1280,"height":853},{"@type":"BreadcrumbList","@id":"https:\/\/cvinoticias.com\/v3\/el-gobierno-de-misiones-lanzo-el-programa-de-asistencia-por-emergencia-agropecuaria\/#breadcrumb","itemListElement":[{"@type":"ListItem","position":1,"name":"Portada","item":"https:\/\/cvinoticias.com\/v3\/"},{"@type":"ListItem","position":2,"name":"El Gobierno de Misiones lanz\u00f3 el Programa de Asistencia por Emergencia Agropecuaria"}]},{"@type":"WebSite","@id":"https:\/\/cvinoticias.com\/v3\/#website","url":"https:\/\/cvinoticias.com\/v3\/","name":"CVI NOTICIAS","description":"","publisher":{"@id":"https:\/\/cvinoticias.com\/v3\/#organization"},"alternateName":"CVI","potentialAction":[{"@type":"SearchAction","target":{"@type":"EntryPoint","urlTemplate":"https:\/\/cvinoticias.com\/v3\/?s={search_term_string}"},"query-input":{"@type":"PropertyValueSpecification","valueRequired":true,"valueName":"search_term_string"}}],"inLanguage":"es"},{"@type":"Organization","@id":"https:\/\/cvinoticias.com\/v3\/#organization","name":"CVI NOTICIAS","url":"https:\/\/cvinoticias.com\/v3\/","logo":{"@type":"ImageObject","inLanguage":"es","@id":"https:\/\/cvinoticias.com\/v3\/#\/schema\/logo\/image\/","url":"https:\/\/cvinoticias.com\/wp-content\/uploads\/2023\/04\/cropped-cropped-cropped-cropped-cropped-3-1.png","contentUrl":"https:\/\/cvinoticias.com\/wp-content\/uploads\/2023\/04\/cropped-cropped-cropped-cropped-cropped-3-1.png","width":95,"height":122,"caption":"CVI NOTICIAS"},"image":{"@id":"https:\/\/cvinoticias.com\/v3\/#\/schema\/logo\/image\/"},"sameAs":["https:\/\/www.facebook.com\/cvinoticias","https:\/\/www.instagram.com\/cvinoticias\/","https:\/\/www.youtube.com\/@CVINOTICIAS"]},{"@type":"Person","@id":"https:\/\/cvinoticias.com\/v3\/#\/schema\/person\/2db77e3c6bc03c538495d7b2b8be9b66","name":"f1000024","image":{"@type":"ImageObject","inLanguage":"es","@id":"https:\/\/secure.gravatar.com\/avatar\/d4fe7459cfc51ff5129ce1a732bbef5928568b8092d412ef95611616376bbeed?s=96&d=mm&r=g","url":"https:\/\/secure.gravatar.com\/avatar\/d4fe7459cfc51ff5129ce1a732bbef5928568b8092d412ef95611616376bbeed?s=96&d=mm&r=g","contentUrl":"https:\/\/secure.gravatar.com\/avatar\/d4fe7459cfc51ff5129ce1a732bbef5928568b8092d412ef95611616376bbeed?s=96&d=mm&r=g","caption":"f1000024"},"url":"https:\/\/cvinoticias.com\/v3\/author\/f1000024\/"}]}},"_links":{"self":[{"href":"https:\/\/cvinoticias.com\/v3\/wp-json\/wp\/v2\/posts\/12155","targetHints":{"allow":["GET"]}}],"collection":[{"href":"https:\/\/cvinoticias.com\/v3\/wp-json\/wp\/v2\/posts"}],"about":[{"href":"https:\/\/cvinoticias.com\/v3\/wp-json\/wp\/v2\/types\/post"}],"author":[{"embeddable":true,"href":"https:\/\/cvinoticias.com\/v3\/wp-json\/wp\/v2\/users\/2"}],"replies":[{"embeddable":true,"href":"https:\/\/cvinoticias.com\/v3\/wp-json\/wp\/v2\/comments?post=12155"}],"version-history":[{"count":1,"href":"https:\/\/cvinoticias.com\/v3\/wp-json\/wp\/v2\/posts\/12155\/revisions"}],"predecessor-version":[{"id":12159,"href":"https:\/\/cvinoticias.com\/v3\/wp-json\/wp\/v2\/posts\/12155\/revisions\/12159"}],"wp:featuredmedia":[{"embeddable":true,"href":"https:\/\/cvinoticias.com\/v3\/wp-json\/wp\/v2\/media\/12156"}],"wp:attachment":[{"href":"https:\/\/cvinoticias.com\/v3\/wp-json\/wp\/v2\/media?parent=12155"}],"wp:term":[{"taxonomy":"category","embeddable":true,"href":"https:\/\/cvinoticias.com\/v3\/wp-json\/wp\/v2\/categories?post=12155"},{"taxonomy":"post_tag","embeddable":true,"href":"https:\/\/cvinoticias.com\/v3\/wp-json\/wp\/v2\/tags?post=12155"}],"curies":[{"name":"wp","href":"https:\/\/api.w.org\/{rel}","templated":true}]}}