{"id":12152,"date":"2022-01-10T12:53:13","date_gmt":"2022-01-10T12:53:13","guid":{"rendered":"https:\/\/cvinoticias.com\/v3\/?p=12152"},"modified":"2022-01-10T12:53:13","modified_gmt":"2022-01-10T12:53:13","slug":"botulismo-en-andresito-una-nina-de-28-meses-y-una-joven-de-19-anos-siguen-con-respirador","status":"publish","type":"post","link":"https:\/\/cvinoticias.com\/v3\/botulismo-en-andresito-una-nina-de-28-meses-y-una-joven-de-19-anos-siguen-con-respirador\/","title":{"rendered":"Botulismo en Andresito: una ni\u00f1a de 28 meses y una joven de 19 a\u00f1os siguen con respirador"},"content":{"rendered":"\n<h2 class=\"wp-block-heading\">Este lunes llegan cuatro ampollas m\u00e1s del suero antibotul\u00ednico para atender a los pacientes.<\/h2>\n\n\n\n<p>Durante las primeras horas del domingo entr\u00f3 en un\u00a0estado cr\u00edtico la salud de la paciente de 28 meses internada por el brote de botulismo de Comandante Andresito. La ni\u00f1a se encuentra en\u00a0terapia intensiva en el Hospital SAMIC de Eldorado\u00a0y hasta \u00faltima hora de ayer segu\u00eda muy delicada.<\/p>\n\n\n\n<p>De la misma forma, durante la tarde de ayer\u00a0una joven de 19 a\u00f1os present\u00f3 una involuci\u00f3n\u00a0de su cuadro mientras permanec\u00eda en internaci\u00f3n en el\u00a0Hospital SAMIC de Puerto Iguaz\u00fa, por lo cual requiri\u00f3\u00a0asistencia respiratoria mec\u00e1nica.<\/p>\n\n\n\n<p>A su vez,\u00a0otra paciente de 24 a\u00f1os permanece con respirador y sin responder a la medicaci\u00f3n.<\/p>\n\n\n\n<p>Actualmente, en la provincia son en total\u00a010 las personas internadas con s\u00edntomas de botulismo. Durante este fin de semana, ingresaron tres personas al Hospital SAMIC de Puerto Iguaz\u00fa con cuadros cl\u00ednicos compatibles con la intoxicaci\u00f3n bacteriana. Previamente, fueron dos los adultos ingresados en terapia intensiva en ese mismo nosocomio derivadas desde Comandante Andresito.<\/p>\n\n\n\n<p>A nivel provincial,\u00a05 pacientes se encuentran en el Hospital SAMIC de Eldorado. Tres son adultos y hay dos pacientes pedi\u00e1tricos: un ni\u00f1o de tres a\u00f1os y nueve meses, (estable y con buena evoluci\u00f3n) y una ni\u00f1a de 28 meses (en estado cr\u00edtico). En tanto que en Iguaz\u00fa, son 5 las personas internadas, cuatro de ellas en terapia intensiva.<\/p>\n\n\n\n<h5 class=\"wp-block-heading\">M\u00e1s suero<\/h5>\n\n\n\n<p>Fuentes consultadas aclararon que\u00a0para este lunes estar\u00edan llegando cuatro ampollas m\u00e1s de suero antibotul\u00ednico, utilizado para este tipo de afecci\u00f3n. Cuando surgieron los casos relacionados con un posible botulismo, se pidi\u00f3 a Salud P\u00fablica de Naci\u00f3n un total de 50 ampollas, las cuales\u00a0se usan una por paciente y en el caso de los adultos dos. En funci\u00f3n de la evoluci\u00f3n del paciente, pueden requerirse m\u00e1s\u00a0dosis del ant\u00eddoto.<\/p>\n\n\n\n<p>En cuanto a la confirmaci\u00f3n de botulismo por laboratorio, aclararon que se tomaron las muestras correspondientes para ser enviadas al ANLIS Malbr\u00e1n y esperan tener mayor informaci\u00f3n durante esta semana. Sin embargo, desde la cartera sanitaria aseguraron que\u00a0bas\u00e1ndose en la sintomatolog\u00eda y la relaci\u00f3n entre las personas afectadas, se tomaron los casos como si fueran confirmados\u00a0para iniciar el tratamiento correspondiente. Esto se debe a que las primeras horas son fundamentales, ya que una evoluci\u00f3n del cuadro puede dejar da\u00f1os irreparables o llegar a la muerte del paciente.<\/p>\n\n\n\n<p>Por ello desde Salud P\u00fablica precisaron que\u00a0contin\u00faan los operativos sanitarios en Comandante Andresito, donde no registraron nuevos afectados. Por el momento, en base a la inspecci\u00f3n realizada y los datos recolectados, indicaron que\u00a0no detectaron una comercializaci\u00f3n de los chacinados producidos con animales de monte. De tal manera, estiman que la elaboraci\u00f3n casera de estos productos estaba destinada al\u00a0consumo familiar y para ser compartida entre allegados.<\/p>\n\n\n\n<p>Cabe recordar que el botulismo alimentario es causado por las<strong>\u00a0toxinas producidas por la bacteria Clostridium botulinum<\/strong>. Las personas pueden ser afectadas luego del consumo de\u00a0alimentos que no son debidamente higienizados o preparados para el consumo siguiendo las normas sanitarias<\/p>\n","protected":false},"excerpt":{"rendered":"<p>Este lunes llegan cuatro ampollas m\u00e1s del suero antibotul\u00ednico para atender a los pacientes. Durante las primeras horas del domingo entr\u00f3 en un\u00a0estado cr\u00edtico la salud de la paciente de 28 meses internada por el brote de botulismo de Comandante Andresito. La ni\u00f1a se encuentra en\u00a0terapia intensiva en el Hospital SAMIC de Eldorado\u00a0y hasta \u00faltima [&hellip;]<\/p>\n","protected":false},"author":2,"featured_media":12153,"comment_status":"open","ping_status":"open","sticky":false,"template":"","format":"standard","meta":{"footnotes":""},"categories":[22],"tags":[],"class_list":["post-12152","post","type-post","status-publish","format-standard","has-post-thumbnail","hentry","category-salud"],"yoast_head":"<!-- This site is optimized with the Yoast SEO plugin v27.5 - https:\/\/yoast.com\/product\/yoast-seo-wordpress\/ -->\n<title>Botulismo en Andresito: una ni\u00f1a de 28 meses y una joven de 19 a\u00f1os siguen con respirador | CVI NOTICIAS<\/title>\n<meta name=\"robots\" content=\"index, follow, max-snippet:-1, max-image-preview:large, max-video-preview:-1\" \/>\n<link rel=\"canonical\" href=\"https:\/\/cvinoticias.com\/v3\/botulismo-en-andresito-una-nina-de-28-meses-y-una-joven-de-19-anos-siguen-con-respirador\/\" \/>\n<meta property=\"og:locale\" content=\"es_ES\" \/>\n<meta property=\"og:type\" content=\"article\" \/>\n<meta property=\"og:title\" content=\"Botulismo en Andresito: una ni\u00f1a de 28 meses y una joven de 19 a\u00f1os siguen con respirador | CVI NOTICIAS\" \/>\n<meta property=\"og:description\" content=\"Este lunes llegan cuatro ampollas m\u00e1s del suero antibotul\u00ednico para atender a los pacientes. Durante las primeras horas del domingo entr\u00f3 en un\u00a0estado cr\u00edtico la salud de la paciente de 28 meses internada por el brote de botulismo de Comandante Andresito. La ni\u00f1a se encuentra en\u00a0terapia intensiva en el Hospital SAMIC de Eldorado\u00a0y hasta \u00faltima [&hellip;]\" \/>\n<meta property=\"og:url\" content=\"https:\/\/cvinoticias.com\/v3\/botulismo-en-andresito-una-nina-de-28-meses-y-una-joven-de-19-anos-siguen-con-respirador\/\" \/>\n<meta property=\"og:site_name\" content=\"CVI NOTICIAS\" \/>\n<meta property=\"article:publisher\" content=\"https:\/\/www.facebook.com\/cvinoticias\" \/>\n<meta property=\"article:published_time\" content=\"2022-01-10T12:53:13+00:00\" \/>\n<meta property=\"og:image\" content=\"https:\/\/cvinoticias.com\/wp-content\/uploads\/2022\/01\/Screenshot_20220110-095221_Facebook.jpg\" \/>\n\t<meta property=\"og:image:width\" content=\"998\" \/>\n\t<meta property=\"og:image:height\" content=\"688\" \/>\n\t<meta property=\"og:image:type\" content=\"image\/jpeg\" \/>\n<meta name=\"author\" content=\"f1000024\" \/>\n<meta name=\"twitter:card\" content=\"summary_large_image\" \/>\n<meta name=\"twitter:label1\" content=\"Escrito por\" \/>\n\t<meta name=\"twitter:data1\" content=\"f1000024\" \/>\n\t<meta name=\"twitter:label2\" content=\"Tiempo de lectura\" \/>\n\t<meta name=\"twitter:data2\" content=\"3 minutos\" \/>\n<script type=\"application\/ld+json\" class=\"yoast-schema-graph\">{\"@context\":\"https:\\\/\\\/schema.org\",\"@graph\":[{\"@type\":\"Article\",\"@id\":\"https:\\\/\\\/cvinoticias.com\\\/v3\\\/botulismo-en-andresito-una-nina-de-28-meses-y-una-joven-de-19-anos-siguen-con-respirador\\\/#article\",\"isPartOf\":{\"@id\":\"https:\\\/\\\/cvinoticias.com\\\/v3\\\/botulismo-en-andresito-una-nina-de-28-meses-y-una-joven-de-19-anos-siguen-con-respirador\\\/\"},\"author\":{\"name\":\"f1000024\",\"@id\":\"https:\\\/\\\/cvinoticias.com\\\/v3\\\/#\\\/schema\\\/person\\\/2db77e3c6bc03c538495d7b2b8be9b66\"},\"headline\":\"Botulismo en Andresito: una ni\u00f1a de 28 meses y una joven de 19 a\u00f1os siguen con respirador\",\"datePublished\":\"2022-01-10T12:53:13+00:00\",\"mainEntityOfPage\":{\"@id\":\"https:\\\/\\\/cvinoticias.com\\\/v3\\\/botulismo-en-andresito-una-nina-de-28-meses-y-una-joven-de-19-anos-siguen-con-respirador\\\/\"},\"wordCount\":556,\"commentCount\":0,\"publisher\":{\"@id\":\"https:\\\/\\\/cvinoticias.com\\\/v3\\\/#organization\"},\"image\":{\"@id\":\"https:\\\/\\\/cvinoticias.com\\\/v3\\\/botulismo-en-andresito-una-nina-de-28-meses-y-una-joven-de-19-anos-siguen-con-respirador\\\/#primaryimage\"},\"thumbnailUrl\":\"https:\\\/\\\/cvinoticias.com\\\/wp-content\\\/uploads\\\/2022\\\/01\\\/Screenshot_20220110-095221_Facebook.jpg\",\"articleSection\":[\"Salud\"],\"inLanguage\":\"es\",\"potentialAction\":[{\"@type\":\"CommentAction\",\"name\":\"Comment\",\"target\":[\"https:\\\/\\\/cvinoticias.com\\\/v3\\\/botulismo-en-andresito-una-nina-de-28-meses-y-una-joven-de-19-anos-siguen-con-respirador\\\/#respond\"]}]},{\"@type\":\"WebPage\",\"@id\":\"https:\\\/\\\/cvinoticias.com\\\/v3\\\/botulismo-en-andresito-una-nina-de-28-meses-y-una-joven-de-19-anos-siguen-con-respirador\\\/\",\"url\":\"https:\\\/\\\/cvinoticias.com\\\/v3\\\/botulismo-en-andresito-una-nina-de-28-meses-y-una-joven-de-19-anos-siguen-con-respirador\\\/\",\"name\":\"Botulismo en Andresito: una ni\u00f1a de 28 meses y una joven de 19 a\u00f1os siguen con respirador | CVI NOTICIAS\",\"isPartOf\":{\"@id\":\"https:\\\/\\\/cvinoticias.com\\\/v3\\\/#website\"},\"primaryImageOfPage\":{\"@id\":\"https:\\\/\\\/cvinoticias.com\\\/v3\\\/botulismo-en-andresito-una-nina-de-28-meses-y-una-joven-de-19-anos-siguen-con-respirador\\\/#primaryimage\"},\"image\":{\"@id\":\"https:\\\/\\\/cvinoticias.com\\\/v3\\\/botulismo-en-andresito-una-nina-de-28-meses-y-una-joven-de-19-anos-siguen-con-respirador\\\/#primaryimage\"},\"thumbnailUrl\":\"https:\\\/\\\/cvinoticias.com\\\/wp-content\\\/uploads\\\/2022\\\/01\\\/Screenshot_20220110-095221_Facebook.jpg\",\"datePublished\":\"2022-01-10T12:53:13+00:00\",\"breadcrumb\":{\"@id\":\"https:\\\/\\\/cvinoticias.com\\\/v3\\\/botulismo-en-andresito-una-nina-de-28-meses-y-una-joven-de-19-anos-siguen-con-respirador\\\/#breadcrumb\"},\"inLanguage\":\"es\",\"potentialAction\":[{\"@type\":\"ReadAction\",\"target\":[\"https:\\\/\\\/cvinoticias.com\\\/v3\\\/botulismo-en-andresito-una-nina-de-28-meses-y-una-joven-de-19-anos-siguen-con-respirador\\\/\"]}]},{\"@type\":\"ImageObject\",\"inLanguage\":\"es\",\"@id\":\"https:\\\/\\\/cvinoticias.com\\\/v3\\\/botulismo-en-andresito-una-nina-de-28-meses-y-una-joven-de-19-anos-siguen-con-respirador\\\/#primaryimage\",\"url\":\"https:\\\/\\\/cvinoticias.com\\\/wp-content\\\/uploads\\\/2022\\\/01\\\/Screenshot_20220110-095221_Facebook.jpg\",\"contentUrl\":\"https:\\\/\\\/cvinoticias.com\\\/wp-content\\\/uploads\\\/2022\\\/01\\\/Screenshot_20220110-095221_Facebook.jpg\",\"width\":998,\"height\":688},{\"@type\":\"BreadcrumbList\",\"@id\":\"https:\\\/\\\/cvinoticias.com\\\/v3\\\/botulismo-en-andresito-una-nina-de-28-meses-y-una-joven-de-19-anos-siguen-con-respirador\\\/#breadcrumb\",\"itemListElement\":[{\"@type\":\"ListItem\",\"position\":1,\"name\":\"Portada\",\"item\":\"https:\\\/\\\/cvinoticias.com\\\/v3\\\/\"},{\"@type\":\"ListItem\",\"position\":2,\"name\":\"Botulismo en Andresito: una ni\u00f1a de 28 meses y una joven de 19 a\u00f1os siguen con respirador\"}]},{\"@type\":\"WebSite\",\"@id\":\"https:\\\/\\\/cvinoticias.com\\\/v3\\\/#website\",\"url\":\"https:\\\/\\\/cvinoticias.com\\\/v3\\\/\",\"name\":\"CVI NOTICIAS\",\"description\":\"\",\"publisher\":{\"@id\":\"https:\\\/\\\/cvinoticias.com\\\/v3\\\/#organization\"},\"alternateName\":\"CVI\",\"potentialAction\":[{\"@type\":\"SearchAction\",\"target\":{\"@type\":\"EntryPoint\",\"urlTemplate\":\"https:\\\/\\\/cvinoticias.com\\\/v3\\\/?s={search_term_string}\"},\"query-input\":{\"@type\":\"PropertyValueSpecification\",\"valueRequired\":true,\"valueName\":\"search_term_string\"}}],\"inLanguage\":\"es\"},{\"@type\":\"Organization\",\"@id\":\"https:\\\/\\\/cvinoticias.com\\\/v3\\\/#organization\",\"name\":\"CVI NOTICIAS\",\"url\":\"https:\\\/\\\/cvinoticias.com\\\/v3\\\/\",\"logo\":{\"@type\":\"ImageObject\",\"inLanguage\":\"es\",\"@id\":\"https:\\\/\\\/cvinoticias.com\\\/v3\\\/#\\\/schema\\\/logo\\\/image\\\/\",\"url\":\"https:\\\/\\\/cvinoticias.com\\\/wp-content\\\/uploads\\\/2023\\\/04\\\/cropped-cropped-cropped-cropped-cropped-3-1.png\",\"contentUrl\":\"https:\\\/\\\/cvinoticias.com\\\/wp-content\\\/uploads\\\/2023\\\/04\\\/cropped-cropped-cropped-cropped-cropped-3-1.png\",\"width\":95,\"height\":122,\"caption\":\"CVI NOTICIAS\"},\"image\":{\"@id\":\"https:\\\/\\\/cvinoticias.com\\\/v3\\\/#\\\/schema\\\/logo\\\/image\\\/\"},\"sameAs\":[\"https:\\\/\\\/www.facebook.com\\\/cvinoticias\",\"https:\\\/\\\/www.instagram.com\\\/cvinoticias\\\/\",\"https:\\\/\\\/www.youtube.com\\\/@CVINOTICIAS\"]},{\"@type\":\"Person\",\"@id\":\"https:\\\/\\\/cvinoticias.com\\\/v3\\\/#\\\/schema\\\/person\\\/2db77e3c6bc03c538495d7b2b8be9b66\",\"name\":\"f1000024\",\"image\":{\"@type\":\"ImageObject\",\"inLanguage\":\"es\",\"@id\":\"https:\\\/\\\/secure.gravatar.com\\\/avatar\\\/d4fe7459cfc51ff5129ce1a732bbef5928568b8092d412ef95611616376bbeed?s=96&d=mm&r=g\",\"url\":\"https:\\\/\\\/secure.gravatar.com\\\/avatar\\\/d4fe7459cfc51ff5129ce1a732bbef5928568b8092d412ef95611616376bbeed?s=96&d=mm&r=g\",\"contentUrl\":\"https:\\\/\\\/secure.gravatar.com\\\/avatar\\\/d4fe7459cfc51ff5129ce1a732bbef5928568b8092d412ef95611616376bbeed?s=96&d=mm&r=g\",\"caption\":\"f1000024\"},\"url\":\"https:\\\/\\\/cvinoticias.com\\\/v3\\\/author\\\/f1000024\\\/\"}]}<\/script>\n<!-- \/ Yoast SEO plugin. -->","yoast_head_json":{"title":"Botulismo en Andresito: una ni\u00f1a de 28 meses y una joven de 19 a\u00f1os siguen con respirador | CVI NOTICIAS","robots":{"index":"index","follow":"follow","max-snippet":"max-snippet:-1","max-image-preview":"max-image-preview:large","max-video-preview":"max-video-preview:-1"},"canonical":"https:\/\/cvinoticias.com\/v3\/botulismo-en-andresito-una-nina-de-28-meses-y-una-joven-de-19-anos-siguen-con-respirador\/","og_locale":"es_ES","og_type":"article","og_title":"Botulismo en Andresito: una ni\u00f1a de 28 meses y una joven de 19 a\u00f1os siguen con respirador | CVI NOTICIAS","og_description":"Este lunes llegan cuatro ampollas m\u00e1s del suero antibotul\u00ednico para atender a los pacientes. Durante las primeras horas del domingo entr\u00f3 en un\u00a0estado cr\u00edtico la salud de la paciente de 28 meses internada por el brote de botulismo de Comandante Andresito. La ni\u00f1a se encuentra en\u00a0terapia intensiva en el Hospital SAMIC de Eldorado\u00a0y hasta \u00faltima [&hellip;]","og_url":"https:\/\/cvinoticias.com\/v3\/botulismo-en-andresito-una-nina-de-28-meses-y-una-joven-de-19-anos-siguen-con-respirador\/","og_site_name":"CVI NOTICIAS","article_publisher":"https:\/\/www.facebook.com\/cvinoticias","article_published_time":"2022-01-10T12:53:13+00:00","og_image":[{"width":998,"height":688,"url":"https:\/\/cvinoticias.com\/wp-content\/uploads\/2022\/01\/Screenshot_20220110-095221_Facebook.jpg","type":"image\/jpeg"}],"author":"f1000024","twitter_card":"summary_large_image","twitter_misc":{"Escrito por":"f1000024","Tiempo de lectura":"3 minutos"},"schema":{"@context":"https:\/\/schema.org","@graph":[{"@type":"Article","@id":"https:\/\/cvinoticias.com\/v3\/botulismo-en-andresito-una-nina-de-28-meses-y-una-joven-de-19-anos-siguen-con-respirador\/#article","isPartOf":{"@id":"https:\/\/cvinoticias.com\/v3\/botulismo-en-andresito-una-nina-de-28-meses-y-una-joven-de-19-anos-siguen-con-respirador\/"},"author":{"name":"f1000024","@id":"https:\/\/cvinoticias.com\/v3\/#\/schema\/person\/2db77e3c6bc03c538495d7b2b8be9b66"},"headline":"Botulismo en Andresito: una ni\u00f1a de 28 meses y una joven de 19 a\u00f1os siguen con respirador","datePublished":"2022-01-10T12:53:13+00:00","mainEntityOfPage":{"@id":"https:\/\/cvinoticias.com\/v3\/botulismo-en-andresito-una-nina-de-28-meses-y-una-joven-de-19-anos-siguen-con-respirador\/"},"wordCount":556,"commentCount":0,"publisher":{"@id":"https:\/\/cvinoticias.com\/v3\/#organization"},"image":{"@id":"https:\/\/cvinoticias.com\/v3\/botulismo-en-andresito-una-nina-de-28-meses-y-una-joven-de-19-anos-siguen-con-respirador\/#primaryimage"},"thumbnailUrl":"https:\/\/cvinoticias.com\/wp-content\/uploads\/2022\/01\/Screenshot_20220110-095221_Facebook.jpg","articleSection":["Salud"],"inLanguage":"es","potentialAction":[{"@type":"CommentAction","name":"Comment","target":["https:\/\/cvinoticias.com\/v3\/botulismo-en-andresito-una-nina-de-28-meses-y-una-joven-de-19-anos-siguen-con-respirador\/#respond"]}]},{"@type":"WebPage","@id":"https:\/\/cvinoticias.com\/v3\/botulismo-en-andresito-una-nina-de-28-meses-y-una-joven-de-19-anos-siguen-con-respirador\/","url":"https:\/\/cvinoticias.com\/v3\/botulismo-en-andresito-una-nina-de-28-meses-y-una-joven-de-19-anos-siguen-con-respirador\/","name":"Botulismo en Andresito: una ni\u00f1a de 28 meses y una joven de 19 a\u00f1os siguen con respirador | CVI NOTICIAS","isPartOf":{"@id":"https:\/\/cvinoticias.com\/v3\/#website"},"primaryImageOfPage":{"@id":"https:\/\/cvinoticias.com\/v3\/botulismo-en-andresito-una-nina-de-28-meses-y-una-joven-de-19-anos-siguen-con-respirador\/#primaryimage"},"image":{"@id":"https:\/\/cvinoticias.com\/v3\/botulismo-en-andresito-una-nina-de-28-meses-y-una-joven-de-19-anos-siguen-con-respirador\/#primaryimage"},"thumbnailUrl":"https:\/\/cvinoticias.com\/wp-content\/uploads\/2022\/01\/Screenshot_20220110-095221_Facebook.jpg","datePublished":"2022-01-10T12:53:13+00:00","breadcrumb":{"@id":"https:\/\/cvinoticias.com\/v3\/botulismo-en-andresito-una-nina-de-28-meses-y-una-joven-de-19-anos-siguen-con-respirador\/#breadcrumb"},"inLanguage":"es","potentialAction":[{"@type":"ReadAction","target":["https:\/\/cvinoticias.com\/v3\/botulismo-en-andresito-una-nina-de-28-meses-y-una-joven-de-19-anos-siguen-con-respirador\/"]}]},{"@type":"ImageObject","inLanguage":"es","@id":"https:\/\/cvinoticias.com\/v3\/botulismo-en-andresito-una-nina-de-28-meses-y-una-joven-de-19-anos-siguen-con-respirador\/#primaryimage","url":"https:\/\/cvinoticias.com\/wp-content\/uploads\/2022\/01\/Screenshot_20220110-095221_Facebook.jpg","contentUrl":"https:\/\/cvinoticias.com\/wp-content\/uploads\/2022\/01\/Screenshot_20220110-095221_Facebook.jpg","width":998,"height":688},{"@type":"BreadcrumbList","@id":"https:\/\/cvinoticias.com\/v3\/botulismo-en-andresito-una-nina-de-28-meses-y-una-joven-de-19-anos-siguen-con-respirador\/#breadcrumb","itemListElement":[{"@type":"ListItem","position":1,"name":"Portada","item":"https:\/\/cvinoticias.com\/v3\/"},{"@type":"ListItem","position":2,"name":"Botulismo en Andresito: una ni\u00f1a de 28 meses y una joven de 19 a\u00f1os siguen con respirador"}]},{"@type":"WebSite","@id":"https:\/\/cvinoticias.com\/v3\/#website","url":"https:\/\/cvinoticias.com\/v3\/","name":"CVI NOTICIAS","description":"","publisher":{"@id":"https:\/\/cvinoticias.com\/v3\/#organization"},"alternateName":"CVI","potentialAction":[{"@type":"SearchAction","target":{"@type":"EntryPoint","urlTemplate":"https:\/\/cvinoticias.com\/v3\/?s={search_term_string}"},"query-input":{"@type":"PropertyValueSpecification","valueRequired":true,"valueName":"search_term_string"}}],"inLanguage":"es"},{"@type":"Organization","@id":"https:\/\/cvinoticias.com\/v3\/#organization","name":"CVI NOTICIAS","url":"https:\/\/cvinoticias.com\/v3\/","logo":{"@type":"ImageObject","inLanguage":"es","@id":"https:\/\/cvinoticias.com\/v3\/#\/schema\/logo\/image\/","url":"https:\/\/cvinoticias.com\/wp-content\/uploads\/2023\/04\/cropped-cropped-cropped-cropped-cropped-3-1.png","contentUrl":"https:\/\/cvinoticias.com\/wp-content\/uploads\/2023\/04\/cropped-cropped-cropped-cropped-cropped-3-1.png","width":95,"height":122,"caption":"CVI NOTICIAS"},"image":{"@id":"https:\/\/cvinoticias.com\/v3\/#\/schema\/logo\/image\/"},"sameAs":["https:\/\/www.facebook.com\/cvinoticias","https:\/\/www.instagram.com\/cvinoticias\/","https:\/\/www.youtube.com\/@CVINOTICIAS"]},{"@type":"Person","@id":"https:\/\/cvinoticias.com\/v3\/#\/schema\/person\/2db77e3c6bc03c538495d7b2b8be9b66","name":"f1000024","image":{"@type":"ImageObject","inLanguage":"es","@id":"https:\/\/secure.gravatar.com\/avatar\/d4fe7459cfc51ff5129ce1a732bbef5928568b8092d412ef95611616376bbeed?s=96&d=mm&r=g","url":"https:\/\/secure.gravatar.com\/avatar\/d4fe7459cfc51ff5129ce1a732bbef5928568b8092d412ef95611616376bbeed?s=96&d=mm&r=g","contentUrl":"https:\/\/secure.gravatar.com\/avatar\/d4fe7459cfc51ff5129ce1a732bbef5928568b8092d412ef95611616376bbeed?s=96&d=mm&r=g","caption":"f1000024"},"url":"https:\/\/cvinoticias.com\/v3\/author\/f1000024\/"}]}},"_links":{"self":[{"href":"https:\/\/cvinoticias.com\/v3\/wp-json\/wp\/v2\/posts\/12152","targetHints":{"allow":["GET"]}}],"collection":[{"href":"https:\/\/cvinoticias.com\/v3\/wp-json\/wp\/v2\/posts"}],"about":[{"href":"https:\/\/cvinoticias.com\/v3\/wp-json\/wp\/v2\/types\/post"}],"author":[{"embeddable":true,"href":"https:\/\/cvinoticias.com\/v3\/wp-json\/wp\/v2\/users\/2"}],"replies":[{"embeddable":true,"href":"https:\/\/cvinoticias.com\/v3\/wp-json\/wp\/v2\/comments?post=12152"}],"version-history":[{"count":1,"href":"https:\/\/cvinoticias.com\/v3\/wp-json\/wp\/v2\/posts\/12152\/revisions"}],"predecessor-version":[{"id":12154,"href":"https:\/\/cvinoticias.com\/v3\/wp-json\/wp\/v2\/posts\/12152\/revisions\/12154"}],"wp:featuredmedia":[{"embeddable":true,"href":"https:\/\/cvinoticias.com\/v3\/wp-json\/wp\/v2\/media\/12153"}],"wp:attachment":[{"href":"https:\/\/cvinoticias.com\/v3\/wp-json\/wp\/v2\/media?parent=12152"}],"wp:term":[{"taxonomy":"category","embeddable":true,"href":"https:\/\/cvinoticias.com\/v3\/wp-json\/wp\/v2\/categories?post=12152"},{"taxonomy":"post_tag","embeddable":true,"href":"https:\/\/cvinoticias.com\/v3\/wp-json\/wp\/v2\/tags?post=12152"}],"curies":[{"name":"wp","href":"https:\/\/api.w.org\/{rel}","templated":true}]}}