{"id":12147,"date":"2022-01-10T12:24:59","date_gmt":"2022-01-10T12:24:59","guid":{"rendered":"https:\/\/cvinoticias.com\/v3\/?p=12147"},"modified":"2022-01-10T12:26:15","modified_gmt":"2022-01-10T12:26:15","slug":"francisco-las-vacunas-son-la-solucion-mas-razonable-contra-el-coronavirus","status":"publish","type":"post","link":"https:\/\/cvinoticias.com\/v3\/francisco-las-vacunas-son-la-solucion-mas-razonable-contra-el-coronavirus\/","title":{"rendered":"Francisco: las vacunas son \u00abla soluci\u00f3n m\u00e1s razonable\u00bb contra el coronavirus"},"content":{"rendered":"\n<p><em><strong>El Papa dijo que, recibirlas es \u00abuna obligaci\u00f3n moral\u00bb. Y agreg\u00f3: \u00abTodos tenemos la responsabilidad de cuidar de nosotros mismos y de nuestra salud\u00bb.<\/strong><\/em><\/p>\n\n\n\n<p>El papa Francisco plante\u00f3 hoy que las vacunas son \u00abla soluci\u00f3n m\u00e1s razonable\u00bb contra el coronavirus y dijo que recibirlas es \u00abuna obligaci\u00f3n moral\u00bb, al dar su tradicional mensaje a los diplom\u00e1ticos acreditados en el Vaticano, frente a quienes tambi\u00e9n lament\u00f3 las \u00abdesigualdades profundas, las injusticias y la corrupci\u00f3n end\u00e9mica\u00bb que hay en Am\u00e9rica.<\/p>\n\n\n\n<p>En un discurso en el que repas\u00f3 varios de los conflictos abiertos a nivel mundial, el Papa pidi\u00f3 adem\u00e1s por los migrantes y el cuidado de la Tierra, al tiempo que advirti\u00f3 por los riesgos de la denominada \u00abcultura de la cancelaci\u00f3n\u00bb que podr\u00eda derivar en \u00abun pensamiento \u00fanico\u00bb.<\/p>\n\n\n\n<p>\u00abHemos podido constatar que en los lugares donde se ha llevado adelante una campa\u00f1a de vacunaci\u00f3n eficaz, ha disminuido el riesgo de un avance grave de la enfermedad\u00bb, asever\u00f3 el Pont\u00edfice en el tradicional encuentro con el que abre el a\u00f1o pol\u00edtico de la Santa Sede frente a representantes de los 183 estados con relaciones con el Vaticano.<\/p>\n\n\n\n<p>As\u00ed, para el Papa, \u00abes importante que se contin\u00faen los esfuerzos para inmunizar a la poblaci\u00f3n lo m\u00e1s que se pueda\u00bb, en un marco en el que la tarea \u00abrequiere un m\u00faltiple compromiso a nivel personal, pol\u00edtico y de la comunidad internacional en su conjunto\u00bb.<\/p>\n\n\n\n<p>En el plano personal, seg\u00fan el Papa, \u00abtodos tenemos la responsabilidad de cuidar de nosotros mismos y de nuestra salud, lo que se traduce tambi\u00e9n en el respeto por la salud de quien est\u00e1 cerca de nosotros\u00bb.<\/p>\n\n\n\n<p>En el inicio de un mensaje con fuerte \u00e9nfasis en las ventajas de la inmunizaci\u00f3n contra la Covid-19, el Papa asever\u00f3 que \u00abel cuidado de la salud constituye una obligaci\u00f3n moral\u00bb.<\/p>\n\n\n\n<p>\u00abMuchas veces nos dejamos influenciar por la ideolog\u00eda del momento, a menudo basada en noticias sin fundamento o en hechos poco documentados\u00bb, agreg\u00f3 luego, en lo que se ley\u00f3 como una cr\u00edtica a los movimientos<br>antivacunas.<\/p>\n\n\n\n<p>Para el Papa, entonces, \u00abtoda afirmaci\u00f3n ideol\u00f3gica cercena los v\u00ednculos que la raz\u00f3n humana tiene con la realidad objetiva de las cosas\u00bb.<\/p>\n\n\n\n<p>\u00abLas vacunas no son instrumentos m\u00e1gicos de curaci\u00f3n, sino que representan ciertamente, junto con los tratamientos que se est\u00e1n desarrollando, la soluci\u00f3n m\u00e1s razonable para la prevenci\u00f3n de la enfermedad\u00bb, sentenci\u00f3 en esa direcci\u00f3n.<\/p>\n\n\n\n<p>En su discurso, Francisco plante\u00f3 que adem\u00e1s del plano personal, \u00abla pol\u00edtica debe comprometerse a buscar el bien de la poblaci\u00f3n por medio de decisiones de prevenci\u00f3n e inmunizaci\u00f3n, que interpelen tambi\u00e9n a los ciudadanos para que puedan sentirse part\u00edcipes y responsables\u00bb.<\/p>\n\n\n\n<p>El Papa, de 85 a\u00f1os y que ya recibi\u00f3 tres dosis de vacuna, reclam\u00f3 en esa l\u00ednea \u00abuna comunicaci\u00f3n transparente de las problem\u00e1ticas y de las medidas id\u00f3neas para afrontarlas\u00bb, al tiempo que lament\u00f3 que \u00abla falta de firmeza en las decisiones y de claridad comunicativa genera confusi\u00f3n, crea desconfianza y amenaza la cohesi\u00f3n social, alimentando nuevas tensiones\u00bb.<\/p>\n\n\n\n<p><strong>Fuente: T\u00e9lam<\/strong><\/p>\n","protected":false},"excerpt":{"rendered":"<p>El Papa dijo que, recibirlas es \u00abuna obligaci\u00f3n moral\u00bb. Y agreg\u00f3: \u00abTodos tenemos la responsabilidad de cuidar de nosotros mismos y de nuestra salud\u00bb. El papa Francisco plante\u00f3 hoy que las vacunas son \u00abla soluci\u00f3n m\u00e1s razonable\u00bb contra el coronavirus y dijo que recibirlas es \u00abuna obligaci\u00f3n moral\u00bb, al dar su tradicional mensaje a los [&hellip;]<\/p>\n","protected":false},"author":2,"featured_media":12148,"comment_status":"open","ping_status":"open","sticky":false,"template":"","format":"standard","meta":{"footnotes":""},"categories":[35],"tags":[],"class_list":["post-12147","post","type-post","status-publish","format-standard","has-post-thumbnail","hentry","category-informacion-general"],"yoast_head":"<!-- This site is optimized with the Yoast SEO plugin v27.5 - https:\/\/yoast.com\/product\/yoast-seo-wordpress\/ -->\n<title>Francisco: las vacunas son &quot;la soluci\u00f3n m\u00e1s razonable&quot; contra el coronavirus | CVI NOTICIAS<\/title>\n<meta name=\"robots\" content=\"index, follow, max-snippet:-1, max-image-preview:large, max-video-preview:-1\" \/>\n<link rel=\"canonical\" href=\"https:\/\/cvinoticias.com\/v3\/francisco-las-vacunas-son-la-solucion-mas-razonable-contra-el-coronavirus\/\" \/>\n<meta property=\"og:locale\" content=\"es_ES\" \/>\n<meta property=\"og:type\" content=\"article\" \/>\n<meta property=\"og:title\" content=\"Francisco: las vacunas son &quot;la soluci\u00f3n m\u00e1s razonable&quot; contra el coronavirus | CVI NOTICIAS\" \/>\n<meta property=\"og:description\" content=\"El Papa dijo que, recibirlas es \u00abuna obligaci\u00f3n moral\u00bb. Y agreg\u00f3: \u00abTodos tenemos la responsabilidad de cuidar de nosotros mismos y de nuestra salud\u00bb. El papa Francisco plante\u00f3 hoy que las vacunas son \u00abla soluci\u00f3n m\u00e1s razonable\u00bb contra el coronavirus y dijo que recibirlas es \u00abuna obligaci\u00f3n moral\u00bb, al dar su tradicional mensaje a los [&hellip;]\" \/>\n<meta property=\"og:url\" content=\"https:\/\/cvinoticias.com\/v3\/francisco-las-vacunas-son-la-solucion-mas-razonable-contra-el-coronavirus\/\" \/>\n<meta property=\"og:site_name\" content=\"CVI NOTICIAS\" \/>\n<meta property=\"article:publisher\" content=\"https:\/\/www.facebook.com\/cvinoticias\" \/>\n<meta property=\"article:published_time\" content=\"2022-01-10T12:24:59+00:00\" \/>\n<meta property=\"article:modified_time\" content=\"2022-01-10T12:26:15+00:00\" \/>\n<meta property=\"og:image\" content=\"https:\/\/cvinoticias.com\/wp-content\/uploads\/2022\/01\/1010x567_papa-francisco-403121-084256.jpg\" \/>\n\t<meta property=\"og:image:width\" content=\"1010\" \/>\n\t<meta property=\"og:image:height\" content=\"567\" \/>\n\t<meta property=\"og:image:type\" content=\"image\/jpeg\" \/>\n<meta name=\"author\" content=\"f1000024\" \/>\n<meta name=\"twitter:card\" content=\"summary_large_image\" \/>\n<meta name=\"twitter:label1\" content=\"Escrito por\" \/>\n\t<meta name=\"twitter:data1\" content=\"f1000024\" \/>\n\t<meta name=\"twitter:label2\" content=\"Tiempo de lectura\" \/>\n\t<meta name=\"twitter:data2\" content=\"3 minutos\" \/>\n<script type=\"application\/ld+json\" class=\"yoast-schema-graph\">{\"@context\":\"https:\\\/\\\/schema.org\",\"@graph\":[{\"@type\":\"Article\",\"@id\":\"https:\\\/\\\/cvinoticias.com\\\/v3\\\/francisco-las-vacunas-son-la-solucion-mas-razonable-contra-el-coronavirus\\\/#article\",\"isPartOf\":{\"@id\":\"https:\\\/\\\/cvinoticias.com\\\/v3\\\/francisco-las-vacunas-son-la-solucion-mas-razonable-contra-el-coronavirus\\\/\"},\"author\":{\"name\":\"f1000024\",\"@id\":\"https:\\\/\\\/cvinoticias.com\\\/v3\\\/#\\\/schema\\\/person\\\/2db77e3c6bc03c538495d7b2b8be9b66\"},\"headline\":\"Francisco: las vacunas son \u00abla soluci\u00f3n m\u00e1s razonable\u00bb contra el coronavirus\",\"datePublished\":\"2022-01-10T12:24:59+00:00\",\"dateModified\":\"2022-01-10T12:26:15+00:00\",\"mainEntityOfPage\":{\"@id\":\"https:\\\/\\\/cvinoticias.com\\\/v3\\\/francisco-las-vacunas-son-la-solucion-mas-razonable-contra-el-coronavirus\\\/\"},\"wordCount\":556,\"commentCount\":0,\"publisher\":{\"@id\":\"https:\\\/\\\/cvinoticias.com\\\/v3\\\/#organization\"},\"image\":{\"@id\":\"https:\\\/\\\/cvinoticias.com\\\/v3\\\/francisco-las-vacunas-son-la-solucion-mas-razonable-contra-el-coronavirus\\\/#primaryimage\"},\"thumbnailUrl\":\"https:\\\/\\\/cvinoticias.com\\\/wp-content\\\/uploads\\\/2022\\\/01\\\/1010x567_papa-francisco-403121-084256.jpg\",\"articleSection\":[\"Informaci\u00f3n General\"],\"inLanguage\":\"es\",\"potentialAction\":[{\"@type\":\"CommentAction\",\"name\":\"Comment\",\"target\":[\"https:\\\/\\\/cvinoticias.com\\\/v3\\\/francisco-las-vacunas-son-la-solucion-mas-razonable-contra-el-coronavirus\\\/#respond\"]}]},{\"@type\":\"WebPage\",\"@id\":\"https:\\\/\\\/cvinoticias.com\\\/v3\\\/francisco-las-vacunas-son-la-solucion-mas-razonable-contra-el-coronavirus\\\/\",\"url\":\"https:\\\/\\\/cvinoticias.com\\\/v3\\\/francisco-las-vacunas-son-la-solucion-mas-razonable-contra-el-coronavirus\\\/\",\"name\":\"Francisco: las vacunas son \\\"la soluci\u00f3n m\u00e1s razonable\\\" contra el coronavirus | CVI NOTICIAS\",\"isPartOf\":{\"@id\":\"https:\\\/\\\/cvinoticias.com\\\/v3\\\/#website\"},\"primaryImageOfPage\":{\"@id\":\"https:\\\/\\\/cvinoticias.com\\\/v3\\\/francisco-las-vacunas-son-la-solucion-mas-razonable-contra-el-coronavirus\\\/#primaryimage\"},\"image\":{\"@id\":\"https:\\\/\\\/cvinoticias.com\\\/v3\\\/francisco-las-vacunas-son-la-solucion-mas-razonable-contra-el-coronavirus\\\/#primaryimage\"},\"thumbnailUrl\":\"https:\\\/\\\/cvinoticias.com\\\/wp-content\\\/uploads\\\/2022\\\/01\\\/1010x567_papa-francisco-403121-084256.jpg\",\"datePublished\":\"2022-01-10T12:24:59+00:00\",\"dateModified\":\"2022-01-10T12:26:15+00:00\",\"breadcrumb\":{\"@id\":\"https:\\\/\\\/cvinoticias.com\\\/v3\\\/francisco-las-vacunas-son-la-solucion-mas-razonable-contra-el-coronavirus\\\/#breadcrumb\"},\"inLanguage\":\"es\",\"potentialAction\":[{\"@type\":\"ReadAction\",\"target\":[\"https:\\\/\\\/cvinoticias.com\\\/v3\\\/francisco-las-vacunas-son-la-solucion-mas-razonable-contra-el-coronavirus\\\/\"]}]},{\"@type\":\"ImageObject\",\"inLanguage\":\"es\",\"@id\":\"https:\\\/\\\/cvinoticias.com\\\/v3\\\/francisco-las-vacunas-son-la-solucion-mas-razonable-contra-el-coronavirus\\\/#primaryimage\",\"url\":\"https:\\\/\\\/cvinoticias.com\\\/wp-content\\\/uploads\\\/2022\\\/01\\\/1010x567_papa-francisco-403121-084256.jpg\",\"contentUrl\":\"https:\\\/\\\/cvinoticias.com\\\/wp-content\\\/uploads\\\/2022\\\/01\\\/1010x567_papa-francisco-403121-084256.jpg\",\"width\":1010,\"height\":567},{\"@type\":\"BreadcrumbList\",\"@id\":\"https:\\\/\\\/cvinoticias.com\\\/v3\\\/francisco-las-vacunas-son-la-solucion-mas-razonable-contra-el-coronavirus\\\/#breadcrumb\",\"itemListElement\":[{\"@type\":\"ListItem\",\"position\":1,\"name\":\"Portada\",\"item\":\"https:\\\/\\\/cvinoticias.com\\\/v3\\\/\"},{\"@type\":\"ListItem\",\"position\":2,\"name\":\"Francisco: las vacunas son \u00abla soluci\u00f3n m\u00e1s razonable\u00bb contra el coronavirus\"}]},{\"@type\":\"WebSite\",\"@id\":\"https:\\\/\\\/cvinoticias.com\\\/v3\\\/#website\",\"url\":\"https:\\\/\\\/cvinoticias.com\\\/v3\\\/\",\"name\":\"CVI NOTICIAS\",\"description\":\"\",\"publisher\":{\"@id\":\"https:\\\/\\\/cvinoticias.com\\\/v3\\\/#organization\"},\"alternateName\":\"CVI\",\"potentialAction\":[{\"@type\":\"SearchAction\",\"target\":{\"@type\":\"EntryPoint\",\"urlTemplate\":\"https:\\\/\\\/cvinoticias.com\\\/v3\\\/?s={search_term_string}\"},\"query-input\":{\"@type\":\"PropertyValueSpecification\",\"valueRequired\":true,\"valueName\":\"search_term_string\"}}],\"inLanguage\":\"es\"},{\"@type\":\"Organization\",\"@id\":\"https:\\\/\\\/cvinoticias.com\\\/v3\\\/#organization\",\"name\":\"CVI NOTICIAS\",\"url\":\"https:\\\/\\\/cvinoticias.com\\\/v3\\\/\",\"logo\":{\"@type\":\"ImageObject\",\"inLanguage\":\"es\",\"@id\":\"https:\\\/\\\/cvinoticias.com\\\/v3\\\/#\\\/schema\\\/logo\\\/image\\\/\",\"url\":\"https:\\\/\\\/cvinoticias.com\\\/wp-content\\\/uploads\\\/2023\\\/04\\\/cropped-cropped-cropped-cropped-cropped-3-1.png\",\"contentUrl\":\"https:\\\/\\\/cvinoticias.com\\\/wp-content\\\/uploads\\\/2023\\\/04\\\/cropped-cropped-cropped-cropped-cropped-3-1.png\",\"width\":95,\"height\":122,\"caption\":\"CVI NOTICIAS\"},\"image\":{\"@id\":\"https:\\\/\\\/cvinoticias.com\\\/v3\\\/#\\\/schema\\\/logo\\\/image\\\/\"},\"sameAs\":[\"https:\\\/\\\/www.facebook.com\\\/cvinoticias\",\"https:\\\/\\\/www.instagram.com\\\/cvinoticias\\\/\",\"https:\\\/\\\/www.youtube.com\\\/@CVINOTICIAS\"]},{\"@type\":\"Person\",\"@id\":\"https:\\\/\\\/cvinoticias.com\\\/v3\\\/#\\\/schema\\\/person\\\/2db77e3c6bc03c538495d7b2b8be9b66\",\"name\":\"f1000024\",\"image\":{\"@type\":\"ImageObject\",\"inLanguage\":\"es\",\"@id\":\"https:\\\/\\\/secure.gravatar.com\\\/avatar\\\/d4fe7459cfc51ff5129ce1a732bbef5928568b8092d412ef95611616376bbeed?s=96&d=mm&r=g\",\"url\":\"https:\\\/\\\/secure.gravatar.com\\\/avatar\\\/d4fe7459cfc51ff5129ce1a732bbef5928568b8092d412ef95611616376bbeed?s=96&d=mm&r=g\",\"contentUrl\":\"https:\\\/\\\/secure.gravatar.com\\\/avatar\\\/d4fe7459cfc51ff5129ce1a732bbef5928568b8092d412ef95611616376bbeed?s=96&d=mm&r=g\",\"caption\":\"f1000024\"},\"url\":\"https:\\\/\\\/cvinoticias.com\\\/v3\\\/author\\\/f1000024\\\/\"}]}<\/script>\n<!-- \/ Yoast SEO plugin. -->","yoast_head_json":{"title":"Francisco: las vacunas son \"la soluci\u00f3n m\u00e1s razonable\" contra el coronavirus | CVI NOTICIAS","robots":{"index":"index","follow":"follow","max-snippet":"max-snippet:-1","max-image-preview":"max-image-preview:large","max-video-preview":"max-video-preview:-1"},"canonical":"https:\/\/cvinoticias.com\/v3\/francisco-las-vacunas-son-la-solucion-mas-razonable-contra-el-coronavirus\/","og_locale":"es_ES","og_type":"article","og_title":"Francisco: las vacunas son \"la soluci\u00f3n m\u00e1s razonable\" contra el coronavirus | CVI NOTICIAS","og_description":"El Papa dijo que, recibirlas es \u00abuna obligaci\u00f3n moral\u00bb. Y agreg\u00f3: \u00abTodos tenemos la responsabilidad de cuidar de nosotros mismos y de nuestra salud\u00bb. El papa Francisco plante\u00f3 hoy que las vacunas son \u00abla soluci\u00f3n m\u00e1s razonable\u00bb contra el coronavirus y dijo que recibirlas es \u00abuna obligaci\u00f3n moral\u00bb, al dar su tradicional mensaje a los [&hellip;]","og_url":"https:\/\/cvinoticias.com\/v3\/francisco-las-vacunas-son-la-solucion-mas-razonable-contra-el-coronavirus\/","og_site_name":"CVI NOTICIAS","article_publisher":"https:\/\/www.facebook.com\/cvinoticias","article_published_time":"2022-01-10T12:24:59+00:00","article_modified_time":"2022-01-10T12:26:15+00:00","og_image":[{"width":1010,"height":567,"url":"https:\/\/cvinoticias.com\/wp-content\/uploads\/2022\/01\/1010x567_papa-francisco-403121-084256.jpg","type":"image\/jpeg"}],"author":"f1000024","twitter_card":"summary_large_image","twitter_misc":{"Escrito por":"f1000024","Tiempo de lectura":"3 minutos"},"schema":{"@context":"https:\/\/schema.org","@graph":[{"@type":"Article","@id":"https:\/\/cvinoticias.com\/v3\/francisco-las-vacunas-son-la-solucion-mas-razonable-contra-el-coronavirus\/#article","isPartOf":{"@id":"https:\/\/cvinoticias.com\/v3\/francisco-las-vacunas-son-la-solucion-mas-razonable-contra-el-coronavirus\/"},"author":{"name":"f1000024","@id":"https:\/\/cvinoticias.com\/v3\/#\/schema\/person\/2db77e3c6bc03c538495d7b2b8be9b66"},"headline":"Francisco: las vacunas son \u00abla soluci\u00f3n m\u00e1s razonable\u00bb contra el coronavirus","datePublished":"2022-01-10T12:24:59+00:00","dateModified":"2022-01-10T12:26:15+00:00","mainEntityOfPage":{"@id":"https:\/\/cvinoticias.com\/v3\/francisco-las-vacunas-son-la-solucion-mas-razonable-contra-el-coronavirus\/"},"wordCount":556,"commentCount":0,"publisher":{"@id":"https:\/\/cvinoticias.com\/v3\/#organization"},"image":{"@id":"https:\/\/cvinoticias.com\/v3\/francisco-las-vacunas-son-la-solucion-mas-razonable-contra-el-coronavirus\/#primaryimage"},"thumbnailUrl":"https:\/\/cvinoticias.com\/wp-content\/uploads\/2022\/01\/1010x567_papa-francisco-403121-084256.jpg","articleSection":["Informaci\u00f3n General"],"inLanguage":"es","potentialAction":[{"@type":"CommentAction","name":"Comment","target":["https:\/\/cvinoticias.com\/v3\/francisco-las-vacunas-son-la-solucion-mas-razonable-contra-el-coronavirus\/#respond"]}]},{"@type":"WebPage","@id":"https:\/\/cvinoticias.com\/v3\/francisco-las-vacunas-son-la-solucion-mas-razonable-contra-el-coronavirus\/","url":"https:\/\/cvinoticias.com\/v3\/francisco-las-vacunas-son-la-solucion-mas-razonable-contra-el-coronavirus\/","name":"Francisco: las vacunas son \"la soluci\u00f3n m\u00e1s razonable\" contra el coronavirus | CVI NOTICIAS","isPartOf":{"@id":"https:\/\/cvinoticias.com\/v3\/#website"},"primaryImageOfPage":{"@id":"https:\/\/cvinoticias.com\/v3\/francisco-las-vacunas-son-la-solucion-mas-razonable-contra-el-coronavirus\/#primaryimage"},"image":{"@id":"https:\/\/cvinoticias.com\/v3\/francisco-las-vacunas-son-la-solucion-mas-razonable-contra-el-coronavirus\/#primaryimage"},"thumbnailUrl":"https:\/\/cvinoticias.com\/wp-content\/uploads\/2022\/01\/1010x567_papa-francisco-403121-084256.jpg","datePublished":"2022-01-10T12:24:59+00:00","dateModified":"2022-01-10T12:26:15+00:00","breadcrumb":{"@id":"https:\/\/cvinoticias.com\/v3\/francisco-las-vacunas-son-la-solucion-mas-razonable-contra-el-coronavirus\/#breadcrumb"},"inLanguage":"es","potentialAction":[{"@type":"ReadAction","target":["https:\/\/cvinoticias.com\/v3\/francisco-las-vacunas-son-la-solucion-mas-razonable-contra-el-coronavirus\/"]}]},{"@type":"ImageObject","inLanguage":"es","@id":"https:\/\/cvinoticias.com\/v3\/francisco-las-vacunas-son-la-solucion-mas-razonable-contra-el-coronavirus\/#primaryimage","url":"https:\/\/cvinoticias.com\/wp-content\/uploads\/2022\/01\/1010x567_papa-francisco-403121-084256.jpg","contentUrl":"https:\/\/cvinoticias.com\/wp-content\/uploads\/2022\/01\/1010x567_papa-francisco-403121-084256.jpg","width":1010,"height":567},{"@type":"BreadcrumbList","@id":"https:\/\/cvinoticias.com\/v3\/francisco-las-vacunas-son-la-solucion-mas-razonable-contra-el-coronavirus\/#breadcrumb","itemListElement":[{"@type":"ListItem","position":1,"name":"Portada","item":"https:\/\/cvinoticias.com\/v3\/"},{"@type":"ListItem","position":2,"name":"Francisco: las vacunas son \u00abla soluci\u00f3n m\u00e1s razonable\u00bb contra el coronavirus"}]},{"@type":"WebSite","@id":"https:\/\/cvinoticias.com\/v3\/#website","url":"https:\/\/cvinoticias.com\/v3\/","name":"CVI NOTICIAS","description":"","publisher":{"@id":"https:\/\/cvinoticias.com\/v3\/#organization"},"alternateName":"CVI","potentialAction":[{"@type":"SearchAction","target":{"@type":"EntryPoint","urlTemplate":"https:\/\/cvinoticias.com\/v3\/?s={search_term_string}"},"query-input":{"@type":"PropertyValueSpecification","valueRequired":true,"valueName":"search_term_string"}}],"inLanguage":"es"},{"@type":"Organization","@id":"https:\/\/cvinoticias.com\/v3\/#organization","name":"CVI NOTICIAS","url":"https:\/\/cvinoticias.com\/v3\/","logo":{"@type":"ImageObject","inLanguage":"es","@id":"https:\/\/cvinoticias.com\/v3\/#\/schema\/logo\/image\/","url":"https:\/\/cvinoticias.com\/wp-content\/uploads\/2023\/04\/cropped-cropped-cropped-cropped-cropped-3-1.png","contentUrl":"https:\/\/cvinoticias.com\/wp-content\/uploads\/2023\/04\/cropped-cropped-cropped-cropped-cropped-3-1.png","width":95,"height":122,"caption":"CVI NOTICIAS"},"image":{"@id":"https:\/\/cvinoticias.com\/v3\/#\/schema\/logo\/image\/"},"sameAs":["https:\/\/www.facebook.com\/cvinoticias","https:\/\/www.instagram.com\/cvinoticias\/","https:\/\/www.youtube.com\/@CVINOTICIAS"]},{"@type":"Person","@id":"https:\/\/cvinoticias.com\/v3\/#\/schema\/person\/2db77e3c6bc03c538495d7b2b8be9b66","name":"f1000024","image":{"@type":"ImageObject","inLanguage":"es","@id":"https:\/\/secure.gravatar.com\/avatar\/d4fe7459cfc51ff5129ce1a732bbef5928568b8092d412ef95611616376bbeed?s=96&d=mm&r=g","url":"https:\/\/secure.gravatar.com\/avatar\/d4fe7459cfc51ff5129ce1a732bbef5928568b8092d412ef95611616376bbeed?s=96&d=mm&r=g","contentUrl":"https:\/\/secure.gravatar.com\/avatar\/d4fe7459cfc51ff5129ce1a732bbef5928568b8092d412ef95611616376bbeed?s=96&d=mm&r=g","caption":"f1000024"},"url":"https:\/\/cvinoticias.com\/v3\/author\/f1000024\/"}]}},"_links":{"self":[{"href":"https:\/\/cvinoticias.com\/v3\/wp-json\/wp\/v2\/posts\/12147","targetHints":{"allow":["GET"]}}],"collection":[{"href":"https:\/\/cvinoticias.com\/v3\/wp-json\/wp\/v2\/posts"}],"about":[{"href":"https:\/\/cvinoticias.com\/v3\/wp-json\/wp\/v2\/types\/post"}],"author":[{"embeddable":true,"href":"https:\/\/cvinoticias.com\/v3\/wp-json\/wp\/v2\/users\/2"}],"replies":[{"embeddable":true,"href":"https:\/\/cvinoticias.com\/v3\/wp-json\/wp\/v2\/comments?post=12147"}],"version-history":[{"count":3,"href":"https:\/\/cvinoticias.com\/v3\/wp-json\/wp\/v2\/posts\/12147\/revisions"}],"predecessor-version":[{"id":12151,"href":"https:\/\/cvinoticias.com\/v3\/wp-json\/wp\/v2\/posts\/12147\/revisions\/12151"}],"wp:featuredmedia":[{"embeddable":true,"href":"https:\/\/cvinoticias.com\/v3\/wp-json\/wp\/v2\/media\/12148"}],"wp:attachment":[{"href":"https:\/\/cvinoticias.com\/v3\/wp-json\/wp\/v2\/media?parent=12147"}],"wp:term":[{"taxonomy":"category","embeddable":true,"href":"https:\/\/cvinoticias.com\/v3\/wp-json\/wp\/v2\/categories?post=12147"},{"taxonomy":"post_tag","embeddable":true,"href":"https:\/\/cvinoticias.com\/v3\/wp-json\/wp\/v2\/tags?post=12147"}],"curies":[{"name":"wp","href":"https:\/\/api.w.org\/{rel}","templated":true}]}}