{"id":12139,"date":"2022-01-10T04:27:36","date_gmt":"2022-01-10T04:27:36","guid":{"rendered":"https:\/\/cvinoticias.com\/v3\/?p=12139"},"modified":"2022-01-10T04:27:36","modified_gmt":"2022-01-10T04:27:36","slug":"tarjeta-alimentar-confirman-pago-de-12-000-adicional-para-beneficiarios-de-auh-aue-y-pensiones","status":"publish","type":"post","link":"https:\/\/cvinoticias.com\/v3\/tarjeta-alimentar-confirman-pago-de-12-000-adicional-para-beneficiarios-de-auh-aue-y-pensiones\/","title":{"rendered":"Tarjeta Alimentar: Confirman pago de $12.000 adicional para beneficiarios de AUH, AUE y pensiones"},"content":{"rendered":"\n<p><strong><em>La Administraci\u00f3n Nacional de la Seguridad Social (ANSES) junto con el Ministerio de Desarrollo Social avanzan con el calendario de pagos de enero 2022.<\/em><\/strong><\/p>\n\n\n\n<p>Desde el organismo que encabeza Fernanda Raverta, junto al ministro Juan Zabaleta, confirmaron que a partir de esta semana los titulares de AUH, AUE y Pensiones no Contributivas (PNC), recibir\u00e1n un beneficio extra correspondiente a la Tarjeta Alimentar.<\/p>\n\n\n\n<p>La Tarjeta Alimentar es el programa del Ministerio de Desarrollo Social de la Naci\u00f3n que garantiza el acceso a la canasta b\u00e1sica de alimentos. Se trata de un beneficio extra de $12.000 para aquellos titulares de AUH, AUE y PNC.<\/p>\n\n\n\n<p>\u00bfQui\u00e9nes cobran el beneficio extra de la Tarjeta Alimentar?<\/p>\n\n\n\n<p>A partir de esta semana, los planes de ANSES que son compatibles con la Tarjeta Alimentar cobrar\u00e1n un adicional de 6.000, 9.000 y 12.000 pesos.<\/p>\n\n\n\n<p>Para activar el beneficio extra, es necesario ser titular de Pensiones No Contributivas (PNC), la Asignaci\u00f3n Universal por Hijo ( AUH) y la Asignaci\u00f3n Universal por Embarazo (AUE) de ANSES.<\/p>\n\n\n\n<p>Pueden acceder personas que cobren la AUH con hijos de hasta 14 a\u00f1os inclusive.<\/p>\n\n\n\n<p>Embarazadas a partir de los 3 meses que cobren la Asignaci\u00f3n por Embarazo para Protecci\u00f3n Social.<\/p>\n\n\n\n<p>Personas con hijos con discapacidad que cobren la AUH, sin l\u00edmite de edad.<\/p>\n\n\n\n<p>Madres de 7 o m\u00e1s hijos que perciben Pensiones No Contributivas.<\/p>\n\n\n\n<p>Este beneficio adicional que entrega ANSES no es compatible con quienes cobren la Asignaci\u00f3n por Hijo (SUAF), ya que estas personas pueden acceder al Complemento Mensual para el Salario Familiar de $5.063.<\/p>\n\n\n\n<p>\u00bfDe cu\u00e1nto es el monto adicional de Tarjeta Alimentar para beneficiarios ANSES?<\/p>\n\n\n\n<p>El saldo de la Tarjeta Alimentar var\u00eda seg\u00fan prestaci\u00f3n percibida y cantidad de hijos a cargo:<\/p>\n\n\n\n<p>Asignaci\u00f3n por Embarazo: $6.000<\/p>\n\n\n\n<p>Familias con un hijo\/a: $6.000<\/p>\n\n\n\n<p>Familias con dos hijos\/as: $9.000<\/p>\n\n\n\n<p>Familias con tres hijos o m\u00e1s: $12.000<\/p>\n\n\n\n<p>Calendario de pago Tarjeta Alimentar para Pensiones No Contributivas<\/p>\n\n\n\n<p>En el caso de quienes reciben las PNC, el \u00faltimo d\u00eda para recibir la acreditaci\u00f3n de la tarjeta alimentaria es el lunes 10 de enero, ya que las fechas de cobro comenzaron la semana anterior.<\/p>\n\n\n\n<p>Desde el lunes 10 de enero, la AUE se empieza a cobrar junto con la tarjeta alimentaria seg\u00fan la terminaci\u00f3n del DNI.<\/p>\n\n\n\n<p>La AUH recibir\u00e1 su prestaci\u00f3n mensual junto con el plus de la tarjeta alimentaria a partir del martes pr\u00f3ximo (11\/01\/22).<\/p>\n\n\n\n<p>\u00bfC\u00f3mo consultar el saldo de Tarjeta Alimentar?<\/p>\n\n\n\n<p>Para consultar el saldo de la Tarjeta Alimentar ingres\u00e1 a Visa Home, eleg\u00ed el tipo de tarjeta Visa Beneficio y escrib\u00ed el n\u00famero de la tarjeta.<\/p>\n","protected":false},"excerpt":{"rendered":"<p>La Administraci\u00f3n Nacional de la Seguridad Social (ANSES) junto con el Ministerio de Desarrollo Social avanzan con el calendario de pagos de enero 2022. Desde el organismo que encabeza Fernanda Raverta, junto al ministro Juan Zabaleta, confirmaron que a partir de esta semana los titulares de AUH, AUE y Pensiones no Contributivas (PNC), recibir\u00e1n un [&hellip;]<\/p>\n","protected":false},"author":2,"featured_media":12140,"comment_status":"open","ping_status":"open","sticky":false,"template":"","format":"standard","meta":{"footnotes":""},"categories":[35],"tags":[],"class_list":["post-12139","post","type-post","status-publish","format-standard","has-post-thumbnail","hentry","category-informacion-general"],"yoast_head":"<!-- This site is optimized with the Yoast SEO plugin v27.5 - https:\/\/yoast.com\/product\/yoast-seo-wordpress\/ -->\n<title>Tarjeta Alimentar: Confirman pago de $12.000 adicional para beneficiarios de AUH, AUE y pensiones | CVI NOTICIAS<\/title>\n<meta name=\"robots\" content=\"index, follow, max-snippet:-1, max-image-preview:large, max-video-preview:-1\" \/>\n<link rel=\"canonical\" href=\"https:\/\/cvinoticias.com\/v3\/tarjeta-alimentar-confirman-pago-de-12-000-adicional-para-beneficiarios-de-auh-aue-y-pensiones\/\" \/>\n<meta property=\"og:locale\" content=\"es_ES\" \/>\n<meta property=\"og:type\" content=\"article\" \/>\n<meta property=\"og:title\" content=\"Tarjeta Alimentar: Confirman pago de $12.000 adicional para beneficiarios de AUH, AUE y pensiones | CVI NOTICIAS\" \/>\n<meta property=\"og:description\" content=\"La Administraci\u00f3n Nacional de la Seguridad Social (ANSES) junto con el Ministerio de Desarrollo Social avanzan con el calendario de pagos de enero 2022. Desde el organismo que encabeza Fernanda Raverta, junto al ministro Juan Zabaleta, confirmaron que a partir de esta semana los titulares de AUH, AUE y Pensiones no Contributivas (PNC), recibir\u00e1n un [&hellip;]\" \/>\n<meta property=\"og:url\" content=\"https:\/\/cvinoticias.com\/v3\/tarjeta-alimentar-confirman-pago-de-12-000-adicional-para-beneficiarios-de-auh-aue-y-pensiones\/\" \/>\n<meta property=\"og:site_name\" content=\"CVI NOTICIAS\" \/>\n<meta property=\"article:publisher\" content=\"https:\/\/www.facebook.com\/cvinoticias\" \/>\n<meta property=\"article:published_time\" content=\"2022-01-10T04:27:36+00:00\" \/>\n<meta property=\"og:image\" content=\"https:\/\/cvinoticias.com\/wp-content\/uploads\/2022\/01\/descarga-2.jpeg\" \/>\n\t<meta property=\"og:image:width\" content=\"288\" \/>\n\t<meta property=\"og:image:height\" content=\"175\" \/>\n\t<meta property=\"og:image:type\" content=\"image\/jpeg\" \/>\n<meta name=\"author\" content=\"f1000024\" \/>\n<meta name=\"twitter:card\" content=\"summary_large_image\" \/>\n<meta name=\"twitter:label1\" content=\"Escrito por\" \/>\n\t<meta name=\"twitter:data1\" content=\"f1000024\" \/>\n\t<meta name=\"twitter:label2\" content=\"Tiempo de lectura\" \/>\n\t<meta name=\"twitter:data2\" content=\"2 minutos\" \/>\n<script type=\"application\/ld+json\" class=\"yoast-schema-graph\">{\"@context\":\"https:\\\/\\\/schema.org\",\"@graph\":[{\"@type\":\"Article\",\"@id\":\"https:\\\/\\\/cvinoticias.com\\\/v3\\\/tarjeta-alimentar-confirman-pago-de-12-000-adicional-para-beneficiarios-de-auh-aue-y-pensiones\\\/#article\",\"isPartOf\":{\"@id\":\"https:\\\/\\\/cvinoticias.com\\\/v3\\\/tarjeta-alimentar-confirman-pago-de-12-000-adicional-para-beneficiarios-de-auh-aue-y-pensiones\\\/\"},\"author\":{\"name\":\"f1000024\",\"@id\":\"https:\\\/\\\/cvinoticias.com\\\/v3\\\/#\\\/schema\\\/person\\\/2db77e3c6bc03c538495d7b2b8be9b66\"},\"headline\":\"Tarjeta Alimentar: Confirman pago de $12.000 adicional para beneficiarios de AUH, AUE y pensiones\",\"datePublished\":\"2022-01-10T04:27:36+00:00\",\"mainEntityOfPage\":{\"@id\":\"https:\\\/\\\/cvinoticias.com\\\/v3\\\/tarjeta-alimentar-confirman-pago-de-12-000-adicional-para-beneficiarios-de-auh-aue-y-pensiones\\\/\"},\"wordCount\":446,\"commentCount\":0,\"publisher\":{\"@id\":\"https:\\\/\\\/cvinoticias.com\\\/v3\\\/#organization\"},\"image\":{\"@id\":\"https:\\\/\\\/cvinoticias.com\\\/v3\\\/tarjeta-alimentar-confirman-pago-de-12-000-adicional-para-beneficiarios-de-auh-aue-y-pensiones\\\/#primaryimage\"},\"thumbnailUrl\":\"https:\\\/\\\/cvinoticias.com\\\/wp-content\\\/uploads\\\/2022\\\/01\\\/descarga-2.jpeg\",\"articleSection\":[\"Informaci\u00f3n General\"],\"inLanguage\":\"es\",\"potentialAction\":[{\"@type\":\"CommentAction\",\"name\":\"Comment\",\"target\":[\"https:\\\/\\\/cvinoticias.com\\\/v3\\\/tarjeta-alimentar-confirman-pago-de-12-000-adicional-para-beneficiarios-de-auh-aue-y-pensiones\\\/#respond\"]}]},{\"@type\":\"WebPage\",\"@id\":\"https:\\\/\\\/cvinoticias.com\\\/v3\\\/tarjeta-alimentar-confirman-pago-de-12-000-adicional-para-beneficiarios-de-auh-aue-y-pensiones\\\/\",\"url\":\"https:\\\/\\\/cvinoticias.com\\\/v3\\\/tarjeta-alimentar-confirman-pago-de-12-000-adicional-para-beneficiarios-de-auh-aue-y-pensiones\\\/\",\"name\":\"Tarjeta Alimentar: Confirman pago de $12.000 adicional para beneficiarios de AUH, AUE y pensiones | CVI NOTICIAS\",\"isPartOf\":{\"@id\":\"https:\\\/\\\/cvinoticias.com\\\/v3\\\/#website\"},\"primaryImageOfPage\":{\"@id\":\"https:\\\/\\\/cvinoticias.com\\\/v3\\\/tarjeta-alimentar-confirman-pago-de-12-000-adicional-para-beneficiarios-de-auh-aue-y-pensiones\\\/#primaryimage\"},\"image\":{\"@id\":\"https:\\\/\\\/cvinoticias.com\\\/v3\\\/tarjeta-alimentar-confirman-pago-de-12-000-adicional-para-beneficiarios-de-auh-aue-y-pensiones\\\/#primaryimage\"},\"thumbnailUrl\":\"https:\\\/\\\/cvinoticias.com\\\/wp-content\\\/uploads\\\/2022\\\/01\\\/descarga-2.jpeg\",\"datePublished\":\"2022-01-10T04:27:36+00:00\",\"breadcrumb\":{\"@id\":\"https:\\\/\\\/cvinoticias.com\\\/v3\\\/tarjeta-alimentar-confirman-pago-de-12-000-adicional-para-beneficiarios-de-auh-aue-y-pensiones\\\/#breadcrumb\"},\"inLanguage\":\"es\",\"potentialAction\":[{\"@type\":\"ReadAction\",\"target\":[\"https:\\\/\\\/cvinoticias.com\\\/v3\\\/tarjeta-alimentar-confirman-pago-de-12-000-adicional-para-beneficiarios-de-auh-aue-y-pensiones\\\/\"]}]},{\"@type\":\"ImageObject\",\"inLanguage\":\"es\",\"@id\":\"https:\\\/\\\/cvinoticias.com\\\/v3\\\/tarjeta-alimentar-confirman-pago-de-12-000-adicional-para-beneficiarios-de-auh-aue-y-pensiones\\\/#primaryimage\",\"url\":\"https:\\\/\\\/cvinoticias.com\\\/wp-content\\\/uploads\\\/2022\\\/01\\\/descarga-2.jpeg\",\"contentUrl\":\"https:\\\/\\\/cvinoticias.com\\\/wp-content\\\/uploads\\\/2022\\\/01\\\/descarga-2.jpeg\",\"width\":288,\"height\":175},{\"@type\":\"BreadcrumbList\",\"@id\":\"https:\\\/\\\/cvinoticias.com\\\/v3\\\/tarjeta-alimentar-confirman-pago-de-12-000-adicional-para-beneficiarios-de-auh-aue-y-pensiones\\\/#breadcrumb\",\"itemListElement\":[{\"@type\":\"ListItem\",\"position\":1,\"name\":\"Portada\",\"item\":\"https:\\\/\\\/cvinoticias.com\\\/v3\\\/\"},{\"@type\":\"ListItem\",\"position\":2,\"name\":\"Tarjeta Alimentar: Confirman pago de $12.000 adicional para beneficiarios de AUH, AUE y pensiones\"}]},{\"@type\":\"WebSite\",\"@id\":\"https:\\\/\\\/cvinoticias.com\\\/v3\\\/#website\",\"url\":\"https:\\\/\\\/cvinoticias.com\\\/v3\\\/\",\"name\":\"CVI NOTICIAS\",\"description\":\"\",\"publisher\":{\"@id\":\"https:\\\/\\\/cvinoticias.com\\\/v3\\\/#organization\"},\"alternateName\":\"CVI\",\"potentialAction\":[{\"@type\":\"SearchAction\",\"target\":{\"@type\":\"EntryPoint\",\"urlTemplate\":\"https:\\\/\\\/cvinoticias.com\\\/v3\\\/?s={search_term_string}\"},\"query-input\":{\"@type\":\"PropertyValueSpecification\",\"valueRequired\":true,\"valueName\":\"search_term_string\"}}],\"inLanguage\":\"es\"},{\"@type\":\"Organization\",\"@id\":\"https:\\\/\\\/cvinoticias.com\\\/v3\\\/#organization\",\"name\":\"CVI NOTICIAS\",\"url\":\"https:\\\/\\\/cvinoticias.com\\\/v3\\\/\",\"logo\":{\"@type\":\"ImageObject\",\"inLanguage\":\"es\",\"@id\":\"https:\\\/\\\/cvinoticias.com\\\/v3\\\/#\\\/schema\\\/logo\\\/image\\\/\",\"url\":\"https:\\\/\\\/cvinoticias.com\\\/wp-content\\\/uploads\\\/2023\\\/04\\\/cropped-cropped-cropped-cropped-cropped-3-1.png\",\"contentUrl\":\"https:\\\/\\\/cvinoticias.com\\\/wp-content\\\/uploads\\\/2023\\\/04\\\/cropped-cropped-cropped-cropped-cropped-3-1.png\",\"width\":95,\"height\":122,\"caption\":\"CVI NOTICIAS\"},\"image\":{\"@id\":\"https:\\\/\\\/cvinoticias.com\\\/v3\\\/#\\\/schema\\\/logo\\\/image\\\/\"},\"sameAs\":[\"https:\\\/\\\/www.facebook.com\\\/cvinoticias\",\"https:\\\/\\\/www.instagram.com\\\/cvinoticias\\\/\",\"https:\\\/\\\/www.youtube.com\\\/@CVINOTICIAS\"]},{\"@type\":\"Person\",\"@id\":\"https:\\\/\\\/cvinoticias.com\\\/v3\\\/#\\\/schema\\\/person\\\/2db77e3c6bc03c538495d7b2b8be9b66\",\"name\":\"f1000024\",\"image\":{\"@type\":\"ImageObject\",\"inLanguage\":\"es\",\"@id\":\"https:\\\/\\\/secure.gravatar.com\\\/avatar\\\/d4fe7459cfc51ff5129ce1a732bbef5928568b8092d412ef95611616376bbeed?s=96&d=mm&r=g\",\"url\":\"https:\\\/\\\/secure.gravatar.com\\\/avatar\\\/d4fe7459cfc51ff5129ce1a732bbef5928568b8092d412ef95611616376bbeed?s=96&d=mm&r=g\",\"contentUrl\":\"https:\\\/\\\/secure.gravatar.com\\\/avatar\\\/d4fe7459cfc51ff5129ce1a732bbef5928568b8092d412ef95611616376bbeed?s=96&d=mm&r=g\",\"caption\":\"f1000024\"},\"url\":\"https:\\\/\\\/cvinoticias.com\\\/v3\\\/author\\\/f1000024\\\/\"}]}<\/script>\n<!-- \/ Yoast SEO plugin. -->","yoast_head_json":{"title":"Tarjeta Alimentar: Confirman pago de $12.000 adicional para beneficiarios de AUH, AUE y pensiones | CVI NOTICIAS","robots":{"index":"index","follow":"follow","max-snippet":"max-snippet:-1","max-image-preview":"max-image-preview:large","max-video-preview":"max-video-preview:-1"},"canonical":"https:\/\/cvinoticias.com\/v3\/tarjeta-alimentar-confirman-pago-de-12-000-adicional-para-beneficiarios-de-auh-aue-y-pensiones\/","og_locale":"es_ES","og_type":"article","og_title":"Tarjeta Alimentar: Confirman pago de $12.000 adicional para beneficiarios de AUH, AUE y pensiones | CVI NOTICIAS","og_description":"La Administraci\u00f3n Nacional de la Seguridad Social (ANSES) junto con el Ministerio de Desarrollo Social avanzan con el calendario de pagos de enero 2022. Desde el organismo que encabeza Fernanda Raverta, junto al ministro Juan Zabaleta, confirmaron que a partir de esta semana los titulares de AUH, AUE y Pensiones no Contributivas (PNC), recibir\u00e1n un [&hellip;]","og_url":"https:\/\/cvinoticias.com\/v3\/tarjeta-alimentar-confirman-pago-de-12-000-adicional-para-beneficiarios-de-auh-aue-y-pensiones\/","og_site_name":"CVI NOTICIAS","article_publisher":"https:\/\/www.facebook.com\/cvinoticias","article_published_time":"2022-01-10T04:27:36+00:00","og_image":[{"width":288,"height":175,"url":"https:\/\/cvinoticias.com\/wp-content\/uploads\/2022\/01\/descarga-2.jpeg","type":"image\/jpeg"}],"author":"f1000024","twitter_card":"summary_large_image","twitter_misc":{"Escrito por":"f1000024","Tiempo de lectura":"2 minutos"},"schema":{"@context":"https:\/\/schema.org","@graph":[{"@type":"Article","@id":"https:\/\/cvinoticias.com\/v3\/tarjeta-alimentar-confirman-pago-de-12-000-adicional-para-beneficiarios-de-auh-aue-y-pensiones\/#article","isPartOf":{"@id":"https:\/\/cvinoticias.com\/v3\/tarjeta-alimentar-confirman-pago-de-12-000-adicional-para-beneficiarios-de-auh-aue-y-pensiones\/"},"author":{"name":"f1000024","@id":"https:\/\/cvinoticias.com\/v3\/#\/schema\/person\/2db77e3c6bc03c538495d7b2b8be9b66"},"headline":"Tarjeta Alimentar: Confirman pago de $12.000 adicional para beneficiarios de AUH, AUE y pensiones","datePublished":"2022-01-10T04:27:36+00:00","mainEntityOfPage":{"@id":"https:\/\/cvinoticias.com\/v3\/tarjeta-alimentar-confirman-pago-de-12-000-adicional-para-beneficiarios-de-auh-aue-y-pensiones\/"},"wordCount":446,"commentCount":0,"publisher":{"@id":"https:\/\/cvinoticias.com\/v3\/#organization"},"image":{"@id":"https:\/\/cvinoticias.com\/v3\/tarjeta-alimentar-confirman-pago-de-12-000-adicional-para-beneficiarios-de-auh-aue-y-pensiones\/#primaryimage"},"thumbnailUrl":"https:\/\/cvinoticias.com\/wp-content\/uploads\/2022\/01\/descarga-2.jpeg","articleSection":["Informaci\u00f3n General"],"inLanguage":"es","potentialAction":[{"@type":"CommentAction","name":"Comment","target":["https:\/\/cvinoticias.com\/v3\/tarjeta-alimentar-confirman-pago-de-12-000-adicional-para-beneficiarios-de-auh-aue-y-pensiones\/#respond"]}]},{"@type":"WebPage","@id":"https:\/\/cvinoticias.com\/v3\/tarjeta-alimentar-confirman-pago-de-12-000-adicional-para-beneficiarios-de-auh-aue-y-pensiones\/","url":"https:\/\/cvinoticias.com\/v3\/tarjeta-alimentar-confirman-pago-de-12-000-adicional-para-beneficiarios-de-auh-aue-y-pensiones\/","name":"Tarjeta Alimentar: Confirman pago de $12.000 adicional para beneficiarios de AUH, AUE y pensiones | CVI NOTICIAS","isPartOf":{"@id":"https:\/\/cvinoticias.com\/v3\/#website"},"primaryImageOfPage":{"@id":"https:\/\/cvinoticias.com\/v3\/tarjeta-alimentar-confirman-pago-de-12-000-adicional-para-beneficiarios-de-auh-aue-y-pensiones\/#primaryimage"},"image":{"@id":"https:\/\/cvinoticias.com\/v3\/tarjeta-alimentar-confirman-pago-de-12-000-adicional-para-beneficiarios-de-auh-aue-y-pensiones\/#primaryimage"},"thumbnailUrl":"https:\/\/cvinoticias.com\/wp-content\/uploads\/2022\/01\/descarga-2.jpeg","datePublished":"2022-01-10T04:27:36+00:00","breadcrumb":{"@id":"https:\/\/cvinoticias.com\/v3\/tarjeta-alimentar-confirman-pago-de-12-000-adicional-para-beneficiarios-de-auh-aue-y-pensiones\/#breadcrumb"},"inLanguage":"es","potentialAction":[{"@type":"ReadAction","target":["https:\/\/cvinoticias.com\/v3\/tarjeta-alimentar-confirman-pago-de-12-000-adicional-para-beneficiarios-de-auh-aue-y-pensiones\/"]}]},{"@type":"ImageObject","inLanguage":"es","@id":"https:\/\/cvinoticias.com\/v3\/tarjeta-alimentar-confirman-pago-de-12-000-adicional-para-beneficiarios-de-auh-aue-y-pensiones\/#primaryimage","url":"https:\/\/cvinoticias.com\/wp-content\/uploads\/2022\/01\/descarga-2.jpeg","contentUrl":"https:\/\/cvinoticias.com\/wp-content\/uploads\/2022\/01\/descarga-2.jpeg","width":288,"height":175},{"@type":"BreadcrumbList","@id":"https:\/\/cvinoticias.com\/v3\/tarjeta-alimentar-confirman-pago-de-12-000-adicional-para-beneficiarios-de-auh-aue-y-pensiones\/#breadcrumb","itemListElement":[{"@type":"ListItem","position":1,"name":"Portada","item":"https:\/\/cvinoticias.com\/v3\/"},{"@type":"ListItem","position":2,"name":"Tarjeta Alimentar: Confirman pago de $12.000 adicional para beneficiarios de AUH, AUE y pensiones"}]},{"@type":"WebSite","@id":"https:\/\/cvinoticias.com\/v3\/#website","url":"https:\/\/cvinoticias.com\/v3\/","name":"CVI NOTICIAS","description":"","publisher":{"@id":"https:\/\/cvinoticias.com\/v3\/#organization"},"alternateName":"CVI","potentialAction":[{"@type":"SearchAction","target":{"@type":"EntryPoint","urlTemplate":"https:\/\/cvinoticias.com\/v3\/?s={search_term_string}"},"query-input":{"@type":"PropertyValueSpecification","valueRequired":true,"valueName":"search_term_string"}}],"inLanguage":"es"},{"@type":"Organization","@id":"https:\/\/cvinoticias.com\/v3\/#organization","name":"CVI NOTICIAS","url":"https:\/\/cvinoticias.com\/v3\/","logo":{"@type":"ImageObject","inLanguage":"es","@id":"https:\/\/cvinoticias.com\/v3\/#\/schema\/logo\/image\/","url":"https:\/\/cvinoticias.com\/wp-content\/uploads\/2023\/04\/cropped-cropped-cropped-cropped-cropped-3-1.png","contentUrl":"https:\/\/cvinoticias.com\/wp-content\/uploads\/2023\/04\/cropped-cropped-cropped-cropped-cropped-3-1.png","width":95,"height":122,"caption":"CVI NOTICIAS"},"image":{"@id":"https:\/\/cvinoticias.com\/v3\/#\/schema\/logo\/image\/"},"sameAs":["https:\/\/www.facebook.com\/cvinoticias","https:\/\/www.instagram.com\/cvinoticias\/","https:\/\/www.youtube.com\/@CVINOTICIAS"]},{"@type":"Person","@id":"https:\/\/cvinoticias.com\/v3\/#\/schema\/person\/2db77e3c6bc03c538495d7b2b8be9b66","name":"f1000024","image":{"@type":"ImageObject","inLanguage":"es","@id":"https:\/\/secure.gravatar.com\/avatar\/d4fe7459cfc51ff5129ce1a732bbef5928568b8092d412ef95611616376bbeed?s=96&d=mm&r=g","url":"https:\/\/secure.gravatar.com\/avatar\/d4fe7459cfc51ff5129ce1a732bbef5928568b8092d412ef95611616376bbeed?s=96&d=mm&r=g","contentUrl":"https:\/\/secure.gravatar.com\/avatar\/d4fe7459cfc51ff5129ce1a732bbef5928568b8092d412ef95611616376bbeed?s=96&d=mm&r=g","caption":"f1000024"},"url":"https:\/\/cvinoticias.com\/v3\/author\/f1000024\/"}]}},"_links":{"self":[{"href":"https:\/\/cvinoticias.com\/v3\/wp-json\/wp\/v2\/posts\/12139","targetHints":{"allow":["GET"]}}],"collection":[{"href":"https:\/\/cvinoticias.com\/v3\/wp-json\/wp\/v2\/posts"}],"about":[{"href":"https:\/\/cvinoticias.com\/v3\/wp-json\/wp\/v2\/types\/post"}],"author":[{"embeddable":true,"href":"https:\/\/cvinoticias.com\/v3\/wp-json\/wp\/v2\/users\/2"}],"replies":[{"embeddable":true,"href":"https:\/\/cvinoticias.com\/v3\/wp-json\/wp\/v2\/comments?post=12139"}],"version-history":[{"count":1,"href":"https:\/\/cvinoticias.com\/v3\/wp-json\/wp\/v2\/posts\/12139\/revisions"}],"predecessor-version":[{"id":12141,"href":"https:\/\/cvinoticias.com\/v3\/wp-json\/wp\/v2\/posts\/12139\/revisions\/12141"}],"wp:featuredmedia":[{"embeddable":true,"href":"https:\/\/cvinoticias.com\/v3\/wp-json\/wp\/v2\/media\/12140"}],"wp:attachment":[{"href":"https:\/\/cvinoticias.com\/v3\/wp-json\/wp\/v2\/media?parent=12139"}],"wp:term":[{"taxonomy":"category","embeddable":true,"href":"https:\/\/cvinoticias.com\/v3\/wp-json\/wp\/v2\/categories?post=12139"},{"taxonomy":"post_tag","embeddable":true,"href":"https:\/\/cvinoticias.com\/v3\/wp-json\/wp\/v2\/tags?post=12139"}],"curies":[{"name":"wp","href":"https:\/\/api.w.org\/{rel}","templated":true}]}}