{"id":12125,"date":"2022-01-10T02:33:48","date_gmt":"2022-01-10T02:33:48","guid":{"rendered":"https:\/\/cvinoticias.com\/v3\/?p=12125"},"modified":"2022-01-10T02:33:48","modified_gmt":"2022-01-10T02:33:48","slug":"misiones-recibio-200-millones-de-pesos-en-atn-para-continuar-con-la-lucha-contra-los-incendios","status":"publish","type":"post","link":"https:\/\/cvinoticias.com\/v3\/misiones-recibio-200-millones-de-pesos-en-atn-para-continuar-con-la-lucha-contra-los-incendios\/","title":{"rendered":"Misiones recibi\u00f3 200 millones de pesos en ATN para continuar con la lucha contra los incendios."},"content":{"rendered":"\n<p><strong><em>Al igual que las provincias de R\u00edo Negro, Chubut y Neuqu\u00e9n, la provincia de Misiones recibi\u00f3 un ATN de 200 millones de pesos otorgados a trav\u00e9s del Ministerio del Interior en el marco de los operativos que se llevan adelante para combatir los incendios en distintas regiones.<\/em><\/strong><\/p>\n\n\n\n<p>A trav\u00e9s de su cuenta de Twitter la diputada nacional del Frente de Todos Cristina Br\u00edtez anunci\u00f3 y agradeci\u00f3 el trabajo que lleva adelante el Gobierno Nacional por puntualizar en las regiones m\u00e1s afectadas como la nuestra.<\/p>\n\n\n\n<p>\u00abDesde el comienzo de los incendios, el Gobierno Nacional ha estado presente y ahora a trav\u00e9s de @alberdezok y @wadodecorrido, el Ministerio del Interior ha otorgado la suma de 200 millones para afrontar la situaci\u00f3n que venimos atravesando. Gracias por estar con nosotros en esta emergencia\u00bb se\u00f1al\u00f3 la diputada a trav\u00e9s de la red social.<\/p>\n\n\n\n<p>El agradecimiento fue en respuesta al anuncio del ministro del Interior, Wado de Pedro qui\u00e9n comunic\u00f3 en Twitter la entrega de los fondos.<\/p>\n\n\n\n<p>\u00abLa problem\u00e1tica de los incendios forestales es prioridad para nuestro Gobierno. A aviones hidrantes, brigadistas, y veh\u00edculos aportados por @AmbienteNaci\u00f3n sumamos desde @MinInteriorArg 800 millones en ATN para las provincias m\u00e1s castigadas: R\u00edo Negro, Neuqu\u00e9n, Chubut y Misiones.<\/p>\n\n\n\n<p>La provincia de Misiones constituye el 52% del pulm\u00f3n verde de la Argentina, desde el inicio de la sequ\u00eda en el a\u00f1o 2019, los incendios se han ido incrementando continuamente por la vulnerabilidad de los suelos y la escasez de humedad.<\/p>\n\n\n\n<p>\u00abM\u00e1s all\u00e1 del intenso trabajo que llevan adelante los bomberos voluntarios, los planes de contingencia que se aplican y el otorgamiento de equipamiento es fundamental la toma de conciencia por parte de la sociedad, por eso apelamos a la responsabilidad para no iniciar ning\u00fan tipo de quema. M\u00e1s del 90 por ciento de los incendios se producen por descuido humano\u00bb a\u00f1adi\u00f3 Br\u00edtez.<\/p>\n\n\n\n<p>En total son 800 millones de pesos que ser\u00e1n distribuidos entre las provincias m\u00e1s afectadas en el pa\u00eds.<\/p>\n\n\n\n<figure class=\"wp-block-image size-full\"><a href=\"https:\/\/cvinoticias.com\/wp-content\/uploads\/2022\/01\/IMG-20220109-WA0078.jpg\"><img decoding=\"async\" width=\"960\" height=\"720\" data-src=\"https:\/\/cvinoticias.com\/wp-content\/uploads\/2022\/01\/IMG-20220109-WA0078.jpg\" alt=\"\" class=\"wp-image-12126 lazyload\" data-srcset=\"https:\/\/cvinoticias.com\/wp-content\/uploads\/2022\/01\/IMG-20220109-WA0078.jpg 960w, https:\/\/cvinoticias.com\/wp-content\/uploads\/2022\/01\/IMG-20220109-WA0078-300x225.jpg 300w, https:\/\/cvinoticias.com\/wp-content\/uploads\/2022\/01\/IMG-20220109-WA0078-768x576.jpg 768w\" data-sizes=\"(max-width: 960px) 100vw, 960px\" src=\"data:image\/svg+xml;base64,PHN2ZyB3aWR0aD0iMSIgaGVpZ2h0PSIxIiB4bWxucz0iaHR0cDovL3d3dy53My5vcmcvMjAwMC9zdmciPjwvc3ZnPg==\" style=\"--smush-placeholder-width: 960px; --smush-placeholder-aspect-ratio: 960\/720;\" \/><\/a><\/figure>\n\n\n\n<figure class=\"wp-block-image size-large is-resized\"><a href=\"https:\/\/cvinoticias.com\/wp-content\/uploads\/2022\/01\/IMG-20220109-WA0079.jpg\"><img decoding=\"async\" data-src=\"https:\/\/cvinoticias.com\/wp-content\/uploads\/2022\/01\/IMG-20220109-WA0079-1024x768.jpg\" alt=\"\" class=\"wp-image-12127 lazyload\" width=\"647\" height=\"485\" data-srcset=\"https:\/\/cvinoticias.com\/wp-content\/uploads\/2022\/01\/IMG-20220109-WA0079-1024x768.jpg 1024w, https:\/\/cvinoticias.com\/wp-content\/uploads\/2022\/01\/IMG-20220109-WA0079-300x225.jpg 300w, https:\/\/cvinoticias.com\/wp-content\/uploads\/2022\/01\/IMG-20220109-WA0079-768x576.jpg 768w, https:\/\/cvinoticias.com\/wp-content\/uploads\/2022\/01\/IMG-20220109-WA0079-1536x1152.jpg 1536w, https:\/\/cvinoticias.com\/wp-content\/uploads\/2022\/01\/IMG-20220109-WA0079.jpg 1600w\" data-sizes=\"(max-width: 647px) 100vw, 647px\" src=\"data:image\/svg+xml;base64,PHN2ZyB3aWR0aD0iMSIgaGVpZ2h0PSIxIiB4bWxucz0iaHR0cDovL3d3dy53My5vcmcvMjAwMC9zdmciPjwvc3ZnPg==\" style=\"--smush-placeholder-width: 647px; --smush-placeholder-aspect-ratio: 647\/485;\" \/><\/a><\/figure>\n","protected":false},"excerpt":{"rendered":"<p>Al igual que las provincias de R\u00edo Negro, Chubut y Neuqu\u00e9n, la provincia de Misiones recibi\u00f3 un ATN de 200 millones de pesos otorgados a trav\u00e9s del Ministerio del Interior en el marco de los operativos que se llevan adelante para combatir los incendios en distintas regiones. A trav\u00e9s de su cuenta de Twitter la [&hellip;]<\/p>\n","protected":false},"author":2,"featured_media":12128,"comment_status":"open","ping_status":"open","sticky":false,"template":"","format":"standard","meta":{"footnotes":""},"categories":[41],"tags":[],"class_list":["post-12125","post","type-post","status-publish","format-standard","has-post-thumbnail","hentry","category-policiales"],"yoast_head":"<!-- This site is optimized with the Yoast SEO plugin v27.5 - https:\/\/yoast.com\/product\/yoast-seo-wordpress\/ -->\n<title>Misiones recibi\u00f3 200 millones de pesos en ATN para continuar con la lucha contra los incendios. | CVI NOTICIAS<\/title>\n<meta name=\"robots\" content=\"index, follow, max-snippet:-1, max-image-preview:large, max-video-preview:-1\" \/>\n<link rel=\"canonical\" href=\"https:\/\/cvinoticias.com\/v3\/misiones-recibio-200-millones-de-pesos-en-atn-para-continuar-con-la-lucha-contra-los-incendios\/\" \/>\n<meta property=\"og:locale\" content=\"es_ES\" \/>\n<meta property=\"og:type\" content=\"article\" \/>\n<meta property=\"og:title\" content=\"Misiones recibi\u00f3 200 millones de pesos en ATN para continuar con la lucha contra los incendios. | CVI NOTICIAS\" \/>\n<meta property=\"og:description\" content=\"Al igual que las provincias de R\u00edo Negro, Chubut y Neuqu\u00e9n, la provincia de Misiones recibi\u00f3 un ATN de 200 millones de pesos otorgados a trav\u00e9s del Ministerio del Interior en el marco de los operativos que se llevan adelante para combatir los incendios en distintas regiones. A trav\u00e9s de su cuenta de Twitter la [&hellip;]\" \/>\n<meta property=\"og:url\" content=\"https:\/\/cvinoticias.com\/v3\/misiones-recibio-200-millones-de-pesos-en-atn-para-continuar-con-la-lucha-contra-los-incendios\/\" \/>\n<meta property=\"og:site_name\" content=\"CVI NOTICIAS\" \/>\n<meta property=\"article:publisher\" content=\"https:\/\/www.facebook.com\/cvinoticias\" \/>\n<meta property=\"article:published_time\" content=\"2022-01-10T02:33:48+00:00\" \/>\n<meta property=\"og:image\" content=\"https:\/\/cvinoticias.com\/wp-content\/uploads\/2022\/01\/IMG-20220109-WA0080.jpg\" \/>\n\t<meta property=\"og:image:width\" content=\"1024\" \/>\n\t<meta property=\"og:image:height\" content=\"683\" \/>\n\t<meta property=\"og:image:type\" content=\"image\/jpeg\" \/>\n<meta name=\"author\" content=\"f1000024\" \/>\n<meta name=\"twitter:card\" content=\"summary_large_image\" \/>\n<meta name=\"twitter:label1\" content=\"Escrito por\" \/>\n\t<meta name=\"twitter:data1\" content=\"f1000024\" \/>\n\t<meta name=\"twitter:label2\" content=\"Tiempo de lectura\" \/>\n\t<meta name=\"twitter:data2\" content=\"2 minutos\" \/>\n<script type=\"application\/ld+json\" class=\"yoast-schema-graph\">{\"@context\":\"https:\\\/\\\/schema.org\",\"@graph\":[{\"@type\":\"Article\",\"@id\":\"https:\\\/\\\/cvinoticias.com\\\/v3\\\/misiones-recibio-200-millones-de-pesos-en-atn-para-continuar-con-la-lucha-contra-los-incendios\\\/#article\",\"isPartOf\":{\"@id\":\"https:\\\/\\\/cvinoticias.com\\\/v3\\\/misiones-recibio-200-millones-de-pesos-en-atn-para-continuar-con-la-lucha-contra-los-incendios\\\/\"},\"author\":{\"name\":\"f1000024\",\"@id\":\"https:\\\/\\\/cvinoticias.com\\\/v3\\\/#\\\/schema\\\/person\\\/2db77e3c6bc03c538495d7b2b8be9b66\"},\"headline\":\"Misiones recibi\u00f3 200 millones de pesos en ATN para continuar con la lucha contra los incendios.\",\"datePublished\":\"2022-01-10T02:33:48+00:00\",\"mainEntityOfPage\":{\"@id\":\"https:\\\/\\\/cvinoticias.com\\\/v3\\\/misiones-recibio-200-millones-de-pesos-en-atn-para-continuar-con-la-lucha-contra-los-incendios\\\/\"},\"wordCount\":357,\"commentCount\":0,\"publisher\":{\"@id\":\"https:\\\/\\\/cvinoticias.com\\\/v3\\\/#organization\"},\"image\":{\"@id\":\"https:\\\/\\\/cvinoticias.com\\\/v3\\\/misiones-recibio-200-millones-de-pesos-en-atn-para-continuar-con-la-lucha-contra-los-incendios\\\/#primaryimage\"},\"thumbnailUrl\":\"https:\\\/\\\/cvinoticias.com\\\/wp-content\\\/uploads\\\/2022\\\/01\\\/IMG-20220109-WA0080.jpg\",\"articleSection\":[\"Policiales\"],\"inLanguage\":\"es\",\"potentialAction\":[{\"@type\":\"CommentAction\",\"name\":\"Comment\",\"target\":[\"https:\\\/\\\/cvinoticias.com\\\/v3\\\/misiones-recibio-200-millones-de-pesos-en-atn-para-continuar-con-la-lucha-contra-los-incendios\\\/#respond\"]}]},{\"@type\":\"WebPage\",\"@id\":\"https:\\\/\\\/cvinoticias.com\\\/v3\\\/misiones-recibio-200-millones-de-pesos-en-atn-para-continuar-con-la-lucha-contra-los-incendios\\\/\",\"url\":\"https:\\\/\\\/cvinoticias.com\\\/v3\\\/misiones-recibio-200-millones-de-pesos-en-atn-para-continuar-con-la-lucha-contra-los-incendios\\\/\",\"name\":\"Misiones recibi\u00f3 200 millones de pesos en ATN para continuar con la lucha contra los incendios. | CVI NOTICIAS\",\"isPartOf\":{\"@id\":\"https:\\\/\\\/cvinoticias.com\\\/v3\\\/#website\"},\"primaryImageOfPage\":{\"@id\":\"https:\\\/\\\/cvinoticias.com\\\/v3\\\/misiones-recibio-200-millones-de-pesos-en-atn-para-continuar-con-la-lucha-contra-los-incendios\\\/#primaryimage\"},\"image\":{\"@id\":\"https:\\\/\\\/cvinoticias.com\\\/v3\\\/misiones-recibio-200-millones-de-pesos-en-atn-para-continuar-con-la-lucha-contra-los-incendios\\\/#primaryimage\"},\"thumbnailUrl\":\"https:\\\/\\\/cvinoticias.com\\\/wp-content\\\/uploads\\\/2022\\\/01\\\/IMG-20220109-WA0080.jpg\",\"datePublished\":\"2022-01-10T02:33:48+00:00\",\"breadcrumb\":{\"@id\":\"https:\\\/\\\/cvinoticias.com\\\/v3\\\/misiones-recibio-200-millones-de-pesos-en-atn-para-continuar-con-la-lucha-contra-los-incendios\\\/#breadcrumb\"},\"inLanguage\":\"es\",\"potentialAction\":[{\"@type\":\"ReadAction\",\"target\":[\"https:\\\/\\\/cvinoticias.com\\\/v3\\\/misiones-recibio-200-millones-de-pesos-en-atn-para-continuar-con-la-lucha-contra-los-incendios\\\/\"]}]},{\"@type\":\"ImageObject\",\"inLanguage\":\"es\",\"@id\":\"https:\\\/\\\/cvinoticias.com\\\/v3\\\/misiones-recibio-200-millones-de-pesos-en-atn-para-continuar-con-la-lucha-contra-los-incendios\\\/#primaryimage\",\"url\":\"https:\\\/\\\/cvinoticias.com\\\/wp-content\\\/uploads\\\/2022\\\/01\\\/IMG-20220109-WA0080.jpg\",\"contentUrl\":\"https:\\\/\\\/cvinoticias.com\\\/wp-content\\\/uploads\\\/2022\\\/01\\\/IMG-20220109-WA0080.jpg\",\"width\":1024,\"height\":683},{\"@type\":\"BreadcrumbList\",\"@id\":\"https:\\\/\\\/cvinoticias.com\\\/v3\\\/misiones-recibio-200-millones-de-pesos-en-atn-para-continuar-con-la-lucha-contra-los-incendios\\\/#breadcrumb\",\"itemListElement\":[{\"@type\":\"ListItem\",\"position\":1,\"name\":\"Portada\",\"item\":\"https:\\\/\\\/cvinoticias.com\\\/v3\\\/\"},{\"@type\":\"ListItem\",\"position\":2,\"name\":\"Misiones recibi\u00f3 200 millones de pesos en ATN para continuar con la lucha contra los incendios.\"}]},{\"@type\":\"WebSite\",\"@id\":\"https:\\\/\\\/cvinoticias.com\\\/v3\\\/#website\",\"url\":\"https:\\\/\\\/cvinoticias.com\\\/v3\\\/\",\"name\":\"CVI NOTICIAS\",\"description\":\"\",\"publisher\":{\"@id\":\"https:\\\/\\\/cvinoticias.com\\\/v3\\\/#organization\"},\"alternateName\":\"CVI\",\"potentialAction\":[{\"@type\":\"SearchAction\",\"target\":{\"@type\":\"EntryPoint\",\"urlTemplate\":\"https:\\\/\\\/cvinoticias.com\\\/v3\\\/?s={search_term_string}\"},\"query-input\":{\"@type\":\"PropertyValueSpecification\",\"valueRequired\":true,\"valueName\":\"search_term_string\"}}],\"inLanguage\":\"es\"},{\"@type\":\"Organization\",\"@id\":\"https:\\\/\\\/cvinoticias.com\\\/v3\\\/#organization\",\"name\":\"CVI NOTICIAS\",\"url\":\"https:\\\/\\\/cvinoticias.com\\\/v3\\\/\",\"logo\":{\"@type\":\"ImageObject\",\"inLanguage\":\"es\",\"@id\":\"https:\\\/\\\/cvinoticias.com\\\/v3\\\/#\\\/schema\\\/logo\\\/image\\\/\",\"url\":\"https:\\\/\\\/cvinoticias.com\\\/wp-content\\\/uploads\\\/2023\\\/04\\\/cropped-cropped-cropped-cropped-cropped-3-1.png\",\"contentUrl\":\"https:\\\/\\\/cvinoticias.com\\\/wp-content\\\/uploads\\\/2023\\\/04\\\/cropped-cropped-cropped-cropped-cropped-3-1.png\",\"width\":95,\"height\":122,\"caption\":\"CVI NOTICIAS\"},\"image\":{\"@id\":\"https:\\\/\\\/cvinoticias.com\\\/v3\\\/#\\\/schema\\\/logo\\\/image\\\/\"},\"sameAs\":[\"https:\\\/\\\/www.facebook.com\\\/cvinoticias\",\"https:\\\/\\\/www.instagram.com\\\/cvinoticias\\\/\",\"https:\\\/\\\/www.youtube.com\\\/@CVINOTICIAS\"]},{\"@type\":\"Person\",\"@id\":\"https:\\\/\\\/cvinoticias.com\\\/v3\\\/#\\\/schema\\\/person\\\/2db77e3c6bc03c538495d7b2b8be9b66\",\"name\":\"f1000024\",\"image\":{\"@type\":\"ImageObject\",\"inLanguage\":\"es\",\"@id\":\"https:\\\/\\\/secure.gravatar.com\\\/avatar\\\/d4fe7459cfc51ff5129ce1a732bbef5928568b8092d412ef95611616376bbeed?s=96&d=mm&r=g\",\"url\":\"https:\\\/\\\/secure.gravatar.com\\\/avatar\\\/d4fe7459cfc51ff5129ce1a732bbef5928568b8092d412ef95611616376bbeed?s=96&d=mm&r=g\",\"contentUrl\":\"https:\\\/\\\/secure.gravatar.com\\\/avatar\\\/d4fe7459cfc51ff5129ce1a732bbef5928568b8092d412ef95611616376bbeed?s=96&d=mm&r=g\",\"caption\":\"f1000024\"},\"url\":\"https:\\\/\\\/cvinoticias.com\\\/v3\\\/author\\\/f1000024\\\/\"}]}<\/script>\n<!-- \/ Yoast SEO plugin. -->","yoast_head_json":{"title":"Misiones recibi\u00f3 200 millones de pesos en ATN para continuar con la lucha contra los incendios. | CVI NOTICIAS","robots":{"index":"index","follow":"follow","max-snippet":"max-snippet:-1","max-image-preview":"max-image-preview:large","max-video-preview":"max-video-preview:-1"},"canonical":"https:\/\/cvinoticias.com\/v3\/misiones-recibio-200-millones-de-pesos-en-atn-para-continuar-con-la-lucha-contra-los-incendios\/","og_locale":"es_ES","og_type":"article","og_title":"Misiones recibi\u00f3 200 millones de pesos en ATN para continuar con la lucha contra los incendios. | CVI NOTICIAS","og_description":"Al igual que las provincias de R\u00edo Negro, Chubut y Neuqu\u00e9n, la provincia de Misiones recibi\u00f3 un ATN de 200 millones de pesos otorgados a trav\u00e9s del Ministerio del Interior en el marco de los operativos que se llevan adelante para combatir los incendios en distintas regiones. A trav\u00e9s de su cuenta de Twitter la [&hellip;]","og_url":"https:\/\/cvinoticias.com\/v3\/misiones-recibio-200-millones-de-pesos-en-atn-para-continuar-con-la-lucha-contra-los-incendios\/","og_site_name":"CVI NOTICIAS","article_publisher":"https:\/\/www.facebook.com\/cvinoticias","article_published_time":"2022-01-10T02:33:48+00:00","og_image":[{"width":1024,"height":683,"url":"https:\/\/cvinoticias.com\/wp-content\/uploads\/2022\/01\/IMG-20220109-WA0080.jpg","type":"image\/jpeg"}],"author":"f1000024","twitter_card":"summary_large_image","twitter_misc":{"Escrito por":"f1000024","Tiempo de lectura":"2 minutos"},"schema":{"@context":"https:\/\/schema.org","@graph":[{"@type":"Article","@id":"https:\/\/cvinoticias.com\/v3\/misiones-recibio-200-millones-de-pesos-en-atn-para-continuar-con-la-lucha-contra-los-incendios\/#article","isPartOf":{"@id":"https:\/\/cvinoticias.com\/v3\/misiones-recibio-200-millones-de-pesos-en-atn-para-continuar-con-la-lucha-contra-los-incendios\/"},"author":{"name":"f1000024","@id":"https:\/\/cvinoticias.com\/v3\/#\/schema\/person\/2db77e3c6bc03c538495d7b2b8be9b66"},"headline":"Misiones recibi\u00f3 200 millones de pesos en ATN para continuar con la lucha contra los incendios.","datePublished":"2022-01-10T02:33:48+00:00","mainEntityOfPage":{"@id":"https:\/\/cvinoticias.com\/v3\/misiones-recibio-200-millones-de-pesos-en-atn-para-continuar-con-la-lucha-contra-los-incendios\/"},"wordCount":357,"commentCount":0,"publisher":{"@id":"https:\/\/cvinoticias.com\/v3\/#organization"},"image":{"@id":"https:\/\/cvinoticias.com\/v3\/misiones-recibio-200-millones-de-pesos-en-atn-para-continuar-con-la-lucha-contra-los-incendios\/#primaryimage"},"thumbnailUrl":"https:\/\/cvinoticias.com\/wp-content\/uploads\/2022\/01\/IMG-20220109-WA0080.jpg","articleSection":["Policiales"],"inLanguage":"es","potentialAction":[{"@type":"CommentAction","name":"Comment","target":["https:\/\/cvinoticias.com\/v3\/misiones-recibio-200-millones-de-pesos-en-atn-para-continuar-con-la-lucha-contra-los-incendios\/#respond"]}]},{"@type":"WebPage","@id":"https:\/\/cvinoticias.com\/v3\/misiones-recibio-200-millones-de-pesos-en-atn-para-continuar-con-la-lucha-contra-los-incendios\/","url":"https:\/\/cvinoticias.com\/v3\/misiones-recibio-200-millones-de-pesos-en-atn-para-continuar-con-la-lucha-contra-los-incendios\/","name":"Misiones recibi\u00f3 200 millones de pesos en ATN para continuar con la lucha contra los incendios. | CVI NOTICIAS","isPartOf":{"@id":"https:\/\/cvinoticias.com\/v3\/#website"},"primaryImageOfPage":{"@id":"https:\/\/cvinoticias.com\/v3\/misiones-recibio-200-millones-de-pesos-en-atn-para-continuar-con-la-lucha-contra-los-incendios\/#primaryimage"},"image":{"@id":"https:\/\/cvinoticias.com\/v3\/misiones-recibio-200-millones-de-pesos-en-atn-para-continuar-con-la-lucha-contra-los-incendios\/#primaryimage"},"thumbnailUrl":"https:\/\/cvinoticias.com\/wp-content\/uploads\/2022\/01\/IMG-20220109-WA0080.jpg","datePublished":"2022-01-10T02:33:48+00:00","breadcrumb":{"@id":"https:\/\/cvinoticias.com\/v3\/misiones-recibio-200-millones-de-pesos-en-atn-para-continuar-con-la-lucha-contra-los-incendios\/#breadcrumb"},"inLanguage":"es","potentialAction":[{"@type":"ReadAction","target":["https:\/\/cvinoticias.com\/v3\/misiones-recibio-200-millones-de-pesos-en-atn-para-continuar-con-la-lucha-contra-los-incendios\/"]}]},{"@type":"ImageObject","inLanguage":"es","@id":"https:\/\/cvinoticias.com\/v3\/misiones-recibio-200-millones-de-pesos-en-atn-para-continuar-con-la-lucha-contra-los-incendios\/#primaryimage","url":"https:\/\/cvinoticias.com\/wp-content\/uploads\/2022\/01\/IMG-20220109-WA0080.jpg","contentUrl":"https:\/\/cvinoticias.com\/wp-content\/uploads\/2022\/01\/IMG-20220109-WA0080.jpg","width":1024,"height":683},{"@type":"BreadcrumbList","@id":"https:\/\/cvinoticias.com\/v3\/misiones-recibio-200-millones-de-pesos-en-atn-para-continuar-con-la-lucha-contra-los-incendios\/#breadcrumb","itemListElement":[{"@type":"ListItem","position":1,"name":"Portada","item":"https:\/\/cvinoticias.com\/v3\/"},{"@type":"ListItem","position":2,"name":"Misiones recibi\u00f3 200 millones de pesos en ATN para continuar con la lucha contra los incendios."}]},{"@type":"WebSite","@id":"https:\/\/cvinoticias.com\/v3\/#website","url":"https:\/\/cvinoticias.com\/v3\/","name":"CVI NOTICIAS","description":"","publisher":{"@id":"https:\/\/cvinoticias.com\/v3\/#organization"},"alternateName":"CVI","potentialAction":[{"@type":"SearchAction","target":{"@type":"EntryPoint","urlTemplate":"https:\/\/cvinoticias.com\/v3\/?s={search_term_string}"},"query-input":{"@type":"PropertyValueSpecification","valueRequired":true,"valueName":"search_term_string"}}],"inLanguage":"es"},{"@type":"Organization","@id":"https:\/\/cvinoticias.com\/v3\/#organization","name":"CVI NOTICIAS","url":"https:\/\/cvinoticias.com\/v3\/","logo":{"@type":"ImageObject","inLanguage":"es","@id":"https:\/\/cvinoticias.com\/v3\/#\/schema\/logo\/image\/","url":"https:\/\/cvinoticias.com\/wp-content\/uploads\/2023\/04\/cropped-cropped-cropped-cropped-cropped-3-1.png","contentUrl":"https:\/\/cvinoticias.com\/wp-content\/uploads\/2023\/04\/cropped-cropped-cropped-cropped-cropped-3-1.png","width":95,"height":122,"caption":"CVI NOTICIAS"},"image":{"@id":"https:\/\/cvinoticias.com\/v3\/#\/schema\/logo\/image\/"},"sameAs":["https:\/\/www.facebook.com\/cvinoticias","https:\/\/www.instagram.com\/cvinoticias\/","https:\/\/www.youtube.com\/@CVINOTICIAS"]},{"@type":"Person","@id":"https:\/\/cvinoticias.com\/v3\/#\/schema\/person\/2db77e3c6bc03c538495d7b2b8be9b66","name":"f1000024","image":{"@type":"ImageObject","inLanguage":"es","@id":"https:\/\/secure.gravatar.com\/avatar\/d4fe7459cfc51ff5129ce1a732bbef5928568b8092d412ef95611616376bbeed?s=96&d=mm&r=g","url":"https:\/\/secure.gravatar.com\/avatar\/d4fe7459cfc51ff5129ce1a732bbef5928568b8092d412ef95611616376bbeed?s=96&d=mm&r=g","contentUrl":"https:\/\/secure.gravatar.com\/avatar\/d4fe7459cfc51ff5129ce1a732bbef5928568b8092d412ef95611616376bbeed?s=96&d=mm&r=g","caption":"f1000024"},"url":"https:\/\/cvinoticias.com\/v3\/author\/f1000024\/"}]}},"_links":{"self":[{"href":"https:\/\/cvinoticias.com\/v3\/wp-json\/wp\/v2\/posts\/12125","targetHints":{"allow":["GET"]}}],"collection":[{"href":"https:\/\/cvinoticias.com\/v3\/wp-json\/wp\/v2\/posts"}],"about":[{"href":"https:\/\/cvinoticias.com\/v3\/wp-json\/wp\/v2\/types\/post"}],"author":[{"embeddable":true,"href":"https:\/\/cvinoticias.com\/v3\/wp-json\/wp\/v2\/users\/2"}],"replies":[{"embeddable":true,"href":"https:\/\/cvinoticias.com\/v3\/wp-json\/wp\/v2\/comments?post=12125"}],"version-history":[{"count":1,"href":"https:\/\/cvinoticias.com\/v3\/wp-json\/wp\/v2\/posts\/12125\/revisions"}],"predecessor-version":[{"id":12129,"href":"https:\/\/cvinoticias.com\/v3\/wp-json\/wp\/v2\/posts\/12125\/revisions\/12129"}],"wp:featuredmedia":[{"embeddable":true,"href":"https:\/\/cvinoticias.com\/v3\/wp-json\/wp\/v2\/media\/12128"}],"wp:attachment":[{"href":"https:\/\/cvinoticias.com\/v3\/wp-json\/wp\/v2\/media?parent=12125"}],"wp:term":[{"taxonomy":"category","embeddable":true,"href":"https:\/\/cvinoticias.com\/v3\/wp-json\/wp\/v2\/categories?post=12125"},{"taxonomy":"post_tag","embeddable":true,"href":"https:\/\/cvinoticias.com\/v3\/wp-json\/wp\/v2\/tags?post=12125"}],"curies":[{"name":"wp","href":"https:\/\/api.w.org\/{rel}","templated":true}]}}