{"id":12122,"date":"2022-01-09T23:30:39","date_gmt":"2022-01-09T23:30:39","guid":{"rendered":"https:\/\/cvinoticias.com\/v3\/?p=12122"},"modified":"2022-01-09T23:30:39","modified_gmt":"2022-01-09T23:30:39","slug":"por-una-medida-gremial-podria-haber-demoras-y-cancelacion-de-vuelos-a-partir-del-martes","status":"publish","type":"post","link":"https:\/\/cvinoticias.com\/v3\/por-una-medida-gremial-podria-haber-demoras-y-cancelacion-de-vuelos-a-partir-del-martes\/","title":{"rendered":"Por una medida gremial, podr\u00eda haber demoras y cancelaci\u00f3n de vuelos a partir del martes"},"content":{"rendered":"\n<p><strong><em>La Asociaci\u00f3n T\u00e9cnicos y Empleados de Protecci\u00f3n y Seguridad a la Aeronavegaci\u00f3n reclama por la falta de personal producto de la pandemia, y que en ese contexto hay trabajadores que deben realizar \u00abtareas con dotaciones por debajo de los m\u00ednimos de seguridad recomendados\u00bb. Adem\u00e1s asegura que la EANA \u00abno da respuestas a la cl\u00e1usula de revisi\u00f3n de la paritaria de 2021\u00bb.<\/em><\/strong><\/p>\n\n\n\n<p>Los vuelos de todo el pa\u00eds podr\u00edan sufrir demoras y cancelaciones a partir del martes, a ra\u00edz de un conflicto gremial iniciado por la Asociaci\u00f3n T\u00e9cnicos y Empleados de Protecci\u00f3n y Seguridad a la Aeronavegaci\u00f3n (ATEPSA).<\/p>\n\n\n\n<p>La justificiaci\u00f3n del gremio, que nuclea a los controladores a\u00e9reos, informaci\u00f3n aeron\u00e1utica y t\u00e9cnicos de la aviaci\u00f3n, entre otros profesionales, es que producto de la pandemia se agrav\u00f3 la situaci\u00f3n de falta de personal que seg\u00fan dicen, reclaman hace a\u00f1os, y que adicionalmente hay trabajadores que deben realizar \u00abtareas con dotaciones por debajo de los m\u00ednimos de seguridad recomendados\u00bb.<\/p>\n\n\n\n<p>En ese sentido, reclaman que la Empresa Argentina de Navegaci\u00f3n A\u00e9rea (EANA), Sociedad del Estado que trabaja bajo la \u00f3rbita del Ministerio de Transporte de la Naci\u00f3n, \u00abno da respuestas a la cl\u00e1usula de revisi\u00f3n de la paritaria de 2021\u00bb.<\/p>\n\n\n\n<p>Es por esto que desde el sindicato anunciaron el cronograma de medidas a todas las empresas aeroportuarias con varios d\u00edas de anticipaci\u00f3n, \u00abpara que reprogramen los servicios sin afectar a las y los pasajeros ni los vuelos de transporte de cargas\u00bb<\/p>\n\n\n\n<p>\u00abEl 51% de los trabajadores encuestados confirm\u00f3 que tiene compa\u00f1eros y compa\u00f1eras en estado de aislamiento y que no est\u00e1n prestando servicio. El 56% afirm\u00f3 que el personal es insuficiente y est\u00e1 trabajando con dotaciones por debajo de los m\u00ednimos de seguridad recomendados y esto perjudica las operaciones y les genera m\u00e1s presiones y estr\u00e9s. El 66% se vio obligado a compensar la falta de personal cumpliendo m\u00e1s tareas, con alta carga laboral y sus responsabilidades se duplicaron. Y, entre otros datos, que la empresa no reemplaza al personal que queda aislado. Nos dicen arr\u00e9glense como puedan en el turno\u201d, sostuvieron desde el gremio.<\/p>\n\n\n\n<p>Jonatan Doino, secretario general del sindicato, se\u00f1al\u00f3 adem\u00e1s que producto de la crisis que denuncian \u201ceste domingo el Aeropuerto de Mor\u00f3n debi\u00f3 cancelar las operaciones producto de la falta de personal por COVID. En aeropuertos como el de R\u00edo Gallegos, que deber\u00eda funcionar las 24 horas, los propios trabajadores y trabajadoras decidieron acotar los horarios producto de la falta de personal y para resguardar la seguridad operacional\u00bb-<\/p>\n\n\n\n<p>\u00abHay aeropuertos, como el de Jujuy, que hace al menos dos a\u00f1os, tiene por turno a una sola persona brindando el servicio. En una ocasi\u00f3n esta persona no fue a trabajar y una aeronave que deb\u00eda aterrizar tuvo que hacer espera en la vertical del aer\u00f3dromo hasta tanto otro operador, que no estaba de turno, logr\u00f3 ser contactado y pudo garantizar el aterrizaje\u00bb, agreg\u00f3.<\/p>\n\n\n\n<p>Y concluy\u00f3: \u00abCuando producto del COVID el jefe de esa dependencia debi\u00f3 ser hospitalizado y se reasignaron las tareas y responsabilidades a los jefes de salta, que desconoc\u00edan la realidad de Jujuy, por m\u00e1s que solo hay algunos kil\u00f3metros de distancia. Venimos advirtiendo de estas situaciones que exceden a la pandemia, pero que se agravan con ella y que requieren una soluci\u00f3n urgente para poder garantizar este servicio es considerado como un servicio p\u00fablico esencial. En el caso de Ezeiza, llegaron a tener 90 personas aisladas de un total de una dotaci\u00f3n de 160\u201d.<\/p>\n\n\n\n<p>Otro de los reclamos radica en elsupuesto incumplimineto de la la cl\u00e1usula de revisi\u00f3n de la Paritaria 2021 por parte de la empresa.<\/p>\n\n\n\n<p>\u201cDesde el gobierno sostienen que los salarios tienen que ganarle a la inflaci\u00f3n. Es parad\u00f3jico que esta empresa que es una Sociedad del Estado incumpla con las propias prerrogativas que anuncian oficialmente\u201d, sostuvo Doino en ese sentido.<\/p>\n\n\n\n<p>Y agreg\u00f3 que los reclamos exceden lo salarial. \u201cTambi\u00e9n reclamamos hace a\u00f1os sin ning\u00fan tipo de respuestas cuestiones que afectan las condiciones operativas y t\u00e9cnicas que est\u00e1n vinculados con las herramientas de trabajo. Por ejemplo se instalan sistemas de comunicaci\u00f3n que son incompatibles con otros que est\u00e1n en funcionamiento y luego deben ser desinstalados; frecuencias aeron\u00e1uticas que se ven interferidas y que son de las que depende la comunicaci\u00f3n entre pilotos y controladores y que son indispensables, solo por mencionar algunos de los puntos que reclamamos\u201d.<\/p>\n","protected":false},"excerpt":{"rendered":"<p>La Asociaci\u00f3n T\u00e9cnicos y Empleados de Protecci\u00f3n y Seguridad a la Aeronavegaci\u00f3n reclama por la falta de personal producto de la pandemia, y que en ese contexto hay trabajadores que deben realizar \u00abtareas con dotaciones por debajo de los m\u00ednimos de seguridad recomendados\u00bb. Adem\u00e1s asegura que la EANA \u00abno da respuestas a la cl\u00e1usula de [&hellip;]<\/p>\n","protected":false},"author":2,"featured_media":12123,"comment_status":"open","ping_status":"open","sticky":false,"template":"","format":"standard","meta":{"footnotes":""},"categories":[35],"tags":[],"class_list":["post-12122","post","type-post","status-publish","format-standard","has-post-thumbnail","hentry","category-informacion-general"],"yoast_head":"<!-- This site is optimized with the Yoast SEO plugin v27.5 - https:\/\/yoast.com\/product\/yoast-seo-wordpress\/ -->\n<title>Por una medida gremial, podr\u00eda haber demoras y cancelaci\u00f3n de vuelos a partir del martes | CVI NOTICIAS<\/title>\n<meta name=\"robots\" content=\"index, follow, max-snippet:-1, max-image-preview:large, max-video-preview:-1\" \/>\n<link rel=\"canonical\" href=\"https:\/\/cvinoticias.com\/v3\/por-una-medida-gremial-podria-haber-demoras-y-cancelacion-de-vuelos-a-partir-del-martes\/\" \/>\n<meta property=\"og:locale\" content=\"es_ES\" \/>\n<meta property=\"og:type\" content=\"article\" \/>\n<meta property=\"og:title\" content=\"Por una medida gremial, podr\u00eda haber demoras y cancelaci\u00f3n de vuelos a partir del martes | CVI NOTICIAS\" \/>\n<meta property=\"og:description\" content=\"La Asociaci\u00f3n T\u00e9cnicos y Empleados de Protecci\u00f3n y Seguridad a la Aeronavegaci\u00f3n reclama por la falta de personal producto de la pandemia, y que en ese contexto hay trabajadores que deben realizar \u00abtareas con dotaciones por debajo de los m\u00ednimos de seguridad recomendados\u00bb. Adem\u00e1s asegura que la EANA \u00abno da respuestas a la cl\u00e1usula de [&hellip;]\" \/>\n<meta property=\"og:url\" content=\"https:\/\/cvinoticias.com\/v3\/por-una-medida-gremial-podria-haber-demoras-y-cancelacion-de-vuelos-a-partir-del-martes\/\" \/>\n<meta property=\"og:site_name\" content=\"CVI NOTICIAS\" \/>\n<meta property=\"article:publisher\" content=\"https:\/\/www.facebook.com\/cvinoticias\" \/>\n<meta property=\"article:published_time\" content=\"2022-01-09T23:30:39+00:00\" \/>\n<meta property=\"og:image\" content=\"https:\/\/cvinoticias.com\/wp-content\/uploads\/2022\/01\/TLG3IADCCJCCXPNWVEE76GETDA-e1641757667607.jpg\" \/>\n\t<meta property=\"og:image:width\" content=\"920\" \/>\n\t<meta property=\"og:image:height\" content=\"517\" \/>\n\t<meta property=\"og:image:type\" content=\"image\/jpeg\" \/>\n<meta name=\"author\" content=\"f1000024\" \/>\n<meta name=\"twitter:card\" content=\"summary_large_image\" \/>\n<meta name=\"twitter:label1\" content=\"Escrito por\" \/>\n\t<meta name=\"twitter:data1\" content=\"f1000024\" \/>\n\t<meta name=\"twitter:label2\" content=\"Tiempo de lectura\" \/>\n\t<meta name=\"twitter:data2\" content=\"4 minutos\" \/>\n<script type=\"application\/ld+json\" class=\"yoast-schema-graph\">{\"@context\":\"https:\\\/\\\/schema.org\",\"@graph\":[{\"@type\":\"Article\",\"@id\":\"https:\\\/\\\/cvinoticias.com\\\/v3\\\/por-una-medida-gremial-podria-haber-demoras-y-cancelacion-de-vuelos-a-partir-del-martes\\\/#article\",\"isPartOf\":{\"@id\":\"https:\\\/\\\/cvinoticias.com\\\/v3\\\/por-una-medida-gremial-podria-haber-demoras-y-cancelacion-de-vuelos-a-partir-del-martes\\\/\"},\"author\":{\"name\":\"f1000024\",\"@id\":\"https:\\\/\\\/cvinoticias.com\\\/v3\\\/#\\\/schema\\\/person\\\/2db77e3c6bc03c538495d7b2b8be9b66\"},\"headline\":\"Por una medida gremial, podr\u00eda haber demoras y cancelaci\u00f3n de vuelos a partir del martes\",\"datePublished\":\"2022-01-09T23:30:39+00:00\",\"mainEntityOfPage\":{\"@id\":\"https:\\\/\\\/cvinoticias.com\\\/v3\\\/por-una-medida-gremial-podria-haber-demoras-y-cancelacion-de-vuelos-a-partir-del-martes\\\/\"},\"wordCount\":789,\"commentCount\":0,\"publisher\":{\"@id\":\"https:\\\/\\\/cvinoticias.com\\\/v3\\\/#organization\"},\"image\":{\"@id\":\"https:\\\/\\\/cvinoticias.com\\\/v3\\\/por-una-medida-gremial-podria-haber-demoras-y-cancelacion-de-vuelos-a-partir-del-martes\\\/#primaryimage\"},\"thumbnailUrl\":\"https:\\\/\\\/cvinoticias.com\\\/wp-content\\\/uploads\\\/2022\\\/01\\\/TLG3IADCCJCCXPNWVEE76GETDA-e1641757667607.jpg\",\"articleSection\":[\"Informaci\u00f3n General\"],\"inLanguage\":\"es\",\"potentialAction\":[{\"@type\":\"CommentAction\",\"name\":\"Comment\",\"target\":[\"https:\\\/\\\/cvinoticias.com\\\/v3\\\/por-una-medida-gremial-podria-haber-demoras-y-cancelacion-de-vuelos-a-partir-del-martes\\\/#respond\"]}]},{\"@type\":\"WebPage\",\"@id\":\"https:\\\/\\\/cvinoticias.com\\\/v3\\\/por-una-medida-gremial-podria-haber-demoras-y-cancelacion-de-vuelos-a-partir-del-martes\\\/\",\"url\":\"https:\\\/\\\/cvinoticias.com\\\/v3\\\/por-una-medida-gremial-podria-haber-demoras-y-cancelacion-de-vuelos-a-partir-del-martes\\\/\",\"name\":\"Por una medida gremial, podr\u00eda haber demoras y cancelaci\u00f3n de vuelos a partir del martes | CVI NOTICIAS\",\"isPartOf\":{\"@id\":\"https:\\\/\\\/cvinoticias.com\\\/v3\\\/#website\"},\"primaryImageOfPage\":{\"@id\":\"https:\\\/\\\/cvinoticias.com\\\/v3\\\/por-una-medida-gremial-podria-haber-demoras-y-cancelacion-de-vuelos-a-partir-del-martes\\\/#primaryimage\"},\"image\":{\"@id\":\"https:\\\/\\\/cvinoticias.com\\\/v3\\\/por-una-medida-gremial-podria-haber-demoras-y-cancelacion-de-vuelos-a-partir-del-martes\\\/#primaryimage\"},\"thumbnailUrl\":\"https:\\\/\\\/cvinoticias.com\\\/wp-content\\\/uploads\\\/2022\\\/01\\\/TLG3IADCCJCCXPNWVEE76GETDA-e1641757667607.jpg\",\"datePublished\":\"2022-01-09T23:30:39+00:00\",\"breadcrumb\":{\"@id\":\"https:\\\/\\\/cvinoticias.com\\\/v3\\\/por-una-medida-gremial-podria-haber-demoras-y-cancelacion-de-vuelos-a-partir-del-martes\\\/#breadcrumb\"},\"inLanguage\":\"es\",\"potentialAction\":[{\"@type\":\"ReadAction\",\"target\":[\"https:\\\/\\\/cvinoticias.com\\\/v3\\\/por-una-medida-gremial-podria-haber-demoras-y-cancelacion-de-vuelos-a-partir-del-martes\\\/\"]}]},{\"@type\":\"ImageObject\",\"inLanguage\":\"es\",\"@id\":\"https:\\\/\\\/cvinoticias.com\\\/v3\\\/por-una-medida-gremial-podria-haber-demoras-y-cancelacion-de-vuelos-a-partir-del-martes\\\/#primaryimage\",\"url\":\"https:\\\/\\\/cvinoticias.com\\\/wp-content\\\/uploads\\\/2022\\\/01\\\/TLG3IADCCJCCXPNWVEE76GETDA-e1641757667607.jpg\",\"contentUrl\":\"https:\\\/\\\/cvinoticias.com\\\/wp-content\\\/uploads\\\/2022\\\/01\\\/TLG3IADCCJCCXPNWVEE76GETDA-e1641757667607.jpg\",\"width\":920,\"height\":517},{\"@type\":\"BreadcrumbList\",\"@id\":\"https:\\\/\\\/cvinoticias.com\\\/v3\\\/por-una-medida-gremial-podria-haber-demoras-y-cancelacion-de-vuelos-a-partir-del-martes\\\/#breadcrumb\",\"itemListElement\":[{\"@type\":\"ListItem\",\"position\":1,\"name\":\"Portada\",\"item\":\"https:\\\/\\\/cvinoticias.com\\\/v3\\\/\"},{\"@type\":\"ListItem\",\"position\":2,\"name\":\"Por una medida gremial, podr\u00eda haber demoras y cancelaci\u00f3n de vuelos a partir del martes\"}]},{\"@type\":\"WebSite\",\"@id\":\"https:\\\/\\\/cvinoticias.com\\\/v3\\\/#website\",\"url\":\"https:\\\/\\\/cvinoticias.com\\\/v3\\\/\",\"name\":\"CVI NOTICIAS\",\"description\":\"\",\"publisher\":{\"@id\":\"https:\\\/\\\/cvinoticias.com\\\/v3\\\/#organization\"},\"alternateName\":\"CVI\",\"potentialAction\":[{\"@type\":\"SearchAction\",\"target\":{\"@type\":\"EntryPoint\",\"urlTemplate\":\"https:\\\/\\\/cvinoticias.com\\\/v3\\\/?s={search_term_string}\"},\"query-input\":{\"@type\":\"PropertyValueSpecification\",\"valueRequired\":true,\"valueName\":\"search_term_string\"}}],\"inLanguage\":\"es\"},{\"@type\":\"Organization\",\"@id\":\"https:\\\/\\\/cvinoticias.com\\\/v3\\\/#organization\",\"name\":\"CVI NOTICIAS\",\"url\":\"https:\\\/\\\/cvinoticias.com\\\/v3\\\/\",\"logo\":{\"@type\":\"ImageObject\",\"inLanguage\":\"es\",\"@id\":\"https:\\\/\\\/cvinoticias.com\\\/v3\\\/#\\\/schema\\\/logo\\\/image\\\/\",\"url\":\"https:\\\/\\\/cvinoticias.com\\\/wp-content\\\/uploads\\\/2023\\\/04\\\/cropped-cropped-cropped-cropped-cropped-3-1.png\",\"contentUrl\":\"https:\\\/\\\/cvinoticias.com\\\/wp-content\\\/uploads\\\/2023\\\/04\\\/cropped-cropped-cropped-cropped-cropped-3-1.png\",\"width\":95,\"height\":122,\"caption\":\"CVI NOTICIAS\"},\"image\":{\"@id\":\"https:\\\/\\\/cvinoticias.com\\\/v3\\\/#\\\/schema\\\/logo\\\/image\\\/\"},\"sameAs\":[\"https:\\\/\\\/www.facebook.com\\\/cvinoticias\",\"https:\\\/\\\/www.instagram.com\\\/cvinoticias\\\/\",\"https:\\\/\\\/www.youtube.com\\\/@CVINOTICIAS\"]},{\"@type\":\"Person\",\"@id\":\"https:\\\/\\\/cvinoticias.com\\\/v3\\\/#\\\/schema\\\/person\\\/2db77e3c6bc03c538495d7b2b8be9b66\",\"name\":\"f1000024\",\"image\":{\"@type\":\"ImageObject\",\"inLanguage\":\"es\",\"@id\":\"https:\\\/\\\/secure.gravatar.com\\\/avatar\\\/d4fe7459cfc51ff5129ce1a732bbef5928568b8092d412ef95611616376bbeed?s=96&d=mm&r=g\",\"url\":\"https:\\\/\\\/secure.gravatar.com\\\/avatar\\\/d4fe7459cfc51ff5129ce1a732bbef5928568b8092d412ef95611616376bbeed?s=96&d=mm&r=g\",\"contentUrl\":\"https:\\\/\\\/secure.gravatar.com\\\/avatar\\\/d4fe7459cfc51ff5129ce1a732bbef5928568b8092d412ef95611616376bbeed?s=96&d=mm&r=g\",\"caption\":\"f1000024\"},\"url\":\"https:\\\/\\\/cvinoticias.com\\\/v3\\\/author\\\/f1000024\\\/\"}]}<\/script>\n<!-- \/ Yoast SEO plugin. -->","yoast_head_json":{"title":"Por una medida gremial, podr\u00eda haber demoras y cancelaci\u00f3n de vuelos a partir del martes | CVI NOTICIAS","robots":{"index":"index","follow":"follow","max-snippet":"max-snippet:-1","max-image-preview":"max-image-preview:large","max-video-preview":"max-video-preview:-1"},"canonical":"https:\/\/cvinoticias.com\/v3\/por-una-medida-gremial-podria-haber-demoras-y-cancelacion-de-vuelos-a-partir-del-martes\/","og_locale":"es_ES","og_type":"article","og_title":"Por una medida gremial, podr\u00eda haber demoras y cancelaci\u00f3n de vuelos a partir del martes | CVI NOTICIAS","og_description":"La Asociaci\u00f3n T\u00e9cnicos y Empleados de Protecci\u00f3n y Seguridad a la Aeronavegaci\u00f3n reclama por la falta de personal producto de la pandemia, y que en ese contexto hay trabajadores que deben realizar \u00abtareas con dotaciones por debajo de los m\u00ednimos de seguridad recomendados\u00bb. Adem\u00e1s asegura que la EANA \u00abno da respuestas a la cl\u00e1usula de [&hellip;]","og_url":"https:\/\/cvinoticias.com\/v3\/por-una-medida-gremial-podria-haber-demoras-y-cancelacion-de-vuelos-a-partir-del-martes\/","og_site_name":"CVI NOTICIAS","article_publisher":"https:\/\/www.facebook.com\/cvinoticias","article_published_time":"2022-01-09T23:30:39+00:00","og_image":[{"width":920,"height":517,"url":"https:\/\/cvinoticias.com\/wp-content\/uploads\/2022\/01\/TLG3IADCCJCCXPNWVEE76GETDA-e1641757667607.jpg","type":"image\/jpeg"}],"author":"f1000024","twitter_card":"summary_large_image","twitter_misc":{"Escrito por":"f1000024","Tiempo de lectura":"4 minutos"},"schema":{"@context":"https:\/\/schema.org","@graph":[{"@type":"Article","@id":"https:\/\/cvinoticias.com\/v3\/por-una-medida-gremial-podria-haber-demoras-y-cancelacion-de-vuelos-a-partir-del-martes\/#article","isPartOf":{"@id":"https:\/\/cvinoticias.com\/v3\/por-una-medida-gremial-podria-haber-demoras-y-cancelacion-de-vuelos-a-partir-del-martes\/"},"author":{"name":"f1000024","@id":"https:\/\/cvinoticias.com\/v3\/#\/schema\/person\/2db77e3c6bc03c538495d7b2b8be9b66"},"headline":"Por una medida gremial, podr\u00eda haber demoras y cancelaci\u00f3n de vuelos a partir del martes","datePublished":"2022-01-09T23:30:39+00:00","mainEntityOfPage":{"@id":"https:\/\/cvinoticias.com\/v3\/por-una-medida-gremial-podria-haber-demoras-y-cancelacion-de-vuelos-a-partir-del-martes\/"},"wordCount":789,"commentCount":0,"publisher":{"@id":"https:\/\/cvinoticias.com\/v3\/#organization"},"image":{"@id":"https:\/\/cvinoticias.com\/v3\/por-una-medida-gremial-podria-haber-demoras-y-cancelacion-de-vuelos-a-partir-del-martes\/#primaryimage"},"thumbnailUrl":"https:\/\/cvinoticias.com\/wp-content\/uploads\/2022\/01\/TLG3IADCCJCCXPNWVEE76GETDA-e1641757667607.jpg","articleSection":["Informaci\u00f3n General"],"inLanguage":"es","potentialAction":[{"@type":"CommentAction","name":"Comment","target":["https:\/\/cvinoticias.com\/v3\/por-una-medida-gremial-podria-haber-demoras-y-cancelacion-de-vuelos-a-partir-del-martes\/#respond"]}]},{"@type":"WebPage","@id":"https:\/\/cvinoticias.com\/v3\/por-una-medida-gremial-podria-haber-demoras-y-cancelacion-de-vuelos-a-partir-del-martes\/","url":"https:\/\/cvinoticias.com\/v3\/por-una-medida-gremial-podria-haber-demoras-y-cancelacion-de-vuelos-a-partir-del-martes\/","name":"Por una medida gremial, podr\u00eda haber demoras y cancelaci\u00f3n de vuelos a partir del martes | CVI NOTICIAS","isPartOf":{"@id":"https:\/\/cvinoticias.com\/v3\/#website"},"primaryImageOfPage":{"@id":"https:\/\/cvinoticias.com\/v3\/por-una-medida-gremial-podria-haber-demoras-y-cancelacion-de-vuelos-a-partir-del-martes\/#primaryimage"},"image":{"@id":"https:\/\/cvinoticias.com\/v3\/por-una-medida-gremial-podria-haber-demoras-y-cancelacion-de-vuelos-a-partir-del-martes\/#primaryimage"},"thumbnailUrl":"https:\/\/cvinoticias.com\/wp-content\/uploads\/2022\/01\/TLG3IADCCJCCXPNWVEE76GETDA-e1641757667607.jpg","datePublished":"2022-01-09T23:30:39+00:00","breadcrumb":{"@id":"https:\/\/cvinoticias.com\/v3\/por-una-medida-gremial-podria-haber-demoras-y-cancelacion-de-vuelos-a-partir-del-martes\/#breadcrumb"},"inLanguage":"es","potentialAction":[{"@type":"ReadAction","target":["https:\/\/cvinoticias.com\/v3\/por-una-medida-gremial-podria-haber-demoras-y-cancelacion-de-vuelos-a-partir-del-martes\/"]}]},{"@type":"ImageObject","inLanguage":"es","@id":"https:\/\/cvinoticias.com\/v3\/por-una-medida-gremial-podria-haber-demoras-y-cancelacion-de-vuelos-a-partir-del-martes\/#primaryimage","url":"https:\/\/cvinoticias.com\/wp-content\/uploads\/2022\/01\/TLG3IADCCJCCXPNWVEE76GETDA-e1641757667607.jpg","contentUrl":"https:\/\/cvinoticias.com\/wp-content\/uploads\/2022\/01\/TLG3IADCCJCCXPNWVEE76GETDA-e1641757667607.jpg","width":920,"height":517},{"@type":"BreadcrumbList","@id":"https:\/\/cvinoticias.com\/v3\/por-una-medida-gremial-podria-haber-demoras-y-cancelacion-de-vuelos-a-partir-del-martes\/#breadcrumb","itemListElement":[{"@type":"ListItem","position":1,"name":"Portada","item":"https:\/\/cvinoticias.com\/v3\/"},{"@type":"ListItem","position":2,"name":"Por una medida gremial, podr\u00eda haber demoras y cancelaci\u00f3n de vuelos a partir del martes"}]},{"@type":"WebSite","@id":"https:\/\/cvinoticias.com\/v3\/#website","url":"https:\/\/cvinoticias.com\/v3\/","name":"CVI NOTICIAS","description":"","publisher":{"@id":"https:\/\/cvinoticias.com\/v3\/#organization"},"alternateName":"CVI","potentialAction":[{"@type":"SearchAction","target":{"@type":"EntryPoint","urlTemplate":"https:\/\/cvinoticias.com\/v3\/?s={search_term_string}"},"query-input":{"@type":"PropertyValueSpecification","valueRequired":true,"valueName":"search_term_string"}}],"inLanguage":"es"},{"@type":"Organization","@id":"https:\/\/cvinoticias.com\/v3\/#organization","name":"CVI NOTICIAS","url":"https:\/\/cvinoticias.com\/v3\/","logo":{"@type":"ImageObject","inLanguage":"es","@id":"https:\/\/cvinoticias.com\/v3\/#\/schema\/logo\/image\/","url":"https:\/\/cvinoticias.com\/wp-content\/uploads\/2023\/04\/cropped-cropped-cropped-cropped-cropped-3-1.png","contentUrl":"https:\/\/cvinoticias.com\/wp-content\/uploads\/2023\/04\/cropped-cropped-cropped-cropped-cropped-3-1.png","width":95,"height":122,"caption":"CVI NOTICIAS"},"image":{"@id":"https:\/\/cvinoticias.com\/v3\/#\/schema\/logo\/image\/"},"sameAs":["https:\/\/www.facebook.com\/cvinoticias","https:\/\/www.instagram.com\/cvinoticias\/","https:\/\/www.youtube.com\/@CVINOTICIAS"]},{"@type":"Person","@id":"https:\/\/cvinoticias.com\/v3\/#\/schema\/person\/2db77e3c6bc03c538495d7b2b8be9b66","name":"f1000024","image":{"@type":"ImageObject","inLanguage":"es","@id":"https:\/\/secure.gravatar.com\/avatar\/d4fe7459cfc51ff5129ce1a732bbef5928568b8092d412ef95611616376bbeed?s=96&d=mm&r=g","url":"https:\/\/secure.gravatar.com\/avatar\/d4fe7459cfc51ff5129ce1a732bbef5928568b8092d412ef95611616376bbeed?s=96&d=mm&r=g","contentUrl":"https:\/\/secure.gravatar.com\/avatar\/d4fe7459cfc51ff5129ce1a732bbef5928568b8092d412ef95611616376bbeed?s=96&d=mm&r=g","caption":"f1000024"},"url":"https:\/\/cvinoticias.com\/v3\/author\/f1000024\/"}]}},"_links":{"self":[{"href":"https:\/\/cvinoticias.com\/v3\/wp-json\/wp\/v2\/posts\/12122","targetHints":{"allow":["GET"]}}],"collection":[{"href":"https:\/\/cvinoticias.com\/v3\/wp-json\/wp\/v2\/posts"}],"about":[{"href":"https:\/\/cvinoticias.com\/v3\/wp-json\/wp\/v2\/types\/post"}],"author":[{"embeddable":true,"href":"https:\/\/cvinoticias.com\/v3\/wp-json\/wp\/v2\/users\/2"}],"replies":[{"embeddable":true,"href":"https:\/\/cvinoticias.com\/v3\/wp-json\/wp\/v2\/comments?post=12122"}],"version-history":[{"count":1,"href":"https:\/\/cvinoticias.com\/v3\/wp-json\/wp\/v2\/posts\/12122\/revisions"}],"predecessor-version":[{"id":12124,"href":"https:\/\/cvinoticias.com\/v3\/wp-json\/wp\/v2\/posts\/12122\/revisions\/12124"}],"wp:featuredmedia":[{"embeddable":true,"href":"https:\/\/cvinoticias.com\/v3\/wp-json\/wp\/v2\/media\/12123"}],"wp:attachment":[{"href":"https:\/\/cvinoticias.com\/v3\/wp-json\/wp\/v2\/media?parent=12122"}],"wp:term":[{"taxonomy":"category","embeddable":true,"href":"https:\/\/cvinoticias.com\/v3\/wp-json\/wp\/v2\/categories?post=12122"},{"taxonomy":"post_tag","embeddable":true,"href":"https:\/\/cvinoticias.com\/v3\/wp-json\/wp\/v2\/tags?post=12122"}],"curies":[{"name":"wp","href":"https:\/\/api.w.org\/{rel}","templated":true}]}}