{"id":12108,"date":"2022-01-09T13:11:15","date_gmt":"2022-01-09T13:11:15","guid":{"rendered":"https:\/\/cvinoticias.com\/v3\/?p=12108"},"modified":"2022-01-09T13:12:38","modified_gmt":"2022-01-09T13:12:38","slug":"turismo-record-fortalecimiento-productivo-y-desconcierto-opositor","status":"publish","type":"post","link":"https:\/\/cvinoticias.com\/v3\/turismo-record-fortalecimiento-productivo-y-desconcierto-opositor\/","title":{"rendered":"Turismo r\u00e9cord, fortalecimiento productivo y desconcierto opositor"},"content":{"rendered":"\n<p><strong><em>Hist\u00f3rica afluencia de visitantes en la provincia durante lo que va de 2022.<\/em><\/strong><\/p>\n\n\n\n<p>Por otra parte, el gobernador realiz\u00f3 importantes gestiones ante Naci\u00f3n en pos de apuntalar el desarrollo productivo. Lo cual contrasta fuertemente con la actualidad de la oposici\u00f3n: Juntos por el Cambio se desangra en una interna debido a la votaci\u00f3n sobre el Presupuesto Nacional y la negociaci\u00f3n con el FMI.<\/p>\n\n\n\n<p>La temporada tur\u00edstica en Misiones es hist\u00f3rica. Hay m\u00e1s visitantes que en 2021, que hab\u00eda sido el mejor a\u00f1o de las \u00faltimas d\u00e9cadas. Los argentinos est\u00e1n eligiendo Misiones, pero el dato a subrayar es que los propios habitantes de la tierra colorada eligen masivamente su provincia para vacacionar. Las playas de El Brete y Costa Sur han reemplazado a las de Brasil para muchos misioneros.<\/p>\n\n\n\n<p>Con esos balnearios como las grandes vedettes de la temporada, Posadas se sigue mostrando al pa\u00eds -y la regi\u00f3n- como un lugar \u00fanico para disfrutar en familia o con amigos de sus grandes atractivos naturales y urbanos.<\/p>\n\n\n\n<p>Gracias al estado de sus playas y el acondicionamiento de los diferentes espacios recreativos de la ciudad, que garantizan el acceso a los mismos de manera cuidada, la capital misionera se destaca en la regi\u00f3n. Cultura, arte, deporte, gastronom\u00eda, m\u00fasica y playa, forman parte de la oferta de Posadas \u201cla entrada al Portal de la Selva\u201d.<\/p>\n\n\n\n<p>Todos los d\u00edas hay actividades recreativas, deportivas y espect\u00e1culos culturales para disfrutar adem\u00e1s de la oferta gastron\u00f3mica, los amplios espacios de estacionamiento y el cuidado del personal de la Municipalidad en aspectos como guardavidas, limpieza, embellecimiento, orden y permanente atenci\u00f3n a cualquier necesidad.<\/p>\n\n\n\n<p>As\u00ed como los misioneros est\u00e1n redescubriendo Posadas, se produce un hecho llamativo: quienes optaban regularmente por Ituzaing\u00f3, Brasil o Encarnaci\u00f3n, han elegido a la capital de Misiones como opci\u00f3n veraniega, lo que genera una sinergia econ\u00f3mica muy fuerte en el plano laboral, de emprendimientos y en cuanto a la generaci\u00f3n de riqueza.<\/p>\n\n\n\n<p>Si bien Puerto Iguaz\u00fa se posiciona como la quinta ciudad m\u00e1s elegida del pa\u00eds con una ocupaci\u00f3n hotelera del 91% durante el primer fin de semana del a\u00f1o a partir de la llegada de m\u00e1s de 25 mil turistas, a lo largo y ancho de la tierra colorada vislumbran diversos atractivos que van desde los Saltos del Mocon\u00e1, al turismo rural, de aventura con parques que ofrecen deportes extremos, como el caso de Monte Aventura en Ober\u00e1 o el Club de R\u00edo en San Ignacio; recorridos en sitios culturales e hist\u00f3ricos, adem\u00e1s de campings, saltos, arroyos, cascadas y caba\u00f1as que aguardan la llegada de turistas para ofrecer una combinaci\u00f3n irresistible: confort y tranquilidad en medio de la majestuosa selva misionera.<\/p>\n\n\n\n<p><strong>Apuntando al desarrollo<\/strong><\/p>\n\n\n\n<p>En el plano pol\u00edtico, la noticia a destacar en esta primera semana del a\u00f1o es la gesti\u00f3n llevada a cabo por el Gobernador Herrera Ahuad ante el Gobierno Nacional para fomentar y mejorar el \u00e1mbito productivo de la provincia. El encuentro fue con el Ministro de Desarrollo Productivo de la Naci\u00f3n Mat\u00edas Kulfas.<\/p>\n\n\n\n<p>\u201cImportante reuni\u00f3n con el Ministro de Desarrollo Productivo donde abordamos temas del sector productivo e inversiones para Misiones. Destac\u00f3 su compromiso para gestionar soluciones que lleguen a todos los misioneros\u201d, se\u00f1al\u00f3 el Gobernador.<\/p>\n\n\n\n<p>El propio Kulfas hab\u00eda se\u00f1alado que en el encuentro se avanz\u00f3 \u201cen una agenda productiva para el 2022 que tendr\u00e1 al desarrollo de las PyMEs como una de las prioridades. Vamos a trabajar para que la reactivaci\u00f3n en marcha llegue a cada rinc\u00f3n de Argentina\u201d.<\/p>\n\n\n\n<p><strong>No tan Juntos<\/strong><\/p>\n\n\n\n<p>Los que tuvieron un comienzo de a\u00f1o accidentado son los representantes de Juntos por el Cambio. En la provincia contin\u00faan las cr\u00edticas a los 3 misioneros que votaron a favor de dejar sin Presupuesto al pa\u00eds. Arjol, Schiavoni y Klipauka son ejemplos de lo ef\u00edmero que puede ser un \u00e9xito electoral: muchos de quienes le dieron la confianza con su voto hoy ven de manera opuesta a dirigentes que traicionaron al misionero de a pie. \u201cSe le hizo un da\u00f1o irreparable a la Rep\u00fablica neg\u00e1ndole un Presupuesto\u201d, hab\u00eda sentenciado Carlos Rovira en su momento.<\/p>\n\n\n\n<p>Mientras, en el plano nacional arrecia la divisi\u00f3n y las internas. La disputa de liderazgo entre el PRO y la UCR no cesa. Es esclarecedor en estos casos observar el comportamiento de quienes tienen responsabilidad de gesti\u00f3n, como el gobernador radical de Jujuy Gerardo Morales.<\/p>\n\n\n\n<p>El juje\u00f1o critic\u00f3 duramente a los diputados de su espacio, ya que al votar en contra de la aprobaci\u00f3n del Presupuesto han dejado sin importantes recursos a todas las jurisdicciones del pa\u00eds. La oposici\u00f3n brutal, cuyo \u00fanico objetivo es debilitar al gobierno nacional para poder sucederlo en 2023, no toma en cuenta un actor central: la poblaci\u00f3n argentina.<\/p>\n\n\n\n<p>Morales tambi\u00e9n cuestion\u00f3 en los mismos t\u00e9rminos la infantil actitud de los gobernadores radicales y del Jefe de Gobierno porte\u00f1o de no asistir a la reuni\u00f3n informativa sobre la negociaci\u00f3n en curso con el FMI para refinanciar la monstruosa deuda en d\u00f3lares tomada por el gobierno de Macri. El desplante al convite del presidente Fern\u00e1ndez y el ministro Guzm\u00e1n fue sintetizado de manera f\u00e1cil de entender por el Gobernador de Jujuy: \u201csi la deuda la tomamos nosotros, al menos tenemos que escuchar que dicen\u201d, defini\u00f3.<\/p>\n\n\n\n<p>Finalmente, para completar una serie de acciones con consecuencias nefastas para la sociedad, no solo los libertarios han presentado recursos de amparo para que no se aplique el Pasaporte Sanitario en todo el pa\u00eds. En los \u00faltimos d\u00edas una serie de dirigentes de Juntos por el Cambio han hecho lo mismo, al considerar que la medida atenta contra la libertad.<\/p>\n\n\n\n<p>El concepto de libertad utilizado por ellos consiste en hacer lo que uno quiera sin que importen las consecuencias. El \u00e9xito de la vacunaci\u00f3n es extraordinario, un simple ejercicio matem\u00e1tico da cuenta de ello y es la cifra de casos detectados diariamente con la de fallecidos. Los \u00faltimos d\u00edas los casos estuvieron arriba de 100 mil en todo el pa\u00eds, pero las muertes rondaron las 50, cuando hace algunos meses -con menos cantidad de poblaci\u00f3n vacunada- con alrededor de 20 mil o 30 mil casos positivos por d\u00eda, los fallecidos se ubicaban arriba de los 500.<\/p>\n\n\n\n<p>Nuevamente se aprecia la oposici\u00f3n a cualquier medida de cuidado con el \u00fanico objetivo de la b\u00fasqueda del r\u00e9dito pol\u00edtico, sin tomar en cuenta a la poblaci\u00f3n.<\/p>\n\n\n\n<p>Recordemos que muchos legisladores que hoy se embanderan en el rechazo al Pasaporte Sanitario, al comienzo de la pandemia propon\u00edan no tomar ninguna medida, siempre en pos de la libertad. Lo que promov\u00edan era la tasa de contagios actual, pero sin ninguna vacuna siquiera fabricada. Las consecuencias son f\u00e1ciles de imaginar.<\/p>\n\n\n\n<p><strong>Los diputados son los representantes del Pueblo ante la Naci\u00f3n argentina, el interrogante que surge ante estas actitudes es: \u00bfSi no les interesa en lo m\u00e1s m\u00ednimo la gente, para qu\u00e9 ocupan una banca en el Congreso?<\/strong><\/p>\n","protected":false},"excerpt":{"rendered":"<p>Hist\u00f3rica afluencia de visitantes en la provincia durante lo que va de 2022. Por otra parte, el gobernador realiz\u00f3 importantes gestiones ante Naci\u00f3n en pos de apuntalar el desarrollo productivo. Lo cual contrasta fuertemente con la actualidad de la oposici\u00f3n: Juntos por el Cambio se desangra en una interna debido a la votaci\u00f3n sobre el [&hellip;]<\/p>\n","protected":false},"author":2,"featured_media":12109,"comment_status":"open","ping_status":"open","sticky":false,"template":"","format":"standard","meta":{"footnotes":""},"categories":[50],"tags":[],"class_list":["post-12108","post","type-post","status-publish","format-standard","has-post-thumbnail","hentry","category-turismo"],"yoast_head":"<!-- This site is optimized with the Yoast SEO plugin v27.4 - https:\/\/yoast.com\/product\/yoast-seo-wordpress\/ -->\n<title>Turismo r\u00e9cord, fortalecimiento productivo y desconcierto opositor | CVI NOTICIAS<\/title>\n<meta name=\"robots\" content=\"index, follow, max-snippet:-1, max-image-preview:large, max-video-preview:-1\" \/>\n<link rel=\"canonical\" href=\"https:\/\/cvinoticias.com\/v3\/turismo-record-fortalecimiento-productivo-y-desconcierto-opositor\/\" \/>\n<meta property=\"og:locale\" content=\"es_ES\" \/>\n<meta property=\"og:type\" content=\"article\" \/>\n<meta property=\"og:title\" content=\"Turismo r\u00e9cord, fortalecimiento productivo y desconcierto opositor | CVI NOTICIAS\" \/>\n<meta property=\"og:description\" content=\"Hist\u00f3rica afluencia de visitantes en la provincia durante lo que va de 2022. Por otra parte, el gobernador realiz\u00f3 importantes gestiones ante Naci\u00f3n en pos de apuntalar el desarrollo productivo. Lo cual contrasta fuertemente con la actualidad de la oposici\u00f3n: Juntos por el Cambio se desangra en una interna debido a la votaci\u00f3n sobre el [&hellip;]\" \/>\n<meta property=\"og:url\" content=\"https:\/\/cvinoticias.com\/v3\/turismo-record-fortalecimiento-productivo-y-desconcierto-opositor\/\" \/>\n<meta property=\"og:site_name\" content=\"CVI NOTICIAS\" \/>\n<meta property=\"article:publisher\" content=\"https:\/\/www.facebook.com\/cvinoticias\" \/>\n<meta property=\"article:published_time\" content=\"2022-01-09T13:11:15+00:00\" \/>\n<meta property=\"article:modified_time\" content=\"2022-01-09T13:12:38+00:00\" \/>\n<meta property=\"og:image\" content=\"https:\/\/cvinoticias.com\/wp-content\/uploads\/2022\/01\/IMG-20220109-WA0012.jpg\" \/>\n\t<meta property=\"og:image:width\" content=\"730\" \/>\n\t<meta property=\"og:image:height\" content=\"411\" \/>\n\t<meta property=\"og:image:type\" content=\"image\/jpeg\" \/>\n<meta name=\"author\" content=\"f1000024\" \/>\n<meta name=\"twitter:card\" content=\"summary_large_image\" \/>\n<meta name=\"twitter:label1\" content=\"Escrito por\" \/>\n\t<meta name=\"twitter:data1\" content=\"f1000024\" \/>\n\t<meta name=\"twitter:label2\" content=\"Tiempo de lectura\" \/>\n\t<meta name=\"twitter:data2\" content=\"6 minutos\" \/>\n<script type=\"application\/ld+json\" class=\"yoast-schema-graph\">{\"@context\":\"https:\\\/\\\/schema.org\",\"@graph\":[{\"@type\":\"Article\",\"@id\":\"https:\\\/\\\/cvinoticias.com\\\/v3\\\/turismo-record-fortalecimiento-productivo-y-desconcierto-opositor\\\/#article\",\"isPartOf\":{\"@id\":\"https:\\\/\\\/cvinoticias.com\\\/v3\\\/turismo-record-fortalecimiento-productivo-y-desconcierto-opositor\\\/\"},\"author\":{\"name\":\"f1000024\",\"@id\":\"https:\\\/\\\/cvinoticias.com\\\/v3\\\/#\\\/schema\\\/person\\\/2db77e3c6bc03c538495d7b2b8be9b66\"},\"headline\":\"Turismo r\u00e9cord, fortalecimiento productivo y desconcierto opositor\",\"datePublished\":\"2022-01-09T13:11:15+00:00\",\"dateModified\":\"2022-01-09T13:12:38+00:00\",\"mainEntityOfPage\":{\"@id\":\"https:\\\/\\\/cvinoticias.com\\\/v3\\\/turismo-record-fortalecimiento-productivo-y-desconcierto-opositor\\\/\"},\"wordCount\":1214,\"commentCount\":0,\"publisher\":{\"@id\":\"https:\\\/\\\/cvinoticias.com\\\/v3\\\/#organization\"},\"image\":{\"@id\":\"https:\\\/\\\/cvinoticias.com\\\/v3\\\/turismo-record-fortalecimiento-productivo-y-desconcierto-opositor\\\/#primaryimage\"},\"thumbnailUrl\":\"https:\\\/\\\/cvinoticias.com\\\/wp-content\\\/uploads\\\/2022\\\/01\\\/IMG-20220109-WA0012.jpg\",\"articleSection\":[\"Turismo\"],\"inLanguage\":\"es\",\"potentialAction\":[{\"@type\":\"CommentAction\",\"name\":\"Comment\",\"target\":[\"https:\\\/\\\/cvinoticias.com\\\/v3\\\/turismo-record-fortalecimiento-productivo-y-desconcierto-opositor\\\/#respond\"]}]},{\"@type\":\"WebPage\",\"@id\":\"https:\\\/\\\/cvinoticias.com\\\/v3\\\/turismo-record-fortalecimiento-productivo-y-desconcierto-opositor\\\/\",\"url\":\"https:\\\/\\\/cvinoticias.com\\\/v3\\\/turismo-record-fortalecimiento-productivo-y-desconcierto-opositor\\\/\",\"name\":\"Turismo r\u00e9cord, fortalecimiento productivo y desconcierto opositor | CVI NOTICIAS\",\"isPartOf\":{\"@id\":\"https:\\\/\\\/cvinoticias.com\\\/v3\\\/#website\"},\"primaryImageOfPage\":{\"@id\":\"https:\\\/\\\/cvinoticias.com\\\/v3\\\/turismo-record-fortalecimiento-productivo-y-desconcierto-opositor\\\/#primaryimage\"},\"image\":{\"@id\":\"https:\\\/\\\/cvinoticias.com\\\/v3\\\/turismo-record-fortalecimiento-productivo-y-desconcierto-opositor\\\/#primaryimage\"},\"thumbnailUrl\":\"https:\\\/\\\/cvinoticias.com\\\/wp-content\\\/uploads\\\/2022\\\/01\\\/IMG-20220109-WA0012.jpg\",\"datePublished\":\"2022-01-09T13:11:15+00:00\",\"dateModified\":\"2022-01-09T13:12:38+00:00\",\"breadcrumb\":{\"@id\":\"https:\\\/\\\/cvinoticias.com\\\/v3\\\/turismo-record-fortalecimiento-productivo-y-desconcierto-opositor\\\/#breadcrumb\"},\"inLanguage\":\"es\",\"potentialAction\":[{\"@type\":\"ReadAction\",\"target\":[\"https:\\\/\\\/cvinoticias.com\\\/v3\\\/turismo-record-fortalecimiento-productivo-y-desconcierto-opositor\\\/\"]}]},{\"@type\":\"ImageObject\",\"inLanguage\":\"es\",\"@id\":\"https:\\\/\\\/cvinoticias.com\\\/v3\\\/turismo-record-fortalecimiento-productivo-y-desconcierto-opositor\\\/#primaryimage\",\"url\":\"https:\\\/\\\/cvinoticias.com\\\/wp-content\\\/uploads\\\/2022\\\/01\\\/IMG-20220109-WA0012.jpg\",\"contentUrl\":\"https:\\\/\\\/cvinoticias.com\\\/wp-content\\\/uploads\\\/2022\\\/01\\\/IMG-20220109-WA0012.jpg\",\"width\":730,\"height\":411},{\"@type\":\"BreadcrumbList\",\"@id\":\"https:\\\/\\\/cvinoticias.com\\\/v3\\\/turismo-record-fortalecimiento-productivo-y-desconcierto-opositor\\\/#breadcrumb\",\"itemListElement\":[{\"@type\":\"ListItem\",\"position\":1,\"name\":\"Portada\",\"item\":\"https:\\\/\\\/cvinoticias.com\\\/v3\\\/\"},{\"@type\":\"ListItem\",\"position\":2,\"name\":\"Turismo r\u00e9cord, fortalecimiento productivo y desconcierto opositor\"}]},{\"@type\":\"WebSite\",\"@id\":\"https:\\\/\\\/cvinoticias.com\\\/v3\\\/#website\",\"url\":\"https:\\\/\\\/cvinoticias.com\\\/v3\\\/\",\"name\":\"CVI NOTICIAS\",\"description\":\"\",\"publisher\":{\"@id\":\"https:\\\/\\\/cvinoticias.com\\\/v3\\\/#organization\"},\"alternateName\":\"CVI\",\"potentialAction\":[{\"@type\":\"SearchAction\",\"target\":{\"@type\":\"EntryPoint\",\"urlTemplate\":\"https:\\\/\\\/cvinoticias.com\\\/v3\\\/?s={search_term_string}\"},\"query-input\":{\"@type\":\"PropertyValueSpecification\",\"valueRequired\":true,\"valueName\":\"search_term_string\"}}],\"inLanguage\":\"es\"},{\"@type\":\"Organization\",\"@id\":\"https:\\\/\\\/cvinoticias.com\\\/v3\\\/#organization\",\"name\":\"CVI NOTICIAS\",\"url\":\"https:\\\/\\\/cvinoticias.com\\\/v3\\\/\",\"logo\":{\"@type\":\"ImageObject\",\"inLanguage\":\"es\",\"@id\":\"https:\\\/\\\/cvinoticias.com\\\/v3\\\/#\\\/schema\\\/logo\\\/image\\\/\",\"url\":\"https:\\\/\\\/cvinoticias.com\\\/wp-content\\\/uploads\\\/2023\\\/04\\\/cropped-cropped-cropped-cropped-cropped-3-1.png\",\"contentUrl\":\"https:\\\/\\\/cvinoticias.com\\\/wp-content\\\/uploads\\\/2023\\\/04\\\/cropped-cropped-cropped-cropped-cropped-3-1.png\",\"width\":95,\"height\":122,\"caption\":\"CVI NOTICIAS\"},\"image\":{\"@id\":\"https:\\\/\\\/cvinoticias.com\\\/v3\\\/#\\\/schema\\\/logo\\\/image\\\/\"},\"sameAs\":[\"https:\\\/\\\/www.facebook.com\\\/cvinoticias\",\"https:\\\/\\\/www.instagram.com\\\/cvinoticias\\\/\",\"https:\\\/\\\/www.youtube.com\\\/@CVINOTICIAS\"]},{\"@type\":\"Person\",\"@id\":\"https:\\\/\\\/cvinoticias.com\\\/v3\\\/#\\\/schema\\\/person\\\/2db77e3c6bc03c538495d7b2b8be9b66\",\"name\":\"f1000024\",\"image\":{\"@type\":\"ImageObject\",\"inLanguage\":\"es\",\"@id\":\"https:\\\/\\\/secure.gravatar.com\\\/avatar\\\/d4fe7459cfc51ff5129ce1a732bbef5928568b8092d412ef95611616376bbeed?s=96&d=mm&r=g\",\"url\":\"https:\\\/\\\/secure.gravatar.com\\\/avatar\\\/d4fe7459cfc51ff5129ce1a732bbef5928568b8092d412ef95611616376bbeed?s=96&d=mm&r=g\",\"contentUrl\":\"https:\\\/\\\/secure.gravatar.com\\\/avatar\\\/d4fe7459cfc51ff5129ce1a732bbef5928568b8092d412ef95611616376bbeed?s=96&d=mm&r=g\",\"caption\":\"f1000024\"},\"url\":\"https:\\\/\\\/cvinoticias.com\\\/v3\\\/author\\\/f1000024\\\/\"}]}<\/script>\n<!-- \/ Yoast SEO plugin. -->","yoast_head_json":{"title":"Turismo r\u00e9cord, fortalecimiento productivo y desconcierto opositor | CVI NOTICIAS","robots":{"index":"index","follow":"follow","max-snippet":"max-snippet:-1","max-image-preview":"max-image-preview:large","max-video-preview":"max-video-preview:-1"},"canonical":"https:\/\/cvinoticias.com\/v3\/turismo-record-fortalecimiento-productivo-y-desconcierto-opositor\/","og_locale":"es_ES","og_type":"article","og_title":"Turismo r\u00e9cord, fortalecimiento productivo y desconcierto opositor | CVI NOTICIAS","og_description":"Hist\u00f3rica afluencia de visitantes en la provincia durante lo que va de 2022. Por otra parte, el gobernador realiz\u00f3 importantes gestiones ante Naci\u00f3n en pos de apuntalar el desarrollo productivo. Lo cual contrasta fuertemente con la actualidad de la oposici\u00f3n: Juntos por el Cambio se desangra en una interna debido a la votaci\u00f3n sobre el [&hellip;]","og_url":"https:\/\/cvinoticias.com\/v3\/turismo-record-fortalecimiento-productivo-y-desconcierto-opositor\/","og_site_name":"CVI NOTICIAS","article_publisher":"https:\/\/www.facebook.com\/cvinoticias","article_published_time":"2022-01-09T13:11:15+00:00","article_modified_time":"2022-01-09T13:12:38+00:00","og_image":[{"width":730,"height":411,"url":"https:\/\/cvinoticias.com\/wp-content\/uploads\/2022\/01\/IMG-20220109-WA0012.jpg","type":"image\/jpeg"}],"author":"f1000024","twitter_card":"summary_large_image","twitter_misc":{"Escrito por":"f1000024","Tiempo de lectura":"6 minutos"},"schema":{"@context":"https:\/\/schema.org","@graph":[{"@type":"Article","@id":"https:\/\/cvinoticias.com\/v3\/turismo-record-fortalecimiento-productivo-y-desconcierto-opositor\/#article","isPartOf":{"@id":"https:\/\/cvinoticias.com\/v3\/turismo-record-fortalecimiento-productivo-y-desconcierto-opositor\/"},"author":{"name":"f1000024","@id":"https:\/\/cvinoticias.com\/v3\/#\/schema\/person\/2db77e3c6bc03c538495d7b2b8be9b66"},"headline":"Turismo r\u00e9cord, fortalecimiento productivo y desconcierto opositor","datePublished":"2022-01-09T13:11:15+00:00","dateModified":"2022-01-09T13:12:38+00:00","mainEntityOfPage":{"@id":"https:\/\/cvinoticias.com\/v3\/turismo-record-fortalecimiento-productivo-y-desconcierto-opositor\/"},"wordCount":1214,"commentCount":0,"publisher":{"@id":"https:\/\/cvinoticias.com\/v3\/#organization"},"image":{"@id":"https:\/\/cvinoticias.com\/v3\/turismo-record-fortalecimiento-productivo-y-desconcierto-opositor\/#primaryimage"},"thumbnailUrl":"https:\/\/cvinoticias.com\/wp-content\/uploads\/2022\/01\/IMG-20220109-WA0012.jpg","articleSection":["Turismo"],"inLanguage":"es","potentialAction":[{"@type":"CommentAction","name":"Comment","target":["https:\/\/cvinoticias.com\/v3\/turismo-record-fortalecimiento-productivo-y-desconcierto-opositor\/#respond"]}]},{"@type":"WebPage","@id":"https:\/\/cvinoticias.com\/v3\/turismo-record-fortalecimiento-productivo-y-desconcierto-opositor\/","url":"https:\/\/cvinoticias.com\/v3\/turismo-record-fortalecimiento-productivo-y-desconcierto-opositor\/","name":"Turismo r\u00e9cord, fortalecimiento productivo y desconcierto opositor | CVI NOTICIAS","isPartOf":{"@id":"https:\/\/cvinoticias.com\/v3\/#website"},"primaryImageOfPage":{"@id":"https:\/\/cvinoticias.com\/v3\/turismo-record-fortalecimiento-productivo-y-desconcierto-opositor\/#primaryimage"},"image":{"@id":"https:\/\/cvinoticias.com\/v3\/turismo-record-fortalecimiento-productivo-y-desconcierto-opositor\/#primaryimage"},"thumbnailUrl":"https:\/\/cvinoticias.com\/wp-content\/uploads\/2022\/01\/IMG-20220109-WA0012.jpg","datePublished":"2022-01-09T13:11:15+00:00","dateModified":"2022-01-09T13:12:38+00:00","breadcrumb":{"@id":"https:\/\/cvinoticias.com\/v3\/turismo-record-fortalecimiento-productivo-y-desconcierto-opositor\/#breadcrumb"},"inLanguage":"es","potentialAction":[{"@type":"ReadAction","target":["https:\/\/cvinoticias.com\/v3\/turismo-record-fortalecimiento-productivo-y-desconcierto-opositor\/"]}]},{"@type":"ImageObject","inLanguage":"es","@id":"https:\/\/cvinoticias.com\/v3\/turismo-record-fortalecimiento-productivo-y-desconcierto-opositor\/#primaryimage","url":"https:\/\/cvinoticias.com\/wp-content\/uploads\/2022\/01\/IMG-20220109-WA0012.jpg","contentUrl":"https:\/\/cvinoticias.com\/wp-content\/uploads\/2022\/01\/IMG-20220109-WA0012.jpg","width":730,"height":411},{"@type":"BreadcrumbList","@id":"https:\/\/cvinoticias.com\/v3\/turismo-record-fortalecimiento-productivo-y-desconcierto-opositor\/#breadcrumb","itemListElement":[{"@type":"ListItem","position":1,"name":"Portada","item":"https:\/\/cvinoticias.com\/v3\/"},{"@type":"ListItem","position":2,"name":"Turismo r\u00e9cord, fortalecimiento productivo y desconcierto opositor"}]},{"@type":"WebSite","@id":"https:\/\/cvinoticias.com\/v3\/#website","url":"https:\/\/cvinoticias.com\/v3\/","name":"CVI NOTICIAS","description":"","publisher":{"@id":"https:\/\/cvinoticias.com\/v3\/#organization"},"alternateName":"CVI","potentialAction":[{"@type":"SearchAction","target":{"@type":"EntryPoint","urlTemplate":"https:\/\/cvinoticias.com\/v3\/?s={search_term_string}"},"query-input":{"@type":"PropertyValueSpecification","valueRequired":true,"valueName":"search_term_string"}}],"inLanguage":"es"},{"@type":"Organization","@id":"https:\/\/cvinoticias.com\/v3\/#organization","name":"CVI NOTICIAS","url":"https:\/\/cvinoticias.com\/v3\/","logo":{"@type":"ImageObject","inLanguage":"es","@id":"https:\/\/cvinoticias.com\/v3\/#\/schema\/logo\/image\/","url":"https:\/\/cvinoticias.com\/wp-content\/uploads\/2023\/04\/cropped-cropped-cropped-cropped-cropped-3-1.png","contentUrl":"https:\/\/cvinoticias.com\/wp-content\/uploads\/2023\/04\/cropped-cropped-cropped-cropped-cropped-3-1.png","width":95,"height":122,"caption":"CVI NOTICIAS"},"image":{"@id":"https:\/\/cvinoticias.com\/v3\/#\/schema\/logo\/image\/"},"sameAs":["https:\/\/www.facebook.com\/cvinoticias","https:\/\/www.instagram.com\/cvinoticias\/","https:\/\/www.youtube.com\/@CVINOTICIAS"]},{"@type":"Person","@id":"https:\/\/cvinoticias.com\/v3\/#\/schema\/person\/2db77e3c6bc03c538495d7b2b8be9b66","name":"f1000024","image":{"@type":"ImageObject","inLanguage":"es","@id":"https:\/\/secure.gravatar.com\/avatar\/d4fe7459cfc51ff5129ce1a732bbef5928568b8092d412ef95611616376bbeed?s=96&d=mm&r=g","url":"https:\/\/secure.gravatar.com\/avatar\/d4fe7459cfc51ff5129ce1a732bbef5928568b8092d412ef95611616376bbeed?s=96&d=mm&r=g","contentUrl":"https:\/\/secure.gravatar.com\/avatar\/d4fe7459cfc51ff5129ce1a732bbef5928568b8092d412ef95611616376bbeed?s=96&d=mm&r=g","caption":"f1000024"},"url":"https:\/\/cvinoticias.com\/v3\/author\/f1000024\/"}]}},"_links":{"self":[{"href":"https:\/\/cvinoticias.com\/v3\/wp-json\/wp\/v2\/posts\/12108","targetHints":{"allow":["GET"]}}],"collection":[{"href":"https:\/\/cvinoticias.com\/v3\/wp-json\/wp\/v2\/posts"}],"about":[{"href":"https:\/\/cvinoticias.com\/v3\/wp-json\/wp\/v2\/types\/post"}],"author":[{"embeddable":true,"href":"https:\/\/cvinoticias.com\/v3\/wp-json\/wp\/v2\/users\/2"}],"replies":[{"embeddable":true,"href":"https:\/\/cvinoticias.com\/v3\/wp-json\/wp\/v2\/comments?post=12108"}],"version-history":[{"count":3,"href":"https:\/\/cvinoticias.com\/v3\/wp-json\/wp\/v2\/posts\/12108\/revisions"}],"predecessor-version":[{"id":12112,"href":"https:\/\/cvinoticias.com\/v3\/wp-json\/wp\/v2\/posts\/12108\/revisions\/12112"}],"wp:featuredmedia":[{"embeddable":true,"href":"https:\/\/cvinoticias.com\/v3\/wp-json\/wp\/v2\/media\/12109"}],"wp:attachment":[{"href":"https:\/\/cvinoticias.com\/v3\/wp-json\/wp\/v2\/media?parent=12108"}],"wp:term":[{"taxonomy":"category","embeddable":true,"href":"https:\/\/cvinoticias.com\/v3\/wp-json\/wp\/v2\/categories?post=12108"},{"taxonomy":"post_tag","embeddable":true,"href":"https:\/\/cvinoticias.com\/v3\/wp-json\/wp\/v2\/tags?post=12108"}],"curies":[{"name":"wp","href":"https:\/\/api.w.org\/{rel}","templated":true}]}}