{"id":12096,"date":"2022-01-08T23:01:24","date_gmt":"2022-01-08T23:01:24","guid":{"rendered":"https:\/\/cvinoticias.com\/v3\/?p=12096"},"modified":"2022-01-08T23:01:24","modified_gmt":"2022-01-08T23:01:24","slug":"se-realizo-en-el-dia-de-la-fecha-la-ceremonia-de-cambio-de-autoridades","status":"publish","type":"post","link":"https:\/\/cvinoticias.com\/v3\/se-realizo-en-el-dia-de-la-fecha-la-ceremonia-de-cambio-de-autoridades\/","title":{"rendered":"Se realiz\u00f3 en el d\u00eda de la fecha la ceremonia de cambio de autoridades"},"content":{"rendered":"\n<p><strong><em>En la jornada de hoy, bajo los protocolos de bioseguridad correspondientes, se realizaron las ceremonias de cambios de jefes en comisar\u00edas y divisiones de distintas Unidades Regionales de la Polic\u00eda de Misiones.<\/em><\/strong><\/p>\n\n\n\n<p>&#8211; En la Unidad Regional Uno de Posadas, los cambios se hicieron en las siguientes dependencias:<br>Comisar\u00eda 7ma, tom\u00f3 posesi\u00f3n del cargo de jefe la Subcomisario Bogado Mirta Elizabeth y como 2do jefe el Subcomisario Fonseca Ram\u00f3n Norberto. En la Comisar\u00eda de la Mujer Zona Oeste, la Subcomisario Saft Liliana Margarita. En la Comisar\u00eda de la Mujer Zona Centro, la Comisario Suarez Mar\u00eda Elizabet.<\/p>\n\n\n\n<p>&#8211; En la Unidad Regional II de Ober\u00e1 los cambios fueron:<br>En la Comisar\u00eda 5ta, el Subcomisario Carlos Javier Fuglistaler; en la Divisi\u00f3n Comando Sur, la Comisario Inspector Sandra Mabel Zarza D\u00edaz; en la Comisar\u00eda de la Mujer, la Comisario Cristina Liliana Rojas; en la Divisi\u00f3n Investigaciones, el Comisario Jorge Augusto Britos; en la Seccional 2da, la Comisario Natalia Andrea Suarez.<\/p>\n\n\n\n<p>&#8211; En la Unidad Regional III de Eldorado fueron:<br>Comisar\u00eda de Montecarlo, el Comisario Pedro Ram\u00f3n Miranda como Jefe y la Oficial Principal Cecilia Raquel Esteche como Segunda Jefa; en la Divisi\u00f3n Video y Vigilancia de Montecarlo asumi\u00f3 el Oficial Auxiliar Mat\u00edas Ram\u00f3n Armoa; en la Comisar\u00eda de Puerto Piray fue puesto en funciones el Oficial Principal Julio Cesar Cabrera.<\/p>\n\n\n\n<p>&#8211; En la Unidad Regional IV de Puerto Rico fueron:<br>Divisi\u00f3n Montada, el Oficial sub ayudante Resch Saul Feliciano; en la Comisar\u00eda de El Alc\u00e1zar, el Oficial Auxiliar Gustavo Nicol\u00e1s Riquelme.<\/p>\n\n\n\n<p>&#8211; En la Unidad Regional V de Puerto Iguaz\u00fa fueron:<br>Comisar\u00eda 2da, el Subcomisario Rodolfo Miguel Lovera; en la Seccional 4ta, el Comisario Marcelo Alonso.<\/p>\n\n\n\n<p>&#8211; En la Unidad Regional X de Posadas fueron:<br>Comisar\u00eda 8va, el Comisario Vallejos Ernesto Orlando; en la Comisar\u00eda 10ma, el Comisario Viola Dar\u00edo An\u00edbal; en la Comisar\u00eda 14ta, el Subcomisario Da Silva Miguel \u00c1ngel; en la Comisar\u00eda 18va, el Comisario Mancuello Claudio Daniel; en la Divisi\u00f3n Investigaciones, el Subcomisario Doval Ricardo Andr\u00e9s; en la Comisar\u00eda de Candelaria, el Comisario Enrique Sergio Daniel.<\/p>\n\n\n\n<p>&#8211; En la Unidad Regional XI de Arist\u00f3bulo del Valle fueron:<br>Comisar\u00eda de Alba Posse, el Comisario Brestolli Rodrigo Esteban; en la Comisar\u00eda 25 de Mayo, el Oficial Principal Glasik Horacio Fabi\u00e1n como Segundo Jefe; en la Divisi\u00f3n Comando Radioel\u00e9ctrico Santa Rita, el Oficial Principal Jos\u00e9 Luis Kinast.<\/p>\n\n\n\n<figure class=\"wp-block-image size-large\"><a href=\"https:\/\/cvinoticias.com\/wp-content\/uploads\/2022\/01\/FB_IMG_1641682059208.jpg\"><img decoding=\"async\" width=\"1024\" height=\"576\" data-src=\"https:\/\/cvinoticias.com\/wp-content\/uploads\/2022\/01\/FB_IMG_1641682059208-1024x576.jpg\" alt=\"\" class=\"wp-image-12098 lazyload\" data-srcset=\"https:\/\/cvinoticias.com\/wp-content\/uploads\/2022\/01\/FB_IMG_1641682059208-1024x576.jpg 1024w, https:\/\/cvinoticias.com\/wp-content\/uploads\/2022\/01\/FB_IMG_1641682059208-300x169.jpg 300w, https:\/\/cvinoticias.com\/wp-content\/uploads\/2022\/01\/FB_IMG_1641682059208-768x432.jpg 768w, https:\/\/cvinoticias.com\/wp-content\/uploads\/2022\/01\/FB_IMG_1641682059208.jpg 1080w\" data-sizes=\"(max-width: 1024px) 100vw, 1024px\" src=\"data:image\/svg+xml;base64,PHN2ZyB3aWR0aD0iMSIgaGVpZ2h0PSIxIiB4bWxucz0iaHR0cDovL3d3dy53My5vcmcvMjAwMC9zdmciPjwvc3ZnPg==\" style=\"--smush-placeholder-width: 1024px; --smush-placeholder-aspect-ratio: 1024\/576;\" \/><\/a><\/figure>\n\n\n\n<figure class=\"wp-block-image size-large\"><a href=\"https:\/\/cvinoticias.com\/wp-content\/uploads\/2022\/01\/FB_IMG_1641682056426.jpg\"><img decoding=\"async\" width=\"1024\" height=\"767\" data-src=\"https:\/\/cvinoticias.com\/wp-content\/uploads\/2022\/01\/FB_IMG_1641682056426-1024x767.jpg\" alt=\"\" class=\"wp-image-12099 lazyload\" data-srcset=\"https:\/\/cvinoticias.com\/wp-content\/uploads\/2022\/01\/FB_IMG_1641682056426-1024x767.jpg 1024w, https:\/\/cvinoticias.com\/wp-content\/uploads\/2022\/01\/FB_IMG_1641682056426-300x225.jpg 300w, https:\/\/cvinoticias.com\/wp-content\/uploads\/2022\/01\/FB_IMG_1641682056426-768x575.jpg 768w, https:\/\/cvinoticias.com\/wp-content\/uploads\/2022\/01\/FB_IMG_1641682056426.jpg 1080w\" data-sizes=\"(max-width: 1024px) 100vw, 1024px\" src=\"data:image\/svg+xml;base64,PHN2ZyB3aWR0aD0iMSIgaGVpZ2h0PSIxIiB4bWxucz0iaHR0cDovL3d3dy53My5vcmcvMjAwMC9zdmciPjwvc3ZnPg==\" style=\"--smush-placeholder-width: 1024px; --smush-placeholder-aspect-ratio: 1024\/767;\" \/><\/a><\/figure>\n\n\n\n<figure class=\"wp-block-image size-full\"><a href=\"https:\/\/cvinoticias.com\/wp-content\/uploads\/2022\/01\/FB_IMG_1641682048524.jpg\"><img decoding=\"async\" width=\"960\" height=\"621\" data-src=\"https:\/\/cvinoticias.com\/wp-content\/uploads\/2022\/01\/FB_IMG_1641682048524.jpg\" alt=\"\" class=\"wp-image-12100 lazyload\" data-srcset=\"https:\/\/cvinoticias.com\/wp-content\/uploads\/2022\/01\/FB_IMG_1641682048524.jpg 960w, https:\/\/cvinoticias.com\/wp-content\/uploads\/2022\/01\/FB_IMG_1641682048524-300x194.jpg 300w, https:\/\/cvinoticias.com\/wp-content\/uploads\/2022\/01\/FB_IMG_1641682048524-768x497.jpg 768w\" data-sizes=\"(max-width: 960px) 100vw, 960px\" src=\"data:image\/svg+xml;base64,PHN2ZyB3aWR0aD0iMSIgaGVpZ2h0PSIxIiB4bWxucz0iaHR0cDovL3d3dy53My5vcmcvMjAwMC9zdmciPjwvc3ZnPg==\" style=\"--smush-placeholder-width: 960px; --smush-placeholder-aspect-ratio: 960\/621;\" \/><\/a><\/figure>\n\n\n\n<figure class=\"wp-block-image size-large\"><a href=\"https:\/\/cvinoticias.com\/wp-content\/uploads\/2022\/01\/FB_IMG_1641682061727.jpg\"><img decoding=\"async\" width=\"1024\" height=\"535\" data-src=\"https:\/\/cvinoticias.com\/wp-content\/uploads\/2022\/01\/FB_IMG_1641682061727-1024x535.jpg\" alt=\"\" class=\"wp-image-12101 lazyload\" data-srcset=\"https:\/\/cvinoticias.com\/wp-content\/uploads\/2022\/01\/FB_IMG_1641682061727-1024x535.jpg 1024w, https:\/\/cvinoticias.com\/wp-content\/uploads\/2022\/01\/FB_IMG_1641682061727-300x157.jpg 300w, https:\/\/cvinoticias.com\/wp-content\/uploads\/2022\/01\/FB_IMG_1641682061727-768x401.jpg 768w, https:\/\/cvinoticias.com\/wp-content\/uploads\/2022\/01\/FB_IMG_1641682061727.jpg 1080w\" data-sizes=\"(max-width: 1024px) 100vw, 1024px\" src=\"data:image\/svg+xml;base64,PHN2ZyB3aWR0aD0iMSIgaGVpZ2h0PSIxIiB4bWxucz0iaHR0cDovL3d3dy53My5vcmcvMjAwMC9zdmciPjwvc3ZnPg==\" style=\"--smush-placeholder-width: 1024px; --smush-placeholder-aspect-ratio: 1024\/535;\" \/><\/a><\/figure>\n\n\n\n<figure class=\"wp-block-image size-large\"><a href=\"https:\/\/cvinoticias.com\/wp-content\/uploads\/2022\/01\/IMG-20220108-WA0102.jpg\"><img decoding=\"async\" width=\"1024\" height=\"535\" data-src=\"https:\/\/cvinoticias.com\/wp-content\/uploads\/2022\/01\/IMG-20220108-WA0102-1024x535.jpg\" alt=\"\" class=\"wp-image-12102 lazyload\" data-srcset=\"https:\/\/cvinoticias.com\/wp-content\/uploads\/2022\/01\/IMG-20220108-WA0102-1024x535.jpg 1024w, https:\/\/cvinoticias.com\/wp-content\/uploads\/2022\/01\/IMG-20220108-WA0102-300x157.jpg 300w, https:\/\/cvinoticias.com\/wp-content\/uploads\/2022\/01\/IMG-20220108-WA0102-768x401.jpg 768w, https:\/\/cvinoticias.com\/wp-content\/uploads\/2022\/01\/IMG-20220108-WA0102.jpg 1080w\" data-sizes=\"(max-width: 1024px) 100vw, 1024px\" src=\"data:image\/svg+xml;base64,PHN2ZyB3aWR0aD0iMSIgaGVpZ2h0PSIxIiB4bWxucz0iaHR0cDovL3d3dy53My5vcmcvMjAwMC9zdmciPjwvc3ZnPg==\" style=\"--smush-placeholder-width: 1024px; --smush-placeholder-aspect-ratio: 1024\/535;\" \/><\/a><\/figure>\n","protected":false},"excerpt":{"rendered":"<p>En la jornada de hoy, bajo los protocolos de bioseguridad correspondientes, se realizaron las ceremonias de cambios de jefes en comisar\u00edas y divisiones de distintas Unidades Regionales de la Polic\u00eda de Misiones. &#8211; En la Unidad Regional Uno de Posadas, los cambios se hicieron en las siguientes dependencias:Comisar\u00eda 7ma, tom\u00f3 posesi\u00f3n del cargo de jefe [&hellip;]<\/p>\n","protected":false},"author":2,"featured_media":12097,"comment_status":"open","ping_status":"open","sticky":false,"template":"","format":"standard","meta":{"footnotes":""},"categories":[41],"tags":[],"class_list":["post-12096","post","type-post","status-publish","format-standard","has-post-thumbnail","hentry","category-policiales"],"yoast_head":"<!-- This site is optimized with the Yoast SEO plugin v27.5 - https:\/\/yoast.com\/product\/yoast-seo-wordpress\/ -->\n<title>Se realiz\u00f3 en el d\u00eda de la fecha la ceremonia de cambio de autoridades | CVI NOTICIAS<\/title>\n<meta name=\"robots\" content=\"index, follow, max-snippet:-1, max-image-preview:large, max-video-preview:-1\" \/>\n<link rel=\"canonical\" href=\"https:\/\/cvinoticias.com\/v3\/se-realizo-en-el-dia-de-la-fecha-la-ceremonia-de-cambio-de-autoridades\/\" \/>\n<meta property=\"og:locale\" content=\"es_ES\" \/>\n<meta property=\"og:type\" content=\"article\" \/>\n<meta property=\"og:title\" content=\"Se realiz\u00f3 en el d\u00eda de la fecha la ceremonia de cambio de autoridades | CVI NOTICIAS\" \/>\n<meta property=\"og:description\" content=\"En la jornada de hoy, bajo los protocolos de bioseguridad correspondientes, se realizaron las ceremonias de cambios de jefes en comisar\u00edas y divisiones de distintas Unidades Regionales de la Polic\u00eda de Misiones. &#8211; En la Unidad Regional Uno de Posadas, los cambios se hicieron en las siguientes dependencias:Comisar\u00eda 7ma, tom\u00f3 posesi\u00f3n del cargo de jefe [&hellip;]\" \/>\n<meta property=\"og:url\" content=\"https:\/\/cvinoticias.com\/v3\/se-realizo-en-el-dia-de-la-fecha-la-ceremonia-de-cambio-de-autoridades\/\" \/>\n<meta property=\"og:site_name\" content=\"CVI NOTICIAS\" \/>\n<meta property=\"article:publisher\" content=\"https:\/\/www.facebook.com\/cvinoticias\" \/>\n<meta property=\"article:published_time\" content=\"2022-01-08T23:01:24+00:00\" \/>\n<meta property=\"og:image\" content=\"https:\/\/cvinoticias.com\/wp-content\/uploads\/2022\/01\/FB_IMG_1641682053706.jpg\" \/>\n\t<meta property=\"og:image:width\" content=\"1040\" \/>\n\t<meta property=\"og:image:height\" content=\"779\" \/>\n\t<meta property=\"og:image:type\" content=\"image\/jpeg\" \/>\n<meta name=\"author\" content=\"f1000024\" \/>\n<meta name=\"twitter:card\" content=\"summary_large_image\" \/>\n<meta name=\"twitter:label1\" content=\"Escrito por\" \/>\n\t<meta name=\"twitter:data1\" content=\"f1000024\" \/>\n\t<meta name=\"twitter:label2\" content=\"Tiempo de lectura\" \/>\n\t<meta name=\"twitter:data2\" content=\"2 minutos\" \/>\n<script type=\"application\/ld+json\" class=\"yoast-schema-graph\">{\"@context\":\"https:\\\/\\\/schema.org\",\"@graph\":[{\"@type\":\"Article\",\"@id\":\"https:\\\/\\\/cvinoticias.com\\\/v3\\\/se-realizo-en-el-dia-de-la-fecha-la-ceremonia-de-cambio-de-autoridades\\\/#article\",\"isPartOf\":{\"@id\":\"https:\\\/\\\/cvinoticias.com\\\/v3\\\/se-realizo-en-el-dia-de-la-fecha-la-ceremonia-de-cambio-de-autoridades\\\/\"},\"author\":{\"name\":\"f1000024\",\"@id\":\"https:\\\/\\\/cvinoticias.com\\\/v3\\\/#\\\/schema\\\/person\\\/2db77e3c6bc03c538495d7b2b8be9b66\"},\"headline\":\"Se realiz\u00f3 en el d\u00eda de la fecha la ceremonia de cambio de autoridades\",\"datePublished\":\"2022-01-08T23:01:24+00:00\",\"mainEntityOfPage\":{\"@id\":\"https:\\\/\\\/cvinoticias.com\\\/v3\\\/se-realizo-en-el-dia-de-la-fecha-la-ceremonia-de-cambio-de-autoridades\\\/\"},\"wordCount\":437,\"commentCount\":0,\"publisher\":{\"@id\":\"https:\\\/\\\/cvinoticias.com\\\/v3\\\/#organization\"},\"image\":{\"@id\":\"https:\\\/\\\/cvinoticias.com\\\/v3\\\/se-realizo-en-el-dia-de-la-fecha-la-ceremonia-de-cambio-de-autoridades\\\/#primaryimage\"},\"thumbnailUrl\":\"https:\\\/\\\/cvinoticias.com\\\/wp-content\\\/uploads\\\/2022\\\/01\\\/FB_IMG_1641682053706.jpg\",\"articleSection\":[\"Policiales\"],\"inLanguage\":\"es\",\"potentialAction\":[{\"@type\":\"CommentAction\",\"name\":\"Comment\",\"target\":[\"https:\\\/\\\/cvinoticias.com\\\/v3\\\/se-realizo-en-el-dia-de-la-fecha-la-ceremonia-de-cambio-de-autoridades\\\/#respond\"]}]},{\"@type\":\"WebPage\",\"@id\":\"https:\\\/\\\/cvinoticias.com\\\/v3\\\/se-realizo-en-el-dia-de-la-fecha-la-ceremonia-de-cambio-de-autoridades\\\/\",\"url\":\"https:\\\/\\\/cvinoticias.com\\\/v3\\\/se-realizo-en-el-dia-de-la-fecha-la-ceremonia-de-cambio-de-autoridades\\\/\",\"name\":\"Se realiz\u00f3 en el d\u00eda de la fecha la ceremonia de cambio de autoridades | CVI NOTICIAS\",\"isPartOf\":{\"@id\":\"https:\\\/\\\/cvinoticias.com\\\/v3\\\/#website\"},\"primaryImageOfPage\":{\"@id\":\"https:\\\/\\\/cvinoticias.com\\\/v3\\\/se-realizo-en-el-dia-de-la-fecha-la-ceremonia-de-cambio-de-autoridades\\\/#primaryimage\"},\"image\":{\"@id\":\"https:\\\/\\\/cvinoticias.com\\\/v3\\\/se-realizo-en-el-dia-de-la-fecha-la-ceremonia-de-cambio-de-autoridades\\\/#primaryimage\"},\"thumbnailUrl\":\"https:\\\/\\\/cvinoticias.com\\\/wp-content\\\/uploads\\\/2022\\\/01\\\/FB_IMG_1641682053706.jpg\",\"datePublished\":\"2022-01-08T23:01:24+00:00\",\"breadcrumb\":{\"@id\":\"https:\\\/\\\/cvinoticias.com\\\/v3\\\/se-realizo-en-el-dia-de-la-fecha-la-ceremonia-de-cambio-de-autoridades\\\/#breadcrumb\"},\"inLanguage\":\"es\",\"potentialAction\":[{\"@type\":\"ReadAction\",\"target\":[\"https:\\\/\\\/cvinoticias.com\\\/v3\\\/se-realizo-en-el-dia-de-la-fecha-la-ceremonia-de-cambio-de-autoridades\\\/\"]}]},{\"@type\":\"ImageObject\",\"inLanguage\":\"es\",\"@id\":\"https:\\\/\\\/cvinoticias.com\\\/v3\\\/se-realizo-en-el-dia-de-la-fecha-la-ceremonia-de-cambio-de-autoridades\\\/#primaryimage\",\"url\":\"https:\\\/\\\/cvinoticias.com\\\/wp-content\\\/uploads\\\/2022\\\/01\\\/FB_IMG_1641682053706.jpg\",\"contentUrl\":\"https:\\\/\\\/cvinoticias.com\\\/wp-content\\\/uploads\\\/2022\\\/01\\\/FB_IMG_1641682053706.jpg\",\"width\":1040,\"height\":779},{\"@type\":\"BreadcrumbList\",\"@id\":\"https:\\\/\\\/cvinoticias.com\\\/v3\\\/se-realizo-en-el-dia-de-la-fecha-la-ceremonia-de-cambio-de-autoridades\\\/#breadcrumb\",\"itemListElement\":[{\"@type\":\"ListItem\",\"position\":1,\"name\":\"Portada\",\"item\":\"https:\\\/\\\/cvinoticias.com\\\/v3\\\/\"},{\"@type\":\"ListItem\",\"position\":2,\"name\":\"Se realiz\u00f3 en el d\u00eda de la fecha la ceremonia de cambio de autoridades\"}]},{\"@type\":\"WebSite\",\"@id\":\"https:\\\/\\\/cvinoticias.com\\\/v3\\\/#website\",\"url\":\"https:\\\/\\\/cvinoticias.com\\\/v3\\\/\",\"name\":\"CVI NOTICIAS\",\"description\":\"\",\"publisher\":{\"@id\":\"https:\\\/\\\/cvinoticias.com\\\/v3\\\/#organization\"},\"alternateName\":\"CVI\",\"potentialAction\":[{\"@type\":\"SearchAction\",\"target\":{\"@type\":\"EntryPoint\",\"urlTemplate\":\"https:\\\/\\\/cvinoticias.com\\\/v3\\\/?s={search_term_string}\"},\"query-input\":{\"@type\":\"PropertyValueSpecification\",\"valueRequired\":true,\"valueName\":\"search_term_string\"}}],\"inLanguage\":\"es\"},{\"@type\":\"Organization\",\"@id\":\"https:\\\/\\\/cvinoticias.com\\\/v3\\\/#organization\",\"name\":\"CVI NOTICIAS\",\"url\":\"https:\\\/\\\/cvinoticias.com\\\/v3\\\/\",\"logo\":{\"@type\":\"ImageObject\",\"inLanguage\":\"es\",\"@id\":\"https:\\\/\\\/cvinoticias.com\\\/v3\\\/#\\\/schema\\\/logo\\\/image\\\/\",\"url\":\"https:\\\/\\\/cvinoticias.com\\\/wp-content\\\/uploads\\\/2023\\\/04\\\/cropped-cropped-cropped-cropped-cropped-3-1.png\",\"contentUrl\":\"https:\\\/\\\/cvinoticias.com\\\/wp-content\\\/uploads\\\/2023\\\/04\\\/cropped-cropped-cropped-cropped-cropped-3-1.png\",\"width\":95,\"height\":122,\"caption\":\"CVI NOTICIAS\"},\"image\":{\"@id\":\"https:\\\/\\\/cvinoticias.com\\\/v3\\\/#\\\/schema\\\/logo\\\/image\\\/\"},\"sameAs\":[\"https:\\\/\\\/www.facebook.com\\\/cvinoticias\",\"https:\\\/\\\/www.instagram.com\\\/cvinoticias\\\/\",\"https:\\\/\\\/www.youtube.com\\\/@CVINOTICIAS\"]},{\"@type\":\"Person\",\"@id\":\"https:\\\/\\\/cvinoticias.com\\\/v3\\\/#\\\/schema\\\/person\\\/2db77e3c6bc03c538495d7b2b8be9b66\",\"name\":\"f1000024\",\"image\":{\"@type\":\"ImageObject\",\"inLanguage\":\"es\",\"@id\":\"https:\\\/\\\/secure.gravatar.com\\\/avatar\\\/d4fe7459cfc51ff5129ce1a732bbef5928568b8092d412ef95611616376bbeed?s=96&d=mm&r=g\",\"url\":\"https:\\\/\\\/secure.gravatar.com\\\/avatar\\\/d4fe7459cfc51ff5129ce1a732bbef5928568b8092d412ef95611616376bbeed?s=96&d=mm&r=g\",\"contentUrl\":\"https:\\\/\\\/secure.gravatar.com\\\/avatar\\\/d4fe7459cfc51ff5129ce1a732bbef5928568b8092d412ef95611616376bbeed?s=96&d=mm&r=g\",\"caption\":\"f1000024\"},\"url\":\"https:\\\/\\\/cvinoticias.com\\\/v3\\\/author\\\/f1000024\\\/\"}]}<\/script>\n<!-- \/ Yoast SEO plugin. -->","yoast_head_json":{"title":"Se realiz\u00f3 en el d\u00eda de la fecha la ceremonia de cambio de autoridades | CVI NOTICIAS","robots":{"index":"index","follow":"follow","max-snippet":"max-snippet:-1","max-image-preview":"max-image-preview:large","max-video-preview":"max-video-preview:-1"},"canonical":"https:\/\/cvinoticias.com\/v3\/se-realizo-en-el-dia-de-la-fecha-la-ceremonia-de-cambio-de-autoridades\/","og_locale":"es_ES","og_type":"article","og_title":"Se realiz\u00f3 en el d\u00eda de la fecha la ceremonia de cambio de autoridades | CVI NOTICIAS","og_description":"En la jornada de hoy, bajo los protocolos de bioseguridad correspondientes, se realizaron las ceremonias de cambios de jefes en comisar\u00edas y divisiones de distintas Unidades Regionales de la Polic\u00eda de Misiones. &#8211; En la Unidad Regional Uno de Posadas, los cambios se hicieron en las siguientes dependencias:Comisar\u00eda 7ma, tom\u00f3 posesi\u00f3n del cargo de jefe [&hellip;]","og_url":"https:\/\/cvinoticias.com\/v3\/se-realizo-en-el-dia-de-la-fecha-la-ceremonia-de-cambio-de-autoridades\/","og_site_name":"CVI NOTICIAS","article_publisher":"https:\/\/www.facebook.com\/cvinoticias","article_published_time":"2022-01-08T23:01:24+00:00","og_image":[{"width":1040,"height":779,"url":"https:\/\/cvinoticias.com\/wp-content\/uploads\/2022\/01\/FB_IMG_1641682053706.jpg","type":"image\/jpeg"}],"author":"f1000024","twitter_card":"summary_large_image","twitter_misc":{"Escrito por":"f1000024","Tiempo de lectura":"2 minutos"},"schema":{"@context":"https:\/\/schema.org","@graph":[{"@type":"Article","@id":"https:\/\/cvinoticias.com\/v3\/se-realizo-en-el-dia-de-la-fecha-la-ceremonia-de-cambio-de-autoridades\/#article","isPartOf":{"@id":"https:\/\/cvinoticias.com\/v3\/se-realizo-en-el-dia-de-la-fecha-la-ceremonia-de-cambio-de-autoridades\/"},"author":{"name":"f1000024","@id":"https:\/\/cvinoticias.com\/v3\/#\/schema\/person\/2db77e3c6bc03c538495d7b2b8be9b66"},"headline":"Se realiz\u00f3 en el d\u00eda de la fecha la ceremonia de cambio de autoridades","datePublished":"2022-01-08T23:01:24+00:00","mainEntityOfPage":{"@id":"https:\/\/cvinoticias.com\/v3\/se-realizo-en-el-dia-de-la-fecha-la-ceremonia-de-cambio-de-autoridades\/"},"wordCount":437,"commentCount":0,"publisher":{"@id":"https:\/\/cvinoticias.com\/v3\/#organization"},"image":{"@id":"https:\/\/cvinoticias.com\/v3\/se-realizo-en-el-dia-de-la-fecha-la-ceremonia-de-cambio-de-autoridades\/#primaryimage"},"thumbnailUrl":"https:\/\/cvinoticias.com\/wp-content\/uploads\/2022\/01\/FB_IMG_1641682053706.jpg","articleSection":["Policiales"],"inLanguage":"es","potentialAction":[{"@type":"CommentAction","name":"Comment","target":["https:\/\/cvinoticias.com\/v3\/se-realizo-en-el-dia-de-la-fecha-la-ceremonia-de-cambio-de-autoridades\/#respond"]}]},{"@type":"WebPage","@id":"https:\/\/cvinoticias.com\/v3\/se-realizo-en-el-dia-de-la-fecha-la-ceremonia-de-cambio-de-autoridades\/","url":"https:\/\/cvinoticias.com\/v3\/se-realizo-en-el-dia-de-la-fecha-la-ceremonia-de-cambio-de-autoridades\/","name":"Se realiz\u00f3 en el d\u00eda de la fecha la ceremonia de cambio de autoridades | CVI NOTICIAS","isPartOf":{"@id":"https:\/\/cvinoticias.com\/v3\/#website"},"primaryImageOfPage":{"@id":"https:\/\/cvinoticias.com\/v3\/se-realizo-en-el-dia-de-la-fecha-la-ceremonia-de-cambio-de-autoridades\/#primaryimage"},"image":{"@id":"https:\/\/cvinoticias.com\/v3\/se-realizo-en-el-dia-de-la-fecha-la-ceremonia-de-cambio-de-autoridades\/#primaryimage"},"thumbnailUrl":"https:\/\/cvinoticias.com\/wp-content\/uploads\/2022\/01\/FB_IMG_1641682053706.jpg","datePublished":"2022-01-08T23:01:24+00:00","breadcrumb":{"@id":"https:\/\/cvinoticias.com\/v3\/se-realizo-en-el-dia-de-la-fecha-la-ceremonia-de-cambio-de-autoridades\/#breadcrumb"},"inLanguage":"es","potentialAction":[{"@type":"ReadAction","target":["https:\/\/cvinoticias.com\/v3\/se-realizo-en-el-dia-de-la-fecha-la-ceremonia-de-cambio-de-autoridades\/"]}]},{"@type":"ImageObject","inLanguage":"es","@id":"https:\/\/cvinoticias.com\/v3\/se-realizo-en-el-dia-de-la-fecha-la-ceremonia-de-cambio-de-autoridades\/#primaryimage","url":"https:\/\/cvinoticias.com\/wp-content\/uploads\/2022\/01\/FB_IMG_1641682053706.jpg","contentUrl":"https:\/\/cvinoticias.com\/wp-content\/uploads\/2022\/01\/FB_IMG_1641682053706.jpg","width":1040,"height":779},{"@type":"BreadcrumbList","@id":"https:\/\/cvinoticias.com\/v3\/se-realizo-en-el-dia-de-la-fecha-la-ceremonia-de-cambio-de-autoridades\/#breadcrumb","itemListElement":[{"@type":"ListItem","position":1,"name":"Portada","item":"https:\/\/cvinoticias.com\/v3\/"},{"@type":"ListItem","position":2,"name":"Se realiz\u00f3 en el d\u00eda de la fecha la ceremonia de cambio de autoridades"}]},{"@type":"WebSite","@id":"https:\/\/cvinoticias.com\/v3\/#website","url":"https:\/\/cvinoticias.com\/v3\/","name":"CVI NOTICIAS","description":"","publisher":{"@id":"https:\/\/cvinoticias.com\/v3\/#organization"},"alternateName":"CVI","potentialAction":[{"@type":"SearchAction","target":{"@type":"EntryPoint","urlTemplate":"https:\/\/cvinoticias.com\/v3\/?s={search_term_string}"},"query-input":{"@type":"PropertyValueSpecification","valueRequired":true,"valueName":"search_term_string"}}],"inLanguage":"es"},{"@type":"Organization","@id":"https:\/\/cvinoticias.com\/v3\/#organization","name":"CVI NOTICIAS","url":"https:\/\/cvinoticias.com\/v3\/","logo":{"@type":"ImageObject","inLanguage":"es","@id":"https:\/\/cvinoticias.com\/v3\/#\/schema\/logo\/image\/","url":"https:\/\/cvinoticias.com\/wp-content\/uploads\/2023\/04\/cropped-cropped-cropped-cropped-cropped-3-1.png","contentUrl":"https:\/\/cvinoticias.com\/wp-content\/uploads\/2023\/04\/cropped-cropped-cropped-cropped-cropped-3-1.png","width":95,"height":122,"caption":"CVI NOTICIAS"},"image":{"@id":"https:\/\/cvinoticias.com\/v3\/#\/schema\/logo\/image\/"},"sameAs":["https:\/\/www.facebook.com\/cvinoticias","https:\/\/www.instagram.com\/cvinoticias\/","https:\/\/www.youtube.com\/@CVINOTICIAS"]},{"@type":"Person","@id":"https:\/\/cvinoticias.com\/v3\/#\/schema\/person\/2db77e3c6bc03c538495d7b2b8be9b66","name":"f1000024","image":{"@type":"ImageObject","inLanguage":"es","@id":"https:\/\/secure.gravatar.com\/avatar\/d4fe7459cfc51ff5129ce1a732bbef5928568b8092d412ef95611616376bbeed?s=96&d=mm&r=g","url":"https:\/\/secure.gravatar.com\/avatar\/d4fe7459cfc51ff5129ce1a732bbef5928568b8092d412ef95611616376bbeed?s=96&d=mm&r=g","contentUrl":"https:\/\/secure.gravatar.com\/avatar\/d4fe7459cfc51ff5129ce1a732bbef5928568b8092d412ef95611616376bbeed?s=96&d=mm&r=g","caption":"f1000024"},"url":"https:\/\/cvinoticias.com\/v3\/author\/f1000024\/"}]}},"_links":{"self":[{"href":"https:\/\/cvinoticias.com\/v3\/wp-json\/wp\/v2\/posts\/12096","targetHints":{"allow":["GET"]}}],"collection":[{"href":"https:\/\/cvinoticias.com\/v3\/wp-json\/wp\/v2\/posts"}],"about":[{"href":"https:\/\/cvinoticias.com\/v3\/wp-json\/wp\/v2\/types\/post"}],"author":[{"embeddable":true,"href":"https:\/\/cvinoticias.com\/v3\/wp-json\/wp\/v2\/users\/2"}],"replies":[{"embeddable":true,"href":"https:\/\/cvinoticias.com\/v3\/wp-json\/wp\/v2\/comments?post=12096"}],"version-history":[{"count":1,"href":"https:\/\/cvinoticias.com\/v3\/wp-json\/wp\/v2\/posts\/12096\/revisions"}],"predecessor-version":[{"id":12103,"href":"https:\/\/cvinoticias.com\/v3\/wp-json\/wp\/v2\/posts\/12096\/revisions\/12103"}],"wp:featuredmedia":[{"embeddable":true,"href":"https:\/\/cvinoticias.com\/v3\/wp-json\/wp\/v2\/media\/12097"}],"wp:attachment":[{"href":"https:\/\/cvinoticias.com\/v3\/wp-json\/wp\/v2\/media?parent=12096"}],"wp:term":[{"taxonomy":"category","embeddable":true,"href":"https:\/\/cvinoticias.com\/v3\/wp-json\/wp\/v2\/categories?post=12096"},{"taxonomy":"post_tag","embeddable":true,"href":"https:\/\/cvinoticias.com\/v3\/wp-json\/wp\/v2\/tags?post=12096"}],"curies":[{"name":"wp","href":"https:\/\/api.w.org\/{rel}","templated":true}]}}