{"id":12087,"date":"2022-01-08T13:29:36","date_gmt":"2022-01-08T13:29:36","guid":{"rendered":"https:\/\/cvinoticias.com\/v3\/?p=12087"},"modified":"2022-01-08T13:29:36","modified_gmt":"2022-01-08T13:29:36","slug":"para-salir-de-la-pandemia-la-sociedad-de-pediatria-pidio-vacunar-a-los-ninos","status":"publish","type":"post","link":"https:\/\/cvinoticias.com\/v3\/para-salir-de-la-pandemia-la-sociedad-de-pediatria-pidio-vacunar-a-los-ninos\/","title":{"rendered":"\u00abPara salir de la pandemia\u00bb: la Sociedad de Pediatr\u00eda pidi\u00f3 vacunar a los ni\u00f1os"},"content":{"rendered":"\n<p><strong><em>Seg\u00fan afirm\u00f3 el presidente de la Sociedad Argentina de Pediatr\u00eda (SAP), Pablo Moreno, \u00absolamente el 41% de los chicos\u00bb de 3 a 11 a\u00f1os tiene aplicada la segunda dosis contra el coronavirus, mientras que \u00aben los adolescentes entre 12 y 17 a\u00f1os, un 62% tiene aplicada las dos dosis\u00bb.<\/em><\/strong><\/p>\n\n\n\n<p>En un contexto de fuerte avance de los casos de coronavirus en el mundo, el presidente de la Sociedad Argentina de Pediatr\u00eda (SAP), Pablo Moreno, pidi\u00f3 completar los esquemas de vacunaci\u00f3n en ni\u00f1os, ni\u00f1as y adolescentes para \u00absalir de la pandemia\u00bb.<\/p>\n\n\n\n<p>Lo hizo luego de advertir que que \u00absolamente el 41% de los chicos\u00bb de 3 a 11 a\u00f1os tiene aplicada la segunda dosis contra el coronavirus, manifestando en este sentido su preocupaci\u00f3n porque \u00aben el \u00faltimo mes se ha estancado el porcentaje de vacunaci\u00f3n\u00bb.<\/p>\n\n\n\n<p>Al mismo tiempo, y en di\u00e1logo con Radio Del Plata, remarc\u00f3 adem\u00e1s que \u00aben los adolescentes entre 12 y 17 a\u00f1os, un 62% tiene aplicada las dos dosis\u00bb.<\/p>\n\n\n\n<p>\u00abCuando se habla de Covid, en general todo el mundo est\u00e1 preocupado por la morbimortalidad de los adultos grandes; muy poca gente se ha preocupado por lo que pasa en pediatr\u00eda porque la verdad es que al comienzo de la pandemia la pediatr\u00eda no tuvo internaciones ni casos\u00bb, complet\u00f3.<\/p>\n\n\n\n<p>Y a\u00f1adi\u00f3 que \u00abreci\u00e9n ahora, en la medida en que los grupos de adultos est\u00e1n siendo vacunados los chicos est\u00e1n siendo m\u00e1s afectados\u00bb.<\/p>\n\n\n\n<p>\u00abSi bien todos sabemos que la afectaci\u00f3n pedi\u00e1trica en la gran mayor\u00eda son casos leves y los internados que hay son ni\u00f1os con enfermedades preexistentes, no hay que olvidar que el riesgo siempre existe\u00bb, sostuvo adem\u00e1s Moreno previo a advertir que \u00abtambi\u00e9n hay formas graves en pediatr\u00eda de la enfermedad\u00bb.<\/p>\n\n\n\n<p>\u00abEstamos convencidos de que la \u00fanica manera de salir de la pandemia es con la vacuna. Es la \u00fanica manera de lograr la famosa inmunidad colectiva, la inmunidad de reba\u00f1o\u00bb, cerr\u00f3.<\/p>\n","protected":false},"excerpt":{"rendered":"<p>Seg\u00fan afirm\u00f3 el presidente de la Sociedad Argentina de Pediatr\u00eda (SAP), Pablo Moreno, \u00absolamente el 41% de los chicos\u00bb de 3 a 11 a\u00f1os tiene aplicada la segunda dosis contra el coronavirus, mientras que \u00aben los adolescentes entre 12 y 17 a\u00f1os, un 62% tiene aplicada las dos dosis\u00bb. En un contexto de fuerte avance [&hellip;]<\/p>\n","protected":false},"author":2,"featured_media":12088,"comment_status":"open","ping_status":"open","sticky":false,"template":"","format":"standard","meta":{"footnotes":""},"categories":[22],"tags":[],"class_list":["post-12087","post","type-post","status-publish","format-standard","has-post-thumbnail","hentry","category-salud"],"yoast_head":"<!-- This site is optimized with the Yoast SEO plugin v27.5 - https:\/\/yoast.com\/product\/yoast-seo-wordpress\/ -->\n<title>&quot;Para salir de la pandemia&quot;: la Sociedad de Pediatr\u00eda pidi\u00f3 vacunar a los ni\u00f1os | CVI NOTICIAS<\/title>\n<meta name=\"robots\" content=\"index, follow, max-snippet:-1, max-image-preview:large, max-video-preview:-1\" \/>\n<link rel=\"canonical\" href=\"https:\/\/cvinoticias.com\/v3\/para-salir-de-la-pandemia-la-sociedad-de-pediatria-pidio-vacunar-a-los-ninos\/\" \/>\n<meta property=\"og:locale\" content=\"es_ES\" \/>\n<meta property=\"og:type\" content=\"article\" \/>\n<meta property=\"og:title\" content=\"&quot;Para salir de la pandemia&quot;: la Sociedad de Pediatr\u00eda pidi\u00f3 vacunar a los ni\u00f1os | CVI NOTICIAS\" \/>\n<meta property=\"og:description\" content=\"Seg\u00fan afirm\u00f3 el presidente de la Sociedad Argentina de Pediatr\u00eda (SAP), Pablo Moreno, \u00absolamente el 41% de los chicos\u00bb de 3 a 11 a\u00f1os tiene aplicada la segunda dosis contra el coronavirus, mientras que \u00aben los adolescentes entre 12 y 17 a\u00f1os, un 62% tiene aplicada las dos dosis\u00bb. En un contexto de fuerte avance [&hellip;]\" \/>\n<meta property=\"og:url\" content=\"https:\/\/cvinoticias.com\/v3\/para-salir-de-la-pandemia-la-sociedad-de-pediatria-pidio-vacunar-a-los-ninos\/\" \/>\n<meta property=\"og:site_name\" content=\"CVI NOTICIAS\" \/>\n<meta property=\"article:publisher\" content=\"https:\/\/www.facebook.com\/cvinoticias\" \/>\n<meta property=\"article:published_time\" content=\"2022-01-08T13:29:36+00:00\" \/>\n<meta property=\"og:image\" content=\"https:\/\/cvinoticias.com\/wp-content\/uploads\/2022\/01\/IMG-20220108-WA0016.jpg\" \/>\n\t<meta property=\"og:image:width\" content=\"756\" \/>\n\t<meta property=\"og:image:height\" content=\"1600\" \/>\n\t<meta property=\"og:image:type\" content=\"image\/jpeg\" \/>\n<meta name=\"author\" content=\"f1000024\" \/>\n<meta name=\"twitter:card\" content=\"summary_large_image\" \/>\n<meta name=\"twitter:label1\" content=\"Escrito por\" \/>\n\t<meta name=\"twitter:data1\" content=\"f1000024\" \/>\n\t<meta name=\"twitter:label2\" content=\"Tiempo de lectura\" \/>\n\t<meta name=\"twitter:data2\" content=\"2 minutos\" \/>\n<script type=\"application\/ld+json\" class=\"yoast-schema-graph\">{\"@context\":\"https:\\\/\\\/schema.org\",\"@graph\":[{\"@type\":\"Article\",\"@id\":\"https:\\\/\\\/cvinoticias.com\\\/v3\\\/para-salir-de-la-pandemia-la-sociedad-de-pediatria-pidio-vacunar-a-los-ninos\\\/#article\",\"isPartOf\":{\"@id\":\"https:\\\/\\\/cvinoticias.com\\\/v3\\\/para-salir-de-la-pandemia-la-sociedad-de-pediatria-pidio-vacunar-a-los-ninos\\\/\"},\"author\":{\"name\":\"f1000024\",\"@id\":\"https:\\\/\\\/cvinoticias.com\\\/v3\\\/#\\\/schema\\\/person\\\/2db77e3c6bc03c538495d7b2b8be9b66\"},\"headline\":\"\u00abPara salir de la pandemia\u00bb: la Sociedad de Pediatr\u00eda pidi\u00f3 vacunar a los ni\u00f1os\",\"datePublished\":\"2022-01-08T13:29:36+00:00\",\"mainEntityOfPage\":{\"@id\":\"https:\\\/\\\/cvinoticias.com\\\/v3\\\/para-salir-de-la-pandemia-la-sociedad-de-pediatria-pidio-vacunar-a-los-ninos\\\/\"},\"wordCount\":348,\"commentCount\":0,\"publisher\":{\"@id\":\"https:\\\/\\\/cvinoticias.com\\\/v3\\\/#organization\"},\"image\":{\"@id\":\"https:\\\/\\\/cvinoticias.com\\\/v3\\\/para-salir-de-la-pandemia-la-sociedad-de-pediatria-pidio-vacunar-a-los-ninos\\\/#primaryimage\"},\"thumbnailUrl\":\"https:\\\/\\\/cvinoticias.com\\\/wp-content\\\/uploads\\\/2022\\\/01\\\/IMG-20220108-WA0016.jpg\",\"articleSection\":[\"Salud\"],\"inLanguage\":\"es\",\"potentialAction\":[{\"@type\":\"CommentAction\",\"name\":\"Comment\",\"target\":[\"https:\\\/\\\/cvinoticias.com\\\/v3\\\/para-salir-de-la-pandemia-la-sociedad-de-pediatria-pidio-vacunar-a-los-ninos\\\/#respond\"]}]},{\"@type\":\"WebPage\",\"@id\":\"https:\\\/\\\/cvinoticias.com\\\/v3\\\/para-salir-de-la-pandemia-la-sociedad-de-pediatria-pidio-vacunar-a-los-ninos\\\/\",\"url\":\"https:\\\/\\\/cvinoticias.com\\\/v3\\\/para-salir-de-la-pandemia-la-sociedad-de-pediatria-pidio-vacunar-a-los-ninos\\\/\",\"name\":\"\\\"Para salir de la pandemia\\\": la Sociedad de Pediatr\u00eda pidi\u00f3 vacunar a los ni\u00f1os | CVI NOTICIAS\",\"isPartOf\":{\"@id\":\"https:\\\/\\\/cvinoticias.com\\\/v3\\\/#website\"},\"primaryImageOfPage\":{\"@id\":\"https:\\\/\\\/cvinoticias.com\\\/v3\\\/para-salir-de-la-pandemia-la-sociedad-de-pediatria-pidio-vacunar-a-los-ninos\\\/#primaryimage\"},\"image\":{\"@id\":\"https:\\\/\\\/cvinoticias.com\\\/v3\\\/para-salir-de-la-pandemia-la-sociedad-de-pediatria-pidio-vacunar-a-los-ninos\\\/#primaryimage\"},\"thumbnailUrl\":\"https:\\\/\\\/cvinoticias.com\\\/wp-content\\\/uploads\\\/2022\\\/01\\\/IMG-20220108-WA0016.jpg\",\"datePublished\":\"2022-01-08T13:29:36+00:00\",\"breadcrumb\":{\"@id\":\"https:\\\/\\\/cvinoticias.com\\\/v3\\\/para-salir-de-la-pandemia-la-sociedad-de-pediatria-pidio-vacunar-a-los-ninos\\\/#breadcrumb\"},\"inLanguage\":\"es\",\"potentialAction\":[{\"@type\":\"ReadAction\",\"target\":[\"https:\\\/\\\/cvinoticias.com\\\/v3\\\/para-salir-de-la-pandemia-la-sociedad-de-pediatria-pidio-vacunar-a-los-ninos\\\/\"]}]},{\"@type\":\"ImageObject\",\"inLanguage\":\"es\",\"@id\":\"https:\\\/\\\/cvinoticias.com\\\/v3\\\/para-salir-de-la-pandemia-la-sociedad-de-pediatria-pidio-vacunar-a-los-ninos\\\/#primaryimage\",\"url\":\"https:\\\/\\\/cvinoticias.com\\\/wp-content\\\/uploads\\\/2022\\\/01\\\/IMG-20220108-WA0016.jpg\",\"contentUrl\":\"https:\\\/\\\/cvinoticias.com\\\/wp-content\\\/uploads\\\/2022\\\/01\\\/IMG-20220108-WA0016.jpg\",\"width\":756,\"height\":1600},{\"@type\":\"BreadcrumbList\",\"@id\":\"https:\\\/\\\/cvinoticias.com\\\/v3\\\/para-salir-de-la-pandemia-la-sociedad-de-pediatria-pidio-vacunar-a-los-ninos\\\/#breadcrumb\",\"itemListElement\":[{\"@type\":\"ListItem\",\"position\":1,\"name\":\"Portada\",\"item\":\"https:\\\/\\\/cvinoticias.com\\\/v3\\\/\"},{\"@type\":\"ListItem\",\"position\":2,\"name\":\"\u00abPara salir de la pandemia\u00bb: la Sociedad de Pediatr\u00eda pidi\u00f3 vacunar a los ni\u00f1os\"}]},{\"@type\":\"WebSite\",\"@id\":\"https:\\\/\\\/cvinoticias.com\\\/v3\\\/#website\",\"url\":\"https:\\\/\\\/cvinoticias.com\\\/v3\\\/\",\"name\":\"CVI NOTICIAS\",\"description\":\"\",\"publisher\":{\"@id\":\"https:\\\/\\\/cvinoticias.com\\\/v3\\\/#organization\"},\"alternateName\":\"CVI\",\"potentialAction\":[{\"@type\":\"SearchAction\",\"target\":{\"@type\":\"EntryPoint\",\"urlTemplate\":\"https:\\\/\\\/cvinoticias.com\\\/v3\\\/?s={search_term_string}\"},\"query-input\":{\"@type\":\"PropertyValueSpecification\",\"valueRequired\":true,\"valueName\":\"search_term_string\"}}],\"inLanguage\":\"es\"},{\"@type\":\"Organization\",\"@id\":\"https:\\\/\\\/cvinoticias.com\\\/v3\\\/#organization\",\"name\":\"CVI NOTICIAS\",\"url\":\"https:\\\/\\\/cvinoticias.com\\\/v3\\\/\",\"logo\":{\"@type\":\"ImageObject\",\"inLanguage\":\"es\",\"@id\":\"https:\\\/\\\/cvinoticias.com\\\/v3\\\/#\\\/schema\\\/logo\\\/image\\\/\",\"url\":\"https:\\\/\\\/cvinoticias.com\\\/wp-content\\\/uploads\\\/2023\\\/04\\\/cropped-cropped-cropped-cropped-cropped-3-1.png\",\"contentUrl\":\"https:\\\/\\\/cvinoticias.com\\\/wp-content\\\/uploads\\\/2023\\\/04\\\/cropped-cropped-cropped-cropped-cropped-3-1.png\",\"width\":95,\"height\":122,\"caption\":\"CVI NOTICIAS\"},\"image\":{\"@id\":\"https:\\\/\\\/cvinoticias.com\\\/v3\\\/#\\\/schema\\\/logo\\\/image\\\/\"},\"sameAs\":[\"https:\\\/\\\/www.facebook.com\\\/cvinoticias\",\"https:\\\/\\\/www.instagram.com\\\/cvinoticias\\\/\",\"https:\\\/\\\/www.youtube.com\\\/@CVINOTICIAS\"]},{\"@type\":\"Person\",\"@id\":\"https:\\\/\\\/cvinoticias.com\\\/v3\\\/#\\\/schema\\\/person\\\/2db77e3c6bc03c538495d7b2b8be9b66\",\"name\":\"f1000024\",\"image\":{\"@type\":\"ImageObject\",\"inLanguage\":\"es\",\"@id\":\"https:\\\/\\\/secure.gravatar.com\\\/avatar\\\/d4fe7459cfc51ff5129ce1a732bbef5928568b8092d412ef95611616376bbeed?s=96&d=mm&r=g\",\"url\":\"https:\\\/\\\/secure.gravatar.com\\\/avatar\\\/d4fe7459cfc51ff5129ce1a732bbef5928568b8092d412ef95611616376bbeed?s=96&d=mm&r=g\",\"contentUrl\":\"https:\\\/\\\/secure.gravatar.com\\\/avatar\\\/d4fe7459cfc51ff5129ce1a732bbef5928568b8092d412ef95611616376bbeed?s=96&d=mm&r=g\",\"caption\":\"f1000024\"},\"url\":\"https:\\\/\\\/cvinoticias.com\\\/v3\\\/author\\\/f1000024\\\/\"}]}<\/script>\n<!-- \/ Yoast SEO plugin. -->","yoast_head_json":{"title":"\"Para salir de la pandemia\": la Sociedad de Pediatr\u00eda pidi\u00f3 vacunar a los ni\u00f1os | CVI NOTICIAS","robots":{"index":"index","follow":"follow","max-snippet":"max-snippet:-1","max-image-preview":"max-image-preview:large","max-video-preview":"max-video-preview:-1"},"canonical":"https:\/\/cvinoticias.com\/v3\/para-salir-de-la-pandemia-la-sociedad-de-pediatria-pidio-vacunar-a-los-ninos\/","og_locale":"es_ES","og_type":"article","og_title":"\"Para salir de la pandemia\": la Sociedad de Pediatr\u00eda pidi\u00f3 vacunar a los ni\u00f1os | CVI NOTICIAS","og_description":"Seg\u00fan afirm\u00f3 el presidente de la Sociedad Argentina de Pediatr\u00eda (SAP), Pablo Moreno, \u00absolamente el 41% de los chicos\u00bb de 3 a 11 a\u00f1os tiene aplicada la segunda dosis contra el coronavirus, mientras que \u00aben los adolescentes entre 12 y 17 a\u00f1os, un 62% tiene aplicada las dos dosis\u00bb. En un contexto de fuerte avance [&hellip;]","og_url":"https:\/\/cvinoticias.com\/v3\/para-salir-de-la-pandemia-la-sociedad-de-pediatria-pidio-vacunar-a-los-ninos\/","og_site_name":"CVI NOTICIAS","article_publisher":"https:\/\/www.facebook.com\/cvinoticias","article_published_time":"2022-01-08T13:29:36+00:00","og_image":[{"width":756,"height":1600,"url":"https:\/\/cvinoticias.com\/wp-content\/uploads\/2022\/01\/IMG-20220108-WA0016.jpg","type":"image\/jpeg"}],"author":"f1000024","twitter_card":"summary_large_image","twitter_misc":{"Escrito por":"f1000024","Tiempo de lectura":"2 minutos"},"schema":{"@context":"https:\/\/schema.org","@graph":[{"@type":"Article","@id":"https:\/\/cvinoticias.com\/v3\/para-salir-de-la-pandemia-la-sociedad-de-pediatria-pidio-vacunar-a-los-ninos\/#article","isPartOf":{"@id":"https:\/\/cvinoticias.com\/v3\/para-salir-de-la-pandemia-la-sociedad-de-pediatria-pidio-vacunar-a-los-ninos\/"},"author":{"name":"f1000024","@id":"https:\/\/cvinoticias.com\/v3\/#\/schema\/person\/2db77e3c6bc03c538495d7b2b8be9b66"},"headline":"\u00abPara salir de la pandemia\u00bb: la Sociedad de Pediatr\u00eda pidi\u00f3 vacunar a los ni\u00f1os","datePublished":"2022-01-08T13:29:36+00:00","mainEntityOfPage":{"@id":"https:\/\/cvinoticias.com\/v3\/para-salir-de-la-pandemia-la-sociedad-de-pediatria-pidio-vacunar-a-los-ninos\/"},"wordCount":348,"commentCount":0,"publisher":{"@id":"https:\/\/cvinoticias.com\/v3\/#organization"},"image":{"@id":"https:\/\/cvinoticias.com\/v3\/para-salir-de-la-pandemia-la-sociedad-de-pediatria-pidio-vacunar-a-los-ninos\/#primaryimage"},"thumbnailUrl":"https:\/\/cvinoticias.com\/wp-content\/uploads\/2022\/01\/IMG-20220108-WA0016.jpg","articleSection":["Salud"],"inLanguage":"es","potentialAction":[{"@type":"CommentAction","name":"Comment","target":["https:\/\/cvinoticias.com\/v3\/para-salir-de-la-pandemia-la-sociedad-de-pediatria-pidio-vacunar-a-los-ninos\/#respond"]}]},{"@type":"WebPage","@id":"https:\/\/cvinoticias.com\/v3\/para-salir-de-la-pandemia-la-sociedad-de-pediatria-pidio-vacunar-a-los-ninos\/","url":"https:\/\/cvinoticias.com\/v3\/para-salir-de-la-pandemia-la-sociedad-de-pediatria-pidio-vacunar-a-los-ninos\/","name":"\"Para salir de la pandemia\": la Sociedad de Pediatr\u00eda pidi\u00f3 vacunar a los ni\u00f1os | CVI NOTICIAS","isPartOf":{"@id":"https:\/\/cvinoticias.com\/v3\/#website"},"primaryImageOfPage":{"@id":"https:\/\/cvinoticias.com\/v3\/para-salir-de-la-pandemia-la-sociedad-de-pediatria-pidio-vacunar-a-los-ninos\/#primaryimage"},"image":{"@id":"https:\/\/cvinoticias.com\/v3\/para-salir-de-la-pandemia-la-sociedad-de-pediatria-pidio-vacunar-a-los-ninos\/#primaryimage"},"thumbnailUrl":"https:\/\/cvinoticias.com\/wp-content\/uploads\/2022\/01\/IMG-20220108-WA0016.jpg","datePublished":"2022-01-08T13:29:36+00:00","breadcrumb":{"@id":"https:\/\/cvinoticias.com\/v3\/para-salir-de-la-pandemia-la-sociedad-de-pediatria-pidio-vacunar-a-los-ninos\/#breadcrumb"},"inLanguage":"es","potentialAction":[{"@type":"ReadAction","target":["https:\/\/cvinoticias.com\/v3\/para-salir-de-la-pandemia-la-sociedad-de-pediatria-pidio-vacunar-a-los-ninos\/"]}]},{"@type":"ImageObject","inLanguage":"es","@id":"https:\/\/cvinoticias.com\/v3\/para-salir-de-la-pandemia-la-sociedad-de-pediatria-pidio-vacunar-a-los-ninos\/#primaryimage","url":"https:\/\/cvinoticias.com\/wp-content\/uploads\/2022\/01\/IMG-20220108-WA0016.jpg","contentUrl":"https:\/\/cvinoticias.com\/wp-content\/uploads\/2022\/01\/IMG-20220108-WA0016.jpg","width":756,"height":1600},{"@type":"BreadcrumbList","@id":"https:\/\/cvinoticias.com\/v3\/para-salir-de-la-pandemia-la-sociedad-de-pediatria-pidio-vacunar-a-los-ninos\/#breadcrumb","itemListElement":[{"@type":"ListItem","position":1,"name":"Portada","item":"https:\/\/cvinoticias.com\/v3\/"},{"@type":"ListItem","position":2,"name":"\u00abPara salir de la pandemia\u00bb: la Sociedad de Pediatr\u00eda pidi\u00f3 vacunar a los ni\u00f1os"}]},{"@type":"WebSite","@id":"https:\/\/cvinoticias.com\/v3\/#website","url":"https:\/\/cvinoticias.com\/v3\/","name":"CVI NOTICIAS","description":"","publisher":{"@id":"https:\/\/cvinoticias.com\/v3\/#organization"},"alternateName":"CVI","potentialAction":[{"@type":"SearchAction","target":{"@type":"EntryPoint","urlTemplate":"https:\/\/cvinoticias.com\/v3\/?s={search_term_string}"},"query-input":{"@type":"PropertyValueSpecification","valueRequired":true,"valueName":"search_term_string"}}],"inLanguage":"es"},{"@type":"Organization","@id":"https:\/\/cvinoticias.com\/v3\/#organization","name":"CVI NOTICIAS","url":"https:\/\/cvinoticias.com\/v3\/","logo":{"@type":"ImageObject","inLanguage":"es","@id":"https:\/\/cvinoticias.com\/v3\/#\/schema\/logo\/image\/","url":"https:\/\/cvinoticias.com\/wp-content\/uploads\/2023\/04\/cropped-cropped-cropped-cropped-cropped-3-1.png","contentUrl":"https:\/\/cvinoticias.com\/wp-content\/uploads\/2023\/04\/cropped-cropped-cropped-cropped-cropped-3-1.png","width":95,"height":122,"caption":"CVI NOTICIAS"},"image":{"@id":"https:\/\/cvinoticias.com\/v3\/#\/schema\/logo\/image\/"},"sameAs":["https:\/\/www.facebook.com\/cvinoticias","https:\/\/www.instagram.com\/cvinoticias\/","https:\/\/www.youtube.com\/@CVINOTICIAS"]},{"@type":"Person","@id":"https:\/\/cvinoticias.com\/v3\/#\/schema\/person\/2db77e3c6bc03c538495d7b2b8be9b66","name":"f1000024","image":{"@type":"ImageObject","inLanguage":"es","@id":"https:\/\/secure.gravatar.com\/avatar\/d4fe7459cfc51ff5129ce1a732bbef5928568b8092d412ef95611616376bbeed?s=96&d=mm&r=g","url":"https:\/\/secure.gravatar.com\/avatar\/d4fe7459cfc51ff5129ce1a732bbef5928568b8092d412ef95611616376bbeed?s=96&d=mm&r=g","contentUrl":"https:\/\/secure.gravatar.com\/avatar\/d4fe7459cfc51ff5129ce1a732bbef5928568b8092d412ef95611616376bbeed?s=96&d=mm&r=g","caption":"f1000024"},"url":"https:\/\/cvinoticias.com\/v3\/author\/f1000024\/"}]}},"_links":{"self":[{"href":"https:\/\/cvinoticias.com\/v3\/wp-json\/wp\/v2\/posts\/12087","targetHints":{"allow":["GET"]}}],"collection":[{"href":"https:\/\/cvinoticias.com\/v3\/wp-json\/wp\/v2\/posts"}],"about":[{"href":"https:\/\/cvinoticias.com\/v3\/wp-json\/wp\/v2\/types\/post"}],"author":[{"embeddable":true,"href":"https:\/\/cvinoticias.com\/v3\/wp-json\/wp\/v2\/users\/2"}],"replies":[{"embeddable":true,"href":"https:\/\/cvinoticias.com\/v3\/wp-json\/wp\/v2\/comments?post=12087"}],"version-history":[{"count":1,"href":"https:\/\/cvinoticias.com\/v3\/wp-json\/wp\/v2\/posts\/12087\/revisions"}],"predecessor-version":[{"id":12089,"href":"https:\/\/cvinoticias.com\/v3\/wp-json\/wp\/v2\/posts\/12087\/revisions\/12089"}],"wp:featuredmedia":[{"embeddable":true,"href":"https:\/\/cvinoticias.com\/v3\/wp-json\/wp\/v2\/media\/12088"}],"wp:attachment":[{"href":"https:\/\/cvinoticias.com\/v3\/wp-json\/wp\/v2\/media?parent=12087"}],"wp:term":[{"taxonomy":"category","embeddable":true,"href":"https:\/\/cvinoticias.com\/v3\/wp-json\/wp\/v2\/categories?post=12087"},{"taxonomy":"post_tag","embeddable":true,"href":"https:\/\/cvinoticias.com\/v3\/wp-json\/wp\/v2\/tags?post=12087"}],"curies":[{"name":"wp","href":"https:\/\/api.w.org\/{rel}","templated":true}]}}