{"id":12078,"date":"2022-01-08T12:37:04","date_gmt":"2022-01-08T12:37:04","guid":{"rendered":"https:\/\/cvinoticias.com\/v3\/?p=12078"},"modified":"2022-01-08T12:37:50","modified_gmt":"2022-01-08T12:37:50","slug":"brote-de-botulismo-ya-son-seis-los-pacientes-en-terapia-intensiva","status":"publish","type":"post","link":"https:\/\/cvinoticias.com\/v3\/brote-de-botulismo-ya-son-seis-los-pacientes-en-terapia-intensiva\/","title":{"rendered":"Brote de botulismo: ya son seis los pacientes en terapia intensiva"},"content":{"rendered":"\n<p><strong><em>Son tres adultos y tres ni\u00f1os, quienes evolucionan favorablemente, pero a\u00fan est\u00e1n en estado cr\u00edtico.\u00a0 El alimento causante de la intoxicaci\u00f3n ser\u00edan fiambres producidos por los fallecidos. Salud P\u00fablica alert\u00f3 a los vecinos de Andresito que pudieron comprarlos para que no los consuman<\/em><\/strong>.<\/p>\n\n\n\n<p>Todo comenz\u00f3 este jueves con el fallecimiento de dos personas, Marcelo Hupcher de 39 a\u00f1os y Yolanda Katz de 77 a\u00f1os, ambos con s\u00edntomas compatibles con botulismo, una intoxicaci\u00f3n grave producida por alimentos contaminados con la bacteria Clostridium botulinum.\u00a0El hombre muri\u00f3 en la ambulancia mientras era trasladado al hospital de Eldorado y la mujer poco despu\u00e9s de ingresar.<\/p>\n\n\n\n<p>Cuando las autoridades sanitarias provinciales y municipales investigaban en terreno la causa de ambas muertes,\u00a0otras cuatro personas debieron ser ingresadas ayer al mediod\u00eda a terapia intensiva del SAMIC de Eldorado.\u00a0Estos cuatro pacientes, entre ellos un ni\u00f1o,\u00a0tienen v\u00ednculo directo con los fallecidos, unos por ser familiares y otros por ser vecinos.\u00a0Ayer por la tarde, ingres\u00f3 un quinto paciente al SAMIC de Eldorado derivado de Andresito,\u2008un ni\u00f1o de ocho a\u00f1os, tambi\u00e9n vecino de los fallecidos y finalmente, dos horas despu\u00e9s ingres\u00f3 otro peque\u00f1o, tambi\u00e9n de ocho a\u00f1os, con los mismos s\u00edntomas.<\/p>\n\n\n\n<p>En di\u00e1logo con\u00a0este medio el ministro de Salud, Oscar Alarc\u00f3n, confirm\u00f3 que el equipo de Salud de la Zona Noreste retomar\u00e1 la tarea de rastrillaje en el barrio donde residen todos los afectados hasta el momento.\u00a0\u201cVamos a instalar un m\u00f3vil sanitario, tipo un Centro de Atenci\u00f3n Primaria de la Salud (CAPS) m\u00f3vil que permanecer\u00e1 hasta que pase esta situaci\u00f3n de riesgo\u201d, anunci\u00f3 Alarc\u00f3n.<\/p>\n\n\n\n<h3 class=\"wp-block-heading\"><strong>R\u00e1pida involuci\u00f3n<\/strong><\/h3>\n\n\n\n<p>Los s\u00edntomas neurol\u00f3gicos del botulismo de origen alimentario suelen manifestarse al cabo de 12 a 36 horas, y mientras m\u00e1s breve es el per\u00edodo de incubaci\u00f3n, m\u00e1s grave es la enfermedad\u00a0y mayor la tasa de letalidad. En este caso, la involuci\u00f3n de los pacientes se evidenci\u00f3 a un ritmo vertiginoso.<\/p>\n\n\n\n<p>Seg\u00fan precis\u00f3 el ministro de Salud P\u00fablica, Oscar Alarc\u00f3n,\u00a0\u201cel primer paciente pedi\u00e1trico ingres\u00f3 a la terapia intensiva e inmediatamente pas\u00f3 a respirador porque su estado es cr\u00edtico. Lo acompa\u00f1\u00f3 su pap\u00e1 quien poco despu\u00e9s empez\u00f3 a sentirse mal, se descompens\u00f3 y en cuesti\u00f3n de minutos tambi\u00e9n ingres\u00f3 a terapia intensiva y ya se eval\u00faa pasarlo a asistencia respiratoria\u2026 as\u00ed de r\u00e1pido se est\u00e1 manifestando la enfermedad que, aunque a\u00fan no confirmamos por laboratorio, cl\u00ednica y epidemiol\u00f3gicamente fue diagnosticada como botulismo\u201d,\u00a0remarc\u00f3.<\/p>\n\n\n\n<h3 class=\"wp-block-heading\"><strong>Carrera para salvar vidas<\/strong><\/h3>\n\n\n\n<p>Los casos de botulismo son raros y espor\u00e1dicos. Por eso, la provincia s\u00f3lo contaba con el suero antibotul\u00ednico para tratar a una persona y debi\u00f3 desplegar un operativo a contrarreloj para conseguir las ampollas necesarias para tratar de salvar la vida de los pacientes internados y de otras personas que pueden presentar s\u00edntomas compatibles en las pr\u00f3ximas horas.<\/p>\n\n\n\n<p>Para poder ganar cuatro o cinco horas, el ministro Alarc\u00f3n y el gobernador Oscar Herrera Ahuad descartaron ayer al mediod\u00eda buscar con el helic\u00f3ptero oficial las 50 ampollas que tiene en stock el Ministerio de Salud de la Naci\u00f3n. En vez de ello, se contrat\u00f3 los servicios de un avi\u00f3n sanitario.<\/p>\n\n\n\n<p>\u201cEl helic\u00f3ptero tarda alrededor de cinco horas porque tiene que hacer una parada para cargar combustible y es un poco m\u00e1s lento. Por eso, para poder ganar algo de tiempo se opt\u00f3 por un avi\u00f3n sanitario\u2026 estamos haciendo todo lo posible para tratar de salvar la vida de los pacientes internados\u201d,\u00a0cont\u00f3 el ministro de Salud P\u00fablica.<\/p>\n\n\n\n<figure class=\"wp-block-image size-large\"><a href=\"https:\/\/cvinoticias.com\/wp-content\/uploads\/2022\/01\/Screenshot_20220108-093442_Facebook.jpg\"><img decoding=\"async\" width=\"897\" height=\"1024\" data-src=\"https:\/\/cvinoticias.com\/wp-content\/uploads\/2022\/01\/Screenshot_20220108-093442_Facebook-897x1024.jpg\" alt=\"\" class=\"wp-image-12080 lazyload\" data-srcset=\"https:\/\/cvinoticias.com\/wp-content\/uploads\/2022\/01\/Screenshot_20220108-093442_Facebook-897x1024.jpg 897w, https:\/\/cvinoticias.com\/wp-content\/uploads\/2022\/01\/Screenshot_20220108-093442_Facebook-263x300.jpg 263w, https:\/\/cvinoticias.com\/wp-content\/uploads\/2022\/01\/Screenshot_20220108-093442_Facebook-768x877.jpg 768w, https:\/\/cvinoticias.com\/wp-content\/uploads\/2022\/01\/Screenshot_20220108-093442_Facebook.jpg 951w\" data-sizes=\"(max-width: 897px) 100vw, 897px\" src=\"data:image\/svg+xml;base64,PHN2ZyB3aWR0aD0iMSIgaGVpZ2h0PSIxIiB4bWxucz0iaHR0cDovL3d3dy53My5vcmcvMjAwMC9zdmciPjwvc3ZnPg==\" style=\"--smush-placeholder-width: 897px; --smush-placeholder-aspect-ratio: 897\/1024;\" \/><\/a><\/figure>\n\n\n\n<p>La provincia de Corrientes era la \u00fanica jurisdicci\u00f3n vecina que contaba con el ant\u00eddoto pero s\u00f3lo para una persona y acept\u00f3 enviarlo a Misiones.<\/p>\n\n\n\n<p>\u201cCada paciente adulto requiere al menos dos ampollas y luego se administra de acuerdo a su evoluci\u00f3n; en los ni\u00f1os se indica una ampolla\u201d.\u00a0Este suero es tan escaso que Salud de la Naci\u00f3n tiene 50 ampollas para todas las jurisdicciones.<\/p>\n\n\n\n<p>Seg\u00fan confirm\u00f3 Alarc\u00f3n, este brote de botulismo que por ahora afect\u00f3 a ocho personas en Andresito\u00a0\u201cse cataloga como una emergencia nacional porque murieron dos personas tras haber consumido alimentos chacinados de producci\u00f3n propia que comercializaban con los vecinos de la zona. Y pocas horas despu\u00e9s comenzamos a recibir m\u00e1s pacientes con s\u00edntomas avanzados\u201d.\u00a0Tras la aplicaci\u00f3n del suero (que lleg\u00f3 a la provincia cerca de las 17),\u00a0los seis pacientes internados hasta el momento evolucionan favorablemente pero a\u00fan est\u00e1n en estado cr\u00edtico.\u00a0<\/p>\n\n\n\n<h3 class=\"wp-block-heading\"><strong>Se incautaron chacinados<\/strong><\/h3>\n\n\n\n<p>Seg\u00fan confirm\u00f3 Alarc\u00f3n, el director de Alimentaci\u00f3n de Salud P\u00fablica, Federico Pges Monz\u00f3n, y el equipo de Epidemiolog\u00eda trabajan en Andresito junto a Bromatolog\u00eda Municipal donde inspeccionaron la casa de las personas fallecidas, decomisaron los chacinados que encontraron en los freezer y encabezaron un rastrillaje por el barrio para ver si distribuyeron estos alimentos.<\/p>\n\n\n\n<p><strong>\u201cAlertamos a la comunidad que si compraron estos fiambres que no los consuman y consulten si advierten s\u00edntomas. Adem\u00e1s, el Hospital de Andresito est\u00e1 en alerta por si en las pr\u00f3ximas horas acuden m\u00e1s personas con s\u00edntomas y sean derivados de inmediato a un centro de mayor complejidad\u201d<\/strong>, indic\u00f3.<\/p>\n\n\n\n<h3 class=\"wp-block-heading\"><strong>Ingesti\u00f3n de alimentos con la toxina<\/strong><\/h3>\n\n\n\n<p><strong>El botulismo alimentario es la intoxicaci\u00f3n grave que surge despu\u00e9s de ingerir la toxina preformada presente en alimentos contaminados.<\/strong><\/p>\n\n\n\n<p>Desde el Ministerio de Salud P\u00fablica precisaron que el cuadro se caracteriza por ataque agudo y bilateral de pares craneales y par\u00e1lisis sim\u00e9trica de v\u00edas descendentes. El agente del botulismo alimentario es causado por las toxinas producidas por Clostridium botulinum.<\/p>\n\n\n\n<p>El botulismo alimentario se adquiere por ingesti\u00f3n de alimentos en los que se ha formado la toxina, principalmente por falta de higiene en la elaboraci\u00f3n, por cocci\u00f3n inadecuada previo o posterior al envasado o por contaminaci\u00f3n durante su uso. Los alimentos responsables de estas intoxicaciones suelen ser conservas caseras, embutidos, quesos, carnes y miel.<\/p>\n\n\n\n<p><\/p>\n\n\n\n<p><strong>Fuente: Primera Edici\u00f3n <\/strong><\/p>\n","protected":false},"excerpt":{"rendered":"<p>Son tres adultos y tres ni\u00f1os, quienes evolucionan favorablemente, pero a\u00fan est\u00e1n en estado cr\u00edtico.\u00a0 El alimento causante de la intoxicaci\u00f3n ser\u00edan fiambres producidos por los fallecidos. Salud P\u00fablica alert\u00f3 a los vecinos de Andresito que pudieron comprarlos para que no los consuman. Todo comenz\u00f3 este jueves con el fallecimiento de dos personas, Marcelo Hupcher [&hellip;]<\/p>\n","protected":false},"author":2,"featured_media":12079,"comment_status":"open","ping_status":"open","sticky":false,"template":"","format":"standard","meta":{"footnotes":""},"categories":[43,22],"tags":[],"class_list":["post-12078","post","type-post","status-publish","format-standard","has-post-thumbnail","hentry","category-provinciales","category-salud"],"yoast_head":"<!-- This site is optimized with the Yoast SEO plugin v27.5 - https:\/\/yoast.com\/product\/yoast-seo-wordpress\/ -->\n<title>Brote de botulismo: ya son seis los pacientes en terapia intensiva | CVI NOTICIAS<\/title>\n<meta name=\"robots\" content=\"index, follow, max-snippet:-1, max-image-preview:large, max-video-preview:-1\" \/>\n<link rel=\"canonical\" href=\"https:\/\/cvinoticias.com\/v3\/brote-de-botulismo-ya-son-seis-los-pacientes-en-terapia-intensiva\/\" \/>\n<meta property=\"og:locale\" content=\"es_ES\" \/>\n<meta property=\"og:type\" content=\"article\" \/>\n<meta property=\"og:title\" content=\"Brote de botulismo: ya son seis los pacientes en terapia intensiva | CVI NOTICIAS\" \/>\n<meta property=\"og:description\" content=\"Son tres adultos y tres ni\u00f1os, quienes evolucionan favorablemente, pero a\u00fan est\u00e1n en estado cr\u00edtico.\u00a0 El alimento causante de la intoxicaci\u00f3n ser\u00edan fiambres producidos por los fallecidos. Salud P\u00fablica alert\u00f3 a los vecinos de Andresito que pudieron comprarlos para que no los consuman. Todo comenz\u00f3 este jueves con el fallecimiento de dos personas, Marcelo Hupcher [&hellip;]\" \/>\n<meta property=\"og:url\" content=\"https:\/\/cvinoticias.com\/v3\/brote-de-botulismo-ya-son-seis-los-pacientes-en-terapia-intensiva\/\" \/>\n<meta property=\"og:site_name\" content=\"CVI NOTICIAS\" \/>\n<meta property=\"article:publisher\" content=\"https:\/\/www.facebook.com\/cvinoticias\" \/>\n<meta property=\"article:published_time\" content=\"2022-01-08T12:37:04+00:00\" \/>\n<meta property=\"article:modified_time\" content=\"2022-01-08T12:37:50+00:00\" \/>\n<meta property=\"og:image\" content=\"https:\/\/cvinoticias.com\/wp-content\/uploads\/2022\/01\/paciente-coma.jpg\" \/>\n\t<meta property=\"og:image:width\" content=\"1920\" \/>\n\t<meta property=\"og:image:height\" content=\"1080\" \/>\n\t<meta property=\"og:image:type\" content=\"image\/jpeg\" \/>\n<meta name=\"author\" content=\"f1000024\" \/>\n<meta name=\"twitter:card\" content=\"summary_large_image\" \/>\n<meta name=\"twitter:label1\" content=\"Escrito por\" \/>\n\t<meta name=\"twitter:data1\" content=\"f1000024\" \/>\n\t<meta name=\"twitter:label2\" content=\"Tiempo de lectura\" \/>\n\t<meta name=\"twitter:data2\" content=\"5 minutos\" \/>\n<script type=\"application\/ld+json\" class=\"yoast-schema-graph\">{\"@context\":\"https:\\\/\\\/schema.org\",\"@graph\":[{\"@type\":\"Article\",\"@id\":\"https:\\\/\\\/cvinoticias.com\\\/v3\\\/brote-de-botulismo-ya-son-seis-los-pacientes-en-terapia-intensiva\\\/#article\",\"isPartOf\":{\"@id\":\"https:\\\/\\\/cvinoticias.com\\\/v3\\\/brote-de-botulismo-ya-son-seis-los-pacientes-en-terapia-intensiva\\\/\"},\"author\":{\"name\":\"f1000024\",\"@id\":\"https:\\\/\\\/cvinoticias.com\\\/v3\\\/#\\\/schema\\\/person\\\/2db77e3c6bc03c538495d7b2b8be9b66\"},\"headline\":\"Brote de botulismo: ya son seis los pacientes en terapia intensiva\",\"datePublished\":\"2022-01-08T12:37:04+00:00\",\"dateModified\":\"2022-01-08T12:37:50+00:00\",\"mainEntityOfPage\":{\"@id\":\"https:\\\/\\\/cvinoticias.com\\\/v3\\\/brote-de-botulismo-ya-son-seis-los-pacientes-en-terapia-intensiva\\\/\"},\"wordCount\":1052,\"commentCount\":0,\"publisher\":{\"@id\":\"https:\\\/\\\/cvinoticias.com\\\/v3\\\/#organization\"},\"image\":{\"@id\":\"https:\\\/\\\/cvinoticias.com\\\/v3\\\/brote-de-botulismo-ya-son-seis-los-pacientes-en-terapia-intensiva\\\/#primaryimage\"},\"thumbnailUrl\":\"https:\\\/\\\/cvinoticias.com\\\/wp-content\\\/uploads\\\/2022\\\/01\\\/paciente-coma.jpg\",\"articleSection\":[\"Provinciales\",\"Salud\"],\"inLanguage\":\"es\",\"potentialAction\":[{\"@type\":\"CommentAction\",\"name\":\"Comment\",\"target\":[\"https:\\\/\\\/cvinoticias.com\\\/v3\\\/brote-de-botulismo-ya-son-seis-los-pacientes-en-terapia-intensiva\\\/#respond\"]}]},{\"@type\":\"WebPage\",\"@id\":\"https:\\\/\\\/cvinoticias.com\\\/v3\\\/brote-de-botulismo-ya-son-seis-los-pacientes-en-terapia-intensiva\\\/\",\"url\":\"https:\\\/\\\/cvinoticias.com\\\/v3\\\/brote-de-botulismo-ya-son-seis-los-pacientes-en-terapia-intensiva\\\/\",\"name\":\"Brote de botulismo: ya son seis los pacientes en terapia intensiva | CVI NOTICIAS\",\"isPartOf\":{\"@id\":\"https:\\\/\\\/cvinoticias.com\\\/v3\\\/#website\"},\"primaryImageOfPage\":{\"@id\":\"https:\\\/\\\/cvinoticias.com\\\/v3\\\/brote-de-botulismo-ya-son-seis-los-pacientes-en-terapia-intensiva\\\/#primaryimage\"},\"image\":{\"@id\":\"https:\\\/\\\/cvinoticias.com\\\/v3\\\/brote-de-botulismo-ya-son-seis-los-pacientes-en-terapia-intensiva\\\/#primaryimage\"},\"thumbnailUrl\":\"https:\\\/\\\/cvinoticias.com\\\/wp-content\\\/uploads\\\/2022\\\/01\\\/paciente-coma.jpg\",\"datePublished\":\"2022-01-08T12:37:04+00:00\",\"dateModified\":\"2022-01-08T12:37:50+00:00\",\"breadcrumb\":{\"@id\":\"https:\\\/\\\/cvinoticias.com\\\/v3\\\/brote-de-botulismo-ya-son-seis-los-pacientes-en-terapia-intensiva\\\/#breadcrumb\"},\"inLanguage\":\"es\",\"potentialAction\":[{\"@type\":\"ReadAction\",\"target\":[\"https:\\\/\\\/cvinoticias.com\\\/v3\\\/brote-de-botulismo-ya-son-seis-los-pacientes-en-terapia-intensiva\\\/\"]}]},{\"@type\":\"ImageObject\",\"inLanguage\":\"es\",\"@id\":\"https:\\\/\\\/cvinoticias.com\\\/v3\\\/brote-de-botulismo-ya-son-seis-los-pacientes-en-terapia-intensiva\\\/#primaryimage\",\"url\":\"https:\\\/\\\/cvinoticias.com\\\/wp-content\\\/uploads\\\/2022\\\/01\\\/paciente-coma.jpg\",\"contentUrl\":\"https:\\\/\\\/cvinoticias.com\\\/wp-content\\\/uploads\\\/2022\\\/01\\\/paciente-coma.jpg\",\"width\":1920,\"height\":1080},{\"@type\":\"BreadcrumbList\",\"@id\":\"https:\\\/\\\/cvinoticias.com\\\/v3\\\/brote-de-botulismo-ya-son-seis-los-pacientes-en-terapia-intensiva\\\/#breadcrumb\",\"itemListElement\":[{\"@type\":\"ListItem\",\"position\":1,\"name\":\"Portada\",\"item\":\"https:\\\/\\\/cvinoticias.com\\\/v3\\\/\"},{\"@type\":\"ListItem\",\"position\":2,\"name\":\"Brote de botulismo: ya son seis los pacientes en terapia intensiva\"}]},{\"@type\":\"WebSite\",\"@id\":\"https:\\\/\\\/cvinoticias.com\\\/v3\\\/#website\",\"url\":\"https:\\\/\\\/cvinoticias.com\\\/v3\\\/\",\"name\":\"CVI NOTICIAS\",\"description\":\"\",\"publisher\":{\"@id\":\"https:\\\/\\\/cvinoticias.com\\\/v3\\\/#organization\"},\"alternateName\":\"CVI\",\"potentialAction\":[{\"@type\":\"SearchAction\",\"target\":{\"@type\":\"EntryPoint\",\"urlTemplate\":\"https:\\\/\\\/cvinoticias.com\\\/v3\\\/?s={search_term_string}\"},\"query-input\":{\"@type\":\"PropertyValueSpecification\",\"valueRequired\":true,\"valueName\":\"search_term_string\"}}],\"inLanguage\":\"es\"},{\"@type\":\"Organization\",\"@id\":\"https:\\\/\\\/cvinoticias.com\\\/v3\\\/#organization\",\"name\":\"CVI NOTICIAS\",\"url\":\"https:\\\/\\\/cvinoticias.com\\\/v3\\\/\",\"logo\":{\"@type\":\"ImageObject\",\"inLanguage\":\"es\",\"@id\":\"https:\\\/\\\/cvinoticias.com\\\/v3\\\/#\\\/schema\\\/logo\\\/image\\\/\",\"url\":\"https:\\\/\\\/cvinoticias.com\\\/wp-content\\\/uploads\\\/2023\\\/04\\\/cropped-cropped-cropped-cropped-cropped-3-1.png\",\"contentUrl\":\"https:\\\/\\\/cvinoticias.com\\\/wp-content\\\/uploads\\\/2023\\\/04\\\/cropped-cropped-cropped-cropped-cropped-3-1.png\",\"width\":95,\"height\":122,\"caption\":\"CVI NOTICIAS\"},\"image\":{\"@id\":\"https:\\\/\\\/cvinoticias.com\\\/v3\\\/#\\\/schema\\\/logo\\\/image\\\/\"},\"sameAs\":[\"https:\\\/\\\/www.facebook.com\\\/cvinoticias\",\"https:\\\/\\\/www.instagram.com\\\/cvinoticias\\\/\",\"https:\\\/\\\/www.youtube.com\\\/@CVINOTICIAS\"]},{\"@type\":\"Person\",\"@id\":\"https:\\\/\\\/cvinoticias.com\\\/v3\\\/#\\\/schema\\\/person\\\/2db77e3c6bc03c538495d7b2b8be9b66\",\"name\":\"f1000024\",\"image\":{\"@type\":\"ImageObject\",\"inLanguage\":\"es\",\"@id\":\"https:\\\/\\\/secure.gravatar.com\\\/avatar\\\/d4fe7459cfc51ff5129ce1a732bbef5928568b8092d412ef95611616376bbeed?s=96&d=mm&r=g\",\"url\":\"https:\\\/\\\/secure.gravatar.com\\\/avatar\\\/d4fe7459cfc51ff5129ce1a732bbef5928568b8092d412ef95611616376bbeed?s=96&d=mm&r=g\",\"contentUrl\":\"https:\\\/\\\/secure.gravatar.com\\\/avatar\\\/d4fe7459cfc51ff5129ce1a732bbef5928568b8092d412ef95611616376bbeed?s=96&d=mm&r=g\",\"caption\":\"f1000024\"},\"url\":\"https:\\\/\\\/cvinoticias.com\\\/v3\\\/author\\\/f1000024\\\/\"}]}<\/script>\n<!-- \/ Yoast SEO plugin. -->","yoast_head_json":{"title":"Brote de botulismo: ya son seis los pacientes en terapia intensiva | CVI NOTICIAS","robots":{"index":"index","follow":"follow","max-snippet":"max-snippet:-1","max-image-preview":"max-image-preview:large","max-video-preview":"max-video-preview:-1"},"canonical":"https:\/\/cvinoticias.com\/v3\/brote-de-botulismo-ya-son-seis-los-pacientes-en-terapia-intensiva\/","og_locale":"es_ES","og_type":"article","og_title":"Brote de botulismo: ya son seis los pacientes en terapia intensiva | CVI NOTICIAS","og_description":"Son tres adultos y tres ni\u00f1os, quienes evolucionan favorablemente, pero a\u00fan est\u00e1n en estado cr\u00edtico.\u00a0 El alimento causante de la intoxicaci\u00f3n ser\u00edan fiambres producidos por los fallecidos. Salud P\u00fablica alert\u00f3 a los vecinos de Andresito que pudieron comprarlos para que no los consuman. Todo comenz\u00f3 este jueves con el fallecimiento de dos personas, Marcelo Hupcher [&hellip;]","og_url":"https:\/\/cvinoticias.com\/v3\/brote-de-botulismo-ya-son-seis-los-pacientes-en-terapia-intensiva\/","og_site_name":"CVI NOTICIAS","article_publisher":"https:\/\/www.facebook.com\/cvinoticias","article_published_time":"2022-01-08T12:37:04+00:00","article_modified_time":"2022-01-08T12:37:50+00:00","og_image":[{"width":1920,"height":1080,"url":"https:\/\/cvinoticias.com\/wp-content\/uploads\/2022\/01\/paciente-coma.jpg","type":"image\/jpeg"}],"author":"f1000024","twitter_card":"summary_large_image","twitter_misc":{"Escrito por":"f1000024","Tiempo de lectura":"5 minutos"},"schema":{"@context":"https:\/\/schema.org","@graph":[{"@type":"Article","@id":"https:\/\/cvinoticias.com\/v3\/brote-de-botulismo-ya-son-seis-los-pacientes-en-terapia-intensiva\/#article","isPartOf":{"@id":"https:\/\/cvinoticias.com\/v3\/brote-de-botulismo-ya-son-seis-los-pacientes-en-terapia-intensiva\/"},"author":{"name":"f1000024","@id":"https:\/\/cvinoticias.com\/v3\/#\/schema\/person\/2db77e3c6bc03c538495d7b2b8be9b66"},"headline":"Brote de botulismo: ya son seis los pacientes en terapia intensiva","datePublished":"2022-01-08T12:37:04+00:00","dateModified":"2022-01-08T12:37:50+00:00","mainEntityOfPage":{"@id":"https:\/\/cvinoticias.com\/v3\/brote-de-botulismo-ya-son-seis-los-pacientes-en-terapia-intensiva\/"},"wordCount":1052,"commentCount":0,"publisher":{"@id":"https:\/\/cvinoticias.com\/v3\/#organization"},"image":{"@id":"https:\/\/cvinoticias.com\/v3\/brote-de-botulismo-ya-son-seis-los-pacientes-en-terapia-intensiva\/#primaryimage"},"thumbnailUrl":"https:\/\/cvinoticias.com\/wp-content\/uploads\/2022\/01\/paciente-coma.jpg","articleSection":["Provinciales","Salud"],"inLanguage":"es","potentialAction":[{"@type":"CommentAction","name":"Comment","target":["https:\/\/cvinoticias.com\/v3\/brote-de-botulismo-ya-son-seis-los-pacientes-en-terapia-intensiva\/#respond"]}]},{"@type":"WebPage","@id":"https:\/\/cvinoticias.com\/v3\/brote-de-botulismo-ya-son-seis-los-pacientes-en-terapia-intensiva\/","url":"https:\/\/cvinoticias.com\/v3\/brote-de-botulismo-ya-son-seis-los-pacientes-en-terapia-intensiva\/","name":"Brote de botulismo: ya son seis los pacientes en terapia intensiva | CVI NOTICIAS","isPartOf":{"@id":"https:\/\/cvinoticias.com\/v3\/#website"},"primaryImageOfPage":{"@id":"https:\/\/cvinoticias.com\/v3\/brote-de-botulismo-ya-son-seis-los-pacientes-en-terapia-intensiva\/#primaryimage"},"image":{"@id":"https:\/\/cvinoticias.com\/v3\/brote-de-botulismo-ya-son-seis-los-pacientes-en-terapia-intensiva\/#primaryimage"},"thumbnailUrl":"https:\/\/cvinoticias.com\/wp-content\/uploads\/2022\/01\/paciente-coma.jpg","datePublished":"2022-01-08T12:37:04+00:00","dateModified":"2022-01-08T12:37:50+00:00","breadcrumb":{"@id":"https:\/\/cvinoticias.com\/v3\/brote-de-botulismo-ya-son-seis-los-pacientes-en-terapia-intensiva\/#breadcrumb"},"inLanguage":"es","potentialAction":[{"@type":"ReadAction","target":["https:\/\/cvinoticias.com\/v3\/brote-de-botulismo-ya-son-seis-los-pacientes-en-terapia-intensiva\/"]}]},{"@type":"ImageObject","inLanguage":"es","@id":"https:\/\/cvinoticias.com\/v3\/brote-de-botulismo-ya-son-seis-los-pacientes-en-terapia-intensiva\/#primaryimage","url":"https:\/\/cvinoticias.com\/wp-content\/uploads\/2022\/01\/paciente-coma.jpg","contentUrl":"https:\/\/cvinoticias.com\/wp-content\/uploads\/2022\/01\/paciente-coma.jpg","width":1920,"height":1080},{"@type":"BreadcrumbList","@id":"https:\/\/cvinoticias.com\/v3\/brote-de-botulismo-ya-son-seis-los-pacientes-en-terapia-intensiva\/#breadcrumb","itemListElement":[{"@type":"ListItem","position":1,"name":"Portada","item":"https:\/\/cvinoticias.com\/v3\/"},{"@type":"ListItem","position":2,"name":"Brote de botulismo: ya son seis los pacientes en terapia intensiva"}]},{"@type":"WebSite","@id":"https:\/\/cvinoticias.com\/v3\/#website","url":"https:\/\/cvinoticias.com\/v3\/","name":"CVI NOTICIAS","description":"","publisher":{"@id":"https:\/\/cvinoticias.com\/v3\/#organization"},"alternateName":"CVI","potentialAction":[{"@type":"SearchAction","target":{"@type":"EntryPoint","urlTemplate":"https:\/\/cvinoticias.com\/v3\/?s={search_term_string}"},"query-input":{"@type":"PropertyValueSpecification","valueRequired":true,"valueName":"search_term_string"}}],"inLanguage":"es"},{"@type":"Organization","@id":"https:\/\/cvinoticias.com\/v3\/#organization","name":"CVI NOTICIAS","url":"https:\/\/cvinoticias.com\/v3\/","logo":{"@type":"ImageObject","inLanguage":"es","@id":"https:\/\/cvinoticias.com\/v3\/#\/schema\/logo\/image\/","url":"https:\/\/cvinoticias.com\/wp-content\/uploads\/2023\/04\/cropped-cropped-cropped-cropped-cropped-3-1.png","contentUrl":"https:\/\/cvinoticias.com\/wp-content\/uploads\/2023\/04\/cropped-cropped-cropped-cropped-cropped-3-1.png","width":95,"height":122,"caption":"CVI NOTICIAS"},"image":{"@id":"https:\/\/cvinoticias.com\/v3\/#\/schema\/logo\/image\/"},"sameAs":["https:\/\/www.facebook.com\/cvinoticias","https:\/\/www.instagram.com\/cvinoticias\/","https:\/\/www.youtube.com\/@CVINOTICIAS"]},{"@type":"Person","@id":"https:\/\/cvinoticias.com\/v3\/#\/schema\/person\/2db77e3c6bc03c538495d7b2b8be9b66","name":"f1000024","image":{"@type":"ImageObject","inLanguage":"es","@id":"https:\/\/secure.gravatar.com\/avatar\/d4fe7459cfc51ff5129ce1a732bbef5928568b8092d412ef95611616376bbeed?s=96&d=mm&r=g","url":"https:\/\/secure.gravatar.com\/avatar\/d4fe7459cfc51ff5129ce1a732bbef5928568b8092d412ef95611616376bbeed?s=96&d=mm&r=g","contentUrl":"https:\/\/secure.gravatar.com\/avatar\/d4fe7459cfc51ff5129ce1a732bbef5928568b8092d412ef95611616376bbeed?s=96&d=mm&r=g","caption":"f1000024"},"url":"https:\/\/cvinoticias.com\/v3\/author\/f1000024\/"}]}},"_links":{"self":[{"href":"https:\/\/cvinoticias.com\/v3\/wp-json\/wp\/v2\/posts\/12078","targetHints":{"allow":["GET"]}}],"collection":[{"href":"https:\/\/cvinoticias.com\/v3\/wp-json\/wp\/v2\/posts"}],"about":[{"href":"https:\/\/cvinoticias.com\/v3\/wp-json\/wp\/v2\/types\/post"}],"author":[{"embeddable":true,"href":"https:\/\/cvinoticias.com\/v3\/wp-json\/wp\/v2\/users\/2"}],"replies":[{"embeddable":true,"href":"https:\/\/cvinoticias.com\/v3\/wp-json\/wp\/v2\/comments?post=12078"}],"version-history":[{"count":3,"href":"https:\/\/cvinoticias.com\/v3\/wp-json\/wp\/v2\/posts\/12078\/revisions"}],"predecessor-version":[{"id":12083,"href":"https:\/\/cvinoticias.com\/v3\/wp-json\/wp\/v2\/posts\/12078\/revisions\/12083"}],"wp:featuredmedia":[{"embeddable":true,"href":"https:\/\/cvinoticias.com\/v3\/wp-json\/wp\/v2\/media\/12079"}],"wp:attachment":[{"href":"https:\/\/cvinoticias.com\/v3\/wp-json\/wp\/v2\/media?parent=12078"}],"wp:term":[{"taxonomy":"category","embeddable":true,"href":"https:\/\/cvinoticias.com\/v3\/wp-json\/wp\/v2\/categories?post=12078"},{"taxonomy":"post_tag","embeddable":true,"href":"https:\/\/cvinoticias.com\/v3\/wp-json\/wp\/v2\/tags?post=12078"}],"curies":[{"name":"wp","href":"https:\/\/api.w.org\/{rel}","templated":true}]}}