{"id":12075,"date":"2022-01-08T06:34:19","date_gmt":"2022-01-08T06:34:19","guid":{"rendered":"https:\/\/cvinoticias.com\/v3\/?p=12075"},"modified":"2022-01-08T06:34:19","modified_gmt":"2022-01-08T06:34:19","slug":"centro-de-testeos-en-iguazu-atendera-este-sabado-08-y-domingo-09","status":"publish","type":"post","link":"https:\/\/cvinoticias.com\/v3\/centro-de-testeos-en-iguazu-atendera-este-sabado-08-y-domingo-09\/","title":{"rendered":"Centro de testeos en Iguaz\u00fa atender\u00e1 este s\u00e1bado 08 y domingo 09."},"content":{"rendered":"\n<p><strong><em>La estrategia sanitaria busca dar respuesta a la alta demanda que registra el sistema por el aumento de casos de coronavirus, es por ello que la unidad de testeos del Caps de Villa Nueva funcionar\u00e1 este fin de semana &#8211; s\u00e1bado y domingo &#8211; de 08 a 12 hs.<\/em><\/strong><\/p>\n\n\n\n<p>Mientras que a partir del lunes 10 de enero lo har\u00e1, por la ma\u00f1ana, de lunes a lunes en el horario de 08 a 12 hs y por la tarde, \u00fanicamente de lunes a viernes, lo har\u00e1n de 15 a 17 hs.<\/p>\n\n\n\n<p>La estrategia comienza a regir desde este mismo fin de semana. A tener en cuenta que solo aquellas personas que presentan s\u00edntomas compatibles con el covid-19 deben asistir al centro de testeos para realizarse el hisopado correspondiente.<\/p>\n\n\n\n<p>Recordemos que los contactos estrechos no deben hisoparse si se encuentran asintom\u00e1ticos, y que incluso los contactos estrechos que viven con una persona que dio positivo para la enfermedad que tengan s\u00edntomas ser\u00e1n considerados positivos sin test.<\/p>\n","protected":false},"excerpt":{"rendered":"<p>La estrategia sanitaria busca dar respuesta a la alta demanda que registra el sistema por el aumento de casos de coronavirus, es por ello que la unidad de testeos del Caps de Villa Nueva funcionar\u00e1 este fin de semana &#8211; s\u00e1bado y domingo &#8211; de 08 a 12 hs. Mientras que a partir del lunes [&hellip;]<\/p>\n","protected":false},"author":2,"featured_media":12076,"comment_status":"open","ping_status":"open","sticky":false,"template":"","format":"standard","meta":{"footnotes":""},"categories":[23],"tags":[],"class_list":["post-12075","post","type-post","status-publish","format-standard","has-post-thumbnail","hentry","category-covid-19"],"yoast_head":"<!-- This site is optimized with the Yoast SEO plugin v27.5 - https:\/\/yoast.com\/product\/yoast-seo-wordpress\/ -->\n<title>Centro de testeos en Iguaz\u00fa atender\u00e1 este s\u00e1bado 08 y domingo 09. | CVI NOTICIAS<\/title>\n<meta name=\"robots\" content=\"index, follow, max-snippet:-1, max-image-preview:large, max-video-preview:-1\" \/>\n<link rel=\"canonical\" href=\"https:\/\/cvinoticias.com\/v3\/centro-de-testeos-en-iguazu-atendera-este-sabado-08-y-domingo-09\/\" \/>\n<meta property=\"og:locale\" content=\"es_ES\" \/>\n<meta property=\"og:type\" content=\"article\" \/>\n<meta property=\"og:title\" content=\"Centro de testeos en Iguaz\u00fa atender\u00e1 este s\u00e1bado 08 y domingo 09. | CVI NOTICIAS\" \/>\n<meta property=\"og:description\" content=\"La estrategia sanitaria busca dar respuesta a la alta demanda que registra el sistema por el aumento de casos de coronavirus, es por ello que la unidad de testeos del Caps de Villa Nueva funcionar\u00e1 este fin de semana &#8211; s\u00e1bado y domingo &#8211; de 08 a 12 hs. Mientras que a partir del lunes [&hellip;]\" \/>\n<meta property=\"og:url\" content=\"https:\/\/cvinoticias.com\/v3\/centro-de-testeos-en-iguazu-atendera-este-sabado-08-y-domingo-09\/\" \/>\n<meta property=\"og:site_name\" content=\"CVI NOTICIAS\" \/>\n<meta property=\"article:publisher\" content=\"https:\/\/www.facebook.com\/cvinoticias\" \/>\n<meta property=\"article:published_time\" content=\"2022-01-08T06:34:19+00:00\" \/>\n<meta property=\"og:image\" content=\"https:\/\/cvinoticias.com\/wp-content\/uploads\/2022\/01\/IMG-20220107-WA0051.jpg\" \/>\n\t<meta property=\"og:image:width\" content=\"1280\" \/>\n\t<meta property=\"og:image:height\" content=\"1278\" \/>\n\t<meta property=\"og:image:type\" content=\"image\/jpeg\" \/>\n<meta name=\"author\" content=\"f1000024\" \/>\n<meta name=\"twitter:card\" content=\"summary_large_image\" \/>\n<meta name=\"twitter:label1\" content=\"Escrito por\" \/>\n\t<meta name=\"twitter:data1\" content=\"f1000024\" \/>\n\t<meta name=\"twitter:label2\" content=\"Tiempo de lectura\" \/>\n\t<meta name=\"twitter:data2\" content=\"1 minuto\" \/>\n<script type=\"application\/ld+json\" class=\"yoast-schema-graph\">{\"@context\":\"https:\\\/\\\/schema.org\",\"@graph\":[{\"@type\":\"Article\",\"@id\":\"https:\\\/\\\/cvinoticias.com\\\/v3\\\/centro-de-testeos-en-iguazu-atendera-este-sabado-08-y-domingo-09\\\/#article\",\"isPartOf\":{\"@id\":\"https:\\\/\\\/cvinoticias.com\\\/v3\\\/centro-de-testeos-en-iguazu-atendera-este-sabado-08-y-domingo-09\\\/\"},\"author\":{\"name\":\"f1000024\",\"@id\":\"https:\\\/\\\/cvinoticias.com\\\/v3\\\/#\\\/schema\\\/person\\\/2db77e3c6bc03c538495d7b2b8be9b66\"},\"headline\":\"Centro de testeos en Iguaz\u00fa atender\u00e1 este s\u00e1bado 08 y domingo 09.\",\"datePublished\":\"2022-01-08T06:34:19+00:00\",\"mainEntityOfPage\":{\"@id\":\"https:\\\/\\\/cvinoticias.com\\\/v3\\\/centro-de-testeos-en-iguazu-atendera-este-sabado-08-y-domingo-09\\\/\"},\"wordCount\":176,\"commentCount\":0,\"publisher\":{\"@id\":\"https:\\\/\\\/cvinoticias.com\\\/v3\\\/#organization\"},\"image\":{\"@id\":\"https:\\\/\\\/cvinoticias.com\\\/v3\\\/centro-de-testeos-en-iguazu-atendera-este-sabado-08-y-domingo-09\\\/#primaryimage\"},\"thumbnailUrl\":\"https:\\\/\\\/cvinoticias.com\\\/wp-content\\\/uploads\\\/2022\\\/01\\\/IMG-20220107-WA0051.jpg\",\"articleSection\":[\"Covid-19\"],\"inLanguage\":\"es\",\"potentialAction\":[{\"@type\":\"CommentAction\",\"name\":\"Comment\",\"target\":[\"https:\\\/\\\/cvinoticias.com\\\/v3\\\/centro-de-testeos-en-iguazu-atendera-este-sabado-08-y-domingo-09\\\/#respond\"]}]},{\"@type\":\"WebPage\",\"@id\":\"https:\\\/\\\/cvinoticias.com\\\/v3\\\/centro-de-testeos-en-iguazu-atendera-este-sabado-08-y-domingo-09\\\/\",\"url\":\"https:\\\/\\\/cvinoticias.com\\\/v3\\\/centro-de-testeos-en-iguazu-atendera-este-sabado-08-y-domingo-09\\\/\",\"name\":\"Centro de testeos en Iguaz\u00fa atender\u00e1 este s\u00e1bado 08 y domingo 09. | CVI NOTICIAS\",\"isPartOf\":{\"@id\":\"https:\\\/\\\/cvinoticias.com\\\/v3\\\/#website\"},\"primaryImageOfPage\":{\"@id\":\"https:\\\/\\\/cvinoticias.com\\\/v3\\\/centro-de-testeos-en-iguazu-atendera-este-sabado-08-y-domingo-09\\\/#primaryimage\"},\"image\":{\"@id\":\"https:\\\/\\\/cvinoticias.com\\\/v3\\\/centro-de-testeos-en-iguazu-atendera-este-sabado-08-y-domingo-09\\\/#primaryimage\"},\"thumbnailUrl\":\"https:\\\/\\\/cvinoticias.com\\\/wp-content\\\/uploads\\\/2022\\\/01\\\/IMG-20220107-WA0051.jpg\",\"datePublished\":\"2022-01-08T06:34:19+00:00\",\"breadcrumb\":{\"@id\":\"https:\\\/\\\/cvinoticias.com\\\/v3\\\/centro-de-testeos-en-iguazu-atendera-este-sabado-08-y-domingo-09\\\/#breadcrumb\"},\"inLanguage\":\"es\",\"potentialAction\":[{\"@type\":\"ReadAction\",\"target\":[\"https:\\\/\\\/cvinoticias.com\\\/v3\\\/centro-de-testeos-en-iguazu-atendera-este-sabado-08-y-domingo-09\\\/\"]}]},{\"@type\":\"ImageObject\",\"inLanguage\":\"es\",\"@id\":\"https:\\\/\\\/cvinoticias.com\\\/v3\\\/centro-de-testeos-en-iguazu-atendera-este-sabado-08-y-domingo-09\\\/#primaryimage\",\"url\":\"https:\\\/\\\/cvinoticias.com\\\/wp-content\\\/uploads\\\/2022\\\/01\\\/IMG-20220107-WA0051.jpg\",\"contentUrl\":\"https:\\\/\\\/cvinoticias.com\\\/wp-content\\\/uploads\\\/2022\\\/01\\\/IMG-20220107-WA0051.jpg\",\"width\":1280,\"height\":1278},{\"@type\":\"BreadcrumbList\",\"@id\":\"https:\\\/\\\/cvinoticias.com\\\/v3\\\/centro-de-testeos-en-iguazu-atendera-este-sabado-08-y-domingo-09\\\/#breadcrumb\",\"itemListElement\":[{\"@type\":\"ListItem\",\"position\":1,\"name\":\"Portada\",\"item\":\"https:\\\/\\\/cvinoticias.com\\\/v3\\\/\"},{\"@type\":\"ListItem\",\"position\":2,\"name\":\"Centro de testeos en Iguaz\u00fa atender\u00e1 este s\u00e1bado 08 y domingo 09.\"}]},{\"@type\":\"WebSite\",\"@id\":\"https:\\\/\\\/cvinoticias.com\\\/v3\\\/#website\",\"url\":\"https:\\\/\\\/cvinoticias.com\\\/v3\\\/\",\"name\":\"CVI NOTICIAS\",\"description\":\"\",\"publisher\":{\"@id\":\"https:\\\/\\\/cvinoticias.com\\\/v3\\\/#organization\"},\"alternateName\":\"CVI\",\"potentialAction\":[{\"@type\":\"SearchAction\",\"target\":{\"@type\":\"EntryPoint\",\"urlTemplate\":\"https:\\\/\\\/cvinoticias.com\\\/v3\\\/?s={search_term_string}\"},\"query-input\":{\"@type\":\"PropertyValueSpecification\",\"valueRequired\":true,\"valueName\":\"search_term_string\"}}],\"inLanguage\":\"es\"},{\"@type\":\"Organization\",\"@id\":\"https:\\\/\\\/cvinoticias.com\\\/v3\\\/#organization\",\"name\":\"CVI NOTICIAS\",\"url\":\"https:\\\/\\\/cvinoticias.com\\\/v3\\\/\",\"logo\":{\"@type\":\"ImageObject\",\"inLanguage\":\"es\",\"@id\":\"https:\\\/\\\/cvinoticias.com\\\/v3\\\/#\\\/schema\\\/logo\\\/image\\\/\",\"url\":\"https:\\\/\\\/cvinoticias.com\\\/wp-content\\\/uploads\\\/2023\\\/04\\\/cropped-cropped-cropped-cropped-cropped-3-1.png\",\"contentUrl\":\"https:\\\/\\\/cvinoticias.com\\\/wp-content\\\/uploads\\\/2023\\\/04\\\/cropped-cropped-cropped-cropped-cropped-3-1.png\",\"width\":95,\"height\":122,\"caption\":\"CVI NOTICIAS\"},\"image\":{\"@id\":\"https:\\\/\\\/cvinoticias.com\\\/v3\\\/#\\\/schema\\\/logo\\\/image\\\/\"},\"sameAs\":[\"https:\\\/\\\/www.facebook.com\\\/cvinoticias\",\"https:\\\/\\\/www.instagram.com\\\/cvinoticias\\\/\",\"https:\\\/\\\/www.youtube.com\\\/@CVINOTICIAS\"]},{\"@type\":\"Person\",\"@id\":\"https:\\\/\\\/cvinoticias.com\\\/v3\\\/#\\\/schema\\\/person\\\/2db77e3c6bc03c538495d7b2b8be9b66\",\"name\":\"f1000024\",\"image\":{\"@type\":\"ImageObject\",\"inLanguage\":\"es\",\"@id\":\"https:\\\/\\\/secure.gravatar.com\\\/avatar\\\/d4fe7459cfc51ff5129ce1a732bbef5928568b8092d412ef95611616376bbeed?s=96&d=mm&r=g\",\"url\":\"https:\\\/\\\/secure.gravatar.com\\\/avatar\\\/d4fe7459cfc51ff5129ce1a732bbef5928568b8092d412ef95611616376bbeed?s=96&d=mm&r=g\",\"contentUrl\":\"https:\\\/\\\/secure.gravatar.com\\\/avatar\\\/d4fe7459cfc51ff5129ce1a732bbef5928568b8092d412ef95611616376bbeed?s=96&d=mm&r=g\",\"caption\":\"f1000024\"},\"url\":\"https:\\\/\\\/cvinoticias.com\\\/v3\\\/author\\\/f1000024\\\/\"}]}<\/script>\n<!-- \/ Yoast SEO plugin. -->","yoast_head_json":{"title":"Centro de testeos en Iguaz\u00fa atender\u00e1 este s\u00e1bado 08 y domingo 09. | CVI NOTICIAS","robots":{"index":"index","follow":"follow","max-snippet":"max-snippet:-1","max-image-preview":"max-image-preview:large","max-video-preview":"max-video-preview:-1"},"canonical":"https:\/\/cvinoticias.com\/v3\/centro-de-testeos-en-iguazu-atendera-este-sabado-08-y-domingo-09\/","og_locale":"es_ES","og_type":"article","og_title":"Centro de testeos en Iguaz\u00fa atender\u00e1 este s\u00e1bado 08 y domingo 09. | CVI NOTICIAS","og_description":"La estrategia sanitaria busca dar respuesta a la alta demanda que registra el sistema por el aumento de casos de coronavirus, es por ello que la unidad de testeos del Caps de Villa Nueva funcionar\u00e1 este fin de semana &#8211; s\u00e1bado y domingo &#8211; de 08 a 12 hs. Mientras que a partir del lunes [&hellip;]","og_url":"https:\/\/cvinoticias.com\/v3\/centro-de-testeos-en-iguazu-atendera-este-sabado-08-y-domingo-09\/","og_site_name":"CVI NOTICIAS","article_publisher":"https:\/\/www.facebook.com\/cvinoticias","article_published_time":"2022-01-08T06:34:19+00:00","og_image":[{"width":1280,"height":1278,"url":"https:\/\/cvinoticias.com\/wp-content\/uploads\/2022\/01\/IMG-20220107-WA0051.jpg","type":"image\/jpeg"}],"author":"f1000024","twitter_card":"summary_large_image","twitter_misc":{"Escrito por":"f1000024","Tiempo de lectura":"1 minuto"},"schema":{"@context":"https:\/\/schema.org","@graph":[{"@type":"Article","@id":"https:\/\/cvinoticias.com\/v3\/centro-de-testeos-en-iguazu-atendera-este-sabado-08-y-domingo-09\/#article","isPartOf":{"@id":"https:\/\/cvinoticias.com\/v3\/centro-de-testeos-en-iguazu-atendera-este-sabado-08-y-domingo-09\/"},"author":{"name":"f1000024","@id":"https:\/\/cvinoticias.com\/v3\/#\/schema\/person\/2db77e3c6bc03c538495d7b2b8be9b66"},"headline":"Centro de testeos en Iguaz\u00fa atender\u00e1 este s\u00e1bado 08 y domingo 09.","datePublished":"2022-01-08T06:34:19+00:00","mainEntityOfPage":{"@id":"https:\/\/cvinoticias.com\/v3\/centro-de-testeos-en-iguazu-atendera-este-sabado-08-y-domingo-09\/"},"wordCount":176,"commentCount":0,"publisher":{"@id":"https:\/\/cvinoticias.com\/v3\/#organization"},"image":{"@id":"https:\/\/cvinoticias.com\/v3\/centro-de-testeos-en-iguazu-atendera-este-sabado-08-y-domingo-09\/#primaryimage"},"thumbnailUrl":"https:\/\/cvinoticias.com\/wp-content\/uploads\/2022\/01\/IMG-20220107-WA0051.jpg","articleSection":["Covid-19"],"inLanguage":"es","potentialAction":[{"@type":"CommentAction","name":"Comment","target":["https:\/\/cvinoticias.com\/v3\/centro-de-testeos-en-iguazu-atendera-este-sabado-08-y-domingo-09\/#respond"]}]},{"@type":"WebPage","@id":"https:\/\/cvinoticias.com\/v3\/centro-de-testeos-en-iguazu-atendera-este-sabado-08-y-domingo-09\/","url":"https:\/\/cvinoticias.com\/v3\/centro-de-testeos-en-iguazu-atendera-este-sabado-08-y-domingo-09\/","name":"Centro de testeos en Iguaz\u00fa atender\u00e1 este s\u00e1bado 08 y domingo 09. | CVI NOTICIAS","isPartOf":{"@id":"https:\/\/cvinoticias.com\/v3\/#website"},"primaryImageOfPage":{"@id":"https:\/\/cvinoticias.com\/v3\/centro-de-testeos-en-iguazu-atendera-este-sabado-08-y-domingo-09\/#primaryimage"},"image":{"@id":"https:\/\/cvinoticias.com\/v3\/centro-de-testeos-en-iguazu-atendera-este-sabado-08-y-domingo-09\/#primaryimage"},"thumbnailUrl":"https:\/\/cvinoticias.com\/wp-content\/uploads\/2022\/01\/IMG-20220107-WA0051.jpg","datePublished":"2022-01-08T06:34:19+00:00","breadcrumb":{"@id":"https:\/\/cvinoticias.com\/v3\/centro-de-testeos-en-iguazu-atendera-este-sabado-08-y-domingo-09\/#breadcrumb"},"inLanguage":"es","potentialAction":[{"@type":"ReadAction","target":["https:\/\/cvinoticias.com\/v3\/centro-de-testeos-en-iguazu-atendera-este-sabado-08-y-domingo-09\/"]}]},{"@type":"ImageObject","inLanguage":"es","@id":"https:\/\/cvinoticias.com\/v3\/centro-de-testeos-en-iguazu-atendera-este-sabado-08-y-domingo-09\/#primaryimage","url":"https:\/\/cvinoticias.com\/wp-content\/uploads\/2022\/01\/IMG-20220107-WA0051.jpg","contentUrl":"https:\/\/cvinoticias.com\/wp-content\/uploads\/2022\/01\/IMG-20220107-WA0051.jpg","width":1280,"height":1278},{"@type":"BreadcrumbList","@id":"https:\/\/cvinoticias.com\/v3\/centro-de-testeos-en-iguazu-atendera-este-sabado-08-y-domingo-09\/#breadcrumb","itemListElement":[{"@type":"ListItem","position":1,"name":"Portada","item":"https:\/\/cvinoticias.com\/v3\/"},{"@type":"ListItem","position":2,"name":"Centro de testeos en Iguaz\u00fa atender\u00e1 este s\u00e1bado 08 y domingo 09."}]},{"@type":"WebSite","@id":"https:\/\/cvinoticias.com\/v3\/#website","url":"https:\/\/cvinoticias.com\/v3\/","name":"CVI NOTICIAS","description":"","publisher":{"@id":"https:\/\/cvinoticias.com\/v3\/#organization"},"alternateName":"CVI","potentialAction":[{"@type":"SearchAction","target":{"@type":"EntryPoint","urlTemplate":"https:\/\/cvinoticias.com\/v3\/?s={search_term_string}"},"query-input":{"@type":"PropertyValueSpecification","valueRequired":true,"valueName":"search_term_string"}}],"inLanguage":"es"},{"@type":"Organization","@id":"https:\/\/cvinoticias.com\/v3\/#organization","name":"CVI NOTICIAS","url":"https:\/\/cvinoticias.com\/v3\/","logo":{"@type":"ImageObject","inLanguage":"es","@id":"https:\/\/cvinoticias.com\/v3\/#\/schema\/logo\/image\/","url":"https:\/\/cvinoticias.com\/wp-content\/uploads\/2023\/04\/cropped-cropped-cropped-cropped-cropped-3-1.png","contentUrl":"https:\/\/cvinoticias.com\/wp-content\/uploads\/2023\/04\/cropped-cropped-cropped-cropped-cropped-3-1.png","width":95,"height":122,"caption":"CVI NOTICIAS"},"image":{"@id":"https:\/\/cvinoticias.com\/v3\/#\/schema\/logo\/image\/"},"sameAs":["https:\/\/www.facebook.com\/cvinoticias","https:\/\/www.instagram.com\/cvinoticias\/","https:\/\/www.youtube.com\/@CVINOTICIAS"]},{"@type":"Person","@id":"https:\/\/cvinoticias.com\/v3\/#\/schema\/person\/2db77e3c6bc03c538495d7b2b8be9b66","name":"f1000024","image":{"@type":"ImageObject","inLanguage":"es","@id":"https:\/\/secure.gravatar.com\/avatar\/d4fe7459cfc51ff5129ce1a732bbef5928568b8092d412ef95611616376bbeed?s=96&d=mm&r=g","url":"https:\/\/secure.gravatar.com\/avatar\/d4fe7459cfc51ff5129ce1a732bbef5928568b8092d412ef95611616376bbeed?s=96&d=mm&r=g","contentUrl":"https:\/\/secure.gravatar.com\/avatar\/d4fe7459cfc51ff5129ce1a732bbef5928568b8092d412ef95611616376bbeed?s=96&d=mm&r=g","caption":"f1000024"},"url":"https:\/\/cvinoticias.com\/v3\/author\/f1000024\/"}]}},"_links":{"self":[{"href":"https:\/\/cvinoticias.com\/v3\/wp-json\/wp\/v2\/posts\/12075","targetHints":{"allow":["GET"]}}],"collection":[{"href":"https:\/\/cvinoticias.com\/v3\/wp-json\/wp\/v2\/posts"}],"about":[{"href":"https:\/\/cvinoticias.com\/v3\/wp-json\/wp\/v2\/types\/post"}],"author":[{"embeddable":true,"href":"https:\/\/cvinoticias.com\/v3\/wp-json\/wp\/v2\/users\/2"}],"replies":[{"embeddable":true,"href":"https:\/\/cvinoticias.com\/v3\/wp-json\/wp\/v2\/comments?post=12075"}],"version-history":[{"count":1,"href":"https:\/\/cvinoticias.com\/v3\/wp-json\/wp\/v2\/posts\/12075\/revisions"}],"predecessor-version":[{"id":12077,"href":"https:\/\/cvinoticias.com\/v3\/wp-json\/wp\/v2\/posts\/12075\/revisions\/12077"}],"wp:featuredmedia":[{"embeddable":true,"href":"https:\/\/cvinoticias.com\/v3\/wp-json\/wp\/v2\/media\/12076"}],"wp:attachment":[{"href":"https:\/\/cvinoticias.com\/v3\/wp-json\/wp\/v2\/media?parent=12075"}],"wp:term":[{"taxonomy":"category","embeddable":true,"href":"https:\/\/cvinoticias.com\/v3\/wp-json\/wp\/v2\/categories?post=12075"},{"taxonomy":"post_tag","embeddable":true,"href":"https:\/\/cvinoticias.com\/v3\/wp-json\/wp\/v2\/tags?post=12075"}],"curies":[{"name":"wp","href":"https:\/\/api.w.org\/{rel}","templated":true}]}}