{"id":12072,"date":"2022-01-07T15:35:41","date_gmt":"2022-01-07T15:35:41","guid":{"rendered":"https:\/\/cvinoticias.com\/v3\/?p=12072"},"modified":"2022-01-07T15:35:41","modified_gmt":"2022-01-07T15:35:41","slug":"homicidio-en-posadas-cuatro-detenidos-y-un-menor-demorado","status":"publish","type":"post","link":"https:\/\/cvinoticias.com\/v3\/homicidio-en-posadas-cuatro-detenidos-y-un-menor-demorado\/","title":{"rendered":"Homicidio en Posadas: cuatro detenidos y un menor demorado"},"content":{"rendered":"\n<p><strong><em>Por el hecho ocurrido ayer en el barrio Los Para\u00edsos, donde falleci\u00f3 un hombre identificado como Mario Torres de 61 a\u00f1os de edad, los efectivos detuvieron en las \u00faltimas horas, a cuatros j\u00f3venes y demoraron a un menor se\u00f1alados como presuntos autores del hecho.<\/em><\/strong><\/p>\n\n\n\n<p>Luego de las tareas de campo, recolecci\u00f3n de testimonios, en una labor en conjunto entre los miembros de la Direcci\u00f3n Homicidios, Comisar\u00eda 14ta y Divisi\u00f3n Investigaciones de la Unidad Regional Diez detuvieron a cuatro j\u00f3venes y demoraron a un menor que habr\u00edan participado de la gresca con desenlace fatal.<\/p>\n\n\n\n<p>Cuatro de los detenidos tienen entre 24 a 30 a\u00f1os de edad y, un menor de 17 a\u00f1os fue demorado; todos en averiguaci\u00f3n del hecho, por ser vistos en la ri\u00f1a mortal. Cabe mencionar que contin\u00faan la b\u00fasqueda, para dar con la pareja de la mujer detenida en la escena del hecho, que a\u00fan sigue sin aparecer.<\/p>\n","protected":false},"excerpt":{"rendered":"<p>Por el hecho ocurrido ayer en el barrio Los Para\u00edsos, donde falleci\u00f3 un hombre identificado como Mario Torres de 61 a\u00f1os de edad, los efectivos detuvieron en las \u00faltimas horas, a cuatros j\u00f3venes y demoraron a un menor se\u00f1alados como presuntos autores del hecho. Luego de las tareas de campo, recolecci\u00f3n de testimonios, en una [&hellip;]<\/p>\n","protected":false},"author":2,"featured_media":12073,"comment_status":"open","ping_status":"open","sticky":false,"template":"","format":"standard","meta":{"footnotes":""},"categories":[41],"tags":[],"class_list":["post-12072","post","type-post","status-publish","format-standard","has-post-thumbnail","hentry","category-policiales"],"yoast_head":"<!-- This site is optimized with the Yoast SEO plugin v27.5 - https:\/\/yoast.com\/product\/yoast-seo-wordpress\/ -->\n<title>Homicidio en Posadas: cuatro detenidos y un menor demorado | CVI NOTICIAS<\/title>\n<meta name=\"robots\" content=\"index, follow, max-snippet:-1, max-image-preview:large, max-video-preview:-1\" \/>\n<link rel=\"canonical\" href=\"https:\/\/cvinoticias.com\/v3\/homicidio-en-posadas-cuatro-detenidos-y-un-menor-demorado\/\" \/>\n<meta property=\"og:locale\" content=\"es_ES\" \/>\n<meta property=\"og:type\" content=\"article\" \/>\n<meta property=\"og:title\" content=\"Homicidio en Posadas: cuatro detenidos y un menor demorado | CVI NOTICIAS\" \/>\n<meta property=\"og:description\" content=\"Por el hecho ocurrido ayer en el barrio Los Para\u00edsos, donde falleci\u00f3 un hombre identificado como Mario Torres de 61 a\u00f1os de edad, los efectivos detuvieron en las \u00faltimas horas, a cuatros j\u00f3venes y demoraron a un menor se\u00f1alados como presuntos autores del hecho. Luego de las tareas de campo, recolecci\u00f3n de testimonios, en una [&hellip;]\" \/>\n<meta property=\"og:url\" content=\"https:\/\/cvinoticias.com\/v3\/homicidio-en-posadas-cuatro-detenidos-y-un-menor-demorado\/\" \/>\n<meta property=\"og:site_name\" content=\"CVI NOTICIAS\" \/>\n<meta property=\"article:publisher\" content=\"https:\/\/www.facebook.com\/cvinoticias\" \/>\n<meta property=\"article:published_time\" content=\"2022-01-07T15:35:41+00:00\" \/>\n<meta property=\"og:image\" content=\"https:\/\/cvinoticias.com\/wp-content\/uploads\/2022\/01\/IMG-20220107-WA0041.jpg\" \/>\n\t<meta property=\"og:image:width\" content=\"1472\" \/>\n\t<meta property=\"og:image:height\" content=\"828\" \/>\n\t<meta property=\"og:image:type\" content=\"image\/jpeg\" \/>\n<meta name=\"author\" content=\"f1000024\" \/>\n<meta name=\"twitter:card\" content=\"summary_large_image\" \/>\n<meta name=\"twitter:label1\" content=\"Escrito por\" \/>\n\t<meta name=\"twitter:data1\" content=\"f1000024\" \/>\n\t<meta name=\"twitter:label2\" content=\"Tiempo de lectura\" \/>\n\t<meta name=\"twitter:data2\" content=\"1 minuto\" \/>\n<script type=\"application\/ld+json\" class=\"yoast-schema-graph\">{\"@context\":\"https:\\\/\\\/schema.org\",\"@graph\":[{\"@type\":\"Article\",\"@id\":\"https:\\\/\\\/cvinoticias.com\\\/v3\\\/homicidio-en-posadas-cuatro-detenidos-y-un-menor-demorado\\\/#article\",\"isPartOf\":{\"@id\":\"https:\\\/\\\/cvinoticias.com\\\/v3\\\/homicidio-en-posadas-cuatro-detenidos-y-un-menor-demorado\\\/\"},\"author\":{\"name\":\"f1000024\",\"@id\":\"https:\\\/\\\/cvinoticias.com\\\/v3\\\/#\\\/schema\\\/person\\\/2db77e3c6bc03c538495d7b2b8be9b66\"},\"headline\":\"Homicidio en Posadas: cuatro detenidos y un menor demorado\",\"datePublished\":\"2022-01-07T15:35:41+00:00\",\"mainEntityOfPage\":{\"@id\":\"https:\\\/\\\/cvinoticias.com\\\/v3\\\/homicidio-en-posadas-cuatro-detenidos-y-un-menor-demorado\\\/\"},\"wordCount\":172,\"commentCount\":0,\"publisher\":{\"@id\":\"https:\\\/\\\/cvinoticias.com\\\/v3\\\/#organization\"},\"image\":{\"@id\":\"https:\\\/\\\/cvinoticias.com\\\/v3\\\/homicidio-en-posadas-cuatro-detenidos-y-un-menor-demorado\\\/#primaryimage\"},\"thumbnailUrl\":\"https:\\\/\\\/cvinoticias.com\\\/wp-content\\\/uploads\\\/2022\\\/01\\\/IMG-20220107-WA0041.jpg\",\"articleSection\":[\"Policiales\"],\"inLanguage\":\"es\",\"potentialAction\":[{\"@type\":\"CommentAction\",\"name\":\"Comment\",\"target\":[\"https:\\\/\\\/cvinoticias.com\\\/v3\\\/homicidio-en-posadas-cuatro-detenidos-y-un-menor-demorado\\\/#respond\"]}]},{\"@type\":\"WebPage\",\"@id\":\"https:\\\/\\\/cvinoticias.com\\\/v3\\\/homicidio-en-posadas-cuatro-detenidos-y-un-menor-demorado\\\/\",\"url\":\"https:\\\/\\\/cvinoticias.com\\\/v3\\\/homicidio-en-posadas-cuatro-detenidos-y-un-menor-demorado\\\/\",\"name\":\"Homicidio en Posadas: cuatro detenidos y un menor demorado | CVI NOTICIAS\",\"isPartOf\":{\"@id\":\"https:\\\/\\\/cvinoticias.com\\\/v3\\\/#website\"},\"primaryImageOfPage\":{\"@id\":\"https:\\\/\\\/cvinoticias.com\\\/v3\\\/homicidio-en-posadas-cuatro-detenidos-y-un-menor-demorado\\\/#primaryimage\"},\"image\":{\"@id\":\"https:\\\/\\\/cvinoticias.com\\\/v3\\\/homicidio-en-posadas-cuatro-detenidos-y-un-menor-demorado\\\/#primaryimage\"},\"thumbnailUrl\":\"https:\\\/\\\/cvinoticias.com\\\/wp-content\\\/uploads\\\/2022\\\/01\\\/IMG-20220107-WA0041.jpg\",\"datePublished\":\"2022-01-07T15:35:41+00:00\",\"breadcrumb\":{\"@id\":\"https:\\\/\\\/cvinoticias.com\\\/v3\\\/homicidio-en-posadas-cuatro-detenidos-y-un-menor-demorado\\\/#breadcrumb\"},\"inLanguage\":\"es\",\"potentialAction\":[{\"@type\":\"ReadAction\",\"target\":[\"https:\\\/\\\/cvinoticias.com\\\/v3\\\/homicidio-en-posadas-cuatro-detenidos-y-un-menor-demorado\\\/\"]}]},{\"@type\":\"ImageObject\",\"inLanguage\":\"es\",\"@id\":\"https:\\\/\\\/cvinoticias.com\\\/v3\\\/homicidio-en-posadas-cuatro-detenidos-y-un-menor-demorado\\\/#primaryimage\",\"url\":\"https:\\\/\\\/cvinoticias.com\\\/wp-content\\\/uploads\\\/2022\\\/01\\\/IMG-20220107-WA0041.jpg\",\"contentUrl\":\"https:\\\/\\\/cvinoticias.com\\\/wp-content\\\/uploads\\\/2022\\\/01\\\/IMG-20220107-WA0041.jpg\",\"width\":1472,\"height\":828},{\"@type\":\"BreadcrumbList\",\"@id\":\"https:\\\/\\\/cvinoticias.com\\\/v3\\\/homicidio-en-posadas-cuatro-detenidos-y-un-menor-demorado\\\/#breadcrumb\",\"itemListElement\":[{\"@type\":\"ListItem\",\"position\":1,\"name\":\"Portada\",\"item\":\"https:\\\/\\\/cvinoticias.com\\\/v3\\\/\"},{\"@type\":\"ListItem\",\"position\":2,\"name\":\"Homicidio en Posadas: cuatro detenidos y un menor demorado\"}]},{\"@type\":\"WebSite\",\"@id\":\"https:\\\/\\\/cvinoticias.com\\\/v3\\\/#website\",\"url\":\"https:\\\/\\\/cvinoticias.com\\\/v3\\\/\",\"name\":\"CVI NOTICIAS\",\"description\":\"\",\"publisher\":{\"@id\":\"https:\\\/\\\/cvinoticias.com\\\/v3\\\/#organization\"},\"alternateName\":\"CVI\",\"potentialAction\":[{\"@type\":\"SearchAction\",\"target\":{\"@type\":\"EntryPoint\",\"urlTemplate\":\"https:\\\/\\\/cvinoticias.com\\\/v3\\\/?s={search_term_string}\"},\"query-input\":{\"@type\":\"PropertyValueSpecification\",\"valueRequired\":true,\"valueName\":\"search_term_string\"}}],\"inLanguage\":\"es\"},{\"@type\":\"Organization\",\"@id\":\"https:\\\/\\\/cvinoticias.com\\\/v3\\\/#organization\",\"name\":\"CVI NOTICIAS\",\"url\":\"https:\\\/\\\/cvinoticias.com\\\/v3\\\/\",\"logo\":{\"@type\":\"ImageObject\",\"inLanguage\":\"es\",\"@id\":\"https:\\\/\\\/cvinoticias.com\\\/v3\\\/#\\\/schema\\\/logo\\\/image\\\/\",\"url\":\"https:\\\/\\\/cvinoticias.com\\\/wp-content\\\/uploads\\\/2023\\\/04\\\/cropped-cropped-cropped-cropped-cropped-3-1.png\",\"contentUrl\":\"https:\\\/\\\/cvinoticias.com\\\/wp-content\\\/uploads\\\/2023\\\/04\\\/cropped-cropped-cropped-cropped-cropped-3-1.png\",\"width\":95,\"height\":122,\"caption\":\"CVI NOTICIAS\"},\"image\":{\"@id\":\"https:\\\/\\\/cvinoticias.com\\\/v3\\\/#\\\/schema\\\/logo\\\/image\\\/\"},\"sameAs\":[\"https:\\\/\\\/www.facebook.com\\\/cvinoticias\",\"https:\\\/\\\/www.instagram.com\\\/cvinoticias\\\/\",\"https:\\\/\\\/www.youtube.com\\\/@CVINOTICIAS\"]},{\"@type\":\"Person\",\"@id\":\"https:\\\/\\\/cvinoticias.com\\\/v3\\\/#\\\/schema\\\/person\\\/2db77e3c6bc03c538495d7b2b8be9b66\",\"name\":\"f1000024\",\"image\":{\"@type\":\"ImageObject\",\"inLanguage\":\"es\",\"@id\":\"https:\\\/\\\/secure.gravatar.com\\\/avatar\\\/d4fe7459cfc51ff5129ce1a732bbef5928568b8092d412ef95611616376bbeed?s=96&d=mm&r=g\",\"url\":\"https:\\\/\\\/secure.gravatar.com\\\/avatar\\\/d4fe7459cfc51ff5129ce1a732bbef5928568b8092d412ef95611616376bbeed?s=96&d=mm&r=g\",\"contentUrl\":\"https:\\\/\\\/secure.gravatar.com\\\/avatar\\\/d4fe7459cfc51ff5129ce1a732bbef5928568b8092d412ef95611616376bbeed?s=96&d=mm&r=g\",\"caption\":\"f1000024\"},\"url\":\"https:\\\/\\\/cvinoticias.com\\\/v3\\\/author\\\/f1000024\\\/\"}]}<\/script>\n<!-- \/ Yoast SEO plugin. -->","yoast_head_json":{"title":"Homicidio en Posadas: cuatro detenidos y un menor demorado | CVI NOTICIAS","robots":{"index":"index","follow":"follow","max-snippet":"max-snippet:-1","max-image-preview":"max-image-preview:large","max-video-preview":"max-video-preview:-1"},"canonical":"https:\/\/cvinoticias.com\/v3\/homicidio-en-posadas-cuatro-detenidos-y-un-menor-demorado\/","og_locale":"es_ES","og_type":"article","og_title":"Homicidio en Posadas: cuatro detenidos y un menor demorado | CVI NOTICIAS","og_description":"Por el hecho ocurrido ayer en el barrio Los Para\u00edsos, donde falleci\u00f3 un hombre identificado como Mario Torres de 61 a\u00f1os de edad, los efectivos detuvieron en las \u00faltimas horas, a cuatros j\u00f3venes y demoraron a un menor se\u00f1alados como presuntos autores del hecho. Luego de las tareas de campo, recolecci\u00f3n de testimonios, en una [&hellip;]","og_url":"https:\/\/cvinoticias.com\/v3\/homicidio-en-posadas-cuatro-detenidos-y-un-menor-demorado\/","og_site_name":"CVI NOTICIAS","article_publisher":"https:\/\/www.facebook.com\/cvinoticias","article_published_time":"2022-01-07T15:35:41+00:00","og_image":[{"width":1472,"height":828,"url":"https:\/\/cvinoticias.com\/wp-content\/uploads\/2022\/01\/IMG-20220107-WA0041.jpg","type":"image\/jpeg"}],"author":"f1000024","twitter_card":"summary_large_image","twitter_misc":{"Escrito por":"f1000024","Tiempo de lectura":"1 minuto"},"schema":{"@context":"https:\/\/schema.org","@graph":[{"@type":"Article","@id":"https:\/\/cvinoticias.com\/v3\/homicidio-en-posadas-cuatro-detenidos-y-un-menor-demorado\/#article","isPartOf":{"@id":"https:\/\/cvinoticias.com\/v3\/homicidio-en-posadas-cuatro-detenidos-y-un-menor-demorado\/"},"author":{"name":"f1000024","@id":"https:\/\/cvinoticias.com\/v3\/#\/schema\/person\/2db77e3c6bc03c538495d7b2b8be9b66"},"headline":"Homicidio en Posadas: cuatro detenidos y un menor demorado","datePublished":"2022-01-07T15:35:41+00:00","mainEntityOfPage":{"@id":"https:\/\/cvinoticias.com\/v3\/homicidio-en-posadas-cuatro-detenidos-y-un-menor-demorado\/"},"wordCount":172,"commentCount":0,"publisher":{"@id":"https:\/\/cvinoticias.com\/v3\/#organization"},"image":{"@id":"https:\/\/cvinoticias.com\/v3\/homicidio-en-posadas-cuatro-detenidos-y-un-menor-demorado\/#primaryimage"},"thumbnailUrl":"https:\/\/cvinoticias.com\/wp-content\/uploads\/2022\/01\/IMG-20220107-WA0041.jpg","articleSection":["Policiales"],"inLanguage":"es","potentialAction":[{"@type":"CommentAction","name":"Comment","target":["https:\/\/cvinoticias.com\/v3\/homicidio-en-posadas-cuatro-detenidos-y-un-menor-demorado\/#respond"]}]},{"@type":"WebPage","@id":"https:\/\/cvinoticias.com\/v3\/homicidio-en-posadas-cuatro-detenidos-y-un-menor-demorado\/","url":"https:\/\/cvinoticias.com\/v3\/homicidio-en-posadas-cuatro-detenidos-y-un-menor-demorado\/","name":"Homicidio en Posadas: cuatro detenidos y un menor demorado | CVI NOTICIAS","isPartOf":{"@id":"https:\/\/cvinoticias.com\/v3\/#website"},"primaryImageOfPage":{"@id":"https:\/\/cvinoticias.com\/v3\/homicidio-en-posadas-cuatro-detenidos-y-un-menor-demorado\/#primaryimage"},"image":{"@id":"https:\/\/cvinoticias.com\/v3\/homicidio-en-posadas-cuatro-detenidos-y-un-menor-demorado\/#primaryimage"},"thumbnailUrl":"https:\/\/cvinoticias.com\/wp-content\/uploads\/2022\/01\/IMG-20220107-WA0041.jpg","datePublished":"2022-01-07T15:35:41+00:00","breadcrumb":{"@id":"https:\/\/cvinoticias.com\/v3\/homicidio-en-posadas-cuatro-detenidos-y-un-menor-demorado\/#breadcrumb"},"inLanguage":"es","potentialAction":[{"@type":"ReadAction","target":["https:\/\/cvinoticias.com\/v3\/homicidio-en-posadas-cuatro-detenidos-y-un-menor-demorado\/"]}]},{"@type":"ImageObject","inLanguage":"es","@id":"https:\/\/cvinoticias.com\/v3\/homicidio-en-posadas-cuatro-detenidos-y-un-menor-demorado\/#primaryimage","url":"https:\/\/cvinoticias.com\/wp-content\/uploads\/2022\/01\/IMG-20220107-WA0041.jpg","contentUrl":"https:\/\/cvinoticias.com\/wp-content\/uploads\/2022\/01\/IMG-20220107-WA0041.jpg","width":1472,"height":828},{"@type":"BreadcrumbList","@id":"https:\/\/cvinoticias.com\/v3\/homicidio-en-posadas-cuatro-detenidos-y-un-menor-demorado\/#breadcrumb","itemListElement":[{"@type":"ListItem","position":1,"name":"Portada","item":"https:\/\/cvinoticias.com\/v3\/"},{"@type":"ListItem","position":2,"name":"Homicidio en Posadas: cuatro detenidos y un menor demorado"}]},{"@type":"WebSite","@id":"https:\/\/cvinoticias.com\/v3\/#website","url":"https:\/\/cvinoticias.com\/v3\/","name":"CVI NOTICIAS","description":"","publisher":{"@id":"https:\/\/cvinoticias.com\/v3\/#organization"},"alternateName":"CVI","potentialAction":[{"@type":"SearchAction","target":{"@type":"EntryPoint","urlTemplate":"https:\/\/cvinoticias.com\/v3\/?s={search_term_string}"},"query-input":{"@type":"PropertyValueSpecification","valueRequired":true,"valueName":"search_term_string"}}],"inLanguage":"es"},{"@type":"Organization","@id":"https:\/\/cvinoticias.com\/v3\/#organization","name":"CVI NOTICIAS","url":"https:\/\/cvinoticias.com\/v3\/","logo":{"@type":"ImageObject","inLanguage":"es","@id":"https:\/\/cvinoticias.com\/v3\/#\/schema\/logo\/image\/","url":"https:\/\/cvinoticias.com\/wp-content\/uploads\/2023\/04\/cropped-cropped-cropped-cropped-cropped-3-1.png","contentUrl":"https:\/\/cvinoticias.com\/wp-content\/uploads\/2023\/04\/cropped-cropped-cropped-cropped-cropped-3-1.png","width":95,"height":122,"caption":"CVI NOTICIAS"},"image":{"@id":"https:\/\/cvinoticias.com\/v3\/#\/schema\/logo\/image\/"},"sameAs":["https:\/\/www.facebook.com\/cvinoticias","https:\/\/www.instagram.com\/cvinoticias\/","https:\/\/www.youtube.com\/@CVINOTICIAS"]},{"@type":"Person","@id":"https:\/\/cvinoticias.com\/v3\/#\/schema\/person\/2db77e3c6bc03c538495d7b2b8be9b66","name":"f1000024","image":{"@type":"ImageObject","inLanguage":"es","@id":"https:\/\/secure.gravatar.com\/avatar\/d4fe7459cfc51ff5129ce1a732bbef5928568b8092d412ef95611616376bbeed?s=96&d=mm&r=g","url":"https:\/\/secure.gravatar.com\/avatar\/d4fe7459cfc51ff5129ce1a732bbef5928568b8092d412ef95611616376bbeed?s=96&d=mm&r=g","contentUrl":"https:\/\/secure.gravatar.com\/avatar\/d4fe7459cfc51ff5129ce1a732bbef5928568b8092d412ef95611616376bbeed?s=96&d=mm&r=g","caption":"f1000024"},"url":"https:\/\/cvinoticias.com\/v3\/author\/f1000024\/"}]}},"_links":{"self":[{"href":"https:\/\/cvinoticias.com\/v3\/wp-json\/wp\/v2\/posts\/12072","targetHints":{"allow":["GET"]}}],"collection":[{"href":"https:\/\/cvinoticias.com\/v3\/wp-json\/wp\/v2\/posts"}],"about":[{"href":"https:\/\/cvinoticias.com\/v3\/wp-json\/wp\/v2\/types\/post"}],"author":[{"embeddable":true,"href":"https:\/\/cvinoticias.com\/v3\/wp-json\/wp\/v2\/users\/2"}],"replies":[{"embeddable":true,"href":"https:\/\/cvinoticias.com\/v3\/wp-json\/wp\/v2\/comments?post=12072"}],"version-history":[{"count":1,"href":"https:\/\/cvinoticias.com\/v3\/wp-json\/wp\/v2\/posts\/12072\/revisions"}],"predecessor-version":[{"id":12074,"href":"https:\/\/cvinoticias.com\/v3\/wp-json\/wp\/v2\/posts\/12072\/revisions\/12074"}],"wp:featuredmedia":[{"embeddable":true,"href":"https:\/\/cvinoticias.com\/v3\/wp-json\/wp\/v2\/media\/12073"}],"wp:attachment":[{"href":"https:\/\/cvinoticias.com\/v3\/wp-json\/wp\/v2\/media?parent=12072"}],"wp:term":[{"taxonomy":"category","embeddable":true,"href":"https:\/\/cvinoticias.com\/v3\/wp-json\/wp\/v2\/categories?post=12072"},{"taxonomy":"post_tag","embeddable":true,"href":"https:\/\/cvinoticias.com\/v3\/wp-json\/wp\/v2\/tags?post=12072"}],"curies":[{"name":"wp","href":"https:\/\/api.w.org\/{rel}","templated":true}]}}