{"id":12069,"date":"2022-01-07T15:31:16","date_gmt":"2022-01-07T15:31:16","guid":{"rendered":"https:\/\/cvinoticias.com\/v3\/?p=12069"},"modified":"2022-01-07T15:31:16","modified_gmt":"2022-01-07T15:31:16","slug":"abdo-benitez-veto-ley-de-asistencia-economica-a-comerciantes-de-frontera","status":"publish","type":"post","link":"https:\/\/cvinoticias.com\/v3\/abdo-benitez-veto-ley-de-asistencia-economica-a-comerciantes-de-frontera\/","title":{"rendered":"Abdo Ben\u00edtez vet\u00f3 ley de asistencia econ\u00f3mica a comerciantes de frontera"},"content":{"rendered":"\n<p><strong><em>Los comerciantes de ciudades como Encarnaci\u00f3n, Puerto Falc\u00f3n, Nanawa y otros distritos estaban esperanzados en cobrar el subsidio, porque, advierten, por la diferencia de cambio entre el peso y el guaran\u00ed, las ventas no repuntaron.<\/em><\/strong><\/p>\n\n\n\n<p>El presidente de Paraguay,\u00a0Mario Abdo Ben\u00edtez, vet\u00f3 la ley que pretend\u00eda otorgar un nuevo subsidio a los comerciantes de ciudades fronterizas con la Argentina, para atenuar los efectos de la pandemia, en base a la falta de recursos del Estado para esa medida.<\/p>\n\n\n\n<p>Los comerciantes de ciudades como Encarnaci\u00f3n, Puerto Falc\u00f3n, Nanawa y otros distritos estaban esperanzados en cobrar el subsidio, porque, advierten, por la diferencia de cambio entre el peso y el guaran\u00ed, las ventas no repuntaron.<\/p>\n\n\n\n<p>El Ejecutivo argument\u00f3 que, en el marco de la pandemia el a\u00f1o pasado, se hab\u00eda otorgado ya un subsidio de frontera por unos 66.100 millones de guaran\u00edes (9.500.00 de d\u00f3lares), que alcanz\u00f3 a 3.877 beneficiarios.<\/p>\n\n\n\n<p>Si bien reconoce el Ejecutivo que hubo un remanente de 40.000 millones (5.700.00 d\u00f3lares), esa suma fue reasignada al pago del subsidio a la exoneraci\u00f3n de 50% de las cuentas de los sectores gastron\u00f3micos, de eventos, hotelero, agencias de turismo y entretenimientos, tambi\u00e9n afectados por la pandemia.<\/p>\n\n\n\n<p>El Gobierno hab\u00eda impulsado la ley 6.720 que signific\u00f3 el pago de tres salarios m\u00ednimos a comerciantes formales, pero exclu\u00eda a los beneficiarios del programa estatal Pytyv\u00f5 2.0.<\/p>\n\n\n\n<p>A mitad de diciembre, el Senado sancion\u00f3 una modificaci\u00f3n de esa ley para subsidiar a comerciantes de 16 ciudades fronterizas con Argentina y sumar a quienes hab\u00edan quedado afuera.<\/p>\n\n\n\n<p>Los beneficiados ser\u00edan trabajadores y comerciantes de\u00a0Encarnaci\u00f3n, Alberdi, Puerto Falc\u00f3n, Nanawa, Ayolas, Pilar, Paso de Patria, Humait\u00e1, Cerrito, General D\u00edaz, Mayor Mart\u00ednez, Villa Oliva, Villa Franca, Natalio, Mayor Ota\u00f1o y San Rafael del Paran\u00e1.<\/p>\n\n\n\n<p><\/p>\n\n\n\n<p><strong>Fuente: T\u00e9lam <\/strong><\/p>\n","protected":false},"excerpt":{"rendered":"<p>Los comerciantes de ciudades como Encarnaci\u00f3n, Puerto Falc\u00f3n, Nanawa y otros distritos estaban esperanzados en cobrar el subsidio, porque, advierten, por la diferencia de cambio entre el peso y el guaran\u00ed, las ventas no repuntaron. El presidente de Paraguay,\u00a0Mario Abdo Ben\u00edtez, vet\u00f3 la ley que pretend\u00eda otorgar un nuevo subsidio a los comerciantes de ciudades [&hellip;]<\/p>\n","protected":false},"author":2,"featured_media":12070,"comment_status":"open","ping_status":"open","sticky":false,"template":"","format":"standard","meta":{"footnotes":""},"categories":[36],"tags":[],"class_list":["post-12069","post","type-post","status-publish","format-standard","has-post-thumbnail","hentry","category-internacionales"],"yoast_head":"<!-- This site is optimized with the Yoast SEO plugin v27.4 - https:\/\/yoast.com\/product\/yoast-seo-wordpress\/ -->\n<title>Abdo Ben\u00edtez vet\u00f3 ley de asistencia econ\u00f3mica a comerciantes de frontera | CVI NOTICIAS<\/title>\n<meta name=\"robots\" content=\"index, follow, max-snippet:-1, max-image-preview:large, max-video-preview:-1\" \/>\n<link rel=\"canonical\" href=\"https:\/\/cvinoticias.com\/v3\/abdo-benitez-veto-ley-de-asistencia-economica-a-comerciantes-de-frontera\/\" \/>\n<meta property=\"og:locale\" content=\"es_ES\" \/>\n<meta property=\"og:type\" content=\"article\" \/>\n<meta property=\"og:title\" content=\"Abdo Ben\u00edtez vet\u00f3 ley de asistencia econ\u00f3mica a comerciantes de frontera | CVI NOTICIAS\" \/>\n<meta property=\"og:description\" content=\"Los comerciantes de ciudades como Encarnaci\u00f3n, Puerto Falc\u00f3n, Nanawa y otros distritos estaban esperanzados en cobrar el subsidio, porque, advierten, por la diferencia de cambio entre el peso y el guaran\u00ed, las ventas no repuntaron. El presidente de Paraguay,\u00a0Mario Abdo Ben\u00edtez, vet\u00f3 la ley que pretend\u00eda otorgar un nuevo subsidio a los comerciantes de ciudades [&hellip;]\" \/>\n<meta property=\"og:url\" content=\"https:\/\/cvinoticias.com\/v3\/abdo-benitez-veto-ley-de-asistencia-economica-a-comerciantes-de-frontera\/\" \/>\n<meta property=\"og:site_name\" content=\"CVI NOTICIAS\" \/>\n<meta property=\"article:publisher\" content=\"https:\/\/www.facebook.com\/cvinoticias\" \/>\n<meta property=\"article:published_time\" content=\"2022-01-07T15:31:16+00:00\" \/>\n<meta property=\"og:image\" content=\"https:\/\/cvinoticias.com\/wp-content\/uploads\/2022\/01\/Screenshot_20220107-123042_Facebook.jpg\" \/>\n\t<meta property=\"og:image:width\" content=\"998\" \/>\n\t<meta property=\"og:image:height\" content=\"532\" \/>\n\t<meta property=\"og:image:type\" content=\"image\/jpeg\" \/>\n<meta name=\"author\" content=\"f1000024\" \/>\n<meta name=\"twitter:card\" content=\"summary_large_image\" \/>\n<meta name=\"twitter:label1\" content=\"Escrito por\" \/>\n\t<meta name=\"twitter:data1\" content=\"f1000024\" \/>\n\t<meta name=\"twitter:label2\" content=\"Tiempo de lectura\" \/>\n\t<meta name=\"twitter:data2\" content=\"2 minutos\" \/>\n<script type=\"application\/ld+json\" class=\"yoast-schema-graph\">{\"@context\":\"https:\\\/\\\/schema.org\",\"@graph\":[{\"@type\":\"Article\",\"@id\":\"https:\\\/\\\/cvinoticias.com\\\/v3\\\/abdo-benitez-veto-ley-de-asistencia-economica-a-comerciantes-de-frontera\\\/#article\",\"isPartOf\":{\"@id\":\"https:\\\/\\\/cvinoticias.com\\\/v3\\\/abdo-benitez-veto-ley-de-asistencia-economica-a-comerciantes-de-frontera\\\/\"},\"author\":{\"name\":\"f1000024\",\"@id\":\"https:\\\/\\\/cvinoticias.com\\\/v3\\\/#\\\/schema\\\/person\\\/2db77e3c6bc03c538495d7b2b8be9b66\"},\"headline\":\"Abdo Ben\u00edtez vet\u00f3 ley de asistencia econ\u00f3mica a comerciantes de frontera\",\"datePublished\":\"2022-01-07T15:31:16+00:00\",\"mainEntityOfPage\":{\"@id\":\"https:\\\/\\\/cvinoticias.com\\\/v3\\\/abdo-benitez-veto-ley-de-asistencia-economica-a-comerciantes-de-frontera\\\/\"},\"wordCount\":320,\"commentCount\":0,\"publisher\":{\"@id\":\"https:\\\/\\\/cvinoticias.com\\\/v3\\\/#organization\"},\"image\":{\"@id\":\"https:\\\/\\\/cvinoticias.com\\\/v3\\\/abdo-benitez-veto-ley-de-asistencia-economica-a-comerciantes-de-frontera\\\/#primaryimage\"},\"thumbnailUrl\":\"https:\\\/\\\/cvinoticias.com\\\/wp-content\\\/uploads\\\/2022\\\/01\\\/Screenshot_20220107-123042_Facebook.jpg\",\"articleSection\":[\"Internacionales\"],\"inLanguage\":\"es\",\"potentialAction\":[{\"@type\":\"CommentAction\",\"name\":\"Comment\",\"target\":[\"https:\\\/\\\/cvinoticias.com\\\/v3\\\/abdo-benitez-veto-ley-de-asistencia-economica-a-comerciantes-de-frontera\\\/#respond\"]}]},{\"@type\":\"WebPage\",\"@id\":\"https:\\\/\\\/cvinoticias.com\\\/v3\\\/abdo-benitez-veto-ley-de-asistencia-economica-a-comerciantes-de-frontera\\\/\",\"url\":\"https:\\\/\\\/cvinoticias.com\\\/v3\\\/abdo-benitez-veto-ley-de-asistencia-economica-a-comerciantes-de-frontera\\\/\",\"name\":\"Abdo Ben\u00edtez vet\u00f3 ley de asistencia econ\u00f3mica a comerciantes de frontera | CVI NOTICIAS\",\"isPartOf\":{\"@id\":\"https:\\\/\\\/cvinoticias.com\\\/v3\\\/#website\"},\"primaryImageOfPage\":{\"@id\":\"https:\\\/\\\/cvinoticias.com\\\/v3\\\/abdo-benitez-veto-ley-de-asistencia-economica-a-comerciantes-de-frontera\\\/#primaryimage\"},\"image\":{\"@id\":\"https:\\\/\\\/cvinoticias.com\\\/v3\\\/abdo-benitez-veto-ley-de-asistencia-economica-a-comerciantes-de-frontera\\\/#primaryimage\"},\"thumbnailUrl\":\"https:\\\/\\\/cvinoticias.com\\\/wp-content\\\/uploads\\\/2022\\\/01\\\/Screenshot_20220107-123042_Facebook.jpg\",\"datePublished\":\"2022-01-07T15:31:16+00:00\",\"breadcrumb\":{\"@id\":\"https:\\\/\\\/cvinoticias.com\\\/v3\\\/abdo-benitez-veto-ley-de-asistencia-economica-a-comerciantes-de-frontera\\\/#breadcrumb\"},\"inLanguage\":\"es\",\"potentialAction\":[{\"@type\":\"ReadAction\",\"target\":[\"https:\\\/\\\/cvinoticias.com\\\/v3\\\/abdo-benitez-veto-ley-de-asistencia-economica-a-comerciantes-de-frontera\\\/\"]}]},{\"@type\":\"ImageObject\",\"inLanguage\":\"es\",\"@id\":\"https:\\\/\\\/cvinoticias.com\\\/v3\\\/abdo-benitez-veto-ley-de-asistencia-economica-a-comerciantes-de-frontera\\\/#primaryimage\",\"url\":\"https:\\\/\\\/cvinoticias.com\\\/wp-content\\\/uploads\\\/2022\\\/01\\\/Screenshot_20220107-123042_Facebook.jpg\",\"contentUrl\":\"https:\\\/\\\/cvinoticias.com\\\/wp-content\\\/uploads\\\/2022\\\/01\\\/Screenshot_20220107-123042_Facebook.jpg\",\"width\":998,\"height\":532},{\"@type\":\"BreadcrumbList\",\"@id\":\"https:\\\/\\\/cvinoticias.com\\\/v3\\\/abdo-benitez-veto-ley-de-asistencia-economica-a-comerciantes-de-frontera\\\/#breadcrumb\",\"itemListElement\":[{\"@type\":\"ListItem\",\"position\":1,\"name\":\"Portada\",\"item\":\"https:\\\/\\\/cvinoticias.com\\\/v3\\\/\"},{\"@type\":\"ListItem\",\"position\":2,\"name\":\"Abdo Ben\u00edtez vet\u00f3 ley de asistencia econ\u00f3mica a comerciantes de frontera\"}]},{\"@type\":\"WebSite\",\"@id\":\"https:\\\/\\\/cvinoticias.com\\\/v3\\\/#website\",\"url\":\"https:\\\/\\\/cvinoticias.com\\\/v3\\\/\",\"name\":\"CVI NOTICIAS\",\"description\":\"\",\"publisher\":{\"@id\":\"https:\\\/\\\/cvinoticias.com\\\/v3\\\/#organization\"},\"alternateName\":\"CVI\",\"potentialAction\":[{\"@type\":\"SearchAction\",\"target\":{\"@type\":\"EntryPoint\",\"urlTemplate\":\"https:\\\/\\\/cvinoticias.com\\\/v3\\\/?s={search_term_string}\"},\"query-input\":{\"@type\":\"PropertyValueSpecification\",\"valueRequired\":true,\"valueName\":\"search_term_string\"}}],\"inLanguage\":\"es\"},{\"@type\":\"Organization\",\"@id\":\"https:\\\/\\\/cvinoticias.com\\\/v3\\\/#organization\",\"name\":\"CVI NOTICIAS\",\"url\":\"https:\\\/\\\/cvinoticias.com\\\/v3\\\/\",\"logo\":{\"@type\":\"ImageObject\",\"inLanguage\":\"es\",\"@id\":\"https:\\\/\\\/cvinoticias.com\\\/v3\\\/#\\\/schema\\\/logo\\\/image\\\/\",\"url\":\"https:\\\/\\\/cvinoticias.com\\\/wp-content\\\/uploads\\\/2023\\\/04\\\/cropped-cropped-cropped-cropped-cropped-3-1.png\",\"contentUrl\":\"https:\\\/\\\/cvinoticias.com\\\/wp-content\\\/uploads\\\/2023\\\/04\\\/cropped-cropped-cropped-cropped-cropped-3-1.png\",\"width\":95,\"height\":122,\"caption\":\"CVI NOTICIAS\"},\"image\":{\"@id\":\"https:\\\/\\\/cvinoticias.com\\\/v3\\\/#\\\/schema\\\/logo\\\/image\\\/\"},\"sameAs\":[\"https:\\\/\\\/www.facebook.com\\\/cvinoticias\",\"https:\\\/\\\/www.instagram.com\\\/cvinoticias\\\/\",\"https:\\\/\\\/www.youtube.com\\\/@CVINOTICIAS\"]},{\"@type\":\"Person\",\"@id\":\"https:\\\/\\\/cvinoticias.com\\\/v3\\\/#\\\/schema\\\/person\\\/2db77e3c6bc03c538495d7b2b8be9b66\",\"name\":\"f1000024\",\"image\":{\"@type\":\"ImageObject\",\"inLanguage\":\"es\",\"@id\":\"https:\\\/\\\/secure.gravatar.com\\\/avatar\\\/d4fe7459cfc51ff5129ce1a732bbef5928568b8092d412ef95611616376bbeed?s=96&d=mm&r=g\",\"url\":\"https:\\\/\\\/secure.gravatar.com\\\/avatar\\\/d4fe7459cfc51ff5129ce1a732bbef5928568b8092d412ef95611616376bbeed?s=96&d=mm&r=g\",\"contentUrl\":\"https:\\\/\\\/secure.gravatar.com\\\/avatar\\\/d4fe7459cfc51ff5129ce1a732bbef5928568b8092d412ef95611616376bbeed?s=96&d=mm&r=g\",\"caption\":\"f1000024\"},\"url\":\"https:\\\/\\\/cvinoticias.com\\\/v3\\\/author\\\/f1000024\\\/\"}]}<\/script>\n<!-- \/ Yoast SEO plugin. -->","yoast_head_json":{"title":"Abdo Ben\u00edtez vet\u00f3 ley de asistencia econ\u00f3mica a comerciantes de frontera | CVI NOTICIAS","robots":{"index":"index","follow":"follow","max-snippet":"max-snippet:-1","max-image-preview":"max-image-preview:large","max-video-preview":"max-video-preview:-1"},"canonical":"https:\/\/cvinoticias.com\/v3\/abdo-benitez-veto-ley-de-asistencia-economica-a-comerciantes-de-frontera\/","og_locale":"es_ES","og_type":"article","og_title":"Abdo Ben\u00edtez vet\u00f3 ley de asistencia econ\u00f3mica a comerciantes de frontera | CVI NOTICIAS","og_description":"Los comerciantes de ciudades como Encarnaci\u00f3n, Puerto Falc\u00f3n, Nanawa y otros distritos estaban esperanzados en cobrar el subsidio, porque, advierten, por la diferencia de cambio entre el peso y el guaran\u00ed, las ventas no repuntaron. El presidente de Paraguay,\u00a0Mario Abdo Ben\u00edtez, vet\u00f3 la ley que pretend\u00eda otorgar un nuevo subsidio a los comerciantes de ciudades [&hellip;]","og_url":"https:\/\/cvinoticias.com\/v3\/abdo-benitez-veto-ley-de-asistencia-economica-a-comerciantes-de-frontera\/","og_site_name":"CVI NOTICIAS","article_publisher":"https:\/\/www.facebook.com\/cvinoticias","article_published_time":"2022-01-07T15:31:16+00:00","og_image":[{"width":998,"height":532,"url":"https:\/\/cvinoticias.com\/wp-content\/uploads\/2022\/01\/Screenshot_20220107-123042_Facebook.jpg","type":"image\/jpeg"}],"author":"f1000024","twitter_card":"summary_large_image","twitter_misc":{"Escrito por":"f1000024","Tiempo de lectura":"2 minutos"},"schema":{"@context":"https:\/\/schema.org","@graph":[{"@type":"Article","@id":"https:\/\/cvinoticias.com\/v3\/abdo-benitez-veto-ley-de-asistencia-economica-a-comerciantes-de-frontera\/#article","isPartOf":{"@id":"https:\/\/cvinoticias.com\/v3\/abdo-benitez-veto-ley-de-asistencia-economica-a-comerciantes-de-frontera\/"},"author":{"name":"f1000024","@id":"https:\/\/cvinoticias.com\/v3\/#\/schema\/person\/2db77e3c6bc03c538495d7b2b8be9b66"},"headline":"Abdo Ben\u00edtez vet\u00f3 ley de asistencia econ\u00f3mica a comerciantes de frontera","datePublished":"2022-01-07T15:31:16+00:00","mainEntityOfPage":{"@id":"https:\/\/cvinoticias.com\/v3\/abdo-benitez-veto-ley-de-asistencia-economica-a-comerciantes-de-frontera\/"},"wordCount":320,"commentCount":0,"publisher":{"@id":"https:\/\/cvinoticias.com\/v3\/#organization"},"image":{"@id":"https:\/\/cvinoticias.com\/v3\/abdo-benitez-veto-ley-de-asistencia-economica-a-comerciantes-de-frontera\/#primaryimage"},"thumbnailUrl":"https:\/\/cvinoticias.com\/wp-content\/uploads\/2022\/01\/Screenshot_20220107-123042_Facebook.jpg","articleSection":["Internacionales"],"inLanguage":"es","potentialAction":[{"@type":"CommentAction","name":"Comment","target":["https:\/\/cvinoticias.com\/v3\/abdo-benitez-veto-ley-de-asistencia-economica-a-comerciantes-de-frontera\/#respond"]}]},{"@type":"WebPage","@id":"https:\/\/cvinoticias.com\/v3\/abdo-benitez-veto-ley-de-asistencia-economica-a-comerciantes-de-frontera\/","url":"https:\/\/cvinoticias.com\/v3\/abdo-benitez-veto-ley-de-asistencia-economica-a-comerciantes-de-frontera\/","name":"Abdo Ben\u00edtez vet\u00f3 ley de asistencia econ\u00f3mica a comerciantes de frontera | CVI NOTICIAS","isPartOf":{"@id":"https:\/\/cvinoticias.com\/v3\/#website"},"primaryImageOfPage":{"@id":"https:\/\/cvinoticias.com\/v3\/abdo-benitez-veto-ley-de-asistencia-economica-a-comerciantes-de-frontera\/#primaryimage"},"image":{"@id":"https:\/\/cvinoticias.com\/v3\/abdo-benitez-veto-ley-de-asistencia-economica-a-comerciantes-de-frontera\/#primaryimage"},"thumbnailUrl":"https:\/\/cvinoticias.com\/wp-content\/uploads\/2022\/01\/Screenshot_20220107-123042_Facebook.jpg","datePublished":"2022-01-07T15:31:16+00:00","breadcrumb":{"@id":"https:\/\/cvinoticias.com\/v3\/abdo-benitez-veto-ley-de-asistencia-economica-a-comerciantes-de-frontera\/#breadcrumb"},"inLanguage":"es","potentialAction":[{"@type":"ReadAction","target":["https:\/\/cvinoticias.com\/v3\/abdo-benitez-veto-ley-de-asistencia-economica-a-comerciantes-de-frontera\/"]}]},{"@type":"ImageObject","inLanguage":"es","@id":"https:\/\/cvinoticias.com\/v3\/abdo-benitez-veto-ley-de-asistencia-economica-a-comerciantes-de-frontera\/#primaryimage","url":"https:\/\/cvinoticias.com\/wp-content\/uploads\/2022\/01\/Screenshot_20220107-123042_Facebook.jpg","contentUrl":"https:\/\/cvinoticias.com\/wp-content\/uploads\/2022\/01\/Screenshot_20220107-123042_Facebook.jpg","width":998,"height":532},{"@type":"BreadcrumbList","@id":"https:\/\/cvinoticias.com\/v3\/abdo-benitez-veto-ley-de-asistencia-economica-a-comerciantes-de-frontera\/#breadcrumb","itemListElement":[{"@type":"ListItem","position":1,"name":"Portada","item":"https:\/\/cvinoticias.com\/v3\/"},{"@type":"ListItem","position":2,"name":"Abdo Ben\u00edtez vet\u00f3 ley de asistencia econ\u00f3mica a comerciantes de frontera"}]},{"@type":"WebSite","@id":"https:\/\/cvinoticias.com\/v3\/#website","url":"https:\/\/cvinoticias.com\/v3\/","name":"CVI NOTICIAS","description":"","publisher":{"@id":"https:\/\/cvinoticias.com\/v3\/#organization"},"alternateName":"CVI","potentialAction":[{"@type":"SearchAction","target":{"@type":"EntryPoint","urlTemplate":"https:\/\/cvinoticias.com\/v3\/?s={search_term_string}"},"query-input":{"@type":"PropertyValueSpecification","valueRequired":true,"valueName":"search_term_string"}}],"inLanguage":"es"},{"@type":"Organization","@id":"https:\/\/cvinoticias.com\/v3\/#organization","name":"CVI NOTICIAS","url":"https:\/\/cvinoticias.com\/v3\/","logo":{"@type":"ImageObject","inLanguage":"es","@id":"https:\/\/cvinoticias.com\/v3\/#\/schema\/logo\/image\/","url":"https:\/\/cvinoticias.com\/wp-content\/uploads\/2023\/04\/cropped-cropped-cropped-cropped-cropped-3-1.png","contentUrl":"https:\/\/cvinoticias.com\/wp-content\/uploads\/2023\/04\/cropped-cropped-cropped-cropped-cropped-3-1.png","width":95,"height":122,"caption":"CVI NOTICIAS"},"image":{"@id":"https:\/\/cvinoticias.com\/v3\/#\/schema\/logo\/image\/"},"sameAs":["https:\/\/www.facebook.com\/cvinoticias","https:\/\/www.instagram.com\/cvinoticias\/","https:\/\/www.youtube.com\/@CVINOTICIAS"]},{"@type":"Person","@id":"https:\/\/cvinoticias.com\/v3\/#\/schema\/person\/2db77e3c6bc03c538495d7b2b8be9b66","name":"f1000024","image":{"@type":"ImageObject","inLanguage":"es","@id":"https:\/\/secure.gravatar.com\/avatar\/d4fe7459cfc51ff5129ce1a732bbef5928568b8092d412ef95611616376bbeed?s=96&d=mm&r=g","url":"https:\/\/secure.gravatar.com\/avatar\/d4fe7459cfc51ff5129ce1a732bbef5928568b8092d412ef95611616376bbeed?s=96&d=mm&r=g","contentUrl":"https:\/\/secure.gravatar.com\/avatar\/d4fe7459cfc51ff5129ce1a732bbef5928568b8092d412ef95611616376bbeed?s=96&d=mm&r=g","caption":"f1000024"},"url":"https:\/\/cvinoticias.com\/v3\/author\/f1000024\/"}]}},"_links":{"self":[{"href":"https:\/\/cvinoticias.com\/v3\/wp-json\/wp\/v2\/posts\/12069","targetHints":{"allow":["GET"]}}],"collection":[{"href":"https:\/\/cvinoticias.com\/v3\/wp-json\/wp\/v2\/posts"}],"about":[{"href":"https:\/\/cvinoticias.com\/v3\/wp-json\/wp\/v2\/types\/post"}],"author":[{"embeddable":true,"href":"https:\/\/cvinoticias.com\/v3\/wp-json\/wp\/v2\/users\/2"}],"replies":[{"embeddable":true,"href":"https:\/\/cvinoticias.com\/v3\/wp-json\/wp\/v2\/comments?post=12069"}],"version-history":[{"count":1,"href":"https:\/\/cvinoticias.com\/v3\/wp-json\/wp\/v2\/posts\/12069\/revisions"}],"predecessor-version":[{"id":12071,"href":"https:\/\/cvinoticias.com\/v3\/wp-json\/wp\/v2\/posts\/12069\/revisions\/12071"}],"wp:featuredmedia":[{"embeddable":true,"href":"https:\/\/cvinoticias.com\/v3\/wp-json\/wp\/v2\/media\/12070"}],"wp:attachment":[{"href":"https:\/\/cvinoticias.com\/v3\/wp-json\/wp\/v2\/media?parent=12069"}],"wp:term":[{"taxonomy":"category","embeddable":true,"href":"https:\/\/cvinoticias.com\/v3\/wp-json\/wp\/v2\/categories?post=12069"},{"taxonomy":"post_tag","embeddable":true,"href":"https:\/\/cvinoticias.com\/v3\/wp-json\/wp\/v2\/tags?post=12069"}],"curies":[{"name":"wp","href":"https:\/\/api.w.org\/{rel}","templated":true}]}}