{"id":12062,"date":"2022-01-07T13:02:12","date_gmt":"2022-01-07T13:02:12","guid":{"rendered":"https:\/\/cvinoticias.com\/v3\/?p=12062"},"modified":"2022-01-07T13:02:12","modified_gmt":"2022-01-07T13:02:12","slug":"wanda-detuvieron-a-un-joven-y-recuperaron-una-bomba-de-agua-sustraida-de-una-vivienda-familiar","status":"publish","type":"post","link":"https:\/\/cvinoticias.com\/v3\/wanda-detuvieron-a-un-joven-y-recuperaron-una-bomba-de-agua-sustraida-de-una-vivienda-familiar\/","title":{"rendered":"Wanda: Detuvieron a un joven y recuperaron una bomba de agua sustra\u00edda de una vivienda familiar"},"content":{"rendered":"\n<p><strong><em>Ayer jueves en horas de la tarde, integrantes de la comisar\u00eda jurisdiccional detuvieron a un joven de 23 a\u00f1os, en el marco de la investigaci\u00f3n de un il\u00edcito ocurrido que en una vivienda del barrio Cooperativa.<\/em><\/strong><\/p>\n\n\n\n<p>Asimismo, recuperaron una bomba de agua. La daminificada denunci\u00f3 que le sustrajeron de su vivienda una bomba de agua tras cortar los cables de conexi\u00f3n.<\/p>\n\n\n\n<p>En el marco de las tareas llevadas adelante para el esclarecimiento del il\u00edcito, establecieron que no ser\u00eda ajeno el joven sindicado, quien al momento de la detenci\u00f3n llevaba consigo una bomba de agua de similares caracter\u00edsticas a la sustraida sin poder justificar su propiedad.<\/p>\n\n\n\n<p>El detenido qued\u00f3 alojado en sede policial a disposici\u00f3n de la justicia.<\/p>\n","protected":false},"excerpt":{"rendered":"<p>Ayer jueves en horas de la tarde, integrantes de la comisar\u00eda jurisdiccional detuvieron a un joven de 23 a\u00f1os, en el marco de la investigaci\u00f3n de un il\u00edcito ocurrido que en una vivienda del barrio Cooperativa. Asimismo, recuperaron una bomba de agua. La daminificada denunci\u00f3 que le sustrajeron de su vivienda una bomba de agua [&hellip;]<\/p>\n","protected":false},"author":2,"featured_media":12063,"comment_status":"open","ping_status":"open","sticky":false,"template":"","format":"standard","meta":{"footnotes":""},"categories":[41],"tags":[],"class_list":["post-12062","post","type-post","status-publish","format-standard","has-post-thumbnail","hentry","category-policiales"],"yoast_head":"<!-- This site is optimized with the Yoast SEO plugin v27.5 - https:\/\/yoast.com\/product\/yoast-seo-wordpress\/ -->\n<title>Wanda: Detuvieron a un joven y recuperaron una bomba de agua sustra\u00edda de una vivienda familiar | CVI NOTICIAS<\/title>\n<meta name=\"robots\" content=\"index, follow, max-snippet:-1, max-image-preview:large, max-video-preview:-1\" \/>\n<link rel=\"canonical\" href=\"https:\/\/cvinoticias.com\/v3\/wanda-detuvieron-a-un-joven-y-recuperaron-una-bomba-de-agua-sustraida-de-una-vivienda-familiar\/\" \/>\n<meta property=\"og:locale\" content=\"es_ES\" \/>\n<meta property=\"og:type\" content=\"article\" \/>\n<meta property=\"og:title\" content=\"Wanda: Detuvieron a un joven y recuperaron una bomba de agua sustra\u00edda de una vivienda familiar | CVI NOTICIAS\" \/>\n<meta property=\"og:description\" content=\"Ayer jueves en horas de la tarde, integrantes de la comisar\u00eda jurisdiccional detuvieron a un joven de 23 a\u00f1os, en el marco de la investigaci\u00f3n de un il\u00edcito ocurrido que en una vivienda del barrio Cooperativa. Asimismo, recuperaron una bomba de agua. La daminificada denunci\u00f3 que le sustrajeron de su vivienda una bomba de agua [&hellip;]\" \/>\n<meta property=\"og:url\" content=\"https:\/\/cvinoticias.com\/v3\/wanda-detuvieron-a-un-joven-y-recuperaron-una-bomba-de-agua-sustraida-de-una-vivienda-familiar\/\" \/>\n<meta property=\"og:site_name\" content=\"CVI NOTICIAS\" \/>\n<meta property=\"article:publisher\" content=\"https:\/\/www.facebook.com\/cvinoticias\" \/>\n<meta property=\"article:published_time\" content=\"2022-01-07T13:02:12+00:00\" \/>\n<meta property=\"og:image\" content=\"https:\/\/cvinoticias.com\/wp-content\/uploads\/2022\/01\/FB_IMG_1641560428935.jpg\" \/>\n\t<meta property=\"og:image:width\" content=\"720\" \/>\n\t<meta property=\"og:image:height\" content=\"875\" \/>\n\t<meta property=\"og:image:type\" content=\"image\/jpeg\" \/>\n<meta name=\"author\" content=\"f1000024\" \/>\n<meta name=\"twitter:card\" content=\"summary_large_image\" \/>\n<meta name=\"twitter:label1\" content=\"Escrito por\" \/>\n\t<meta name=\"twitter:data1\" content=\"f1000024\" \/>\n\t<meta name=\"twitter:label2\" content=\"Tiempo de lectura\" \/>\n\t<meta name=\"twitter:data2\" content=\"1 minuto\" \/>\n<script type=\"application\/ld+json\" class=\"yoast-schema-graph\">{\"@context\":\"https:\\\/\\\/schema.org\",\"@graph\":[{\"@type\":\"Article\",\"@id\":\"https:\\\/\\\/cvinoticias.com\\\/v3\\\/wanda-detuvieron-a-un-joven-y-recuperaron-una-bomba-de-agua-sustraida-de-una-vivienda-familiar\\\/#article\",\"isPartOf\":{\"@id\":\"https:\\\/\\\/cvinoticias.com\\\/v3\\\/wanda-detuvieron-a-un-joven-y-recuperaron-una-bomba-de-agua-sustraida-de-una-vivienda-familiar\\\/\"},\"author\":{\"name\":\"f1000024\",\"@id\":\"https:\\\/\\\/cvinoticias.com\\\/v3\\\/#\\\/schema\\\/person\\\/2db77e3c6bc03c538495d7b2b8be9b66\"},\"headline\":\"Wanda: Detuvieron a un joven y recuperaron una bomba de agua sustra\u00edda de una vivienda familiar\",\"datePublished\":\"2022-01-07T13:02:12+00:00\",\"mainEntityOfPage\":{\"@id\":\"https:\\\/\\\/cvinoticias.com\\\/v3\\\/wanda-detuvieron-a-un-joven-y-recuperaron-una-bomba-de-agua-sustraida-de-una-vivienda-familiar\\\/\"},\"wordCount\":143,\"commentCount\":0,\"publisher\":{\"@id\":\"https:\\\/\\\/cvinoticias.com\\\/v3\\\/#organization\"},\"image\":{\"@id\":\"https:\\\/\\\/cvinoticias.com\\\/v3\\\/wanda-detuvieron-a-un-joven-y-recuperaron-una-bomba-de-agua-sustraida-de-una-vivienda-familiar\\\/#primaryimage\"},\"thumbnailUrl\":\"https:\\\/\\\/cvinoticias.com\\\/wp-content\\\/uploads\\\/2022\\\/01\\\/FB_IMG_1641560428935.jpg\",\"articleSection\":[\"Policiales\"],\"inLanguage\":\"es\",\"potentialAction\":[{\"@type\":\"CommentAction\",\"name\":\"Comment\",\"target\":[\"https:\\\/\\\/cvinoticias.com\\\/v3\\\/wanda-detuvieron-a-un-joven-y-recuperaron-una-bomba-de-agua-sustraida-de-una-vivienda-familiar\\\/#respond\"]}]},{\"@type\":\"WebPage\",\"@id\":\"https:\\\/\\\/cvinoticias.com\\\/v3\\\/wanda-detuvieron-a-un-joven-y-recuperaron-una-bomba-de-agua-sustraida-de-una-vivienda-familiar\\\/\",\"url\":\"https:\\\/\\\/cvinoticias.com\\\/v3\\\/wanda-detuvieron-a-un-joven-y-recuperaron-una-bomba-de-agua-sustraida-de-una-vivienda-familiar\\\/\",\"name\":\"Wanda: Detuvieron a un joven y recuperaron una bomba de agua sustra\u00edda de una vivienda familiar | CVI NOTICIAS\",\"isPartOf\":{\"@id\":\"https:\\\/\\\/cvinoticias.com\\\/v3\\\/#website\"},\"primaryImageOfPage\":{\"@id\":\"https:\\\/\\\/cvinoticias.com\\\/v3\\\/wanda-detuvieron-a-un-joven-y-recuperaron-una-bomba-de-agua-sustraida-de-una-vivienda-familiar\\\/#primaryimage\"},\"image\":{\"@id\":\"https:\\\/\\\/cvinoticias.com\\\/v3\\\/wanda-detuvieron-a-un-joven-y-recuperaron-una-bomba-de-agua-sustraida-de-una-vivienda-familiar\\\/#primaryimage\"},\"thumbnailUrl\":\"https:\\\/\\\/cvinoticias.com\\\/wp-content\\\/uploads\\\/2022\\\/01\\\/FB_IMG_1641560428935.jpg\",\"datePublished\":\"2022-01-07T13:02:12+00:00\",\"breadcrumb\":{\"@id\":\"https:\\\/\\\/cvinoticias.com\\\/v3\\\/wanda-detuvieron-a-un-joven-y-recuperaron-una-bomba-de-agua-sustraida-de-una-vivienda-familiar\\\/#breadcrumb\"},\"inLanguage\":\"es\",\"potentialAction\":[{\"@type\":\"ReadAction\",\"target\":[\"https:\\\/\\\/cvinoticias.com\\\/v3\\\/wanda-detuvieron-a-un-joven-y-recuperaron-una-bomba-de-agua-sustraida-de-una-vivienda-familiar\\\/\"]}]},{\"@type\":\"ImageObject\",\"inLanguage\":\"es\",\"@id\":\"https:\\\/\\\/cvinoticias.com\\\/v3\\\/wanda-detuvieron-a-un-joven-y-recuperaron-una-bomba-de-agua-sustraida-de-una-vivienda-familiar\\\/#primaryimage\",\"url\":\"https:\\\/\\\/cvinoticias.com\\\/wp-content\\\/uploads\\\/2022\\\/01\\\/FB_IMG_1641560428935.jpg\",\"contentUrl\":\"https:\\\/\\\/cvinoticias.com\\\/wp-content\\\/uploads\\\/2022\\\/01\\\/FB_IMG_1641560428935.jpg\",\"width\":720,\"height\":875},{\"@type\":\"BreadcrumbList\",\"@id\":\"https:\\\/\\\/cvinoticias.com\\\/v3\\\/wanda-detuvieron-a-un-joven-y-recuperaron-una-bomba-de-agua-sustraida-de-una-vivienda-familiar\\\/#breadcrumb\",\"itemListElement\":[{\"@type\":\"ListItem\",\"position\":1,\"name\":\"Portada\",\"item\":\"https:\\\/\\\/cvinoticias.com\\\/v3\\\/\"},{\"@type\":\"ListItem\",\"position\":2,\"name\":\"Wanda: Detuvieron a un joven y recuperaron una bomba de agua sustra\u00edda de una vivienda familiar\"}]},{\"@type\":\"WebSite\",\"@id\":\"https:\\\/\\\/cvinoticias.com\\\/v3\\\/#website\",\"url\":\"https:\\\/\\\/cvinoticias.com\\\/v3\\\/\",\"name\":\"CVI NOTICIAS\",\"description\":\"\",\"publisher\":{\"@id\":\"https:\\\/\\\/cvinoticias.com\\\/v3\\\/#organization\"},\"alternateName\":\"CVI\",\"potentialAction\":[{\"@type\":\"SearchAction\",\"target\":{\"@type\":\"EntryPoint\",\"urlTemplate\":\"https:\\\/\\\/cvinoticias.com\\\/v3\\\/?s={search_term_string}\"},\"query-input\":{\"@type\":\"PropertyValueSpecification\",\"valueRequired\":true,\"valueName\":\"search_term_string\"}}],\"inLanguage\":\"es\"},{\"@type\":\"Organization\",\"@id\":\"https:\\\/\\\/cvinoticias.com\\\/v3\\\/#organization\",\"name\":\"CVI NOTICIAS\",\"url\":\"https:\\\/\\\/cvinoticias.com\\\/v3\\\/\",\"logo\":{\"@type\":\"ImageObject\",\"inLanguage\":\"es\",\"@id\":\"https:\\\/\\\/cvinoticias.com\\\/v3\\\/#\\\/schema\\\/logo\\\/image\\\/\",\"url\":\"https:\\\/\\\/cvinoticias.com\\\/wp-content\\\/uploads\\\/2023\\\/04\\\/cropped-cropped-cropped-cropped-cropped-3-1.png\",\"contentUrl\":\"https:\\\/\\\/cvinoticias.com\\\/wp-content\\\/uploads\\\/2023\\\/04\\\/cropped-cropped-cropped-cropped-cropped-3-1.png\",\"width\":95,\"height\":122,\"caption\":\"CVI NOTICIAS\"},\"image\":{\"@id\":\"https:\\\/\\\/cvinoticias.com\\\/v3\\\/#\\\/schema\\\/logo\\\/image\\\/\"},\"sameAs\":[\"https:\\\/\\\/www.facebook.com\\\/cvinoticias\",\"https:\\\/\\\/www.instagram.com\\\/cvinoticias\\\/\",\"https:\\\/\\\/www.youtube.com\\\/@CVINOTICIAS\"]},{\"@type\":\"Person\",\"@id\":\"https:\\\/\\\/cvinoticias.com\\\/v3\\\/#\\\/schema\\\/person\\\/2db77e3c6bc03c538495d7b2b8be9b66\",\"name\":\"f1000024\",\"image\":{\"@type\":\"ImageObject\",\"inLanguage\":\"es\",\"@id\":\"https:\\\/\\\/secure.gravatar.com\\\/avatar\\\/d4fe7459cfc51ff5129ce1a732bbef5928568b8092d412ef95611616376bbeed?s=96&d=mm&r=g\",\"url\":\"https:\\\/\\\/secure.gravatar.com\\\/avatar\\\/d4fe7459cfc51ff5129ce1a732bbef5928568b8092d412ef95611616376bbeed?s=96&d=mm&r=g\",\"contentUrl\":\"https:\\\/\\\/secure.gravatar.com\\\/avatar\\\/d4fe7459cfc51ff5129ce1a732bbef5928568b8092d412ef95611616376bbeed?s=96&d=mm&r=g\",\"caption\":\"f1000024\"},\"url\":\"https:\\\/\\\/cvinoticias.com\\\/v3\\\/author\\\/f1000024\\\/\"}]}<\/script>\n<!-- \/ Yoast SEO plugin. -->","yoast_head_json":{"title":"Wanda: Detuvieron a un joven y recuperaron una bomba de agua sustra\u00edda de una vivienda familiar | CVI NOTICIAS","robots":{"index":"index","follow":"follow","max-snippet":"max-snippet:-1","max-image-preview":"max-image-preview:large","max-video-preview":"max-video-preview:-1"},"canonical":"https:\/\/cvinoticias.com\/v3\/wanda-detuvieron-a-un-joven-y-recuperaron-una-bomba-de-agua-sustraida-de-una-vivienda-familiar\/","og_locale":"es_ES","og_type":"article","og_title":"Wanda: Detuvieron a un joven y recuperaron una bomba de agua sustra\u00edda de una vivienda familiar | CVI NOTICIAS","og_description":"Ayer jueves en horas de la tarde, integrantes de la comisar\u00eda jurisdiccional detuvieron a un joven de 23 a\u00f1os, en el marco de la investigaci\u00f3n de un il\u00edcito ocurrido que en una vivienda del barrio Cooperativa. Asimismo, recuperaron una bomba de agua. La daminificada denunci\u00f3 que le sustrajeron de su vivienda una bomba de agua [&hellip;]","og_url":"https:\/\/cvinoticias.com\/v3\/wanda-detuvieron-a-un-joven-y-recuperaron-una-bomba-de-agua-sustraida-de-una-vivienda-familiar\/","og_site_name":"CVI NOTICIAS","article_publisher":"https:\/\/www.facebook.com\/cvinoticias","article_published_time":"2022-01-07T13:02:12+00:00","og_image":[{"width":720,"height":875,"url":"https:\/\/cvinoticias.com\/wp-content\/uploads\/2022\/01\/FB_IMG_1641560428935.jpg","type":"image\/jpeg"}],"author":"f1000024","twitter_card":"summary_large_image","twitter_misc":{"Escrito por":"f1000024","Tiempo de lectura":"1 minuto"},"schema":{"@context":"https:\/\/schema.org","@graph":[{"@type":"Article","@id":"https:\/\/cvinoticias.com\/v3\/wanda-detuvieron-a-un-joven-y-recuperaron-una-bomba-de-agua-sustraida-de-una-vivienda-familiar\/#article","isPartOf":{"@id":"https:\/\/cvinoticias.com\/v3\/wanda-detuvieron-a-un-joven-y-recuperaron-una-bomba-de-agua-sustraida-de-una-vivienda-familiar\/"},"author":{"name":"f1000024","@id":"https:\/\/cvinoticias.com\/v3\/#\/schema\/person\/2db77e3c6bc03c538495d7b2b8be9b66"},"headline":"Wanda: Detuvieron a un joven y recuperaron una bomba de agua sustra\u00edda de una vivienda familiar","datePublished":"2022-01-07T13:02:12+00:00","mainEntityOfPage":{"@id":"https:\/\/cvinoticias.com\/v3\/wanda-detuvieron-a-un-joven-y-recuperaron-una-bomba-de-agua-sustraida-de-una-vivienda-familiar\/"},"wordCount":143,"commentCount":0,"publisher":{"@id":"https:\/\/cvinoticias.com\/v3\/#organization"},"image":{"@id":"https:\/\/cvinoticias.com\/v3\/wanda-detuvieron-a-un-joven-y-recuperaron-una-bomba-de-agua-sustraida-de-una-vivienda-familiar\/#primaryimage"},"thumbnailUrl":"https:\/\/cvinoticias.com\/wp-content\/uploads\/2022\/01\/FB_IMG_1641560428935.jpg","articleSection":["Policiales"],"inLanguage":"es","potentialAction":[{"@type":"CommentAction","name":"Comment","target":["https:\/\/cvinoticias.com\/v3\/wanda-detuvieron-a-un-joven-y-recuperaron-una-bomba-de-agua-sustraida-de-una-vivienda-familiar\/#respond"]}]},{"@type":"WebPage","@id":"https:\/\/cvinoticias.com\/v3\/wanda-detuvieron-a-un-joven-y-recuperaron-una-bomba-de-agua-sustraida-de-una-vivienda-familiar\/","url":"https:\/\/cvinoticias.com\/v3\/wanda-detuvieron-a-un-joven-y-recuperaron-una-bomba-de-agua-sustraida-de-una-vivienda-familiar\/","name":"Wanda: Detuvieron a un joven y recuperaron una bomba de agua sustra\u00edda de una vivienda familiar | CVI NOTICIAS","isPartOf":{"@id":"https:\/\/cvinoticias.com\/v3\/#website"},"primaryImageOfPage":{"@id":"https:\/\/cvinoticias.com\/v3\/wanda-detuvieron-a-un-joven-y-recuperaron-una-bomba-de-agua-sustraida-de-una-vivienda-familiar\/#primaryimage"},"image":{"@id":"https:\/\/cvinoticias.com\/v3\/wanda-detuvieron-a-un-joven-y-recuperaron-una-bomba-de-agua-sustraida-de-una-vivienda-familiar\/#primaryimage"},"thumbnailUrl":"https:\/\/cvinoticias.com\/wp-content\/uploads\/2022\/01\/FB_IMG_1641560428935.jpg","datePublished":"2022-01-07T13:02:12+00:00","breadcrumb":{"@id":"https:\/\/cvinoticias.com\/v3\/wanda-detuvieron-a-un-joven-y-recuperaron-una-bomba-de-agua-sustraida-de-una-vivienda-familiar\/#breadcrumb"},"inLanguage":"es","potentialAction":[{"@type":"ReadAction","target":["https:\/\/cvinoticias.com\/v3\/wanda-detuvieron-a-un-joven-y-recuperaron-una-bomba-de-agua-sustraida-de-una-vivienda-familiar\/"]}]},{"@type":"ImageObject","inLanguage":"es","@id":"https:\/\/cvinoticias.com\/v3\/wanda-detuvieron-a-un-joven-y-recuperaron-una-bomba-de-agua-sustraida-de-una-vivienda-familiar\/#primaryimage","url":"https:\/\/cvinoticias.com\/wp-content\/uploads\/2022\/01\/FB_IMG_1641560428935.jpg","contentUrl":"https:\/\/cvinoticias.com\/wp-content\/uploads\/2022\/01\/FB_IMG_1641560428935.jpg","width":720,"height":875},{"@type":"BreadcrumbList","@id":"https:\/\/cvinoticias.com\/v3\/wanda-detuvieron-a-un-joven-y-recuperaron-una-bomba-de-agua-sustraida-de-una-vivienda-familiar\/#breadcrumb","itemListElement":[{"@type":"ListItem","position":1,"name":"Portada","item":"https:\/\/cvinoticias.com\/v3\/"},{"@type":"ListItem","position":2,"name":"Wanda: Detuvieron a un joven y recuperaron una bomba de agua sustra\u00edda de una vivienda familiar"}]},{"@type":"WebSite","@id":"https:\/\/cvinoticias.com\/v3\/#website","url":"https:\/\/cvinoticias.com\/v3\/","name":"CVI NOTICIAS","description":"","publisher":{"@id":"https:\/\/cvinoticias.com\/v3\/#organization"},"alternateName":"CVI","potentialAction":[{"@type":"SearchAction","target":{"@type":"EntryPoint","urlTemplate":"https:\/\/cvinoticias.com\/v3\/?s={search_term_string}"},"query-input":{"@type":"PropertyValueSpecification","valueRequired":true,"valueName":"search_term_string"}}],"inLanguage":"es"},{"@type":"Organization","@id":"https:\/\/cvinoticias.com\/v3\/#organization","name":"CVI NOTICIAS","url":"https:\/\/cvinoticias.com\/v3\/","logo":{"@type":"ImageObject","inLanguage":"es","@id":"https:\/\/cvinoticias.com\/v3\/#\/schema\/logo\/image\/","url":"https:\/\/cvinoticias.com\/wp-content\/uploads\/2023\/04\/cropped-cropped-cropped-cropped-cropped-3-1.png","contentUrl":"https:\/\/cvinoticias.com\/wp-content\/uploads\/2023\/04\/cropped-cropped-cropped-cropped-cropped-3-1.png","width":95,"height":122,"caption":"CVI NOTICIAS"},"image":{"@id":"https:\/\/cvinoticias.com\/v3\/#\/schema\/logo\/image\/"},"sameAs":["https:\/\/www.facebook.com\/cvinoticias","https:\/\/www.instagram.com\/cvinoticias\/","https:\/\/www.youtube.com\/@CVINOTICIAS"]},{"@type":"Person","@id":"https:\/\/cvinoticias.com\/v3\/#\/schema\/person\/2db77e3c6bc03c538495d7b2b8be9b66","name":"f1000024","image":{"@type":"ImageObject","inLanguage":"es","@id":"https:\/\/secure.gravatar.com\/avatar\/d4fe7459cfc51ff5129ce1a732bbef5928568b8092d412ef95611616376bbeed?s=96&d=mm&r=g","url":"https:\/\/secure.gravatar.com\/avatar\/d4fe7459cfc51ff5129ce1a732bbef5928568b8092d412ef95611616376bbeed?s=96&d=mm&r=g","contentUrl":"https:\/\/secure.gravatar.com\/avatar\/d4fe7459cfc51ff5129ce1a732bbef5928568b8092d412ef95611616376bbeed?s=96&d=mm&r=g","caption":"f1000024"},"url":"https:\/\/cvinoticias.com\/v3\/author\/f1000024\/"}]}},"_links":{"self":[{"href":"https:\/\/cvinoticias.com\/v3\/wp-json\/wp\/v2\/posts\/12062","targetHints":{"allow":["GET"]}}],"collection":[{"href":"https:\/\/cvinoticias.com\/v3\/wp-json\/wp\/v2\/posts"}],"about":[{"href":"https:\/\/cvinoticias.com\/v3\/wp-json\/wp\/v2\/types\/post"}],"author":[{"embeddable":true,"href":"https:\/\/cvinoticias.com\/v3\/wp-json\/wp\/v2\/users\/2"}],"replies":[{"embeddable":true,"href":"https:\/\/cvinoticias.com\/v3\/wp-json\/wp\/v2\/comments?post=12062"}],"version-history":[{"count":1,"href":"https:\/\/cvinoticias.com\/v3\/wp-json\/wp\/v2\/posts\/12062\/revisions"}],"predecessor-version":[{"id":12064,"href":"https:\/\/cvinoticias.com\/v3\/wp-json\/wp\/v2\/posts\/12062\/revisions\/12064"}],"wp:featuredmedia":[{"embeddable":true,"href":"https:\/\/cvinoticias.com\/v3\/wp-json\/wp\/v2\/media\/12063"}],"wp:attachment":[{"href":"https:\/\/cvinoticias.com\/v3\/wp-json\/wp\/v2\/media?parent=12062"}],"wp:term":[{"taxonomy":"category","embeddable":true,"href":"https:\/\/cvinoticias.com\/v3\/wp-json\/wp\/v2\/categories?post=12062"},{"taxonomy":"post_tag","embeddable":true,"href":"https:\/\/cvinoticias.com\/v3\/wp-json\/wp\/v2\/tags?post=12062"}],"curies":[{"name":"wp","href":"https:\/\/api.w.org\/{rel}","templated":true}]}}