{"id":12052,"date":"2022-01-07T01:38:36","date_gmt":"2022-01-07T01:38:36","guid":{"rendered":"https:\/\/cvinoticias.com\/v3\/?p=12052"},"modified":"2022-01-07T01:38:36","modified_gmt":"2022-01-07T01:38:36","slug":"los-bomberos-voluntarios-de-obera-incorporaron-una-nueva-ambulancia-de-alta-complejidad","status":"publish","type":"post","link":"https:\/\/cvinoticias.com\/v3\/los-bomberos-voluntarios-de-obera-incorporaron-una-nueva-ambulancia-de-alta-complejidad\/","title":{"rendered":"Los Bomberos Voluntarios de Ober\u00e1 incorporaron una nueva ambulancia de alta complejidad"},"content":{"rendered":"\n<p><strong><em>Una nueva Unidad de Rescate se sum\u00f3 al parque automotor de los Bomberos Voluntarios de Ober\u00e1. El Gobernador particip\u00f3 en la entrega de un m\u00f3vil de alta complejidad equipado para encarar tareas de rescates en siniestros y cat\u00e1strofes. La misma fue adquirida en gran parte a trav\u00e9s de un subsidio provincial.<\/em><\/strong><\/p>\n\n\n\n<p>A primeras horas de la noche, los Bomberos Voluntarios de Ober\u00e1 presentaron una nueva unidad de rescate. Se trata de una ambulancia de alta complejidad equipada para encarar tareas de rescates en siniestros y cat\u00e1strofes. En ese marco, el gobernador Oscar Herrera Ahuad inspeccion\u00f3 el m\u00f3vil y acompa\u00f1\u00f3 la entrega. Seguidamente, recorri\u00f3 las instalaciones del cuartel y dialog\u00f3 con los bomberos para interiorizarse de su esfuerzo diario en favor de la comunidad.<\/p>\n\n\n\n<figure class=\"wp-block-image size-full\"><a href=\"https:\/\/cvinoticias.com\/wp-content\/uploads\/2022\/01\/WhatsApp-Image-2022-01-06-at-20.49.19-768x576-2.jpeg\"><img decoding=\"async\" width=\"768\" height=\"576\" data-src=\"https:\/\/cvinoticias.com\/wp-content\/uploads\/2022\/01\/WhatsApp-Image-2022-01-06-at-20.49.19-768x576-2.jpeg\" alt=\"\" class=\"wp-image-12053 lazyload\" data-srcset=\"https:\/\/cvinoticias.com\/wp-content\/uploads\/2022\/01\/WhatsApp-Image-2022-01-06-at-20.49.19-768x576-2.jpeg 768w, https:\/\/cvinoticias.com\/wp-content\/uploads\/2022\/01\/WhatsApp-Image-2022-01-06-at-20.49.19-768x576-2-300x225.jpeg 300w\" data-sizes=\"(max-width: 768px) 100vw, 768px\" src=\"data:image\/svg+xml;base64,PHN2ZyB3aWR0aD0iMSIgaGVpZ2h0PSIxIiB4bWxucz0iaHR0cDovL3d3dy53My5vcmcvMjAwMC9zdmciPjwvc3ZnPg==\" style=\"--smush-placeholder-width: 768px; --smush-placeholder-aspect-ratio: 768\/576;\" \/><\/a><\/figure>\n\n\n\n<p>Al respecto de la entrega, el mandatario coment\u00f3 que la misma va \u201cm\u00e1s all\u00e1 de lo material, que es de un valor incalculable, porque esta unidad de rescate significa salvar vidas humanas. Ah\u00ed dentro hay elementos y herramientas que a partir de hoy van a salvar muchas vidas\u201d. Continu\u00f3 destacando la voluntad de trabajo de los bomberos y se\u00f1al\u00f3 que esto demuestra a la provincia, \u201cque el bien com\u00fan de la sociedad misionera es el actor social de todo\u201d.<\/p>\n\n\n\n<p>En la misma l\u00ednea, aprovech\u00f3 la ocasi\u00f3n para agradecer a todos los Bomberos Voluntarios de Misiones por su enorme dedicaci\u00f3n, vocaci\u00f3n, esp\u00edritu y humanidad en sus labores diarias hacia la comunidad. \u201cSi bien representan un elemento fundamental en los incendios forestales, sabemos que la tarea del bombero voluntario misionero es de 24 horas los 365 d\u00edas del a\u00f1o\u201d, remarc\u00f3.<\/p>\n\n\n\n<p>As\u00ed, expres\u00f3 que \u201ces un momento propicio para fortalecer los lazos que nos unen desde la sociedad, la pol\u00edtica y la continuidad de un proyecto pol\u00edtico que siempre va mirando c\u00f3mo construir un eslab\u00f3n m\u00e1s\u201d. Desde las diferentes organismos estatales, explic\u00f3, se trabaja con un objetivo en com\u00fan, un \u201cesquema muy aceitado, muy engranado, sin mirar distinciones pol\u00edticas partidarias. Se trabaja en favor del bienestar de la sociedad\u201d.<\/p>\n\n\n\n<p>Asimismo, anunci\u00f3 que en los pr\u00f3ximos d\u00edas se empezar\u00e1 a trabajar en la traza urbana del cuartel para dinamizar el funcionamiento de su parque m\u00f3vil. Hacia al final enfatiz\u00f3 que desde la provincia \u201cnos van a tener siempre gestionando y trabajando por todos los misioneros\u201d. A lo que agreg\u00f3 que en los pr\u00f3ximos d\u00edas se reunir\u00e1 con los cuerpos de los Bomberos Voluntarios de Misiones para delinear la agenda de trabajo para 2022.<\/p>\n\n\n\n<p>Tambi\u00e9n, Herrera Ahuad adelant\u00f3 que habr\u00e1 un plan de inversi\u00f3n para la fabricaci\u00f3n de m\u00f3viles que se adapten a los caminos misioneros adem\u00e1s de continuar con la compra de unidades importadas. En la entrega acompa\u00f1aron el ministro coordinador de Gabinete, Ricardo Wellbach; el diputado nacional, Carlos Fern\u00e1ndez; el jefe de cuartel de Bomberos de Ober\u00e1, Marcelo Sedoff; entre otros funcionarios provinciales, concejales y autoridades municipales junto a otros bomberos voluntarios.<\/p>\n\n\n\n<figure class=\"wp-block-image size-large is-resized\"><a href=\"https:\/\/cvinoticias.com\/wp-content\/uploads\/2022\/01\/FB_IMG_1641519122099.jpg\"><img decoding=\"async\" data-src=\"https:\/\/cvinoticias.com\/wp-content\/uploads\/2022\/01\/FB_IMG_1641519122099-1024x683.jpg\" alt=\"\" class=\"wp-image-12054 lazyload\" width=\"709\" height=\"473\" data-srcset=\"https:\/\/cvinoticias.com\/wp-content\/uploads\/2022\/01\/FB_IMG_1641519122099-1024x683.jpg 1024w, https:\/\/cvinoticias.com\/wp-content\/uploads\/2022\/01\/FB_IMG_1641519122099-300x200.jpg 300w, https:\/\/cvinoticias.com\/wp-content\/uploads\/2022\/01\/FB_IMG_1641519122099-768x512.jpg 768w, https:\/\/cvinoticias.com\/wp-content\/uploads\/2022\/01\/FB_IMG_1641519122099.jpg 1080w\" data-sizes=\"(max-width: 709px) 100vw, 709px\" src=\"data:image\/svg+xml;base64,PHN2ZyB3aWR0aD0iMSIgaGVpZ2h0PSIxIiB4bWxucz0iaHR0cDovL3d3dy53My5vcmcvMjAwMC9zdmciPjwvc3ZnPg==\" style=\"--smush-placeholder-width: 709px; --smush-placeholder-aspect-ratio: 709\/473;\" \/><\/a><\/figure>\n\n\n\n<p><strong>Una nueva incorporaci\u00f3n esencial<\/strong><\/p>\n\n\n\n<p>El nuevo m\u00f3vil, incorporado al parque vial de los Bomberos Voluntarios de Ober\u00e1, es un modelo 2008 es importado de Estados Unidos, es un Ford Modelo E-450 Ambulance turbo di\u00e9sel autom\u00e1tica 2008 que pudo ser adquirido a trav\u00e9s de un subsidio que aport\u00f3 la provincia y la diferencia se alcanz\u00f3 con la venta de la unidad de rescate anterior modelo 90. De esta manera, el cuartel cuenta en la actualidad con 8 unidades para sus trabajos diarios.<\/p>\n\n\n\n<p>En mayor detalle, el medio de transporte est\u00e1 equipado con alta complejidad, es decir cuenta con ox\u00edgeno, desfibriladores y toda la tecnolog\u00eda necesaria para primeros auxilios. Pero adem\u00e1s est\u00e1 equipada con elementos de rescate como corta chapas, escaleras y otras herramientas de rescate. La misma servir\u00e1 para trabajar en diferentes accidentes, siniestros o cat\u00e1strofes. Como antecedente, Ober\u00e1 ya cuenta con dos unidades para cubrir esta clase de eventos.<\/p>\n\n\n\n<p>Adem\u00e1s, el nuevo m\u00f3vil beneficiar\u00e1 la labor de los Bomberos Voluntarios de Ober\u00e1, que operan en un establecimiento del Club de Leones. Actualmente el cuerpo tiene 35 bomberos activos y 15 postulantes que est\u00e1n realizando el entrenamiento. Su unidad cuenta con diferentes brigadas entre las que se destacan los materiales peligrosos y la brigada de canes, siendo esta la primera dependencia de bomberos voluntarios de la provincia en contar con una brigada de este tipo.<\/p>\n\n\n\n<figure class=\"wp-block-image size-full is-resized\"><a href=\"https:\/\/cvinoticias.com\/wp-content\/uploads\/2022\/01\/WhatsApp-Image-2022-01-06-at-20.59.13-720x600-2.jpeg\"><img decoding=\"async\" data-src=\"https:\/\/cvinoticias.com\/wp-content\/uploads\/2022\/01\/WhatsApp-Image-2022-01-06-at-20.59.13-720x600-2.jpeg\" alt=\"\" class=\"wp-image-12055 lazyload\" width=\"675\" height=\"563\" data-srcset=\"https:\/\/cvinoticias.com\/wp-content\/uploads\/2022\/01\/WhatsApp-Image-2022-01-06-at-20.59.13-720x600-2.jpeg 720w, https:\/\/cvinoticias.com\/wp-content\/uploads\/2022\/01\/WhatsApp-Image-2022-01-06-at-20.59.13-720x600-2-300x250.jpeg 300w\" data-sizes=\"(max-width: 675px) 100vw, 675px\" src=\"data:image\/svg+xml;base64,PHN2ZyB3aWR0aD0iMSIgaGVpZ2h0PSIxIiB4bWxucz0iaHR0cDovL3d3dy53My5vcmcvMjAwMC9zdmciPjwvc3ZnPg==\" style=\"--smush-placeholder-width: 675px; --smush-placeholder-aspect-ratio: 675\/563;\" \/><\/a><\/figure>\n","protected":false},"excerpt":{"rendered":"<p>Una nueva Unidad de Rescate se sum\u00f3 al parque automotor de los Bomberos Voluntarios de Ober\u00e1. El Gobernador particip\u00f3 en la entrega de un m\u00f3vil de alta complejidad equipado para encarar tareas de rescates en siniestros y cat\u00e1strofes. La misma fue adquirida en gran parte a trav\u00e9s de un subsidio provincial. A primeras horas de [&hellip;]<\/p>\n","protected":false},"author":2,"featured_media":12056,"comment_status":"open","ping_status":"open","sticky":false,"template":"","format":"standard","meta":{"footnotes":""},"categories":[43],"tags":[],"class_list":["post-12052","post","type-post","status-publish","format-standard","has-post-thumbnail","hentry","category-provinciales"],"yoast_head":"<!-- This site is optimized with the Yoast SEO plugin v27.5 - https:\/\/yoast.com\/product\/yoast-seo-wordpress\/ -->\n<title>Los Bomberos Voluntarios de Ober\u00e1 incorporaron una nueva ambulancia de alta complejidad | CVI NOTICIAS<\/title>\n<meta name=\"robots\" content=\"index, follow, max-snippet:-1, max-image-preview:large, max-video-preview:-1\" \/>\n<link rel=\"canonical\" href=\"https:\/\/cvinoticias.com\/v3\/los-bomberos-voluntarios-de-obera-incorporaron-una-nueva-ambulancia-de-alta-complejidad\/\" \/>\n<meta property=\"og:locale\" content=\"es_ES\" \/>\n<meta property=\"og:type\" content=\"article\" \/>\n<meta property=\"og:title\" content=\"Los Bomberos Voluntarios de Ober\u00e1 incorporaron una nueva ambulancia de alta complejidad | CVI NOTICIAS\" \/>\n<meta property=\"og:description\" content=\"Una nueva Unidad de Rescate se sum\u00f3 al parque automotor de los Bomberos Voluntarios de Ober\u00e1. El Gobernador particip\u00f3 en la entrega de un m\u00f3vil de alta complejidad equipado para encarar tareas de rescates en siniestros y cat\u00e1strofes. La misma fue adquirida en gran parte a trav\u00e9s de un subsidio provincial. A primeras horas de [&hellip;]\" \/>\n<meta property=\"og:url\" content=\"https:\/\/cvinoticias.com\/v3\/los-bomberos-voluntarios-de-obera-incorporaron-una-nueva-ambulancia-de-alta-complejidad\/\" \/>\n<meta property=\"og:site_name\" content=\"CVI NOTICIAS\" \/>\n<meta property=\"article:publisher\" content=\"https:\/\/www.facebook.com\/cvinoticias\" \/>\n<meta property=\"article:published_time\" content=\"2022-01-07T01:38:36+00:00\" \/>\n<meta property=\"og:image\" content=\"https:\/\/cvinoticias.com\/wp-content\/uploads\/2022\/01\/FB_IMG_1641519119177.jpg\" \/>\n\t<meta property=\"og:image:width\" content=\"1080\" \/>\n\t<meta property=\"og:image:height\" content=\"720\" \/>\n\t<meta property=\"og:image:type\" content=\"image\/jpeg\" \/>\n<meta name=\"author\" content=\"f1000024\" \/>\n<meta name=\"twitter:card\" content=\"summary_large_image\" \/>\n<meta name=\"twitter:label1\" content=\"Escrito por\" \/>\n\t<meta name=\"twitter:data1\" content=\"f1000024\" \/>\n\t<meta name=\"twitter:label2\" content=\"Tiempo de lectura\" \/>\n\t<meta name=\"twitter:data2\" content=\"4 minutos\" \/>\n<script type=\"application\/ld+json\" class=\"yoast-schema-graph\">{\"@context\":\"https:\\\/\\\/schema.org\",\"@graph\":[{\"@type\":\"Article\",\"@id\":\"https:\\\/\\\/cvinoticias.com\\\/v3\\\/los-bomberos-voluntarios-de-obera-incorporaron-una-nueva-ambulancia-de-alta-complejidad\\\/#article\",\"isPartOf\":{\"@id\":\"https:\\\/\\\/cvinoticias.com\\\/v3\\\/los-bomberos-voluntarios-de-obera-incorporaron-una-nueva-ambulancia-de-alta-complejidad\\\/\"},\"author\":{\"name\":\"f1000024\",\"@id\":\"https:\\\/\\\/cvinoticias.com\\\/v3\\\/#\\\/schema\\\/person\\\/2db77e3c6bc03c538495d7b2b8be9b66\"},\"headline\":\"Los Bomberos Voluntarios de Ober\u00e1 incorporaron una nueva ambulancia de alta complejidad\",\"datePublished\":\"2022-01-07T01:38:36+00:00\",\"mainEntityOfPage\":{\"@id\":\"https:\\\/\\\/cvinoticias.com\\\/v3\\\/los-bomberos-voluntarios-de-obera-incorporaron-una-nueva-ambulancia-de-alta-complejidad\\\/\"},\"wordCount\":745,\"commentCount\":0,\"publisher\":{\"@id\":\"https:\\\/\\\/cvinoticias.com\\\/v3\\\/#organization\"},\"image\":{\"@id\":\"https:\\\/\\\/cvinoticias.com\\\/v3\\\/los-bomberos-voluntarios-de-obera-incorporaron-una-nueva-ambulancia-de-alta-complejidad\\\/#primaryimage\"},\"thumbnailUrl\":\"https:\\\/\\\/cvinoticias.com\\\/wp-content\\\/uploads\\\/2022\\\/01\\\/FB_IMG_1641519119177.jpg\",\"articleSection\":[\"Provinciales\"],\"inLanguage\":\"es\",\"potentialAction\":[{\"@type\":\"CommentAction\",\"name\":\"Comment\",\"target\":[\"https:\\\/\\\/cvinoticias.com\\\/v3\\\/los-bomberos-voluntarios-de-obera-incorporaron-una-nueva-ambulancia-de-alta-complejidad\\\/#respond\"]}]},{\"@type\":\"WebPage\",\"@id\":\"https:\\\/\\\/cvinoticias.com\\\/v3\\\/los-bomberos-voluntarios-de-obera-incorporaron-una-nueva-ambulancia-de-alta-complejidad\\\/\",\"url\":\"https:\\\/\\\/cvinoticias.com\\\/v3\\\/los-bomberos-voluntarios-de-obera-incorporaron-una-nueva-ambulancia-de-alta-complejidad\\\/\",\"name\":\"Los Bomberos Voluntarios de Ober\u00e1 incorporaron una nueva ambulancia de alta complejidad | CVI NOTICIAS\",\"isPartOf\":{\"@id\":\"https:\\\/\\\/cvinoticias.com\\\/v3\\\/#website\"},\"primaryImageOfPage\":{\"@id\":\"https:\\\/\\\/cvinoticias.com\\\/v3\\\/los-bomberos-voluntarios-de-obera-incorporaron-una-nueva-ambulancia-de-alta-complejidad\\\/#primaryimage\"},\"image\":{\"@id\":\"https:\\\/\\\/cvinoticias.com\\\/v3\\\/los-bomberos-voluntarios-de-obera-incorporaron-una-nueva-ambulancia-de-alta-complejidad\\\/#primaryimage\"},\"thumbnailUrl\":\"https:\\\/\\\/cvinoticias.com\\\/wp-content\\\/uploads\\\/2022\\\/01\\\/FB_IMG_1641519119177.jpg\",\"datePublished\":\"2022-01-07T01:38:36+00:00\",\"breadcrumb\":{\"@id\":\"https:\\\/\\\/cvinoticias.com\\\/v3\\\/los-bomberos-voluntarios-de-obera-incorporaron-una-nueva-ambulancia-de-alta-complejidad\\\/#breadcrumb\"},\"inLanguage\":\"es\",\"potentialAction\":[{\"@type\":\"ReadAction\",\"target\":[\"https:\\\/\\\/cvinoticias.com\\\/v3\\\/los-bomberos-voluntarios-de-obera-incorporaron-una-nueva-ambulancia-de-alta-complejidad\\\/\"]}]},{\"@type\":\"ImageObject\",\"inLanguage\":\"es\",\"@id\":\"https:\\\/\\\/cvinoticias.com\\\/v3\\\/los-bomberos-voluntarios-de-obera-incorporaron-una-nueva-ambulancia-de-alta-complejidad\\\/#primaryimage\",\"url\":\"https:\\\/\\\/cvinoticias.com\\\/wp-content\\\/uploads\\\/2022\\\/01\\\/FB_IMG_1641519119177.jpg\",\"contentUrl\":\"https:\\\/\\\/cvinoticias.com\\\/wp-content\\\/uploads\\\/2022\\\/01\\\/FB_IMG_1641519119177.jpg\",\"width\":1080,\"height\":720},{\"@type\":\"BreadcrumbList\",\"@id\":\"https:\\\/\\\/cvinoticias.com\\\/v3\\\/los-bomberos-voluntarios-de-obera-incorporaron-una-nueva-ambulancia-de-alta-complejidad\\\/#breadcrumb\",\"itemListElement\":[{\"@type\":\"ListItem\",\"position\":1,\"name\":\"Portada\",\"item\":\"https:\\\/\\\/cvinoticias.com\\\/v3\\\/\"},{\"@type\":\"ListItem\",\"position\":2,\"name\":\"Los Bomberos Voluntarios de Ober\u00e1 incorporaron una nueva ambulancia de alta complejidad\"}]},{\"@type\":\"WebSite\",\"@id\":\"https:\\\/\\\/cvinoticias.com\\\/v3\\\/#website\",\"url\":\"https:\\\/\\\/cvinoticias.com\\\/v3\\\/\",\"name\":\"CVI NOTICIAS\",\"description\":\"\",\"publisher\":{\"@id\":\"https:\\\/\\\/cvinoticias.com\\\/v3\\\/#organization\"},\"alternateName\":\"CVI\",\"potentialAction\":[{\"@type\":\"SearchAction\",\"target\":{\"@type\":\"EntryPoint\",\"urlTemplate\":\"https:\\\/\\\/cvinoticias.com\\\/v3\\\/?s={search_term_string}\"},\"query-input\":{\"@type\":\"PropertyValueSpecification\",\"valueRequired\":true,\"valueName\":\"search_term_string\"}}],\"inLanguage\":\"es\"},{\"@type\":\"Organization\",\"@id\":\"https:\\\/\\\/cvinoticias.com\\\/v3\\\/#organization\",\"name\":\"CVI NOTICIAS\",\"url\":\"https:\\\/\\\/cvinoticias.com\\\/v3\\\/\",\"logo\":{\"@type\":\"ImageObject\",\"inLanguage\":\"es\",\"@id\":\"https:\\\/\\\/cvinoticias.com\\\/v3\\\/#\\\/schema\\\/logo\\\/image\\\/\",\"url\":\"https:\\\/\\\/cvinoticias.com\\\/wp-content\\\/uploads\\\/2023\\\/04\\\/cropped-cropped-cropped-cropped-cropped-3-1.png\",\"contentUrl\":\"https:\\\/\\\/cvinoticias.com\\\/wp-content\\\/uploads\\\/2023\\\/04\\\/cropped-cropped-cropped-cropped-cropped-3-1.png\",\"width\":95,\"height\":122,\"caption\":\"CVI NOTICIAS\"},\"image\":{\"@id\":\"https:\\\/\\\/cvinoticias.com\\\/v3\\\/#\\\/schema\\\/logo\\\/image\\\/\"},\"sameAs\":[\"https:\\\/\\\/www.facebook.com\\\/cvinoticias\",\"https:\\\/\\\/www.instagram.com\\\/cvinoticias\\\/\",\"https:\\\/\\\/www.youtube.com\\\/@CVINOTICIAS\"]},{\"@type\":\"Person\",\"@id\":\"https:\\\/\\\/cvinoticias.com\\\/v3\\\/#\\\/schema\\\/person\\\/2db77e3c6bc03c538495d7b2b8be9b66\",\"name\":\"f1000024\",\"image\":{\"@type\":\"ImageObject\",\"inLanguage\":\"es\",\"@id\":\"https:\\\/\\\/secure.gravatar.com\\\/avatar\\\/d4fe7459cfc51ff5129ce1a732bbef5928568b8092d412ef95611616376bbeed?s=96&d=mm&r=g\",\"url\":\"https:\\\/\\\/secure.gravatar.com\\\/avatar\\\/d4fe7459cfc51ff5129ce1a732bbef5928568b8092d412ef95611616376bbeed?s=96&d=mm&r=g\",\"contentUrl\":\"https:\\\/\\\/secure.gravatar.com\\\/avatar\\\/d4fe7459cfc51ff5129ce1a732bbef5928568b8092d412ef95611616376bbeed?s=96&d=mm&r=g\",\"caption\":\"f1000024\"},\"url\":\"https:\\\/\\\/cvinoticias.com\\\/v3\\\/author\\\/f1000024\\\/\"}]}<\/script>\n<!-- \/ Yoast SEO plugin. -->","yoast_head_json":{"title":"Los Bomberos Voluntarios de Ober\u00e1 incorporaron una nueva ambulancia de alta complejidad | CVI NOTICIAS","robots":{"index":"index","follow":"follow","max-snippet":"max-snippet:-1","max-image-preview":"max-image-preview:large","max-video-preview":"max-video-preview:-1"},"canonical":"https:\/\/cvinoticias.com\/v3\/los-bomberos-voluntarios-de-obera-incorporaron-una-nueva-ambulancia-de-alta-complejidad\/","og_locale":"es_ES","og_type":"article","og_title":"Los Bomberos Voluntarios de Ober\u00e1 incorporaron una nueva ambulancia de alta complejidad | CVI NOTICIAS","og_description":"Una nueva Unidad de Rescate se sum\u00f3 al parque automotor de los Bomberos Voluntarios de Ober\u00e1. El Gobernador particip\u00f3 en la entrega de un m\u00f3vil de alta complejidad equipado para encarar tareas de rescates en siniestros y cat\u00e1strofes. La misma fue adquirida en gran parte a trav\u00e9s de un subsidio provincial. A primeras horas de [&hellip;]","og_url":"https:\/\/cvinoticias.com\/v3\/los-bomberos-voluntarios-de-obera-incorporaron-una-nueva-ambulancia-de-alta-complejidad\/","og_site_name":"CVI NOTICIAS","article_publisher":"https:\/\/www.facebook.com\/cvinoticias","article_published_time":"2022-01-07T01:38:36+00:00","og_image":[{"width":1080,"height":720,"url":"https:\/\/cvinoticias.com\/wp-content\/uploads\/2022\/01\/FB_IMG_1641519119177.jpg","type":"image\/jpeg"}],"author":"f1000024","twitter_card":"summary_large_image","twitter_misc":{"Escrito por":"f1000024","Tiempo de lectura":"4 minutos"},"schema":{"@context":"https:\/\/schema.org","@graph":[{"@type":"Article","@id":"https:\/\/cvinoticias.com\/v3\/los-bomberos-voluntarios-de-obera-incorporaron-una-nueva-ambulancia-de-alta-complejidad\/#article","isPartOf":{"@id":"https:\/\/cvinoticias.com\/v3\/los-bomberos-voluntarios-de-obera-incorporaron-una-nueva-ambulancia-de-alta-complejidad\/"},"author":{"name":"f1000024","@id":"https:\/\/cvinoticias.com\/v3\/#\/schema\/person\/2db77e3c6bc03c538495d7b2b8be9b66"},"headline":"Los Bomberos Voluntarios de Ober\u00e1 incorporaron una nueva ambulancia de alta complejidad","datePublished":"2022-01-07T01:38:36+00:00","mainEntityOfPage":{"@id":"https:\/\/cvinoticias.com\/v3\/los-bomberos-voluntarios-de-obera-incorporaron-una-nueva-ambulancia-de-alta-complejidad\/"},"wordCount":745,"commentCount":0,"publisher":{"@id":"https:\/\/cvinoticias.com\/v3\/#organization"},"image":{"@id":"https:\/\/cvinoticias.com\/v3\/los-bomberos-voluntarios-de-obera-incorporaron-una-nueva-ambulancia-de-alta-complejidad\/#primaryimage"},"thumbnailUrl":"https:\/\/cvinoticias.com\/wp-content\/uploads\/2022\/01\/FB_IMG_1641519119177.jpg","articleSection":["Provinciales"],"inLanguage":"es","potentialAction":[{"@type":"CommentAction","name":"Comment","target":["https:\/\/cvinoticias.com\/v3\/los-bomberos-voluntarios-de-obera-incorporaron-una-nueva-ambulancia-de-alta-complejidad\/#respond"]}]},{"@type":"WebPage","@id":"https:\/\/cvinoticias.com\/v3\/los-bomberos-voluntarios-de-obera-incorporaron-una-nueva-ambulancia-de-alta-complejidad\/","url":"https:\/\/cvinoticias.com\/v3\/los-bomberos-voluntarios-de-obera-incorporaron-una-nueva-ambulancia-de-alta-complejidad\/","name":"Los Bomberos Voluntarios de Ober\u00e1 incorporaron una nueva ambulancia de alta complejidad | CVI NOTICIAS","isPartOf":{"@id":"https:\/\/cvinoticias.com\/v3\/#website"},"primaryImageOfPage":{"@id":"https:\/\/cvinoticias.com\/v3\/los-bomberos-voluntarios-de-obera-incorporaron-una-nueva-ambulancia-de-alta-complejidad\/#primaryimage"},"image":{"@id":"https:\/\/cvinoticias.com\/v3\/los-bomberos-voluntarios-de-obera-incorporaron-una-nueva-ambulancia-de-alta-complejidad\/#primaryimage"},"thumbnailUrl":"https:\/\/cvinoticias.com\/wp-content\/uploads\/2022\/01\/FB_IMG_1641519119177.jpg","datePublished":"2022-01-07T01:38:36+00:00","breadcrumb":{"@id":"https:\/\/cvinoticias.com\/v3\/los-bomberos-voluntarios-de-obera-incorporaron-una-nueva-ambulancia-de-alta-complejidad\/#breadcrumb"},"inLanguage":"es","potentialAction":[{"@type":"ReadAction","target":["https:\/\/cvinoticias.com\/v3\/los-bomberos-voluntarios-de-obera-incorporaron-una-nueva-ambulancia-de-alta-complejidad\/"]}]},{"@type":"ImageObject","inLanguage":"es","@id":"https:\/\/cvinoticias.com\/v3\/los-bomberos-voluntarios-de-obera-incorporaron-una-nueva-ambulancia-de-alta-complejidad\/#primaryimage","url":"https:\/\/cvinoticias.com\/wp-content\/uploads\/2022\/01\/FB_IMG_1641519119177.jpg","contentUrl":"https:\/\/cvinoticias.com\/wp-content\/uploads\/2022\/01\/FB_IMG_1641519119177.jpg","width":1080,"height":720},{"@type":"BreadcrumbList","@id":"https:\/\/cvinoticias.com\/v3\/los-bomberos-voluntarios-de-obera-incorporaron-una-nueva-ambulancia-de-alta-complejidad\/#breadcrumb","itemListElement":[{"@type":"ListItem","position":1,"name":"Portada","item":"https:\/\/cvinoticias.com\/v3\/"},{"@type":"ListItem","position":2,"name":"Los Bomberos Voluntarios de Ober\u00e1 incorporaron una nueva ambulancia de alta complejidad"}]},{"@type":"WebSite","@id":"https:\/\/cvinoticias.com\/v3\/#website","url":"https:\/\/cvinoticias.com\/v3\/","name":"CVI NOTICIAS","description":"","publisher":{"@id":"https:\/\/cvinoticias.com\/v3\/#organization"},"alternateName":"CVI","potentialAction":[{"@type":"SearchAction","target":{"@type":"EntryPoint","urlTemplate":"https:\/\/cvinoticias.com\/v3\/?s={search_term_string}"},"query-input":{"@type":"PropertyValueSpecification","valueRequired":true,"valueName":"search_term_string"}}],"inLanguage":"es"},{"@type":"Organization","@id":"https:\/\/cvinoticias.com\/v3\/#organization","name":"CVI NOTICIAS","url":"https:\/\/cvinoticias.com\/v3\/","logo":{"@type":"ImageObject","inLanguage":"es","@id":"https:\/\/cvinoticias.com\/v3\/#\/schema\/logo\/image\/","url":"https:\/\/cvinoticias.com\/wp-content\/uploads\/2023\/04\/cropped-cropped-cropped-cropped-cropped-3-1.png","contentUrl":"https:\/\/cvinoticias.com\/wp-content\/uploads\/2023\/04\/cropped-cropped-cropped-cropped-cropped-3-1.png","width":95,"height":122,"caption":"CVI NOTICIAS"},"image":{"@id":"https:\/\/cvinoticias.com\/v3\/#\/schema\/logo\/image\/"},"sameAs":["https:\/\/www.facebook.com\/cvinoticias","https:\/\/www.instagram.com\/cvinoticias\/","https:\/\/www.youtube.com\/@CVINOTICIAS"]},{"@type":"Person","@id":"https:\/\/cvinoticias.com\/v3\/#\/schema\/person\/2db77e3c6bc03c538495d7b2b8be9b66","name":"f1000024","image":{"@type":"ImageObject","inLanguage":"es","@id":"https:\/\/secure.gravatar.com\/avatar\/d4fe7459cfc51ff5129ce1a732bbef5928568b8092d412ef95611616376bbeed?s=96&d=mm&r=g","url":"https:\/\/secure.gravatar.com\/avatar\/d4fe7459cfc51ff5129ce1a732bbef5928568b8092d412ef95611616376bbeed?s=96&d=mm&r=g","contentUrl":"https:\/\/secure.gravatar.com\/avatar\/d4fe7459cfc51ff5129ce1a732bbef5928568b8092d412ef95611616376bbeed?s=96&d=mm&r=g","caption":"f1000024"},"url":"https:\/\/cvinoticias.com\/v3\/author\/f1000024\/"}]}},"_links":{"self":[{"href":"https:\/\/cvinoticias.com\/v3\/wp-json\/wp\/v2\/posts\/12052","targetHints":{"allow":["GET"]}}],"collection":[{"href":"https:\/\/cvinoticias.com\/v3\/wp-json\/wp\/v2\/posts"}],"about":[{"href":"https:\/\/cvinoticias.com\/v3\/wp-json\/wp\/v2\/types\/post"}],"author":[{"embeddable":true,"href":"https:\/\/cvinoticias.com\/v3\/wp-json\/wp\/v2\/users\/2"}],"replies":[{"embeddable":true,"href":"https:\/\/cvinoticias.com\/v3\/wp-json\/wp\/v2\/comments?post=12052"}],"version-history":[{"count":1,"href":"https:\/\/cvinoticias.com\/v3\/wp-json\/wp\/v2\/posts\/12052\/revisions"}],"predecessor-version":[{"id":12057,"href":"https:\/\/cvinoticias.com\/v3\/wp-json\/wp\/v2\/posts\/12052\/revisions\/12057"}],"wp:featuredmedia":[{"embeddable":true,"href":"https:\/\/cvinoticias.com\/v3\/wp-json\/wp\/v2\/media\/12056"}],"wp:attachment":[{"href":"https:\/\/cvinoticias.com\/v3\/wp-json\/wp\/v2\/media?parent=12052"}],"wp:term":[{"taxonomy":"category","embeddable":true,"href":"https:\/\/cvinoticias.com\/v3\/wp-json\/wp\/v2\/categories?post=12052"},{"taxonomy":"post_tag","embeddable":true,"href":"https:\/\/cvinoticias.com\/v3\/wp-json\/wp\/v2\/tags?post=12052"}],"curies":[{"name":"wp","href":"https:\/\/api.w.org\/{rel}","templated":true}]}}