{"id":12039,"date":"2022-01-06T22:59:16","date_gmt":"2022-01-06T22:59:16","guid":{"rendered":"https:\/\/cvinoticias.com\/v3\/?p=12039"},"modified":"2022-01-06T22:59:16","modified_gmt":"2022-01-06T22:59:16","slug":"el-banco-central-sube-las-tasas-de-los-plazos-fijos-al-39","status":"publish","type":"post","link":"https:\/\/cvinoticias.com\/v3\/el-banco-central-sube-las-tasas-de-los-plazos-fijos-al-39\/","title":{"rendered":"El Banco Central sube las tasas de los Plazos Fijos al 39%"},"content":{"rendered":"\n<p><strong><em>Se trata de un aumento de 2 puntos porcentuales de la tasa de inter\u00e9s. En tanto, las Leliq a 28 d\u00edas de plazo pasan de 38% a 40% anual.<\/em><\/strong><\/p>\n\n\n\n<p>El Banco Central estableci\u00f3, en primer lugar, un aumento de 2 puntos porcentuales de la tasa de inter\u00e9s de la LELIQ a 28 d\u00edas de plazo, pasando de 38% a 40% anual.\u00a0Tambi\u00e9n se decidi\u00f3 tambi\u00e9n expandir el l\u00edmite m\u00e1ximo de tenencia de Letras de Liquidez (LELIQ) a 28 d\u00edas de plazo por hasta un monto proporcional al stock de dep\u00f3sitos a plazo del sector privado de cada entidad financiera.<\/p>\n\n\n\n<p>Al mismo tiempo, la autoridad monetaria avanz\u00f3 en la creaci\u00f3n de una nueva LELIQ a 180 d\u00edas de plazo, cuya tasa se fija en 44% anual.\u00a0Las subastas se efectuar\u00e1n dos veces a la semana en el caso de la LELIQ a 28 d\u00edas, y una vez al mes para las de 180 d\u00edas de plazo.<\/p>\n\n\n\n<p>Estas modificaciones contribuir\u00e1n a iniciar un proceso de migraci\u00f3n de la esterilizaci\u00f3n hacia mayores plazos de madurez, as\u00ed como tambi\u00e9n extender la curva de tasas de referencia del BCRA, inform\u00f3\u00a0<em>\u00c1mbito<\/em>.<\/p>\n\n\n\n<p>En cuanto a los instrumentos de menor plazo, se eliminan progresivamente los pases pasivos a 7 d\u00edas continuando en vigencia los concertados a 1 d\u00eda.<\/p>\n\n\n\n<p>La tasa de la LELIQ a 28 d\u00edas continuar\u00e1 siendo el indicador de referencia respecto a la orientaci\u00f3n de la pol\u00edtica monetaria, lo que ser\u00e1 complementado con la participaci\u00f3n del BCRA en el mercado secundario de t\u00edtulos p\u00fablicos a efectos de alinear la estructura temporal de tasas y garantizar la liquidez de estos instrumentos.<\/p>\n\n\n\n<h3 class=\"wp-block-heading\">SUBE LA TASA DE INTER\u00c9S DE LOS PLAZOS FIJOS EN PESOS<\/h3>\n\n\n\n<p>En l\u00ednea con la suba de la tasa de inter\u00e9s de pol\u00edtica monetaria, a los efectos de propiciar su transmisi\u00f3n plena al retorno de las colocaciones a plazo en pesos,\u00a0el Directorio del BCRA elev\u00f3 los l\u00edmites m\u00ednimos de las tasas de inter\u00e9s sobre los plazos fijos.<\/p>\n\n\n\n<p>Para personas humanas, el nuevo piso se fija en 39% anual para las imposiciones a 30 d\u00edas,\u00a0mientras que para el resto de los depositantes del sistema financiero la tasa m\u00ednima garantizada se establece en 37% anual.<\/p>\n\n\n\n<p>El nuevo nivel de la tasa de inter\u00e9s de pol\u00edtica monetaria se adecua con los Objetivos y Planes del BCRA para el a\u00f1o 2022, en los que las autoridades establecieron como meta fijar el sendero de la tasa de inter\u00e9s de pol\u00edtica de manera de propender hacia retornos reales positivos sobre las inversiones en moneda local, y de preservar la estabilidad monetaria y cambiaria.<\/p>\n\n\n\n<p>A lo largo del 2022, se espera que cedan los factores que presionaron sobre el nivel general de precios. La pol\u00edtica cambiaria y de tasas de inter\u00e9s, junto con una administraci\u00f3n prudente de la liquidez, contribuir\u00e1n a mejorar las expectativas cambiarias.<\/p>\n\n\n\n<p><\/p>\n","protected":false},"excerpt":{"rendered":"<p>Se trata de un aumento de 2 puntos porcentuales de la tasa de inter\u00e9s. En tanto, las Leliq a 28 d\u00edas de plazo pasan de 38% a 40% anual. El Banco Central estableci\u00f3, en primer lugar, un aumento de 2 puntos porcentuales de la tasa de inter\u00e9s de la LELIQ a 28 d\u00edas de plazo, [&hellip;]<\/p>\n","protected":false},"author":2,"featured_media":12040,"comment_status":"open","ping_status":"open","sticky":false,"template":"","format":"standard","meta":{"footnotes":""},"categories":[32],"tags":[],"class_list":["post-12039","post","type-post","status-publish","format-standard","has-post-thumbnail","hentry","category-economia"],"yoast_head":"<!-- This site is optimized with the Yoast SEO plugin v27.5 - https:\/\/yoast.com\/product\/yoast-seo-wordpress\/ -->\n<title>El Banco Central sube las tasas de los Plazos Fijos al 39% | CVI NOTICIAS<\/title>\n<meta name=\"robots\" content=\"index, follow, max-snippet:-1, max-image-preview:large, max-video-preview:-1\" \/>\n<link rel=\"canonical\" href=\"https:\/\/cvinoticias.com\/v3\/el-banco-central-sube-las-tasas-de-los-plazos-fijos-al-39\/\" \/>\n<meta property=\"og:locale\" content=\"es_ES\" \/>\n<meta property=\"og:type\" content=\"article\" \/>\n<meta property=\"og:title\" content=\"El Banco Central sube las tasas de los Plazos Fijos al 39% | CVI NOTICIAS\" \/>\n<meta property=\"og:description\" content=\"Se trata de un aumento de 2 puntos porcentuales de la tasa de inter\u00e9s. En tanto, las Leliq a 28 d\u00edas de plazo pasan de 38% a 40% anual. El Banco Central estableci\u00f3, en primer lugar, un aumento de 2 puntos porcentuales de la tasa de inter\u00e9s de la LELIQ a 28 d\u00edas de plazo, [&hellip;]\" \/>\n<meta property=\"og:url\" content=\"https:\/\/cvinoticias.com\/v3\/el-banco-central-sube-las-tasas-de-los-plazos-fijos-al-39\/\" \/>\n<meta property=\"og:site_name\" content=\"CVI NOTICIAS\" \/>\n<meta property=\"article:publisher\" content=\"https:\/\/www.facebook.com\/cvinoticias\" \/>\n<meta property=\"article:published_time\" content=\"2022-01-06T22:59:16+00:00\" \/>\n<meta property=\"og:image\" content=\"https:\/\/cvinoticias.com\/wp-content\/uploads\/2022\/01\/Screenshot_20220106-195604_Facebook.jpg\" \/>\n\t<meta property=\"og:image:width\" content=\"1037\" \/>\n\t<meta property=\"og:image:height\" content=\"602\" \/>\n\t<meta property=\"og:image:type\" content=\"image\/jpeg\" \/>\n<meta name=\"author\" content=\"f1000024\" \/>\n<meta name=\"twitter:card\" content=\"summary_large_image\" \/>\n<meta name=\"twitter:label1\" content=\"Escrito por\" \/>\n\t<meta name=\"twitter:data1\" content=\"f1000024\" \/>\n\t<meta name=\"twitter:label2\" content=\"Tiempo de lectura\" \/>\n\t<meta name=\"twitter:data2\" content=\"2 minutos\" \/>\n<script type=\"application\/ld+json\" class=\"yoast-schema-graph\">{\"@context\":\"https:\\\/\\\/schema.org\",\"@graph\":[{\"@type\":\"Article\",\"@id\":\"https:\\\/\\\/cvinoticias.com\\\/v3\\\/el-banco-central-sube-las-tasas-de-los-plazos-fijos-al-39\\\/#article\",\"isPartOf\":{\"@id\":\"https:\\\/\\\/cvinoticias.com\\\/v3\\\/el-banco-central-sube-las-tasas-de-los-plazos-fijos-al-39\\\/\"},\"author\":{\"name\":\"f1000024\",\"@id\":\"https:\\\/\\\/cvinoticias.com\\\/v3\\\/#\\\/schema\\\/person\\\/2db77e3c6bc03c538495d7b2b8be9b66\"},\"headline\":\"El Banco Central sube las tasas de los Plazos Fijos al 39%\",\"datePublished\":\"2022-01-06T22:59:16+00:00\",\"mainEntityOfPage\":{\"@id\":\"https:\\\/\\\/cvinoticias.com\\\/v3\\\/el-banco-central-sube-las-tasas-de-los-plazos-fijos-al-39\\\/\"},\"wordCount\":501,\"commentCount\":0,\"publisher\":{\"@id\":\"https:\\\/\\\/cvinoticias.com\\\/v3\\\/#organization\"},\"image\":{\"@id\":\"https:\\\/\\\/cvinoticias.com\\\/v3\\\/el-banco-central-sube-las-tasas-de-los-plazos-fijos-al-39\\\/#primaryimage\"},\"thumbnailUrl\":\"https:\\\/\\\/cvinoticias.com\\\/wp-content\\\/uploads\\\/2022\\\/01\\\/Screenshot_20220106-195604_Facebook.jpg\",\"articleSection\":[\"Econom\u00eda\"],\"inLanguage\":\"es\",\"potentialAction\":[{\"@type\":\"CommentAction\",\"name\":\"Comment\",\"target\":[\"https:\\\/\\\/cvinoticias.com\\\/v3\\\/el-banco-central-sube-las-tasas-de-los-plazos-fijos-al-39\\\/#respond\"]}]},{\"@type\":\"WebPage\",\"@id\":\"https:\\\/\\\/cvinoticias.com\\\/v3\\\/el-banco-central-sube-las-tasas-de-los-plazos-fijos-al-39\\\/\",\"url\":\"https:\\\/\\\/cvinoticias.com\\\/v3\\\/el-banco-central-sube-las-tasas-de-los-plazos-fijos-al-39\\\/\",\"name\":\"El Banco Central sube las tasas de los Plazos Fijos al 39% | CVI NOTICIAS\",\"isPartOf\":{\"@id\":\"https:\\\/\\\/cvinoticias.com\\\/v3\\\/#website\"},\"primaryImageOfPage\":{\"@id\":\"https:\\\/\\\/cvinoticias.com\\\/v3\\\/el-banco-central-sube-las-tasas-de-los-plazos-fijos-al-39\\\/#primaryimage\"},\"image\":{\"@id\":\"https:\\\/\\\/cvinoticias.com\\\/v3\\\/el-banco-central-sube-las-tasas-de-los-plazos-fijos-al-39\\\/#primaryimage\"},\"thumbnailUrl\":\"https:\\\/\\\/cvinoticias.com\\\/wp-content\\\/uploads\\\/2022\\\/01\\\/Screenshot_20220106-195604_Facebook.jpg\",\"datePublished\":\"2022-01-06T22:59:16+00:00\",\"breadcrumb\":{\"@id\":\"https:\\\/\\\/cvinoticias.com\\\/v3\\\/el-banco-central-sube-las-tasas-de-los-plazos-fijos-al-39\\\/#breadcrumb\"},\"inLanguage\":\"es\",\"potentialAction\":[{\"@type\":\"ReadAction\",\"target\":[\"https:\\\/\\\/cvinoticias.com\\\/v3\\\/el-banco-central-sube-las-tasas-de-los-plazos-fijos-al-39\\\/\"]}]},{\"@type\":\"ImageObject\",\"inLanguage\":\"es\",\"@id\":\"https:\\\/\\\/cvinoticias.com\\\/v3\\\/el-banco-central-sube-las-tasas-de-los-plazos-fijos-al-39\\\/#primaryimage\",\"url\":\"https:\\\/\\\/cvinoticias.com\\\/wp-content\\\/uploads\\\/2022\\\/01\\\/Screenshot_20220106-195604_Facebook.jpg\",\"contentUrl\":\"https:\\\/\\\/cvinoticias.com\\\/wp-content\\\/uploads\\\/2022\\\/01\\\/Screenshot_20220106-195604_Facebook.jpg\",\"width\":1037,\"height\":602},{\"@type\":\"BreadcrumbList\",\"@id\":\"https:\\\/\\\/cvinoticias.com\\\/v3\\\/el-banco-central-sube-las-tasas-de-los-plazos-fijos-al-39\\\/#breadcrumb\",\"itemListElement\":[{\"@type\":\"ListItem\",\"position\":1,\"name\":\"Portada\",\"item\":\"https:\\\/\\\/cvinoticias.com\\\/v3\\\/\"},{\"@type\":\"ListItem\",\"position\":2,\"name\":\"El Banco Central sube las tasas de los Plazos Fijos al 39%\"}]},{\"@type\":\"WebSite\",\"@id\":\"https:\\\/\\\/cvinoticias.com\\\/v3\\\/#website\",\"url\":\"https:\\\/\\\/cvinoticias.com\\\/v3\\\/\",\"name\":\"CVI NOTICIAS\",\"description\":\"\",\"publisher\":{\"@id\":\"https:\\\/\\\/cvinoticias.com\\\/v3\\\/#organization\"},\"alternateName\":\"CVI\",\"potentialAction\":[{\"@type\":\"SearchAction\",\"target\":{\"@type\":\"EntryPoint\",\"urlTemplate\":\"https:\\\/\\\/cvinoticias.com\\\/v3\\\/?s={search_term_string}\"},\"query-input\":{\"@type\":\"PropertyValueSpecification\",\"valueRequired\":true,\"valueName\":\"search_term_string\"}}],\"inLanguage\":\"es\"},{\"@type\":\"Organization\",\"@id\":\"https:\\\/\\\/cvinoticias.com\\\/v3\\\/#organization\",\"name\":\"CVI NOTICIAS\",\"url\":\"https:\\\/\\\/cvinoticias.com\\\/v3\\\/\",\"logo\":{\"@type\":\"ImageObject\",\"inLanguage\":\"es\",\"@id\":\"https:\\\/\\\/cvinoticias.com\\\/v3\\\/#\\\/schema\\\/logo\\\/image\\\/\",\"url\":\"https:\\\/\\\/cvinoticias.com\\\/wp-content\\\/uploads\\\/2023\\\/04\\\/cropped-cropped-cropped-cropped-cropped-3-1.png\",\"contentUrl\":\"https:\\\/\\\/cvinoticias.com\\\/wp-content\\\/uploads\\\/2023\\\/04\\\/cropped-cropped-cropped-cropped-cropped-3-1.png\",\"width\":95,\"height\":122,\"caption\":\"CVI NOTICIAS\"},\"image\":{\"@id\":\"https:\\\/\\\/cvinoticias.com\\\/v3\\\/#\\\/schema\\\/logo\\\/image\\\/\"},\"sameAs\":[\"https:\\\/\\\/www.facebook.com\\\/cvinoticias\",\"https:\\\/\\\/www.instagram.com\\\/cvinoticias\\\/\",\"https:\\\/\\\/www.youtube.com\\\/@CVINOTICIAS\"]},{\"@type\":\"Person\",\"@id\":\"https:\\\/\\\/cvinoticias.com\\\/v3\\\/#\\\/schema\\\/person\\\/2db77e3c6bc03c538495d7b2b8be9b66\",\"name\":\"f1000024\",\"image\":{\"@type\":\"ImageObject\",\"inLanguage\":\"es\",\"@id\":\"https:\\\/\\\/secure.gravatar.com\\\/avatar\\\/d4fe7459cfc51ff5129ce1a732bbef5928568b8092d412ef95611616376bbeed?s=96&d=mm&r=g\",\"url\":\"https:\\\/\\\/secure.gravatar.com\\\/avatar\\\/d4fe7459cfc51ff5129ce1a732bbef5928568b8092d412ef95611616376bbeed?s=96&d=mm&r=g\",\"contentUrl\":\"https:\\\/\\\/secure.gravatar.com\\\/avatar\\\/d4fe7459cfc51ff5129ce1a732bbef5928568b8092d412ef95611616376bbeed?s=96&d=mm&r=g\",\"caption\":\"f1000024\"},\"url\":\"https:\\\/\\\/cvinoticias.com\\\/v3\\\/author\\\/f1000024\\\/\"}]}<\/script>\n<!-- \/ Yoast SEO plugin. -->","yoast_head_json":{"title":"El Banco Central sube las tasas de los Plazos Fijos al 39% | CVI NOTICIAS","robots":{"index":"index","follow":"follow","max-snippet":"max-snippet:-1","max-image-preview":"max-image-preview:large","max-video-preview":"max-video-preview:-1"},"canonical":"https:\/\/cvinoticias.com\/v3\/el-banco-central-sube-las-tasas-de-los-plazos-fijos-al-39\/","og_locale":"es_ES","og_type":"article","og_title":"El Banco Central sube las tasas de los Plazos Fijos al 39% | CVI NOTICIAS","og_description":"Se trata de un aumento de 2 puntos porcentuales de la tasa de inter\u00e9s. En tanto, las Leliq a 28 d\u00edas de plazo pasan de 38% a 40% anual. El Banco Central estableci\u00f3, en primer lugar, un aumento de 2 puntos porcentuales de la tasa de inter\u00e9s de la LELIQ a 28 d\u00edas de plazo, [&hellip;]","og_url":"https:\/\/cvinoticias.com\/v3\/el-banco-central-sube-las-tasas-de-los-plazos-fijos-al-39\/","og_site_name":"CVI NOTICIAS","article_publisher":"https:\/\/www.facebook.com\/cvinoticias","article_published_time":"2022-01-06T22:59:16+00:00","og_image":[{"width":1037,"height":602,"url":"https:\/\/cvinoticias.com\/wp-content\/uploads\/2022\/01\/Screenshot_20220106-195604_Facebook.jpg","type":"image\/jpeg"}],"author":"f1000024","twitter_card":"summary_large_image","twitter_misc":{"Escrito por":"f1000024","Tiempo de lectura":"2 minutos"},"schema":{"@context":"https:\/\/schema.org","@graph":[{"@type":"Article","@id":"https:\/\/cvinoticias.com\/v3\/el-banco-central-sube-las-tasas-de-los-plazos-fijos-al-39\/#article","isPartOf":{"@id":"https:\/\/cvinoticias.com\/v3\/el-banco-central-sube-las-tasas-de-los-plazos-fijos-al-39\/"},"author":{"name":"f1000024","@id":"https:\/\/cvinoticias.com\/v3\/#\/schema\/person\/2db77e3c6bc03c538495d7b2b8be9b66"},"headline":"El Banco Central sube las tasas de los Plazos Fijos al 39%","datePublished":"2022-01-06T22:59:16+00:00","mainEntityOfPage":{"@id":"https:\/\/cvinoticias.com\/v3\/el-banco-central-sube-las-tasas-de-los-plazos-fijos-al-39\/"},"wordCount":501,"commentCount":0,"publisher":{"@id":"https:\/\/cvinoticias.com\/v3\/#organization"},"image":{"@id":"https:\/\/cvinoticias.com\/v3\/el-banco-central-sube-las-tasas-de-los-plazos-fijos-al-39\/#primaryimage"},"thumbnailUrl":"https:\/\/cvinoticias.com\/wp-content\/uploads\/2022\/01\/Screenshot_20220106-195604_Facebook.jpg","articleSection":["Econom\u00eda"],"inLanguage":"es","potentialAction":[{"@type":"CommentAction","name":"Comment","target":["https:\/\/cvinoticias.com\/v3\/el-banco-central-sube-las-tasas-de-los-plazos-fijos-al-39\/#respond"]}]},{"@type":"WebPage","@id":"https:\/\/cvinoticias.com\/v3\/el-banco-central-sube-las-tasas-de-los-plazos-fijos-al-39\/","url":"https:\/\/cvinoticias.com\/v3\/el-banco-central-sube-las-tasas-de-los-plazos-fijos-al-39\/","name":"El Banco Central sube las tasas de los Plazos Fijos al 39% | CVI NOTICIAS","isPartOf":{"@id":"https:\/\/cvinoticias.com\/v3\/#website"},"primaryImageOfPage":{"@id":"https:\/\/cvinoticias.com\/v3\/el-banco-central-sube-las-tasas-de-los-plazos-fijos-al-39\/#primaryimage"},"image":{"@id":"https:\/\/cvinoticias.com\/v3\/el-banco-central-sube-las-tasas-de-los-plazos-fijos-al-39\/#primaryimage"},"thumbnailUrl":"https:\/\/cvinoticias.com\/wp-content\/uploads\/2022\/01\/Screenshot_20220106-195604_Facebook.jpg","datePublished":"2022-01-06T22:59:16+00:00","breadcrumb":{"@id":"https:\/\/cvinoticias.com\/v3\/el-banco-central-sube-las-tasas-de-los-plazos-fijos-al-39\/#breadcrumb"},"inLanguage":"es","potentialAction":[{"@type":"ReadAction","target":["https:\/\/cvinoticias.com\/v3\/el-banco-central-sube-las-tasas-de-los-plazos-fijos-al-39\/"]}]},{"@type":"ImageObject","inLanguage":"es","@id":"https:\/\/cvinoticias.com\/v3\/el-banco-central-sube-las-tasas-de-los-plazos-fijos-al-39\/#primaryimage","url":"https:\/\/cvinoticias.com\/wp-content\/uploads\/2022\/01\/Screenshot_20220106-195604_Facebook.jpg","contentUrl":"https:\/\/cvinoticias.com\/wp-content\/uploads\/2022\/01\/Screenshot_20220106-195604_Facebook.jpg","width":1037,"height":602},{"@type":"BreadcrumbList","@id":"https:\/\/cvinoticias.com\/v3\/el-banco-central-sube-las-tasas-de-los-plazos-fijos-al-39\/#breadcrumb","itemListElement":[{"@type":"ListItem","position":1,"name":"Portada","item":"https:\/\/cvinoticias.com\/v3\/"},{"@type":"ListItem","position":2,"name":"El Banco Central sube las tasas de los Plazos Fijos al 39%"}]},{"@type":"WebSite","@id":"https:\/\/cvinoticias.com\/v3\/#website","url":"https:\/\/cvinoticias.com\/v3\/","name":"CVI NOTICIAS","description":"","publisher":{"@id":"https:\/\/cvinoticias.com\/v3\/#organization"},"alternateName":"CVI","potentialAction":[{"@type":"SearchAction","target":{"@type":"EntryPoint","urlTemplate":"https:\/\/cvinoticias.com\/v3\/?s={search_term_string}"},"query-input":{"@type":"PropertyValueSpecification","valueRequired":true,"valueName":"search_term_string"}}],"inLanguage":"es"},{"@type":"Organization","@id":"https:\/\/cvinoticias.com\/v3\/#organization","name":"CVI NOTICIAS","url":"https:\/\/cvinoticias.com\/v3\/","logo":{"@type":"ImageObject","inLanguage":"es","@id":"https:\/\/cvinoticias.com\/v3\/#\/schema\/logo\/image\/","url":"https:\/\/cvinoticias.com\/wp-content\/uploads\/2023\/04\/cropped-cropped-cropped-cropped-cropped-3-1.png","contentUrl":"https:\/\/cvinoticias.com\/wp-content\/uploads\/2023\/04\/cropped-cropped-cropped-cropped-cropped-3-1.png","width":95,"height":122,"caption":"CVI NOTICIAS"},"image":{"@id":"https:\/\/cvinoticias.com\/v3\/#\/schema\/logo\/image\/"},"sameAs":["https:\/\/www.facebook.com\/cvinoticias","https:\/\/www.instagram.com\/cvinoticias\/","https:\/\/www.youtube.com\/@CVINOTICIAS"]},{"@type":"Person","@id":"https:\/\/cvinoticias.com\/v3\/#\/schema\/person\/2db77e3c6bc03c538495d7b2b8be9b66","name":"f1000024","image":{"@type":"ImageObject","inLanguage":"es","@id":"https:\/\/secure.gravatar.com\/avatar\/d4fe7459cfc51ff5129ce1a732bbef5928568b8092d412ef95611616376bbeed?s=96&d=mm&r=g","url":"https:\/\/secure.gravatar.com\/avatar\/d4fe7459cfc51ff5129ce1a732bbef5928568b8092d412ef95611616376bbeed?s=96&d=mm&r=g","contentUrl":"https:\/\/secure.gravatar.com\/avatar\/d4fe7459cfc51ff5129ce1a732bbef5928568b8092d412ef95611616376bbeed?s=96&d=mm&r=g","caption":"f1000024"},"url":"https:\/\/cvinoticias.com\/v3\/author\/f1000024\/"}]}},"_links":{"self":[{"href":"https:\/\/cvinoticias.com\/v3\/wp-json\/wp\/v2\/posts\/12039","targetHints":{"allow":["GET"]}}],"collection":[{"href":"https:\/\/cvinoticias.com\/v3\/wp-json\/wp\/v2\/posts"}],"about":[{"href":"https:\/\/cvinoticias.com\/v3\/wp-json\/wp\/v2\/types\/post"}],"author":[{"embeddable":true,"href":"https:\/\/cvinoticias.com\/v3\/wp-json\/wp\/v2\/users\/2"}],"replies":[{"embeddable":true,"href":"https:\/\/cvinoticias.com\/v3\/wp-json\/wp\/v2\/comments?post=12039"}],"version-history":[{"count":1,"href":"https:\/\/cvinoticias.com\/v3\/wp-json\/wp\/v2\/posts\/12039\/revisions"}],"predecessor-version":[{"id":12041,"href":"https:\/\/cvinoticias.com\/v3\/wp-json\/wp\/v2\/posts\/12039\/revisions\/12041"}],"wp:featuredmedia":[{"embeddable":true,"href":"https:\/\/cvinoticias.com\/v3\/wp-json\/wp\/v2\/media\/12040"}],"wp:attachment":[{"href":"https:\/\/cvinoticias.com\/v3\/wp-json\/wp\/v2\/media?parent=12039"}],"wp:term":[{"taxonomy":"category","embeddable":true,"href":"https:\/\/cvinoticias.com\/v3\/wp-json\/wp\/v2\/categories?post=12039"},{"taxonomy":"post_tag","embeddable":true,"href":"https:\/\/cvinoticias.com\/v3\/wp-json\/wp\/v2\/tags?post=12039"}],"curies":[{"name":"wp","href":"https:\/\/api.w.org\/{rel}","templated":true}]}}