{"id":12027,"date":"2022-01-06T19:00:15","date_gmt":"2022-01-06T19:00:15","guid":{"rendered":"https:\/\/cvinoticias.com\/v3\/?p=12027"},"modified":"2022-01-06T19:00:15","modified_gmt":"2022-01-06T19:00:15","slug":"covid-19-los-autotest-estarian-a-la-venta-en-15-dias","status":"publish","type":"post","link":"https:\/\/cvinoticias.com\/v3\/covid-19-los-autotest-estarian-a-la-venta-en-15-dias\/","title":{"rendered":"Covid-19: Los autotest estar\u00edan a la venta en 15 d\u00edas"},"content":{"rendered":"\n<p><strong><em>El protesorero de la\u00a0Confederaci\u00f3n Farmac\u00e9utica Argentina\u00a0(Cofa), Ricardo Pesenti, estim\u00f3 que \u00aben los pr\u00f3ximos quince d\u00edas\u00bb estar\u00edan disponibles los autotest en las\u00a0farmacias, luego de que ayer la\u00a0Administraci\u00f3n Nacional de Medicamentos, Alimentos y Tecnolog\u00eda M\u00e9dica\u00a0(Anmat) aprobara el uso individual de cuatro test para la detecci\u00f3n del\u00a0coronavirus<\/em><\/strong>.<\/p>\n\n\n\n<p>\u00abA partir del registro de ayer se empieza a hacer el proceso de importaci\u00f3n. En general pueden estar entre 10 y 15 d\u00edas\u00bb, asegur\u00f3 Pesenti y se\u00f1al\u00f3 que\u00a0\u00abhay laboratorios que sabemos que ya tienen embarcado o en pa\u00edses lim\u00edtrofes, as\u00ed que esos van a estar m\u00e1s r\u00e1pido\u00bb.<\/p>\n\n\n\n<p>Pesenti explic\u00f3 que una vez que los autotest entren al pa\u00eds y sean liberados por la Aduana y Anmat, \u00abla idea es que la distribuci\u00f3n la hagan las droguer\u00edas integrales que vienen todos los d\u00edas a las farmacias; desde ese punto de vista es r\u00e1pida la distribuci\u00f3n\u00bb.<\/p>\n\n\n\n<p>Asimismo, el profesional brind\u00f3 detalles sobre c\u00f3mo ser\u00e1 el mecanismo para informar al Ministerio de Salud de la Naci\u00f3n los resultados de los test para no perder los datos epidemiol\u00f3gicos.<\/p>\n\n\n\n<p>\u00abHemos hecho un sistema de integraci\u00f3n, no con el SISA (Sistema Integrado de Informaci\u00f3n Sanitaria Argentina), sino con algo paralelo al SISA\u00bb, indic\u00f3 Pesenti y puntualiz\u00f3: \u00abCuando dispensamos un test vamos a recabar datos b\u00e1sicos del paciente que los va a utilizar, lo vamos a asociar a un n\u00famero de serie que va a tener cada una de las cajitas y le vamos a dar cada uno de los pacientes un c\u00f3digo QR\u00bb.<\/p>\n\n\n\n<p>Y agreg\u00f3: \u00abCuando el paciente se haga el autotest en su casa, con el tel\u00e9fono simplemente tomando la imagen el c\u00f3digo QR le va a salir en la pantalla la posibilidad de contestar el resultado y lo manda a la farmacia\u00bb.<\/p>\n\n\n\n<p>\u00abLo \u00fanico que pide el Ministerio es que asociemos cada una de las series a un DNI y la farmacia levanta todos los datos\u00bb, afirm\u00f3 el profesional y remarc\u00f3 que es la \u00fanica manera de que Argentina\u00a0\u00abmantenga los datos epidemiol\u00f3gicos, si no se pierde\u00bb.<\/p>\n\n\n\n<p>A su vez, aclar\u00f3 que en el caso de que se compre el test para usarlo m\u00e1s adelante, tambi\u00e9n est\u00e1 en la p\u00e1gina web la \u00abposibilidad de contestarle a la farmacia que el test lo voy a diferir en el uso\u00bb.<\/p>\n\n\n\n<p>\u00abEntonces ah\u00ed queda pendiente en el sistema, cuando se lo utiliza mandar\u00e1 el resultado y nosotros se lo informaremos al Ministerio\u00bb, detall\u00f3.<\/p>\n\n\n\n<p>Por otro lado, advirti\u00f3 sobre la diferencia entre los autotest aprobados ayer y los que actualmente se est\u00e1n vendiendo \u00aben algunas farmacias de la Ciudad de Buenos Aires que son de uso profesional\u00bb.<\/p>\n\n\n\n<p>\u00abNo se deber\u00edan estar vendiendo al p\u00fablico, son exclusivos para que la toma la haga un profesional m\u00e9dico\u00bb, alert\u00f3 e indic\u00f3 que \u00abla toma de muestra es muy distinta; son nasofar\u00edngeos y hay que hacer una toma mucho m\u00e1s profunda\u00bb.<\/p>\n\n\n\n<p>En cambio, los cuatro test de autoevaluaci\u00f3n aprobados ayer necesitan de una muestra \u00abnasal y no tan profunda, a lo sumo dos cent\u00edmetros\u00bb, explic\u00f3 Pesenti.<\/p>\n\n\n\n<p>Y detall\u00f3: \u00abVienen con una sensibilidad un poquito mayor porque con poca muestra lo detecta igual\u00bb.<\/p>\n\n\n\n<p>Por \u00faltimo, se\u00f1al\u00f3 que los farmac\u00e9uticos dar\u00e1n a los pacientes \u00ablos consejos necesarios\u00bb, ya que estos autotest \u00abno se pueden hacer en cualquier momento porque los negativos pueden ser falsos negativos\u00bb.<\/p>\n","protected":false},"excerpt":{"rendered":"<p>El protesorero de la\u00a0Confederaci\u00f3n Farmac\u00e9utica Argentina\u00a0(Cofa), Ricardo Pesenti, estim\u00f3 que \u00aben los pr\u00f3ximos quince d\u00edas\u00bb estar\u00edan disponibles los autotest en las\u00a0farmacias, luego de que ayer la\u00a0Administraci\u00f3n Nacional de Medicamentos, Alimentos y Tecnolog\u00eda M\u00e9dica\u00a0(Anmat) aprobara el uso individual de cuatro test para la detecci\u00f3n del\u00a0coronavirus. \u00abA partir del registro de ayer se empieza a hacer el [&hellip;]<\/p>\n","protected":false},"author":2,"featured_media":12028,"comment_status":"open","ping_status":"open","sticky":false,"template":"","format":"standard","meta":{"footnotes":""},"categories":[35],"tags":[],"class_list":["post-12027","post","type-post","status-publish","format-standard","has-post-thumbnail","hentry","category-informacion-general"],"yoast_head":"<!-- This site is optimized with the Yoast SEO plugin v27.5 - https:\/\/yoast.com\/product\/yoast-seo-wordpress\/ -->\n<title>Covid-19: Los autotest estar\u00edan a la venta en 15 d\u00edas | CVI NOTICIAS<\/title>\n<meta name=\"robots\" content=\"index, follow, max-snippet:-1, max-image-preview:large, max-video-preview:-1\" \/>\n<link rel=\"canonical\" href=\"https:\/\/cvinoticias.com\/v3\/covid-19-los-autotest-estarian-a-la-venta-en-15-dias\/\" \/>\n<meta property=\"og:locale\" content=\"es_ES\" \/>\n<meta property=\"og:type\" content=\"article\" \/>\n<meta property=\"og:title\" content=\"Covid-19: Los autotest estar\u00edan a la venta en 15 d\u00edas | CVI NOTICIAS\" \/>\n<meta property=\"og:description\" content=\"El protesorero de la\u00a0Confederaci\u00f3n Farmac\u00e9utica Argentina\u00a0(Cofa), Ricardo Pesenti, estim\u00f3 que \u00aben los pr\u00f3ximos quince d\u00edas\u00bb estar\u00edan disponibles los autotest en las\u00a0farmacias, luego de que ayer la\u00a0Administraci\u00f3n Nacional de Medicamentos, Alimentos y Tecnolog\u00eda M\u00e9dica\u00a0(Anmat) aprobara el uso individual de cuatro test para la detecci\u00f3n del\u00a0coronavirus. \u00abA partir del registro de ayer se empieza a hacer el [&hellip;]\" \/>\n<meta property=\"og:url\" content=\"https:\/\/cvinoticias.com\/v3\/covid-19-los-autotest-estarian-a-la-venta-en-15-dias\/\" \/>\n<meta property=\"og:site_name\" content=\"CVI NOTICIAS\" \/>\n<meta property=\"article:publisher\" content=\"https:\/\/www.facebook.com\/cvinoticias\" \/>\n<meta property=\"article:published_time\" content=\"2022-01-06T19:00:15+00:00\" \/>\n<meta property=\"og:image\" content=\"https:\/\/cvinoticias.com\/wp-content\/uploads\/2022\/01\/test-deteccion-covid-kHmD-U1401017157841AbB-1248x770@RC.jpeg\" \/>\n\t<meta property=\"og:image:width\" content=\"1248\" \/>\n\t<meta property=\"og:image:height\" content=\"770\" \/>\n\t<meta property=\"og:image:type\" content=\"image\/jpeg\" \/>\n<meta name=\"author\" content=\"f1000024\" \/>\n<meta name=\"twitter:card\" content=\"summary_large_image\" \/>\n<meta name=\"twitter:label1\" content=\"Escrito por\" \/>\n\t<meta name=\"twitter:data1\" content=\"f1000024\" \/>\n\t<meta name=\"twitter:label2\" content=\"Tiempo de lectura\" \/>\n\t<meta name=\"twitter:data2\" content=\"3 minutos\" \/>\n<script type=\"application\/ld+json\" class=\"yoast-schema-graph\">{\"@context\":\"https:\\\/\\\/schema.org\",\"@graph\":[{\"@type\":\"Article\",\"@id\":\"https:\\\/\\\/cvinoticias.com\\\/v3\\\/covid-19-los-autotest-estarian-a-la-venta-en-15-dias\\\/#article\",\"isPartOf\":{\"@id\":\"https:\\\/\\\/cvinoticias.com\\\/v3\\\/covid-19-los-autotest-estarian-a-la-venta-en-15-dias\\\/\"},\"author\":{\"name\":\"f1000024\",\"@id\":\"https:\\\/\\\/cvinoticias.com\\\/v3\\\/#\\\/schema\\\/person\\\/2db77e3c6bc03c538495d7b2b8be9b66\"},\"headline\":\"Covid-19: Los autotest estar\u00edan a la venta en 15 d\u00edas\",\"datePublished\":\"2022-01-06T19:00:15+00:00\",\"mainEntityOfPage\":{\"@id\":\"https:\\\/\\\/cvinoticias.com\\\/v3\\\/covid-19-los-autotest-estarian-a-la-venta-en-15-dias\\\/\"},\"wordCount\":598,\"commentCount\":0,\"publisher\":{\"@id\":\"https:\\\/\\\/cvinoticias.com\\\/v3\\\/#organization\"},\"image\":{\"@id\":\"https:\\\/\\\/cvinoticias.com\\\/v3\\\/covid-19-los-autotest-estarian-a-la-venta-en-15-dias\\\/#primaryimage\"},\"thumbnailUrl\":\"https:\\\/\\\/cvinoticias.com\\\/wp-content\\\/uploads\\\/2022\\\/01\\\/test-deteccion-covid-kHmD-U1401017157841AbB-1248x770@RC.jpeg\",\"articleSection\":[\"Informaci\u00f3n General\"],\"inLanguage\":\"es\",\"potentialAction\":[{\"@type\":\"CommentAction\",\"name\":\"Comment\",\"target\":[\"https:\\\/\\\/cvinoticias.com\\\/v3\\\/covid-19-los-autotest-estarian-a-la-venta-en-15-dias\\\/#respond\"]}]},{\"@type\":\"WebPage\",\"@id\":\"https:\\\/\\\/cvinoticias.com\\\/v3\\\/covid-19-los-autotest-estarian-a-la-venta-en-15-dias\\\/\",\"url\":\"https:\\\/\\\/cvinoticias.com\\\/v3\\\/covid-19-los-autotest-estarian-a-la-venta-en-15-dias\\\/\",\"name\":\"Covid-19: Los autotest estar\u00edan a la venta en 15 d\u00edas | CVI NOTICIAS\",\"isPartOf\":{\"@id\":\"https:\\\/\\\/cvinoticias.com\\\/v3\\\/#website\"},\"primaryImageOfPage\":{\"@id\":\"https:\\\/\\\/cvinoticias.com\\\/v3\\\/covid-19-los-autotest-estarian-a-la-venta-en-15-dias\\\/#primaryimage\"},\"image\":{\"@id\":\"https:\\\/\\\/cvinoticias.com\\\/v3\\\/covid-19-los-autotest-estarian-a-la-venta-en-15-dias\\\/#primaryimage\"},\"thumbnailUrl\":\"https:\\\/\\\/cvinoticias.com\\\/wp-content\\\/uploads\\\/2022\\\/01\\\/test-deteccion-covid-kHmD-U1401017157841AbB-1248x770@RC.jpeg\",\"datePublished\":\"2022-01-06T19:00:15+00:00\",\"breadcrumb\":{\"@id\":\"https:\\\/\\\/cvinoticias.com\\\/v3\\\/covid-19-los-autotest-estarian-a-la-venta-en-15-dias\\\/#breadcrumb\"},\"inLanguage\":\"es\",\"potentialAction\":[{\"@type\":\"ReadAction\",\"target\":[\"https:\\\/\\\/cvinoticias.com\\\/v3\\\/covid-19-los-autotest-estarian-a-la-venta-en-15-dias\\\/\"]}]},{\"@type\":\"ImageObject\",\"inLanguage\":\"es\",\"@id\":\"https:\\\/\\\/cvinoticias.com\\\/v3\\\/covid-19-los-autotest-estarian-a-la-venta-en-15-dias\\\/#primaryimage\",\"url\":\"https:\\\/\\\/cvinoticias.com\\\/wp-content\\\/uploads\\\/2022\\\/01\\\/test-deteccion-covid-kHmD-U1401017157841AbB-1248x770@RC.jpeg\",\"contentUrl\":\"https:\\\/\\\/cvinoticias.com\\\/wp-content\\\/uploads\\\/2022\\\/01\\\/test-deteccion-covid-kHmD-U1401017157841AbB-1248x770@RC.jpeg\",\"width\":1248,\"height\":770},{\"@type\":\"BreadcrumbList\",\"@id\":\"https:\\\/\\\/cvinoticias.com\\\/v3\\\/covid-19-los-autotest-estarian-a-la-venta-en-15-dias\\\/#breadcrumb\",\"itemListElement\":[{\"@type\":\"ListItem\",\"position\":1,\"name\":\"Portada\",\"item\":\"https:\\\/\\\/cvinoticias.com\\\/v3\\\/\"},{\"@type\":\"ListItem\",\"position\":2,\"name\":\"Covid-19: Los autotest estar\u00edan a la venta en 15 d\u00edas\"}]},{\"@type\":\"WebSite\",\"@id\":\"https:\\\/\\\/cvinoticias.com\\\/v3\\\/#website\",\"url\":\"https:\\\/\\\/cvinoticias.com\\\/v3\\\/\",\"name\":\"CVI NOTICIAS\",\"description\":\"\",\"publisher\":{\"@id\":\"https:\\\/\\\/cvinoticias.com\\\/v3\\\/#organization\"},\"alternateName\":\"CVI\",\"potentialAction\":[{\"@type\":\"SearchAction\",\"target\":{\"@type\":\"EntryPoint\",\"urlTemplate\":\"https:\\\/\\\/cvinoticias.com\\\/v3\\\/?s={search_term_string}\"},\"query-input\":{\"@type\":\"PropertyValueSpecification\",\"valueRequired\":true,\"valueName\":\"search_term_string\"}}],\"inLanguage\":\"es\"},{\"@type\":\"Organization\",\"@id\":\"https:\\\/\\\/cvinoticias.com\\\/v3\\\/#organization\",\"name\":\"CVI NOTICIAS\",\"url\":\"https:\\\/\\\/cvinoticias.com\\\/v3\\\/\",\"logo\":{\"@type\":\"ImageObject\",\"inLanguage\":\"es\",\"@id\":\"https:\\\/\\\/cvinoticias.com\\\/v3\\\/#\\\/schema\\\/logo\\\/image\\\/\",\"url\":\"https:\\\/\\\/cvinoticias.com\\\/wp-content\\\/uploads\\\/2023\\\/04\\\/cropped-cropped-cropped-cropped-cropped-3-1.png\",\"contentUrl\":\"https:\\\/\\\/cvinoticias.com\\\/wp-content\\\/uploads\\\/2023\\\/04\\\/cropped-cropped-cropped-cropped-cropped-3-1.png\",\"width\":95,\"height\":122,\"caption\":\"CVI NOTICIAS\"},\"image\":{\"@id\":\"https:\\\/\\\/cvinoticias.com\\\/v3\\\/#\\\/schema\\\/logo\\\/image\\\/\"},\"sameAs\":[\"https:\\\/\\\/www.facebook.com\\\/cvinoticias\",\"https:\\\/\\\/www.instagram.com\\\/cvinoticias\\\/\",\"https:\\\/\\\/www.youtube.com\\\/@CVINOTICIAS\"]},{\"@type\":\"Person\",\"@id\":\"https:\\\/\\\/cvinoticias.com\\\/v3\\\/#\\\/schema\\\/person\\\/2db77e3c6bc03c538495d7b2b8be9b66\",\"name\":\"f1000024\",\"image\":{\"@type\":\"ImageObject\",\"inLanguage\":\"es\",\"@id\":\"https:\\\/\\\/secure.gravatar.com\\\/avatar\\\/d4fe7459cfc51ff5129ce1a732bbef5928568b8092d412ef95611616376bbeed?s=96&d=mm&r=g\",\"url\":\"https:\\\/\\\/secure.gravatar.com\\\/avatar\\\/d4fe7459cfc51ff5129ce1a732bbef5928568b8092d412ef95611616376bbeed?s=96&d=mm&r=g\",\"contentUrl\":\"https:\\\/\\\/secure.gravatar.com\\\/avatar\\\/d4fe7459cfc51ff5129ce1a732bbef5928568b8092d412ef95611616376bbeed?s=96&d=mm&r=g\",\"caption\":\"f1000024\"},\"url\":\"https:\\\/\\\/cvinoticias.com\\\/v3\\\/author\\\/f1000024\\\/\"}]}<\/script>\n<!-- \/ Yoast SEO plugin. -->","yoast_head_json":{"title":"Covid-19: Los autotest estar\u00edan a la venta en 15 d\u00edas | CVI NOTICIAS","robots":{"index":"index","follow":"follow","max-snippet":"max-snippet:-1","max-image-preview":"max-image-preview:large","max-video-preview":"max-video-preview:-1"},"canonical":"https:\/\/cvinoticias.com\/v3\/covid-19-los-autotest-estarian-a-la-venta-en-15-dias\/","og_locale":"es_ES","og_type":"article","og_title":"Covid-19: Los autotest estar\u00edan a la venta en 15 d\u00edas | CVI NOTICIAS","og_description":"El protesorero de la\u00a0Confederaci\u00f3n Farmac\u00e9utica Argentina\u00a0(Cofa), Ricardo Pesenti, estim\u00f3 que \u00aben los pr\u00f3ximos quince d\u00edas\u00bb estar\u00edan disponibles los autotest en las\u00a0farmacias, luego de que ayer la\u00a0Administraci\u00f3n Nacional de Medicamentos, Alimentos y Tecnolog\u00eda M\u00e9dica\u00a0(Anmat) aprobara el uso individual de cuatro test para la detecci\u00f3n del\u00a0coronavirus. \u00abA partir del registro de ayer se empieza a hacer el [&hellip;]","og_url":"https:\/\/cvinoticias.com\/v3\/covid-19-los-autotest-estarian-a-la-venta-en-15-dias\/","og_site_name":"CVI NOTICIAS","article_publisher":"https:\/\/www.facebook.com\/cvinoticias","article_published_time":"2022-01-06T19:00:15+00:00","og_image":[{"width":1248,"height":770,"url":"https:\/\/cvinoticias.com\/wp-content\/uploads\/2022\/01\/test-deteccion-covid-kHmD-U1401017157841AbB-1248x770@RC.jpeg","type":"image\/jpeg"}],"author":"f1000024","twitter_card":"summary_large_image","twitter_misc":{"Escrito por":"f1000024","Tiempo de lectura":"3 minutos"},"schema":{"@context":"https:\/\/schema.org","@graph":[{"@type":"Article","@id":"https:\/\/cvinoticias.com\/v3\/covid-19-los-autotest-estarian-a-la-venta-en-15-dias\/#article","isPartOf":{"@id":"https:\/\/cvinoticias.com\/v3\/covid-19-los-autotest-estarian-a-la-venta-en-15-dias\/"},"author":{"name":"f1000024","@id":"https:\/\/cvinoticias.com\/v3\/#\/schema\/person\/2db77e3c6bc03c538495d7b2b8be9b66"},"headline":"Covid-19: Los autotest estar\u00edan a la venta en 15 d\u00edas","datePublished":"2022-01-06T19:00:15+00:00","mainEntityOfPage":{"@id":"https:\/\/cvinoticias.com\/v3\/covid-19-los-autotest-estarian-a-la-venta-en-15-dias\/"},"wordCount":598,"commentCount":0,"publisher":{"@id":"https:\/\/cvinoticias.com\/v3\/#organization"},"image":{"@id":"https:\/\/cvinoticias.com\/v3\/covid-19-los-autotest-estarian-a-la-venta-en-15-dias\/#primaryimage"},"thumbnailUrl":"https:\/\/cvinoticias.com\/wp-content\/uploads\/2022\/01\/test-deteccion-covid-kHmD-U1401017157841AbB-1248x770@RC.jpeg","articleSection":["Informaci\u00f3n General"],"inLanguage":"es","potentialAction":[{"@type":"CommentAction","name":"Comment","target":["https:\/\/cvinoticias.com\/v3\/covid-19-los-autotest-estarian-a-la-venta-en-15-dias\/#respond"]}]},{"@type":"WebPage","@id":"https:\/\/cvinoticias.com\/v3\/covid-19-los-autotest-estarian-a-la-venta-en-15-dias\/","url":"https:\/\/cvinoticias.com\/v3\/covid-19-los-autotest-estarian-a-la-venta-en-15-dias\/","name":"Covid-19: Los autotest estar\u00edan a la venta en 15 d\u00edas | CVI NOTICIAS","isPartOf":{"@id":"https:\/\/cvinoticias.com\/v3\/#website"},"primaryImageOfPage":{"@id":"https:\/\/cvinoticias.com\/v3\/covid-19-los-autotest-estarian-a-la-venta-en-15-dias\/#primaryimage"},"image":{"@id":"https:\/\/cvinoticias.com\/v3\/covid-19-los-autotest-estarian-a-la-venta-en-15-dias\/#primaryimage"},"thumbnailUrl":"https:\/\/cvinoticias.com\/wp-content\/uploads\/2022\/01\/test-deteccion-covid-kHmD-U1401017157841AbB-1248x770@RC.jpeg","datePublished":"2022-01-06T19:00:15+00:00","breadcrumb":{"@id":"https:\/\/cvinoticias.com\/v3\/covid-19-los-autotest-estarian-a-la-venta-en-15-dias\/#breadcrumb"},"inLanguage":"es","potentialAction":[{"@type":"ReadAction","target":["https:\/\/cvinoticias.com\/v3\/covid-19-los-autotest-estarian-a-la-venta-en-15-dias\/"]}]},{"@type":"ImageObject","inLanguage":"es","@id":"https:\/\/cvinoticias.com\/v3\/covid-19-los-autotest-estarian-a-la-venta-en-15-dias\/#primaryimage","url":"https:\/\/cvinoticias.com\/wp-content\/uploads\/2022\/01\/test-deteccion-covid-kHmD-U1401017157841AbB-1248x770@RC.jpeg","contentUrl":"https:\/\/cvinoticias.com\/wp-content\/uploads\/2022\/01\/test-deteccion-covid-kHmD-U1401017157841AbB-1248x770@RC.jpeg","width":1248,"height":770},{"@type":"BreadcrumbList","@id":"https:\/\/cvinoticias.com\/v3\/covid-19-los-autotest-estarian-a-la-venta-en-15-dias\/#breadcrumb","itemListElement":[{"@type":"ListItem","position":1,"name":"Portada","item":"https:\/\/cvinoticias.com\/v3\/"},{"@type":"ListItem","position":2,"name":"Covid-19: Los autotest estar\u00edan a la venta en 15 d\u00edas"}]},{"@type":"WebSite","@id":"https:\/\/cvinoticias.com\/v3\/#website","url":"https:\/\/cvinoticias.com\/v3\/","name":"CVI NOTICIAS","description":"","publisher":{"@id":"https:\/\/cvinoticias.com\/v3\/#organization"},"alternateName":"CVI","potentialAction":[{"@type":"SearchAction","target":{"@type":"EntryPoint","urlTemplate":"https:\/\/cvinoticias.com\/v3\/?s={search_term_string}"},"query-input":{"@type":"PropertyValueSpecification","valueRequired":true,"valueName":"search_term_string"}}],"inLanguage":"es"},{"@type":"Organization","@id":"https:\/\/cvinoticias.com\/v3\/#organization","name":"CVI NOTICIAS","url":"https:\/\/cvinoticias.com\/v3\/","logo":{"@type":"ImageObject","inLanguage":"es","@id":"https:\/\/cvinoticias.com\/v3\/#\/schema\/logo\/image\/","url":"https:\/\/cvinoticias.com\/wp-content\/uploads\/2023\/04\/cropped-cropped-cropped-cropped-cropped-3-1.png","contentUrl":"https:\/\/cvinoticias.com\/wp-content\/uploads\/2023\/04\/cropped-cropped-cropped-cropped-cropped-3-1.png","width":95,"height":122,"caption":"CVI NOTICIAS"},"image":{"@id":"https:\/\/cvinoticias.com\/v3\/#\/schema\/logo\/image\/"},"sameAs":["https:\/\/www.facebook.com\/cvinoticias","https:\/\/www.instagram.com\/cvinoticias\/","https:\/\/www.youtube.com\/@CVINOTICIAS"]},{"@type":"Person","@id":"https:\/\/cvinoticias.com\/v3\/#\/schema\/person\/2db77e3c6bc03c538495d7b2b8be9b66","name":"f1000024","image":{"@type":"ImageObject","inLanguage":"es","@id":"https:\/\/secure.gravatar.com\/avatar\/d4fe7459cfc51ff5129ce1a732bbef5928568b8092d412ef95611616376bbeed?s=96&d=mm&r=g","url":"https:\/\/secure.gravatar.com\/avatar\/d4fe7459cfc51ff5129ce1a732bbef5928568b8092d412ef95611616376bbeed?s=96&d=mm&r=g","contentUrl":"https:\/\/secure.gravatar.com\/avatar\/d4fe7459cfc51ff5129ce1a732bbef5928568b8092d412ef95611616376bbeed?s=96&d=mm&r=g","caption":"f1000024"},"url":"https:\/\/cvinoticias.com\/v3\/author\/f1000024\/"}]}},"_links":{"self":[{"href":"https:\/\/cvinoticias.com\/v3\/wp-json\/wp\/v2\/posts\/12027","targetHints":{"allow":["GET"]}}],"collection":[{"href":"https:\/\/cvinoticias.com\/v3\/wp-json\/wp\/v2\/posts"}],"about":[{"href":"https:\/\/cvinoticias.com\/v3\/wp-json\/wp\/v2\/types\/post"}],"author":[{"embeddable":true,"href":"https:\/\/cvinoticias.com\/v3\/wp-json\/wp\/v2\/users\/2"}],"replies":[{"embeddable":true,"href":"https:\/\/cvinoticias.com\/v3\/wp-json\/wp\/v2\/comments?post=12027"}],"version-history":[{"count":1,"href":"https:\/\/cvinoticias.com\/v3\/wp-json\/wp\/v2\/posts\/12027\/revisions"}],"predecessor-version":[{"id":12029,"href":"https:\/\/cvinoticias.com\/v3\/wp-json\/wp\/v2\/posts\/12027\/revisions\/12029"}],"wp:featuredmedia":[{"embeddable":true,"href":"https:\/\/cvinoticias.com\/v3\/wp-json\/wp\/v2\/media\/12028"}],"wp:attachment":[{"href":"https:\/\/cvinoticias.com\/v3\/wp-json\/wp\/v2\/media?parent=12027"}],"wp:term":[{"taxonomy":"category","embeddable":true,"href":"https:\/\/cvinoticias.com\/v3\/wp-json\/wp\/v2\/categories?post=12027"},{"taxonomy":"post_tag","embeddable":true,"href":"https:\/\/cvinoticias.com\/v3\/wp-json\/wp\/v2\/tags?post=12027"}],"curies":[{"name":"wp","href":"https:\/\/api.w.org\/{rel}","templated":true}]}}