{"id":12023,"date":"2022-01-06T18:46:53","date_gmt":"2022-01-06T18:46:53","guid":{"rendered":"https:\/\/cvinoticias.com\/v3\/?p=12023"},"modified":"2022-01-06T18:49:24","modified_gmt":"2022-01-06T18:49:24","slug":"coronavirus-en-misiones-los-internados-que-estan-ocupando-camas-en-uti-son-personas-no-vacunadas-o-con-esquema-incompleto-aseguro-oscar-alarcon","status":"publish","type":"post","link":"https:\/\/cvinoticias.com\/v3\/coronavirus-en-misiones-los-internados-que-estan-ocupando-camas-en-uti-son-personas-no-vacunadas-o-con-esquema-incompleto-aseguro-oscar-alarcon\/","title":{"rendered":"Alarc\u00f3n: \u201cLos internados que est\u00e1n ocupando camas en UTI son personas no vacunadas o con esquema incompleto\u201d"},"content":{"rendered":"\n<h2 class=\"wp-block-heading\">Tras el rebrote de casos en todo el pa\u00eds y luego de confirmarse que en las \u00faltimas horas Misiones super\u00f3 los 300 casos de coronavirus en un d\u00eda, el ministro de salud de la provincia Oscar Alarc\u00f3n se refiri\u00f3 a la situaci\u00f3n epidemiol\u00f3gica. Pidi\u00f3 a los misioneros que refuercen los cuidados, que permanezcan aislados quienes deben hacerlo y que no duden en vacunarse contra el Covid-19.<\/h2>\n\n\n\n<p>\u201cAyer hubo 35% m\u00e1s de casos que el d\u00eda anterior, hay una vigilancia epidemiol\u00f3gica en las grandes urbes donde hay m\u00e1s contacto social y m\u00e1s trabajadores en un mismo lugar\u201d, indic\u00f3 Alarc\u00f3n.<\/p>\n\n\n\n<p>Frente a esta situaci\u00f3n Alarc\u00f3n confirm\u00f3 que se ampliar\u00e1n los horarios de atenci\u00f3n de los centros de testeos, tanto en el Hospital de F\u00e1tima, el Hospital Ren\u00e9 Favaloro, el Hospital de Itaemb\u00e9 Guaz\u00fa, en el centro de testeo del Hospital Madariaga, y otros en la provincia.<\/p>\n\n\n\n<p>Y\u00a0se\u00f1al\u00f3 que la provincia reforz\u00f3 los centros de testeos con m\u00e1s t\u00e9cnicos e insumos. Tambi\u00e9n reforzaron los servicios de salud en las Unidades de Terapia Intensiva, asegur\u00f3 Alarc\u00f3n.<\/p>\n\n\n\n<p>Y aclar\u00f3 que hoy \u201clos internados son personas no vacunadas o con esquema incompleto, son los que est\u00e1n ocupando camas cr\u00edticas, el grupo etario es diverso\u201d.<\/p>\n\n\n\n<p>Con relaci\u00f3n a nuevas restricciones o cierres ante este rebrote Alarc\u00f3n sostuvo que \u201cno habr\u00e1 otras medidas sino que se implementar\u00e1n estrategias para enfrentar la nueva ola que ingres\u00f3 al pa\u00eds\u201d. En este sentido, aconsej\u00f3 el diagn\u00f3stico temprano, aislamiento y priorizar la vacunaci\u00f3n.<\/p>\n\n\n\n<p>El ministro de Salud de Misiones tambi\u00e9n se refiri\u00f3 a la nueva recomendaci\u00f3n que anunci\u00f3 el Gobierno Nacional desde el Ministerio de Salud, en la cual se\u00f1alan que los contactos estrechos menores de 60 a\u00f1os que se encuentren en buen estado de salud y sin enfermedades de riesgo, no necesiten hisoparse. Esto como forma de evitar el colapso de los centros de testeos.<\/p>\n\n\n\n<p>Frente a esto, Alarc\u00f3n record\u00f3 que sigue siendo necesario y una exigencia el aislamiento social y comunicar a las personas con quienes el paciente estuvo en contacto las \u00faltimas 48 horas, para que estos sepan que se pudieron haber contagiado.<\/p>\n\n\n\n<p>Y aclar\u00f3 que quienes deben testearse sin dudar, son aquellas personas mayores de 60 a\u00f1os, en situaci\u00f3n de riesgo y con sintomatolog\u00eda.<\/p>\n","protected":false},"excerpt":{"rendered":"<p>Tras el rebrote de casos en todo el pa\u00eds y luego de confirmarse que en las \u00faltimas horas Misiones super\u00f3 los 300 casos de coronavirus en un d\u00eda, el ministro de salud de la provincia Oscar Alarc\u00f3n se refiri\u00f3 a la situaci\u00f3n epidemiol\u00f3gica. Pidi\u00f3 a los misioneros que refuercen los cuidados, que permanezcan aislados quienes [&hellip;]<\/p>\n","protected":false},"author":2,"featured_media":12024,"comment_status":"open","ping_status":"open","sticky":false,"template":"","format":"standard","meta":{"footnotes":""},"categories":[23,22],"tags":[],"class_list":["post-12023","post","type-post","status-publish","format-standard","has-post-thumbnail","hentry","category-covid-19","category-salud"],"yoast_head":"<!-- This site is optimized with the Yoast SEO plugin v27.4 - https:\/\/yoast.com\/product\/yoast-seo-wordpress\/ -->\n<title>Alarc\u00f3n: \u201cLos internados que est\u00e1n ocupando camas en UTI son personas no vacunadas o con esquema incompleto\u201d | CVI NOTICIAS<\/title>\n<meta name=\"robots\" content=\"index, follow, max-snippet:-1, max-image-preview:large, max-video-preview:-1\" \/>\n<link rel=\"canonical\" href=\"https:\/\/cvinoticias.com\/v3\/coronavirus-en-misiones-los-internados-que-estan-ocupando-camas-en-uti-son-personas-no-vacunadas-o-con-esquema-incompleto-aseguro-oscar-alarcon\/\" \/>\n<meta property=\"og:locale\" content=\"es_ES\" \/>\n<meta property=\"og:type\" content=\"article\" \/>\n<meta property=\"og:title\" content=\"Alarc\u00f3n: \u201cLos internados que est\u00e1n ocupando camas en UTI son personas no vacunadas o con esquema incompleto\u201d | CVI NOTICIAS\" \/>\n<meta property=\"og:description\" content=\"Tras el rebrote de casos en todo el pa\u00eds y luego de confirmarse que en las \u00faltimas horas Misiones super\u00f3 los 300 casos de coronavirus en un d\u00eda, el ministro de salud de la provincia Oscar Alarc\u00f3n se refiri\u00f3 a la situaci\u00f3n epidemiol\u00f3gica. Pidi\u00f3 a los misioneros que refuercen los cuidados, que permanezcan aislados quienes [&hellip;]\" \/>\n<meta property=\"og:url\" content=\"https:\/\/cvinoticias.com\/v3\/coronavirus-en-misiones-los-internados-que-estan-ocupando-camas-en-uti-son-personas-no-vacunadas-o-con-esquema-incompleto-aseguro-oscar-alarcon\/\" \/>\n<meta property=\"og:site_name\" content=\"CVI NOTICIAS\" \/>\n<meta property=\"article:publisher\" content=\"https:\/\/www.facebook.com\/cvinoticias\" \/>\n<meta property=\"article:published_time\" content=\"2022-01-06T18:46:53+00:00\" \/>\n<meta property=\"article:modified_time\" content=\"2022-01-06T18:49:24+00:00\" \/>\n<meta property=\"og:image\" content=\"https:\/\/cvinoticias.com\/wp-content\/uploads\/2022\/01\/FB_IMG_1624998604963.jpg\" \/>\n\t<meta property=\"og:image:width\" content=\"540\" \/>\n\t<meta property=\"og:image:height\" content=\"471\" \/>\n\t<meta property=\"og:image:type\" content=\"image\/jpeg\" \/>\n<meta name=\"author\" content=\"f1000024\" \/>\n<meta name=\"twitter:card\" content=\"summary_large_image\" \/>\n<meta name=\"twitter:label1\" content=\"Escrito por\" \/>\n\t<meta name=\"twitter:data1\" content=\"f1000024\" \/>\n\t<meta name=\"twitter:label2\" content=\"Tiempo de lectura\" \/>\n\t<meta name=\"twitter:data2\" content=\"2 minutos\" \/>\n<script type=\"application\/ld+json\" class=\"yoast-schema-graph\">{\"@context\":\"https:\\\/\\\/schema.org\",\"@graph\":[{\"@type\":\"Article\",\"@id\":\"https:\\\/\\\/cvinoticias.com\\\/v3\\\/coronavirus-en-misiones-los-internados-que-estan-ocupando-camas-en-uti-son-personas-no-vacunadas-o-con-esquema-incompleto-aseguro-oscar-alarcon\\\/#article\",\"isPartOf\":{\"@id\":\"https:\\\/\\\/cvinoticias.com\\\/v3\\\/coronavirus-en-misiones-los-internados-que-estan-ocupando-camas-en-uti-son-personas-no-vacunadas-o-con-esquema-incompleto-aseguro-oscar-alarcon\\\/\"},\"author\":{\"name\":\"f1000024\",\"@id\":\"https:\\\/\\\/cvinoticias.com\\\/v3\\\/#\\\/schema\\\/person\\\/2db77e3c6bc03c538495d7b2b8be9b66\"},\"headline\":\"Alarc\u00f3n: \u201cLos internados que est\u00e1n ocupando camas en UTI son personas no vacunadas o con esquema incompleto\u201d\",\"datePublished\":\"2022-01-06T18:46:53+00:00\",\"dateModified\":\"2022-01-06T18:49:24+00:00\",\"mainEntityOfPage\":{\"@id\":\"https:\\\/\\\/cvinoticias.com\\\/v3\\\/coronavirus-en-misiones-los-internados-que-estan-ocupando-camas-en-uti-son-personas-no-vacunadas-o-con-esquema-incompleto-aseguro-oscar-alarcon\\\/\"},\"wordCount\":418,\"commentCount\":0,\"publisher\":{\"@id\":\"https:\\\/\\\/cvinoticias.com\\\/v3\\\/#organization\"},\"image\":{\"@id\":\"https:\\\/\\\/cvinoticias.com\\\/v3\\\/coronavirus-en-misiones-los-internados-que-estan-ocupando-camas-en-uti-son-personas-no-vacunadas-o-con-esquema-incompleto-aseguro-oscar-alarcon\\\/#primaryimage\"},\"thumbnailUrl\":\"https:\\\/\\\/cvinoticias.com\\\/wp-content\\\/uploads\\\/2022\\\/01\\\/FB_IMG_1624998604963.jpg\",\"articleSection\":[\"Covid-19\",\"Salud\"],\"inLanguage\":\"es\",\"potentialAction\":[{\"@type\":\"CommentAction\",\"name\":\"Comment\",\"target\":[\"https:\\\/\\\/cvinoticias.com\\\/v3\\\/coronavirus-en-misiones-los-internados-que-estan-ocupando-camas-en-uti-son-personas-no-vacunadas-o-con-esquema-incompleto-aseguro-oscar-alarcon\\\/#respond\"]}]},{\"@type\":\"WebPage\",\"@id\":\"https:\\\/\\\/cvinoticias.com\\\/v3\\\/coronavirus-en-misiones-los-internados-que-estan-ocupando-camas-en-uti-son-personas-no-vacunadas-o-con-esquema-incompleto-aseguro-oscar-alarcon\\\/\",\"url\":\"https:\\\/\\\/cvinoticias.com\\\/v3\\\/coronavirus-en-misiones-los-internados-que-estan-ocupando-camas-en-uti-son-personas-no-vacunadas-o-con-esquema-incompleto-aseguro-oscar-alarcon\\\/\",\"name\":\"Alarc\u00f3n: \u201cLos internados que est\u00e1n ocupando camas en UTI son personas no vacunadas o con esquema incompleto\u201d | CVI NOTICIAS\",\"isPartOf\":{\"@id\":\"https:\\\/\\\/cvinoticias.com\\\/v3\\\/#website\"},\"primaryImageOfPage\":{\"@id\":\"https:\\\/\\\/cvinoticias.com\\\/v3\\\/coronavirus-en-misiones-los-internados-que-estan-ocupando-camas-en-uti-son-personas-no-vacunadas-o-con-esquema-incompleto-aseguro-oscar-alarcon\\\/#primaryimage\"},\"image\":{\"@id\":\"https:\\\/\\\/cvinoticias.com\\\/v3\\\/coronavirus-en-misiones-los-internados-que-estan-ocupando-camas-en-uti-son-personas-no-vacunadas-o-con-esquema-incompleto-aseguro-oscar-alarcon\\\/#primaryimage\"},\"thumbnailUrl\":\"https:\\\/\\\/cvinoticias.com\\\/wp-content\\\/uploads\\\/2022\\\/01\\\/FB_IMG_1624998604963.jpg\",\"datePublished\":\"2022-01-06T18:46:53+00:00\",\"dateModified\":\"2022-01-06T18:49:24+00:00\",\"breadcrumb\":{\"@id\":\"https:\\\/\\\/cvinoticias.com\\\/v3\\\/coronavirus-en-misiones-los-internados-que-estan-ocupando-camas-en-uti-son-personas-no-vacunadas-o-con-esquema-incompleto-aseguro-oscar-alarcon\\\/#breadcrumb\"},\"inLanguage\":\"es\",\"potentialAction\":[{\"@type\":\"ReadAction\",\"target\":[\"https:\\\/\\\/cvinoticias.com\\\/v3\\\/coronavirus-en-misiones-los-internados-que-estan-ocupando-camas-en-uti-son-personas-no-vacunadas-o-con-esquema-incompleto-aseguro-oscar-alarcon\\\/\"]}]},{\"@type\":\"ImageObject\",\"inLanguage\":\"es\",\"@id\":\"https:\\\/\\\/cvinoticias.com\\\/v3\\\/coronavirus-en-misiones-los-internados-que-estan-ocupando-camas-en-uti-son-personas-no-vacunadas-o-con-esquema-incompleto-aseguro-oscar-alarcon\\\/#primaryimage\",\"url\":\"https:\\\/\\\/cvinoticias.com\\\/wp-content\\\/uploads\\\/2022\\\/01\\\/FB_IMG_1624998604963.jpg\",\"contentUrl\":\"https:\\\/\\\/cvinoticias.com\\\/wp-content\\\/uploads\\\/2022\\\/01\\\/FB_IMG_1624998604963.jpg\",\"width\":540,\"height\":471},{\"@type\":\"BreadcrumbList\",\"@id\":\"https:\\\/\\\/cvinoticias.com\\\/v3\\\/coronavirus-en-misiones-los-internados-que-estan-ocupando-camas-en-uti-son-personas-no-vacunadas-o-con-esquema-incompleto-aseguro-oscar-alarcon\\\/#breadcrumb\",\"itemListElement\":[{\"@type\":\"ListItem\",\"position\":1,\"name\":\"Portada\",\"item\":\"https:\\\/\\\/cvinoticias.com\\\/v3\\\/\"},{\"@type\":\"ListItem\",\"position\":2,\"name\":\"Alarc\u00f3n: \u201cLos internados que est\u00e1n ocupando camas en UTI son personas no vacunadas o con esquema incompleto\u201d\"}]},{\"@type\":\"WebSite\",\"@id\":\"https:\\\/\\\/cvinoticias.com\\\/v3\\\/#website\",\"url\":\"https:\\\/\\\/cvinoticias.com\\\/v3\\\/\",\"name\":\"CVI NOTICIAS\",\"description\":\"\",\"publisher\":{\"@id\":\"https:\\\/\\\/cvinoticias.com\\\/v3\\\/#organization\"},\"alternateName\":\"CVI\",\"potentialAction\":[{\"@type\":\"SearchAction\",\"target\":{\"@type\":\"EntryPoint\",\"urlTemplate\":\"https:\\\/\\\/cvinoticias.com\\\/v3\\\/?s={search_term_string}\"},\"query-input\":{\"@type\":\"PropertyValueSpecification\",\"valueRequired\":true,\"valueName\":\"search_term_string\"}}],\"inLanguage\":\"es\"},{\"@type\":\"Organization\",\"@id\":\"https:\\\/\\\/cvinoticias.com\\\/v3\\\/#organization\",\"name\":\"CVI NOTICIAS\",\"url\":\"https:\\\/\\\/cvinoticias.com\\\/v3\\\/\",\"logo\":{\"@type\":\"ImageObject\",\"inLanguage\":\"es\",\"@id\":\"https:\\\/\\\/cvinoticias.com\\\/v3\\\/#\\\/schema\\\/logo\\\/image\\\/\",\"url\":\"https:\\\/\\\/cvinoticias.com\\\/wp-content\\\/uploads\\\/2023\\\/04\\\/cropped-cropped-cropped-cropped-cropped-3-1.png\",\"contentUrl\":\"https:\\\/\\\/cvinoticias.com\\\/wp-content\\\/uploads\\\/2023\\\/04\\\/cropped-cropped-cropped-cropped-cropped-3-1.png\",\"width\":95,\"height\":122,\"caption\":\"CVI NOTICIAS\"},\"image\":{\"@id\":\"https:\\\/\\\/cvinoticias.com\\\/v3\\\/#\\\/schema\\\/logo\\\/image\\\/\"},\"sameAs\":[\"https:\\\/\\\/www.facebook.com\\\/cvinoticias\",\"https:\\\/\\\/www.instagram.com\\\/cvinoticias\\\/\",\"https:\\\/\\\/www.youtube.com\\\/@CVINOTICIAS\"]},{\"@type\":\"Person\",\"@id\":\"https:\\\/\\\/cvinoticias.com\\\/v3\\\/#\\\/schema\\\/person\\\/2db77e3c6bc03c538495d7b2b8be9b66\",\"name\":\"f1000024\",\"image\":{\"@type\":\"ImageObject\",\"inLanguage\":\"es\",\"@id\":\"https:\\\/\\\/secure.gravatar.com\\\/avatar\\\/d4fe7459cfc51ff5129ce1a732bbef5928568b8092d412ef95611616376bbeed?s=96&d=mm&r=g\",\"url\":\"https:\\\/\\\/secure.gravatar.com\\\/avatar\\\/d4fe7459cfc51ff5129ce1a732bbef5928568b8092d412ef95611616376bbeed?s=96&d=mm&r=g\",\"contentUrl\":\"https:\\\/\\\/secure.gravatar.com\\\/avatar\\\/d4fe7459cfc51ff5129ce1a732bbef5928568b8092d412ef95611616376bbeed?s=96&d=mm&r=g\",\"caption\":\"f1000024\"},\"url\":\"https:\\\/\\\/cvinoticias.com\\\/v3\\\/author\\\/f1000024\\\/\"}]}<\/script>\n<!-- \/ Yoast SEO plugin. -->","yoast_head_json":{"title":"Alarc\u00f3n: \u201cLos internados que est\u00e1n ocupando camas en UTI son personas no vacunadas o con esquema incompleto\u201d | CVI NOTICIAS","robots":{"index":"index","follow":"follow","max-snippet":"max-snippet:-1","max-image-preview":"max-image-preview:large","max-video-preview":"max-video-preview:-1"},"canonical":"https:\/\/cvinoticias.com\/v3\/coronavirus-en-misiones-los-internados-que-estan-ocupando-camas-en-uti-son-personas-no-vacunadas-o-con-esquema-incompleto-aseguro-oscar-alarcon\/","og_locale":"es_ES","og_type":"article","og_title":"Alarc\u00f3n: \u201cLos internados que est\u00e1n ocupando camas en UTI son personas no vacunadas o con esquema incompleto\u201d | CVI NOTICIAS","og_description":"Tras el rebrote de casos en todo el pa\u00eds y luego de confirmarse que en las \u00faltimas horas Misiones super\u00f3 los 300 casos de coronavirus en un d\u00eda, el ministro de salud de la provincia Oscar Alarc\u00f3n se refiri\u00f3 a la situaci\u00f3n epidemiol\u00f3gica. Pidi\u00f3 a los misioneros que refuercen los cuidados, que permanezcan aislados quienes [&hellip;]","og_url":"https:\/\/cvinoticias.com\/v3\/coronavirus-en-misiones-los-internados-que-estan-ocupando-camas-en-uti-son-personas-no-vacunadas-o-con-esquema-incompleto-aseguro-oscar-alarcon\/","og_site_name":"CVI NOTICIAS","article_publisher":"https:\/\/www.facebook.com\/cvinoticias","article_published_time":"2022-01-06T18:46:53+00:00","article_modified_time":"2022-01-06T18:49:24+00:00","og_image":[{"width":540,"height":471,"url":"https:\/\/cvinoticias.com\/wp-content\/uploads\/2022\/01\/FB_IMG_1624998604963.jpg","type":"image\/jpeg"}],"author":"f1000024","twitter_card":"summary_large_image","twitter_misc":{"Escrito por":"f1000024","Tiempo de lectura":"2 minutos"},"schema":{"@context":"https:\/\/schema.org","@graph":[{"@type":"Article","@id":"https:\/\/cvinoticias.com\/v3\/coronavirus-en-misiones-los-internados-que-estan-ocupando-camas-en-uti-son-personas-no-vacunadas-o-con-esquema-incompleto-aseguro-oscar-alarcon\/#article","isPartOf":{"@id":"https:\/\/cvinoticias.com\/v3\/coronavirus-en-misiones-los-internados-que-estan-ocupando-camas-en-uti-son-personas-no-vacunadas-o-con-esquema-incompleto-aseguro-oscar-alarcon\/"},"author":{"name":"f1000024","@id":"https:\/\/cvinoticias.com\/v3\/#\/schema\/person\/2db77e3c6bc03c538495d7b2b8be9b66"},"headline":"Alarc\u00f3n: \u201cLos internados que est\u00e1n ocupando camas en UTI son personas no vacunadas o con esquema incompleto\u201d","datePublished":"2022-01-06T18:46:53+00:00","dateModified":"2022-01-06T18:49:24+00:00","mainEntityOfPage":{"@id":"https:\/\/cvinoticias.com\/v3\/coronavirus-en-misiones-los-internados-que-estan-ocupando-camas-en-uti-son-personas-no-vacunadas-o-con-esquema-incompleto-aseguro-oscar-alarcon\/"},"wordCount":418,"commentCount":0,"publisher":{"@id":"https:\/\/cvinoticias.com\/v3\/#organization"},"image":{"@id":"https:\/\/cvinoticias.com\/v3\/coronavirus-en-misiones-los-internados-que-estan-ocupando-camas-en-uti-son-personas-no-vacunadas-o-con-esquema-incompleto-aseguro-oscar-alarcon\/#primaryimage"},"thumbnailUrl":"https:\/\/cvinoticias.com\/wp-content\/uploads\/2022\/01\/FB_IMG_1624998604963.jpg","articleSection":["Covid-19","Salud"],"inLanguage":"es","potentialAction":[{"@type":"CommentAction","name":"Comment","target":["https:\/\/cvinoticias.com\/v3\/coronavirus-en-misiones-los-internados-que-estan-ocupando-camas-en-uti-son-personas-no-vacunadas-o-con-esquema-incompleto-aseguro-oscar-alarcon\/#respond"]}]},{"@type":"WebPage","@id":"https:\/\/cvinoticias.com\/v3\/coronavirus-en-misiones-los-internados-que-estan-ocupando-camas-en-uti-son-personas-no-vacunadas-o-con-esquema-incompleto-aseguro-oscar-alarcon\/","url":"https:\/\/cvinoticias.com\/v3\/coronavirus-en-misiones-los-internados-que-estan-ocupando-camas-en-uti-son-personas-no-vacunadas-o-con-esquema-incompleto-aseguro-oscar-alarcon\/","name":"Alarc\u00f3n: \u201cLos internados que est\u00e1n ocupando camas en UTI son personas no vacunadas o con esquema incompleto\u201d | CVI NOTICIAS","isPartOf":{"@id":"https:\/\/cvinoticias.com\/v3\/#website"},"primaryImageOfPage":{"@id":"https:\/\/cvinoticias.com\/v3\/coronavirus-en-misiones-los-internados-que-estan-ocupando-camas-en-uti-son-personas-no-vacunadas-o-con-esquema-incompleto-aseguro-oscar-alarcon\/#primaryimage"},"image":{"@id":"https:\/\/cvinoticias.com\/v3\/coronavirus-en-misiones-los-internados-que-estan-ocupando-camas-en-uti-son-personas-no-vacunadas-o-con-esquema-incompleto-aseguro-oscar-alarcon\/#primaryimage"},"thumbnailUrl":"https:\/\/cvinoticias.com\/wp-content\/uploads\/2022\/01\/FB_IMG_1624998604963.jpg","datePublished":"2022-01-06T18:46:53+00:00","dateModified":"2022-01-06T18:49:24+00:00","breadcrumb":{"@id":"https:\/\/cvinoticias.com\/v3\/coronavirus-en-misiones-los-internados-que-estan-ocupando-camas-en-uti-son-personas-no-vacunadas-o-con-esquema-incompleto-aseguro-oscar-alarcon\/#breadcrumb"},"inLanguage":"es","potentialAction":[{"@type":"ReadAction","target":["https:\/\/cvinoticias.com\/v3\/coronavirus-en-misiones-los-internados-que-estan-ocupando-camas-en-uti-son-personas-no-vacunadas-o-con-esquema-incompleto-aseguro-oscar-alarcon\/"]}]},{"@type":"ImageObject","inLanguage":"es","@id":"https:\/\/cvinoticias.com\/v3\/coronavirus-en-misiones-los-internados-que-estan-ocupando-camas-en-uti-son-personas-no-vacunadas-o-con-esquema-incompleto-aseguro-oscar-alarcon\/#primaryimage","url":"https:\/\/cvinoticias.com\/wp-content\/uploads\/2022\/01\/FB_IMG_1624998604963.jpg","contentUrl":"https:\/\/cvinoticias.com\/wp-content\/uploads\/2022\/01\/FB_IMG_1624998604963.jpg","width":540,"height":471},{"@type":"BreadcrumbList","@id":"https:\/\/cvinoticias.com\/v3\/coronavirus-en-misiones-los-internados-que-estan-ocupando-camas-en-uti-son-personas-no-vacunadas-o-con-esquema-incompleto-aseguro-oscar-alarcon\/#breadcrumb","itemListElement":[{"@type":"ListItem","position":1,"name":"Portada","item":"https:\/\/cvinoticias.com\/v3\/"},{"@type":"ListItem","position":2,"name":"Alarc\u00f3n: \u201cLos internados que est\u00e1n ocupando camas en UTI son personas no vacunadas o con esquema incompleto\u201d"}]},{"@type":"WebSite","@id":"https:\/\/cvinoticias.com\/v3\/#website","url":"https:\/\/cvinoticias.com\/v3\/","name":"CVI NOTICIAS","description":"","publisher":{"@id":"https:\/\/cvinoticias.com\/v3\/#organization"},"alternateName":"CVI","potentialAction":[{"@type":"SearchAction","target":{"@type":"EntryPoint","urlTemplate":"https:\/\/cvinoticias.com\/v3\/?s={search_term_string}"},"query-input":{"@type":"PropertyValueSpecification","valueRequired":true,"valueName":"search_term_string"}}],"inLanguage":"es"},{"@type":"Organization","@id":"https:\/\/cvinoticias.com\/v3\/#organization","name":"CVI NOTICIAS","url":"https:\/\/cvinoticias.com\/v3\/","logo":{"@type":"ImageObject","inLanguage":"es","@id":"https:\/\/cvinoticias.com\/v3\/#\/schema\/logo\/image\/","url":"https:\/\/cvinoticias.com\/wp-content\/uploads\/2023\/04\/cropped-cropped-cropped-cropped-cropped-3-1.png","contentUrl":"https:\/\/cvinoticias.com\/wp-content\/uploads\/2023\/04\/cropped-cropped-cropped-cropped-cropped-3-1.png","width":95,"height":122,"caption":"CVI NOTICIAS"},"image":{"@id":"https:\/\/cvinoticias.com\/v3\/#\/schema\/logo\/image\/"},"sameAs":["https:\/\/www.facebook.com\/cvinoticias","https:\/\/www.instagram.com\/cvinoticias\/","https:\/\/www.youtube.com\/@CVINOTICIAS"]},{"@type":"Person","@id":"https:\/\/cvinoticias.com\/v3\/#\/schema\/person\/2db77e3c6bc03c538495d7b2b8be9b66","name":"f1000024","image":{"@type":"ImageObject","inLanguage":"es","@id":"https:\/\/secure.gravatar.com\/avatar\/d4fe7459cfc51ff5129ce1a732bbef5928568b8092d412ef95611616376bbeed?s=96&d=mm&r=g","url":"https:\/\/secure.gravatar.com\/avatar\/d4fe7459cfc51ff5129ce1a732bbef5928568b8092d412ef95611616376bbeed?s=96&d=mm&r=g","contentUrl":"https:\/\/secure.gravatar.com\/avatar\/d4fe7459cfc51ff5129ce1a732bbef5928568b8092d412ef95611616376bbeed?s=96&d=mm&r=g","caption":"f1000024"},"url":"https:\/\/cvinoticias.com\/v3\/author\/f1000024\/"}]}},"_links":{"self":[{"href":"https:\/\/cvinoticias.com\/v3\/wp-json\/wp\/v2\/posts\/12023","targetHints":{"allow":["GET"]}}],"collection":[{"href":"https:\/\/cvinoticias.com\/v3\/wp-json\/wp\/v2\/posts"}],"about":[{"href":"https:\/\/cvinoticias.com\/v3\/wp-json\/wp\/v2\/types\/post"}],"author":[{"embeddable":true,"href":"https:\/\/cvinoticias.com\/v3\/wp-json\/wp\/v2\/users\/2"}],"replies":[{"embeddable":true,"href":"https:\/\/cvinoticias.com\/v3\/wp-json\/wp\/v2\/comments?post=12023"}],"version-history":[{"count":2,"href":"https:\/\/cvinoticias.com\/v3\/wp-json\/wp\/v2\/posts\/12023\/revisions"}],"predecessor-version":[{"id":12026,"href":"https:\/\/cvinoticias.com\/v3\/wp-json\/wp\/v2\/posts\/12023\/revisions\/12026"}],"wp:featuredmedia":[{"embeddable":true,"href":"https:\/\/cvinoticias.com\/v3\/wp-json\/wp\/v2\/media\/12024"}],"wp:attachment":[{"href":"https:\/\/cvinoticias.com\/v3\/wp-json\/wp\/v2\/media?parent=12023"}],"wp:term":[{"taxonomy":"category","embeddable":true,"href":"https:\/\/cvinoticias.com\/v3\/wp-json\/wp\/v2\/categories?post=12023"},{"taxonomy":"post_tag","embeddable":true,"href":"https:\/\/cvinoticias.com\/v3\/wp-json\/wp\/v2\/tags?post=12023"}],"curies":[{"name":"wp","href":"https:\/\/api.w.org\/{rel}","templated":true}]}}