{"id":12013,"date":"2022-01-06T11:48:15","date_gmt":"2022-01-06T11:48:15","guid":{"rendered":"https:\/\/cvinoticias.com\/v3\/?p=12013"},"modified":"2022-01-06T11:48:15","modified_gmt":"2022-01-06T11:48:15","slug":"no-hisoparan-a-contactos-estrechos-con-sintomas-de-covid-19","status":"publish","type":"post","link":"https:\/\/cvinoticias.com\/v3\/no-hisoparan-a-contactos-estrechos-con-sintomas-de-covid-19\/","title":{"rendered":"No hisopar\u00e1n a contactos estrechos con s\u00edntomas de Covid-19"},"content":{"rendered":"\n<p><strong><em>As\u00ed lo definieron los ministros de Salud de todo el pa\u00eds, en el marco de un nuevo encuentro del Consejo Federal de Salud \u00bfDe qu\u00e9 se trata esta medida?<\/em><\/strong><\/p>\n\n\n\n<p>La ministra de Salud de la Naci\u00f3n, Carla Vizzotti, particip\u00f3 este mi\u00e9rcoles del Consejo Federal de Salud (COFESA) junto a sus pares de las 24 jurisdicciones.\u00a0All\u00ed, analizaron la actual situaci\u00f3n epidemiol\u00f3gica de incremento en el n\u00famero de casos de Covid-19 y\u00a0acordaron facilitar el acceso a la vacunaci\u00f3n durante los meses de enero y febrero, permitiendo que las personas se vacunen fuera de su lugar de residencia.\u00a0Adem\u00e1s, se defini\u00f3 que el intervalo m\u00ednimo para la aplicaci\u00f3n de las dosis de refuerzo sea no menor a cuatro meses y cambiar la l\u00f3gica de los testeos.<\/p>\n\n\n\n<p>Durante la reuni\u00f3n,\u00a0se transmiti\u00f3 la recoDurante la reuni\u00f3n,\u00a0se transmiti\u00f3 la recomendaci\u00f3n realizada por la Comisi\u00f3n Nacional de Inmunizaciones (CoNaIn) de homologar a no menos de 4 meses el intervalo m\u00ednimo para la aplicaci\u00f3n de las dosis de refuerzo en todas las personas mayores de 18 a\u00f1os, con el objetivo de aprovechar oportunidades y agilizar la campa\u00f1a de vacunaci\u00f3n.\u00a0Es decir, que toda persona que haya completado su esquema de vacunaci\u00f3n inicial hace m\u00e1s de, por lo menos 120 d\u00edas, est\u00e1 en condiciones de recibir la dosis refuerzo. La implementaci\u00f3n de la medida se adaptar\u00e1 a las condiciones y planificaci\u00f3n definida por los diferentes planes jurisdiccionales. <\/p>\n\n\n\n<p>En ese sentido,\u00a0desde la cartera nacional se defini\u00f3 modificar los algoritmos con el objetivo de disminuir la tensi\u00f3n en los centros de testeo, que en los \u00faltimos d\u00edas han experimentado un incremento considerable. Se precis\u00f3 que si la persona tiene s\u00edntomas compatibles con Covid-19 y tuvo contacto estrecho con un caso positivo, no es estrictamente necesario realizar un test para confirmar el diagn\u00f3stico, ya que, ante tan elevada circulaci\u00f3n viral, la confirmaci\u00f3n puede establecerse por nexo cl\u00ednico y epidemiol\u00f3gico. En el caso de que la persona haya tenido un contacto estrecho con un caso confirmado, pero no presente s\u00edntomas, deber\u00e1 realizar el aislamiento correspondiente pero no est\u00e1 indicado el testeo.<\/p>\n\n\n\n<p>En relaci\u00f3n al aforo de eventos masivos en este contexto de aumento del n\u00famero de casos y ante la manifiesta preocupaci\u00f3n de algunos ministros de salud provinciales,\u00a0la ministra Vizzotti explic\u00f3 que el DNU vigente habilita a las jurisdicciones a tomar las medidas que consideren necesarias, ya que las acciones focalizadas han demostrado mayor impacto, y asegur\u00f3 el acompa\u00f1amiento de la cartera nacional en ese sentido.<\/p>\n\n\n\n<p><strong>MEDIDAS DEL MINISTERIO DE SALUD<\/strong><\/p>\n\n\n\n<ul class=\"wp-block-list\"><li>Homologar a no menos de 4 meses el intervalo m\u00ednimo para la aplicaci\u00f3n de las dosis de refuerzo en todas las personas mayores de 18 a\u00f1os<\/li><li>Todas las personas pueden vacunarse fuera de su lugar de residencia<\/li><li>Si una persona tiene s\u00edntomas compatibles con COVID-19 y tuvo contacto estrecho con un caso positivo no se necesita testear: es positivo<\/li><li>Si una persona haya tenido un contacto estrecho con un caso confirmado, pero no presente s\u00edntomas deber\u00e1 realizar el aislamiento<\/li><li>ANMAT autoriz\u00f3 la comercializaci\u00f3n de cuatro marcas de autotest<\/li><li>Aforo de eventos masivos: el DNU vigente habilita a las jurisdicciones a tomar las medidas que consideren necesarias.<\/li><\/ul>\n","protected":false},"excerpt":{"rendered":"<p>As\u00ed lo definieron los ministros de Salud de todo el pa\u00eds, en el marco de un nuevo encuentro del Consejo Federal de Salud \u00bfDe qu\u00e9 se trata esta medida? La ministra de Salud de la Naci\u00f3n, Carla Vizzotti, particip\u00f3 este mi\u00e9rcoles del Consejo Federal de Salud (COFESA) junto a sus pares de las 24 jurisdicciones.\u00a0All\u00ed, [&hellip;]<\/p>\n","protected":false},"author":2,"featured_media":12014,"comment_status":"open","ping_status":"open","sticky":false,"template":"","format":"standard","meta":{"footnotes":""},"categories":[23,22],"tags":[],"class_list":["post-12013","post","type-post","status-publish","format-standard","has-post-thumbnail","hentry","category-covid-19","category-salud"],"yoast_head":"<!-- This site is optimized with the Yoast SEO plugin v27.4 - https:\/\/yoast.com\/product\/yoast-seo-wordpress\/ -->\n<title>No hisopar\u00e1n a contactos estrechos con s\u00edntomas de Covid-19 | CVI NOTICIAS<\/title>\n<meta name=\"robots\" content=\"index, follow, max-snippet:-1, max-image-preview:large, max-video-preview:-1\" \/>\n<link rel=\"canonical\" href=\"https:\/\/cvinoticias.com\/v3\/no-hisoparan-a-contactos-estrechos-con-sintomas-de-covid-19\/\" \/>\n<meta property=\"og:locale\" content=\"es_ES\" \/>\n<meta property=\"og:type\" content=\"article\" \/>\n<meta property=\"og:title\" content=\"No hisopar\u00e1n a contactos estrechos con s\u00edntomas de Covid-19 | CVI NOTICIAS\" \/>\n<meta property=\"og:description\" content=\"As\u00ed lo definieron los ministros de Salud de todo el pa\u00eds, en el marco de un nuevo encuentro del Consejo Federal de Salud \u00bfDe qu\u00e9 se trata esta medida? La ministra de Salud de la Naci\u00f3n, Carla Vizzotti, particip\u00f3 este mi\u00e9rcoles del Consejo Federal de Salud (COFESA) junto a sus pares de las 24 jurisdicciones.\u00a0All\u00ed, [&hellip;]\" \/>\n<meta property=\"og:url\" content=\"https:\/\/cvinoticias.com\/v3\/no-hisoparan-a-contactos-estrechos-con-sintomas-de-covid-19\/\" \/>\n<meta property=\"og:site_name\" content=\"CVI NOTICIAS\" \/>\n<meta property=\"article:publisher\" content=\"https:\/\/www.facebook.com\/cvinoticias\" \/>\n<meta property=\"article:published_time\" content=\"2022-01-06T11:48:15+00:00\" \/>\n<meta property=\"og:image\" content=\"https:\/\/cvinoticias.com\/wp-content\/uploads\/2022\/01\/Screenshot_20220106-084742_Facebook.jpg\" \/>\n\t<meta property=\"og:image:width\" content=\"990\" \/>\n\t<meta property=\"og:image:height\" content=\"629\" \/>\n\t<meta property=\"og:image:type\" content=\"image\/jpeg\" \/>\n<meta name=\"author\" content=\"f1000024\" \/>\n<meta name=\"twitter:card\" content=\"summary_large_image\" \/>\n<meta name=\"twitter:label1\" content=\"Escrito por\" \/>\n\t<meta name=\"twitter:data1\" content=\"f1000024\" \/>\n\t<meta name=\"twitter:label2\" content=\"Tiempo de lectura\" \/>\n\t<meta name=\"twitter:data2\" content=\"3 minutos\" \/>\n<script type=\"application\/ld+json\" class=\"yoast-schema-graph\">{\"@context\":\"https:\\\/\\\/schema.org\",\"@graph\":[{\"@type\":\"Article\",\"@id\":\"https:\\\/\\\/cvinoticias.com\\\/v3\\\/no-hisoparan-a-contactos-estrechos-con-sintomas-de-covid-19\\\/#article\",\"isPartOf\":{\"@id\":\"https:\\\/\\\/cvinoticias.com\\\/v3\\\/no-hisoparan-a-contactos-estrechos-con-sintomas-de-covid-19\\\/\"},\"author\":{\"name\":\"f1000024\",\"@id\":\"https:\\\/\\\/cvinoticias.com\\\/v3\\\/#\\\/schema\\\/person\\\/2db77e3c6bc03c538495d7b2b8be9b66\"},\"headline\":\"No hisopar\u00e1n a contactos estrechos con s\u00edntomas de Covid-19\",\"datePublished\":\"2022-01-06T11:48:15+00:00\",\"mainEntityOfPage\":{\"@id\":\"https:\\\/\\\/cvinoticias.com\\\/v3\\\/no-hisoparan-a-contactos-estrechos-con-sintomas-de-covid-19\\\/\"},\"wordCount\":569,\"commentCount\":0,\"publisher\":{\"@id\":\"https:\\\/\\\/cvinoticias.com\\\/v3\\\/#organization\"},\"image\":{\"@id\":\"https:\\\/\\\/cvinoticias.com\\\/v3\\\/no-hisoparan-a-contactos-estrechos-con-sintomas-de-covid-19\\\/#primaryimage\"},\"thumbnailUrl\":\"https:\\\/\\\/cvinoticias.com\\\/wp-content\\\/uploads\\\/2022\\\/01\\\/Screenshot_20220106-084742_Facebook.jpg\",\"articleSection\":[\"Covid-19\",\"Salud\"],\"inLanguage\":\"es\",\"potentialAction\":[{\"@type\":\"CommentAction\",\"name\":\"Comment\",\"target\":[\"https:\\\/\\\/cvinoticias.com\\\/v3\\\/no-hisoparan-a-contactos-estrechos-con-sintomas-de-covid-19\\\/#respond\"]}]},{\"@type\":\"WebPage\",\"@id\":\"https:\\\/\\\/cvinoticias.com\\\/v3\\\/no-hisoparan-a-contactos-estrechos-con-sintomas-de-covid-19\\\/\",\"url\":\"https:\\\/\\\/cvinoticias.com\\\/v3\\\/no-hisoparan-a-contactos-estrechos-con-sintomas-de-covid-19\\\/\",\"name\":\"No hisopar\u00e1n a contactos estrechos con s\u00edntomas de Covid-19 | CVI NOTICIAS\",\"isPartOf\":{\"@id\":\"https:\\\/\\\/cvinoticias.com\\\/v3\\\/#website\"},\"primaryImageOfPage\":{\"@id\":\"https:\\\/\\\/cvinoticias.com\\\/v3\\\/no-hisoparan-a-contactos-estrechos-con-sintomas-de-covid-19\\\/#primaryimage\"},\"image\":{\"@id\":\"https:\\\/\\\/cvinoticias.com\\\/v3\\\/no-hisoparan-a-contactos-estrechos-con-sintomas-de-covid-19\\\/#primaryimage\"},\"thumbnailUrl\":\"https:\\\/\\\/cvinoticias.com\\\/wp-content\\\/uploads\\\/2022\\\/01\\\/Screenshot_20220106-084742_Facebook.jpg\",\"datePublished\":\"2022-01-06T11:48:15+00:00\",\"breadcrumb\":{\"@id\":\"https:\\\/\\\/cvinoticias.com\\\/v3\\\/no-hisoparan-a-contactos-estrechos-con-sintomas-de-covid-19\\\/#breadcrumb\"},\"inLanguage\":\"es\",\"potentialAction\":[{\"@type\":\"ReadAction\",\"target\":[\"https:\\\/\\\/cvinoticias.com\\\/v3\\\/no-hisoparan-a-contactos-estrechos-con-sintomas-de-covid-19\\\/\"]}]},{\"@type\":\"ImageObject\",\"inLanguage\":\"es\",\"@id\":\"https:\\\/\\\/cvinoticias.com\\\/v3\\\/no-hisoparan-a-contactos-estrechos-con-sintomas-de-covid-19\\\/#primaryimage\",\"url\":\"https:\\\/\\\/cvinoticias.com\\\/wp-content\\\/uploads\\\/2022\\\/01\\\/Screenshot_20220106-084742_Facebook.jpg\",\"contentUrl\":\"https:\\\/\\\/cvinoticias.com\\\/wp-content\\\/uploads\\\/2022\\\/01\\\/Screenshot_20220106-084742_Facebook.jpg\",\"width\":990,\"height\":629},{\"@type\":\"BreadcrumbList\",\"@id\":\"https:\\\/\\\/cvinoticias.com\\\/v3\\\/no-hisoparan-a-contactos-estrechos-con-sintomas-de-covid-19\\\/#breadcrumb\",\"itemListElement\":[{\"@type\":\"ListItem\",\"position\":1,\"name\":\"Portada\",\"item\":\"https:\\\/\\\/cvinoticias.com\\\/v3\\\/\"},{\"@type\":\"ListItem\",\"position\":2,\"name\":\"No hisopar\u00e1n a contactos estrechos con s\u00edntomas de Covid-19\"}]},{\"@type\":\"WebSite\",\"@id\":\"https:\\\/\\\/cvinoticias.com\\\/v3\\\/#website\",\"url\":\"https:\\\/\\\/cvinoticias.com\\\/v3\\\/\",\"name\":\"CVI NOTICIAS\",\"description\":\"\",\"publisher\":{\"@id\":\"https:\\\/\\\/cvinoticias.com\\\/v3\\\/#organization\"},\"alternateName\":\"CVI\",\"potentialAction\":[{\"@type\":\"SearchAction\",\"target\":{\"@type\":\"EntryPoint\",\"urlTemplate\":\"https:\\\/\\\/cvinoticias.com\\\/v3\\\/?s={search_term_string}\"},\"query-input\":{\"@type\":\"PropertyValueSpecification\",\"valueRequired\":true,\"valueName\":\"search_term_string\"}}],\"inLanguage\":\"es\"},{\"@type\":\"Organization\",\"@id\":\"https:\\\/\\\/cvinoticias.com\\\/v3\\\/#organization\",\"name\":\"CVI NOTICIAS\",\"url\":\"https:\\\/\\\/cvinoticias.com\\\/v3\\\/\",\"logo\":{\"@type\":\"ImageObject\",\"inLanguage\":\"es\",\"@id\":\"https:\\\/\\\/cvinoticias.com\\\/v3\\\/#\\\/schema\\\/logo\\\/image\\\/\",\"url\":\"https:\\\/\\\/cvinoticias.com\\\/wp-content\\\/uploads\\\/2023\\\/04\\\/cropped-cropped-cropped-cropped-cropped-3-1.png\",\"contentUrl\":\"https:\\\/\\\/cvinoticias.com\\\/wp-content\\\/uploads\\\/2023\\\/04\\\/cropped-cropped-cropped-cropped-cropped-3-1.png\",\"width\":95,\"height\":122,\"caption\":\"CVI NOTICIAS\"},\"image\":{\"@id\":\"https:\\\/\\\/cvinoticias.com\\\/v3\\\/#\\\/schema\\\/logo\\\/image\\\/\"},\"sameAs\":[\"https:\\\/\\\/www.facebook.com\\\/cvinoticias\",\"https:\\\/\\\/www.instagram.com\\\/cvinoticias\\\/\",\"https:\\\/\\\/www.youtube.com\\\/@CVINOTICIAS\"]},{\"@type\":\"Person\",\"@id\":\"https:\\\/\\\/cvinoticias.com\\\/v3\\\/#\\\/schema\\\/person\\\/2db77e3c6bc03c538495d7b2b8be9b66\",\"name\":\"f1000024\",\"image\":{\"@type\":\"ImageObject\",\"inLanguage\":\"es\",\"@id\":\"https:\\\/\\\/secure.gravatar.com\\\/avatar\\\/d4fe7459cfc51ff5129ce1a732bbef5928568b8092d412ef95611616376bbeed?s=96&d=mm&r=g\",\"url\":\"https:\\\/\\\/secure.gravatar.com\\\/avatar\\\/d4fe7459cfc51ff5129ce1a732bbef5928568b8092d412ef95611616376bbeed?s=96&d=mm&r=g\",\"contentUrl\":\"https:\\\/\\\/secure.gravatar.com\\\/avatar\\\/d4fe7459cfc51ff5129ce1a732bbef5928568b8092d412ef95611616376bbeed?s=96&d=mm&r=g\",\"caption\":\"f1000024\"},\"url\":\"https:\\\/\\\/cvinoticias.com\\\/v3\\\/author\\\/f1000024\\\/\"}]}<\/script>\n<!-- \/ Yoast SEO plugin. -->","yoast_head_json":{"title":"No hisopar\u00e1n a contactos estrechos con s\u00edntomas de Covid-19 | CVI NOTICIAS","robots":{"index":"index","follow":"follow","max-snippet":"max-snippet:-1","max-image-preview":"max-image-preview:large","max-video-preview":"max-video-preview:-1"},"canonical":"https:\/\/cvinoticias.com\/v3\/no-hisoparan-a-contactos-estrechos-con-sintomas-de-covid-19\/","og_locale":"es_ES","og_type":"article","og_title":"No hisopar\u00e1n a contactos estrechos con s\u00edntomas de Covid-19 | CVI NOTICIAS","og_description":"As\u00ed lo definieron los ministros de Salud de todo el pa\u00eds, en el marco de un nuevo encuentro del Consejo Federal de Salud \u00bfDe qu\u00e9 se trata esta medida? La ministra de Salud de la Naci\u00f3n, Carla Vizzotti, particip\u00f3 este mi\u00e9rcoles del Consejo Federal de Salud (COFESA) junto a sus pares de las 24 jurisdicciones.\u00a0All\u00ed, [&hellip;]","og_url":"https:\/\/cvinoticias.com\/v3\/no-hisoparan-a-contactos-estrechos-con-sintomas-de-covid-19\/","og_site_name":"CVI NOTICIAS","article_publisher":"https:\/\/www.facebook.com\/cvinoticias","article_published_time":"2022-01-06T11:48:15+00:00","og_image":[{"width":990,"height":629,"url":"https:\/\/cvinoticias.com\/wp-content\/uploads\/2022\/01\/Screenshot_20220106-084742_Facebook.jpg","type":"image\/jpeg"}],"author":"f1000024","twitter_card":"summary_large_image","twitter_misc":{"Escrito por":"f1000024","Tiempo de lectura":"3 minutos"},"schema":{"@context":"https:\/\/schema.org","@graph":[{"@type":"Article","@id":"https:\/\/cvinoticias.com\/v3\/no-hisoparan-a-contactos-estrechos-con-sintomas-de-covid-19\/#article","isPartOf":{"@id":"https:\/\/cvinoticias.com\/v3\/no-hisoparan-a-contactos-estrechos-con-sintomas-de-covid-19\/"},"author":{"name":"f1000024","@id":"https:\/\/cvinoticias.com\/v3\/#\/schema\/person\/2db77e3c6bc03c538495d7b2b8be9b66"},"headline":"No hisopar\u00e1n a contactos estrechos con s\u00edntomas de Covid-19","datePublished":"2022-01-06T11:48:15+00:00","mainEntityOfPage":{"@id":"https:\/\/cvinoticias.com\/v3\/no-hisoparan-a-contactos-estrechos-con-sintomas-de-covid-19\/"},"wordCount":569,"commentCount":0,"publisher":{"@id":"https:\/\/cvinoticias.com\/v3\/#organization"},"image":{"@id":"https:\/\/cvinoticias.com\/v3\/no-hisoparan-a-contactos-estrechos-con-sintomas-de-covid-19\/#primaryimage"},"thumbnailUrl":"https:\/\/cvinoticias.com\/wp-content\/uploads\/2022\/01\/Screenshot_20220106-084742_Facebook.jpg","articleSection":["Covid-19","Salud"],"inLanguage":"es","potentialAction":[{"@type":"CommentAction","name":"Comment","target":["https:\/\/cvinoticias.com\/v3\/no-hisoparan-a-contactos-estrechos-con-sintomas-de-covid-19\/#respond"]}]},{"@type":"WebPage","@id":"https:\/\/cvinoticias.com\/v3\/no-hisoparan-a-contactos-estrechos-con-sintomas-de-covid-19\/","url":"https:\/\/cvinoticias.com\/v3\/no-hisoparan-a-contactos-estrechos-con-sintomas-de-covid-19\/","name":"No hisopar\u00e1n a contactos estrechos con s\u00edntomas de Covid-19 | CVI NOTICIAS","isPartOf":{"@id":"https:\/\/cvinoticias.com\/v3\/#website"},"primaryImageOfPage":{"@id":"https:\/\/cvinoticias.com\/v3\/no-hisoparan-a-contactos-estrechos-con-sintomas-de-covid-19\/#primaryimage"},"image":{"@id":"https:\/\/cvinoticias.com\/v3\/no-hisoparan-a-contactos-estrechos-con-sintomas-de-covid-19\/#primaryimage"},"thumbnailUrl":"https:\/\/cvinoticias.com\/wp-content\/uploads\/2022\/01\/Screenshot_20220106-084742_Facebook.jpg","datePublished":"2022-01-06T11:48:15+00:00","breadcrumb":{"@id":"https:\/\/cvinoticias.com\/v3\/no-hisoparan-a-contactos-estrechos-con-sintomas-de-covid-19\/#breadcrumb"},"inLanguage":"es","potentialAction":[{"@type":"ReadAction","target":["https:\/\/cvinoticias.com\/v3\/no-hisoparan-a-contactos-estrechos-con-sintomas-de-covid-19\/"]}]},{"@type":"ImageObject","inLanguage":"es","@id":"https:\/\/cvinoticias.com\/v3\/no-hisoparan-a-contactos-estrechos-con-sintomas-de-covid-19\/#primaryimage","url":"https:\/\/cvinoticias.com\/wp-content\/uploads\/2022\/01\/Screenshot_20220106-084742_Facebook.jpg","contentUrl":"https:\/\/cvinoticias.com\/wp-content\/uploads\/2022\/01\/Screenshot_20220106-084742_Facebook.jpg","width":990,"height":629},{"@type":"BreadcrumbList","@id":"https:\/\/cvinoticias.com\/v3\/no-hisoparan-a-contactos-estrechos-con-sintomas-de-covid-19\/#breadcrumb","itemListElement":[{"@type":"ListItem","position":1,"name":"Portada","item":"https:\/\/cvinoticias.com\/v3\/"},{"@type":"ListItem","position":2,"name":"No hisopar\u00e1n a contactos estrechos con s\u00edntomas de Covid-19"}]},{"@type":"WebSite","@id":"https:\/\/cvinoticias.com\/v3\/#website","url":"https:\/\/cvinoticias.com\/v3\/","name":"CVI NOTICIAS","description":"","publisher":{"@id":"https:\/\/cvinoticias.com\/v3\/#organization"},"alternateName":"CVI","potentialAction":[{"@type":"SearchAction","target":{"@type":"EntryPoint","urlTemplate":"https:\/\/cvinoticias.com\/v3\/?s={search_term_string}"},"query-input":{"@type":"PropertyValueSpecification","valueRequired":true,"valueName":"search_term_string"}}],"inLanguage":"es"},{"@type":"Organization","@id":"https:\/\/cvinoticias.com\/v3\/#organization","name":"CVI NOTICIAS","url":"https:\/\/cvinoticias.com\/v3\/","logo":{"@type":"ImageObject","inLanguage":"es","@id":"https:\/\/cvinoticias.com\/v3\/#\/schema\/logo\/image\/","url":"https:\/\/cvinoticias.com\/wp-content\/uploads\/2023\/04\/cropped-cropped-cropped-cropped-cropped-3-1.png","contentUrl":"https:\/\/cvinoticias.com\/wp-content\/uploads\/2023\/04\/cropped-cropped-cropped-cropped-cropped-3-1.png","width":95,"height":122,"caption":"CVI NOTICIAS"},"image":{"@id":"https:\/\/cvinoticias.com\/v3\/#\/schema\/logo\/image\/"},"sameAs":["https:\/\/www.facebook.com\/cvinoticias","https:\/\/www.instagram.com\/cvinoticias\/","https:\/\/www.youtube.com\/@CVINOTICIAS"]},{"@type":"Person","@id":"https:\/\/cvinoticias.com\/v3\/#\/schema\/person\/2db77e3c6bc03c538495d7b2b8be9b66","name":"f1000024","image":{"@type":"ImageObject","inLanguage":"es","@id":"https:\/\/secure.gravatar.com\/avatar\/d4fe7459cfc51ff5129ce1a732bbef5928568b8092d412ef95611616376bbeed?s=96&d=mm&r=g","url":"https:\/\/secure.gravatar.com\/avatar\/d4fe7459cfc51ff5129ce1a732bbef5928568b8092d412ef95611616376bbeed?s=96&d=mm&r=g","contentUrl":"https:\/\/secure.gravatar.com\/avatar\/d4fe7459cfc51ff5129ce1a732bbef5928568b8092d412ef95611616376bbeed?s=96&d=mm&r=g","caption":"f1000024"},"url":"https:\/\/cvinoticias.com\/v3\/author\/f1000024\/"}]}},"_links":{"self":[{"href":"https:\/\/cvinoticias.com\/v3\/wp-json\/wp\/v2\/posts\/12013","targetHints":{"allow":["GET"]}}],"collection":[{"href":"https:\/\/cvinoticias.com\/v3\/wp-json\/wp\/v2\/posts"}],"about":[{"href":"https:\/\/cvinoticias.com\/v3\/wp-json\/wp\/v2\/types\/post"}],"author":[{"embeddable":true,"href":"https:\/\/cvinoticias.com\/v3\/wp-json\/wp\/v2\/users\/2"}],"replies":[{"embeddable":true,"href":"https:\/\/cvinoticias.com\/v3\/wp-json\/wp\/v2\/comments?post=12013"}],"version-history":[{"count":1,"href":"https:\/\/cvinoticias.com\/v3\/wp-json\/wp\/v2\/posts\/12013\/revisions"}],"predecessor-version":[{"id":12015,"href":"https:\/\/cvinoticias.com\/v3\/wp-json\/wp\/v2\/posts\/12013\/revisions\/12015"}],"wp:featuredmedia":[{"embeddable":true,"href":"https:\/\/cvinoticias.com\/v3\/wp-json\/wp\/v2\/media\/12014"}],"wp:attachment":[{"href":"https:\/\/cvinoticias.com\/v3\/wp-json\/wp\/v2\/media?parent=12013"}],"wp:term":[{"taxonomy":"category","embeddable":true,"href":"https:\/\/cvinoticias.com\/v3\/wp-json\/wp\/v2\/categories?post=12013"},{"taxonomy":"post_tag","embeddable":true,"href":"https:\/\/cvinoticias.com\/v3\/wp-json\/wp\/v2\/tags?post=12013"}],"curies":[{"name":"wp","href":"https:\/\/api.w.org\/{rel}","templated":true}]}}