{"id":12006,"date":"2022-01-05T22:09:56","date_gmt":"2022-01-05T22:09:56","guid":{"rendered":"https:\/\/cvinoticias.com\/v3\/?p=12006"},"modified":"2022-01-05T22:09:56","modified_gmt":"2022-01-05T22:09:56","slug":"la-sociedad-argentina-de-infectologia-advierte-por-la-falta-de-medicos-y-recomienda-un-nuevo-protocolo-de-aislamiento","status":"publish","type":"post","link":"https:\/\/cvinoticias.com\/v3\/la-sociedad-argentina-de-infectologia-advierte-por-la-falta-de-medicos-y-recomienda-un-nuevo-protocolo-de-aislamiento\/","title":{"rendered":"La Sociedad Argentina de Infectolog\u00eda advierte por la falta de m\u00e9dicos y recomienda un nuevo protocolo de aislamiento"},"content":{"rendered":"\n<p><strong>Con el crecimiento\u00a0exponencial de casos\u00a0que se vivi\u00f3 en la Argentina (y el mundo), muchas actividades entraron en riesgo de no poder realizarse por falta de personal. Es decir, si todos tenemos alg\u00fan contacto estrecho dando vueltas y la prescripci\u00f3n de aislarnos por 5 d\u00edas desde el contacto, hay empresas y organizaciones enteras que tienen problemas para sostener sus funcionamientos. Esto se est\u00e1 dando particularmente en el sector salud.<\/strong><\/p>\n\n\n\n<p>Por eso, la&nbsp;<strong>Sociedad Argentina de Infectolog\u00eda&nbsp;<\/strong>elabor\u00f3 un documento explicando cu\u00e1les son los criterios de aislamiento vigentes y recomendando cambios en los protocolos para los casos en que corra riesgo la atenci\u00f3n m\u00e9dica. El informe dice:<\/p>\n\n\n\n<p>\u00abSi la capacidad operativa de la instituci\u00f3n se ve amenazada, se podr\u00eda implementar un PLAN DE CONTINGENCIA:<\/p>\n\n\n\n<p>1. Contacto estrecho asintom\u00e1tico con vacunaci\u00f3n completa:<\/p>\n\n\n\n<p><strong>a. No conviviente: no se a\u00edsla y refuerzo de cuidados especiales<\/strong><\/p>\n\n\n\n<p>b. Conviviente: 5 d\u00edas de aislamiento* + 5 d\u00edas de cuidados especiales^<\/p>\n\n\n\n<p>El trabajo que\u00a0<strong>circul\u00f3 entre la comunidad m\u00e9dica,\u00a0<\/strong>es firmado por Maria Ines Staneloni, Wanda Cornistein, Yanina Nuccetelli y Angel Colque\u00a0<strong>Sociedad Argentina de Infectolog\u00eda.\u00a0<\/strong>Por ahora los criterios del Ministerio de Salud de la Naci\u00f3n es que se deben aislar durante 5 d\u00edas los contactos estrechos de casos positivos confirmados que ya est\u00e9n vacunados. No establece criterios diferentes para el\u00a0personal de salud.<\/p>\n\n\n\n<p>\u00abDebido al incremento significativo de casos COVID en la comunidad, la falta de restricciones en las actividades sociales y la menor adherencia al uso de barbijo, una proporci\u00f3n de trabajadores de la salud son licenciados por contacto estrecho\u00bb, describe el documento.<\/p>\n\n\n\n<p>\u00abExiste evidencia que demuestra que la mayor parte de la transmisi\u00f3n ocurre durante los primeros d\u00edas del curso de la enfermedad\u00bb, explican.&nbsp;<strong>\u00abOtro estudio ha demostrado que el efecto de la carga viral fue mayor en los contactos dom\u00e9sticos que en los no dom\u00e9sticos\u00bb, sugieren.<\/strong><\/p>\n\n\n\n<p>Es decir que seg\u00fan este documento se podr\u00eda evitar el aislamiento del personal de salud ue resultara contacto estrecho de un no conviviente. Se mantendr\u00eda por 5 d\u00edas en el caso de convivientes o 7 d\u00edas en caso de no vacunados.<\/p>\n\n\n\n<p>\u00abContacto estrecho asintom\u00e1tico sin vacunaci\u00f3n o vacunaci\u00f3n incompleta: 7 d\u00edas de aislamiento + 3 de cuidados especiales\u00bb, dice el informe.<\/p>\n\n\n\n<ul class=\"wp-block-list\"><li>\u00bfCu\u00e1les son esos \u00abcuidados especiales\u00bb que se deben extender?<\/li><li>Utilizar el barbijo de forma apropiada, es decir, bien ajustado, tapando ment\u00f3n, boca y nariz de forma permanente en ambientes<\/li><li>cerrados o abiertos donde haya otras personas;<\/li><li>mantener distancia social (mayor a 1.5 mt);<\/li><li>evitar ingerir alimentos junto a otros compa\u00f1eros,<\/li><li>Extremar los cuidados ante la presencia de una persona con factores de riesgo.<\/li><li>Mantener los ambientes ventilados,<\/li><li>No concurrir a eventos masivos ni reuniones sociales<\/li><li>De Tener disponibilidad, considerar realizar test diagn\u00f3stico al quinto d\u00eda de aislamiento<\/li><\/ul>\n\n\n\n<p>Desde el ministerio de Salud explicaron que no est\u00e1 previsto por ahora un cambio en los protocolos. \u00abAcabamos de cambiar los criterios de aislamiento. Hay que esperar dos semanas para ver c\u00f3mo evoluciona\u00bb, aseguraron.<\/p>\n","protected":false},"excerpt":{"rendered":"<p>Con el crecimiento\u00a0exponencial de casos\u00a0que se vivi\u00f3 en la Argentina (y el mundo), muchas actividades entraron en riesgo de no poder realizarse por falta de personal. Es decir, si todos tenemos alg\u00fan contacto estrecho dando vueltas y la prescripci\u00f3n de aislarnos por 5 d\u00edas desde el contacto, hay empresas y organizaciones enteras que tienen problemas [&hellip;]<\/p>\n","protected":false},"author":2,"featured_media":12007,"comment_status":"open","ping_status":"open","sticky":false,"template":"","format":"standard","meta":{"footnotes":""},"categories":[22],"tags":[],"class_list":["post-12006","post","type-post","status-publish","format-standard","has-post-thumbnail","hentry","category-salud"],"yoast_head":"<!-- This site is optimized with the Yoast SEO plugin v27.4 - https:\/\/yoast.com\/product\/yoast-seo-wordpress\/ -->\n<title>La Sociedad Argentina de Infectolog\u00eda advierte por la falta de m\u00e9dicos y recomienda un nuevo protocolo de aislamiento | CVI NOTICIAS<\/title>\n<meta name=\"robots\" content=\"index, follow, max-snippet:-1, max-image-preview:large, max-video-preview:-1\" \/>\n<link rel=\"canonical\" href=\"https:\/\/cvinoticias.com\/v3\/la-sociedad-argentina-de-infectologia-advierte-por-la-falta-de-medicos-y-recomienda-un-nuevo-protocolo-de-aislamiento\/\" \/>\n<meta property=\"og:locale\" content=\"es_ES\" \/>\n<meta property=\"og:type\" content=\"article\" \/>\n<meta property=\"og:title\" content=\"La Sociedad Argentina de Infectolog\u00eda advierte por la falta de m\u00e9dicos y recomienda un nuevo protocolo de aislamiento | CVI NOTICIAS\" \/>\n<meta property=\"og:description\" content=\"Con el crecimiento\u00a0exponencial de casos\u00a0que se vivi\u00f3 en la Argentina (y el mundo), muchas actividades entraron en riesgo de no poder realizarse por falta de personal. Es decir, si todos tenemos alg\u00fan contacto estrecho dando vueltas y la prescripci\u00f3n de aislarnos por 5 d\u00edas desde el contacto, hay empresas y organizaciones enteras que tienen problemas [&hellip;]\" \/>\n<meta property=\"og:url\" content=\"https:\/\/cvinoticias.com\/v3\/la-sociedad-argentina-de-infectologia-advierte-por-la-falta-de-medicos-y-recomienda-un-nuevo-protocolo-de-aislamiento\/\" \/>\n<meta property=\"og:site_name\" content=\"CVI NOTICIAS\" \/>\n<meta property=\"article:publisher\" content=\"https:\/\/www.facebook.com\/cvinoticias\" \/>\n<meta property=\"article:published_time\" content=\"2022-01-05T22:09:56+00:00\" \/>\n<meta property=\"og:image\" content=\"https:\/\/cvinoticias.com\/wp-content\/uploads\/2022\/01\/covid-19-espana-pais-mas-medicos-sin-epi-mascarilla-sanitarios-contagiados-8731_620x368.jpg\" \/>\n\t<meta property=\"og:image:width\" content=\"620\" \/>\n\t<meta property=\"og:image:height\" content=\"368\" \/>\n\t<meta property=\"og:image:type\" content=\"image\/jpeg\" \/>\n<meta name=\"author\" content=\"f1000024\" \/>\n<meta name=\"twitter:card\" content=\"summary_large_image\" \/>\n<meta name=\"twitter:label1\" content=\"Escrito por\" \/>\n\t<meta name=\"twitter:data1\" content=\"f1000024\" \/>\n\t<meta name=\"twitter:label2\" content=\"Tiempo de lectura\" \/>\n\t<meta name=\"twitter:data2\" content=\"3 minutos\" \/>\n<script type=\"application\/ld+json\" class=\"yoast-schema-graph\">{\"@context\":\"https:\\\/\\\/schema.org\",\"@graph\":[{\"@type\":\"Article\",\"@id\":\"https:\\\/\\\/cvinoticias.com\\\/v3\\\/la-sociedad-argentina-de-infectologia-advierte-por-la-falta-de-medicos-y-recomienda-un-nuevo-protocolo-de-aislamiento\\\/#article\",\"isPartOf\":{\"@id\":\"https:\\\/\\\/cvinoticias.com\\\/v3\\\/la-sociedad-argentina-de-infectologia-advierte-por-la-falta-de-medicos-y-recomienda-un-nuevo-protocolo-de-aislamiento\\\/\"},\"author\":{\"name\":\"f1000024\",\"@id\":\"https:\\\/\\\/cvinoticias.com\\\/v3\\\/#\\\/schema\\\/person\\\/2db77e3c6bc03c538495d7b2b8be9b66\"},\"headline\":\"La Sociedad Argentina de Infectolog\u00eda advierte por la falta de m\u00e9dicos y recomienda un nuevo protocolo de aislamiento\",\"datePublished\":\"2022-01-05T22:09:56+00:00\",\"mainEntityOfPage\":{\"@id\":\"https:\\\/\\\/cvinoticias.com\\\/v3\\\/la-sociedad-argentina-de-infectologia-advierte-por-la-falta-de-medicos-y-recomienda-un-nuevo-protocolo-de-aislamiento\\\/\"},\"wordCount\":536,\"commentCount\":0,\"publisher\":{\"@id\":\"https:\\\/\\\/cvinoticias.com\\\/v3\\\/#organization\"},\"image\":{\"@id\":\"https:\\\/\\\/cvinoticias.com\\\/v3\\\/la-sociedad-argentina-de-infectologia-advierte-por-la-falta-de-medicos-y-recomienda-un-nuevo-protocolo-de-aislamiento\\\/#primaryimage\"},\"thumbnailUrl\":\"https:\\\/\\\/cvinoticias.com\\\/wp-content\\\/uploads\\\/2022\\\/01\\\/covid-19-espana-pais-mas-medicos-sin-epi-mascarilla-sanitarios-contagiados-8731_620x368.jpg\",\"articleSection\":[\"Salud\"],\"inLanguage\":\"es\",\"potentialAction\":[{\"@type\":\"CommentAction\",\"name\":\"Comment\",\"target\":[\"https:\\\/\\\/cvinoticias.com\\\/v3\\\/la-sociedad-argentina-de-infectologia-advierte-por-la-falta-de-medicos-y-recomienda-un-nuevo-protocolo-de-aislamiento\\\/#respond\"]}]},{\"@type\":\"WebPage\",\"@id\":\"https:\\\/\\\/cvinoticias.com\\\/v3\\\/la-sociedad-argentina-de-infectologia-advierte-por-la-falta-de-medicos-y-recomienda-un-nuevo-protocolo-de-aislamiento\\\/\",\"url\":\"https:\\\/\\\/cvinoticias.com\\\/v3\\\/la-sociedad-argentina-de-infectologia-advierte-por-la-falta-de-medicos-y-recomienda-un-nuevo-protocolo-de-aislamiento\\\/\",\"name\":\"La Sociedad Argentina de Infectolog\u00eda advierte por la falta de m\u00e9dicos y recomienda un nuevo protocolo de aislamiento | CVI NOTICIAS\",\"isPartOf\":{\"@id\":\"https:\\\/\\\/cvinoticias.com\\\/v3\\\/#website\"},\"primaryImageOfPage\":{\"@id\":\"https:\\\/\\\/cvinoticias.com\\\/v3\\\/la-sociedad-argentina-de-infectologia-advierte-por-la-falta-de-medicos-y-recomienda-un-nuevo-protocolo-de-aislamiento\\\/#primaryimage\"},\"image\":{\"@id\":\"https:\\\/\\\/cvinoticias.com\\\/v3\\\/la-sociedad-argentina-de-infectologia-advierte-por-la-falta-de-medicos-y-recomienda-un-nuevo-protocolo-de-aislamiento\\\/#primaryimage\"},\"thumbnailUrl\":\"https:\\\/\\\/cvinoticias.com\\\/wp-content\\\/uploads\\\/2022\\\/01\\\/covid-19-espana-pais-mas-medicos-sin-epi-mascarilla-sanitarios-contagiados-8731_620x368.jpg\",\"datePublished\":\"2022-01-05T22:09:56+00:00\",\"breadcrumb\":{\"@id\":\"https:\\\/\\\/cvinoticias.com\\\/v3\\\/la-sociedad-argentina-de-infectologia-advierte-por-la-falta-de-medicos-y-recomienda-un-nuevo-protocolo-de-aislamiento\\\/#breadcrumb\"},\"inLanguage\":\"es\",\"potentialAction\":[{\"@type\":\"ReadAction\",\"target\":[\"https:\\\/\\\/cvinoticias.com\\\/v3\\\/la-sociedad-argentina-de-infectologia-advierte-por-la-falta-de-medicos-y-recomienda-un-nuevo-protocolo-de-aislamiento\\\/\"]}]},{\"@type\":\"ImageObject\",\"inLanguage\":\"es\",\"@id\":\"https:\\\/\\\/cvinoticias.com\\\/v3\\\/la-sociedad-argentina-de-infectologia-advierte-por-la-falta-de-medicos-y-recomienda-un-nuevo-protocolo-de-aislamiento\\\/#primaryimage\",\"url\":\"https:\\\/\\\/cvinoticias.com\\\/wp-content\\\/uploads\\\/2022\\\/01\\\/covid-19-espana-pais-mas-medicos-sin-epi-mascarilla-sanitarios-contagiados-8731_620x368.jpg\",\"contentUrl\":\"https:\\\/\\\/cvinoticias.com\\\/wp-content\\\/uploads\\\/2022\\\/01\\\/covid-19-espana-pais-mas-medicos-sin-epi-mascarilla-sanitarios-contagiados-8731_620x368.jpg\",\"width\":620,\"height\":368},{\"@type\":\"BreadcrumbList\",\"@id\":\"https:\\\/\\\/cvinoticias.com\\\/v3\\\/la-sociedad-argentina-de-infectologia-advierte-por-la-falta-de-medicos-y-recomienda-un-nuevo-protocolo-de-aislamiento\\\/#breadcrumb\",\"itemListElement\":[{\"@type\":\"ListItem\",\"position\":1,\"name\":\"Portada\",\"item\":\"https:\\\/\\\/cvinoticias.com\\\/v3\\\/\"},{\"@type\":\"ListItem\",\"position\":2,\"name\":\"La Sociedad Argentina de Infectolog\u00eda advierte por la falta de m\u00e9dicos y recomienda un nuevo protocolo de aislamiento\"}]},{\"@type\":\"WebSite\",\"@id\":\"https:\\\/\\\/cvinoticias.com\\\/v3\\\/#website\",\"url\":\"https:\\\/\\\/cvinoticias.com\\\/v3\\\/\",\"name\":\"CVI NOTICIAS\",\"description\":\"\",\"publisher\":{\"@id\":\"https:\\\/\\\/cvinoticias.com\\\/v3\\\/#organization\"},\"alternateName\":\"CVI\",\"potentialAction\":[{\"@type\":\"SearchAction\",\"target\":{\"@type\":\"EntryPoint\",\"urlTemplate\":\"https:\\\/\\\/cvinoticias.com\\\/v3\\\/?s={search_term_string}\"},\"query-input\":{\"@type\":\"PropertyValueSpecification\",\"valueRequired\":true,\"valueName\":\"search_term_string\"}}],\"inLanguage\":\"es\"},{\"@type\":\"Organization\",\"@id\":\"https:\\\/\\\/cvinoticias.com\\\/v3\\\/#organization\",\"name\":\"CVI NOTICIAS\",\"url\":\"https:\\\/\\\/cvinoticias.com\\\/v3\\\/\",\"logo\":{\"@type\":\"ImageObject\",\"inLanguage\":\"es\",\"@id\":\"https:\\\/\\\/cvinoticias.com\\\/v3\\\/#\\\/schema\\\/logo\\\/image\\\/\",\"url\":\"https:\\\/\\\/cvinoticias.com\\\/wp-content\\\/uploads\\\/2023\\\/04\\\/cropped-cropped-cropped-cropped-cropped-3-1.png\",\"contentUrl\":\"https:\\\/\\\/cvinoticias.com\\\/wp-content\\\/uploads\\\/2023\\\/04\\\/cropped-cropped-cropped-cropped-cropped-3-1.png\",\"width\":95,\"height\":122,\"caption\":\"CVI NOTICIAS\"},\"image\":{\"@id\":\"https:\\\/\\\/cvinoticias.com\\\/v3\\\/#\\\/schema\\\/logo\\\/image\\\/\"},\"sameAs\":[\"https:\\\/\\\/www.facebook.com\\\/cvinoticias\",\"https:\\\/\\\/www.instagram.com\\\/cvinoticias\\\/\",\"https:\\\/\\\/www.youtube.com\\\/@CVINOTICIAS\"]},{\"@type\":\"Person\",\"@id\":\"https:\\\/\\\/cvinoticias.com\\\/v3\\\/#\\\/schema\\\/person\\\/2db77e3c6bc03c538495d7b2b8be9b66\",\"name\":\"f1000024\",\"image\":{\"@type\":\"ImageObject\",\"inLanguage\":\"es\",\"@id\":\"https:\\\/\\\/secure.gravatar.com\\\/avatar\\\/d4fe7459cfc51ff5129ce1a732bbef5928568b8092d412ef95611616376bbeed?s=96&d=mm&r=g\",\"url\":\"https:\\\/\\\/secure.gravatar.com\\\/avatar\\\/d4fe7459cfc51ff5129ce1a732bbef5928568b8092d412ef95611616376bbeed?s=96&d=mm&r=g\",\"contentUrl\":\"https:\\\/\\\/secure.gravatar.com\\\/avatar\\\/d4fe7459cfc51ff5129ce1a732bbef5928568b8092d412ef95611616376bbeed?s=96&d=mm&r=g\",\"caption\":\"f1000024\"},\"url\":\"https:\\\/\\\/cvinoticias.com\\\/v3\\\/author\\\/f1000024\\\/\"}]}<\/script>\n<!-- \/ Yoast SEO plugin. -->","yoast_head_json":{"title":"La Sociedad Argentina de Infectolog\u00eda advierte por la falta de m\u00e9dicos y recomienda un nuevo protocolo de aislamiento | CVI NOTICIAS","robots":{"index":"index","follow":"follow","max-snippet":"max-snippet:-1","max-image-preview":"max-image-preview:large","max-video-preview":"max-video-preview:-1"},"canonical":"https:\/\/cvinoticias.com\/v3\/la-sociedad-argentina-de-infectologia-advierte-por-la-falta-de-medicos-y-recomienda-un-nuevo-protocolo-de-aislamiento\/","og_locale":"es_ES","og_type":"article","og_title":"La Sociedad Argentina de Infectolog\u00eda advierte por la falta de m\u00e9dicos y recomienda un nuevo protocolo de aislamiento | CVI NOTICIAS","og_description":"Con el crecimiento\u00a0exponencial de casos\u00a0que se vivi\u00f3 en la Argentina (y el mundo), muchas actividades entraron en riesgo de no poder realizarse por falta de personal. Es decir, si todos tenemos alg\u00fan contacto estrecho dando vueltas y la prescripci\u00f3n de aislarnos por 5 d\u00edas desde el contacto, hay empresas y organizaciones enteras que tienen problemas [&hellip;]","og_url":"https:\/\/cvinoticias.com\/v3\/la-sociedad-argentina-de-infectologia-advierte-por-la-falta-de-medicos-y-recomienda-un-nuevo-protocolo-de-aislamiento\/","og_site_name":"CVI NOTICIAS","article_publisher":"https:\/\/www.facebook.com\/cvinoticias","article_published_time":"2022-01-05T22:09:56+00:00","og_image":[{"width":620,"height":368,"url":"https:\/\/cvinoticias.com\/wp-content\/uploads\/2022\/01\/covid-19-espana-pais-mas-medicos-sin-epi-mascarilla-sanitarios-contagiados-8731_620x368.jpg","type":"image\/jpeg"}],"author":"f1000024","twitter_card":"summary_large_image","twitter_misc":{"Escrito por":"f1000024","Tiempo de lectura":"3 minutos"},"schema":{"@context":"https:\/\/schema.org","@graph":[{"@type":"Article","@id":"https:\/\/cvinoticias.com\/v3\/la-sociedad-argentina-de-infectologia-advierte-por-la-falta-de-medicos-y-recomienda-un-nuevo-protocolo-de-aislamiento\/#article","isPartOf":{"@id":"https:\/\/cvinoticias.com\/v3\/la-sociedad-argentina-de-infectologia-advierte-por-la-falta-de-medicos-y-recomienda-un-nuevo-protocolo-de-aislamiento\/"},"author":{"name":"f1000024","@id":"https:\/\/cvinoticias.com\/v3\/#\/schema\/person\/2db77e3c6bc03c538495d7b2b8be9b66"},"headline":"La Sociedad Argentina de Infectolog\u00eda advierte por la falta de m\u00e9dicos y recomienda un nuevo protocolo de aislamiento","datePublished":"2022-01-05T22:09:56+00:00","mainEntityOfPage":{"@id":"https:\/\/cvinoticias.com\/v3\/la-sociedad-argentina-de-infectologia-advierte-por-la-falta-de-medicos-y-recomienda-un-nuevo-protocolo-de-aislamiento\/"},"wordCount":536,"commentCount":0,"publisher":{"@id":"https:\/\/cvinoticias.com\/v3\/#organization"},"image":{"@id":"https:\/\/cvinoticias.com\/v3\/la-sociedad-argentina-de-infectologia-advierte-por-la-falta-de-medicos-y-recomienda-un-nuevo-protocolo-de-aislamiento\/#primaryimage"},"thumbnailUrl":"https:\/\/cvinoticias.com\/wp-content\/uploads\/2022\/01\/covid-19-espana-pais-mas-medicos-sin-epi-mascarilla-sanitarios-contagiados-8731_620x368.jpg","articleSection":["Salud"],"inLanguage":"es","potentialAction":[{"@type":"CommentAction","name":"Comment","target":["https:\/\/cvinoticias.com\/v3\/la-sociedad-argentina-de-infectologia-advierte-por-la-falta-de-medicos-y-recomienda-un-nuevo-protocolo-de-aislamiento\/#respond"]}]},{"@type":"WebPage","@id":"https:\/\/cvinoticias.com\/v3\/la-sociedad-argentina-de-infectologia-advierte-por-la-falta-de-medicos-y-recomienda-un-nuevo-protocolo-de-aislamiento\/","url":"https:\/\/cvinoticias.com\/v3\/la-sociedad-argentina-de-infectologia-advierte-por-la-falta-de-medicos-y-recomienda-un-nuevo-protocolo-de-aislamiento\/","name":"La Sociedad Argentina de Infectolog\u00eda advierte por la falta de m\u00e9dicos y recomienda un nuevo protocolo de aislamiento | CVI NOTICIAS","isPartOf":{"@id":"https:\/\/cvinoticias.com\/v3\/#website"},"primaryImageOfPage":{"@id":"https:\/\/cvinoticias.com\/v3\/la-sociedad-argentina-de-infectologia-advierte-por-la-falta-de-medicos-y-recomienda-un-nuevo-protocolo-de-aislamiento\/#primaryimage"},"image":{"@id":"https:\/\/cvinoticias.com\/v3\/la-sociedad-argentina-de-infectologia-advierte-por-la-falta-de-medicos-y-recomienda-un-nuevo-protocolo-de-aislamiento\/#primaryimage"},"thumbnailUrl":"https:\/\/cvinoticias.com\/wp-content\/uploads\/2022\/01\/covid-19-espana-pais-mas-medicos-sin-epi-mascarilla-sanitarios-contagiados-8731_620x368.jpg","datePublished":"2022-01-05T22:09:56+00:00","breadcrumb":{"@id":"https:\/\/cvinoticias.com\/v3\/la-sociedad-argentina-de-infectologia-advierte-por-la-falta-de-medicos-y-recomienda-un-nuevo-protocolo-de-aislamiento\/#breadcrumb"},"inLanguage":"es","potentialAction":[{"@type":"ReadAction","target":["https:\/\/cvinoticias.com\/v3\/la-sociedad-argentina-de-infectologia-advierte-por-la-falta-de-medicos-y-recomienda-un-nuevo-protocolo-de-aislamiento\/"]}]},{"@type":"ImageObject","inLanguage":"es","@id":"https:\/\/cvinoticias.com\/v3\/la-sociedad-argentina-de-infectologia-advierte-por-la-falta-de-medicos-y-recomienda-un-nuevo-protocolo-de-aislamiento\/#primaryimage","url":"https:\/\/cvinoticias.com\/wp-content\/uploads\/2022\/01\/covid-19-espana-pais-mas-medicos-sin-epi-mascarilla-sanitarios-contagiados-8731_620x368.jpg","contentUrl":"https:\/\/cvinoticias.com\/wp-content\/uploads\/2022\/01\/covid-19-espana-pais-mas-medicos-sin-epi-mascarilla-sanitarios-contagiados-8731_620x368.jpg","width":620,"height":368},{"@type":"BreadcrumbList","@id":"https:\/\/cvinoticias.com\/v3\/la-sociedad-argentina-de-infectologia-advierte-por-la-falta-de-medicos-y-recomienda-un-nuevo-protocolo-de-aislamiento\/#breadcrumb","itemListElement":[{"@type":"ListItem","position":1,"name":"Portada","item":"https:\/\/cvinoticias.com\/v3\/"},{"@type":"ListItem","position":2,"name":"La Sociedad Argentina de Infectolog\u00eda advierte por la falta de m\u00e9dicos y recomienda un nuevo protocolo de aislamiento"}]},{"@type":"WebSite","@id":"https:\/\/cvinoticias.com\/v3\/#website","url":"https:\/\/cvinoticias.com\/v3\/","name":"CVI NOTICIAS","description":"","publisher":{"@id":"https:\/\/cvinoticias.com\/v3\/#organization"},"alternateName":"CVI","potentialAction":[{"@type":"SearchAction","target":{"@type":"EntryPoint","urlTemplate":"https:\/\/cvinoticias.com\/v3\/?s={search_term_string}"},"query-input":{"@type":"PropertyValueSpecification","valueRequired":true,"valueName":"search_term_string"}}],"inLanguage":"es"},{"@type":"Organization","@id":"https:\/\/cvinoticias.com\/v3\/#organization","name":"CVI NOTICIAS","url":"https:\/\/cvinoticias.com\/v3\/","logo":{"@type":"ImageObject","inLanguage":"es","@id":"https:\/\/cvinoticias.com\/v3\/#\/schema\/logo\/image\/","url":"https:\/\/cvinoticias.com\/wp-content\/uploads\/2023\/04\/cropped-cropped-cropped-cropped-cropped-3-1.png","contentUrl":"https:\/\/cvinoticias.com\/wp-content\/uploads\/2023\/04\/cropped-cropped-cropped-cropped-cropped-3-1.png","width":95,"height":122,"caption":"CVI NOTICIAS"},"image":{"@id":"https:\/\/cvinoticias.com\/v3\/#\/schema\/logo\/image\/"},"sameAs":["https:\/\/www.facebook.com\/cvinoticias","https:\/\/www.instagram.com\/cvinoticias\/","https:\/\/www.youtube.com\/@CVINOTICIAS"]},{"@type":"Person","@id":"https:\/\/cvinoticias.com\/v3\/#\/schema\/person\/2db77e3c6bc03c538495d7b2b8be9b66","name":"f1000024","image":{"@type":"ImageObject","inLanguage":"es","@id":"https:\/\/secure.gravatar.com\/avatar\/d4fe7459cfc51ff5129ce1a732bbef5928568b8092d412ef95611616376bbeed?s=96&d=mm&r=g","url":"https:\/\/secure.gravatar.com\/avatar\/d4fe7459cfc51ff5129ce1a732bbef5928568b8092d412ef95611616376bbeed?s=96&d=mm&r=g","contentUrl":"https:\/\/secure.gravatar.com\/avatar\/d4fe7459cfc51ff5129ce1a732bbef5928568b8092d412ef95611616376bbeed?s=96&d=mm&r=g","caption":"f1000024"},"url":"https:\/\/cvinoticias.com\/v3\/author\/f1000024\/"}]}},"_links":{"self":[{"href":"https:\/\/cvinoticias.com\/v3\/wp-json\/wp\/v2\/posts\/12006","targetHints":{"allow":["GET"]}}],"collection":[{"href":"https:\/\/cvinoticias.com\/v3\/wp-json\/wp\/v2\/posts"}],"about":[{"href":"https:\/\/cvinoticias.com\/v3\/wp-json\/wp\/v2\/types\/post"}],"author":[{"embeddable":true,"href":"https:\/\/cvinoticias.com\/v3\/wp-json\/wp\/v2\/users\/2"}],"replies":[{"embeddable":true,"href":"https:\/\/cvinoticias.com\/v3\/wp-json\/wp\/v2\/comments?post=12006"}],"version-history":[{"count":1,"href":"https:\/\/cvinoticias.com\/v3\/wp-json\/wp\/v2\/posts\/12006\/revisions"}],"predecessor-version":[{"id":12008,"href":"https:\/\/cvinoticias.com\/v3\/wp-json\/wp\/v2\/posts\/12006\/revisions\/12008"}],"wp:featuredmedia":[{"embeddable":true,"href":"https:\/\/cvinoticias.com\/v3\/wp-json\/wp\/v2\/media\/12007"}],"wp:attachment":[{"href":"https:\/\/cvinoticias.com\/v3\/wp-json\/wp\/v2\/media?parent=12006"}],"wp:term":[{"taxonomy":"category","embeddable":true,"href":"https:\/\/cvinoticias.com\/v3\/wp-json\/wp\/v2\/categories?post=12006"},{"taxonomy":"post_tag","embeddable":true,"href":"https:\/\/cvinoticias.com\/v3\/wp-json\/wp\/v2\/tags?post=12006"}],"curies":[{"name":"wp","href":"https:\/\/api.w.org\/{rel}","templated":true}]}}