{"id":12003,"date":"2022-01-05T22:01:31","date_gmt":"2022-01-05T22:01:31","guid":{"rendered":"https:\/\/cvinoticias.com\/v3\/?p=12003"},"modified":"2022-01-05T22:01:31","modified_gmt":"2022-01-05T22:01:31","slug":"la-embajadora-para-la-paz-liliana-hernandez-visitara-misiones","status":"publish","type":"post","link":"https:\/\/cvinoticias.com\/v3\/la-embajadora-para-la-paz-liliana-hernandez-visitara-misiones\/","title":{"rendered":"La Embajadora para la Paz, Liliana Hern\u00e1ndez, visitar\u00e1 Misiones"},"content":{"rendered":"\n<p><strong>Invitada por la Fundaci\u00f3n Tek\u00f3 Por\u00e1 y la Municipalidad de Comandante Andresito, la designada Embajadora para la Paz por la Federaci\u00f3n para la Paz Universal, Lic. Liliana Hern\u00e1ndez, arribar\u00e1 a Misiones el pr\u00f3ximo d\u00eda 17 de enero.<\/strong><\/p>\n\n\n\n<p>Su llegada se enmarca en Programa \u201cPlantemos \u00e1rboles, sembremos Vida\u201d, un compromiso de la literatura con el cuidado del ambiente y en entregas de distinciones y reconocimientos por parte del Instituto Universal de las Naciones, con el aval de la Academia Internacional de la Diplomacia y las Profesiones, patrocinado por el Bureau de los Cinco Continentes y en Coparticipaci\u00f3n con el Cuerpo de la Nobleza Meritocr\u00e1tica, espacios que integra la Embajadora.<\/p>\n\n\n\n<p>Cabe aclarar que tanto la plantaci\u00f3n del \u00e1rbol como la entrega de distinciones, se llevar\u00e1 a cabo el d\u00eda jueves 20 a partir de las 18:30.<\/p>\n\n\n\n<p>\u201cEs una honra para la provincia y el municipio de Andresito contar con la presencia de tan distinguida personalidad, quien adem\u00e1s es madrina de la Sociedad Argentina de Escritores de la ciudad de Cipolleti, integrante de la Federaci\u00f3n para la Paz Universal, y en su formaci\u00f3n acad\u00e9mica registra una Licenciatura en Sistemas, una Maestr\u00eda Internacional en Nutrici\u00f3n y Diet\u00e9tica, un Posgrado en Negociaci\u00f3n, Mediaci\u00f3n, arbitraje y Resoluci\u00f3n de Conflictos, y una<br>Diplomatura en Derechos Humanos y Responsabilidad Social\u201d, explic\u00f3 la presidente de la Fundaci\u00f3n Tek\u00f3 Por\u00e1, Marcela Molina.<\/p>\n\n\n\n<p>La Lic. Hern\u00e1ndez, llega a la provincia en compa\u00f1\u00eda de su nieto de 15 a\u00f1os, el integrante m\u00e1s joven de la Sociedad Argentina de Escritores y ya varias veces premiado y reconocido por sus trabajos literarios.<\/p>\n\n\n\n<p>Hern\u00e1ndez adem\u00e1s es periodista y autora de 2 libros sobre alimentaci\u00f3n saludable, uno de los cuales est\u00e1 dedicado a la salud y bienestar f\u00edsico y espiritual.<\/p>\n","protected":false},"excerpt":{"rendered":"<p>Invitada por la Fundaci\u00f3n Tek\u00f3 Por\u00e1 y la Municipalidad de Comandante Andresito, la designada Embajadora para la Paz por la Federaci\u00f3n para la Paz Universal, Lic. Liliana Hern\u00e1ndez, arribar\u00e1 a Misiones el pr\u00f3ximo d\u00eda 17 de enero. Su llegada se enmarca en Programa \u201cPlantemos \u00e1rboles, sembremos Vida\u201d, un compromiso de la literatura con el cuidado [&hellip;]<\/p>\n","protected":false},"author":2,"featured_media":12004,"comment_status":"open","ping_status":"open","sticky":false,"template":"","format":"standard","meta":{"footnotes":""},"categories":[47],"tags":[],"class_list":["post-12003","post","type-post","status-publish","format-standard","has-post-thumbnail","hentry","category-sociedad"],"yoast_head":"<!-- This site is optimized with the Yoast SEO plugin v27.4 - https:\/\/yoast.com\/product\/yoast-seo-wordpress\/ -->\n<title>La Embajadora para la Paz, Liliana Hern\u00e1ndez, visitar\u00e1 Misiones | CVI NOTICIAS<\/title>\n<meta name=\"robots\" content=\"index, follow, max-snippet:-1, max-image-preview:large, max-video-preview:-1\" \/>\n<link rel=\"canonical\" href=\"https:\/\/cvinoticias.com\/v3\/la-embajadora-para-la-paz-liliana-hernandez-visitara-misiones\/\" \/>\n<meta property=\"og:locale\" content=\"es_ES\" \/>\n<meta property=\"og:type\" content=\"article\" \/>\n<meta property=\"og:title\" content=\"La Embajadora para la Paz, Liliana Hern\u00e1ndez, visitar\u00e1 Misiones | CVI NOTICIAS\" \/>\n<meta property=\"og:description\" content=\"Invitada por la Fundaci\u00f3n Tek\u00f3 Por\u00e1 y la Municipalidad de Comandante Andresito, la designada Embajadora para la Paz por la Federaci\u00f3n para la Paz Universal, Lic. Liliana Hern\u00e1ndez, arribar\u00e1 a Misiones el pr\u00f3ximo d\u00eda 17 de enero. Su llegada se enmarca en Programa \u201cPlantemos \u00e1rboles, sembremos Vida\u201d, un compromiso de la literatura con el cuidado [&hellip;]\" \/>\n<meta property=\"og:url\" content=\"https:\/\/cvinoticias.com\/v3\/la-embajadora-para-la-paz-liliana-hernandez-visitara-misiones\/\" \/>\n<meta property=\"og:site_name\" content=\"CVI NOTICIAS\" \/>\n<meta property=\"article:publisher\" content=\"https:\/\/www.facebook.com\/cvinoticias\" \/>\n<meta property=\"article:published_time\" content=\"2022-01-05T22:01:31+00:00\" \/>\n<meta property=\"og:image\" content=\"https:\/\/cvinoticias.com\/wp-content\/uploads\/2022\/01\/FB_IMG_1641419651060.jpg\" \/>\n\t<meta property=\"og:image:width\" content=\"1080\" \/>\n\t<meta property=\"og:image:height\" content=\"1080\" \/>\n\t<meta property=\"og:image:type\" content=\"image\/jpeg\" \/>\n<meta name=\"author\" content=\"f1000024\" \/>\n<meta name=\"twitter:card\" content=\"summary_large_image\" \/>\n<meta name=\"twitter:label1\" content=\"Escrito por\" \/>\n\t<meta name=\"twitter:data1\" content=\"f1000024\" \/>\n\t<meta name=\"twitter:label2\" content=\"Tiempo de lectura\" \/>\n\t<meta name=\"twitter:data2\" content=\"2 minutos\" \/>\n<script type=\"application\/ld+json\" class=\"yoast-schema-graph\">{\"@context\":\"https:\\\/\\\/schema.org\",\"@graph\":[{\"@type\":\"Article\",\"@id\":\"https:\\\/\\\/cvinoticias.com\\\/v3\\\/la-embajadora-para-la-paz-liliana-hernandez-visitara-misiones\\\/#article\",\"isPartOf\":{\"@id\":\"https:\\\/\\\/cvinoticias.com\\\/v3\\\/la-embajadora-para-la-paz-liliana-hernandez-visitara-misiones\\\/\"},\"author\":{\"name\":\"f1000024\",\"@id\":\"https:\\\/\\\/cvinoticias.com\\\/v3\\\/#\\\/schema\\\/person\\\/2db77e3c6bc03c538495d7b2b8be9b66\"},\"headline\":\"La Embajadora para la Paz, Liliana Hern\u00e1ndez, visitar\u00e1 Misiones\",\"datePublished\":\"2022-01-05T22:01:31+00:00\",\"mainEntityOfPage\":{\"@id\":\"https:\\\/\\\/cvinoticias.com\\\/v3\\\/la-embajadora-para-la-paz-liliana-hernandez-visitara-misiones\\\/\"},\"wordCount\":316,\"commentCount\":0,\"publisher\":{\"@id\":\"https:\\\/\\\/cvinoticias.com\\\/v3\\\/#organization\"},\"image\":{\"@id\":\"https:\\\/\\\/cvinoticias.com\\\/v3\\\/la-embajadora-para-la-paz-liliana-hernandez-visitara-misiones\\\/#primaryimage\"},\"thumbnailUrl\":\"https:\\\/\\\/cvinoticias.com\\\/wp-content\\\/uploads\\\/2022\\\/01\\\/FB_IMG_1641419651060.jpg\",\"articleSection\":[\"Sociedad\"],\"inLanguage\":\"es\",\"potentialAction\":[{\"@type\":\"CommentAction\",\"name\":\"Comment\",\"target\":[\"https:\\\/\\\/cvinoticias.com\\\/v3\\\/la-embajadora-para-la-paz-liliana-hernandez-visitara-misiones\\\/#respond\"]}]},{\"@type\":\"WebPage\",\"@id\":\"https:\\\/\\\/cvinoticias.com\\\/v3\\\/la-embajadora-para-la-paz-liliana-hernandez-visitara-misiones\\\/\",\"url\":\"https:\\\/\\\/cvinoticias.com\\\/v3\\\/la-embajadora-para-la-paz-liliana-hernandez-visitara-misiones\\\/\",\"name\":\"La Embajadora para la Paz, Liliana Hern\u00e1ndez, visitar\u00e1 Misiones | CVI NOTICIAS\",\"isPartOf\":{\"@id\":\"https:\\\/\\\/cvinoticias.com\\\/v3\\\/#website\"},\"primaryImageOfPage\":{\"@id\":\"https:\\\/\\\/cvinoticias.com\\\/v3\\\/la-embajadora-para-la-paz-liliana-hernandez-visitara-misiones\\\/#primaryimage\"},\"image\":{\"@id\":\"https:\\\/\\\/cvinoticias.com\\\/v3\\\/la-embajadora-para-la-paz-liliana-hernandez-visitara-misiones\\\/#primaryimage\"},\"thumbnailUrl\":\"https:\\\/\\\/cvinoticias.com\\\/wp-content\\\/uploads\\\/2022\\\/01\\\/FB_IMG_1641419651060.jpg\",\"datePublished\":\"2022-01-05T22:01:31+00:00\",\"breadcrumb\":{\"@id\":\"https:\\\/\\\/cvinoticias.com\\\/v3\\\/la-embajadora-para-la-paz-liliana-hernandez-visitara-misiones\\\/#breadcrumb\"},\"inLanguage\":\"es\",\"potentialAction\":[{\"@type\":\"ReadAction\",\"target\":[\"https:\\\/\\\/cvinoticias.com\\\/v3\\\/la-embajadora-para-la-paz-liliana-hernandez-visitara-misiones\\\/\"]}]},{\"@type\":\"ImageObject\",\"inLanguage\":\"es\",\"@id\":\"https:\\\/\\\/cvinoticias.com\\\/v3\\\/la-embajadora-para-la-paz-liliana-hernandez-visitara-misiones\\\/#primaryimage\",\"url\":\"https:\\\/\\\/cvinoticias.com\\\/wp-content\\\/uploads\\\/2022\\\/01\\\/FB_IMG_1641419651060.jpg\",\"contentUrl\":\"https:\\\/\\\/cvinoticias.com\\\/wp-content\\\/uploads\\\/2022\\\/01\\\/FB_IMG_1641419651060.jpg\",\"width\":1080,\"height\":1080},{\"@type\":\"BreadcrumbList\",\"@id\":\"https:\\\/\\\/cvinoticias.com\\\/v3\\\/la-embajadora-para-la-paz-liliana-hernandez-visitara-misiones\\\/#breadcrumb\",\"itemListElement\":[{\"@type\":\"ListItem\",\"position\":1,\"name\":\"Portada\",\"item\":\"https:\\\/\\\/cvinoticias.com\\\/v3\\\/\"},{\"@type\":\"ListItem\",\"position\":2,\"name\":\"La Embajadora para la Paz, Liliana Hern\u00e1ndez, visitar\u00e1 Misiones\"}]},{\"@type\":\"WebSite\",\"@id\":\"https:\\\/\\\/cvinoticias.com\\\/v3\\\/#website\",\"url\":\"https:\\\/\\\/cvinoticias.com\\\/v3\\\/\",\"name\":\"CVI NOTICIAS\",\"description\":\"\",\"publisher\":{\"@id\":\"https:\\\/\\\/cvinoticias.com\\\/v3\\\/#organization\"},\"alternateName\":\"CVI\",\"potentialAction\":[{\"@type\":\"SearchAction\",\"target\":{\"@type\":\"EntryPoint\",\"urlTemplate\":\"https:\\\/\\\/cvinoticias.com\\\/v3\\\/?s={search_term_string}\"},\"query-input\":{\"@type\":\"PropertyValueSpecification\",\"valueRequired\":true,\"valueName\":\"search_term_string\"}}],\"inLanguage\":\"es\"},{\"@type\":\"Organization\",\"@id\":\"https:\\\/\\\/cvinoticias.com\\\/v3\\\/#organization\",\"name\":\"CVI NOTICIAS\",\"url\":\"https:\\\/\\\/cvinoticias.com\\\/v3\\\/\",\"logo\":{\"@type\":\"ImageObject\",\"inLanguage\":\"es\",\"@id\":\"https:\\\/\\\/cvinoticias.com\\\/v3\\\/#\\\/schema\\\/logo\\\/image\\\/\",\"url\":\"https:\\\/\\\/cvinoticias.com\\\/wp-content\\\/uploads\\\/2023\\\/04\\\/cropped-cropped-cropped-cropped-cropped-3-1.png\",\"contentUrl\":\"https:\\\/\\\/cvinoticias.com\\\/wp-content\\\/uploads\\\/2023\\\/04\\\/cropped-cropped-cropped-cropped-cropped-3-1.png\",\"width\":95,\"height\":122,\"caption\":\"CVI NOTICIAS\"},\"image\":{\"@id\":\"https:\\\/\\\/cvinoticias.com\\\/v3\\\/#\\\/schema\\\/logo\\\/image\\\/\"},\"sameAs\":[\"https:\\\/\\\/www.facebook.com\\\/cvinoticias\",\"https:\\\/\\\/www.instagram.com\\\/cvinoticias\\\/\",\"https:\\\/\\\/www.youtube.com\\\/@CVINOTICIAS\"]},{\"@type\":\"Person\",\"@id\":\"https:\\\/\\\/cvinoticias.com\\\/v3\\\/#\\\/schema\\\/person\\\/2db77e3c6bc03c538495d7b2b8be9b66\",\"name\":\"f1000024\",\"image\":{\"@type\":\"ImageObject\",\"inLanguage\":\"es\",\"@id\":\"https:\\\/\\\/secure.gravatar.com\\\/avatar\\\/d4fe7459cfc51ff5129ce1a732bbef5928568b8092d412ef95611616376bbeed?s=96&d=mm&r=g\",\"url\":\"https:\\\/\\\/secure.gravatar.com\\\/avatar\\\/d4fe7459cfc51ff5129ce1a732bbef5928568b8092d412ef95611616376bbeed?s=96&d=mm&r=g\",\"contentUrl\":\"https:\\\/\\\/secure.gravatar.com\\\/avatar\\\/d4fe7459cfc51ff5129ce1a732bbef5928568b8092d412ef95611616376bbeed?s=96&d=mm&r=g\",\"caption\":\"f1000024\"},\"url\":\"https:\\\/\\\/cvinoticias.com\\\/v3\\\/author\\\/f1000024\\\/\"}]}<\/script>\n<!-- \/ Yoast SEO plugin. -->","yoast_head_json":{"title":"La Embajadora para la Paz, Liliana Hern\u00e1ndez, visitar\u00e1 Misiones | CVI NOTICIAS","robots":{"index":"index","follow":"follow","max-snippet":"max-snippet:-1","max-image-preview":"max-image-preview:large","max-video-preview":"max-video-preview:-1"},"canonical":"https:\/\/cvinoticias.com\/v3\/la-embajadora-para-la-paz-liliana-hernandez-visitara-misiones\/","og_locale":"es_ES","og_type":"article","og_title":"La Embajadora para la Paz, Liliana Hern\u00e1ndez, visitar\u00e1 Misiones | CVI NOTICIAS","og_description":"Invitada por la Fundaci\u00f3n Tek\u00f3 Por\u00e1 y la Municipalidad de Comandante Andresito, la designada Embajadora para la Paz por la Federaci\u00f3n para la Paz Universal, Lic. Liliana Hern\u00e1ndez, arribar\u00e1 a Misiones el pr\u00f3ximo d\u00eda 17 de enero. Su llegada se enmarca en Programa \u201cPlantemos \u00e1rboles, sembremos Vida\u201d, un compromiso de la literatura con el cuidado [&hellip;]","og_url":"https:\/\/cvinoticias.com\/v3\/la-embajadora-para-la-paz-liliana-hernandez-visitara-misiones\/","og_site_name":"CVI NOTICIAS","article_publisher":"https:\/\/www.facebook.com\/cvinoticias","article_published_time":"2022-01-05T22:01:31+00:00","og_image":[{"width":1080,"height":1080,"url":"https:\/\/cvinoticias.com\/wp-content\/uploads\/2022\/01\/FB_IMG_1641419651060.jpg","type":"image\/jpeg"}],"author":"f1000024","twitter_card":"summary_large_image","twitter_misc":{"Escrito por":"f1000024","Tiempo de lectura":"2 minutos"},"schema":{"@context":"https:\/\/schema.org","@graph":[{"@type":"Article","@id":"https:\/\/cvinoticias.com\/v3\/la-embajadora-para-la-paz-liliana-hernandez-visitara-misiones\/#article","isPartOf":{"@id":"https:\/\/cvinoticias.com\/v3\/la-embajadora-para-la-paz-liliana-hernandez-visitara-misiones\/"},"author":{"name":"f1000024","@id":"https:\/\/cvinoticias.com\/v3\/#\/schema\/person\/2db77e3c6bc03c538495d7b2b8be9b66"},"headline":"La Embajadora para la Paz, Liliana Hern\u00e1ndez, visitar\u00e1 Misiones","datePublished":"2022-01-05T22:01:31+00:00","mainEntityOfPage":{"@id":"https:\/\/cvinoticias.com\/v3\/la-embajadora-para-la-paz-liliana-hernandez-visitara-misiones\/"},"wordCount":316,"commentCount":0,"publisher":{"@id":"https:\/\/cvinoticias.com\/v3\/#organization"},"image":{"@id":"https:\/\/cvinoticias.com\/v3\/la-embajadora-para-la-paz-liliana-hernandez-visitara-misiones\/#primaryimage"},"thumbnailUrl":"https:\/\/cvinoticias.com\/wp-content\/uploads\/2022\/01\/FB_IMG_1641419651060.jpg","articleSection":["Sociedad"],"inLanguage":"es","potentialAction":[{"@type":"CommentAction","name":"Comment","target":["https:\/\/cvinoticias.com\/v3\/la-embajadora-para-la-paz-liliana-hernandez-visitara-misiones\/#respond"]}]},{"@type":"WebPage","@id":"https:\/\/cvinoticias.com\/v3\/la-embajadora-para-la-paz-liliana-hernandez-visitara-misiones\/","url":"https:\/\/cvinoticias.com\/v3\/la-embajadora-para-la-paz-liliana-hernandez-visitara-misiones\/","name":"La Embajadora para la Paz, Liliana Hern\u00e1ndez, visitar\u00e1 Misiones | CVI NOTICIAS","isPartOf":{"@id":"https:\/\/cvinoticias.com\/v3\/#website"},"primaryImageOfPage":{"@id":"https:\/\/cvinoticias.com\/v3\/la-embajadora-para-la-paz-liliana-hernandez-visitara-misiones\/#primaryimage"},"image":{"@id":"https:\/\/cvinoticias.com\/v3\/la-embajadora-para-la-paz-liliana-hernandez-visitara-misiones\/#primaryimage"},"thumbnailUrl":"https:\/\/cvinoticias.com\/wp-content\/uploads\/2022\/01\/FB_IMG_1641419651060.jpg","datePublished":"2022-01-05T22:01:31+00:00","breadcrumb":{"@id":"https:\/\/cvinoticias.com\/v3\/la-embajadora-para-la-paz-liliana-hernandez-visitara-misiones\/#breadcrumb"},"inLanguage":"es","potentialAction":[{"@type":"ReadAction","target":["https:\/\/cvinoticias.com\/v3\/la-embajadora-para-la-paz-liliana-hernandez-visitara-misiones\/"]}]},{"@type":"ImageObject","inLanguage":"es","@id":"https:\/\/cvinoticias.com\/v3\/la-embajadora-para-la-paz-liliana-hernandez-visitara-misiones\/#primaryimage","url":"https:\/\/cvinoticias.com\/wp-content\/uploads\/2022\/01\/FB_IMG_1641419651060.jpg","contentUrl":"https:\/\/cvinoticias.com\/wp-content\/uploads\/2022\/01\/FB_IMG_1641419651060.jpg","width":1080,"height":1080},{"@type":"BreadcrumbList","@id":"https:\/\/cvinoticias.com\/v3\/la-embajadora-para-la-paz-liliana-hernandez-visitara-misiones\/#breadcrumb","itemListElement":[{"@type":"ListItem","position":1,"name":"Portada","item":"https:\/\/cvinoticias.com\/v3\/"},{"@type":"ListItem","position":2,"name":"La Embajadora para la Paz, Liliana Hern\u00e1ndez, visitar\u00e1 Misiones"}]},{"@type":"WebSite","@id":"https:\/\/cvinoticias.com\/v3\/#website","url":"https:\/\/cvinoticias.com\/v3\/","name":"CVI NOTICIAS","description":"","publisher":{"@id":"https:\/\/cvinoticias.com\/v3\/#organization"},"alternateName":"CVI","potentialAction":[{"@type":"SearchAction","target":{"@type":"EntryPoint","urlTemplate":"https:\/\/cvinoticias.com\/v3\/?s={search_term_string}"},"query-input":{"@type":"PropertyValueSpecification","valueRequired":true,"valueName":"search_term_string"}}],"inLanguage":"es"},{"@type":"Organization","@id":"https:\/\/cvinoticias.com\/v3\/#organization","name":"CVI NOTICIAS","url":"https:\/\/cvinoticias.com\/v3\/","logo":{"@type":"ImageObject","inLanguage":"es","@id":"https:\/\/cvinoticias.com\/v3\/#\/schema\/logo\/image\/","url":"https:\/\/cvinoticias.com\/wp-content\/uploads\/2023\/04\/cropped-cropped-cropped-cropped-cropped-3-1.png","contentUrl":"https:\/\/cvinoticias.com\/wp-content\/uploads\/2023\/04\/cropped-cropped-cropped-cropped-cropped-3-1.png","width":95,"height":122,"caption":"CVI NOTICIAS"},"image":{"@id":"https:\/\/cvinoticias.com\/v3\/#\/schema\/logo\/image\/"},"sameAs":["https:\/\/www.facebook.com\/cvinoticias","https:\/\/www.instagram.com\/cvinoticias\/","https:\/\/www.youtube.com\/@CVINOTICIAS"]},{"@type":"Person","@id":"https:\/\/cvinoticias.com\/v3\/#\/schema\/person\/2db77e3c6bc03c538495d7b2b8be9b66","name":"f1000024","image":{"@type":"ImageObject","inLanguage":"es","@id":"https:\/\/secure.gravatar.com\/avatar\/d4fe7459cfc51ff5129ce1a732bbef5928568b8092d412ef95611616376bbeed?s=96&d=mm&r=g","url":"https:\/\/secure.gravatar.com\/avatar\/d4fe7459cfc51ff5129ce1a732bbef5928568b8092d412ef95611616376bbeed?s=96&d=mm&r=g","contentUrl":"https:\/\/secure.gravatar.com\/avatar\/d4fe7459cfc51ff5129ce1a732bbef5928568b8092d412ef95611616376bbeed?s=96&d=mm&r=g","caption":"f1000024"},"url":"https:\/\/cvinoticias.com\/v3\/author\/f1000024\/"}]}},"_links":{"self":[{"href":"https:\/\/cvinoticias.com\/v3\/wp-json\/wp\/v2\/posts\/12003","targetHints":{"allow":["GET"]}}],"collection":[{"href":"https:\/\/cvinoticias.com\/v3\/wp-json\/wp\/v2\/posts"}],"about":[{"href":"https:\/\/cvinoticias.com\/v3\/wp-json\/wp\/v2\/types\/post"}],"author":[{"embeddable":true,"href":"https:\/\/cvinoticias.com\/v3\/wp-json\/wp\/v2\/users\/2"}],"replies":[{"embeddable":true,"href":"https:\/\/cvinoticias.com\/v3\/wp-json\/wp\/v2\/comments?post=12003"}],"version-history":[{"count":1,"href":"https:\/\/cvinoticias.com\/v3\/wp-json\/wp\/v2\/posts\/12003\/revisions"}],"predecessor-version":[{"id":12005,"href":"https:\/\/cvinoticias.com\/v3\/wp-json\/wp\/v2\/posts\/12003\/revisions\/12005"}],"wp:featuredmedia":[{"embeddable":true,"href":"https:\/\/cvinoticias.com\/v3\/wp-json\/wp\/v2\/media\/12004"}],"wp:attachment":[{"href":"https:\/\/cvinoticias.com\/v3\/wp-json\/wp\/v2\/media?parent=12003"}],"wp:term":[{"taxonomy":"category","embeddable":true,"href":"https:\/\/cvinoticias.com\/v3\/wp-json\/wp\/v2\/categories?post=12003"},{"taxonomy":"post_tag","embeddable":true,"href":"https:\/\/cvinoticias.com\/v3\/wp-json\/wp\/v2\/tags?post=12003"}],"curies":[{"name":"wp","href":"https:\/\/api.w.org\/{rel}","templated":true}]}}