{"id":11994,"date":"2022-01-05T21:01:15","date_gmt":"2022-01-05T21:01:15","guid":{"rendered":"https:\/\/cvinoticias.com\/v3\/?p=11994"},"modified":"2022-01-05T21:01:15","modified_gmt":"2022-01-05T21:01:15","slug":"inauguraron-el-mirador-punta-pora-balcon-al-rio-uruguay-en-panambi","status":"publish","type":"post","link":"https:\/\/cvinoticias.com\/v3\/inauguraron-el-mirador-punta-pora-balcon-al-rio-uruguay-en-panambi\/","title":{"rendered":"Inauguraron el Mirador Punta Por\u00e1, balc\u00f3n al r\u00edo Uruguay, en Panamb\u00ed"},"content":{"rendered":"\n<p><strong><em>Se inaugur\u00f3 este mi\u00e9rcoles en la localidad de Panamb\u00ed el Mirador Punta Por\u00e1, por la ruta provincial 2.<\/em><\/strong><\/p>\n\n\n\n<p>Es el primer espacio enmarcado en el Programa de Embellecimiento de carreteras provinciales, previsto en la ley N\u00b028 aprobada el a\u00f1o pasado por la Camara de Representantes de Misiones.<br>Lo que se busc\u00f3 fue darle comodidad a quienes habitualmente se acercan a ese sector para disfrutar del paisaje \u00fanico, con el r\u00edo Uruguay de fondo.<\/p>\n\n\n\n<figure class=\"wp-block-image size-large\"><a href=\"https:\/\/cvinoticias.com\/wp-content\/uploads\/2022\/01\/FB_IMG_1641416231900.jpg\"><img decoding=\"async\" width=\"1024\" height=\"768\" data-src=\"https:\/\/cvinoticias.com\/wp-content\/uploads\/2022\/01\/FB_IMG_1641416231900-1024x768.jpg\" alt=\"\" class=\"wp-image-11995 lazyload\" data-srcset=\"https:\/\/cvinoticias.com\/wp-content\/uploads\/2022\/01\/FB_IMG_1641416231900-1024x768.jpg 1024w, https:\/\/cvinoticias.com\/wp-content\/uploads\/2022\/01\/FB_IMG_1641416231900-300x225.jpg 300w, https:\/\/cvinoticias.com\/wp-content\/uploads\/2022\/01\/FB_IMG_1641416231900-768x576.jpg 768w, https:\/\/cvinoticias.com\/wp-content\/uploads\/2022\/01\/FB_IMG_1641416231900.jpg 1080w\" data-sizes=\"(max-width: 1024px) 100vw, 1024px\" src=\"data:image\/svg+xml;base64,PHN2ZyB3aWR0aD0iMSIgaGVpZ2h0PSIxIiB4bWxucz0iaHR0cDovL3d3dy53My5vcmcvMjAwMC9zdmciPjwvc3ZnPg==\" style=\"--smush-placeholder-width: 1024px; --smush-placeholder-aspect-ratio: 1024\/768;\" \/><\/a><\/figure>\n\n\n\n<p>El acto fue presidido por el Director Provincial de Vialidad, Sebasti\u00e1n Mac\u00edas, y el intendente local, Rosendo Fuchs. En representaci\u00f3n del Ministerio de Ecolog\u00eda estuvo el Subsecretario Miguel Acu\u00f1a, y por la Legislatura, la diputada Laura Duarte.<\/p>\n\n\n\n<p>El mirador fue dotado de se\u00f1alizaci\u00f3n y carteler\u00eda. Adem\u00e1s se plantaron \u00e1rboles, con el aporte de Bosques Nativos Argentinos. Se eligieron lapachos, aptos para la zona por la hermosura de sus flores y su generosidad para aportar sombra.<\/p>\n\n\n\n<figure class=\"wp-block-image size-large\"><a href=\"https:\/\/cvinoticias.com\/wp-content\/uploads\/2022\/01\/FB_IMG_1641416146628.jpg\"><img decoding=\"async\" width=\"1024\" height=\"462\" data-src=\"https:\/\/cvinoticias.com\/wp-content\/uploads\/2022\/01\/FB_IMG_1641416146628-1024x462.jpg\" alt=\"\" class=\"wp-image-11996 lazyload\" data-srcset=\"https:\/\/cvinoticias.com\/wp-content\/uploads\/2022\/01\/FB_IMG_1641416146628-1024x462.jpg 1024w, https:\/\/cvinoticias.com\/wp-content\/uploads\/2022\/01\/FB_IMG_1641416146628-300x135.jpg 300w, https:\/\/cvinoticias.com\/wp-content\/uploads\/2022\/01\/FB_IMG_1641416146628-768x346.jpg 768w, https:\/\/cvinoticias.com\/wp-content\/uploads\/2022\/01\/FB_IMG_1641416146628.jpg 1080w\" data-sizes=\"(max-width: 1024px) 100vw, 1024px\" src=\"data:image\/svg+xml;base64,PHN2ZyB3aWR0aD0iMSIgaGVpZ2h0PSIxIiB4bWxucz0iaHR0cDovL3d3dy53My5vcmcvMjAwMC9zdmciPjwvc3ZnPg==\" style=\"--smush-placeholder-width: 1024px; --smush-placeholder-aspect-ratio: 1024\/462;\" \/><\/a><\/figure>\n\n\n\n<figure class=\"wp-block-image size-large\"><a href=\"https:\/\/cvinoticias.com\/wp-content\/uploads\/2022\/01\/FB_IMG_1641416141676.jpg\"><img decoding=\"async\" width=\"1024\" height=\"768\" data-src=\"https:\/\/cvinoticias.com\/wp-content\/uploads\/2022\/01\/FB_IMG_1641416141676-1024x768.jpg\" alt=\"\" class=\"wp-image-11997 lazyload\" data-srcset=\"https:\/\/cvinoticias.com\/wp-content\/uploads\/2022\/01\/FB_IMG_1641416141676-1024x768.jpg 1024w, https:\/\/cvinoticias.com\/wp-content\/uploads\/2022\/01\/FB_IMG_1641416141676-300x225.jpg 300w, https:\/\/cvinoticias.com\/wp-content\/uploads\/2022\/01\/FB_IMG_1641416141676-768x576.jpg 768w, https:\/\/cvinoticias.com\/wp-content\/uploads\/2022\/01\/FB_IMG_1641416141676.jpg 1080w\" data-sizes=\"(max-width: 1024px) 100vw, 1024px\" src=\"data:image\/svg+xml;base64,PHN2ZyB3aWR0aD0iMSIgaGVpZ2h0PSIxIiB4bWxucz0iaHR0cDovL3d3dy53My5vcmcvMjAwMC9zdmciPjwvc3ZnPg==\" style=\"--smush-placeholder-width: 1024px; --smush-placeholder-aspect-ratio: 1024\/768;\" \/><\/a><\/figure>\n","protected":false},"excerpt":{"rendered":"<p>Se inaugur\u00f3 este mi\u00e9rcoles en la localidad de Panamb\u00ed el Mirador Punta Por\u00e1, por la ruta provincial 2. Es el primer espacio enmarcado en el Programa de Embellecimiento de carreteras provinciales, previsto en la ley N\u00b028 aprobada el a\u00f1o pasado por la Camara de Representantes de Misiones.Lo que se busc\u00f3 fue darle comodidad a quienes [&hellip;]<\/p>\n","protected":false},"author":2,"featured_media":11998,"comment_status":"open","ping_status":"open","sticky":false,"template":"","format":"standard","meta":{"footnotes":""},"categories":[47],"tags":[],"class_list":["post-11994","post","type-post","status-publish","format-standard","has-post-thumbnail","hentry","category-sociedad"],"yoast_head":"<!-- This site is optimized with the Yoast SEO plugin v27.4 - https:\/\/yoast.com\/product\/yoast-seo-wordpress\/ -->\n<title>Inauguraron el Mirador Punta Por\u00e1, balc\u00f3n al r\u00edo Uruguay, en Panamb\u00ed | CVI NOTICIAS<\/title>\n<meta name=\"robots\" content=\"index, follow, max-snippet:-1, max-image-preview:large, max-video-preview:-1\" \/>\n<link rel=\"canonical\" href=\"https:\/\/cvinoticias.com\/v3\/inauguraron-el-mirador-punta-pora-balcon-al-rio-uruguay-en-panambi\/\" \/>\n<meta property=\"og:locale\" content=\"es_ES\" \/>\n<meta property=\"og:type\" content=\"article\" \/>\n<meta property=\"og:title\" content=\"Inauguraron el Mirador Punta Por\u00e1, balc\u00f3n al r\u00edo Uruguay, en Panamb\u00ed | CVI NOTICIAS\" \/>\n<meta property=\"og:description\" content=\"Se inaugur\u00f3 este mi\u00e9rcoles en la localidad de Panamb\u00ed el Mirador Punta Por\u00e1, por la ruta provincial 2. Es el primer espacio enmarcado en el Programa de Embellecimiento de carreteras provinciales, previsto en la ley N\u00b028 aprobada el a\u00f1o pasado por la Camara de Representantes de Misiones.Lo que se busc\u00f3 fue darle comodidad a quienes [&hellip;]\" \/>\n<meta property=\"og:url\" content=\"https:\/\/cvinoticias.com\/v3\/inauguraron-el-mirador-punta-pora-balcon-al-rio-uruguay-en-panambi\/\" \/>\n<meta property=\"og:site_name\" content=\"CVI NOTICIAS\" \/>\n<meta property=\"article:publisher\" content=\"https:\/\/www.facebook.com\/cvinoticias\" \/>\n<meta property=\"article:published_time\" content=\"2022-01-05T21:01:15+00:00\" \/>\n<meta property=\"og:image\" content=\"https:\/\/cvinoticias.com\/wp-content\/uploads\/2022\/01\/FB_IMG_1641416138933.jpg\" \/>\n\t<meta property=\"og:image:width\" content=\"1080\" \/>\n\t<meta property=\"og:image:height\" content=\"487\" \/>\n\t<meta property=\"og:image:type\" content=\"image\/jpeg\" \/>\n<meta name=\"author\" content=\"f1000024\" \/>\n<meta name=\"twitter:card\" content=\"summary_large_image\" \/>\n<meta name=\"twitter:label1\" content=\"Escrito por\" \/>\n\t<meta name=\"twitter:data1\" content=\"f1000024\" \/>\n\t<meta name=\"twitter:label2\" content=\"Tiempo de lectura\" \/>\n\t<meta name=\"twitter:data2\" content=\"1 minuto\" \/>\n<script type=\"application\/ld+json\" class=\"yoast-schema-graph\">{\"@context\":\"https:\\\/\\\/schema.org\",\"@graph\":[{\"@type\":\"Article\",\"@id\":\"https:\\\/\\\/cvinoticias.com\\\/v3\\\/inauguraron-el-mirador-punta-pora-balcon-al-rio-uruguay-en-panambi\\\/#article\",\"isPartOf\":{\"@id\":\"https:\\\/\\\/cvinoticias.com\\\/v3\\\/inauguraron-el-mirador-punta-pora-balcon-al-rio-uruguay-en-panambi\\\/\"},\"author\":{\"name\":\"f1000024\",\"@id\":\"https:\\\/\\\/cvinoticias.com\\\/v3\\\/#\\\/schema\\\/person\\\/2db77e3c6bc03c538495d7b2b8be9b66\"},\"headline\":\"Inauguraron el Mirador Punta Por\u00e1, balc\u00f3n al r\u00edo Uruguay, en Panamb\u00ed\",\"datePublished\":\"2022-01-05T21:01:15+00:00\",\"mainEntityOfPage\":{\"@id\":\"https:\\\/\\\/cvinoticias.com\\\/v3\\\/inauguraron-el-mirador-punta-pora-balcon-al-rio-uruguay-en-panambi\\\/\"},\"wordCount\":172,\"commentCount\":0,\"publisher\":{\"@id\":\"https:\\\/\\\/cvinoticias.com\\\/v3\\\/#organization\"},\"image\":{\"@id\":\"https:\\\/\\\/cvinoticias.com\\\/v3\\\/inauguraron-el-mirador-punta-pora-balcon-al-rio-uruguay-en-panambi\\\/#primaryimage\"},\"thumbnailUrl\":\"https:\\\/\\\/cvinoticias.com\\\/wp-content\\\/uploads\\\/2022\\\/01\\\/FB_IMG_1641416138933.jpg\",\"articleSection\":[\"Sociedad\"],\"inLanguage\":\"es\",\"potentialAction\":[{\"@type\":\"CommentAction\",\"name\":\"Comment\",\"target\":[\"https:\\\/\\\/cvinoticias.com\\\/v3\\\/inauguraron-el-mirador-punta-pora-balcon-al-rio-uruguay-en-panambi\\\/#respond\"]}]},{\"@type\":\"WebPage\",\"@id\":\"https:\\\/\\\/cvinoticias.com\\\/v3\\\/inauguraron-el-mirador-punta-pora-balcon-al-rio-uruguay-en-panambi\\\/\",\"url\":\"https:\\\/\\\/cvinoticias.com\\\/v3\\\/inauguraron-el-mirador-punta-pora-balcon-al-rio-uruguay-en-panambi\\\/\",\"name\":\"Inauguraron el Mirador Punta Por\u00e1, balc\u00f3n al r\u00edo Uruguay, en Panamb\u00ed | CVI NOTICIAS\",\"isPartOf\":{\"@id\":\"https:\\\/\\\/cvinoticias.com\\\/v3\\\/#website\"},\"primaryImageOfPage\":{\"@id\":\"https:\\\/\\\/cvinoticias.com\\\/v3\\\/inauguraron-el-mirador-punta-pora-balcon-al-rio-uruguay-en-panambi\\\/#primaryimage\"},\"image\":{\"@id\":\"https:\\\/\\\/cvinoticias.com\\\/v3\\\/inauguraron-el-mirador-punta-pora-balcon-al-rio-uruguay-en-panambi\\\/#primaryimage\"},\"thumbnailUrl\":\"https:\\\/\\\/cvinoticias.com\\\/wp-content\\\/uploads\\\/2022\\\/01\\\/FB_IMG_1641416138933.jpg\",\"datePublished\":\"2022-01-05T21:01:15+00:00\",\"breadcrumb\":{\"@id\":\"https:\\\/\\\/cvinoticias.com\\\/v3\\\/inauguraron-el-mirador-punta-pora-balcon-al-rio-uruguay-en-panambi\\\/#breadcrumb\"},\"inLanguage\":\"es\",\"potentialAction\":[{\"@type\":\"ReadAction\",\"target\":[\"https:\\\/\\\/cvinoticias.com\\\/v3\\\/inauguraron-el-mirador-punta-pora-balcon-al-rio-uruguay-en-panambi\\\/\"]}]},{\"@type\":\"ImageObject\",\"inLanguage\":\"es\",\"@id\":\"https:\\\/\\\/cvinoticias.com\\\/v3\\\/inauguraron-el-mirador-punta-pora-balcon-al-rio-uruguay-en-panambi\\\/#primaryimage\",\"url\":\"https:\\\/\\\/cvinoticias.com\\\/wp-content\\\/uploads\\\/2022\\\/01\\\/FB_IMG_1641416138933.jpg\",\"contentUrl\":\"https:\\\/\\\/cvinoticias.com\\\/wp-content\\\/uploads\\\/2022\\\/01\\\/FB_IMG_1641416138933.jpg\",\"width\":1080,\"height\":487},{\"@type\":\"BreadcrumbList\",\"@id\":\"https:\\\/\\\/cvinoticias.com\\\/v3\\\/inauguraron-el-mirador-punta-pora-balcon-al-rio-uruguay-en-panambi\\\/#breadcrumb\",\"itemListElement\":[{\"@type\":\"ListItem\",\"position\":1,\"name\":\"Portada\",\"item\":\"https:\\\/\\\/cvinoticias.com\\\/v3\\\/\"},{\"@type\":\"ListItem\",\"position\":2,\"name\":\"Inauguraron el Mirador Punta Por\u00e1, balc\u00f3n al r\u00edo Uruguay, en Panamb\u00ed\"}]},{\"@type\":\"WebSite\",\"@id\":\"https:\\\/\\\/cvinoticias.com\\\/v3\\\/#website\",\"url\":\"https:\\\/\\\/cvinoticias.com\\\/v3\\\/\",\"name\":\"CVI NOTICIAS\",\"description\":\"\",\"publisher\":{\"@id\":\"https:\\\/\\\/cvinoticias.com\\\/v3\\\/#organization\"},\"alternateName\":\"CVI\",\"potentialAction\":[{\"@type\":\"SearchAction\",\"target\":{\"@type\":\"EntryPoint\",\"urlTemplate\":\"https:\\\/\\\/cvinoticias.com\\\/v3\\\/?s={search_term_string}\"},\"query-input\":{\"@type\":\"PropertyValueSpecification\",\"valueRequired\":true,\"valueName\":\"search_term_string\"}}],\"inLanguage\":\"es\"},{\"@type\":\"Organization\",\"@id\":\"https:\\\/\\\/cvinoticias.com\\\/v3\\\/#organization\",\"name\":\"CVI NOTICIAS\",\"url\":\"https:\\\/\\\/cvinoticias.com\\\/v3\\\/\",\"logo\":{\"@type\":\"ImageObject\",\"inLanguage\":\"es\",\"@id\":\"https:\\\/\\\/cvinoticias.com\\\/v3\\\/#\\\/schema\\\/logo\\\/image\\\/\",\"url\":\"https:\\\/\\\/cvinoticias.com\\\/wp-content\\\/uploads\\\/2023\\\/04\\\/cropped-cropped-cropped-cropped-cropped-3-1.png\",\"contentUrl\":\"https:\\\/\\\/cvinoticias.com\\\/wp-content\\\/uploads\\\/2023\\\/04\\\/cropped-cropped-cropped-cropped-cropped-3-1.png\",\"width\":95,\"height\":122,\"caption\":\"CVI NOTICIAS\"},\"image\":{\"@id\":\"https:\\\/\\\/cvinoticias.com\\\/v3\\\/#\\\/schema\\\/logo\\\/image\\\/\"},\"sameAs\":[\"https:\\\/\\\/www.facebook.com\\\/cvinoticias\",\"https:\\\/\\\/www.instagram.com\\\/cvinoticias\\\/\",\"https:\\\/\\\/www.youtube.com\\\/@CVINOTICIAS\"]},{\"@type\":\"Person\",\"@id\":\"https:\\\/\\\/cvinoticias.com\\\/v3\\\/#\\\/schema\\\/person\\\/2db77e3c6bc03c538495d7b2b8be9b66\",\"name\":\"f1000024\",\"image\":{\"@type\":\"ImageObject\",\"inLanguage\":\"es\",\"@id\":\"https:\\\/\\\/secure.gravatar.com\\\/avatar\\\/d4fe7459cfc51ff5129ce1a732bbef5928568b8092d412ef95611616376bbeed?s=96&d=mm&r=g\",\"url\":\"https:\\\/\\\/secure.gravatar.com\\\/avatar\\\/d4fe7459cfc51ff5129ce1a732bbef5928568b8092d412ef95611616376bbeed?s=96&d=mm&r=g\",\"contentUrl\":\"https:\\\/\\\/secure.gravatar.com\\\/avatar\\\/d4fe7459cfc51ff5129ce1a732bbef5928568b8092d412ef95611616376bbeed?s=96&d=mm&r=g\",\"caption\":\"f1000024\"},\"url\":\"https:\\\/\\\/cvinoticias.com\\\/v3\\\/author\\\/f1000024\\\/\"}]}<\/script>\n<!-- \/ Yoast SEO plugin. -->","yoast_head_json":{"title":"Inauguraron el Mirador Punta Por\u00e1, balc\u00f3n al r\u00edo Uruguay, en Panamb\u00ed | CVI NOTICIAS","robots":{"index":"index","follow":"follow","max-snippet":"max-snippet:-1","max-image-preview":"max-image-preview:large","max-video-preview":"max-video-preview:-1"},"canonical":"https:\/\/cvinoticias.com\/v3\/inauguraron-el-mirador-punta-pora-balcon-al-rio-uruguay-en-panambi\/","og_locale":"es_ES","og_type":"article","og_title":"Inauguraron el Mirador Punta Por\u00e1, balc\u00f3n al r\u00edo Uruguay, en Panamb\u00ed | CVI NOTICIAS","og_description":"Se inaugur\u00f3 este mi\u00e9rcoles en la localidad de Panamb\u00ed el Mirador Punta Por\u00e1, por la ruta provincial 2. Es el primer espacio enmarcado en el Programa de Embellecimiento de carreteras provinciales, previsto en la ley N\u00b028 aprobada el a\u00f1o pasado por la Camara de Representantes de Misiones.Lo que se busc\u00f3 fue darle comodidad a quienes [&hellip;]","og_url":"https:\/\/cvinoticias.com\/v3\/inauguraron-el-mirador-punta-pora-balcon-al-rio-uruguay-en-panambi\/","og_site_name":"CVI NOTICIAS","article_publisher":"https:\/\/www.facebook.com\/cvinoticias","article_published_time":"2022-01-05T21:01:15+00:00","og_image":[{"width":1080,"height":487,"url":"https:\/\/cvinoticias.com\/wp-content\/uploads\/2022\/01\/FB_IMG_1641416138933.jpg","type":"image\/jpeg"}],"author":"f1000024","twitter_card":"summary_large_image","twitter_misc":{"Escrito por":"f1000024","Tiempo de lectura":"1 minuto"},"schema":{"@context":"https:\/\/schema.org","@graph":[{"@type":"Article","@id":"https:\/\/cvinoticias.com\/v3\/inauguraron-el-mirador-punta-pora-balcon-al-rio-uruguay-en-panambi\/#article","isPartOf":{"@id":"https:\/\/cvinoticias.com\/v3\/inauguraron-el-mirador-punta-pora-balcon-al-rio-uruguay-en-panambi\/"},"author":{"name":"f1000024","@id":"https:\/\/cvinoticias.com\/v3\/#\/schema\/person\/2db77e3c6bc03c538495d7b2b8be9b66"},"headline":"Inauguraron el Mirador Punta Por\u00e1, balc\u00f3n al r\u00edo Uruguay, en Panamb\u00ed","datePublished":"2022-01-05T21:01:15+00:00","mainEntityOfPage":{"@id":"https:\/\/cvinoticias.com\/v3\/inauguraron-el-mirador-punta-pora-balcon-al-rio-uruguay-en-panambi\/"},"wordCount":172,"commentCount":0,"publisher":{"@id":"https:\/\/cvinoticias.com\/v3\/#organization"},"image":{"@id":"https:\/\/cvinoticias.com\/v3\/inauguraron-el-mirador-punta-pora-balcon-al-rio-uruguay-en-panambi\/#primaryimage"},"thumbnailUrl":"https:\/\/cvinoticias.com\/wp-content\/uploads\/2022\/01\/FB_IMG_1641416138933.jpg","articleSection":["Sociedad"],"inLanguage":"es","potentialAction":[{"@type":"CommentAction","name":"Comment","target":["https:\/\/cvinoticias.com\/v3\/inauguraron-el-mirador-punta-pora-balcon-al-rio-uruguay-en-panambi\/#respond"]}]},{"@type":"WebPage","@id":"https:\/\/cvinoticias.com\/v3\/inauguraron-el-mirador-punta-pora-balcon-al-rio-uruguay-en-panambi\/","url":"https:\/\/cvinoticias.com\/v3\/inauguraron-el-mirador-punta-pora-balcon-al-rio-uruguay-en-panambi\/","name":"Inauguraron el Mirador Punta Por\u00e1, balc\u00f3n al r\u00edo Uruguay, en Panamb\u00ed | CVI NOTICIAS","isPartOf":{"@id":"https:\/\/cvinoticias.com\/v3\/#website"},"primaryImageOfPage":{"@id":"https:\/\/cvinoticias.com\/v3\/inauguraron-el-mirador-punta-pora-balcon-al-rio-uruguay-en-panambi\/#primaryimage"},"image":{"@id":"https:\/\/cvinoticias.com\/v3\/inauguraron-el-mirador-punta-pora-balcon-al-rio-uruguay-en-panambi\/#primaryimage"},"thumbnailUrl":"https:\/\/cvinoticias.com\/wp-content\/uploads\/2022\/01\/FB_IMG_1641416138933.jpg","datePublished":"2022-01-05T21:01:15+00:00","breadcrumb":{"@id":"https:\/\/cvinoticias.com\/v3\/inauguraron-el-mirador-punta-pora-balcon-al-rio-uruguay-en-panambi\/#breadcrumb"},"inLanguage":"es","potentialAction":[{"@type":"ReadAction","target":["https:\/\/cvinoticias.com\/v3\/inauguraron-el-mirador-punta-pora-balcon-al-rio-uruguay-en-panambi\/"]}]},{"@type":"ImageObject","inLanguage":"es","@id":"https:\/\/cvinoticias.com\/v3\/inauguraron-el-mirador-punta-pora-balcon-al-rio-uruguay-en-panambi\/#primaryimage","url":"https:\/\/cvinoticias.com\/wp-content\/uploads\/2022\/01\/FB_IMG_1641416138933.jpg","contentUrl":"https:\/\/cvinoticias.com\/wp-content\/uploads\/2022\/01\/FB_IMG_1641416138933.jpg","width":1080,"height":487},{"@type":"BreadcrumbList","@id":"https:\/\/cvinoticias.com\/v3\/inauguraron-el-mirador-punta-pora-balcon-al-rio-uruguay-en-panambi\/#breadcrumb","itemListElement":[{"@type":"ListItem","position":1,"name":"Portada","item":"https:\/\/cvinoticias.com\/v3\/"},{"@type":"ListItem","position":2,"name":"Inauguraron el Mirador Punta Por\u00e1, balc\u00f3n al r\u00edo Uruguay, en Panamb\u00ed"}]},{"@type":"WebSite","@id":"https:\/\/cvinoticias.com\/v3\/#website","url":"https:\/\/cvinoticias.com\/v3\/","name":"CVI NOTICIAS","description":"","publisher":{"@id":"https:\/\/cvinoticias.com\/v3\/#organization"},"alternateName":"CVI","potentialAction":[{"@type":"SearchAction","target":{"@type":"EntryPoint","urlTemplate":"https:\/\/cvinoticias.com\/v3\/?s={search_term_string}"},"query-input":{"@type":"PropertyValueSpecification","valueRequired":true,"valueName":"search_term_string"}}],"inLanguage":"es"},{"@type":"Organization","@id":"https:\/\/cvinoticias.com\/v3\/#organization","name":"CVI NOTICIAS","url":"https:\/\/cvinoticias.com\/v3\/","logo":{"@type":"ImageObject","inLanguage":"es","@id":"https:\/\/cvinoticias.com\/v3\/#\/schema\/logo\/image\/","url":"https:\/\/cvinoticias.com\/wp-content\/uploads\/2023\/04\/cropped-cropped-cropped-cropped-cropped-3-1.png","contentUrl":"https:\/\/cvinoticias.com\/wp-content\/uploads\/2023\/04\/cropped-cropped-cropped-cropped-cropped-3-1.png","width":95,"height":122,"caption":"CVI NOTICIAS"},"image":{"@id":"https:\/\/cvinoticias.com\/v3\/#\/schema\/logo\/image\/"},"sameAs":["https:\/\/www.facebook.com\/cvinoticias","https:\/\/www.instagram.com\/cvinoticias\/","https:\/\/www.youtube.com\/@CVINOTICIAS"]},{"@type":"Person","@id":"https:\/\/cvinoticias.com\/v3\/#\/schema\/person\/2db77e3c6bc03c538495d7b2b8be9b66","name":"f1000024","image":{"@type":"ImageObject","inLanguage":"es","@id":"https:\/\/secure.gravatar.com\/avatar\/d4fe7459cfc51ff5129ce1a732bbef5928568b8092d412ef95611616376bbeed?s=96&d=mm&r=g","url":"https:\/\/secure.gravatar.com\/avatar\/d4fe7459cfc51ff5129ce1a732bbef5928568b8092d412ef95611616376bbeed?s=96&d=mm&r=g","contentUrl":"https:\/\/secure.gravatar.com\/avatar\/d4fe7459cfc51ff5129ce1a732bbef5928568b8092d412ef95611616376bbeed?s=96&d=mm&r=g","caption":"f1000024"},"url":"https:\/\/cvinoticias.com\/v3\/author\/f1000024\/"}]}},"_links":{"self":[{"href":"https:\/\/cvinoticias.com\/v3\/wp-json\/wp\/v2\/posts\/11994","targetHints":{"allow":["GET"]}}],"collection":[{"href":"https:\/\/cvinoticias.com\/v3\/wp-json\/wp\/v2\/posts"}],"about":[{"href":"https:\/\/cvinoticias.com\/v3\/wp-json\/wp\/v2\/types\/post"}],"author":[{"embeddable":true,"href":"https:\/\/cvinoticias.com\/v3\/wp-json\/wp\/v2\/users\/2"}],"replies":[{"embeddable":true,"href":"https:\/\/cvinoticias.com\/v3\/wp-json\/wp\/v2\/comments?post=11994"}],"version-history":[{"count":1,"href":"https:\/\/cvinoticias.com\/v3\/wp-json\/wp\/v2\/posts\/11994\/revisions"}],"predecessor-version":[{"id":11999,"href":"https:\/\/cvinoticias.com\/v3\/wp-json\/wp\/v2\/posts\/11994\/revisions\/11999"}],"wp:featuredmedia":[{"embeddable":true,"href":"https:\/\/cvinoticias.com\/v3\/wp-json\/wp\/v2\/media\/11998"}],"wp:attachment":[{"href":"https:\/\/cvinoticias.com\/v3\/wp-json\/wp\/v2\/media?parent=11994"}],"wp:term":[{"taxonomy":"category","embeddable":true,"href":"https:\/\/cvinoticias.com\/v3\/wp-json\/wp\/v2\/categories?post=11994"},{"taxonomy":"post_tag","embeddable":true,"href":"https:\/\/cvinoticias.com\/v3\/wp-json\/wp\/v2\/tags?post=11994"}],"curies":[{"name":"wp","href":"https:\/\/api.w.org\/{rel}","templated":true}]}}