{"id":11965,"date":"2022-01-05T11:56:56","date_gmt":"2022-01-05T11:56:56","guid":{"rendered":"https:\/\/cvinoticias.com\/v3\/?p=11965"},"modified":"2022-01-05T11:56:56","modified_gmt":"2022-01-05T11:56:56","slug":"herrera-viaja-a-buenos-aires-para-reunirse-con-guzman-y-kulfas","status":"publish","type":"post","link":"https:\/\/cvinoticias.com\/v3\/herrera-viaja-a-buenos-aires-para-reunirse-con-guzman-y-kulfas\/","title":{"rendered":"Herrera viaja a Buenos Aires para reunirse con Guzm\u00e1n y Kulfas"},"content":{"rendered":"\n<p><strong><em>El gobernador Oscar Herrera Ahuad viaj\u00f3 ayer a Buenos Aires para participar de la reuni\u00f3n convocada para esta tarde a las 17, por el ministro de Econom\u00eda nacional, Mart\u00edn Guzm\u00e1n.\u00a0La misma fue pedida por el presidente Alberto Fern\u00e1ndez, a fin de dar a conocer a los mandatarios los detalles de c\u00f3mo va la negociaci\u00f3n con el Fondo Monetario Internacional.<\/em><\/strong><\/p>\n\n\n\n<p>Ser\u00e1 tambi\u00e9n una\u00a0oportunidad en la que los gobernadores puedan indagar acerca del Decreto de Necesidad y Urgencia que emitir\u00e1 Fern\u00e1ndez con la pr\u00f3rroga del presupuesto nacional,\u00a0tras el voto opositor que dej\u00f3 al pa\u00eds sin el correspondiente a 2022.<\/p>\n\n\n\n<p>En esa normativa,\u00a0Misiones pretende la inclusi\u00f3n de financiamiento para obras por 96 mil millones de pesos.\u00a0Para ello, Herrera acompa\u00f1ado de los ministros Adolfo Safr\u00e1n (Hacienda) y Ricardo Wellbach (Coordinaci\u00f3n de Gabinete) se reunieron con el jefe de Gabinete nacional, Juan Manzur a quien le sacaron el compromiso de no dejar a los municipios sin esas obras p\u00fablicas.<\/p>\n\n\n\n<p>Cabe recordar que\u00a0con Guzm\u00e1n, Misiones debe iniciar las negociaciones para una eventual zona especial impositiva.<\/p>\n\n\n\n<h3 class=\"wp-block-heading\"><strong>Emergencia agropecuaria<\/strong><\/h3>\n\n\n\n<p>A las 10 horas de hoy,\u00a0Herrera Ahuad visitar\u00e1 al presidente del Consejo Federal de Inversiones (CFI), Ignacio Lamothe,\u00a0con quien analizar\u00e1 qu\u00e9 acciones conjuntas se podr\u00e1n encarar para m\u00e1s asistencia a los productores que se vieron perjudicados por la intensa sequ\u00eda.<ins> <\/ins><\/p>\n\n\n\n<p>En ese sentido,\u00a0el Gobernador pedir\u00e1 a Lamothe ampliar las l\u00edneas de cr\u00e9dito.<\/p>\n\n\n\n<h3 class=\"wp-block-heading\"><strong>Con Kulfas<\/strong><\/h3>\n\n\n\n<p>Seg\u00fan se pudo saber, el gobernador\u00a0Herrera Ahuad tiene agendada una reuni\u00f3n a solas con el ministro de Desarrollo Productivo, Mat\u00edas Kulfas,\u00a0en horas del mediod\u00eda de hoy.<\/p>\n\n\n\n<p>En la agenda entre ambos\u00a0est\u00e1n temas como estado de avance de la llegada de la brasile\u00f1a Beira R\u00edo anunciada por Kulfas, la aplicaci\u00f3n del Art\u00edculo 10 de la Ley de PyME, el desarrollo de parques industriales en la tierra colorada y la importaci\u00f3n de las gr\u00faas para el puerto de Posadas.<\/p>\n\n\n\n<p><\/p>\n\n\n\n<p><strong>Fuente: Primera Edici\u00f3n <\/strong><\/p>\n","protected":false},"excerpt":{"rendered":"<p>El gobernador Oscar Herrera Ahuad viaj\u00f3 ayer a Buenos Aires para participar de la reuni\u00f3n convocada para esta tarde a las 17, por el ministro de Econom\u00eda nacional, Mart\u00edn Guzm\u00e1n.\u00a0La misma fue pedida por el presidente Alberto Fern\u00e1ndez, a fin de dar a conocer a los mandatarios los detalles de c\u00f3mo va la negociaci\u00f3n con [&hellip;]<\/p>\n","protected":false},"author":2,"featured_media":11966,"comment_status":"open","ping_status":"open","sticky":false,"template":"","format":"standard","meta":{"footnotes":""},"categories":[42],"tags":[],"class_list":["post-11965","post","type-post","status-publish","format-standard","has-post-thumbnail","hentry","category-politica"],"yoast_head":"<!-- This site is optimized with the Yoast SEO plugin v27.4 - https:\/\/yoast.com\/product\/yoast-seo-wordpress\/ -->\n<title>Herrera viaja a Buenos Aires para reunirse con Guzm\u00e1n y Kulfas | CVI NOTICIAS<\/title>\n<meta name=\"robots\" content=\"index, follow, max-snippet:-1, max-image-preview:large, max-video-preview:-1\" \/>\n<link rel=\"canonical\" href=\"https:\/\/cvinoticias.com\/v3\/herrera-viaja-a-buenos-aires-para-reunirse-con-guzman-y-kulfas\/\" \/>\n<meta property=\"og:locale\" content=\"es_ES\" \/>\n<meta property=\"og:type\" content=\"article\" \/>\n<meta property=\"og:title\" content=\"Herrera viaja a Buenos Aires para reunirse con Guzm\u00e1n y Kulfas | CVI NOTICIAS\" \/>\n<meta property=\"og:description\" content=\"El gobernador Oscar Herrera Ahuad viaj\u00f3 ayer a Buenos Aires para participar de la reuni\u00f3n convocada para esta tarde a las 17, por el ministro de Econom\u00eda nacional, Mart\u00edn Guzm\u00e1n.\u00a0La misma fue pedida por el presidente Alberto Fern\u00e1ndez, a fin de dar a conocer a los mandatarios los detalles de c\u00f3mo va la negociaci\u00f3n con [&hellip;]\" \/>\n<meta property=\"og:url\" content=\"https:\/\/cvinoticias.com\/v3\/herrera-viaja-a-buenos-aires-para-reunirse-con-guzman-y-kulfas\/\" \/>\n<meta property=\"og:site_name\" content=\"CVI NOTICIAS\" \/>\n<meta property=\"article:publisher\" content=\"https:\/\/www.facebook.com\/cvinoticias\" \/>\n<meta property=\"article:published_time\" content=\"2022-01-05T11:56:56+00:00\" \/>\n<meta property=\"og:image\" content=\"https:\/\/cvinoticias.com\/wp-content\/uploads\/2022\/01\/Screenshot_20220105-085622_Facebook.jpg\" \/>\n\t<meta property=\"og:image:width\" content=\"946\" \/>\n\t<meta property=\"og:image:height\" content=\"662\" \/>\n\t<meta property=\"og:image:type\" content=\"image\/jpeg\" \/>\n<meta name=\"author\" content=\"f1000024\" \/>\n<meta name=\"twitter:card\" content=\"summary_large_image\" \/>\n<meta name=\"twitter:label1\" content=\"Escrito por\" \/>\n\t<meta name=\"twitter:data1\" content=\"f1000024\" \/>\n\t<meta name=\"twitter:label2\" content=\"Tiempo de lectura\" \/>\n\t<meta name=\"twitter:data2\" content=\"2 minutos\" \/>\n<script type=\"application\/ld+json\" class=\"yoast-schema-graph\">{\"@context\":\"https:\\\/\\\/schema.org\",\"@graph\":[{\"@type\":\"Article\",\"@id\":\"https:\\\/\\\/cvinoticias.com\\\/v3\\\/herrera-viaja-a-buenos-aires-para-reunirse-con-guzman-y-kulfas\\\/#article\",\"isPartOf\":{\"@id\":\"https:\\\/\\\/cvinoticias.com\\\/v3\\\/herrera-viaja-a-buenos-aires-para-reunirse-con-guzman-y-kulfas\\\/\"},\"author\":{\"name\":\"f1000024\",\"@id\":\"https:\\\/\\\/cvinoticias.com\\\/v3\\\/#\\\/schema\\\/person\\\/2db77e3c6bc03c538495d7b2b8be9b66\"},\"headline\":\"Herrera viaja a Buenos Aires para reunirse con Guzm\u00e1n y Kulfas\",\"datePublished\":\"2022-01-05T11:56:56+00:00\",\"mainEntityOfPage\":{\"@id\":\"https:\\\/\\\/cvinoticias.com\\\/v3\\\/herrera-viaja-a-buenos-aires-para-reunirse-con-guzman-y-kulfas\\\/\"},\"wordCount\":358,\"commentCount\":0,\"publisher\":{\"@id\":\"https:\\\/\\\/cvinoticias.com\\\/v3\\\/#organization\"},\"image\":{\"@id\":\"https:\\\/\\\/cvinoticias.com\\\/v3\\\/herrera-viaja-a-buenos-aires-para-reunirse-con-guzman-y-kulfas\\\/#primaryimage\"},\"thumbnailUrl\":\"https:\\\/\\\/cvinoticias.com\\\/wp-content\\\/uploads\\\/2022\\\/01\\\/Screenshot_20220105-085622_Facebook.jpg\",\"articleSection\":[\"Politica\"],\"inLanguage\":\"es\",\"potentialAction\":[{\"@type\":\"CommentAction\",\"name\":\"Comment\",\"target\":[\"https:\\\/\\\/cvinoticias.com\\\/v3\\\/herrera-viaja-a-buenos-aires-para-reunirse-con-guzman-y-kulfas\\\/#respond\"]}]},{\"@type\":\"WebPage\",\"@id\":\"https:\\\/\\\/cvinoticias.com\\\/v3\\\/herrera-viaja-a-buenos-aires-para-reunirse-con-guzman-y-kulfas\\\/\",\"url\":\"https:\\\/\\\/cvinoticias.com\\\/v3\\\/herrera-viaja-a-buenos-aires-para-reunirse-con-guzman-y-kulfas\\\/\",\"name\":\"Herrera viaja a Buenos Aires para reunirse con Guzm\u00e1n y Kulfas | CVI NOTICIAS\",\"isPartOf\":{\"@id\":\"https:\\\/\\\/cvinoticias.com\\\/v3\\\/#website\"},\"primaryImageOfPage\":{\"@id\":\"https:\\\/\\\/cvinoticias.com\\\/v3\\\/herrera-viaja-a-buenos-aires-para-reunirse-con-guzman-y-kulfas\\\/#primaryimage\"},\"image\":{\"@id\":\"https:\\\/\\\/cvinoticias.com\\\/v3\\\/herrera-viaja-a-buenos-aires-para-reunirse-con-guzman-y-kulfas\\\/#primaryimage\"},\"thumbnailUrl\":\"https:\\\/\\\/cvinoticias.com\\\/wp-content\\\/uploads\\\/2022\\\/01\\\/Screenshot_20220105-085622_Facebook.jpg\",\"datePublished\":\"2022-01-05T11:56:56+00:00\",\"breadcrumb\":{\"@id\":\"https:\\\/\\\/cvinoticias.com\\\/v3\\\/herrera-viaja-a-buenos-aires-para-reunirse-con-guzman-y-kulfas\\\/#breadcrumb\"},\"inLanguage\":\"es\",\"potentialAction\":[{\"@type\":\"ReadAction\",\"target\":[\"https:\\\/\\\/cvinoticias.com\\\/v3\\\/herrera-viaja-a-buenos-aires-para-reunirse-con-guzman-y-kulfas\\\/\"]}]},{\"@type\":\"ImageObject\",\"inLanguage\":\"es\",\"@id\":\"https:\\\/\\\/cvinoticias.com\\\/v3\\\/herrera-viaja-a-buenos-aires-para-reunirse-con-guzman-y-kulfas\\\/#primaryimage\",\"url\":\"https:\\\/\\\/cvinoticias.com\\\/wp-content\\\/uploads\\\/2022\\\/01\\\/Screenshot_20220105-085622_Facebook.jpg\",\"contentUrl\":\"https:\\\/\\\/cvinoticias.com\\\/wp-content\\\/uploads\\\/2022\\\/01\\\/Screenshot_20220105-085622_Facebook.jpg\",\"width\":946,\"height\":662},{\"@type\":\"BreadcrumbList\",\"@id\":\"https:\\\/\\\/cvinoticias.com\\\/v3\\\/herrera-viaja-a-buenos-aires-para-reunirse-con-guzman-y-kulfas\\\/#breadcrumb\",\"itemListElement\":[{\"@type\":\"ListItem\",\"position\":1,\"name\":\"Portada\",\"item\":\"https:\\\/\\\/cvinoticias.com\\\/v3\\\/\"},{\"@type\":\"ListItem\",\"position\":2,\"name\":\"Herrera viaja a Buenos Aires para reunirse con Guzm\u00e1n y Kulfas\"}]},{\"@type\":\"WebSite\",\"@id\":\"https:\\\/\\\/cvinoticias.com\\\/v3\\\/#website\",\"url\":\"https:\\\/\\\/cvinoticias.com\\\/v3\\\/\",\"name\":\"CVI NOTICIAS\",\"description\":\"\",\"publisher\":{\"@id\":\"https:\\\/\\\/cvinoticias.com\\\/v3\\\/#organization\"},\"alternateName\":\"CVI\",\"potentialAction\":[{\"@type\":\"SearchAction\",\"target\":{\"@type\":\"EntryPoint\",\"urlTemplate\":\"https:\\\/\\\/cvinoticias.com\\\/v3\\\/?s={search_term_string}\"},\"query-input\":{\"@type\":\"PropertyValueSpecification\",\"valueRequired\":true,\"valueName\":\"search_term_string\"}}],\"inLanguage\":\"es\"},{\"@type\":\"Organization\",\"@id\":\"https:\\\/\\\/cvinoticias.com\\\/v3\\\/#organization\",\"name\":\"CVI NOTICIAS\",\"url\":\"https:\\\/\\\/cvinoticias.com\\\/v3\\\/\",\"logo\":{\"@type\":\"ImageObject\",\"inLanguage\":\"es\",\"@id\":\"https:\\\/\\\/cvinoticias.com\\\/v3\\\/#\\\/schema\\\/logo\\\/image\\\/\",\"url\":\"https:\\\/\\\/cvinoticias.com\\\/wp-content\\\/uploads\\\/2023\\\/04\\\/cropped-cropped-cropped-cropped-cropped-3-1.png\",\"contentUrl\":\"https:\\\/\\\/cvinoticias.com\\\/wp-content\\\/uploads\\\/2023\\\/04\\\/cropped-cropped-cropped-cropped-cropped-3-1.png\",\"width\":95,\"height\":122,\"caption\":\"CVI NOTICIAS\"},\"image\":{\"@id\":\"https:\\\/\\\/cvinoticias.com\\\/v3\\\/#\\\/schema\\\/logo\\\/image\\\/\"},\"sameAs\":[\"https:\\\/\\\/www.facebook.com\\\/cvinoticias\",\"https:\\\/\\\/www.instagram.com\\\/cvinoticias\\\/\",\"https:\\\/\\\/www.youtube.com\\\/@CVINOTICIAS\"]},{\"@type\":\"Person\",\"@id\":\"https:\\\/\\\/cvinoticias.com\\\/v3\\\/#\\\/schema\\\/person\\\/2db77e3c6bc03c538495d7b2b8be9b66\",\"name\":\"f1000024\",\"image\":{\"@type\":\"ImageObject\",\"inLanguage\":\"es\",\"@id\":\"https:\\\/\\\/secure.gravatar.com\\\/avatar\\\/d4fe7459cfc51ff5129ce1a732bbef5928568b8092d412ef95611616376bbeed?s=96&d=mm&r=g\",\"url\":\"https:\\\/\\\/secure.gravatar.com\\\/avatar\\\/d4fe7459cfc51ff5129ce1a732bbef5928568b8092d412ef95611616376bbeed?s=96&d=mm&r=g\",\"contentUrl\":\"https:\\\/\\\/secure.gravatar.com\\\/avatar\\\/d4fe7459cfc51ff5129ce1a732bbef5928568b8092d412ef95611616376bbeed?s=96&d=mm&r=g\",\"caption\":\"f1000024\"},\"url\":\"https:\\\/\\\/cvinoticias.com\\\/v3\\\/author\\\/f1000024\\\/\"}]}<\/script>\n<!-- \/ Yoast SEO plugin. -->","yoast_head_json":{"title":"Herrera viaja a Buenos Aires para reunirse con Guzm\u00e1n y Kulfas | CVI NOTICIAS","robots":{"index":"index","follow":"follow","max-snippet":"max-snippet:-1","max-image-preview":"max-image-preview:large","max-video-preview":"max-video-preview:-1"},"canonical":"https:\/\/cvinoticias.com\/v3\/herrera-viaja-a-buenos-aires-para-reunirse-con-guzman-y-kulfas\/","og_locale":"es_ES","og_type":"article","og_title":"Herrera viaja a Buenos Aires para reunirse con Guzm\u00e1n y Kulfas | CVI NOTICIAS","og_description":"El gobernador Oscar Herrera Ahuad viaj\u00f3 ayer a Buenos Aires para participar de la reuni\u00f3n convocada para esta tarde a las 17, por el ministro de Econom\u00eda nacional, Mart\u00edn Guzm\u00e1n.\u00a0La misma fue pedida por el presidente Alberto Fern\u00e1ndez, a fin de dar a conocer a los mandatarios los detalles de c\u00f3mo va la negociaci\u00f3n con [&hellip;]","og_url":"https:\/\/cvinoticias.com\/v3\/herrera-viaja-a-buenos-aires-para-reunirse-con-guzman-y-kulfas\/","og_site_name":"CVI NOTICIAS","article_publisher":"https:\/\/www.facebook.com\/cvinoticias","article_published_time":"2022-01-05T11:56:56+00:00","og_image":[{"width":946,"height":662,"url":"https:\/\/cvinoticias.com\/wp-content\/uploads\/2022\/01\/Screenshot_20220105-085622_Facebook.jpg","type":"image\/jpeg"}],"author":"f1000024","twitter_card":"summary_large_image","twitter_misc":{"Escrito por":"f1000024","Tiempo de lectura":"2 minutos"},"schema":{"@context":"https:\/\/schema.org","@graph":[{"@type":"Article","@id":"https:\/\/cvinoticias.com\/v3\/herrera-viaja-a-buenos-aires-para-reunirse-con-guzman-y-kulfas\/#article","isPartOf":{"@id":"https:\/\/cvinoticias.com\/v3\/herrera-viaja-a-buenos-aires-para-reunirse-con-guzman-y-kulfas\/"},"author":{"name":"f1000024","@id":"https:\/\/cvinoticias.com\/v3\/#\/schema\/person\/2db77e3c6bc03c538495d7b2b8be9b66"},"headline":"Herrera viaja a Buenos Aires para reunirse con Guzm\u00e1n y Kulfas","datePublished":"2022-01-05T11:56:56+00:00","mainEntityOfPage":{"@id":"https:\/\/cvinoticias.com\/v3\/herrera-viaja-a-buenos-aires-para-reunirse-con-guzman-y-kulfas\/"},"wordCount":358,"commentCount":0,"publisher":{"@id":"https:\/\/cvinoticias.com\/v3\/#organization"},"image":{"@id":"https:\/\/cvinoticias.com\/v3\/herrera-viaja-a-buenos-aires-para-reunirse-con-guzman-y-kulfas\/#primaryimage"},"thumbnailUrl":"https:\/\/cvinoticias.com\/wp-content\/uploads\/2022\/01\/Screenshot_20220105-085622_Facebook.jpg","articleSection":["Politica"],"inLanguage":"es","potentialAction":[{"@type":"CommentAction","name":"Comment","target":["https:\/\/cvinoticias.com\/v3\/herrera-viaja-a-buenos-aires-para-reunirse-con-guzman-y-kulfas\/#respond"]}]},{"@type":"WebPage","@id":"https:\/\/cvinoticias.com\/v3\/herrera-viaja-a-buenos-aires-para-reunirse-con-guzman-y-kulfas\/","url":"https:\/\/cvinoticias.com\/v3\/herrera-viaja-a-buenos-aires-para-reunirse-con-guzman-y-kulfas\/","name":"Herrera viaja a Buenos Aires para reunirse con Guzm\u00e1n y Kulfas | CVI NOTICIAS","isPartOf":{"@id":"https:\/\/cvinoticias.com\/v3\/#website"},"primaryImageOfPage":{"@id":"https:\/\/cvinoticias.com\/v3\/herrera-viaja-a-buenos-aires-para-reunirse-con-guzman-y-kulfas\/#primaryimage"},"image":{"@id":"https:\/\/cvinoticias.com\/v3\/herrera-viaja-a-buenos-aires-para-reunirse-con-guzman-y-kulfas\/#primaryimage"},"thumbnailUrl":"https:\/\/cvinoticias.com\/wp-content\/uploads\/2022\/01\/Screenshot_20220105-085622_Facebook.jpg","datePublished":"2022-01-05T11:56:56+00:00","breadcrumb":{"@id":"https:\/\/cvinoticias.com\/v3\/herrera-viaja-a-buenos-aires-para-reunirse-con-guzman-y-kulfas\/#breadcrumb"},"inLanguage":"es","potentialAction":[{"@type":"ReadAction","target":["https:\/\/cvinoticias.com\/v3\/herrera-viaja-a-buenos-aires-para-reunirse-con-guzman-y-kulfas\/"]}]},{"@type":"ImageObject","inLanguage":"es","@id":"https:\/\/cvinoticias.com\/v3\/herrera-viaja-a-buenos-aires-para-reunirse-con-guzman-y-kulfas\/#primaryimage","url":"https:\/\/cvinoticias.com\/wp-content\/uploads\/2022\/01\/Screenshot_20220105-085622_Facebook.jpg","contentUrl":"https:\/\/cvinoticias.com\/wp-content\/uploads\/2022\/01\/Screenshot_20220105-085622_Facebook.jpg","width":946,"height":662},{"@type":"BreadcrumbList","@id":"https:\/\/cvinoticias.com\/v3\/herrera-viaja-a-buenos-aires-para-reunirse-con-guzman-y-kulfas\/#breadcrumb","itemListElement":[{"@type":"ListItem","position":1,"name":"Portada","item":"https:\/\/cvinoticias.com\/v3\/"},{"@type":"ListItem","position":2,"name":"Herrera viaja a Buenos Aires para reunirse con Guzm\u00e1n y Kulfas"}]},{"@type":"WebSite","@id":"https:\/\/cvinoticias.com\/v3\/#website","url":"https:\/\/cvinoticias.com\/v3\/","name":"CVI NOTICIAS","description":"","publisher":{"@id":"https:\/\/cvinoticias.com\/v3\/#organization"},"alternateName":"CVI","potentialAction":[{"@type":"SearchAction","target":{"@type":"EntryPoint","urlTemplate":"https:\/\/cvinoticias.com\/v3\/?s={search_term_string}"},"query-input":{"@type":"PropertyValueSpecification","valueRequired":true,"valueName":"search_term_string"}}],"inLanguage":"es"},{"@type":"Organization","@id":"https:\/\/cvinoticias.com\/v3\/#organization","name":"CVI NOTICIAS","url":"https:\/\/cvinoticias.com\/v3\/","logo":{"@type":"ImageObject","inLanguage":"es","@id":"https:\/\/cvinoticias.com\/v3\/#\/schema\/logo\/image\/","url":"https:\/\/cvinoticias.com\/wp-content\/uploads\/2023\/04\/cropped-cropped-cropped-cropped-cropped-3-1.png","contentUrl":"https:\/\/cvinoticias.com\/wp-content\/uploads\/2023\/04\/cropped-cropped-cropped-cropped-cropped-3-1.png","width":95,"height":122,"caption":"CVI NOTICIAS"},"image":{"@id":"https:\/\/cvinoticias.com\/v3\/#\/schema\/logo\/image\/"},"sameAs":["https:\/\/www.facebook.com\/cvinoticias","https:\/\/www.instagram.com\/cvinoticias\/","https:\/\/www.youtube.com\/@CVINOTICIAS"]},{"@type":"Person","@id":"https:\/\/cvinoticias.com\/v3\/#\/schema\/person\/2db77e3c6bc03c538495d7b2b8be9b66","name":"f1000024","image":{"@type":"ImageObject","inLanguage":"es","@id":"https:\/\/secure.gravatar.com\/avatar\/d4fe7459cfc51ff5129ce1a732bbef5928568b8092d412ef95611616376bbeed?s=96&d=mm&r=g","url":"https:\/\/secure.gravatar.com\/avatar\/d4fe7459cfc51ff5129ce1a732bbef5928568b8092d412ef95611616376bbeed?s=96&d=mm&r=g","contentUrl":"https:\/\/secure.gravatar.com\/avatar\/d4fe7459cfc51ff5129ce1a732bbef5928568b8092d412ef95611616376bbeed?s=96&d=mm&r=g","caption":"f1000024"},"url":"https:\/\/cvinoticias.com\/v3\/author\/f1000024\/"}]}},"_links":{"self":[{"href":"https:\/\/cvinoticias.com\/v3\/wp-json\/wp\/v2\/posts\/11965","targetHints":{"allow":["GET"]}}],"collection":[{"href":"https:\/\/cvinoticias.com\/v3\/wp-json\/wp\/v2\/posts"}],"about":[{"href":"https:\/\/cvinoticias.com\/v3\/wp-json\/wp\/v2\/types\/post"}],"author":[{"embeddable":true,"href":"https:\/\/cvinoticias.com\/v3\/wp-json\/wp\/v2\/users\/2"}],"replies":[{"embeddable":true,"href":"https:\/\/cvinoticias.com\/v3\/wp-json\/wp\/v2\/comments?post=11965"}],"version-history":[{"count":1,"href":"https:\/\/cvinoticias.com\/v3\/wp-json\/wp\/v2\/posts\/11965\/revisions"}],"predecessor-version":[{"id":11967,"href":"https:\/\/cvinoticias.com\/v3\/wp-json\/wp\/v2\/posts\/11965\/revisions\/11967"}],"wp:featuredmedia":[{"embeddable":true,"href":"https:\/\/cvinoticias.com\/v3\/wp-json\/wp\/v2\/media\/11966"}],"wp:attachment":[{"href":"https:\/\/cvinoticias.com\/v3\/wp-json\/wp\/v2\/media?parent=11965"}],"wp:term":[{"taxonomy":"category","embeddable":true,"href":"https:\/\/cvinoticias.com\/v3\/wp-json\/wp\/v2\/categories?post=11965"},{"taxonomy":"post_tag","embeddable":true,"href":"https:\/\/cvinoticias.com\/v3\/wp-json\/wp\/v2\/tags?post=11965"}],"curies":[{"name":"wp","href":"https:\/\/api.w.org\/{rel}","templated":true}]}}