{"id":11953,"date":"2022-01-05T10:59:00","date_gmt":"2022-01-05T10:59:00","guid":{"rendered":"https:\/\/cvinoticias.com\/v3\/?p=11953"},"modified":"2022-01-05T10:59:00","modified_gmt":"2022-01-05T10:59:00","slug":"misiones-envio-al-malbran-dos-muestras-con-sospecha-de-omicron","status":"publish","type":"post","link":"https:\/\/cvinoticias.com\/v3\/misiones-envio-al-malbran-dos-muestras-con-sospecha-de-omicron\/","title":{"rendered":"Misiones envi\u00f3 al Malbr\u00e1n dos muestras con sospecha de \u00d3micron"},"content":{"rendered":"\n<p><strong><em>Se trata de dos residentes de Puerto Iguaz\u00fa que volvieron de Brasil a trav\u00e9s del paso internacional entre Foz y Puerto Iguaz\u00fa.<\/em><\/strong><\/p>\n\n\n\n<p>Las autoridades sanitarias de Misiones enviaron dos muestras positivas de COVID-19 al Instituto Malbr\u00e1n ante la sospecha de que se sean los primeros casos de la variante \u00d3micron en la provincia.<\/p>\n\n\n\n<p>As\u00ed lo confirm\u00f3 a \u00e9ste medio el ministro de Salud P\u00fablica, Oscar Alarc\u00f3n, entre otros referentes del Gobierno provincial.<\/p>\n\n\n\n<p>Se trata de dos personas de Puerto Iguaz\u00fa que viajaron a Brasil e ingresaron al pa\u00eds a trav\u00e9s del paso internacional habilitado entre Puerto Iguaz\u00fa y Foz.<\/p>\n\n\n\n<p>Vale recordar que el Laboratorio de An\u00e1lisis Integral (LAI) del Instituto Misionero de Biodiversidad (ImiBio), con sede el Puerto Iguaz\u00fa, aplica la t\u00e9cnica de genotipado por RT-PCR para detectar mutaciones puntuales asociadas a las variantes.<\/p>\n\n\n\n<p>No obstante,\u00a0hasta el momento Misiones no recibi\u00f3 el kit necesario para poder identificar la variante \u00d3micron a trav\u00e9s de esta t\u00e9cnica.\u00a0Por ello, para poder confirmar si estos casos corresponden a esta variante m\u00e1s contagiosa pero menos letal,\u00a0fueron enviadas las muestras al Malbr\u00e1n y se aguarda los resultados de la secuenciaci\u00f3n del genoma completo, una t\u00e9cnica que por su complejidad demora m\u00e1s d\u00edas.<\/p>\n\n\n\n<h5 class=\"wp-block-heading\"><strong>Mutaciones descartadas<\/strong><\/h5>\n\n\n\n<p>Hasta ahora, tanto el Laboratorio de Alta Complejidad de Misiones (LACMI) como el LAI del ImiBio aplican la t\u00e9cnica de genotipado para detectar la presencia de las variantes\u00a0Alpha, Beta, Gamma, Delta y las variantes de inter\u00e9s como Zeta, Epsilon, Eta, Lambda y Mu.<\/p>\n\n\n\n<p>Por ello,\u00a0una vez descartada la presencia de mutaciones correspondientes a estas variantes\u00a0en las dos muestras tomadas en las personas que volvieron de Brasil, el Ministerio de Salud P\u00fablica decidi\u00f3 enviarlas al Malbr\u00e1n ante la sospecha de \u00d3micron.<\/p>\n\n\n\n<h5 class=\"wp-block-heading\"><strong>Confirman circulaci\u00f3n comunitaria en el pa\u00eds<\/strong><\/h5>\n\n\n\n<p>La jefa de Gabinete del Ministerio de Salud de la Naci\u00f3n, Sonia Tarragonia, confirm\u00f3 ayer la circulaci\u00f3n comunitaria de la variante \u00d3micron en el pa\u00eds.<\/p>\n\n\n\n<p>\u201cFue una irrupci\u00f3n casi inesperada de tantos, tan juntos. Las jurisdicciones ya est\u00e1n ampliando sus capacidades de testeo. Nosotros estamos acompa\u00f1ando la estrategia de impulsar los auto test, en breve vamos a poder hacerlo y eso descomprime tambi\u00e9n el testeo en el primer nivel\u201d; indic\u00f3 la funcionaria.<\/p>\n\n\n\n<p>No obstante, desde el 28 de octubre del a\u00f1o pasado el Proyecto Argentino Interinstitucional de gen\u00f3mica de SARS-CoV2 no emite un nuevo informe sobre las variantes que circulan en Argentina. Hace poco m\u00e1s de dos meses, al menos oficialmente, la variante predominante segu\u00eda siendo la Delta.<\/p>\n\n\n\n<p><em><strong>M\u00e1s contagiosa<\/strong><\/em><br><em>Infect\u00f3logos recordaron que el modo de contagio es el mismo, independientemente de la variante. El problema es que la Delta es dos veces m\u00e1s contagiosa que la original y \u00d3micron infecta el doble que Delta.<\/em><\/p>\n\n\n\n<p><em><strong>15 minutos<\/strong><\/em><\/p>\n\n\n\n<p><em>Por ahora no se modific\u00f3 el concepto de contacto estrecho: los que estuvieron m\u00e1s de 15 minutos sin protecci\u00f3n con un positivo.<\/em><\/p>\n\n\n\n<p><\/p>\n\n\n\n<p><strong>Fuente: Primera Edici\u00f3n <\/strong><\/p>\n","protected":false},"excerpt":{"rendered":"<p>Se trata de dos residentes de Puerto Iguaz\u00fa que volvieron de Brasil a trav\u00e9s del paso internacional entre Foz y Puerto Iguaz\u00fa. Las autoridades sanitarias de Misiones enviaron dos muestras positivas de COVID-19 al Instituto Malbr\u00e1n ante la sospecha de que se sean los primeros casos de la variante \u00d3micron en la provincia. As\u00ed lo [&hellip;]<\/p>\n","protected":false},"author":2,"featured_media":11954,"comment_status":"open","ping_status":"open","sticky":false,"template":"","format":"standard","meta":{"footnotes":""},"categories":[23,22],"tags":[],"class_list":["post-11953","post","type-post","status-publish","format-standard","has-post-thumbnail","hentry","category-covid-19","category-salud"],"yoast_head":"<!-- This site is optimized with the Yoast SEO plugin v27.4 - https:\/\/yoast.com\/product\/yoast-seo-wordpress\/ -->\n<title>Misiones envi\u00f3 al Malbr\u00e1n dos muestras con sospecha de \u00d3micron | CVI NOTICIAS<\/title>\n<meta name=\"robots\" content=\"index, follow, max-snippet:-1, max-image-preview:large, max-video-preview:-1\" \/>\n<link rel=\"canonical\" href=\"https:\/\/cvinoticias.com\/v3\/misiones-envio-al-malbran-dos-muestras-con-sospecha-de-omicron\/\" \/>\n<meta property=\"og:locale\" content=\"es_ES\" \/>\n<meta property=\"og:type\" content=\"article\" \/>\n<meta property=\"og:title\" content=\"Misiones envi\u00f3 al Malbr\u00e1n dos muestras con sospecha de \u00d3micron | CVI NOTICIAS\" \/>\n<meta property=\"og:description\" content=\"Se trata de dos residentes de Puerto Iguaz\u00fa que volvieron de Brasil a trav\u00e9s del paso internacional entre Foz y Puerto Iguaz\u00fa. Las autoridades sanitarias de Misiones enviaron dos muestras positivas de COVID-19 al Instituto Malbr\u00e1n ante la sospecha de que se sean los primeros casos de la variante \u00d3micron en la provincia. As\u00ed lo [&hellip;]\" \/>\n<meta property=\"og:url\" content=\"https:\/\/cvinoticias.com\/v3\/misiones-envio-al-malbran-dos-muestras-con-sospecha-de-omicron\/\" \/>\n<meta property=\"og:site_name\" content=\"CVI NOTICIAS\" \/>\n<meta property=\"article:publisher\" content=\"https:\/\/www.facebook.com\/cvinoticias\" \/>\n<meta property=\"article:published_time\" content=\"2022-01-05T10:59:00+00:00\" \/>\n<meta property=\"og:image\" content=\"https:\/\/cvinoticias.com\/wp-content\/uploads\/2022\/01\/Picsart_22-01-01_20-20-47-183-1-scaled.jpg\" \/>\n\t<meta property=\"og:image:width\" content=\"2560\" \/>\n\t<meta property=\"og:image:height\" content=\"2560\" \/>\n\t<meta property=\"og:image:type\" content=\"image\/jpeg\" \/>\n<meta name=\"author\" content=\"f1000024\" \/>\n<meta name=\"twitter:card\" content=\"summary_large_image\" \/>\n<meta name=\"twitter:label1\" content=\"Escrito por\" \/>\n\t<meta name=\"twitter:data1\" content=\"f1000024\" \/>\n\t<meta name=\"twitter:label2\" content=\"Tiempo de lectura\" \/>\n\t<meta name=\"twitter:data2\" content=\"3 minutos\" \/>\n<script type=\"application\/ld+json\" class=\"yoast-schema-graph\">{\"@context\":\"https:\\\/\\\/schema.org\",\"@graph\":[{\"@type\":\"Article\",\"@id\":\"https:\\\/\\\/cvinoticias.com\\\/v3\\\/misiones-envio-al-malbran-dos-muestras-con-sospecha-de-omicron\\\/#article\",\"isPartOf\":{\"@id\":\"https:\\\/\\\/cvinoticias.com\\\/v3\\\/misiones-envio-al-malbran-dos-muestras-con-sospecha-de-omicron\\\/\"},\"author\":{\"name\":\"f1000024\",\"@id\":\"https:\\\/\\\/cvinoticias.com\\\/v3\\\/#\\\/schema\\\/person\\\/2db77e3c6bc03c538495d7b2b8be9b66\"},\"headline\":\"Misiones envi\u00f3 al Malbr\u00e1n dos muestras con sospecha de \u00d3micron\",\"datePublished\":\"2022-01-05T10:59:00+00:00\",\"mainEntityOfPage\":{\"@id\":\"https:\\\/\\\/cvinoticias.com\\\/v3\\\/misiones-envio-al-malbran-dos-muestras-con-sospecha-de-omicron\\\/\"},\"wordCount\":519,\"commentCount\":0,\"publisher\":{\"@id\":\"https:\\\/\\\/cvinoticias.com\\\/v3\\\/#organization\"},\"image\":{\"@id\":\"https:\\\/\\\/cvinoticias.com\\\/v3\\\/misiones-envio-al-malbran-dos-muestras-con-sospecha-de-omicron\\\/#primaryimage\"},\"thumbnailUrl\":\"https:\\\/\\\/cvinoticias.com\\\/wp-content\\\/uploads\\\/2022\\\/01\\\/Picsart_22-01-01_20-20-47-183-1-scaled.jpg\",\"articleSection\":[\"Covid-19\",\"Salud\"],\"inLanguage\":\"es\",\"potentialAction\":[{\"@type\":\"CommentAction\",\"name\":\"Comment\",\"target\":[\"https:\\\/\\\/cvinoticias.com\\\/v3\\\/misiones-envio-al-malbran-dos-muestras-con-sospecha-de-omicron\\\/#respond\"]}]},{\"@type\":\"WebPage\",\"@id\":\"https:\\\/\\\/cvinoticias.com\\\/v3\\\/misiones-envio-al-malbran-dos-muestras-con-sospecha-de-omicron\\\/\",\"url\":\"https:\\\/\\\/cvinoticias.com\\\/v3\\\/misiones-envio-al-malbran-dos-muestras-con-sospecha-de-omicron\\\/\",\"name\":\"Misiones envi\u00f3 al Malbr\u00e1n dos muestras con sospecha de \u00d3micron | CVI NOTICIAS\",\"isPartOf\":{\"@id\":\"https:\\\/\\\/cvinoticias.com\\\/v3\\\/#website\"},\"primaryImageOfPage\":{\"@id\":\"https:\\\/\\\/cvinoticias.com\\\/v3\\\/misiones-envio-al-malbran-dos-muestras-con-sospecha-de-omicron\\\/#primaryimage\"},\"image\":{\"@id\":\"https:\\\/\\\/cvinoticias.com\\\/v3\\\/misiones-envio-al-malbran-dos-muestras-con-sospecha-de-omicron\\\/#primaryimage\"},\"thumbnailUrl\":\"https:\\\/\\\/cvinoticias.com\\\/wp-content\\\/uploads\\\/2022\\\/01\\\/Picsart_22-01-01_20-20-47-183-1-scaled.jpg\",\"datePublished\":\"2022-01-05T10:59:00+00:00\",\"breadcrumb\":{\"@id\":\"https:\\\/\\\/cvinoticias.com\\\/v3\\\/misiones-envio-al-malbran-dos-muestras-con-sospecha-de-omicron\\\/#breadcrumb\"},\"inLanguage\":\"es\",\"potentialAction\":[{\"@type\":\"ReadAction\",\"target\":[\"https:\\\/\\\/cvinoticias.com\\\/v3\\\/misiones-envio-al-malbran-dos-muestras-con-sospecha-de-omicron\\\/\"]}]},{\"@type\":\"ImageObject\",\"inLanguage\":\"es\",\"@id\":\"https:\\\/\\\/cvinoticias.com\\\/v3\\\/misiones-envio-al-malbran-dos-muestras-con-sospecha-de-omicron\\\/#primaryimage\",\"url\":\"https:\\\/\\\/cvinoticias.com\\\/wp-content\\\/uploads\\\/2022\\\/01\\\/Picsart_22-01-01_20-20-47-183-1-scaled.jpg\",\"contentUrl\":\"https:\\\/\\\/cvinoticias.com\\\/wp-content\\\/uploads\\\/2022\\\/01\\\/Picsart_22-01-01_20-20-47-183-1-scaled.jpg\",\"width\":2560,\"height\":2560},{\"@type\":\"BreadcrumbList\",\"@id\":\"https:\\\/\\\/cvinoticias.com\\\/v3\\\/misiones-envio-al-malbran-dos-muestras-con-sospecha-de-omicron\\\/#breadcrumb\",\"itemListElement\":[{\"@type\":\"ListItem\",\"position\":1,\"name\":\"Portada\",\"item\":\"https:\\\/\\\/cvinoticias.com\\\/v3\\\/\"},{\"@type\":\"ListItem\",\"position\":2,\"name\":\"Misiones envi\u00f3 al Malbr\u00e1n dos muestras con sospecha de \u00d3micron\"}]},{\"@type\":\"WebSite\",\"@id\":\"https:\\\/\\\/cvinoticias.com\\\/v3\\\/#website\",\"url\":\"https:\\\/\\\/cvinoticias.com\\\/v3\\\/\",\"name\":\"CVI NOTICIAS\",\"description\":\"\",\"publisher\":{\"@id\":\"https:\\\/\\\/cvinoticias.com\\\/v3\\\/#organization\"},\"alternateName\":\"CVI\",\"potentialAction\":[{\"@type\":\"SearchAction\",\"target\":{\"@type\":\"EntryPoint\",\"urlTemplate\":\"https:\\\/\\\/cvinoticias.com\\\/v3\\\/?s={search_term_string}\"},\"query-input\":{\"@type\":\"PropertyValueSpecification\",\"valueRequired\":true,\"valueName\":\"search_term_string\"}}],\"inLanguage\":\"es\"},{\"@type\":\"Organization\",\"@id\":\"https:\\\/\\\/cvinoticias.com\\\/v3\\\/#organization\",\"name\":\"CVI NOTICIAS\",\"url\":\"https:\\\/\\\/cvinoticias.com\\\/v3\\\/\",\"logo\":{\"@type\":\"ImageObject\",\"inLanguage\":\"es\",\"@id\":\"https:\\\/\\\/cvinoticias.com\\\/v3\\\/#\\\/schema\\\/logo\\\/image\\\/\",\"url\":\"https:\\\/\\\/cvinoticias.com\\\/wp-content\\\/uploads\\\/2023\\\/04\\\/cropped-cropped-cropped-cropped-cropped-3-1.png\",\"contentUrl\":\"https:\\\/\\\/cvinoticias.com\\\/wp-content\\\/uploads\\\/2023\\\/04\\\/cropped-cropped-cropped-cropped-cropped-3-1.png\",\"width\":95,\"height\":122,\"caption\":\"CVI NOTICIAS\"},\"image\":{\"@id\":\"https:\\\/\\\/cvinoticias.com\\\/v3\\\/#\\\/schema\\\/logo\\\/image\\\/\"},\"sameAs\":[\"https:\\\/\\\/www.facebook.com\\\/cvinoticias\",\"https:\\\/\\\/www.instagram.com\\\/cvinoticias\\\/\",\"https:\\\/\\\/www.youtube.com\\\/@CVINOTICIAS\"]},{\"@type\":\"Person\",\"@id\":\"https:\\\/\\\/cvinoticias.com\\\/v3\\\/#\\\/schema\\\/person\\\/2db77e3c6bc03c538495d7b2b8be9b66\",\"name\":\"f1000024\",\"image\":{\"@type\":\"ImageObject\",\"inLanguage\":\"es\",\"@id\":\"https:\\\/\\\/secure.gravatar.com\\\/avatar\\\/d4fe7459cfc51ff5129ce1a732bbef5928568b8092d412ef95611616376bbeed?s=96&d=mm&r=g\",\"url\":\"https:\\\/\\\/secure.gravatar.com\\\/avatar\\\/d4fe7459cfc51ff5129ce1a732bbef5928568b8092d412ef95611616376bbeed?s=96&d=mm&r=g\",\"contentUrl\":\"https:\\\/\\\/secure.gravatar.com\\\/avatar\\\/d4fe7459cfc51ff5129ce1a732bbef5928568b8092d412ef95611616376bbeed?s=96&d=mm&r=g\",\"caption\":\"f1000024\"},\"url\":\"https:\\\/\\\/cvinoticias.com\\\/v3\\\/author\\\/f1000024\\\/\"}]}<\/script>\n<!-- \/ Yoast SEO plugin. -->","yoast_head_json":{"title":"Misiones envi\u00f3 al Malbr\u00e1n dos muestras con sospecha de \u00d3micron | CVI NOTICIAS","robots":{"index":"index","follow":"follow","max-snippet":"max-snippet:-1","max-image-preview":"max-image-preview:large","max-video-preview":"max-video-preview:-1"},"canonical":"https:\/\/cvinoticias.com\/v3\/misiones-envio-al-malbran-dos-muestras-con-sospecha-de-omicron\/","og_locale":"es_ES","og_type":"article","og_title":"Misiones envi\u00f3 al Malbr\u00e1n dos muestras con sospecha de \u00d3micron | CVI NOTICIAS","og_description":"Se trata de dos residentes de Puerto Iguaz\u00fa que volvieron de Brasil a trav\u00e9s del paso internacional entre Foz y Puerto Iguaz\u00fa. Las autoridades sanitarias de Misiones enviaron dos muestras positivas de COVID-19 al Instituto Malbr\u00e1n ante la sospecha de que se sean los primeros casos de la variante \u00d3micron en la provincia. As\u00ed lo [&hellip;]","og_url":"https:\/\/cvinoticias.com\/v3\/misiones-envio-al-malbran-dos-muestras-con-sospecha-de-omicron\/","og_site_name":"CVI NOTICIAS","article_publisher":"https:\/\/www.facebook.com\/cvinoticias","article_published_time":"2022-01-05T10:59:00+00:00","og_image":[{"width":2560,"height":2560,"url":"https:\/\/cvinoticias.com\/wp-content\/uploads\/2022\/01\/Picsart_22-01-01_20-20-47-183-1-scaled.jpg","type":"image\/jpeg"}],"author":"f1000024","twitter_card":"summary_large_image","twitter_misc":{"Escrito por":"f1000024","Tiempo de lectura":"3 minutos"},"schema":{"@context":"https:\/\/schema.org","@graph":[{"@type":"Article","@id":"https:\/\/cvinoticias.com\/v3\/misiones-envio-al-malbran-dos-muestras-con-sospecha-de-omicron\/#article","isPartOf":{"@id":"https:\/\/cvinoticias.com\/v3\/misiones-envio-al-malbran-dos-muestras-con-sospecha-de-omicron\/"},"author":{"name":"f1000024","@id":"https:\/\/cvinoticias.com\/v3\/#\/schema\/person\/2db77e3c6bc03c538495d7b2b8be9b66"},"headline":"Misiones envi\u00f3 al Malbr\u00e1n dos muestras con sospecha de \u00d3micron","datePublished":"2022-01-05T10:59:00+00:00","mainEntityOfPage":{"@id":"https:\/\/cvinoticias.com\/v3\/misiones-envio-al-malbran-dos-muestras-con-sospecha-de-omicron\/"},"wordCount":519,"commentCount":0,"publisher":{"@id":"https:\/\/cvinoticias.com\/v3\/#organization"},"image":{"@id":"https:\/\/cvinoticias.com\/v3\/misiones-envio-al-malbran-dos-muestras-con-sospecha-de-omicron\/#primaryimage"},"thumbnailUrl":"https:\/\/cvinoticias.com\/wp-content\/uploads\/2022\/01\/Picsart_22-01-01_20-20-47-183-1-scaled.jpg","articleSection":["Covid-19","Salud"],"inLanguage":"es","potentialAction":[{"@type":"CommentAction","name":"Comment","target":["https:\/\/cvinoticias.com\/v3\/misiones-envio-al-malbran-dos-muestras-con-sospecha-de-omicron\/#respond"]}]},{"@type":"WebPage","@id":"https:\/\/cvinoticias.com\/v3\/misiones-envio-al-malbran-dos-muestras-con-sospecha-de-omicron\/","url":"https:\/\/cvinoticias.com\/v3\/misiones-envio-al-malbran-dos-muestras-con-sospecha-de-omicron\/","name":"Misiones envi\u00f3 al Malbr\u00e1n dos muestras con sospecha de \u00d3micron | CVI NOTICIAS","isPartOf":{"@id":"https:\/\/cvinoticias.com\/v3\/#website"},"primaryImageOfPage":{"@id":"https:\/\/cvinoticias.com\/v3\/misiones-envio-al-malbran-dos-muestras-con-sospecha-de-omicron\/#primaryimage"},"image":{"@id":"https:\/\/cvinoticias.com\/v3\/misiones-envio-al-malbran-dos-muestras-con-sospecha-de-omicron\/#primaryimage"},"thumbnailUrl":"https:\/\/cvinoticias.com\/wp-content\/uploads\/2022\/01\/Picsart_22-01-01_20-20-47-183-1-scaled.jpg","datePublished":"2022-01-05T10:59:00+00:00","breadcrumb":{"@id":"https:\/\/cvinoticias.com\/v3\/misiones-envio-al-malbran-dos-muestras-con-sospecha-de-omicron\/#breadcrumb"},"inLanguage":"es","potentialAction":[{"@type":"ReadAction","target":["https:\/\/cvinoticias.com\/v3\/misiones-envio-al-malbran-dos-muestras-con-sospecha-de-omicron\/"]}]},{"@type":"ImageObject","inLanguage":"es","@id":"https:\/\/cvinoticias.com\/v3\/misiones-envio-al-malbran-dos-muestras-con-sospecha-de-omicron\/#primaryimage","url":"https:\/\/cvinoticias.com\/wp-content\/uploads\/2022\/01\/Picsart_22-01-01_20-20-47-183-1-scaled.jpg","contentUrl":"https:\/\/cvinoticias.com\/wp-content\/uploads\/2022\/01\/Picsart_22-01-01_20-20-47-183-1-scaled.jpg","width":2560,"height":2560},{"@type":"BreadcrumbList","@id":"https:\/\/cvinoticias.com\/v3\/misiones-envio-al-malbran-dos-muestras-con-sospecha-de-omicron\/#breadcrumb","itemListElement":[{"@type":"ListItem","position":1,"name":"Portada","item":"https:\/\/cvinoticias.com\/v3\/"},{"@type":"ListItem","position":2,"name":"Misiones envi\u00f3 al Malbr\u00e1n dos muestras con sospecha de \u00d3micron"}]},{"@type":"WebSite","@id":"https:\/\/cvinoticias.com\/v3\/#website","url":"https:\/\/cvinoticias.com\/v3\/","name":"CVI NOTICIAS","description":"","publisher":{"@id":"https:\/\/cvinoticias.com\/v3\/#organization"},"alternateName":"CVI","potentialAction":[{"@type":"SearchAction","target":{"@type":"EntryPoint","urlTemplate":"https:\/\/cvinoticias.com\/v3\/?s={search_term_string}"},"query-input":{"@type":"PropertyValueSpecification","valueRequired":true,"valueName":"search_term_string"}}],"inLanguage":"es"},{"@type":"Organization","@id":"https:\/\/cvinoticias.com\/v3\/#organization","name":"CVI NOTICIAS","url":"https:\/\/cvinoticias.com\/v3\/","logo":{"@type":"ImageObject","inLanguage":"es","@id":"https:\/\/cvinoticias.com\/v3\/#\/schema\/logo\/image\/","url":"https:\/\/cvinoticias.com\/wp-content\/uploads\/2023\/04\/cropped-cropped-cropped-cropped-cropped-3-1.png","contentUrl":"https:\/\/cvinoticias.com\/wp-content\/uploads\/2023\/04\/cropped-cropped-cropped-cropped-cropped-3-1.png","width":95,"height":122,"caption":"CVI NOTICIAS"},"image":{"@id":"https:\/\/cvinoticias.com\/v3\/#\/schema\/logo\/image\/"},"sameAs":["https:\/\/www.facebook.com\/cvinoticias","https:\/\/www.instagram.com\/cvinoticias\/","https:\/\/www.youtube.com\/@CVINOTICIAS"]},{"@type":"Person","@id":"https:\/\/cvinoticias.com\/v3\/#\/schema\/person\/2db77e3c6bc03c538495d7b2b8be9b66","name":"f1000024","image":{"@type":"ImageObject","inLanguage":"es","@id":"https:\/\/secure.gravatar.com\/avatar\/d4fe7459cfc51ff5129ce1a732bbef5928568b8092d412ef95611616376bbeed?s=96&d=mm&r=g","url":"https:\/\/secure.gravatar.com\/avatar\/d4fe7459cfc51ff5129ce1a732bbef5928568b8092d412ef95611616376bbeed?s=96&d=mm&r=g","contentUrl":"https:\/\/secure.gravatar.com\/avatar\/d4fe7459cfc51ff5129ce1a732bbef5928568b8092d412ef95611616376bbeed?s=96&d=mm&r=g","caption":"f1000024"},"url":"https:\/\/cvinoticias.com\/v3\/author\/f1000024\/"}]}},"_links":{"self":[{"href":"https:\/\/cvinoticias.com\/v3\/wp-json\/wp\/v2\/posts\/11953","targetHints":{"allow":["GET"]}}],"collection":[{"href":"https:\/\/cvinoticias.com\/v3\/wp-json\/wp\/v2\/posts"}],"about":[{"href":"https:\/\/cvinoticias.com\/v3\/wp-json\/wp\/v2\/types\/post"}],"author":[{"embeddable":true,"href":"https:\/\/cvinoticias.com\/v3\/wp-json\/wp\/v2\/users\/2"}],"replies":[{"embeddable":true,"href":"https:\/\/cvinoticias.com\/v3\/wp-json\/wp\/v2\/comments?post=11953"}],"version-history":[{"count":1,"href":"https:\/\/cvinoticias.com\/v3\/wp-json\/wp\/v2\/posts\/11953\/revisions"}],"predecessor-version":[{"id":11955,"href":"https:\/\/cvinoticias.com\/v3\/wp-json\/wp\/v2\/posts\/11953\/revisions\/11955"}],"wp:featuredmedia":[{"embeddable":true,"href":"https:\/\/cvinoticias.com\/v3\/wp-json\/wp\/v2\/media\/11954"}],"wp:attachment":[{"href":"https:\/\/cvinoticias.com\/v3\/wp-json\/wp\/v2\/media?parent=11953"}],"wp:term":[{"taxonomy":"category","embeddable":true,"href":"https:\/\/cvinoticias.com\/v3\/wp-json\/wp\/v2\/categories?post=11953"},{"taxonomy":"post_tag","embeddable":true,"href":"https:\/\/cvinoticias.com\/v3\/wp-json\/wp\/v2\/tags?post=11953"}],"curies":[{"name":"wp","href":"https:\/\/api.w.org\/{rel}","templated":true}]}}