{"id":11950,"date":"2022-01-05T04:53:51","date_gmt":"2022-01-05T04:53:51","guid":{"rendered":"https:\/\/cvinoticias.com\/v3\/?p=11950"},"modified":"2022-01-05T04:53:51","modified_gmt":"2022-01-05T04:53:51","slug":"el-viernes-lanzaran-el-nuevo-acuerdo-por-precios-cuidados","status":"publish","type":"post","link":"https:\/\/cvinoticias.com\/v3\/el-viernes-lanzaran-el-nuevo-acuerdo-por-precios-cuidados\/","title":{"rendered":"El viernes lanzar\u00e1n el nuevo acuerdo por Precios Cuidados"},"content":{"rendered":"\n<p><strong><em>Este martes se reuni\u00f3 el ministro de Econom\u00eda, Mart\u00edn Guzm\u00e1n, junto a referentes del sector, con el objetivo de ultimar detalles para el nuevo acuerdo.<\/em><\/strong><\/p>\n\n\n\n<p>El Gobierno estima tener cerrado el acuerdo de Precios Cuidados para el pr\u00f3ximo viernes, que incluir\u00e1 m\u00e1s de 1.300 productos de la canasta b\u00e1sica.\u00a0El acuerdo es voluntario, se contemplan revisiones mensuales o trimestrales y con una pauta de subas del 6% trimestral o del 2% mensual, dependiendo el tipo de producto.<\/p>\n\n\n\n<p>Si bien a\u00fan no est\u00e1 cerrado, el ministro de Econom\u00eda, Mart\u00edn Guzm\u00e1n, y el secretario de Comercio, Roberto Felleti,\u00a0se mostraron confiados en poder anunciarlo este viernes que es cuando vence el anterior acuerdo.<\/p>\n\n\n\n<p>Justamente en el almuerzo que convoc\u00f3 Guzm\u00e1n, junto a su par de Desarrollo Productivo, Mat\u00edas Kulfas, el presidente del Banco Central, Miguel Pesce, el ministro de Producci\u00f3n, Mat\u00edas Kulfas, y Felleti, se destac\u00f3 la buena predisposici\u00f3n del sector empresario para comprender la importancia del acuerdo de precios.<\/p>\n\n\n\n<p>De acuerdo a lo que indic\u00f3 el ministro de Econom\u00eda, este acuerdo de precios cuidados representa \u201cun cap\u00edtulo del acuerdo con el FMI que est\u00e1 avanzado, pero a\u00fan no lo hemos podido cerrar\u201d, se \u00a0sincer\u00f3 Guzm\u00e1n. Su aspiraci\u00f3n, es poder enviarlo al Congreso \u201clo antes posible\u201d, pero evit\u00f3 mencionar las metas macroecon\u00f3micas que se est\u00e1n discutiendo con el staff del Fondo.<\/p>\n","protected":false},"excerpt":{"rendered":"<p>Este martes se reuni\u00f3 el ministro de Econom\u00eda, Mart\u00edn Guzm\u00e1n, junto a referentes del sector, con el objetivo de ultimar detalles para el nuevo acuerdo. El Gobierno estima tener cerrado el acuerdo de Precios Cuidados para el pr\u00f3ximo viernes, que incluir\u00e1 m\u00e1s de 1.300 productos de la canasta b\u00e1sica.\u00a0El acuerdo es voluntario, se contemplan revisiones [&hellip;]<\/p>\n","protected":false},"author":2,"featured_media":11951,"comment_status":"open","ping_status":"open","sticky":false,"template":"","format":"standard","meta":{"footnotes":""},"categories":[32],"tags":[],"class_list":["post-11950","post","type-post","status-publish","format-standard","has-post-thumbnail","hentry","category-economia"],"yoast_head":"<!-- This site is optimized with the Yoast SEO plugin v27.4 - https:\/\/yoast.com\/product\/yoast-seo-wordpress\/ -->\n<title>El viernes lanzar\u00e1n el nuevo acuerdo por Precios Cuidados | CVI NOTICIAS<\/title>\n<meta name=\"robots\" content=\"index, follow, max-snippet:-1, max-image-preview:large, max-video-preview:-1\" \/>\n<link rel=\"canonical\" href=\"https:\/\/cvinoticias.com\/v3\/el-viernes-lanzaran-el-nuevo-acuerdo-por-precios-cuidados\/\" \/>\n<meta property=\"og:locale\" content=\"es_ES\" \/>\n<meta property=\"og:type\" content=\"article\" \/>\n<meta property=\"og:title\" content=\"El viernes lanzar\u00e1n el nuevo acuerdo por Precios Cuidados | CVI NOTICIAS\" \/>\n<meta property=\"og:description\" content=\"Este martes se reuni\u00f3 el ministro de Econom\u00eda, Mart\u00edn Guzm\u00e1n, junto a referentes del sector, con el objetivo de ultimar detalles para el nuevo acuerdo. El Gobierno estima tener cerrado el acuerdo de Precios Cuidados para el pr\u00f3ximo viernes, que incluir\u00e1 m\u00e1s de 1.300 productos de la canasta b\u00e1sica.\u00a0El acuerdo es voluntario, se contemplan revisiones [&hellip;]\" \/>\n<meta property=\"og:url\" content=\"https:\/\/cvinoticias.com\/v3\/el-viernes-lanzaran-el-nuevo-acuerdo-por-precios-cuidados\/\" \/>\n<meta property=\"og:site_name\" content=\"CVI NOTICIAS\" \/>\n<meta property=\"article:publisher\" content=\"https:\/\/www.facebook.com\/cvinoticias\" \/>\n<meta property=\"article:published_time\" content=\"2022-01-05T04:53:51+00:00\" \/>\n<meta property=\"og:image\" content=\"https:\/\/cvinoticias.com\/wp-content\/uploads\/2022\/01\/Screenshot_20220105-015315_Facebook.jpg\" \/>\n\t<meta property=\"og:image:width\" content=\"928\" \/>\n\t<meta property=\"og:image:height\" content=\"523\" \/>\n\t<meta property=\"og:image:type\" content=\"image\/jpeg\" \/>\n<meta name=\"author\" content=\"f1000024\" \/>\n<meta name=\"twitter:card\" content=\"summary_large_image\" \/>\n<meta name=\"twitter:label1\" content=\"Escrito por\" \/>\n\t<meta name=\"twitter:data1\" content=\"f1000024\" \/>\n\t<meta name=\"twitter:label2\" content=\"Tiempo de lectura\" \/>\n\t<meta name=\"twitter:data2\" content=\"1 minuto\" \/>\n<script type=\"application\/ld+json\" class=\"yoast-schema-graph\">{\"@context\":\"https:\\\/\\\/schema.org\",\"@graph\":[{\"@type\":\"Article\",\"@id\":\"https:\\\/\\\/cvinoticias.com\\\/v3\\\/el-viernes-lanzaran-el-nuevo-acuerdo-por-precios-cuidados\\\/#article\",\"isPartOf\":{\"@id\":\"https:\\\/\\\/cvinoticias.com\\\/v3\\\/el-viernes-lanzaran-el-nuevo-acuerdo-por-precios-cuidados\\\/\"},\"author\":{\"name\":\"f1000024\",\"@id\":\"https:\\\/\\\/cvinoticias.com\\\/v3\\\/#\\\/schema\\\/person\\\/2db77e3c6bc03c538495d7b2b8be9b66\"},\"headline\":\"El viernes lanzar\u00e1n el nuevo acuerdo por Precios Cuidados\",\"datePublished\":\"2022-01-05T04:53:51+00:00\",\"mainEntityOfPage\":{\"@id\":\"https:\\\/\\\/cvinoticias.com\\\/v3\\\/el-viernes-lanzaran-el-nuevo-acuerdo-por-precios-cuidados\\\/\"},\"wordCount\":248,\"commentCount\":0,\"publisher\":{\"@id\":\"https:\\\/\\\/cvinoticias.com\\\/v3\\\/#organization\"},\"image\":{\"@id\":\"https:\\\/\\\/cvinoticias.com\\\/v3\\\/el-viernes-lanzaran-el-nuevo-acuerdo-por-precios-cuidados\\\/#primaryimage\"},\"thumbnailUrl\":\"https:\\\/\\\/cvinoticias.com\\\/wp-content\\\/uploads\\\/2022\\\/01\\\/Screenshot_20220105-015315_Facebook.jpg\",\"articleSection\":[\"Econom\u00eda\"],\"inLanguage\":\"es\",\"potentialAction\":[{\"@type\":\"CommentAction\",\"name\":\"Comment\",\"target\":[\"https:\\\/\\\/cvinoticias.com\\\/v3\\\/el-viernes-lanzaran-el-nuevo-acuerdo-por-precios-cuidados\\\/#respond\"]}]},{\"@type\":\"WebPage\",\"@id\":\"https:\\\/\\\/cvinoticias.com\\\/v3\\\/el-viernes-lanzaran-el-nuevo-acuerdo-por-precios-cuidados\\\/\",\"url\":\"https:\\\/\\\/cvinoticias.com\\\/v3\\\/el-viernes-lanzaran-el-nuevo-acuerdo-por-precios-cuidados\\\/\",\"name\":\"El viernes lanzar\u00e1n el nuevo acuerdo por Precios Cuidados | CVI NOTICIAS\",\"isPartOf\":{\"@id\":\"https:\\\/\\\/cvinoticias.com\\\/v3\\\/#website\"},\"primaryImageOfPage\":{\"@id\":\"https:\\\/\\\/cvinoticias.com\\\/v3\\\/el-viernes-lanzaran-el-nuevo-acuerdo-por-precios-cuidados\\\/#primaryimage\"},\"image\":{\"@id\":\"https:\\\/\\\/cvinoticias.com\\\/v3\\\/el-viernes-lanzaran-el-nuevo-acuerdo-por-precios-cuidados\\\/#primaryimage\"},\"thumbnailUrl\":\"https:\\\/\\\/cvinoticias.com\\\/wp-content\\\/uploads\\\/2022\\\/01\\\/Screenshot_20220105-015315_Facebook.jpg\",\"datePublished\":\"2022-01-05T04:53:51+00:00\",\"breadcrumb\":{\"@id\":\"https:\\\/\\\/cvinoticias.com\\\/v3\\\/el-viernes-lanzaran-el-nuevo-acuerdo-por-precios-cuidados\\\/#breadcrumb\"},\"inLanguage\":\"es\",\"potentialAction\":[{\"@type\":\"ReadAction\",\"target\":[\"https:\\\/\\\/cvinoticias.com\\\/v3\\\/el-viernes-lanzaran-el-nuevo-acuerdo-por-precios-cuidados\\\/\"]}]},{\"@type\":\"ImageObject\",\"inLanguage\":\"es\",\"@id\":\"https:\\\/\\\/cvinoticias.com\\\/v3\\\/el-viernes-lanzaran-el-nuevo-acuerdo-por-precios-cuidados\\\/#primaryimage\",\"url\":\"https:\\\/\\\/cvinoticias.com\\\/wp-content\\\/uploads\\\/2022\\\/01\\\/Screenshot_20220105-015315_Facebook.jpg\",\"contentUrl\":\"https:\\\/\\\/cvinoticias.com\\\/wp-content\\\/uploads\\\/2022\\\/01\\\/Screenshot_20220105-015315_Facebook.jpg\",\"width\":928,\"height\":523},{\"@type\":\"BreadcrumbList\",\"@id\":\"https:\\\/\\\/cvinoticias.com\\\/v3\\\/el-viernes-lanzaran-el-nuevo-acuerdo-por-precios-cuidados\\\/#breadcrumb\",\"itemListElement\":[{\"@type\":\"ListItem\",\"position\":1,\"name\":\"Portada\",\"item\":\"https:\\\/\\\/cvinoticias.com\\\/v3\\\/\"},{\"@type\":\"ListItem\",\"position\":2,\"name\":\"El viernes lanzar\u00e1n el nuevo acuerdo por Precios Cuidados\"}]},{\"@type\":\"WebSite\",\"@id\":\"https:\\\/\\\/cvinoticias.com\\\/v3\\\/#website\",\"url\":\"https:\\\/\\\/cvinoticias.com\\\/v3\\\/\",\"name\":\"CVI NOTICIAS\",\"description\":\"\",\"publisher\":{\"@id\":\"https:\\\/\\\/cvinoticias.com\\\/v3\\\/#organization\"},\"alternateName\":\"CVI\",\"potentialAction\":[{\"@type\":\"SearchAction\",\"target\":{\"@type\":\"EntryPoint\",\"urlTemplate\":\"https:\\\/\\\/cvinoticias.com\\\/v3\\\/?s={search_term_string}\"},\"query-input\":{\"@type\":\"PropertyValueSpecification\",\"valueRequired\":true,\"valueName\":\"search_term_string\"}}],\"inLanguage\":\"es\"},{\"@type\":\"Organization\",\"@id\":\"https:\\\/\\\/cvinoticias.com\\\/v3\\\/#organization\",\"name\":\"CVI NOTICIAS\",\"url\":\"https:\\\/\\\/cvinoticias.com\\\/v3\\\/\",\"logo\":{\"@type\":\"ImageObject\",\"inLanguage\":\"es\",\"@id\":\"https:\\\/\\\/cvinoticias.com\\\/v3\\\/#\\\/schema\\\/logo\\\/image\\\/\",\"url\":\"https:\\\/\\\/cvinoticias.com\\\/wp-content\\\/uploads\\\/2023\\\/04\\\/cropped-cropped-cropped-cropped-cropped-3-1.png\",\"contentUrl\":\"https:\\\/\\\/cvinoticias.com\\\/wp-content\\\/uploads\\\/2023\\\/04\\\/cropped-cropped-cropped-cropped-cropped-3-1.png\",\"width\":95,\"height\":122,\"caption\":\"CVI NOTICIAS\"},\"image\":{\"@id\":\"https:\\\/\\\/cvinoticias.com\\\/v3\\\/#\\\/schema\\\/logo\\\/image\\\/\"},\"sameAs\":[\"https:\\\/\\\/www.facebook.com\\\/cvinoticias\",\"https:\\\/\\\/www.instagram.com\\\/cvinoticias\\\/\",\"https:\\\/\\\/www.youtube.com\\\/@CVINOTICIAS\"]},{\"@type\":\"Person\",\"@id\":\"https:\\\/\\\/cvinoticias.com\\\/v3\\\/#\\\/schema\\\/person\\\/2db77e3c6bc03c538495d7b2b8be9b66\",\"name\":\"f1000024\",\"image\":{\"@type\":\"ImageObject\",\"inLanguage\":\"es\",\"@id\":\"https:\\\/\\\/secure.gravatar.com\\\/avatar\\\/d4fe7459cfc51ff5129ce1a732bbef5928568b8092d412ef95611616376bbeed?s=96&d=mm&r=g\",\"url\":\"https:\\\/\\\/secure.gravatar.com\\\/avatar\\\/d4fe7459cfc51ff5129ce1a732bbef5928568b8092d412ef95611616376bbeed?s=96&d=mm&r=g\",\"contentUrl\":\"https:\\\/\\\/secure.gravatar.com\\\/avatar\\\/d4fe7459cfc51ff5129ce1a732bbef5928568b8092d412ef95611616376bbeed?s=96&d=mm&r=g\",\"caption\":\"f1000024\"},\"url\":\"https:\\\/\\\/cvinoticias.com\\\/v3\\\/author\\\/f1000024\\\/\"}]}<\/script>\n<!-- \/ Yoast SEO plugin. -->","yoast_head_json":{"title":"El viernes lanzar\u00e1n el nuevo acuerdo por Precios Cuidados | CVI NOTICIAS","robots":{"index":"index","follow":"follow","max-snippet":"max-snippet:-1","max-image-preview":"max-image-preview:large","max-video-preview":"max-video-preview:-1"},"canonical":"https:\/\/cvinoticias.com\/v3\/el-viernes-lanzaran-el-nuevo-acuerdo-por-precios-cuidados\/","og_locale":"es_ES","og_type":"article","og_title":"El viernes lanzar\u00e1n el nuevo acuerdo por Precios Cuidados | CVI NOTICIAS","og_description":"Este martes se reuni\u00f3 el ministro de Econom\u00eda, Mart\u00edn Guzm\u00e1n, junto a referentes del sector, con el objetivo de ultimar detalles para el nuevo acuerdo. El Gobierno estima tener cerrado el acuerdo de Precios Cuidados para el pr\u00f3ximo viernes, que incluir\u00e1 m\u00e1s de 1.300 productos de la canasta b\u00e1sica.\u00a0El acuerdo es voluntario, se contemplan revisiones [&hellip;]","og_url":"https:\/\/cvinoticias.com\/v3\/el-viernes-lanzaran-el-nuevo-acuerdo-por-precios-cuidados\/","og_site_name":"CVI NOTICIAS","article_publisher":"https:\/\/www.facebook.com\/cvinoticias","article_published_time":"2022-01-05T04:53:51+00:00","og_image":[{"width":928,"height":523,"url":"https:\/\/cvinoticias.com\/wp-content\/uploads\/2022\/01\/Screenshot_20220105-015315_Facebook.jpg","type":"image\/jpeg"}],"author":"f1000024","twitter_card":"summary_large_image","twitter_misc":{"Escrito por":"f1000024","Tiempo de lectura":"1 minuto"},"schema":{"@context":"https:\/\/schema.org","@graph":[{"@type":"Article","@id":"https:\/\/cvinoticias.com\/v3\/el-viernes-lanzaran-el-nuevo-acuerdo-por-precios-cuidados\/#article","isPartOf":{"@id":"https:\/\/cvinoticias.com\/v3\/el-viernes-lanzaran-el-nuevo-acuerdo-por-precios-cuidados\/"},"author":{"name":"f1000024","@id":"https:\/\/cvinoticias.com\/v3\/#\/schema\/person\/2db77e3c6bc03c538495d7b2b8be9b66"},"headline":"El viernes lanzar\u00e1n el nuevo acuerdo por Precios Cuidados","datePublished":"2022-01-05T04:53:51+00:00","mainEntityOfPage":{"@id":"https:\/\/cvinoticias.com\/v3\/el-viernes-lanzaran-el-nuevo-acuerdo-por-precios-cuidados\/"},"wordCount":248,"commentCount":0,"publisher":{"@id":"https:\/\/cvinoticias.com\/v3\/#organization"},"image":{"@id":"https:\/\/cvinoticias.com\/v3\/el-viernes-lanzaran-el-nuevo-acuerdo-por-precios-cuidados\/#primaryimage"},"thumbnailUrl":"https:\/\/cvinoticias.com\/wp-content\/uploads\/2022\/01\/Screenshot_20220105-015315_Facebook.jpg","articleSection":["Econom\u00eda"],"inLanguage":"es","potentialAction":[{"@type":"CommentAction","name":"Comment","target":["https:\/\/cvinoticias.com\/v3\/el-viernes-lanzaran-el-nuevo-acuerdo-por-precios-cuidados\/#respond"]}]},{"@type":"WebPage","@id":"https:\/\/cvinoticias.com\/v3\/el-viernes-lanzaran-el-nuevo-acuerdo-por-precios-cuidados\/","url":"https:\/\/cvinoticias.com\/v3\/el-viernes-lanzaran-el-nuevo-acuerdo-por-precios-cuidados\/","name":"El viernes lanzar\u00e1n el nuevo acuerdo por Precios Cuidados | CVI NOTICIAS","isPartOf":{"@id":"https:\/\/cvinoticias.com\/v3\/#website"},"primaryImageOfPage":{"@id":"https:\/\/cvinoticias.com\/v3\/el-viernes-lanzaran-el-nuevo-acuerdo-por-precios-cuidados\/#primaryimage"},"image":{"@id":"https:\/\/cvinoticias.com\/v3\/el-viernes-lanzaran-el-nuevo-acuerdo-por-precios-cuidados\/#primaryimage"},"thumbnailUrl":"https:\/\/cvinoticias.com\/wp-content\/uploads\/2022\/01\/Screenshot_20220105-015315_Facebook.jpg","datePublished":"2022-01-05T04:53:51+00:00","breadcrumb":{"@id":"https:\/\/cvinoticias.com\/v3\/el-viernes-lanzaran-el-nuevo-acuerdo-por-precios-cuidados\/#breadcrumb"},"inLanguage":"es","potentialAction":[{"@type":"ReadAction","target":["https:\/\/cvinoticias.com\/v3\/el-viernes-lanzaran-el-nuevo-acuerdo-por-precios-cuidados\/"]}]},{"@type":"ImageObject","inLanguage":"es","@id":"https:\/\/cvinoticias.com\/v3\/el-viernes-lanzaran-el-nuevo-acuerdo-por-precios-cuidados\/#primaryimage","url":"https:\/\/cvinoticias.com\/wp-content\/uploads\/2022\/01\/Screenshot_20220105-015315_Facebook.jpg","contentUrl":"https:\/\/cvinoticias.com\/wp-content\/uploads\/2022\/01\/Screenshot_20220105-015315_Facebook.jpg","width":928,"height":523},{"@type":"BreadcrumbList","@id":"https:\/\/cvinoticias.com\/v3\/el-viernes-lanzaran-el-nuevo-acuerdo-por-precios-cuidados\/#breadcrumb","itemListElement":[{"@type":"ListItem","position":1,"name":"Portada","item":"https:\/\/cvinoticias.com\/v3\/"},{"@type":"ListItem","position":2,"name":"El viernes lanzar\u00e1n el nuevo acuerdo por Precios Cuidados"}]},{"@type":"WebSite","@id":"https:\/\/cvinoticias.com\/v3\/#website","url":"https:\/\/cvinoticias.com\/v3\/","name":"CVI NOTICIAS","description":"","publisher":{"@id":"https:\/\/cvinoticias.com\/v3\/#organization"},"alternateName":"CVI","potentialAction":[{"@type":"SearchAction","target":{"@type":"EntryPoint","urlTemplate":"https:\/\/cvinoticias.com\/v3\/?s={search_term_string}"},"query-input":{"@type":"PropertyValueSpecification","valueRequired":true,"valueName":"search_term_string"}}],"inLanguage":"es"},{"@type":"Organization","@id":"https:\/\/cvinoticias.com\/v3\/#organization","name":"CVI NOTICIAS","url":"https:\/\/cvinoticias.com\/v3\/","logo":{"@type":"ImageObject","inLanguage":"es","@id":"https:\/\/cvinoticias.com\/v3\/#\/schema\/logo\/image\/","url":"https:\/\/cvinoticias.com\/wp-content\/uploads\/2023\/04\/cropped-cropped-cropped-cropped-cropped-3-1.png","contentUrl":"https:\/\/cvinoticias.com\/wp-content\/uploads\/2023\/04\/cropped-cropped-cropped-cropped-cropped-3-1.png","width":95,"height":122,"caption":"CVI NOTICIAS"},"image":{"@id":"https:\/\/cvinoticias.com\/v3\/#\/schema\/logo\/image\/"},"sameAs":["https:\/\/www.facebook.com\/cvinoticias","https:\/\/www.instagram.com\/cvinoticias\/","https:\/\/www.youtube.com\/@CVINOTICIAS"]},{"@type":"Person","@id":"https:\/\/cvinoticias.com\/v3\/#\/schema\/person\/2db77e3c6bc03c538495d7b2b8be9b66","name":"f1000024","image":{"@type":"ImageObject","inLanguage":"es","@id":"https:\/\/secure.gravatar.com\/avatar\/d4fe7459cfc51ff5129ce1a732bbef5928568b8092d412ef95611616376bbeed?s=96&d=mm&r=g","url":"https:\/\/secure.gravatar.com\/avatar\/d4fe7459cfc51ff5129ce1a732bbef5928568b8092d412ef95611616376bbeed?s=96&d=mm&r=g","contentUrl":"https:\/\/secure.gravatar.com\/avatar\/d4fe7459cfc51ff5129ce1a732bbef5928568b8092d412ef95611616376bbeed?s=96&d=mm&r=g","caption":"f1000024"},"url":"https:\/\/cvinoticias.com\/v3\/author\/f1000024\/"}]}},"_links":{"self":[{"href":"https:\/\/cvinoticias.com\/v3\/wp-json\/wp\/v2\/posts\/11950","targetHints":{"allow":["GET"]}}],"collection":[{"href":"https:\/\/cvinoticias.com\/v3\/wp-json\/wp\/v2\/posts"}],"about":[{"href":"https:\/\/cvinoticias.com\/v3\/wp-json\/wp\/v2\/types\/post"}],"author":[{"embeddable":true,"href":"https:\/\/cvinoticias.com\/v3\/wp-json\/wp\/v2\/users\/2"}],"replies":[{"embeddable":true,"href":"https:\/\/cvinoticias.com\/v3\/wp-json\/wp\/v2\/comments?post=11950"}],"version-history":[{"count":1,"href":"https:\/\/cvinoticias.com\/v3\/wp-json\/wp\/v2\/posts\/11950\/revisions"}],"predecessor-version":[{"id":11952,"href":"https:\/\/cvinoticias.com\/v3\/wp-json\/wp\/v2\/posts\/11950\/revisions\/11952"}],"wp:featuredmedia":[{"embeddable":true,"href":"https:\/\/cvinoticias.com\/v3\/wp-json\/wp\/v2\/media\/11951"}],"wp:attachment":[{"href":"https:\/\/cvinoticias.com\/v3\/wp-json\/wp\/v2\/media?parent=11950"}],"wp:term":[{"taxonomy":"category","embeddable":true,"href":"https:\/\/cvinoticias.com\/v3\/wp-json\/wp\/v2\/categories?post=11950"},{"taxonomy":"post_tag","embeddable":true,"href":"https:\/\/cvinoticias.com\/v3\/wp-json\/wp\/v2\/tags?post=11950"}],"curies":[{"name":"wp","href":"https:\/\/api.w.org\/{rel}","templated":true}]}}