{"id":11946,"date":"2022-01-05T00:23:58","date_gmt":"2022-01-05T00:23:58","guid":{"rendered":"https:\/\/cvinoticias.com\/v3\/?p=11946"},"modified":"2022-01-05T00:25:50","modified_gmt":"2022-01-05T00:25:50","slug":"rio-de-janeiro-cancela-el-carnaval-callejero-por-la-pandemia","status":"publish","type":"post","link":"https:\/\/cvinoticias.com\/v3\/rio-de-janeiro-cancela-el-carnaval-callejero-por-la-pandemia\/","title":{"rendered":"R\u00edo de Janeiro cancela el carnaval callejero por la pandemia"},"content":{"rendered":"\n<p><strong><em>La ciudad brasile\u00f1a de R\u00edo de Janeiro cancel\u00f3 hoy el\u00a0carnaval\u00a0callejero debido a que es \u00abinviable\u00bb en el marco actual de la pandemia de\u00a0Covid-19\u00a0y de un brote de influenza que golpe a varias regiones del pa\u00eds, anunci\u00f3 hoy el intendente de la ciudad maravillosa, Eduardo Paes<\/em><\/strong>.<\/p>\n\n\n\n<p>\u00abNos comunicamos con la liga de las comparsas callejeras frente a todo este escenario del \u00e1rea sanitaria y les inform\u00e9 sobre lo inviable que era el carnaval callejero por segundo a\u00f1o consecutivo\u00bb, dijo Paes durante una transmisi\u00f3n en vivo por las redes sociales.<\/p>\n\n\n\n<p>El tradicional desfile de carnaval en el Samb\u00f3dromo Marqu\u00e9s de Sapuca\u00ed a\u00fan no fue cancelado y, seg\u00fan el intendente, tiene una organizaci\u00f3n diferente en la cual por el momento se puede pensar en aplicar protocolos sanitarios.<\/p>\n\n\n\n<p>Paes explic\u00f3 que la decisi\u00f3n de cancelar el carnaval callejero, que vuelca durante un mes a m\u00e1s de 12 millones de personas a las calles cariocas, se debi\u00f3 a la presi\u00f3n de los patrocinadores, que deb\u00edan desembolsar esta semana unos 40 millones de reales (8 millones de d\u00f3lares) para desarrollar el megaevento.<\/p>\n\n\n\n<p>Las comparsas callejeras estaban divididas por la participaci\u00f3n en la fiesta popular, sobre todo la popular Banda de Ipanema, que arrastra dos millones de personas y cuyos integrantes y m\u00fasicos se hab\u00edan negado a desfilar en medio de la multitud.<\/p>\n\n\n\n<p>As\u00ed como R\u00edo de Janeiro, han suspendido el carnaval dos gigantes de la celebraci\u00f3n m\u00e1s popular del pa\u00eds: las ciudades de Salvador (Bah\u00eda) y Fortaleza (Cear\u00e1).<\/p>\n\n\n\n<p>En San Pablo, la municipalidad a\u00fan no defini\u00f3 si realizar\u00e1 el carnaval callejero, decisi\u00f3n que est\u00e1 en manos de un comit\u00e9 cient\u00edfico.<\/p>\n\n\n\n<p>As\u00ed como R\u00edo, San Pablo mantiene la programaci\u00f3n para el samb\u00f3dromo, que tendr\u00eda los protocolos similares a los partidos de f\u00fatbol.<\/p>\n\n\n\n<p><a href=\"https:\/\/www.ambito.com\/mundo\/palestina\/israel-acordo-la-liberacion-un-preso-palestino-huelga-hambre-hace-5-meses-n5346594\/amp\"><\/a><\/p>\n","protected":false},"excerpt":{"rendered":"<p>La ciudad brasile\u00f1a de R\u00edo de Janeiro cancel\u00f3 hoy el\u00a0carnaval\u00a0callejero debido a que es \u00abinviable\u00bb en el marco actual de la pandemia de\u00a0Covid-19\u00a0y de un brote de influenza que golpe a varias regiones del pa\u00eds, anunci\u00f3 hoy el intendente de la ciudad maravillosa, Eduardo Paes. \u00abNos comunicamos con la liga de las comparsas callejeras frente [&hellip;]<\/p>\n","protected":false},"author":2,"featured_media":11947,"comment_status":"open","ping_status":"open","sticky":false,"template":"","format":"standard","meta":{"footnotes":""},"categories":[36],"tags":[],"class_list":["post-11946","post","type-post","status-publish","format-standard","has-post-thumbnail","hentry","category-internacionales"],"yoast_head":"<!-- This site is optimized with the Yoast SEO plugin v27.4 - https:\/\/yoast.com\/product\/yoast-seo-wordpress\/ -->\n<title>R\u00edo de Janeiro cancela el carnaval callejero por la pandemia | CVI NOTICIAS<\/title>\n<meta name=\"robots\" content=\"index, follow, max-snippet:-1, max-image-preview:large, max-video-preview:-1\" \/>\n<link rel=\"canonical\" href=\"https:\/\/cvinoticias.com\/v3\/rio-de-janeiro-cancela-el-carnaval-callejero-por-la-pandemia\/\" \/>\n<meta property=\"og:locale\" content=\"es_ES\" \/>\n<meta property=\"og:type\" content=\"article\" \/>\n<meta property=\"og:title\" content=\"R\u00edo de Janeiro cancela el carnaval callejero por la pandemia | CVI NOTICIAS\" \/>\n<meta property=\"og:description\" content=\"La ciudad brasile\u00f1a de R\u00edo de Janeiro cancel\u00f3 hoy el\u00a0carnaval\u00a0callejero debido a que es \u00abinviable\u00bb en el marco actual de la pandemia de\u00a0Covid-19\u00a0y de un brote de influenza que golpe a varias regiones del pa\u00eds, anunci\u00f3 hoy el intendente de la ciudad maravillosa, Eduardo Paes. \u00abNos comunicamos con la liga de las comparsas callejeras frente [&hellip;]\" \/>\n<meta property=\"og:url\" content=\"https:\/\/cvinoticias.com\/v3\/rio-de-janeiro-cancela-el-carnaval-callejero-por-la-pandemia\/\" \/>\n<meta property=\"og:site_name\" content=\"CVI NOTICIAS\" \/>\n<meta property=\"article:publisher\" content=\"https:\/\/www.facebook.com\/cvinoticias\" \/>\n<meta property=\"article:published_time\" content=\"2022-01-05T00:23:58+00:00\" \/>\n<meta property=\"article:modified_time\" content=\"2022-01-05T00:25:50+00:00\" \/>\n<meta property=\"og:image\" content=\"https:\/\/cvinoticias.com\/wp-content\/uploads\/2022\/01\/16413414715524-scaled.jpg\" \/>\n\t<meta property=\"og:image:width\" content=\"2560\" \/>\n\t<meta property=\"og:image:height\" content=\"1785\" \/>\n\t<meta property=\"og:image:type\" content=\"image\/jpeg\" \/>\n<meta name=\"author\" content=\"f1000024\" \/>\n<meta name=\"twitter:card\" content=\"summary_large_image\" \/>\n<meta name=\"twitter:label1\" content=\"Escrito por\" \/>\n\t<meta name=\"twitter:data1\" content=\"f1000024\" \/>\n\t<meta name=\"twitter:label2\" content=\"Tiempo de lectura\" \/>\n\t<meta name=\"twitter:data2\" content=\"2 minutos\" \/>\n<script type=\"application\/ld+json\" class=\"yoast-schema-graph\">{\"@context\":\"https:\\\/\\\/schema.org\",\"@graph\":[{\"@type\":\"Article\",\"@id\":\"https:\\\/\\\/cvinoticias.com\\\/v3\\\/rio-de-janeiro-cancela-el-carnaval-callejero-por-la-pandemia\\\/#article\",\"isPartOf\":{\"@id\":\"https:\\\/\\\/cvinoticias.com\\\/v3\\\/rio-de-janeiro-cancela-el-carnaval-callejero-por-la-pandemia\\\/\"},\"author\":{\"name\":\"f1000024\",\"@id\":\"https:\\\/\\\/cvinoticias.com\\\/v3\\\/#\\\/schema\\\/person\\\/2db77e3c6bc03c538495d7b2b8be9b66\"},\"headline\":\"R\u00edo de Janeiro cancela el carnaval callejero por la pandemia\",\"datePublished\":\"2022-01-05T00:23:58+00:00\",\"dateModified\":\"2022-01-05T00:25:50+00:00\",\"mainEntityOfPage\":{\"@id\":\"https:\\\/\\\/cvinoticias.com\\\/v3\\\/rio-de-janeiro-cancela-el-carnaval-callejero-por-la-pandemia\\\/\"},\"wordCount\":328,\"commentCount\":0,\"publisher\":{\"@id\":\"https:\\\/\\\/cvinoticias.com\\\/v3\\\/#organization\"},\"image\":{\"@id\":\"https:\\\/\\\/cvinoticias.com\\\/v3\\\/rio-de-janeiro-cancela-el-carnaval-callejero-por-la-pandemia\\\/#primaryimage\"},\"thumbnailUrl\":\"https:\\\/\\\/cvinoticias.com\\\/wp-content\\\/uploads\\\/2022\\\/01\\\/16413414715524-scaled.jpg\",\"articleSection\":[\"Internacionales\"],\"inLanguage\":\"es\",\"potentialAction\":[{\"@type\":\"CommentAction\",\"name\":\"Comment\",\"target\":[\"https:\\\/\\\/cvinoticias.com\\\/v3\\\/rio-de-janeiro-cancela-el-carnaval-callejero-por-la-pandemia\\\/#respond\"]}]},{\"@type\":\"WebPage\",\"@id\":\"https:\\\/\\\/cvinoticias.com\\\/v3\\\/rio-de-janeiro-cancela-el-carnaval-callejero-por-la-pandemia\\\/\",\"url\":\"https:\\\/\\\/cvinoticias.com\\\/v3\\\/rio-de-janeiro-cancela-el-carnaval-callejero-por-la-pandemia\\\/\",\"name\":\"R\u00edo de Janeiro cancela el carnaval callejero por la pandemia | CVI NOTICIAS\",\"isPartOf\":{\"@id\":\"https:\\\/\\\/cvinoticias.com\\\/v3\\\/#website\"},\"primaryImageOfPage\":{\"@id\":\"https:\\\/\\\/cvinoticias.com\\\/v3\\\/rio-de-janeiro-cancela-el-carnaval-callejero-por-la-pandemia\\\/#primaryimage\"},\"image\":{\"@id\":\"https:\\\/\\\/cvinoticias.com\\\/v3\\\/rio-de-janeiro-cancela-el-carnaval-callejero-por-la-pandemia\\\/#primaryimage\"},\"thumbnailUrl\":\"https:\\\/\\\/cvinoticias.com\\\/wp-content\\\/uploads\\\/2022\\\/01\\\/16413414715524-scaled.jpg\",\"datePublished\":\"2022-01-05T00:23:58+00:00\",\"dateModified\":\"2022-01-05T00:25:50+00:00\",\"breadcrumb\":{\"@id\":\"https:\\\/\\\/cvinoticias.com\\\/v3\\\/rio-de-janeiro-cancela-el-carnaval-callejero-por-la-pandemia\\\/#breadcrumb\"},\"inLanguage\":\"es\",\"potentialAction\":[{\"@type\":\"ReadAction\",\"target\":[\"https:\\\/\\\/cvinoticias.com\\\/v3\\\/rio-de-janeiro-cancela-el-carnaval-callejero-por-la-pandemia\\\/\"]}]},{\"@type\":\"ImageObject\",\"inLanguage\":\"es\",\"@id\":\"https:\\\/\\\/cvinoticias.com\\\/v3\\\/rio-de-janeiro-cancela-el-carnaval-callejero-por-la-pandemia\\\/#primaryimage\",\"url\":\"https:\\\/\\\/cvinoticias.com\\\/wp-content\\\/uploads\\\/2022\\\/01\\\/16413414715524-scaled.jpg\",\"contentUrl\":\"https:\\\/\\\/cvinoticias.com\\\/wp-content\\\/uploads\\\/2022\\\/01\\\/16413414715524-scaled.jpg\",\"width\":2560,\"height\":1785},{\"@type\":\"BreadcrumbList\",\"@id\":\"https:\\\/\\\/cvinoticias.com\\\/v3\\\/rio-de-janeiro-cancela-el-carnaval-callejero-por-la-pandemia\\\/#breadcrumb\",\"itemListElement\":[{\"@type\":\"ListItem\",\"position\":1,\"name\":\"Portada\",\"item\":\"https:\\\/\\\/cvinoticias.com\\\/v3\\\/\"},{\"@type\":\"ListItem\",\"position\":2,\"name\":\"R\u00edo de Janeiro cancela el carnaval callejero por la pandemia\"}]},{\"@type\":\"WebSite\",\"@id\":\"https:\\\/\\\/cvinoticias.com\\\/v3\\\/#website\",\"url\":\"https:\\\/\\\/cvinoticias.com\\\/v3\\\/\",\"name\":\"CVI NOTICIAS\",\"description\":\"\",\"publisher\":{\"@id\":\"https:\\\/\\\/cvinoticias.com\\\/v3\\\/#organization\"},\"alternateName\":\"CVI\",\"potentialAction\":[{\"@type\":\"SearchAction\",\"target\":{\"@type\":\"EntryPoint\",\"urlTemplate\":\"https:\\\/\\\/cvinoticias.com\\\/v3\\\/?s={search_term_string}\"},\"query-input\":{\"@type\":\"PropertyValueSpecification\",\"valueRequired\":true,\"valueName\":\"search_term_string\"}}],\"inLanguage\":\"es\"},{\"@type\":\"Organization\",\"@id\":\"https:\\\/\\\/cvinoticias.com\\\/v3\\\/#organization\",\"name\":\"CVI NOTICIAS\",\"url\":\"https:\\\/\\\/cvinoticias.com\\\/v3\\\/\",\"logo\":{\"@type\":\"ImageObject\",\"inLanguage\":\"es\",\"@id\":\"https:\\\/\\\/cvinoticias.com\\\/v3\\\/#\\\/schema\\\/logo\\\/image\\\/\",\"url\":\"https:\\\/\\\/cvinoticias.com\\\/wp-content\\\/uploads\\\/2023\\\/04\\\/cropped-cropped-cropped-cropped-cropped-3-1.png\",\"contentUrl\":\"https:\\\/\\\/cvinoticias.com\\\/wp-content\\\/uploads\\\/2023\\\/04\\\/cropped-cropped-cropped-cropped-cropped-3-1.png\",\"width\":95,\"height\":122,\"caption\":\"CVI NOTICIAS\"},\"image\":{\"@id\":\"https:\\\/\\\/cvinoticias.com\\\/v3\\\/#\\\/schema\\\/logo\\\/image\\\/\"},\"sameAs\":[\"https:\\\/\\\/www.facebook.com\\\/cvinoticias\",\"https:\\\/\\\/www.instagram.com\\\/cvinoticias\\\/\",\"https:\\\/\\\/www.youtube.com\\\/@CVINOTICIAS\"]},{\"@type\":\"Person\",\"@id\":\"https:\\\/\\\/cvinoticias.com\\\/v3\\\/#\\\/schema\\\/person\\\/2db77e3c6bc03c538495d7b2b8be9b66\",\"name\":\"f1000024\",\"image\":{\"@type\":\"ImageObject\",\"inLanguage\":\"es\",\"@id\":\"https:\\\/\\\/secure.gravatar.com\\\/avatar\\\/d4fe7459cfc51ff5129ce1a732bbef5928568b8092d412ef95611616376bbeed?s=96&d=mm&r=g\",\"url\":\"https:\\\/\\\/secure.gravatar.com\\\/avatar\\\/d4fe7459cfc51ff5129ce1a732bbef5928568b8092d412ef95611616376bbeed?s=96&d=mm&r=g\",\"contentUrl\":\"https:\\\/\\\/secure.gravatar.com\\\/avatar\\\/d4fe7459cfc51ff5129ce1a732bbef5928568b8092d412ef95611616376bbeed?s=96&d=mm&r=g\",\"caption\":\"f1000024\"},\"url\":\"https:\\\/\\\/cvinoticias.com\\\/v3\\\/author\\\/f1000024\\\/\"}]}<\/script>\n<!-- \/ Yoast SEO plugin. -->","yoast_head_json":{"title":"R\u00edo de Janeiro cancela el carnaval callejero por la pandemia | CVI NOTICIAS","robots":{"index":"index","follow":"follow","max-snippet":"max-snippet:-1","max-image-preview":"max-image-preview:large","max-video-preview":"max-video-preview:-1"},"canonical":"https:\/\/cvinoticias.com\/v3\/rio-de-janeiro-cancela-el-carnaval-callejero-por-la-pandemia\/","og_locale":"es_ES","og_type":"article","og_title":"R\u00edo de Janeiro cancela el carnaval callejero por la pandemia | CVI NOTICIAS","og_description":"La ciudad brasile\u00f1a de R\u00edo de Janeiro cancel\u00f3 hoy el\u00a0carnaval\u00a0callejero debido a que es \u00abinviable\u00bb en el marco actual de la pandemia de\u00a0Covid-19\u00a0y de un brote de influenza que golpe a varias regiones del pa\u00eds, anunci\u00f3 hoy el intendente de la ciudad maravillosa, Eduardo Paes. \u00abNos comunicamos con la liga de las comparsas callejeras frente [&hellip;]","og_url":"https:\/\/cvinoticias.com\/v3\/rio-de-janeiro-cancela-el-carnaval-callejero-por-la-pandemia\/","og_site_name":"CVI NOTICIAS","article_publisher":"https:\/\/www.facebook.com\/cvinoticias","article_published_time":"2022-01-05T00:23:58+00:00","article_modified_time":"2022-01-05T00:25:50+00:00","og_image":[{"width":2560,"height":1785,"url":"https:\/\/cvinoticias.com\/wp-content\/uploads\/2022\/01\/16413414715524-scaled.jpg","type":"image\/jpeg"}],"author":"f1000024","twitter_card":"summary_large_image","twitter_misc":{"Escrito por":"f1000024","Tiempo de lectura":"2 minutos"},"schema":{"@context":"https:\/\/schema.org","@graph":[{"@type":"Article","@id":"https:\/\/cvinoticias.com\/v3\/rio-de-janeiro-cancela-el-carnaval-callejero-por-la-pandemia\/#article","isPartOf":{"@id":"https:\/\/cvinoticias.com\/v3\/rio-de-janeiro-cancela-el-carnaval-callejero-por-la-pandemia\/"},"author":{"name":"f1000024","@id":"https:\/\/cvinoticias.com\/v3\/#\/schema\/person\/2db77e3c6bc03c538495d7b2b8be9b66"},"headline":"R\u00edo de Janeiro cancela el carnaval callejero por la pandemia","datePublished":"2022-01-05T00:23:58+00:00","dateModified":"2022-01-05T00:25:50+00:00","mainEntityOfPage":{"@id":"https:\/\/cvinoticias.com\/v3\/rio-de-janeiro-cancela-el-carnaval-callejero-por-la-pandemia\/"},"wordCount":328,"commentCount":0,"publisher":{"@id":"https:\/\/cvinoticias.com\/v3\/#organization"},"image":{"@id":"https:\/\/cvinoticias.com\/v3\/rio-de-janeiro-cancela-el-carnaval-callejero-por-la-pandemia\/#primaryimage"},"thumbnailUrl":"https:\/\/cvinoticias.com\/wp-content\/uploads\/2022\/01\/16413414715524-scaled.jpg","articleSection":["Internacionales"],"inLanguage":"es","potentialAction":[{"@type":"CommentAction","name":"Comment","target":["https:\/\/cvinoticias.com\/v3\/rio-de-janeiro-cancela-el-carnaval-callejero-por-la-pandemia\/#respond"]}]},{"@type":"WebPage","@id":"https:\/\/cvinoticias.com\/v3\/rio-de-janeiro-cancela-el-carnaval-callejero-por-la-pandemia\/","url":"https:\/\/cvinoticias.com\/v3\/rio-de-janeiro-cancela-el-carnaval-callejero-por-la-pandemia\/","name":"R\u00edo de Janeiro cancela el carnaval callejero por la pandemia | CVI NOTICIAS","isPartOf":{"@id":"https:\/\/cvinoticias.com\/v3\/#website"},"primaryImageOfPage":{"@id":"https:\/\/cvinoticias.com\/v3\/rio-de-janeiro-cancela-el-carnaval-callejero-por-la-pandemia\/#primaryimage"},"image":{"@id":"https:\/\/cvinoticias.com\/v3\/rio-de-janeiro-cancela-el-carnaval-callejero-por-la-pandemia\/#primaryimage"},"thumbnailUrl":"https:\/\/cvinoticias.com\/wp-content\/uploads\/2022\/01\/16413414715524-scaled.jpg","datePublished":"2022-01-05T00:23:58+00:00","dateModified":"2022-01-05T00:25:50+00:00","breadcrumb":{"@id":"https:\/\/cvinoticias.com\/v3\/rio-de-janeiro-cancela-el-carnaval-callejero-por-la-pandemia\/#breadcrumb"},"inLanguage":"es","potentialAction":[{"@type":"ReadAction","target":["https:\/\/cvinoticias.com\/v3\/rio-de-janeiro-cancela-el-carnaval-callejero-por-la-pandemia\/"]}]},{"@type":"ImageObject","inLanguage":"es","@id":"https:\/\/cvinoticias.com\/v3\/rio-de-janeiro-cancela-el-carnaval-callejero-por-la-pandemia\/#primaryimage","url":"https:\/\/cvinoticias.com\/wp-content\/uploads\/2022\/01\/16413414715524-scaled.jpg","contentUrl":"https:\/\/cvinoticias.com\/wp-content\/uploads\/2022\/01\/16413414715524-scaled.jpg","width":2560,"height":1785},{"@type":"BreadcrumbList","@id":"https:\/\/cvinoticias.com\/v3\/rio-de-janeiro-cancela-el-carnaval-callejero-por-la-pandemia\/#breadcrumb","itemListElement":[{"@type":"ListItem","position":1,"name":"Portada","item":"https:\/\/cvinoticias.com\/v3\/"},{"@type":"ListItem","position":2,"name":"R\u00edo de Janeiro cancela el carnaval callejero por la pandemia"}]},{"@type":"WebSite","@id":"https:\/\/cvinoticias.com\/v3\/#website","url":"https:\/\/cvinoticias.com\/v3\/","name":"CVI NOTICIAS","description":"","publisher":{"@id":"https:\/\/cvinoticias.com\/v3\/#organization"},"alternateName":"CVI","potentialAction":[{"@type":"SearchAction","target":{"@type":"EntryPoint","urlTemplate":"https:\/\/cvinoticias.com\/v3\/?s={search_term_string}"},"query-input":{"@type":"PropertyValueSpecification","valueRequired":true,"valueName":"search_term_string"}}],"inLanguage":"es"},{"@type":"Organization","@id":"https:\/\/cvinoticias.com\/v3\/#organization","name":"CVI NOTICIAS","url":"https:\/\/cvinoticias.com\/v3\/","logo":{"@type":"ImageObject","inLanguage":"es","@id":"https:\/\/cvinoticias.com\/v3\/#\/schema\/logo\/image\/","url":"https:\/\/cvinoticias.com\/wp-content\/uploads\/2023\/04\/cropped-cropped-cropped-cropped-cropped-3-1.png","contentUrl":"https:\/\/cvinoticias.com\/wp-content\/uploads\/2023\/04\/cropped-cropped-cropped-cropped-cropped-3-1.png","width":95,"height":122,"caption":"CVI NOTICIAS"},"image":{"@id":"https:\/\/cvinoticias.com\/v3\/#\/schema\/logo\/image\/"},"sameAs":["https:\/\/www.facebook.com\/cvinoticias","https:\/\/www.instagram.com\/cvinoticias\/","https:\/\/www.youtube.com\/@CVINOTICIAS"]},{"@type":"Person","@id":"https:\/\/cvinoticias.com\/v3\/#\/schema\/person\/2db77e3c6bc03c538495d7b2b8be9b66","name":"f1000024","image":{"@type":"ImageObject","inLanguage":"es","@id":"https:\/\/secure.gravatar.com\/avatar\/d4fe7459cfc51ff5129ce1a732bbef5928568b8092d412ef95611616376bbeed?s=96&d=mm&r=g","url":"https:\/\/secure.gravatar.com\/avatar\/d4fe7459cfc51ff5129ce1a732bbef5928568b8092d412ef95611616376bbeed?s=96&d=mm&r=g","contentUrl":"https:\/\/secure.gravatar.com\/avatar\/d4fe7459cfc51ff5129ce1a732bbef5928568b8092d412ef95611616376bbeed?s=96&d=mm&r=g","caption":"f1000024"},"url":"https:\/\/cvinoticias.com\/v3\/author\/f1000024\/"}]}},"_links":{"self":[{"href":"https:\/\/cvinoticias.com\/v3\/wp-json\/wp\/v2\/posts\/11946","targetHints":{"allow":["GET"]}}],"collection":[{"href":"https:\/\/cvinoticias.com\/v3\/wp-json\/wp\/v2\/posts"}],"about":[{"href":"https:\/\/cvinoticias.com\/v3\/wp-json\/wp\/v2\/types\/post"}],"author":[{"embeddable":true,"href":"https:\/\/cvinoticias.com\/v3\/wp-json\/wp\/v2\/users\/2"}],"replies":[{"embeddable":true,"href":"https:\/\/cvinoticias.com\/v3\/wp-json\/wp\/v2\/comments?post=11946"}],"version-history":[{"count":2,"href":"https:\/\/cvinoticias.com\/v3\/wp-json\/wp\/v2\/posts\/11946\/revisions"}],"predecessor-version":[{"id":11949,"href":"https:\/\/cvinoticias.com\/v3\/wp-json\/wp\/v2\/posts\/11946\/revisions\/11949"}],"wp:featuredmedia":[{"embeddable":true,"href":"https:\/\/cvinoticias.com\/v3\/wp-json\/wp\/v2\/media\/11947"}],"wp:attachment":[{"href":"https:\/\/cvinoticias.com\/v3\/wp-json\/wp\/v2\/media?parent=11946"}],"wp:term":[{"taxonomy":"category","embeddable":true,"href":"https:\/\/cvinoticias.com\/v3\/wp-json\/wp\/v2\/categories?post=11946"},{"taxonomy":"post_tag","embeddable":true,"href":"https:\/\/cvinoticias.com\/v3\/wp-json\/wp\/v2\/tags?post=11946"}],"curies":[{"name":"wp","href":"https:\/\/api.w.org\/{rel}","templated":true}]}}