{"id":11943,"date":"2022-01-05T00:13:29","date_gmt":"2022-01-05T00:13:29","guid":{"rendered":"https:\/\/cvinoticias.com\/v3\/?p=11943"},"modified":"2022-01-05T00:13:29","modified_gmt":"2022-01-05T00:13:29","slug":"el-garrahan-debio-abrir-otra-sala-para-chicos-con-covid-19","status":"publish","type":"post","link":"https:\/\/cvinoticias.com\/v3\/el-garrahan-debio-abrir-otra-sala-para-chicos-con-covid-19\/","title":{"rendered":"El Garrahan debi\u00f3 abrir otra sala para chicos con covid-19"},"content":{"rendered":"\n<p><strong><em>Los internados pasaron de 15 a 55 en 2 semanas. La mayor\u00eda tiene enfermedades preexistentes y en muchos casos no cuentan con la vacunaci\u00f3n completa<\/em><\/strong>.<\/p>\n\n\n\n<p>En plena tercera ola de contagios de COVID-19, todav\u00eda se desconoce si la Argentina alcanz\u00f3 un pico m\u00e1ximo de la curva. En este contexto,\u00a0<strong>el aumento de la positividad comenz\u00f3 a reflejarse en las internaciones pedi\u00e1tricas.<\/strong><\/p>\n\n\n\n<p><strong>El Hospital Garrahan tuvo que abrir recientemente una nueva sala para alojar pacientes con coronavirus por la suba de los \u00faltimos 15 d\u00edas: pasaron de 15 a 55 las camas ocupadas.<\/strong><\/p>\n\n\n\n<p>La mayor\u00eda de los chicos internados tienen enfermedades de base, y muchos no cuentan con el esquema completo de vacunaci\u00f3n.<\/p>\n\n\n\n<p>Oscar Trotta, m\u00e9dico pediatra y miembro del Consejo de Administraci\u00f3n del Hospital Garrahan, reflej\u00f3 con n\u00fameros una preocupaci\u00f3n que se mantiene latente entre las autoridades sanitarias. En su cuenta de Twitter, detall\u00f3 este martes que en solo un lapso de dos semanas, las camas ocupadas por pacientes con coronavirus, se triplicaron.<\/p>\n\n\n\n<p>\u201cOtra vez estamos abriendo una tercera sala de internaci\u00f3n para pacientes COVID\u201d, escribi\u00f3. \u201cPasamos de 15 internados el 20\/12 a 55 menores en el d\u00eda de hoy. Es indispensable seguir vacunando y manteniendo las medidas de cuidado\u201d, pidi\u00f3.<\/p>\n\n\n\n<p>En ese marco,\u00a0Trotta confirm\u00f3 que creci\u00f3 la demanda por guardia de chicos que llegan con fiebre y s\u00edntomas, y tambi\u00e9n la necesidad de internaciones.<\/p>\n\n\n\n<p>\u201cEl 10% est\u00e1n por debajo de los 3 a\u00f1os, que no entran en rango de vacunaci\u00f3n.\u00a0Del resto,\u00a0un 60% no est\u00e1 vacunado o tiene una sola dosis\u201d, detall\u00f3.\u00a0En este punto, agreg\u00f3 que en muchas ocasiones las familias tienen complicaciones para llevarlos a completar el esquema.<\/p>\n\n\n\n<p>\u201cLos dem\u00e1s pacientes tienen ambas aplicaciones pero enfermedades de base graves como oncol\u00f3gicas o neurol\u00f3gicas y deben estar monitoreados\u201d, dijo.<\/p>\n\n\n\n<p>Al igual que se refleja en los n\u00fameros que a diario informa el Ministerio de Salud, el m\u00e9dico del Garrahan indic\u00f3 que tanto la mortalidad como el desarrollo de casos graves se mantienen en un nivel bajo. \u201cEl virus no genera un colapso a nivel respiratorio, como sucede con los adultos. Es una caracter\u00edstica que tiene el COVID en pediatr\u00eda. Pero requieren internaci\u00f3n\u201d, aclar\u00f3.<\/p>\n\n\n\n<p>Sin embargo, desde el hospital hicieron especial hincapi\u00e9, adem\u00e1s de continuar y reforzar la vacunaci\u00f3n, en sostener los cuidados b\u00e1sicos de prevenci\u00f3n: la ventilaci\u00f3n de ambientes, el uso de tapabocas, la distancia social y la higienizaci\u00f3n de manos.<\/p>\n\n\n\n<p>\u201cLas vacunas, al igual que con las otras enfermedades, no evitan que te contagies, es una confusi\u00f3n que se ve en la sociedad. Evita la forma grave de la enfermedad\u201d, insisti\u00f3.<\/p>\n\n\n\n<h3 class=\"wp-block-heading\">SUBI\u00d3 LA TASA DE POSITIVIDAD EN MENORES<\/h3>\n\n\n\n<p>En esta l\u00ednea, Trotta detall\u00f3 que no solo en el Garrahan se refleja la suba de contagios producto de la tercera ola, provocada principalmente por la variante Delta de coronavirus y por la expansi\u00f3n de \u00d3micron.<\/p>\n\n\n\n<p>De acuerdo con los datos de los hospitales pedi\u00e1tricos del sistema p\u00fablico de la Ciudad de Buenos Aires, la tasa de positividad en pacientes de 0 a 16 a\u00f1os, pas\u00f3 de 3,3% al 20%. \u201cDe cada 100 que se testeaban, solo 3 daban positivo. Ahora, de cada 100, 20 est\u00e1n contagiados\u201d, indic\u00f3.<\/p>\n","protected":false},"excerpt":{"rendered":"<p>Los internados pasaron de 15 a 55 en 2 semanas. La mayor\u00eda tiene enfermedades preexistentes y en muchos casos no cuentan con la vacunaci\u00f3n completa. En plena tercera ola de contagios de COVID-19, todav\u00eda se desconoce si la Argentina alcanz\u00f3 un pico m\u00e1ximo de la curva. En este contexto,\u00a0el aumento de la positividad comenz\u00f3 a [&hellip;]<\/p>\n","protected":false},"author":2,"featured_media":11944,"comment_status":"open","ping_status":"open","sticky":false,"template":"","format":"standard","meta":{"footnotes":""},"categories":[23,39],"tags":[],"class_list":["post-11943","post","type-post","status-publish","format-standard","has-post-thumbnail","hentry","category-covid-19","category-nacionales"],"yoast_head":"<!-- This site is optimized with the Yoast SEO plugin v27.4 - https:\/\/yoast.com\/product\/yoast-seo-wordpress\/ -->\n<title>El Garrahan debi\u00f3 abrir otra sala para chicos con covid-19 | CVI NOTICIAS<\/title>\n<meta name=\"robots\" content=\"index, follow, max-snippet:-1, max-image-preview:large, max-video-preview:-1\" \/>\n<link rel=\"canonical\" href=\"https:\/\/cvinoticias.com\/v3\/el-garrahan-debio-abrir-otra-sala-para-chicos-con-covid-19\/\" \/>\n<meta property=\"og:locale\" content=\"es_ES\" \/>\n<meta property=\"og:type\" content=\"article\" \/>\n<meta property=\"og:title\" content=\"El Garrahan debi\u00f3 abrir otra sala para chicos con covid-19 | CVI NOTICIAS\" \/>\n<meta property=\"og:description\" content=\"Los internados pasaron de 15 a 55 en 2 semanas. La mayor\u00eda tiene enfermedades preexistentes y en muchos casos no cuentan con la vacunaci\u00f3n completa. En plena tercera ola de contagios de COVID-19, todav\u00eda se desconoce si la Argentina alcanz\u00f3 un pico m\u00e1ximo de la curva. En este contexto,\u00a0el aumento de la positividad comenz\u00f3 a [&hellip;]\" \/>\n<meta property=\"og:url\" content=\"https:\/\/cvinoticias.com\/v3\/el-garrahan-debio-abrir-otra-sala-para-chicos-con-covid-19\/\" \/>\n<meta property=\"og:site_name\" content=\"CVI NOTICIAS\" \/>\n<meta property=\"article:publisher\" content=\"https:\/\/www.facebook.com\/cvinoticias\" \/>\n<meta property=\"article:published_time\" content=\"2022-01-05T00:13:29+00:00\" \/>\n<meta property=\"og:image\" content=\"https:\/\/cvinoticias.com\/wp-content\/uploads\/2022\/01\/Screenshot_20220104-211229_Facebook.jpg\" \/>\n\t<meta property=\"og:image:width\" content=\"1080\" \/>\n\t<meta property=\"og:image:height\" content=\"606\" \/>\n\t<meta property=\"og:image:type\" content=\"image\/jpeg\" \/>\n<meta name=\"author\" content=\"f1000024\" \/>\n<meta name=\"twitter:card\" content=\"summary_large_image\" \/>\n<meta name=\"twitter:label1\" content=\"Escrito por\" \/>\n\t<meta name=\"twitter:data1\" content=\"f1000024\" \/>\n\t<meta name=\"twitter:label2\" content=\"Tiempo de lectura\" \/>\n\t<meta name=\"twitter:data2\" content=\"3 minutos\" \/>\n<script type=\"application\/ld+json\" class=\"yoast-schema-graph\">{\"@context\":\"https:\\\/\\\/schema.org\",\"@graph\":[{\"@type\":\"Article\",\"@id\":\"https:\\\/\\\/cvinoticias.com\\\/v3\\\/el-garrahan-debio-abrir-otra-sala-para-chicos-con-covid-19\\\/#article\",\"isPartOf\":{\"@id\":\"https:\\\/\\\/cvinoticias.com\\\/v3\\\/el-garrahan-debio-abrir-otra-sala-para-chicos-con-covid-19\\\/\"},\"author\":{\"name\":\"f1000024\",\"@id\":\"https:\\\/\\\/cvinoticias.com\\\/v3\\\/#\\\/schema\\\/person\\\/2db77e3c6bc03c538495d7b2b8be9b66\"},\"headline\":\"El Garrahan debi\u00f3 abrir otra sala para chicos con covid-19\",\"datePublished\":\"2022-01-05T00:13:29+00:00\",\"mainEntityOfPage\":{\"@id\":\"https:\\\/\\\/cvinoticias.com\\\/v3\\\/el-garrahan-debio-abrir-otra-sala-para-chicos-con-covid-19\\\/\"},\"wordCount\":551,\"commentCount\":0,\"publisher\":{\"@id\":\"https:\\\/\\\/cvinoticias.com\\\/v3\\\/#organization\"},\"image\":{\"@id\":\"https:\\\/\\\/cvinoticias.com\\\/v3\\\/el-garrahan-debio-abrir-otra-sala-para-chicos-con-covid-19\\\/#primaryimage\"},\"thumbnailUrl\":\"https:\\\/\\\/cvinoticias.com\\\/wp-content\\\/uploads\\\/2022\\\/01\\\/Screenshot_20220104-211229_Facebook.jpg\",\"articleSection\":[\"Covid-19\",\"Nacionales\"],\"inLanguage\":\"es\",\"potentialAction\":[{\"@type\":\"CommentAction\",\"name\":\"Comment\",\"target\":[\"https:\\\/\\\/cvinoticias.com\\\/v3\\\/el-garrahan-debio-abrir-otra-sala-para-chicos-con-covid-19\\\/#respond\"]}]},{\"@type\":\"WebPage\",\"@id\":\"https:\\\/\\\/cvinoticias.com\\\/v3\\\/el-garrahan-debio-abrir-otra-sala-para-chicos-con-covid-19\\\/\",\"url\":\"https:\\\/\\\/cvinoticias.com\\\/v3\\\/el-garrahan-debio-abrir-otra-sala-para-chicos-con-covid-19\\\/\",\"name\":\"El Garrahan debi\u00f3 abrir otra sala para chicos con covid-19 | CVI NOTICIAS\",\"isPartOf\":{\"@id\":\"https:\\\/\\\/cvinoticias.com\\\/v3\\\/#website\"},\"primaryImageOfPage\":{\"@id\":\"https:\\\/\\\/cvinoticias.com\\\/v3\\\/el-garrahan-debio-abrir-otra-sala-para-chicos-con-covid-19\\\/#primaryimage\"},\"image\":{\"@id\":\"https:\\\/\\\/cvinoticias.com\\\/v3\\\/el-garrahan-debio-abrir-otra-sala-para-chicos-con-covid-19\\\/#primaryimage\"},\"thumbnailUrl\":\"https:\\\/\\\/cvinoticias.com\\\/wp-content\\\/uploads\\\/2022\\\/01\\\/Screenshot_20220104-211229_Facebook.jpg\",\"datePublished\":\"2022-01-05T00:13:29+00:00\",\"breadcrumb\":{\"@id\":\"https:\\\/\\\/cvinoticias.com\\\/v3\\\/el-garrahan-debio-abrir-otra-sala-para-chicos-con-covid-19\\\/#breadcrumb\"},\"inLanguage\":\"es\",\"potentialAction\":[{\"@type\":\"ReadAction\",\"target\":[\"https:\\\/\\\/cvinoticias.com\\\/v3\\\/el-garrahan-debio-abrir-otra-sala-para-chicos-con-covid-19\\\/\"]}]},{\"@type\":\"ImageObject\",\"inLanguage\":\"es\",\"@id\":\"https:\\\/\\\/cvinoticias.com\\\/v3\\\/el-garrahan-debio-abrir-otra-sala-para-chicos-con-covid-19\\\/#primaryimage\",\"url\":\"https:\\\/\\\/cvinoticias.com\\\/wp-content\\\/uploads\\\/2022\\\/01\\\/Screenshot_20220104-211229_Facebook.jpg\",\"contentUrl\":\"https:\\\/\\\/cvinoticias.com\\\/wp-content\\\/uploads\\\/2022\\\/01\\\/Screenshot_20220104-211229_Facebook.jpg\",\"width\":1080,\"height\":606},{\"@type\":\"BreadcrumbList\",\"@id\":\"https:\\\/\\\/cvinoticias.com\\\/v3\\\/el-garrahan-debio-abrir-otra-sala-para-chicos-con-covid-19\\\/#breadcrumb\",\"itemListElement\":[{\"@type\":\"ListItem\",\"position\":1,\"name\":\"Portada\",\"item\":\"https:\\\/\\\/cvinoticias.com\\\/v3\\\/\"},{\"@type\":\"ListItem\",\"position\":2,\"name\":\"El Garrahan debi\u00f3 abrir otra sala para chicos con covid-19\"}]},{\"@type\":\"WebSite\",\"@id\":\"https:\\\/\\\/cvinoticias.com\\\/v3\\\/#website\",\"url\":\"https:\\\/\\\/cvinoticias.com\\\/v3\\\/\",\"name\":\"CVI NOTICIAS\",\"description\":\"\",\"publisher\":{\"@id\":\"https:\\\/\\\/cvinoticias.com\\\/v3\\\/#organization\"},\"alternateName\":\"CVI\",\"potentialAction\":[{\"@type\":\"SearchAction\",\"target\":{\"@type\":\"EntryPoint\",\"urlTemplate\":\"https:\\\/\\\/cvinoticias.com\\\/v3\\\/?s={search_term_string}\"},\"query-input\":{\"@type\":\"PropertyValueSpecification\",\"valueRequired\":true,\"valueName\":\"search_term_string\"}}],\"inLanguage\":\"es\"},{\"@type\":\"Organization\",\"@id\":\"https:\\\/\\\/cvinoticias.com\\\/v3\\\/#organization\",\"name\":\"CVI NOTICIAS\",\"url\":\"https:\\\/\\\/cvinoticias.com\\\/v3\\\/\",\"logo\":{\"@type\":\"ImageObject\",\"inLanguage\":\"es\",\"@id\":\"https:\\\/\\\/cvinoticias.com\\\/v3\\\/#\\\/schema\\\/logo\\\/image\\\/\",\"url\":\"https:\\\/\\\/cvinoticias.com\\\/wp-content\\\/uploads\\\/2023\\\/04\\\/cropped-cropped-cropped-cropped-cropped-3-1.png\",\"contentUrl\":\"https:\\\/\\\/cvinoticias.com\\\/wp-content\\\/uploads\\\/2023\\\/04\\\/cropped-cropped-cropped-cropped-cropped-3-1.png\",\"width\":95,\"height\":122,\"caption\":\"CVI NOTICIAS\"},\"image\":{\"@id\":\"https:\\\/\\\/cvinoticias.com\\\/v3\\\/#\\\/schema\\\/logo\\\/image\\\/\"},\"sameAs\":[\"https:\\\/\\\/www.facebook.com\\\/cvinoticias\",\"https:\\\/\\\/www.instagram.com\\\/cvinoticias\\\/\",\"https:\\\/\\\/www.youtube.com\\\/@CVINOTICIAS\"]},{\"@type\":\"Person\",\"@id\":\"https:\\\/\\\/cvinoticias.com\\\/v3\\\/#\\\/schema\\\/person\\\/2db77e3c6bc03c538495d7b2b8be9b66\",\"name\":\"f1000024\",\"image\":{\"@type\":\"ImageObject\",\"inLanguage\":\"es\",\"@id\":\"https:\\\/\\\/secure.gravatar.com\\\/avatar\\\/d4fe7459cfc51ff5129ce1a732bbef5928568b8092d412ef95611616376bbeed?s=96&d=mm&r=g\",\"url\":\"https:\\\/\\\/secure.gravatar.com\\\/avatar\\\/d4fe7459cfc51ff5129ce1a732bbef5928568b8092d412ef95611616376bbeed?s=96&d=mm&r=g\",\"contentUrl\":\"https:\\\/\\\/secure.gravatar.com\\\/avatar\\\/d4fe7459cfc51ff5129ce1a732bbef5928568b8092d412ef95611616376bbeed?s=96&d=mm&r=g\",\"caption\":\"f1000024\"},\"url\":\"https:\\\/\\\/cvinoticias.com\\\/v3\\\/author\\\/f1000024\\\/\"}]}<\/script>\n<!-- \/ Yoast SEO plugin. -->","yoast_head_json":{"title":"El Garrahan debi\u00f3 abrir otra sala para chicos con covid-19 | CVI NOTICIAS","robots":{"index":"index","follow":"follow","max-snippet":"max-snippet:-1","max-image-preview":"max-image-preview:large","max-video-preview":"max-video-preview:-1"},"canonical":"https:\/\/cvinoticias.com\/v3\/el-garrahan-debio-abrir-otra-sala-para-chicos-con-covid-19\/","og_locale":"es_ES","og_type":"article","og_title":"El Garrahan debi\u00f3 abrir otra sala para chicos con covid-19 | CVI NOTICIAS","og_description":"Los internados pasaron de 15 a 55 en 2 semanas. La mayor\u00eda tiene enfermedades preexistentes y en muchos casos no cuentan con la vacunaci\u00f3n completa. En plena tercera ola de contagios de COVID-19, todav\u00eda se desconoce si la Argentina alcanz\u00f3 un pico m\u00e1ximo de la curva. En este contexto,\u00a0el aumento de la positividad comenz\u00f3 a [&hellip;]","og_url":"https:\/\/cvinoticias.com\/v3\/el-garrahan-debio-abrir-otra-sala-para-chicos-con-covid-19\/","og_site_name":"CVI NOTICIAS","article_publisher":"https:\/\/www.facebook.com\/cvinoticias","article_published_time":"2022-01-05T00:13:29+00:00","og_image":[{"width":1080,"height":606,"url":"https:\/\/cvinoticias.com\/wp-content\/uploads\/2022\/01\/Screenshot_20220104-211229_Facebook.jpg","type":"image\/jpeg"}],"author":"f1000024","twitter_card":"summary_large_image","twitter_misc":{"Escrito por":"f1000024","Tiempo de lectura":"3 minutos"},"schema":{"@context":"https:\/\/schema.org","@graph":[{"@type":"Article","@id":"https:\/\/cvinoticias.com\/v3\/el-garrahan-debio-abrir-otra-sala-para-chicos-con-covid-19\/#article","isPartOf":{"@id":"https:\/\/cvinoticias.com\/v3\/el-garrahan-debio-abrir-otra-sala-para-chicos-con-covid-19\/"},"author":{"name":"f1000024","@id":"https:\/\/cvinoticias.com\/v3\/#\/schema\/person\/2db77e3c6bc03c538495d7b2b8be9b66"},"headline":"El Garrahan debi\u00f3 abrir otra sala para chicos con covid-19","datePublished":"2022-01-05T00:13:29+00:00","mainEntityOfPage":{"@id":"https:\/\/cvinoticias.com\/v3\/el-garrahan-debio-abrir-otra-sala-para-chicos-con-covid-19\/"},"wordCount":551,"commentCount":0,"publisher":{"@id":"https:\/\/cvinoticias.com\/v3\/#organization"},"image":{"@id":"https:\/\/cvinoticias.com\/v3\/el-garrahan-debio-abrir-otra-sala-para-chicos-con-covid-19\/#primaryimage"},"thumbnailUrl":"https:\/\/cvinoticias.com\/wp-content\/uploads\/2022\/01\/Screenshot_20220104-211229_Facebook.jpg","articleSection":["Covid-19","Nacionales"],"inLanguage":"es","potentialAction":[{"@type":"CommentAction","name":"Comment","target":["https:\/\/cvinoticias.com\/v3\/el-garrahan-debio-abrir-otra-sala-para-chicos-con-covid-19\/#respond"]}]},{"@type":"WebPage","@id":"https:\/\/cvinoticias.com\/v3\/el-garrahan-debio-abrir-otra-sala-para-chicos-con-covid-19\/","url":"https:\/\/cvinoticias.com\/v3\/el-garrahan-debio-abrir-otra-sala-para-chicos-con-covid-19\/","name":"El Garrahan debi\u00f3 abrir otra sala para chicos con covid-19 | CVI NOTICIAS","isPartOf":{"@id":"https:\/\/cvinoticias.com\/v3\/#website"},"primaryImageOfPage":{"@id":"https:\/\/cvinoticias.com\/v3\/el-garrahan-debio-abrir-otra-sala-para-chicos-con-covid-19\/#primaryimage"},"image":{"@id":"https:\/\/cvinoticias.com\/v3\/el-garrahan-debio-abrir-otra-sala-para-chicos-con-covid-19\/#primaryimage"},"thumbnailUrl":"https:\/\/cvinoticias.com\/wp-content\/uploads\/2022\/01\/Screenshot_20220104-211229_Facebook.jpg","datePublished":"2022-01-05T00:13:29+00:00","breadcrumb":{"@id":"https:\/\/cvinoticias.com\/v3\/el-garrahan-debio-abrir-otra-sala-para-chicos-con-covid-19\/#breadcrumb"},"inLanguage":"es","potentialAction":[{"@type":"ReadAction","target":["https:\/\/cvinoticias.com\/v3\/el-garrahan-debio-abrir-otra-sala-para-chicos-con-covid-19\/"]}]},{"@type":"ImageObject","inLanguage":"es","@id":"https:\/\/cvinoticias.com\/v3\/el-garrahan-debio-abrir-otra-sala-para-chicos-con-covid-19\/#primaryimage","url":"https:\/\/cvinoticias.com\/wp-content\/uploads\/2022\/01\/Screenshot_20220104-211229_Facebook.jpg","contentUrl":"https:\/\/cvinoticias.com\/wp-content\/uploads\/2022\/01\/Screenshot_20220104-211229_Facebook.jpg","width":1080,"height":606},{"@type":"BreadcrumbList","@id":"https:\/\/cvinoticias.com\/v3\/el-garrahan-debio-abrir-otra-sala-para-chicos-con-covid-19\/#breadcrumb","itemListElement":[{"@type":"ListItem","position":1,"name":"Portada","item":"https:\/\/cvinoticias.com\/v3\/"},{"@type":"ListItem","position":2,"name":"El Garrahan debi\u00f3 abrir otra sala para chicos con covid-19"}]},{"@type":"WebSite","@id":"https:\/\/cvinoticias.com\/v3\/#website","url":"https:\/\/cvinoticias.com\/v3\/","name":"CVI NOTICIAS","description":"","publisher":{"@id":"https:\/\/cvinoticias.com\/v3\/#organization"},"alternateName":"CVI","potentialAction":[{"@type":"SearchAction","target":{"@type":"EntryPoint","urlTemplate":"https:\/\/cvinoticias.com\/v3\/?s={search_term_string}"},"query-input":{"@type":"PropertyValueSpecification","valueRequired":true,"valueName":"search_term_string"}}],"inLanguage":"es"},{"@type":"Organization","@id":"https:\/\/cvinoticias.com\/v3\/#organization","name":"CVI NOTICIAS","url":"https:\/\/cvinoticias.com\/v3\/","logo":{"@type":"ImageObject","inLanguage":"es","@id":"https:\/\/cvinoticias.com\/v3\/#\/schema\/logo\/image\/","url":"https:\/\/cvinoticias.com\/wp-content\/uploads\/2023\/04\/cropped-cropped-cropped-cropped-cropped-3-1.png","contentUrl":"https:\/\/cvinoticias.com\/wp-content\/uploads\/2023\/04\/cropped-cropped-cropped-cropped-cropped-3-1.png","width":95,"height":122,"caption":"CVI NOTICIAS"},"image":{"@id":"https:\/\/cvinoticias.com\/v3\/#\/schema\/logo\/image\/"},"sameAs":["https:\/\/www.facebook.com\/cvinoticias","https:\/\/www.instagram.com\/cvinoticias\/","https:\/\/www.youtube.com\/@CVINOTICIAS"]},{"@type":"Person","@id":"https:\/\/cvinoticias.com\/v3\/#\/schema\/person\/2db77e3c6bc03c538495d7b2b8be9b66","name":"f1000024","image":{"@type":"ImageObject","inLanguage":"es","@id":"https:\/\/secure.gravatar.com\/avatar\/d4fe7459cfc51ff5129ce1a732bbef5928568b8092d412ef95611616376bbeed?s=96&d=mm&r=g","url":"https:\/\/secure.gravatar.com\/avatar\/d4fe7459cfc51ff5129ce1a732bbef5928568b8092d412ef95611616376bbeed?s=96&d=mm&r=g","contentUrl":"https:\/\/secure.gravatar.com\/avatar\/d4fe7459cfc51ff5129ce1a732bbef5928568b8092d412ef95611616376bbeed?s=96&d=mm&r=g","caption":"f1000024"},"url":"https:\/\/cvinoticias.com\/v3\/author\/f1000024\/"}]}},"_links":{"self":[{"href":"https:\/\/cvinoticias.com\/v3\/wp-json\/wp\/v2\/posts\/11943","targetHints":{"allow":["GET"]}}],"collection":[{"href":"https:\/\/cvinoticias.com\/v3\/wp-json\/wp\/v2\/posts"}],"about":[{"href":"https:\/\/cvinoticias.com\/v3\/wp-json\/wp\/v2\/types\/post"}],"author":[{"embeddable":true,"href":"https:\/\/cvinoticias.com\/v3\/wp-json\/wp\/v2\/users\/2"}],"replies":[{"embeddable":true,"href":"https:\/\/cvinoticias.com\/v3\/wp-json\/wp\/v2\/comments?post=11943"}],"version-history":[{"count":1,"href":"https:\/\/cvinoticias.com\/v3\/wp-json\/wp\/v2\/posts\/11943\/revisions"}],"predecessor-version":[{"id":11945,"href":"https:\/\/cvinoticias.com\/v3\/wp-json\/wp\/v2\/posts\/11943\/revisions\/11945"}],"wp:featuredmedia":[{"embeddable":true,"href":"https:\/\/cvinoticias.com\/v3\/wp-json\/wp\/v2\/media\/11944"}],"wp:attachment":[{"href":"https:\/\/cvinoticias.com\/v3\/wp-json\/wp\/v2\/media?parent=11943"}],"wp:term":[{"taxonomy":"category","embeddable":true,"href":"https:\/\/cvinoticias.com\/v3\/wp-json\/wp\/v2\/categories?post=11943"},{"taxonomy":"post_tag","embeddable":true,"href":"https:\/\/cvinoticias.com\/v3\/wp-json\/wp\/v2\/tags?post=11943"}],"curies":[{"name":"wp","href":"https:\/\/api.w.org\/{rel}","templated":true}]}}