{"id":11928,"date":"2022-01-04T18:09:17","date_gmt":"2022-01-04T18:09:17","guid":{"rendered":"https:\/\/cvinoticias.com\/v3\/?p=11928"},"modified":"2022-01-04T18:13:54","modified_gmt":"2022-01-04T18:13:54","slug":"vizzotti-confirmo-la-circulacion-comunitaria-de-la-variante-omicron","status":"publish","type":"post","link":"https:\/\/cvinoticias.com\/v3\/vizzotti-confirmo-la-circulacion-comunitaria-de-la-variante-omicron\/","title":{"rendered":"Vizzotti confirm\u00f3 la circulaci\u00f3n comunitaria de la variante \u00d3micron"},"content":{"rendered":"\n<p><em><strong>La jefa de Gabinete del Ministerio de Salud de la Naci\u00f3n, CarlaVizzotti, confirm\u00f3 la circulaci\u00f3n comunitaria de la variante \u00d3micron en la Argentina. \u201cEsper\u00e1bamos esta suba de casos\u201d, dijo la funcionaria en di\u00e1logo con un medio radial nacional <\/strong><\/em><\/p>\n\n\n\n<p>El anuncio se da en medio del pico de casos en el pa\u00eds producto de la tercera ola de COVID-19. Seg\u00fan el \u00faltimo informe epidemiol\u00f3gico, difundido este lunes, se registraron 44.396 nuevos casos y 41 muertos en 24 horas.<\/p>\n\n\n\n<p>La funcionaria explic\u00f3 los problemas que trae la nueva variante de coronavirus: \u201cLa circulaci\u00f3n de \u00d3micron vino a complicar todo esto, porque tenemos jurisdicciones donde hay circulaci\u00f3n comunitaria de \u00d3micron que est\u00e1n conviviendo con otras donde est\u00e1 predominando la variante Delta, que son la mayor\u00eda (de casos)\u201d.<ins><\/ins><\/p>\n\n\n\n<p>\u201cNo podemos hacer pron\u00f3sticos porque no tenemos evidencia. Tenemos que evitar los casos graves y las muertes\u201d, dijo Vizzotti. <\/p>\n","protected":false},"excerpt":{"rendered":"<p>La jefa de Gabinete del Ministerio de Salud de la Naci\u00f3n, CarlaVizzotti, confirm\u00f3 la circulaci\u00f3n comunitaria de la variante \u00d3micron en la Argentina. \u201cEsper\u00e1bamos esta suba de casos\u201d, dijo la funcionaria en di\u00e1logo con un medio radial nacional El anuncio se da en medio del pico de casos en el pa\u00eds producto de la tercera [&hellip;]<\/p>\n","protected":false},"author":2,"featured_media":11929,"comment_status":"open","ping_status":"open","sticky":false,"template":"","format":"standard","meta":{"footnotes":""},"categories":[39],"tags":[],"class_list":["post-11928","post","type-post","status-publish","format-standard","has-post-thumbnail","hentry","category-nacionales"],"yoast_head":"<!-- This site is optimized with the Yoast SEO plugin v27.5 - https:\/\/yoast.com\/product\/yoast-seo-wordpress\/ -->\n<title>Vizzotti confirm\u00f3 la circulaci\u00f3n comunitaria de la variante \u00d3micron | CVI NOTICIAS<\/title>\n<meta name=\"robots\" content=\"index, follow, max-snippet:-1, max-image-preview:large, max-video-preview:-1\" \/>\n<link rel=\"canonical\" href=\"https:\/\/cvinoticias.com\/v3\/vizzotti-confirmo-la-circulacion-comunitaria-de-la-variante-omicron\/\" \/>\n<meta property=\"og:locale\" content=\"es_ES\" \/>\n<meta property=\"og:type\" content=\"article\" \/>\n<meta property=\"og:title\" content=\"Vizzotti confirm\u00f3 la circulaci\u00f3n comunitaria de la variante \u00d3micron | CVI NOTICIAS\" \/>\n<meta property=\"og:description\" content=\"La jefa de Gabinete del Ministerio de Salud de la Naci\u00f3n, CarlaVizzotti, confirm\u00f3 la circulaci\u00f3n comunitaria de la variante \u00d3micron en la Argentina. \u201cEsper\u00e1bamos esta suba de casos\u201d, dijo la funcionaria en di\u00e1logo con un medio radial nacional El anuncio se da en medio del pico de casos en el pa\u00eds producto de la tercera [&hellip;]\" \/>\n<meta property=\"og:url\" content=\"https:\/\/cvinoticias.com\/v3\/vizzotti-confirmo-la-circulacion-comunitaria-de-la-variante-omicron\/\" \/>\n<meta property=\"og:site_name\" content=\"CVI NOTICIAS\" \/>\n<meta property=\"article:publisher\" content=\"https:\/\/www.facebook.com\/cvinoticias\" \/>\n<meta property=\"article:published_time\" content=\"2022-01-04T18:09:17+00:00\" \/>\n<meta property=\"article:modified_time\" content=\"2022-01-04T18:13:54+00:00\" \/>\n<meta property=\"og:image\" content=\"https:\/\/cvinoticias.com\/wp-content\/uploads\/2022\/01\/images-8.jpeg\" \/>\n\t<meta property=\"og:image:width\" content=\"299\" \/>\n\t<meta property=\"og:image:height\" content=\"168\" \/>\n\t<meta property=\"og:image:type\" content=\"image\/jpeg\" \/>\n<meta name=\"author\" content=\"f1000024\" \/>\n<meta name=\"twitter:card\" content=\"summary_large_image\" \/>\n<meta name=\"twitter:label1\" content=\"Escrito por\" \/>\n\t<meta name=\"twitter:data1\" content=\"f1000024\" \/>\n\t<meta name=\"twitter:label2\" content=\"Tiempo de lectura\" \/>\n\t<meta name=\"twitter:data2\" content=\"1 minuto\" \/>\n<script type=\"application\/ld+json\" class=\"yoast-schema-graph\">{\"@context\":\"https:\\\/\\\/schema.org\",\"@graph\":[{\"@type\":\"Article\",\"@id\":\"https:\\\/\\\/cvinoticias.com\\\/v3\\\/vizzotti-confirmo-la-circulacion-comunitaria-de-la-variante-omicron\\\/#article\",\"isPartOf\":{\"@id\":\"https:\\\/\\\/cvinoticias.com\\\/v3\\\/vizzotti-confirmo-la-circulacion-comunitaria-de-la-variante-omicron\\\/\"},\"author\":{\"name\":\"f1000024\",\"@id\":\"https:\\\/\\\/cvinoticias.com\\\/v3\\\/#\\\/schema\\\/person\\\/2db77e3c6bc03c538495d7b2b8be9b66\"},\"headline\":\"Vizzotti confirm\u00f3 la circulaci\u00f3n comunitaria de la variante \u00d3micron\",\"datePublished\":\"2022-01-04T18:09:17+00:00\",\"dateModified\":\"2022-01-04T18:13:54+00:00\",\"mainEntityOfPage\":{\"@id\":\"https:\\\/\\\/cvinoticias.com\\\/v3\\\/vizzotti-confirmo-la-circulacion-comunitaria-de-la-variante-omicron\\\/\"},\"wordCount\":162,\"commentCount\":0,\"publisher\":{\"@id\":\"https:\\\/\\\/cvinoticias.com\\\/v3\\\/#organization\"},\"image\":{\"@id\":\"https:\\\/\\\/cvinoticias.com\\\/v3\\\/vizzotti-confirmo-la-circulacion-comunitaria-de-la-variante-omicron\\\/#primaryimage\"},\"thumbnailUrl\":\"https:\\\/\\\/cvinoticias.com\\\/wp-content\\\/uploads\\\/2022\\\/01\\\/images-8.jpeg\",\"articleSection\":[\"Nacionales\"],\"inLanguage\":\"es\",\"potentialAction\":[{\"@type\":\"CommentAction\",\"name\":\"Comment\",\"target\":[\"https:\\\/\\\/cvinoticias.com\\\/v3\\\/vizzotti-confirmo-la-circulacion-comunitaria-de-la-variante-omicron\\\/#respond\"]}]},{\"@type\":\"WebPage\",\"@id\":\"https:\\\/\\\/cvinoticias.com\\\/v3\\\/vizzotti-confirmo-la-circulacion-comunitaria-de-la-variante-omicron\\\/\",\"url\":\"https:\\\/\\\/cvinoticias.com\\\/v3\\\/vizzotti-confirmo-la-circulacion-comunitaria-de-la-variante-omicron\\\/\",\"name\":\"Vizzotti confirm\u00f3 la circulaci\u00f3n comunitaria de la variante \u00d3micron | CVI NOTICIAS\",\"isPartOf\":{\"@id\":\"https:\\\/\\\/cvinoticias.com\\\/v3\\\/#website\"},\"primaryImageOfPage\":{\"@id\":\"https:\\\/\\\/cvinoticias.com\\\/v3\\\/vizzotti-confirmo-la-circulacion-comunitaria-de-la-variante-omicron\\\/#primaryimage\"},\"image\":{\"@id\":\"https:\\\/\\\/cvinoticias.com\\\/v3\\\/vizzotti-confirmo-la-circulacion-comunitaria-de-la-variante-omicron\\\/#primaryimage\"},\"thumbnailUrl\":\"https:\\\/\\\/cvinoticias.com\\\/wp-content\\\/uploads\\\/2022\\\/01\\\/images-8.jpeg\",\"datePublished\":\"2022-01-04T18:09:17+00:00\",\"dateModified\":\"2022-01-04T18:13:54+00:00\",\"breadcrumb\":{\"@id\":\"https:\\\/\\\/cvinoticias.com\\\/v3\\\/vizzotti-confirmo-la-circulacion-comunitaria-de-la-variante-omicron\\\/#breadcrumb\"},\"inLanguage\":\"es\",\"potentialAction\":[{\"@type\":\"ReadAction\",\"target\":[\"https:\\\/\\\/cvinoticias.com\\\/v3\\\/vizzotti-confirmo-la-circulacion-comunitaria-de-la-variante-omicron\\\/\"]}]},{\"@type\":\"ImageObject\",\"inLanguage\":\"es\",\"@id\":\"https:\\\/\\\/cvinoticias.com\\\/v3\\\/vizzotti-confirmo-la-circulacion-comunitaria-de-la-variante-omicron\\\/#primaryimage\",\"url\":\"https:\\\/\\\/cvinoticias.com\\\/wp-content\\\/uploads\\\/2022\\\/01\\\/images-8.jpeg\",\"contentUrl\":\"https:\\\/\\\/cvinoticias.com\\\/wp-content\\\/uploads\\\/2022\\\/01\\\/images-8.jpeg\",\"width\":299,\"height\":168},{\"@type\":\"BreadcrumbList\",\"@id\":\"https:\\\/\\\/cvinoticias.com\\\/v3\\\/vizzotti-confirmo-la-circulacion-comunitaria-de-la-variante-omicron\\\/#breadcrumb\",\"itemListElement\":[{\"@type\":\"ListItem\",\"position\":1,\"name\":\"Portada\",\"item\":\"https:\\\/\\\/cvinoticias.com\\\/v3\\\/\"},{\"@type\":\"ListItem\",\"position\":2,\"name\":\"Vizzotti confirm\u00f3 la circulaci\u00f3n comunitaria de la variante \u00d3micron\"}]},{\"@type\":\"WebSite\",\"@id\":\"https:\\\/\\\/cvinoticias.com\\\/v3\\\/#website\",\"url\":\"https:\\\/\\\/cvinoticias.com\\\/v3\\\/\",\"name\":\"CVI NOTICIAS\",\"description\":\"\",\"publisher\":{\"@id\":\"https:\\\/\\\/cvinoticias.com\\\/v3\\\/#organization\"},\"alternateName\":\"CVI\",\"potentialAction\":[{\"@type\":\"SearchAction\",\"target\":{\"@type\":\"EntryPoint\",\"urlTemplate\":\"https:\\\/\\\/cvinoticias.com\\\/v3\\\/?s={search_term_string}\"},\"query-input\":{\"@type\":\"PropertyValueSpecification\",\"valueRequired\":true,\"valueName\":\"search_term_string\"}}],\"inLanguage\":\"es\"},{\"@type\":\"Organization\",\"@id\":\"https:\\\/\\\/cvinoticias.com\\\/v3\\\/#organization\",\"name\":\"CVI NOTICIAS\",\"url\":\"https:\\\/\\\/cvinoticias.com\\\/v3\\\/\",\"logo\":{\"@type\":\"ImageObject\",\"inLanguage\":\"es\",\"@id\":\"https:\\\/\\\/cvinoticias.com\\\/v3\\\/#\\\/schema\\\/logo\\\/image\\\/\",\"url\":\"https:\\\/\\\/cvinoticias.com\\\/wp-content\\\/uploads\\\/2023\\\/04\\\/cropped-cropped-cropped-cropped-cropped-3-1.png\",\"contentUrl\":\"https:\\\/\\\/cvinoticias.com\\\/wp-content\\\/uploads\\\/2023\\\/04\\\/cropped-cropped-cropped-cropped-cropped-3-1.png\",\"width\":95,\"height\":122,\"caption\":\"CVI NOTICIAS\"},\"image\":{\"@id\":\"https:\\\/\\\/cvinoticias.com\\\/v3\\\/#\\\/schema\\\/logo\\\/image\\\/\"},\"sameAs\":[\"https:\\\/\\\/www.facebook.com\\\/cvinoticias\",\"https:\\\/\\\/www.instagram.com\\\/cvinoticias\\\/\",\"https:\\\/\\\/www.youtube.com\\\/@CVINOTICIAS\"]},{\"@type\":\"Person\",\"@id\":\"https:\\\/\\\/cvinoticias.com\\\/v3\\\/#\\\/schema\\\/person\\\/2db77e3c6bc03c538495d7b2b8be9b66\",\"name\":\"f1000024\",\"image\":{\"@type\":\"ImageObject\",\"inLanguage\":\"es\",\"@id\":\"https:\\\/\\\/secure.gravatar.com\\\/avatar\\\/d4fe7459cfc51ff5129ce1a732bbef5928568b8092d412ef95611616376bbeed?s=96&d=mm&r=g\",\"url\":\"https:\\\/\\\/secure.gravatar.com\\\/avatar\\\/d4fe7459cfc51ff5129ce1a732bbef5928568b8092d412ef95611616376bbeed?s=96&d=mm&r=g\",\"contentUrl\":\"https:\\\/\\\/secure.gravatar.com\\\/avatar\\\/d4fe7459cfc51ff5129ce1a732bbef5928568b8092d412ef95611616376bbeed?s=96&d=mm&r=g\",\"caption\":\"f1000024\"},\"url\":\"https:\\\/\\\/cvinoticias.com\\\/v3\\\/author\\\/f1000024\\\/\"}]}<\/script>\n<!-- \/ Yoast SEO plugin. -->","yoast_head_json":{"title":"Vizzotti confirm\u00f3 la circulaci\u00f3n comunitaria de la variante \u00d3micron | CVI NOTICIAS","robots":{"index":"index","follow":"follow","max-snippet":"max-snippet:-1","max-image-preview":"max-image-preview:large","max-video-preview":"max-video-preview:-1"},"canonical":"https:\/\/cvinoticias.com\/v3\/vizzotti-confirmo-la-circulacion-comunitaria-de-la-variante-omicron\/","og_locale":"es_ES","og_type":"article","og_title":"Vizzotti confirm\u00f3 la circulaci\u00f3n comunitaria de la variante \u00d3micron | CVI NOTICIAS","og_description":"La jefa de Gabinete del Ministerio de Salud de la Naci\u00f3n, CarlaVizzotti, confirm\u00f3 la circulaci\u00f3n comunitaria de la variante \u00d3micron en la Argentina. \u201cEsper\u00e1bamos esta suba de casos\u201d, dijo la funcionaria en di\u00e1logo con un medio radial nacional El anuncio se da en medio del pico de casos en el pa\u00eds producto de la tercera [&hellip;]","og_url":"https:\/\/cvinoticias.com\/v3\/vizzotti-confirmo-la-circulacion-comunitaria-de-la-variante-omicron\/","og_site_name":"CVI NOTICIAS","article_publisher":"https:\/\/www.facebook.com\/cvinoticias","article_published_time":"2022-01-04T18:09:17+00:00","article_modified_time":"2022-01-04T18:13:54+00:00","og_image":[{"width":299,"height":168,"url":"https:\/\/cvinoticias.com\/wp-content\/uploads\/2022\/01\/images-8.jpeg","type":"image\/jpeg"}],"author":"f1000024","twitter_card":"summary_large_image","twitter_misc":{"Escrito por":"f1000024","Tiempo de lectura":"1 minuto"},"schema":{"@context":"https:\/\/schema.org","@graph":[{"@type":"Article","@id":"https:\/\/cvinoticias.com\/v3\/vizzotti-confirmo-la-circulacion-comunitaria-de-la-variante-omicron\/#article","isPartOf":{"@id":"https:\/\/cvinoticias.com\/v3\/vizzotti-confirmo-la-circulacion-comunitaria-de-la-variante-omicron\/"},"author":{"name":"f1000024","@id":"https:\/\/cvinoticias.com\/v3\/#\/schema\/person\/2db77e3c6bc03c538495d7b2b8be9b66"},"headline":"Vizzotti confirm\u00f3 la circulaci\u00f3n comunitaria de la variante \u00d3micron","datePublished":"2022-01-04T18:09:17+00:00","dateModified":"2022-01-04T18:13:54+00:00","mainEntityOfPage":{"@id":"https:\/\/cvinoticias.com\/v3\/vizzotti-confirmo-la-circulacion-comunitaria-de-la-variante-omicron\/"},"wordCount":162,"commentCount":0,"publisher":{"@id":"https:\/\/cvinoticias.com\/v3\/#organization"},"image":{"@id":"https:\/\/cvinoticias.com\/v3\/vizzotti-confirmo-la-circulacion-comunitaria-de-la-variante-omicron\/#primaryimage"},"thumbnailUrl":"https:\/\/cvinoticias.com\/wp-content\/uploads\/2022\/01\/images-8.jpeg","articleSection":["Nacionales"],"inLanguage":"es","potentialAction":[{"@type":"CommentAction","name":"Comment","target":["https:\/\/cvinoticias.com\/v3\/vizzotti-confirmo-la-circulacion-comunitaria-de-la-variante-omicron\/#respond"]}]},{"@type":"WebPage","@id":"https:\/\/cvinoticias.com\/v3\/vizzotti-confirmo-la-circulacion-comunitaria-de-la-variante-omicron\/","url":"https:\/\/cvinoticias.com\/v3\/vizzotti-confirmo-la-circulacion-comunitaria-de-la-variante-omicron\/","name":"Vizzotti confirm\u00f3 la circulaci\u00f3n comunitaria de la variante \u00d3micron | CVI NOTICIAS","isPartOf":{"@id":"https:\/\/cvinoticias.com\/v3\/#website"},"primaryImageOfPage":{"@id":"https:\/\/cvinoticias.com\/v3\/vizzotti-confirmo-la-circulacion-comunitaria-de-la-variante-omicron\/#primaryimage"},"image":{"@id":"https:\/\/cvinoticias.com\/v3\/vizzotti-confirmo-la-circulacion-comunitaria-de-la-variante-omicron\/#primaryimage"},"thumbnailUrl":"https:\/\/cvinoticias.com\/wp-content\/uploads\/2022\/01\/images-8.jpeg","datePublished":"2022-01-04T18:09:17+00:00","dateModified":"2022-01-04T18:13:54+00:00","breadcrumb":{"@id":"https:\/\/cvinoticias.com\/v3\/vizzotti-confirmo-la-circulacion-comunitaria-de-la-variante-omicron\/#breadcrumb"},"inLanguage":"es","potentialAction":[{"@type":"ReadAction","target":["https:\/\/cvinoticias.com\/v3\/vizzotti-confirmo-la-circulacion-comunitaria-de-la-variante-omicron\/"]}]},{"@type":"ImageObject","inLanguage":"es","@id":"https:\/\/cvinoticias.com\/v3\/vizzotti-confirmo-la-circulacion-comunitaria-de-la-variante-omicron\/#primaryimage","url":"https:\/\/cvinoticias.com\/wp-content\/uploads\/2022\/01\/images-8.jpeg","contentUrl":"https:\/\/cvinoticias.com\/wp-content\/uploads\/2022\/01\/images-8.jpeg","width":299,"height":168},{"@type":"BreadcrumbList","@id":"https:\/\/cvinoticias.com\/v3\/vizzotti-confirmo-la-circulacion-comunitaria-de-la-variante-omicron\/#breadcrumb","itemListElement":[{"@type":"ListItem","position":1,"name":"Portada","item":"https:\/\/cvinoticias.com\/v3\/"},{"@type":"ListItem","position":2,"name":"Vizzotti confirm\u00f3 la circulaci\u00f3n comunitaria de la variante \u00d3micron"}]},{"@type":"WebSite","@id":"https:\/\/cvinoticias.com\/v3\/#website","url":"https:\/\/cvinoticias.com\/v3\/","name":"CVI NOTICIAS","description":"","publisher":{"@id":"https:\/\/cvinoticias.com\/v3\/#organization"},"alternateName":"CVI","potentialAction":[{"@type":"SearchAction","target":{"@type":"EntryPoint","urlTemplate":"https:\/\/cvinoticias.com\/v3\/?s={search_term_string}"},"query-input":{"@type":"PropertyValueSpecification","valueRequired":true,"valueName":"search_term_string"}}],"inLanguage":"es"},{"@type":"Organization","@id":"https:\/\/cvinoticias.com\/v3\/#organization","name":"CVI NOTICIAS","url":"https:\/\/cvinoticias.com\/v3\/","logo":{"@type":"ImageObject","inLanguage":"es","@id":"https:\/\/cvinoticias.com\/v3\/#\/schema\/logo\/image\/","url":"https:\/\/cvinoticias.com\/wp-content\/uploads\/2023\/04\/cropped-cropped-cropped-cropped-cropped-3-1.png","contentUrl":"https:\/\/cvinoticias.com\/wp-content\/uploads\/2023\/04\/cropped-cropped-cropped-cropped-cropped-3-1.png","width":95,"height":122,"caption":"CVI NOTICIAS"},"image":{"@id":"https:\/\/cvinoticias.com\/v3\/#\/schema\/logo\/image\/"},"sameAs":["https:\/\/www.facebook.com\/cvinoticias","https:\/\/www.instagram.com\/cvinoticias\/","https:\/\/www.youtube.com\/@CVINOTICIAS"]},{"@type":"Person","@id":"https:\/\/cvinoticias.com\/v3\/#\/schema\/person\/2db77e3c6bc03c538495d7b2b8be9b66","name":"f1000024","image":{"@type":"ImageObject","inLanguage":"es","@id":"https:\/\/secure.gravatar.com\/avatar\/d4fe7459cfc51ff5129ce1a732bbef5928568b8092d412ef95611616376bbeed?s=96&d=mm&r=g","url":"https:\/\/secure.gravatar.com\/avatar\/d4fe7459cfc51ff5129ce1a732bbef5928568b8092d412ef95611616376bbeed?s=96&d=mm&r=g","contentUrl":"https:\/\/secure.gravatar.com\/avatar\/d4fe7459cfc51ff5129ce1a732bbef5928568b8092d412ef95611616376bbeed?s=96&d=mm&r=g","caption":"f1000024"},"url":"https:\/\/cvinoticias.com\/v3\/author\/f1000024\/"}]}},"_links":{"self":[{"href":"https:\/\/cvinoticias.com\/v3\/wp-json\/wp\/v2\/posts\/11928","targetHints":{"allow":["GET"]}}],"collection":[{"href":"https:\/\/cvinoticias.com\/v3\/wp-json\/wp\/v2\/posts"}],"about":[{"href":"https:\/\/cvinoticias.com\/v3\/wp-json\/wp\/v2\/types\/post"}],"author":[{"embeddable":true,"href":"https:\/\/cvinoticias.com\/v3\/wp-json\/wp\/v2\/users\/2"}],"replies":[{"embeddable":true,"href":"https:\/\/cvinoticias.com\/v3\/wp-json\/wp\/v2\/comments?post=11928"}],"version-history":[{"count":2,"href":"https:\/\/cvinoticias.com\/v3\/wp-json\/wp\/v2\/posts\/11928\/revisions"}],"predecessor-version":[{"id":11932,"href":"https:\/\/cvinoticias.com\/v3\/wp-json\/wp\/v2\/posts\/11928\/revisions\/11932"}],"wp:featuredmedia":[{"embeddable":true,"href":"https:\/\/cvinoticias.com\/v3\/wp-json\/wp\/v2\/media\/11929"}],"wp:attachment":[{"href":"https:\/\/cvinoticias.com\/v3\/wp-json\/wp\/v2\/media?parent=11928"}],"wp:term":[{"taxonomy":"category","embeddable":true,"href":"https:\/\/cvinoticias.com\/v3\/wp-json\/wp\/v2\/categories?post=11928"},{"taxonomy":"post_tag","embeddable":true,"href":"https:\/\/cvinoticias.com\/v3\/wp-json\/wp\/v2\/tags?post=11928"}],"curies":[{"name":"wp","href":"https:\/\/api.w.org\/{rel}","templated":true}]}}