{"id":11923,"date":"2022-01-04T14:27:29","date_gmt":"2022-01-04T14:27:29","guid":{"rendered":"https:\/\/cvinoticias.com\/v3\/?p=11923"},"modified":"2022-01-04T14:27:29","modified_gmt":"2022-01-04T14:27:29","slug":"nuevas-medidas-para-el-ingreso-al-pais-de-personas-que-vienen-del-exterior","status":"publish","type":"post","link":"https:\/\/cvinoticias.com\/v3\/nuevas-medidas-para-el-ingreso-al-pais-de-personas-que-vienen-del-exterior\/","title":{"rendered":"Nuevas medidas para el ingreso al pa\u00eds de personas que vienen del exterior"},"content":{"rendered":"\n<p><strong><em>Tanto ciudadanos argentinos como extranjeros mayores de 6 a\u00f1os deber\u00e1n realizarse una prueba diagn\u00f3stica de SARS-COV-2 entre el tercer y quinto d\u00eda de su arribo. De acuerdo a las nuevas medidas para el ingreso al pa\u00eds que dispuso Naci\u00f3n, los visitantes o argentinos que deseen entrar al pa\u00eds, no podr\u00e1n concurrir a eventos masivos ni a reuniones sociales en espacios cerrados hasta testearse.<\/em><\/strong><\/p>\n\n\n\n<p>El Ministerio de Salud inform\u00f3\u00a0nuevas disposiciones para el ingreso al pa\u00eds de personas provenientes del exterior,\u00a0que establecen, entre otras cuestiones, que tanto ciudadanos argentinos como extranjeros mayores de 6 a\u00f1os deber\u00e1n realizarse una prueba diagn\u00f3stica de SARS-COV-2 entre el tercer y quinto d\u00eda de su arribo.<\/p>\n\n\n\n<p>Seg\u00fan se inform\u00f3 oficialmente, y en el marco de las nuevas medidas que se dieron a conocer la semana pasada, los ciudadanos que arriben al pa\u00eds&nbsp;no podr\u00e1n concurrir a eventos masivos ni a reuniones sociales en espacios cerrados hasta testearse.<\/p>\n\n\n\n<p>La decisi\u00f3n fue adoptada \u00abante el escenario din\u00e1mico de la situaci\u00f3n epidemiol\u00f3gica y el incremento de casos positivos de Covid-19, a partir de la proliferaci\u00f3n de \u00d3micron, una variante con riesgo aumentado de transmisi\u00f3n y reinfecci\u00f3n comparado con las que circularon previamente\u00bb.<\/p>\n\n\n\n<p>Ante esa situaci\u00f3n, el Ministerio de Salud dispuso que\u00a0es requisito de ingreso a Argentina realizar un test diagn\u00f3stico entre el tercer y quinto d\u00eda de la llegada al pa\u00eds.<\/p>\n\n\n\n<p>Se trata de la\u00a0Decisi\u00f3n Administrativa 1316\/2021, publicada el 30 de diciembre de 2021 en el Bolet\u00edn Oficial.La medida vale tanto para quienes ingresen por v\u00eda a\u00e9rea, fluvial y mar\u00edtima.<\/p>\n\n\n\n<p>La disposici\u00f3n establece que \u201clos argentinos o las argentinas residentes, y extranjeros o extranjeras residentes o no residentes que ingresen al pa\u00eds, mayores de seis a\u00f1os de edad que hayan acreditado estar vacunados y vacunadas con parte del esquema de vacunaci\u00f3n o con el esquema de vacunaci\u00f3n completo, de acuerdo al pa\u00eds de origen, deber\u00e1n practicarse una prueba diagn\u00f3stica de SARS-CoV-2 entre los d\u00edas tercero a quinto de su llegada al pa\u00eds, debiendo abstenerse durante esos d\u00edas de estad\u00eda en el pa\u00eds de concurrir a eventos masivos y\/o reuniones sociales en espacios cerrados\u201d.<\/p>\n\n\n\n<p>Este nuevo requisito se suma a los ya vigentes, que se presentan previo al inicio del viaje a los operadores de medios de transporte internacionales.<\/p>\n\n\n\n<p>De esta manera, todo pasajero o pasajera que viaje a Argentina debe contar con la siguiente documentaci\u00f3n:&nbsp;declaraci\u00f3n jurada exigida por la Direcci\u00f3n Nacional de Migraciones; prueba PCR negativa realizada en el pa\u00eds de origen dentro de las setenta y dos horas previas&nbsp;al inicio del viaje.<\/p>\n\n\n\n<p>En tanto, deber\u00e1n contar con un\u00a0certificado de alta m\u00e9dica\u00a0emitido dentro de los noventa d\u00edas previos que justifique un PCR positivo, que acredite que tuvo la enfermedad en ese lapso, correspondi\u00e9ndole dicha alta m\u00e9dica.<\/p>\n\n\n\n<p>Asimismo, deber\u00e1n presentar el\u00a0esquema de vacunaci\u00f3n completo por lo menos catorce d\u00edas antes de su ingreso\u00a0(o de su exenci\u00f3n si por alg\u00fan motivo la tuviere) de acuerdo a lo definido por las autoridades sanitarias del pa\u00eds de vacunaci\u00f3n; seguro de salud Covid-19, con cobertura de servicios de internaci\u00f3n, aislamiento y\/o traslados sanitarios, para qui\u00e9nes resulten casos positivos, sospechosos o contactos estrechos.<\/p>\n\n\n\n<p>El control de la documentaci\u00f3n que acredite los requisitos solicitados ser\u00e1 realizado por las compa\u00f1\u00edas de transporte previo al embarque.<\/p>\n\n\n\n<p><\/p>\n\n\n\n<p><strong>Fuente:T\u00e9lam<\/strong> <\/p>\n","protected":false},"excerpt":{"rendered":"<p>Tanto ciudadanos argentinos como extranjeros mayores de 6 a\u00f1os deber\u00e1n realizarse una prueba diagn\u00f3stica de SARS-COV-2 entre el tercer y quinto d\u00eda de su arribo. De acuerdo a las nuevas medidas para el ingreso al pa\u00eds que dispuso Naci\u00f3n, los visitantes o argentinos que deseen entrar al pa\u00eds, no podr\u00e1n concurrir a eventos masivos ni [&hellip;]<\/p>\n","protected":false},"author":2,"featured_media":11924,"comment_status":"open","ping_status":"open","sticky":false,"template":"","format":"standard","meta":{"footnotes":""},"categories":[35],"tags":[],"class_list":["post-11923","post","type-post","status-publish","format-standard","has-post-thumbnail","hentry","category-informacion-general"],"yoast_head":"<!-- This site is optimized with the Yoast SEO plugin v27.4 - https:\/\/yoast.com\/product\/yoast-seo-wordpress\/ -->\n<title>Nuevas medidas para el ingreso al pa\u00eds de personas que vienen del exterior | CVI NOTICIAS<\/title>\n<meta name=\"robots\" content=\"index, follow, max-snippet:-1, max-image-preview:large, max-video-preview:-1\" \/>\n<link rel=\"canonical\" href=\"https:\/\/cvinoticias.com\/v3\/nuevas-medidas-para-el-ingreso-al-pais-de-personas-que-vienen-del-exterior\/\" \/>\n<meta property=\"og:locale\" content=\"es_ES\" \/>\n<meta property=\"og:type\" content=\"article\" \/>\n<meta property=\"og:title\" content=\"Nuevas medidas para el ingreso al pa\u00eds de personas que vienen del exterior | CVI NOTICIAS\" \/>\n<meta property=\"og:description\" content=\"Tanto ciudadanos argentinos como extranjeros mayores de 6 a\u00f1os deber\u00e1n realizarse una prueba diagn\u00f3stica de SARS-COV-2 entre el tercer y quinto d\u00eda de su arribo. De acuerdo a las nuevas medidas para el ingreso al pa\u00eds que dispuso Naci\u00f3n, los visitantes o argentinos que deseen entrar al pa\u00eds, no podr\u00e1n concurrir a eventos masivos ni [&hellip;]\" \/>\n<meta property=\"og:url\" content=\"https:\/\/cvinoticias.com\/v3\/nuevas-medidas-para-el-ingreso-al-pais-de-personas-que-vienen-del-exterior\/\" \/>\n<meta property=\"og:site_name\" content=\"CVI NOTICIAS\" \/>\n<meta property=\"article:publisher\" content=\"https:\/\/www.facebook.com\/cvinoticias\" \/>\n<meta property=\"article:published_time\" content=\"2022-01-04T14:27:29+00:00\" \/>\n<meta property=\"og:image\" content=\"https:\/\/cvinoticias.com\/wp-content\/uploads\/2022\/01\/Screenshot_20220104-112659_Facebook.jpg\" \/>\n\t<meta property=\"og:image:width\" content=\"995\" \/>\n\t<meta property=\"og:image:height\" content=\"512\" \/>\n\t<meta property=\"og:image:type\" content=\"image\/jpeg\" \/>\n<meta name=\"author\" content=\"f1000024\" \/>\n<meta name=\"twitter:card\" content=\"summary_large_image\" \/>\n<meta name=\"twitter:label1\" content=\"Escrito por\" \/>\n\t<meta name=\"twitter:data1\" content=\"f1000024\" \/>\n\t<meta name=\"twitter:label2\" content=\"Tiempo de lectura\" \/>\n\t<meta name=\"twitter:data2\" content=\"3 minutos\" \/>\n<script type=\"application\/ld+json\" class=\"yoast-schema-graph\">{\"@context\":\"https:\\\/\\\/schema.org\",\"@graph\":[{\"@type\":\"Article\",\"@id\":\"https:\\\/\\\/cvinoticias.com\\\/v3\\\/nuevas-medidas-para-el-ingreso-al-pais-de-personas-que-vienen-del-exterior\\\/#article\",\"isPartOf\":{\"@id\":\"https:\\\/\\\/cvinoticias.com\\\/v3\\\/nuevas-medidas-para-el-ingreso-al-pais-de-personas-que-vienen-del-exterior\\\/\"},\"author\":{\"name\":\"f1000024\",\"@id\":\"https:\\\/\\\/cvinoticias.com\\\/v3\\\/#\\\/schema\\\/person\\\/2db77e3c6bc03c538495d7b2b8be9b66\"},\"headline\":\"Nuevas medidas para el ingreso al pa\u00eds de personas que vienen del exterior\",\"datePublished\":\"2022-01-04T14:27:29+00:00\",\"mainEntityOfPage\":{\"@id\":\"https:\\\/\\\/cvinoticias.com\\\/v3\\\/nuevas-medidas-para-el-ingreso-al-pais-de-personas-que-vienen-del-exterior\\\/\"},\"wordCount\":620,\"commentCount\":0,\"publisher\":{\"@id\":\"https:\\\/\\\/cvinoticias.com\\\/v3\\\/#organization\"},\"image\":{\"@id\":\"https:\\\/\\\/cvinoticias.com\\\/v3\\\/nuevas-medidas-para-el-ingreso-al-pais-de-personas-que-vienen-del-exterior\\\/#primaryimage\"},\"thumbnailUrl\":\"https:\\\/\\\/cvinoticias.com\\\/wp-content\\\/uploads\\\/2022\\\/01\\\/Screenshot_20220104-112659_Facebook.jpg\",\"articleSection\":[\"Informaci\u00f3n General\"],\"inLanguage\":\"es\",\"potentialAction\":[{\"@type\":\"CommentAction\",\"name\":\"Comment\",\"target\":[\"https:\\\/\\\/cvinoticias.com\\\/v3\\\/nuevas-medidas-para-el-ingreso-al-pais-de-personas-que-vienen-del-exterior\\\/#respond\"]}]},{\"@type\":\"WebPage\",\"@id\":\"https:\\\/\\\/cvinoticias.com\\\/v3\\\/nuevas-medidas-para-el-ingreso-al-pais-de-personas-que-vienen-del-exterior\\\/\",\"url\":\"https:\\\/\\\/cvinoticias.com\\\/v3\\\/nuevas-medidas-para-el-ingreso-al-pais-de-personas-que-vienen-del-exterior\\\/\",\"name\":\"Nuevas medidas para el ingreso al pa\u00eds de personas que vienen del exterior | CVI NOTICIAS\",\"isPartOf\":{\"@id\":\"https:\\\/\\\/cvinoticias.com\\\/v3\\\/#website\"},\"primaryImageOfPage\":{\"@id\":\"https:\\\/\\\/cvinoticias.com\\\/v3\\\/nuevas-medidas-para-el-ingreso-al-pais-de-personas-que-vienen-del-exterior\\\/#primaryimage\"},\"image\":{\"@id\":\"https:\\\/\\\/cvinoticias.com\\\/v3\\\/nuevas-medidas-para-el-ingreso-al-pais-de-personas-que-vienen-del-exterior\\\/#primaryimage\"},\"thumbnailUrl\":\"https:\\\/\\\/cvinoticias.com\\\/wp-content\\\/uploads\\\/2022\\\/01\\\/Screenshot_20220104-112659_Facebook.jpg\",\"datePublished\":\"2022-01-04T14:27:29+00:00\",\"breadcrumb\":{\"@id\":\"https:\\\/\\\/cvinoticias.com\\\/v3\\\/nuevas-medidas-para-el-ingreso-al-pais-de-personas-que-vienen-del-exterior\\\/#breadcrumb\"},\"inLanguage\":\"es\",\"potentialAction\":[{\"@type\":\"ReadAction\",\"target\":[\"https:\\\/\\\/cvinoticias.com\\\/v3\\\/nuevas-medidas-para-el-ingreso-al-pais-de-personas-que-vienen-del-exterior\\\/\"]}]},{\"@type\":\"ImageObject\",\"inLanguage\":\"es\",\"@id\":\"https:\\\/\\\/cvinoticias.com\\\/v3\\\/nuevas-medidas-para-el-ingreso-al-pais-de-personas-que-vienen-del-exterior\\\/#primaryimage\",\"url\":\"https:\\\/\\\/cvinoticias.com\\\/wp-content\\\/uploads\\\/2022\\\/01\\\/Screenshot_20220104-112659_Facebook.jpg\",\"contentUrl\":\"https:\\\/\\\/cvinoticias.com\\\/wp-content\\\/uploads\\\/2022\\\/01\\\/Screenshot_20220104-112659_Facebook.jpg\",\"width\":995,\"height\":512},{\"@type\":\"BreadcrumbList\",\"@id\":\"https:\\\/\\\/cvinoticias.com\\\/v3\\\/nuevas-medidas-para-el-ingreso-al-pais-de-personas-que-vienen-del-exterior\\\/#breadcrumb\",\"itemListElement\":[{\"@type\":\"ListItem\",\"position\":1,\"name\":\"Portada\",\"item\":\"https:\\\/\\\/cvinoticias.com\\\/v3\\\/\"},{\"@type\":\"ListItem\",\"position\":2,\"name\":\"Nuevas medidas para el ingreso al pa\u00eds de personas que vienen del exterior\"}]},{\"@type\":\"WebSite\",\"@id\":\"https:\\\/\\\/cvinoticias.com\\\/v3\\\/#website\",\"url\":\"https:\\\/\\\/cvinoticias.com\\\/v3\\\/\",\"name\":\"CVI NOTICIAS\",\"description\":\"\",\"publisher\":{\"@id\":\"https:\\\/\\\/cvinoticias.com\\\/v3\\\/#organization\"},\"alternateName\":\"CVI\",\"potentialAction\":[{\"@type\":\"SearchAction\",\"target\":{\"@type\":\"EntryPoint\",\"urlTemplate\":\"https:\\\/\\\/cvinoticias.com\\\/v3\\\/?s={search_term_string}\"},\"query-input\":{\"@type\":\"PropertyValueSpecification\",\"valueRequired\":true,\"valueName\":\"search_term_string\"}}],\"inLanguage\":\"es\"},{\"@type\":\"Organization\",\"@id\":\"https:\\\/\\\/cvinoticias.com\\\/v3\\\/#organization\",\"name\":\"CVI NOTICIAS\",\"url\":\"https:\\\/\\\/cvinoticias.com\\\/v3\\\/\",\"logo\":{\"@type\":\"ImageObject\",\"inLanguage\":\"es\",\"@id\":\"https:\\\/\\\/cvinoticias.com\\\/v3\\\/#\\\/schema\\\/logo\\\/image\\\/\",\"url\":\"https:\\\/\\\/cvinoticias.com\\\/wp-content\\\/uploads\\\/2023\\\/04\\\/cropped-cropped-cropped-cropped-cropped-3-1.png\",\"contentUrl\":\"https:\\\/\\\/cvinoticias.com\\\/wp-content\\\/uploads\\\/2023\\\/04\\\/cropped-cropped-cropped-cropped-cropped-3-1.png\",\"width\":95,\"height\":122,\"caption\":\"CVI NOTICIAS\"},\"image\":{\"@id\":\"https:\\\/\\\/cvinoticias.com\\\/v3\\\/#\\\/schema\\\/logo\\\/image\\\/\"},\"sameAs\":[\"https:\\\/\\\/www.facebook.com\\\/cvinoticias\",\"https:\\\/\\\/www.instagram.com\\\/cvinoticias\\\/\",\"https:\\\/\\\/www.youtube.com\\\/@CVINOTICIAS\"]},{\"@type\":\"Person\",\"@id\":\"https:\\\/\\\/cvinoticias.com\\\/v3\\\/#\\\/schema\\\/person\\\/2db77e3c6bc03c538495d7b2b8be9b66\",\"name\":\"f1000024\",\"image\":{\"@type\":\"ImageObject\",\"inLanguage\":\"es\",\"@id\":\"https:\\\/\\\/secure.gravatar.com\\\/avatar\\\/d4fe7459cfc51ff5129ce1a732bbef5928568b8092d412ef95611616376bbeed?s=96&d=mm&r=g\",\"url\":\"https:\\\/\\\/secure.gravatar.com\\\/avatar\\\/d4fe7459cfc51ff5129ce1a732bbef5928568b8092d412ef95611616376bbeed?s=96&d=mm&r=g\",\"contentUrl\":\"https:\\\/\\\/secure.gravatar.com\\\/avatar\\\/d4fe7459cfc51ff5129ce1a732bbef5928568b8092d412ef95611616376bbeed?s=96&d=mm&r=g\",\"caption\":\"f1000024\"},\"url\":\"https:\\\/\\\/cvinoticias.com\\\/v3\\\/author\\\/f1000024\\\/\"}]}<\/script>\n<!-- \/ Yoast SEO plugin. -->","yoast_head_json":{"title":"Nuevas medidas para el ingreso al pa\u00eds de personas que vienen del exterior | CVI NOTICIAS","robots":{"index":"index","follow":"follow","max-snippet":"max-snippet:-1","max-image-preview":"max-image-preview:large","max-video-preview":"max-video-preview:-1"},"canonical":"https:\/\/cvinoticias.com\/v3\/nuevas-medidas-para-el-ingreso-al-pais-de-personas-que-vienen-del-exterior\/","og_locale":"es_ES","og_type":"article","og_title":"Nuevas medidas para el ingreso al pa\u00eds de personas que vienen del exterior | CVI NOTICIAS","og_description":"Tanto ciudadanos argentinos como extranjeros mayores de 6 a\u00f1os deber\u00e1n realizarse una prueba diagn\u00f3stica de SARS-COV-2 entre el tercer y quinto d\u00eda de su arribo. De acuerdo a las nuevas medidas para el ingreso al pa\u00eds que dispuso Naci\u00f3n, los visitantes o argentinos que deseen entrar al pa\u00eds, no podr\u00e1n concurrir a eventos masivos ni [&hellip;]","og_url":"https:\/\/cvinoticias.com\/v3\/nuevas-medidas-para-el-ingreso-al-pais-de-personas-que-vienen-del-exterior\/","og_site_name":"CVI NOTICIAS","article_publisher":"https:\/\/www.facebook.com\/cvinoticias","article_published_time":"2022-01-04T14:27:29+00:00","og_image":[{"width":995,"height":512,"url":"https:\/\/cvinoticias.com\/wp-content\/uploads\/2022\/01\/Screenshot_20220104-112659_Facebook.jpg","type":"image\/jpeg"}],"author":"f1000024","twitter_card":"summary_large_image","twitter_misc":{"Escrito por":"f1000024","Tiempo de lectura":"3 minutos"},"schema":{"@context":"https:\/\/schema.org","@graph":[{"@type":"Article","@id":"https:\/\/cvinoticias.com\/v3\/nuevas-medidas-para-el-ingreso-al-pais-de-personas-que-vienen-del-exterior\/#article","isPartOf":{"@id":"https:\/\/cvinoticias.com\/v3\/nuevas-medidas-para-el-ingreso-al-pais-de-personas-que-vienen-del-exterior\/"},"author":{"name":"f1000024","@id":"https:\/\/cvinoticias.com\/v3\/#\/schema\/person\/2db77e3c6bc03c538495d7b2b8be9b66"},"headline":"Nuevas medidas para el ingreso al pa\u00eds de personas que vienen del exterior","datePublished":"2022-01-04T14:27:29+00:00","mainEntityOfPage":{"@id":"https:\/\/cvinoticias.com\/v3\/nuevas-medidas-para-el-ingreso-al-pais-de-personas-que-vienen-del-exterior\/"},"wordCount":620,"commentCount":0,"publisher":{"@id":"https:\/\/cvinoticias.com\/v3\/#organization"},"image":{"@id":"https:\/\/cvinoticias.com\/v3\/nuevas-medidas-para-el-ingreso-al-pais-de-personas-que-vienen-del-exterior\/#primaryimage"},"thumbnailUrl":"https:\/\/cvinoticias.com\/wp-content\/uploads\/2022\/01\/Screenshot_20220104-112659_Facebook.jpg","articleSection":["Informaci\u00f3n General"],"inLanguage":"es","potentialAction":[{"@type":"CommentAction","name":"Comment","target":["https:\/\/cvinoticias.com\/v3\/nuevas-medidas-para-el-ingreso-al-pais-de-personas-que-vienen-del-exterior\/#respond"]}]},{"@type":"WebPage","@id":"https:\/\/cvinoticias.com\/v3\/nuevas-medidas-para-el-ingreso-al-pais-de-personas-que-vienen-del-exterior\/","url":"https:\/\/cvinoticias.com\/v3\/nuevas-medidas-para-el-ingreso-al-pais-de-personas-que-vienen-del-exterior\/","name":"Nuevas medidas para el ingreso al pa\u00eds de personas que vienen del exterior | CVI NOTICIAS","isPartOf":{"@id":"https:\/\/cvinoticias.com\/v3\/#website"},"primaryImageOfPage":{"@id":"https:\/\/cvinoticias.com\/v3\/nuevas-medidas-para-el-ingreso-al-pais-de-personas-que-vienen-del-exterior\/#primaryimage"},"image":{"@id":"https:\/\/cvinoticias.com\/v3\/nuevas-medidas-para-el-ingreso-al-pais-de-personas-que-vienen-del-exterior\/#primaryimage"},"thumbnailUrl":"https:\/\/cvinoticias.com\/wp-content\/uploads\/2022\/01\/Screenshot_20220104-112659_Facebook.jpg","datePublished":"2022-01-04T14:27:29+00:00","breadcrumb":{"@id":"https:\/\/cvinoticias.com\/v3\/nuevas-medidas-para-el-ingreso-al-pais-de-personas-que-vienen-del-exterior\/#breadcrumb"},"inLanguage":"es","potentialAction":[{"@type":"ReadAction","target":["https:\/\/cvinoticias.com\/v3\/nuevas-medidas-para-el-ingreso-al-pais-de-personas-que-vienen-del-exterior\/"]}]},{"@type":"ImageObject","inLanguage":"es","@id":"https:\/\/cvinoticias.com\/v3\/nuevas-medidas-para-el-ingreso-al-pais-de-personas-que-vienen-del-exterior\/#primaryimage","url":"https:\/\/cvinoticias.com\/wp-content\/uploads\/2022\/01\/Screenshot_20220104-112659_Facebook.jpg","contentUrl":"https:\/\/cvinoticias.com\/wp-content\/uploads\/2022\/01\/Screenshot_20220104-112659_Facebook.jpg","width":995,"height":512},{"@type":"BreadcrumbList","@id":"https:\/\/cvinoticias.com\/v3\/nuevas-medidas-para-el-ingreso-al-pais-de-personas-que-vienen-del-exterior\/#breadcrumb","itemListElement":[{"@type":"ListItem","position":1,"name":"Portada","item":"https:\/\/cvinoticias.com\/v3\/"},{"@type":"ListItem","position":2,"name":"Nuevas medidas para el ingreso al pa\u00eds de personas que vienen del exterior"}]},{"@type":"WebSite","@id":"https:\/\/cvinoticias.com\/v3\/#website","url":"https:\/\/cvinoticias.com\/v3\/","name":"CVI NOTICIAS","description":"","publisher":{"@id":"https:\/\/cvinoticias.com\/v3\/#organization"},"alternateName":"CVI","potentialAction":[{"@type":"SearchAction","target":{"@type":"EntryPoint","urlTemplate":"https:\/\/cvinoticias.com\/v3\/?s={search_term_string}"},"query-input":{"@type":"PropertyValueSpecification","valueRequired":true,"valueName":"search_term_string"}}],"inLanguage":"es"},{"@type":"Organization","@id":"https:\/\/cvinoticias.com\/v3\/#organization","name":"CVI NOTICIAS","url":"https:\/\/cvinoticias.com\/v3\/","logo":{"@type":"ImageObject","inLanguage":"es","@id":"https:\/\/cvinoticias.com\/v3\/#\/schema\/logo\/image\/","url":"https:\/\/cvinoticias.com\/wp-content\/uploads\/2023\/04\/cropped-cropped-cropped-cropped-cropped-3-1.png","contentUrl":"https:\/\/cvinoticias.com\/wp-content\/uploads\/2023\/04\/cropped-cropped-cropped-cropped-cropped-3-1.png","width":95,"height":122,"caption":"CVI NOTICIAS"},"image":{"@id":"https:\/\/cvinoticias.com\/v3\/#\/schema\/logo\/image\/"},"sameAs":["https:\/\/www.facebook.com\/cvinoticias","https:\/\/www.instagram.com\/cvinoticias\/","https:\/\/www.youtube.com\/@CVINOTICIAS"]},{"@type":"Person","@id":"https:\/\/cvinoticias.com\/v3\/#\/schema\/person\/2db77e3c6bc03c538495d7b2b8be9b66","name":"f1000024","image":{"@type":"ImageObject","inLanguage":"es","@id":"https:\/\/secure.gravatar.com\/avatar\/d4fe7459cfc51ff5129ce1a732bbef5928568b8092d412ef95611616376bbeed?s=96&d=mm&r=g","url":"https:\/\/secure.gravatar.com\/avatar\/d4fe7459cfc51ff5129ce1a732bbef5928568b8092d412ef95611616376bbeed?s=96&d=mm&r=g","contentUrl":"https:\/\/secure.gravatar.com\/avatar\/d4fe7459cfc51ff5129ce1a732bbef5928568b8092d412ef95611616376bbeed?s=96&d=mm&r=g","caption":"f1000024"},"url":"https:\/\/cvinoticias.com\/v3\/author\/f1000024\/"}]}},"_links":{"self":[{"href":"https:\/\/cvinoticias.com\/v3\/wp-json\/wp\/v2\/posts\/11923","targetHints":{"allow":["GET"]}}],"collection":[{"href":"https:\/\/cvinoticias.com\/v3\/wp-json\/wp\/v2\/posts"}],"about":[{"href":"https:\/\/cvinoticias.com\/v3\/wp-json\/wp\/v2\/types\/post"}],"author":[{"embeddable":true,"href":"https:\/\/cvinoticias.com\/v3\/wp-json\/wp\/v2\/users\/2"}],"replies":[{"embeddable":true,"href":"https:\/\/cvinoticias.com\/v3\/wp-json\/wp\/v2\/comments?post=11923"}],"version-history":[{"count":1,"href":"https:\/\/cvinoticias.com\/v3\/wp-json\/wp\/v2\/posts\/11923\/revisions"}],"predecessor-version":[{"id":11925,"href":"https:\/\/cvinoticias.com\/v3\/wp-json\/wp\/v2\/posts\/11923\/revisions\/11925"}],"wp:featuredmedia":[{"embeddable":true,"href":"https:\/\/cvinoticias.com\/v3\/wp-json\/wp\/v2\/media\/11924"}],"wp:attachment":[{"href":"https:\/\/cvinoticias.com\/v3\/wp-json\/wp\/v2\/media?parent=11923"}],"wp:term":[{"taxonomy":"category","embeddable":true,"href":"https:\/\/cvinoticias.com\/v3\/wp-json\/wp\/v2\/categories?post=11923"},{"taxonomy":"post_tag","embeddable":true,"href":"https:\/\/cvinoticias.com\/v3\/wp-json\/wp\/v2\/tags?post=11923"}],"curies":[{"name":"wp","href":"https:\/\/api.w.org\/{rel}","templated":true}]}}