{"id":11920,"date":"2022-01-04T13:57:04","date_gmt":"2022-01-04T13:57:04","guid":{"rendered":"https:\/\/cvinoticias.com\/v3\/?p=11920"},"modified":"2022-01-04T13:57:04","modified_gmt":"2022-01-04T13:57:04","slug":"hoy-declara-uno-de-los-jovenes-acusados-de-abusar-de-una-joven","status":"publish","type":"post","link":"https:\/\/cvinoticias.com\/v3\/hoy-declara-uno-de-los-jovenes-acusados-de-abusar-de-una-joven\/","title":{"rendered":"Hoy declara uno de los j\u00f3venes acusados de abusar de una joven"},"content":{"rendered":"\n<p><strong><em>Luego de entregarse el pasado s\u00e1bado, el joven de 19 a\u00f1os ser\u00e1 llevado al Juzgado de Instrucci\u00f3n 3 de Puerto Iguaz\u00fa. Todav\u00eda hay un pr\u00f3fugo, de 25 a\u00f1os, que se cree estar\u00eda en Buenos Aires.<\/em><\/strong><\/p>\n\n\n\n<p>El pasado martes, una joven de 19 a\u00f1os denunci\u00f3 en la Comisar\u00eda de la Mujer de Puerto Iguaz\u00fa, que hab\u00eda sido abusada en un hotel alojamiento por al menos dos j\u00f3venes. Esta presentaci\u00f3n motiv\u00f3 que la Justicia dictara la orden de captura contra los sospechosos. Al respecto,\u00a0el \u00faltimo s\u00e1bado uno de los sindicados se present\u00f3 de forma espont\u00e1nea y qued\u00f3 detenido, mientras que uno permanece pr\u00f3fugo.<\/p>\n\n\n\n<p>Seg\u00fan pudo saber este Diario, el s\u00e1bado 1\u00ba, en compa\u00f1\u00eda de su abogado, un joven de 19 a\u00f1os se present\u00f3 en la Comisar\u00eda de la Mujer para ponerse a disposici\u00f3n de la Justicia, atento al pedido de detenci\u00f3n que pesaba en su contra.<\/p>\n\n\n\n<p>De fuentes consultadas,\u00a0se puede adelantar que\u00a0hoy ser\u00eda llevado al Juzgado de Instrucci\u00f3n 3 para declaraci\u00f3n indagatoria. Es necesario recordar que en la denuncia,\u00a0la v\u00edctima se\u00f1al\u00f3 de forma directa a quien hab\u00eda abusado de ella, pero no pod\u00eda asegurar si el otro joven que estaba con ellos tambi\u00e9n lo hab\u00eda hecho.<\/p>\n\n\n\n<p>Respecto al otro sospechoso que es buscado por la Justicia, se sabe que tiene 25 a\u00f1os y habr\u00eda viajado a Buenos Aires\u00a0luego de enterarse que la joven hab\u00eda mencionado su nombre cuando cont\u00f3 el caso en sus redes sociales.<\/p>\n\n\n\n<h3 class=\"wp-block-heading\"><strong>Salida con amigos<\/strong><\/h3>\n\n\n\n<p>La v\u00edctima relat\u00f3 que\u00a0el lunes 27 se hab\u00eda dirigido hacia el centro de Puerto Iguaz\u00fa a compartir una reuni\u00f3n con amigos.\u00a0En ese local donde se encontraba se hab\u00eda desatado una pelea. Ella se vio desbordada por la situaci\u00f3n y rompi\u00f3 en llanto.\u00a0Una conocida se ofreci\u00f3 a acompa\u00f1arla pero en ese momento lleg\u00f3 un joven al que identific\u00f3 como el hermano de su padrastro quien le invit\u00f3 a ir a la casa de un amigo.<\/p>\n\n\n\n<p>Este sospechoso estaba en compa\u00f1\u00eda de otro joven (el que se present\u00f3 ante la Justicia). Los tres subieron a una moto y se dirigieron hacia el barrio Uni\u00f3n, a la casa de un joven que se encontraba en la vereda degustando cerveza.\u00a0Ella le pidi\u00f3 para pasar al ba\u00f1o y cuando sali\u00f3 se sum\u00f3 a la ronda. Eso fue lo \u00faltimo que recordaba, hasta que se despert\u00f3 en la cama de un albergue transitorio, el cual intuy\u00f3 porque ten\u00eda un espejo en el techo.<\/p>\n\n\n\n<p>El joven de 25 a\u00f1os abusaba de ella, seg\u00fan denunci\u00f3. Le dijo que parara, la estaba lastimando, pero no le hizo caso. Continu\u00f3 hasta que por su insistencia decidi\u00f3 dejarla. Cuando ella se vest\u00eda observ\u00f3 que el otro joven estaba con ellos, con la ropa puesta.<\/p>\n\n\n\n<p>Escuch\u00f3 decir que ya estaba todo pago y que la iban a llevar a la casa de su abuela. Cuando la dejaron all\u00ed, ella estaba en shock, comenz\u00f3 a llorar y cont\u00f3 lo que le hab\u00eda pasado. Cuando pudo recuperarse fue a radicar la denuncia.<\/p>\n\n\n\n<p>La joven fue examinada por el m\u00e9dico forense y le realizaron las pericias de rigor ante una denuncia de abuso sexual. La Justicia orden\u00f3 el secuestro de las filmaciones de las c\u00e1maras de seguridad del albergue transitorio.<\/p>\n\n\n\n<p><\/p>\n\n\n\n<p><strong>Fuente: Primera Edici\u00f3n <\/strong><\/p>\n","protected":false},"excerpt":{"rendered":"<p>Luego de entregarse el pasado s\u00e1bado, el joven de 19 a\u00f1os ser\u00e1 llevado al Juzgado de Instrucci\u00f3n 3 de Puerto Iguaz\u00fa. Todav\u00eda hay un pr\u00f3fugo, de 25 a\u00f1os, que se cree estar\u00eda en Buenos Aires. El pasado martes, una joven de 19 a\u00f1os denunci\u00f3 en la Comisar\u00eda de la Mujer de Puerto Iguaz\u00fa, que hab\u00eda [&hellip;]<\/p>\n","protected":false},"author":2,"featured_media":11921,"comment_status":"open","ping_status":"open","sticky":false,"template":"","format":"standard","meta":{"footnotes":""},"categories":[37],"tags":[],"class_list":["post-11920","post","type-post","status-publish","format-standard","has-post-thumbnail","hentry","category-justicia"],"yoast_head":"<!-- This site is optimized with the Yoast SEO plugin v27.4 - https:\/\/yoast.com\/product\/yoast-seo-wordpress\/ -->\n<title>Hoy declara uno de los j\u00f3venes acusados de abusar de una joven | CVI NOTICIAS<\/title>\n<meta name=\"robots\" content=\"index, follow, max-snippet:-1, max-image-preview:large, max-video-preview:-1\" \/>\n<link rel=\"canonical\" href=\"https:\/\/cvinoticias.com\/v3\/hoy-declara-uno-de-los-jovenes-acusados-de-abusar-de-una-joven\/\" \/>\n<meta property=\"og:locale\" content=\"es_ES\" \/>\n<meta property=\"og:type\" content=\"article\" \/>\n<meta property=\"og:title\" content=\"Hoy declara uno de los j\u00f3venes acusados de abusar de una joven | CVI NOTICIAS\" \/>\n<meta property=\"og:description\" content=\"Luego de entregarse el pasado s\u00e1bado, el joven de 19 a\u00f1os ser\u00e1 llevado al Juzgado de Instrucci\u00f3n 3 de Puerto Iguaz\u00fa. Todav\u00eda hay un pr\u00f3fugo, de 25 a\u00f1os, que se cree estar\u00eda en Buenos Aires. El pasado martes, una joven de 19 a\u00f1os denunci\u00f3 en la Comisar\u00eda de la Mujer de Puerto Iguaz\u00fa, que hab\u00eda [&hellip;]\" \/>\n<meta property=\"og:url\" content=\"https:\/\/cvinoticias.com\/v3\/hoy-declara-uno-de-los-jovenes-acusados-de-abusar-de-una-joven\/\" \/>\n<meta property=\"og:site_name\" content=\"CVI NOTICIAS\" \/>\n<meta property=\"article:publisher\" content=\"https:\/\/www.facebook.com\/cvinoticias\" \/>\n<meta property=\"article:published_time\" content=\"2022-01-04T13:57:04+00:00\" \/>\n<meta property=\"og:image\" content=\"https:\/\/cvinoticias.com\/wp-content\/uploads\/2022\/01\/Screenshot_20220104-105629_Facebook.jpg\" \/>\n\t<meta property=\"og:image:width\" content=\"995\" \/>\n\t<meta property=\"og:image:height\" content=\"562\" \/>\n\t<meta property=\"og:image:type\" content=\"image\/jpeg\" \/>\n<meta name=\"author\" content=\"f1000024\" \/>\n<meta name=\"twitter:card\" content=\"summary_large_image\" \/>\n<meta name=\"twitter:label1\" content=\"Escrito por\" \/>\n\t<meta name=\"twitter:data1\" content=\"f1000024\" \/>\n\t<meta name=\"twitter:label2\" content=\"Tiempo de lectura\" \/>\n\t<meta name=\"twitter:data2\" content=\"3 minutos\" \/>\n<script type=\"application\/ld+json\" class=\"yoast-schema-graph\">{\"@context\":\"https:\\\/\\\/schema.org\",\"@graph\":[{\"@type\":\"Article\",\"@id\":\"https:\\\/\\\/cvinoticias.com\\\/v3\\\/hoy-declara-uno-de-los-jovenes-acusados-de-abusar-de-una-joven\\\/#article\",\"isPartOf\":{\"@id\":\"https:\\\/\\\/cvinoticias.com\\\/v3\\\/hoy-declara-uno-de-los-jovenes-acusados-de-abusar-de-una-joven\\\/\"},\"author\":{\"name\":\"f1000024\",\"@id\":\"https:\\\/\\\/cvinoticias.com\\\/v3\\\/#\\\/schema\\\/person\\\/2db77e3c6bc03c538495d7b2b8be9b66\"},\"headline\":\"Hoy declara uno de los j\u00f3venes acusados de abusar de una joven\",\"datePublished\":\"2022-01-04T13:57:04+00:00\",\"mainEntityOfPage\":{\"@id\":\"https:\\\/\\\/cvinoticias.com\\\/v3\\\/hoy-declara-uno-de-los-jovenes-acusados-de-abusar-de-una-joven\\\/\"},\"wordCount\":587,\"commentCount\":0,\"publisher\":{\"@id\":\"https:\\\/\\\/cvinoticias.com\\\/v3\\\/#organization\"},\"image\":{\"@id\":\"https:\\\/\\\/cvinoticias.com\\\/v3\\\/hoy-declara-uno-de-los-jovenes-acusados-de-abusar-de-una-joven\\\/#primaryimage\"},\"thumbnailUrl\":\"https:\\\/\\\/cvinoticias.com\\\/wp-content\\\/uploads\\\/2022\\\/01\\\/Screenshot_20220104-105629_Facebook.jpg\",\"articleSection\":[\"Justicia\"],\"inLanguage\":\"es\",\"potentialAction\":[{\"@type\":\"CommentAction\",\"name\":\"Comment\",\"target\":[\"https:\\\/\\\/cvinoticias.com\\\/v3\\\/hoy-declara-uno-de-los-jovenes-acusados-de-abusar-de-una-joven\\\/#respond\"]}]},{\"@type\":\"WebPage\",\"@id\":\"https:\\\/\\\/cvinoticias.com\\\/v3\\\/hoy-declara-uno-de-los-jovenes-acusados-de-abusar-de-una-joven\\\/\",\"url\":\"https:\\\/\\\/cvinoticias.com\\\/v3\\\/hoy-declara-uno-de-los-jovenes-acusados-de-abusar-de-una-joven\\\/\",\"name\":\"Hoy declara uno de los j\u00f3venes acusados de abusar de una joven | CVI NOTICIAS\",\"isPartOf\":{\"@id\":\"https:\\\/\\\/cvinoticias.com\\\/v3\\\/#website\"},\"primaryImageOfPage\":{\"@id\":\"https:\\\/\\\/cvinoticias.com\\\/v3\\\/hoy-declara-uno-de-los-jovenes-acusados-de-abusar-de-una-joven\\\/#primaryimage\"},\"image\":{\"@id\":\"https:\\\/\\\/cvinoticias.com\\\/v3\\\/hoy-declara-uno-de-los-jovenes-acusados-de-abusar-de-una-joven\\\/#primaryimage\"},\"thumbnailUrl\":\"https:\\\/\\\/cvinoticias.com\\\/wp-content\\\/uploads\\\/2022\\\/01\\\/Screenshot_20220104-105629_Facebook.jpg\",\"datePublished\":\"2022-01-04T13:57:04+00:00\",\"breadcrumb\":{\"@id\":\"https:\\\/\\\/cvinoticias.com\\\/v3\\\/hoy-declara-uno-de-los-jovenes-acusados-de-abusar-de-una-joven\\\/#breadcrumb\"},\"inLanguage\":\"es\",\"potentialAction\":[{\"@type\":\"ReadAction\",\"target\":[\"https:\\\/\\\/cvinoticias.com\\\/v3\\\/hoy-declara-uno-de-los-jovenes-acusados-de-abusar-de-una-joven\\\/\"]}]},{\"@type\":\"ImageObject\",\"inLanguage\":\"es\",\"@id\":\"https:\\\/\\\/cvinoticias.com\\\/v3\\\/hoy-declara-uno-de-los-jovenes-acusados-de-abusar-de-una-joven\\\/#primaryimage\",\"url\":\"https:\\\/\\\/cvinoticias.com\\\/wp-content\\\/uploads\\\/2022\\\/01\\\/Screenshot_20220104-105629_Facebook.jpg\",\"contentUrl\":\"https:\\\/\\\/cvinoticias.com\\\/wp-content\\\/uploads\\\/2022\\\/01\\\/Screenshot_20220104-105629_Facebook.jpg\",\"width\":995,\"height\":562},{\"@type\":\"BreadcrumbList\",\"@id\":\"https:\\\/\\\/cvinoticias.com\\\/v3\\\/hoy-declara-uno-de-los-jovenes-acusados-de-abusar-de-una-joven\\\/#breadcrumb\",\"itemListElement\":[{\"@type\":\"ListItem\",\"position\":1,\"name\":\"Portada\",\"item\":\"https:\\\/\\\/cvinoticias.com\\\/v3\\\/\"},{\"@type\":\"ListItem\",\"position\":2,\"name\":\"Hoy declara uno de los j\u00f3venes acusados de abusar de una joven\"}]},{\"@type\":\"WebSite\",\"@id\":\"https:\\\/\\\/cvinoticias.com\\\/v3\\\/#website\",\"url\":\"https:\\\/\\\/cvinoticias.com\\\/v3\\\/\",\"name\":\"CVI NOTICIAS\",\"description\":\"\",\"publisher\":{\"@id\":\"https:\\\/\\\/cvinoticias.com\\\/v3\\\/#organization\"},\"alternateName\":\"CVI\",\"potentialAction\":[{\"@type\":\"SearchAction\",\"target\":{\"@type\":\"EntryPoint\",\"urlTemplate\":\"https:\\\/\\\/cvinoticias.com\\\/v3\\\/?s={search_term_string}\"},\"query-input\":{\"@type\":\"PropertyValueSpecification\",\"valueRequired\":true,\"valueName\":\"search_term_string\"}}],\"inLanguage\":\"es\"},{\"@type\":\"Organization\",\"@id\":\"https:\\\/\\\/cvinoticias.com\\\/v3\\\/#organization\",\"name\":\"CVI NOTICIAS\",\"url\":\"https:\\\/\\\/cvinoticias.com\\\/v3\\\/\",\"logo\":{\"@type\":\"ImageObject\",\"inLanguage\":\"es\",\"@id\":\"https:\\\/\\\/cvinoticias.com\\\/v3\\\/#\\\/schema\\\/logo\\\/image\\\/\",\"url\":\"https:\\\/\\\/cvinoticias.com\\\/wp-content\\\/uploads\\\/2023\\\/04\\\/cropped-cropped-cropped-cropped-cropped-3-1.png\",\"contentUrl\":\"https:\\\/\\\/cvinoticias.com\\\/wp-content\\\/uploads\\\/2023\\\/04\\\/cropped-cropped-cropped-cropped-cropped-3-1.png\",\"width\":95,\"height\":122,\"caption\":\"CVI NOTICIAS\"},\"image\":{\"@id\":\"https:\\\/\\\/cvinoticias.com\\\/v3\\\/#\\\/schema\\\/logo\\\/image\\\/\"},\"sameAs\":[\"https:\\\/\\\/www.facebook.com\\\/cvinoticias\",\"https:\\\/\\\/www.instagram.com\\\/cvinoticias\\\/\",\"https:\\\/\\\/www.youtube.com\\\/@CVINOTICIAS\"]},{\"@type\":\"Person\",\"@id\":\"https:\\\/\\\/cvinoticias.com\\\/v3\\\/#\\\/schema\\\/person\\\/2db77e3c6bc03c538495d7b2b8be9b66\",\"name\":\"f1000024\",\"image\":{\"@type\":\"ImageObject\",\"inLanguage\":\"es\",\"@id\":\"https:\\\/\\\/secure.gravatar.com\\\/avatar\\\/d4fe7459cfc51ff5129ce1a732bbef5928568b8092d412ef95611616376bbeed?s=96&d=mm&r=g\",\"url\":\"https:\\\/\\\/secure.gravatar.com\\\/avatar\\\/d4fe7459cfc51ff5129ce1a732bbef5928568b8092d412ef95611616376bbeed?s=96&d=mm&r=g\",\"contentUrl\":\"https:\\\/\\\/secure.gravatar.com\\\/avatar\\\/d4fe7459cfc51ff5129ce1a732bbef5928568b8092d412ef95611616376bbeed?s=96&d=mm&r=g\",\"caption\":\"f1000024\"},\"url\":\"https:\\\/\\\/cvinoticias.com\\\/v3\\\/author\\\/f1000024\\\/\"}]}<\/script>\n<!-- \/ Yoast SEO plugin. -->","yoast_head_json":{"title":"Hoy declara uno de los j\u00f3venes acusados de abusar de una joven | CVI NOTICIAS","robots":{"index":"index","follow":"follow","max-snippet":"max-snippet:-1","max-image-preview":"max-image-preview:large","max-video-preview":"max-video-preview:-1"},"canonical":"https:\/\/cvinoticias.com\/v3\/hoy-declara-uno-de-los-jovenes-acusados-de-abusar-de-una-joven\/","og_locale":"es_ES","og_type":"article","og_title":"Hoy declara uno de los j\u00f3venes acusados de abusar de una joven | CVI NOTICIAS","og_description":"Luego de entregarse el pasado s\u00e1bado, el joven de 19 a\u00f1os ser\u00e1 llevado al Juzgado de Instrucci\u00f3n 3 de Puerto Iguaz\u00fa. Todav\u00eda hay un pr\u00f3fugo, de 25 a\u00f1os, que se cree estar\u00eda en Buenos Aires. El pasado martes, una joven de 19 a\u00f1os denunci\u00f3 en la Comisar\u00eda de la Mujer de Puerto Iguaz\u00fa, que hab\u00eda [&hellip;]","og_url":"https:\/\/cvinoticias.com\/v3\/hoy-declara-uno-de-los-jovenes-acusados-de-abusar-de-una-joven\/","og_site_name":"CVI NOTICIAS","article_publisher":"https:\/\/www.facebook.com\/cvinoticias","article_published_time":"2022-01-04T13:57:04+00:00","og_image":[{"width":995,"height":562,"url":"https:\/\/cvinoticias.com\/wp-content\/uploads\/2022\/01\/Screenshot_20220104-105629_Facebook.jpg","type":"image\/jpeg"}],"author":"f1000024","twitter_card":"summary_large_image","twitter_misc":{"Escrito por":"f1000024","Tiempo de lectura":"3 minutos"},"schema":{"@context":"https:\/\/schema.org","@graph":[{"@type":"Article","@id":"https:\/\/cvinoticias.com\/v3\/hoy-declara-uno-de-los-jovenes-acusados-de-abusar-de-una-joven\/#article","isPartOf":{"@id":"https:\/\/cvinoticias.com\/v3\/hoy-declara-uno-de-los-jovenes-acusados-de-abusar-de-una-joven\/"},"author":{"name":"f1000024","@id":"https:\/\/cvinoticias.com\/v3\/#\/schema\/person\/2db77e3c6bc03c538495d7b2b8be9b66"},"headline":"Hoy declara uno de los j\u00f3venes acusados de abusar de una joven","datePublished":"2022-01-04T13:57:04+00:00","mainEntityOfPage":{"@id":"https:\/\/cvinoticias.com\/v3\/hoy-declara-uno-de-los-jovenes-acusados-de-abusar-de-una-joven\/"},"wordCount":587,"commentCount":0,"publisher":{"@id":"https:\/\/cvinoticias.com\/v3\/#organization"},"image":{"@id":"https:\/\/cvinoticias.com\/v3\/hoy-declara-uno-de-los-jovenes-acusados-de-abusar-de-una-joven\/#primaryimage"},"thumbnailUrl":"https:\/\/cvinoticias.com\/wp-content\/uploads\/2022\/01\/Screenshot_20220104-105629_Facebook.jpg","articleSection":["Justicia"],"inLanguage":"es","potentialAction":[{"@type":"CommentAction","name":"Comment","target":["https:\/\/cvinoticias.com\/v3\/hoy-declara-uno-de-los-jovenes-acusados-de-abusar-de-una-joven\/#respond"]}]},{"@type":"WebPage","@id":"https:\/\/cvinoticias.com\/v3\/hoy-declara-uno-de-los-jovenes-acusados-de-abusar-de-una-joven\/","url":"https:\/\/cvinoticias.com\/v3\/hoy-declara-uno-de-los-jovenes-acusados-de-abusar-de-una-joven\/","name":"Hoy declara uno de los j\u00f3venes acusados de abusar de una joven | CVI NOTICIAS","isPartOf":{"@id":"https:\/\/cvinoticias.com\/v3\/#website"},"primaryImageOfPage":{"@id":"https:\/\/cvinoticias.com\/v3\/hoy-declara-uno-de-los-jovenes-acusados-de-abusar-de-una-joven\/#primaryimage"},"image":{"@id":"https:\/\/cvinoticias.com\/v3\/hoy-declara-uno-de-los-jovenes-acusados-de-abusar-de-una-joven\/#primaryimage"},"thumbnailUrl":"https:\/\/cvinoticias.com\/wp-content\/uploads\/2022\/01\/Screenshot_20220104-105629_Facebook.jpg","datePublished":"2022-01-04T13:57:04+00:00","breadcrumb":{"@id":"https:\/\/cvinoticias.com\/v3\/hoy-declara-uno-de-los-jovenes-acusados-de-abusar-de-una-joven\/#breadcrumb"},"inLanguage":"es","potentialAction":[{"@type":"ReadAction","target":["https:\/\/cvinoticias.com\/v3\/hoy-declara-uno-de-los-jovenes-acusados-de-abusar-de-una-joven\/"]}]},{"@type":"ImageObject","inLanguage":"es","@id":"https:\/\/cvinoticias.com\/v3\/hoy-declara-uno-de-los-jovenes-acusados-de-abusar-de-una-joven\/#primaryimage","url":"https:\/\/cvinoticias.com\/wp-content\/uploads\/2022\/01\/Screenshot_20220104-105629_Facebook.jpg","contentUrl":"https:\/\/cvinoticias.com\/wp-content\/uploads\/2022\/01\/Screenshot_20220104-105629_Facebook.jpg","width":995,"height":562},{"@type":"BreadcrumbList","@id":"https:\/\/cvinoticias.com\/v3\/hoy-declara-uno-de-los-jovenes-acusados-de-abusar-de-una-joven\/#breadcrumb","itemListElement":[{"@type":"ListItem","position":1,"name":"Portada","item":"https:\/\/cvinoticias.com\/v3\/"},{"@type":"ListItem","position":2,"name":"Hoy declara uno de los j\u00f3venes acusados de abusar de una joven"}]},{"@type":"WebSite","@id":"https:\/\/cvinoticias.com\/v3\/#website","url":"https:\/\/cvinoticias.com\/v3\/","name":"CVI NOTICIAS","description":"","publisher":{"@id":"https:\/\/cvinoticias.com\/v3\/#organization"},"alternateName":"CVI","potentialAction":[{"@type":"SearchAction","target":{"@type":"EntryPoint","urlTemplate":"https:\/\/cvinoticias.com\/v3\/?s={search_term_string}"},"query-input":{"@type":"PropertyValueSpecification","valueRequired":true,"valueName":"search_term_string"}}],"inLanguage":"es"},{"@type":"Organization","@id":"https:\/\/cvinoticias.com\/v3\/#organization","name":"CVI NOTICIAS","url":"https:\/\/cvinoticias.com\/v3\/","logo":{"@type":"ImageObject","inLanguage":"es","@id":"https:\/\/cvinoticias.com\/v3\/#\/schema\/logo\/image\/","url":"https:\/\/cvinoticias.com\/wp-content\/uploads\/2023\/04\/cropped-cropped-cropped-cropped-cropped-3-1.png","contentUrl":"https:\/\/cvinoticias.com\/wp-content\/uploads\/2023\/04\/cropped-cropped-cropped-cropped-cropped-3-1.png","width":95,"height":122,"caption":"CVI NOTICIAS"},"image":{"@id":"https:\/\/cvinoticias.com\/v3\/#\/schema\/logo\/image\/"},"sameAs":["https:\/\/www.facebook.com\/cvinoticias","https:\/\/www.instagram.com\/cvinoticias\/","https:\/\/www.youtube.com\/@CVINOTICIAS"]},{"@type":"Person","@id":"https:\/\/cvinoticias.com\/v3\/#\/schema\/person\/2db77e3c6bc03c538495d7b2b8be9b66","name":"f1000024","image":{"@type":"ImageObject","inLanguage":"es","@id":"https:\/\/secure.gravatar.com\/avatar\/d4fe7459cfc51ff5129ce1a732bbef5928568b8092d412ef95611616376bbeed?s=96&d=mm&r=g","url":"https:\/\/secure.gravatar.com\/avatar\/d4fe7459cfc51ff5129ce1a732bbef5928568b8092d412ef95611616376bbeed?s=96&d=mm&r=g","contentUrl":"https:\/\/secure.gravatar.com\/avatar\/d4fe7459cfc51ff5129ce1a732bbef5928568b8092d412ef95611616376bbeed?s=96&d=mm&r=g","caption":"f1000024"},"url":"https:\/\/cvinoticias.com\/v3\/author\/f1000024\/"}]}},"_links":{"self":[{"href":"https:\/\/cvinoticias.com\/v3\/wp-json\/wp\/v2\/posts\/11920","targetHints":{"allow":["GET"]}}],"collection":[{"href":"https:\/\/cvinoticias.com\/v3\/wp-json\/wp\/v2\/posts"}],"about":[{"href":"https:\/\/cvinoticias.com\/v3\/wp-json\/wp\/v2\/types\/post"}],"author":[{"embeddable":true,"href":"https:\/\/cvinoticias.com\/v3\/wp-json\/wp\/v2\/users\/2"}],"replies":[{"embeddable":true,"href":"https:\/\/cvinoticias.com\/v3\/wp-json\/wp\/v2\/comments?post=11920"}],"version-history":[{"count":1,"href":"https:\/\/cvinoticias.com\/v3\/wp-json\/wp\/v2\/posts\/11920\/revisions"}],"predecessor-version":[{"id":11922,"href":"https:\/\/cvinoticias.com\/v3\/wp-json\/wp\/v2\/posts\/11920\/revisions\/11922"}],"wp:featuredmedia":[{"embeddable":true,"href":"https:\/\/cvinoticias.com\/v3\/wp-json\/wp\/v2\/media\/11921"}],"wp:attachment":[{"href":"https:\/\/cvinoticias.com\/v3\/wp-json\/wp\/v2\/media?parent=11920"}],"wp:term":[{"taxonomy":"category","embeddable":true,"href":"https:\/\/cvinoticias.com\/v3\/wp-json\/wp\/v2\/categories?post=11920"},{"taxonomy":"post_tag","embeddable":true,"href":"https:\/\/cvinoticias.com\/v3\/wp-json\/wp\/v2\/tags?post=11920"}],"curies":[{"name":"wp","href":"https:\/\/api.w.org\/{rel}","templated":true}]}}